{"id":44411,"date":"2025-10-09T17:51:33","date_gmt":"2025-10-09T20:51:33","guid":{"rendered":"https:\/\/maranhaotv.com.br\/?p=44411"},"modified":"2025-10-09T17:51:33","modified_gmt":"2025-10-09T20:51:33","slug":"carlos-lula-propoe-projeto-de-lei-para-proteger-azulejaria-maranhense-apos-atos-de-vandalismo-no-centro-historico","status":"publish","type":"post","link":"https:\/\/maranhaotv.com.br\/index.php\/2025\/10\/09\/carlos-lula-propoe-projeto-de-lei-para-proteger-azulejaria-maranhense-apos-atos-de-vandalismo-no-centro-historico\/","title":{"rendered":"Carlos Lula prop\u00f5e Projeto de Lei para proteger azulejaria maranhense ap\u00f3s atos de vandalismo no Centro Hist\u00f3rico"},"content":{"rendered":"\n<p><\/p>\n\n\n\n<p><\/p>\n\n\n\n<p>O deputado estadual Carlos Lula (PSB) anunciou, na tribuna da Assembleia Legislativa, nesta quinta-feira (9), a apresenta\u00e7\u00e3o do Projeto de Lei n\u00ba 480\/2025, que institui a Pol\u00edtica Estadual de Defesa, Preserva\u00e7\u00e3o e Valoriza\u00e7\u00e3o da Azulejaria Maranhense. A proposta tem como objetivo proteger e valorizar os azulejos tradicionais, considerados patrim\u00f4nio cultural do estado.<\/p>\n\n\n\n<p>A iniciativa foi motivada por um recente ato de vandalismo ocorrido no Centro Hist\u00f3rico de S\u00e3o Lu\u00eds, quando uma mulher foi flagrada pichando a fachada de um casar\u00e3o hist\u00f3rico. O caso, que ganhou ampla repercuss\u00e3o nas redes sociais, gerou indigna\u00e7\u00e3o e evidenciou a necessidade de medidas mais efetivas de preserva\u00e7\u00e3o.<\/p>\n\n\n\n<p>Durante o pronunciamento, o parlamentar destacou que a picha\u00e7\u00e3o de im\u00f3veis hist\u00f3ricos \u00e9 crime previsto em legisla\u00e7\u00e3o espec\u00edfica e cobrou que a pol\u00edcia identifique a autora para que sejam adotadas as provid\u00eancias cab\u00edveis. Carlos Lula tamb\u00e9m explicou que o projeto n\u00e3o cria cargos nem gera despesas diretas para o Executivo, e foi inspirado na iniciativa \u201cSOS Azulejo\u201d, existente em Lisboa, Portugal.<\/p>\n\n\n\n<p>O deputado ressaltou que as fachadas azulejadas, com suas cores e desenhos caracter\u00edsticos, representam marcas da hist\u00f3ria maranhense. Segundo ele, esse patrim\u00f4nio vem sendo amea\u00e7ado pela a\u00e7\u00e3o do tempo, pelo abandono e pela aus\u00eancia de pol\u00edticas p\u00fablicas espec\u00edficas, e a proposta busca garantir sua preserva\u00e7\u00e3o para as futuras gera\u00e7\u00f5es.<\/p>\n\n\n\n<p>Entre os principais pontos previstos pelo Projeto de Lei n\u00ba 480\/2025 est\u00e3o a cria\u00e7\u00e3o de um invent\u00e1rio estadual do patrim\u00f4nio azulejar, que dever\u00e1 ser p\u00fablico; a implanta\u00e7\u00e3o de um banco p\u00fablico de azulejos e de um reposit\u00f3rio t\u00e9cnico-hist\u00f3rico online, para pesquisa e preserva\u00e7\u00e3o; al\u00e9m da institui\u00e7\u00e3o do Selo Azulejo do Maranh\u00e3o e do Pr\u00eamio Estadual do Patrim\u00f4nio Azulejar, destinados a incentivar a\u00e7\u00f5es de valoriza\u00e7\u00e3o.<\/p>\n\n\n\n<p>O Centro Hist\u00f3rico de S\u00e3o Lu\u00eds \u00e9 reconhecido por sua arquitetura singular e abriga um dos maiores conjuntos de azulejos de origem portuguesa preservados na Am\u00e9rica Latina. Por sua relev\u00e2ncia, foi inclu\u00eddo na lista de Patrim\u00f4nios Culturais da Humanidade da UNESCO, em 1997. No entanto, atos de vandalismo e a falta de conserva\u00e7\u00e3o t\u00eam comprometido sua preserva\u00e7\u00e3o.<\/p>\n\n\n\n<p>Carlos Lula destacou ainda que a preserva\u00e7\u00e3o da azulejaria maranhense \u00e9 um gesto de apre\u00e7o ao passado, um ato de resist\u00eancia e uma responsabilidade com as futuras gera\u00e7\u00f5es. Ele refor\u00e7ou que o esplendor dos azulejos deve continuar iluminando S\u00e3o Lu\u00eds e refletindo o orgulho de ser maranhense, para que epis\u00f3dios de depreda\u00e7\u00e3o n\u00e3o voltem a ocorrer.<\/p>\n","protected":false},"excerpt":{"rendered":"<p>O deputado estadual Carlos Lula (PSB) anunciou, na tribuna da Assembleia Legislativa, nesta quinta-feira (9), a apresenta\u00e7\u00e3o do Projeto de<\/p>\n","protected":false},"author":2,"featured_media":44410,"comment_status":"closed","ping_status":"open","sticky":false,"template":"","format":"standard","meta":{"colormag_page_container_layout":"default_layout","colormag_page_sidebar_layout":"default_layout","_jetpack_memberships_contains_paid_content":false,"footnotes":""},"categories":[6],"tags":[256],"class_list":["post-44411","post","type-post","status-publish","format-standard","has-post-thumbnail","hentry","category-politica","tag-carlos-lula"],"magazineBlocksPostFeaturedMedia":{"thumbnail":"https:\/\/maranhaotv.com.br\/wp-content\/uploads\/2025\/10\/59ae7d50-bfdb-4d1c-9306-06a45bfaf5e3-150x150.jpg","medium":"https:\/\/maranhaotv.com.br\/wp-content\/uploads\/2025\/10\/59ae7d50-bfdb-4d1c-9306-06a45bfaf5e3-300x200.jpg","medium_large":"https:\/\/maranhaotv.com.br\/wp-content\/uploads\/2025\/10\/59ae7d50-bfdb-4d1c-9306-06a45bfaf5e3-768x512.jpg","large":"https:\/\/maranhaotv.com.br\/wp-content\/uploads\/2025\/10\/59ae7d50-bfdb-4d1c-9306-06a45bfaf5e3-1024x683.jpg","1536x1536":"https:\/\/maranhaotv.com.br\/wp-content\/uploads\/2025\/10\/59ae7d50-bfdb-4d1c-9306-06a45bfaf5e3-1536x1025.jpg","2048x2048":"https:\/\/maranhaotv.com.br\/wp-content\/uploads\/2025\/10\/59ae7d50-bfdb-4d1c-9306-06a45bfaf5e3.jpg","colormag-highlighted-post":"https:\/\/maranhaotv.com.br\/wp-content\/uploads\/2025\/10\/59ae7d50-bfdb-4d1c-9306-06a45bfaf5e3-392x272.jpg","colormag-featured-post-medium":"https:\/\/maranhaotv.com.br\/wp-content\/uploads\/2025\/10\/59ae7d50-bfdb-4d1c-9306-06a45bfaf5e3-390x205.jpg","colormag-featured-post-small":"https:\/\/maranhaotv.com.br\/wp-content\/uploads\/2025\/10\/59ae7d50-bfdb-4d1c-9306-06a45bfaf5e3-130x90.jpg","colormag-featured-image":"https:\/\/maranhaotv.com.br\/wp-content\/uploads\/2025\/10\/59ae7d50-bfdb-4d1c-9306-06a45bfaf5e3-800x445.jpg","colormag-default-news":"https:\/\/maranhaotv.com.br\/wp-content\/uploads\/2025\/10\/59ae7d50-bfdb-4d1c-9306-06a45bfaf5e3-150x150.jpg","colormag-featured-image-large":"https:\/\/maranhaotv.com.br\/wp-content\/uploads\/2025\/10\/59ae7d50-bfdb-4d1c-9306-06a45bfaf5e3-1400x600.jpg"},"magazineBlocksPostAuthor":{"name":"maranhaotv","avatar":"https:\/\/secure.gravatar.com\/avatar\/8fadbca458d4cb68b1dd399ae9a40618d747bb1af65ac9fad21c89220a143eb4?s=96&d=mm&r=g"},"magazineBlocksPostCommentsNumber":false,"magazineBlocksPostExcerpt":"O deputado estadual Carlos Lula (PSB) anunciou, na tribuna da Assembleia Legislativa, nesta quinta-feira (9), a apresenta\u00e7\u00e3o do Projeto de","magazineBlocksPostCategories":["pol\u00edtica"],"magazineBlocksPostViewCount":164,"magazineBlocksPostReadTime":3,"magazine_blocks_featured_image_url":{"full":["https:\/\/maranhaotv.com.br\/wp-content\/uploads\/2025\/10\/59ae7d50-bfdb-4d1c-9306-06a45bfaf5e3.jpg",2000,1334,false],"medium":["https:\/\/maranhaotv.com.br\/wp-content\/uploads\/2025\/10\/59ae7d50-bfdb-4d1c-9306-06a45bfaf5e3-300x200.jpg",300,200,true],"thumbnail":["https:\/\/maranhaotv.com.br\/wp-content\/uploads\/2025\/10\/59ae7d50-bfdb-4d1c-9306-06a45bfaf5e3-150x150.jpg",150,150,true]},"magazine_blocks_author":{"display_name":"maranhaotv","author_link":"https:\/\/maranhaotv.com.br\/index.php\/author\/maranhaotv\/"},"magazine_blocks_comment":0,"magazine_blocks_author_image":"https:\/\/secure.gravatar.com\/avatar\/8fadbca458d4cb68b1dd399ae9a40618d747bb1af65ac9fad21c89220a143eb4?s=96&d=mm&r=g","magazine_blocks_category":"<a href=\"#\" class=\"category-link category-link-6\">pol\u00edtica<\/a>","yoast_head":"<!-- This site is optimized with the Yoast SEO plugin v27.4 - https:\/\/yoast.com\/product\/yoast-seo-wordpress\/ -->\n<title>Carlos Lula prop\u00f5e Projeto de Lei para proteger azulejaria maranhense ap\u00f3s atos de vandalismo no Centro Hist\u00f3rico - NOT\u00cdCIAS EM TEMPO REAL<\/title>\n<meta name=\"robots\" content=\"index, follow, max-snippet:-1, max-image-preview:large, max-video-preview:-1\" \/>\n<link rel=\"canonical\" href=\"https:\/\/maranhaotv.com.br\/index.php\/2025\/10\/09\/carlos-lula-propoe-projeto-de-lei-para-proteger-azulejaria-maranhense-apos-atos-de-vandalismo-no-centro-historico\/\" \/>\n<meta property=\"og:locale\" content=\"pt_BR\" \/>\n<meta property=\"og:type\" content=\"article\" \/>\n<meta property=\"og:title\" content=\"Carlos Lula prop\u00f5e Projeto de Lei para proteger azulejaria maranhense ap\u00f3s atos de vandalismo no Centro Hist\u00f3rico - NOT\u00cdCIAS EM TEMPO REAL\" \/>\n<meta property=\"og:description\" content=\"O deputado estadual Carlos Lula (PSB) anunciou, na tribuna da Assembleia Legislativa, nesta quinta-feira (9), a apresenta\u00e7\u00e3o do Projeto de\" \/>\n<meta property=\"og:url\" content=\"https:\/\/maranhaotv.com.br\/index.php\/2025\/10\/09\/carlos-lula-propoe-projeto-de-lei-para-proteger-azulejaria-maranhense-apos-atos-de-vandalismo-no-centro-historico\/\" \/>\n<meta property=\"og:site_name\" content=\"NOT\u00cdCIAS EM TEMPO REAL\" \/>\n<meta property=\"article:publisher\" content=\"https:\/\/www.facebook.com\/maiobaotv\" \/>\n<meta property=\"article:published_time\" content=\"2025-10-09T20:51:33+00:00\" \/>\n<meta property=\"og:image\" content=\"https:\/\/maranhaotv.com.br\/wp-content\/uploads\/2025\/10\/59ae7d50-bfdb-4d1c-9306-06a45bfaf5e3.jpg\" \/>\n\t<meta property=\"og:image:width\" content=\"2000\" \/>\n\t<meta property=\"og:image:height\" content=\"1334\" \/>\n\t<meta property=\"og:image:type\" content=\"image\/jpeg\" \/>\n<meta name=\"author\" content=\"maranhaotv\" \/>\n<meta name=\"twitter:card\" content=\"summary_large_image\" \/>\n<meta name=\"twitter:creator\" content=\"@sitemaranhaotv\" \/>\n<meta name=\"twitter:site\" content=\"@sitemaranhaotv\" \/>\n<meta name=\"twitter:label1\" content=\"Escrito por\" \/>\n\t<meta name=\"twitter:data1\" content=\"maranhaotv\" \/>\n\t<meta name=\"twitter:label2\" content=\"Est. tempo de leitura\" \/>\n\t<meta name=\"twitter:data2\" content=\"2 minutos\" \/>\n<script type=\"application\/ld+json\" class=\"yoast-schema-graph\">{\"@context\":\"https:\\\/\\\/schema.org\",\"@graph\":[{\"@type\":\"Article\",\"@id\":\"https:\\\/\\\/maranhaotv.com.br\\\/index.php\\\/2025\\\/10\\\/09\\\/carlos-lula-propoe-projeto-de-lei-para-proteger-azulejaria-maranhense-apos-atos-de-vandalismo-no-centro-historico\\\/#article\",\"isPartOf\":{\"@id\":\"https:\\\/\\\/maranhaotv.com.br\\\/index.php\\\/2025\\\/10\\\/09\\\/carlos-lula-propoe-projeto-de-lei-para-proteger-azulejaria-maranhense-apos-atos-de-vandalismo-no-centro-historico\\\/\"},\"author\":{\"name\":\"maranhaotv\",\"@id\":\"https:\\\/\\\/maranhaotv.com.br\\\/#\\\/schema\\\/person\\\/3d54238e86b20bb5c89ab2fdb8f8829a\"},\"headline\":\"Carlos Lula prop\u00f5e Projeto de Lei para proteger azulejaria maranhense ap\u00f3s atos de vandalismo no Centro Hist\u00f3rico\",\"datePublished\":\"2025-10-09T20:51:33+00:00\",\"mainEntityOfPage\":{\"@id\":\"https:\\\/\\\/maranhaotv.com.br\\\/index.php\\\/2025\\\/10\\\/09\\\/carlos-lula-propoe-projeto-de-lei-para-proteger-azulejaria-maranhense-apos-atos-de-vandalismo-no-centro-historico\\\/\"},\"wordCount\":474,\"publisher\":{\"@id\":\"https:\\\/\\\/maranhaotv.com.br\\\/#organization\"},\"image\":{\"@id\":\"https:\\\/\\\/maranhaotv.com.br\\\/index.php\\\/2025\\\/10\\\/09\\\/carlos-lula-propoe-projeto-de-lei-para-proteger-azulejaria-maranhense-apos-atos-de-vandalismo-no-centro-historico\\\/#primaryimage\"},\"thumbnailUrl\":\"https:\\\/\\\/maranhaotv.com.br\\\/wp-content\\\/uploads\\\/2025\\\/10\\\/59ae7d50-bfdb-4d1c-9306-06a45bfaf5e3.jpg\",\"keywords\":[\"Carlos Lula\"],\"articleSection\":[\"pol\u00edtica\"],\"inLanguage\":\"pt-BR\"},{\"@type\":\"WebPage\",\"@id\":\"https:\\\/\\\/maranhaotv.com.br\\\/index.php\\\/2025\\\/10\\\/09\\\/carlos-lula-propoe-projeto-de-lei-para-proteger-azulejaria-maranhense-apos-atos-de-vandalismo-no-centro-historico\\\/\",\"url\":\"https:\\\/\\\/maranhaotv.com.br\\\/index.php\\\/2025\\\/10\\\/09\\\/carlos-lula-propoe-projeto-de-lei-para-proteger-azulejaria-maranhense-apos-atos-de-vandalismo-no-centro-historico\\\/\",\"name\":\"Carlos Lula prop\u00f5e Projeto de Lei para proteger azulejaria maranhense ap\u00f3s atos de vandalismo no Centro Hist\u00f3rico - NOT\u00cdCIAS EM TEMPO REAL\",\"isPartOf\":{\"@id\":\"https:\\\/\\\/maranhaotv.com.br\\\/#website\"},\"primaryImageOfPage\":{\"@id\":\"https:\\\/\\\/maranhaotv.com.br\\\/index.php\\\/2025\\\/10\\\/09\\\/carlos-lula-propoe-projeto-de-lei-para-proteger-azulejaria-maranhense-apos-atos-de-vandalismo-no-centro-historico\\\/#primaryimage\"},\"image\":{\"@id\":\"https:\\\/\\\/maranhaotv.com.br\\\/index.php\\\/2025\\\/10\\\/09\\\/carlos-lula-propoe-projeto-de-lei-para-proteger-azulejaria-maranhense-apos-atos-de-vandalismo-no-centro-historico\\\/#primaryimage\"},\"thumbnailUrl\":\"https:\\\/\\\/maranhaotv.com.br\\\/wp-content\\\/uploads\\\/2025\\\/10\\\/59ae7d50-bfdb-4d1c-9306-06a45bfaf5e3.jpg\",\"datePublished\":\"2025-10-09T20:51:33+00:00\",\"breadcrumb\":{\"@id\":\"https:\\\/\\\/maranhaotv.com.br\\\/index.php\\\/2025\\\/10\\\/09\\\/carlos-lula-propoe-projeto-de-lei-para-proteger-azulejaria-maranhense-apos-atos-de-vandalismo-no-centro-historico\\\/#breadcrumb\"},\"inLanguage\":\"pt-BR\",\"potentialAction\":[{\"@type\":\"ReadAction\",\"target\":[\"https:\\\/\\\/maranhaotv.com.br\\\/index.php\\\/2025\\\/10\\\/09\\\/carlos-lula-propoe-projeto-de-lei-para-proteger-azulejaria-maranhense-apos-atos-de-vandalismo-no-centro-historico\\\/\"]}]},{\"@type\":\"ImageObject\",\"inLanguage\":\"pt-BR\",\"@id\":\"https:\\\/\\\/maranhaotv.com.br\\\/index.php\\\/2025\\\/10\\\/09\\\/carlos-lula-propoe-projeto-de-lei-para-proteger-azulejaria-maranhense-apos-atos-de-vandalismo-no-centro-historico\\\/#primaryimage\",\"url\":\"https:\\\/\\\/maranhaotv.com.br\\\/wp-content\\\/uploads\\\/2025\\\/10\\\/59ae7d50-bfdb-4d1c-9306-06a45bfaf5e3.jpg\",\"contentUrl\":\"https:\\\/\\\/maranhaotv.com.br\\\/wp-content\\\/uploads\\\/2025\\\/10\\\/59ae7d50-bfdb-4d1c-9306-06a45bfaf5e3.jpg\",\"width\":2000,\"height\":1334},{\"@type\":\"BreadcrumbList\",\"@id\":\"https:\\\/\\\/maranhaotv.com.br\\\/index.php\\\/2025\\\/10\\\/09\\\/carlos-lula-propoe-projeto-de-lei-para-proteger-azulejaria-maranhense-apos-atos-de-vandalismo-no-centro-historico\\\/#breadcrumb\",\"itemListElement\":[{\"@type\":\"ListItem\",\"position\":1,\"name\":\"In\u00edcio\",\"item\":\"https:\\\/\\\/maranhaotv.com.br\\\/\"},{\"@type\":\"ListItem\",\"position\":2,\"name\":\"Carlos Lula prop\u00f5e Projeto de Lei para proteger azulejaria maranhense ap\u00f3s atos de vandalismo no Centro Hist\u00f3rico\"}]},{\"@type\":\"WebSite\",\"@id\":\"https:\\\/\\\/maranhaotv.com.br\\\/#website\",\"url\":\"https:\\\/\\\/maranhaotv.com.br\\\/\",\"name\":\"Maranh\u00e3oTV\",\"description\":\"\",\"publisher\":{\"@id\":\"https:\\\/\\\/maranhaotv.com.br\\\/#organization\"},\"potentialAction\":[{\"@type\":\"SearchAction\",\"target\":{\"@type\":\"EntryPoint\",\"urlTemplate\":\"https:\\\/\\\/maranhaotv.com.br\\\/?s={search_term_string}\"},\"query-input\":{\"@type\":\"PropertyValueSpecification\",\"valueRequired\":true,\"valueName\":\"search_term_string\"}}],\"inLanguage\":\"pt-BR\"},{\"@type\":\"Organization\",\"@id\":\"https:\\\/\\\/maranhaotv.com.br\\\/#organization\",\"name\":\"Portal de Not\u00edcias\",\"url\":\"https:\\\/\\\/maranhaotv.com.br\\\/\",\"logo\":{\"@type\":\"ImageObject\",\"inLanguage\":\"pt-BR\",\"@id\":\"https:\\\/\\\/maranhaotv.com.br\\\/#\\\/schema\\\/logo\\\/image\\\/\",\"url\":\"https:\\\/\\\/maranhaotv.com.br\\\/wp-content\\\/uploads\\\/2024\\\/05\\\/cropped-cropped-avatar-1.png\",\"contentUrl\":\"https:\\\/\\\/maranhaotv.com.br\\\/wp-content\\\/uploads\\\/2024\\\/05\\\/cropped-cropped-avatar-1.png\",\"width\":792,\"height\":428,\"caption\":\"Portal de Not\u00edcias\"},\"image\":{\"@id\":\"https:\\\/\\\/maranhaotv.com.br\\\/#\\\/schema\\\/logo\\\/image\\\/\"},\"sameAs\":[\"https:\\\/\\\/www.facebook.com\\\/maiobaotv\",\"https:\\\/\\\/x.com\\\/sitemaranhaotv\",\"https:\\\/\\\/www.instagram.com\\\/maranhao.tv\",\"https:\\\/\\\/www.threads.net\\\/@maranhao.tv\"]},{\"@type\":\"Person\",\"@id\":\"https:\\\/\\\/maranhaotv.com.br\\\/#\\\/schema\\\/person\\\/3d54238e86b20bb5c89ab2fdb8f8829a\",\"name\":\"maranhaotv\",\"image\":{\"@type\":\"ImageObject\",\"inLanguage\":\"pt-BR\",\"@id\":\"https:\\\/\\\/secure.gravatar.com\\\/avatar\\\/8fadbca458d4cb68b1dd399ae9a40618d747bb1af65ac9fad21c89220a143eb4?s=96&d=mm&r=g\",\"url\":\"https:\\\/\\\/secure.gravatar.com\\\/avatar\\\/8fadbca458d4cb68b1dd399ae9a40618d747bb1af65ac9fad21c89220a143eb4?s=96&d=mm&r=g\",\"contentUrl\":\"https:\\\/\\\/secure.gravatar.com\\\/avatar\\\/8fadbca458d4cb68b1dd399ae9a40618d747bb1af65ac9fad21c89220a143eb4?s=96&d=mm&r=g\",\"caption\":\"maranhaotv\"},\"sameAs\":[\"https:\\\/\\\/maranhaotv.com.br\\\/\"],\"url\":\"https:\\\/\\\/maranhaotv.com.br\\\/index.php\\\/author\\\/maranhaotv\\\/\"}]}<\/script>\n<!-- \/ Yoast SEO plugin. -->","yoast_head_json":{"title":"Carlos Lula prop\u00f5e Projeto de Lei para proteger azulejaria maranhense ap\u00f3s atos de vandalismo no Centro Hist\u00f3rico - NOT\u00cdCIAS EM TEMPO REAL","robots":{"index":"index","follow":"follow","max-snippet":"max-snippet:-1","max-image-preview":"max-image-preview:large","max-video-preview":"max-video-preview:-1"},"canonical":"https:\/\/maranhaotv.com.br\/index.php\/2025\/10\/09\/carlos-lula-propoe-projeto-de-lei-para-proteger-azulejaria-maranhense-apos-atos-de-vandalismo-no-centro-historico\/","og_locale":"pt_BR","og_type":"article","og_title":"Carlos Lula prop\u00f5e Projeto de Lei para proteger azulejaria maranhense ap\u00f3s atos de vandalismo no Centro Hist\u00f3rico - NOT\u00cdCIAS EM TEMPO REAL","og_description":"O deputado estadual Carlos Lula (PSB) anunciou, na tribuna da Assembleia Legislativa, nesta quinta-feira (9), a apresenta\u00e7\u00e3o do Projeto de","og_url":"https:\/\/maranhaotv.com.br\/index.php\/2025\/10\/09\/carlos-lula-propoe-projeto-de-lei-para-proteger-azulejaria-maranhense-apos-atos-de-vandalismo-no-centro-historico\/","og_site_name":"NOT\u00cdCIAS EM TEMPO REAL","article_publisher":"https:\/\/www.facebook.com\/maiobaotv","article_published_time":"2025-10-09T20:51:33+00:00","og_image":[{"width":2000,"height":1334,"url":"https:\/\/maranhaotv.com.br\/wp-content\/uploads\/2025\/10\/59ae7d50-bfdb-4d1c-9306-06a45bfaf5e3.jpg","type":"image\/jpeg"}],"author":"maranhaotv","twitter_card":"summary_large_image","twitter_creator":"@sitemaranhaotv","twitter_site":"@sitemaranhaotv","twitter_misc":{"Escrito por":"maranhaotv","Est. tempo de leitura":"2 minutos"},"schema":{"@context":"https:\/\/schema.org","@graph":[{"@type":"Article","@id":"https:\/\/maranhaotv.com.br\/index.php\/2025\/10\/09\/carlos-lula-propoe-projeto-de-lei-para-proteger-azulejaria-maranhense-apos-atos-de-vandalismo-no-centro-historico\/#article","isPartOf":{"@id":"https:\/\/maranhaotv.com.br\/index.php\/2025\/10\/09\/carlos-lula-propoe-projeto-de-lei-para-proteger-azulejaria-maranhense-apos-atos-de-vandalismo-no-centro-historico\/"},"author":{"name":"maranhaotv","@id":"https:\/\/maranhaotv.com.br\/#\/schema\/person\/3d54238e86b20bb5c89ab2fdb8f8829a"},"headline":"Carlos Lula prop\u00f5e Projeto de Lei para proteger azulejaria maranhense ap\u00f3s atos de vandalismo no Centro Hist\u00f3rico","datePublished":"2025-10-09T20:51:33+00:00","mainEntityOfPage":{"@id":"https:\/\/maranhaotv.com.br\/index.php\/2025\/10\/09\/carlos-lula-propoe-projeto-de-lei-para-proteger-azulejaria-maranhense-apos-atos-de-vandalismo-no-centro-historico\/"},"wordCount":474,"publisher":{"@id":"https:\/\/maranhaotv.com.br\/#organization"},"image":{"@id":"https:\/\/maranhaotv.com.br\/index.php\/2025\/10\/09\/carlos-lula-propoe-projeto-de-lei-para-proteger-azulejaria-maranhense-apos-atos-de-vandalismo-no-centro-historico\/#primaryimage"},"thumbnailUrl":"https:\/\/maranhaotv.com.br\/wp-content\/uploads\/2025\/10\/59ae7d50-bfdb-4d1c-9306-06a45bfaf5e3.jpg","keywords":["Carlos Lula"],"articleSection":["pol\u00edtica"],"inLanguage":"pt-BR"},{"@type":"WebPage","@id":"https:\/\/maranhaotv.com.br\/index.php\/2025\/10\/09\/carlos-lula-propoe-projeto-de-lei-para-proteger-azulejaria-maranhense-apos-atos-de-vandalismo-no-centro-historico\/","url":"https:\/\/maranhaotv.com.br\/index.php\/2025\/10\/09\/carlos-lula-propoe-projeto-de-lei-para-proteger-azulejaria-maranhense-apos-atos-de-vandalismo-no-centro-historico\/","name":"Carlos Lula prop\u00f5e Projeto de Lei para proteger azulejaria maranhense ap\u00f3s atos de vandalismo no Centro Hist\u00f3rico - NOT\u00cdCIAS EM TEMPO REAL","isPartOf":{"@id":"https:\/\/maranhaotv.com.br\/#website"},"primaryImageOfPage":{"@id":"https:\/\/maranhaotv.com.br\/index.php\/2025\/10\/09\/carlos-lula-propoe-projeto-de-lei-para-proteger-azulejaria-maranhense-apos-atos-de-vandalismo-no-centro-historico\/#primaryimage"},"image":{"@id":"https:\/\/maranhaotv.com.br\/index.php\/2025\/10\/09\/carlos-lula-propoe-projeto-de-lei-para-proteger-azulejaria-maranhense-apos-atos-de-vandalismo-no-centro-historico\/#primaryimage"},"thumbnailUrl":"https:\/\/maranhaotv.com.br\/wp-content\/uploads\/2025\/10\/59ae7d50-bfdb-4d1c-9306-06a45bfaf5e3.jpg","datePublished":"2025-10-09T20:51:33+00:00","breadcrumb":{"@id":"https:\/\/maranhaotv.com.br\/index.php\/2025\/10\/09\/carlos-lula-propoe-projeto-de-lei-para-proteger-azulejaria-maranhense-apos-atos-de-vandalismo-no-centro-historico\/#breadcrumb"},"inLanguage":"pt-BR","potentialAction":[{"@type":"ReadAction","target":["https:\/\/maranhaotv.com.br\/index.php\/2025\/10\/09\/carlos-lula-propoe-projeto-de-lei-para-proteger-azulejaria-maranhense-apos-atos-de-vandalismo-no-centro-historico\/"]}]},{"@type":"ImageObject","inLanguage":"pt-BR","@id":"https:\/\/maranhaotv.com.br\/index.php\/2025\/10\/09\/carlos-lula-propoe-projeto-de-lei-para-proteger-azulejaria-maranhense-apos-atos-de-vandalismo-no-centro-historico\/#primaryimage","url":"https:\/\/maranhaotv.com.br\/wp-content\/uploads\/2025\/10\/59ae7d50-bfdb-4d1c-9306-06a45bfaf5e3.jpg","contentUrl":"https:\/\/maranhaotv.com.br\/wp-content\/uploads\/2025\/10\/59ae7d50-bfdb-4d1c-9306-06a45bfaf5e3.jpg","width":2000,"height":1334},{"@type":"BreadcrumbList","@id":"https:\/\/maranhaotv.com.br\/index.php\/2025\/10\/09\/carlos-lula-propoe-projeto-de-lei-para-proteger-azulejaria-maranhense-apos-atos-de-vandalismo-no-centro-historico\/#breadcrumb","itemListElement":[{"@type":"ListItem","position":1,"name":"In\u00edcio","item":"https:\/\/maranhaotv.com.br\/"},{"@type":"ListItem","position":2,"name":"Carlos Lula prop\u00f5e Projeto de Lei para proteger azulejaria maranhense ap\u00f3s atos de vandalismo no Centro Hist\u00f3rico"}]},{"@type":"WebSite","@id":"https:\/\/maranhaotv.com.br\/#website","url":"https:\/\/maranhaotv.com.br\/","name":"Maranh\u00e3oTV","description":"","publisher":{"@id":"https:\/\/maranhaotv.com.br\/#organization"},"potentialAction":[{"@type":"SearchAction","target":{"@type":"EntryPoint","urlTemplate":"https:\/\/maranhaotv.com.br\/?s={search_term_string}"},"query-input":{"@type":"PropertyValueSpecification","valueRequired":true,"valueName":"search_term_string"}}],"inLanguage":"pt-BR"},{"@type":"Organization","@id":"https:\/\/maranhaotv.com.br\/#organization","name":"Portal de Not\u00edcias","url":"https:\/\/maranhaotv.com.br\/","logo":{"@type":"ImageObject","inLanguage":"pt-BR","@id":"https:\/\/maranhaotv.com.br\/#\/schema\/logo\/image\/","url":"https:\/\/maranhaotv.com.br\/wp-content\/uploads\/2024\/05\/cropped-cropped-avatar-1.png","contentUrl":"https:\/\/maranhaotv.com.br\/wp-content\/uploads\/2024\/05\/cropped-cropped-avatar-1.png","width":792,"height":428,"caption":"Portal de Not\u00edcias"},"image":{"@id":"https:\/\/maranhaotv.com.br\/#\/schema\/logo\/image\/"},"sameAs":["https:\/\/www.facebook.com\/maiobaotv","https:\/\/x.com\/sitemaranhaotv","https:\/\/www.instagram.com\/maranhao.tv","https:\/\/www.threads.net\/@maranhao.tv"]},{"@type":"Person","@id":"https:\/\/maranhaotv.com.br\/#\/schema\/person\/3d54238e86b20bb5c89ab2fdb8f8829a","name":"maranhaotv","image":{"@type":"ImageObject","inLanguage":"pt-BR","@id":"https:\/\/secure.gravatar.com\/avatar\/8fadbca458d4cb68b1dd399ae9a40618d747bb1af65ac9fad21c89220a143eb4?s=96&d=mm&r=g","url":"https:\/\/secure.gravatar.com\/avatar\/8fadbca458d4cb68b1dd399ae9a40618d747bb1af65ac9fad21c89220a143eb4?s=96&d=mm&r=g","contentUrl":"https:\/\/secure.gravatar.com\/avatar\/8fadbca458d4cb68b1dd399ae9a40618d747bb1af65ac9fad21c89220a143eb4?s=96&d=mm&r=g","caption":"maranhaotv"},"sameAs":["https:\/\/maranhaotv.com.br\/"],"url":"https:\/\/maranhaotv.com.br\/index.php\/author\/maranhaotv\/"}]}},"jetpack_featured_media_url":"https:\/\/maranhaotv.com.br\/wp-content\/uploads\/2025\/10\/59ae7d50-bfdb-4d1c-9306-06a45bfaf5e3.jpg","jetpack_sharing_enabled":true,"_links":{"self":[{"href":"https:\/\/maranhaotv.com.br\/index.php\/wp-json\/wp\/v2\/posts\/44411","targetHints":{"allow":["GET"]}}],"collection":[{"href":"https:\/\/maranhaotv.com.br\/index.php\/wp-json\/wp\/v2\/posts"}],"about":[{"href":"https:\/\/maranhaotv.com.br\/index.php\/wp-json\/wp\/v2\/types\/post"}],"author":[{"embeddable":true,"href":"https:\/\/maranhaotv.com.br\/index.php\/wp-json\/wp\/v2\/users\/2"}],"replies":[{"embeddable":true,"href":"https:\/\/maranhaotv.com.br\/index.php\/wp-json\/wp\/v2\/comments?post=44411"}],"version-history":[{"count":1,"href":"https:\/\/maranhaotv.com.br\/index.php\/wp-json\/wp\/v2\/posts\/44411\/revisions"}],"predecessor-version":[{"id":44412,"href":"https:\/\/maranhaotv.com.br\/index.php\/wp-json\/wp\/v2\/posts\/44411\/revisions\/44412"}],"wp:featuredmedia":[{"embeddable":true,"href":"https:\/\/maranhaotv.com.br\/index.php\/wp-json\/wp\/v2\/media\/44410"}],"wp:attachment":[{"href":"https:\/\/maranhaotv.com.br\/index.php\/wp-json\/wp\/v2\/media?parent=44411"}],"wp:term":[{"taxonomy":"category","embeddable":true,"href":"https:\/\/maranhaotv.com.br\/index.php\/wp-json\/wp\/v2\/categories?post=44411"},{"taxonomy":"post_tag","embeddable":true,"href":"https:\/\/maranhaotv.com.br\/index.php\/wp-json\/wp\/v2\/tags?post=44411"}],"curies":[{"name":"wp","href":"https:\/\/api.w.org\/{rel}","templated":true}]}}