{"id":44420,"date":"2025-10-10T10:22:53","date_gmt":"2025-10-10T13:22:53","guid":{"rendered":"https:\/\/maranhaotv.com.br\/?p=44420"},"modified":"2025-10-10T10:22:53","modified_gmt":"2025-10-10T13:22:53","slug":"sao-luis-passa-a-contar-com-rota-regular-inedita-para-congonhas","status":"publish","type":"post","link":"https:\/\/maranhaotv.com.br\/index.php\/2025\/10\/10\/sao-luis-passa-a-contar-com-rota-regular-inedita-para-congonhas\/","title":{"rendered":"S\u00e3o Lu\u00eds passa a contar com rota regular in\u00e9dita para Congonhas"},"content":{"rendered":"\n<p><\/p>\n\n\n\n<p>A capital maranhense vai contar, pela primeira vez, com um voo regular entre o Aeroporto de S\u00e3o Lu\u00eds e o Aeroporto de Congonhas (SP), localizado no cora\u00e7\u00e3o de S\u00e3o Paulo, um dos terminais mais movimentados e estrat\u00e9gicos do pa\u00eds. Operada pela Latam Airlines, a nova rota inicia no dia 27 de outubro. A novidade est\u00e1 entre as sete novas rotas anunciadas pela Motiva Aeroportos em sua rede, ampliando a conectividade entre diferentes cidades brasileiras.<\/p>\n\n\n\n<p>Com estimativa de 176 assentos por voo, a nova rota representa um marco para os ludovicenses, que ganham mais agilidade, comodidade e acesso direto ao principal centro econ\u00f4mico do Brasil, sem a necessidade de conex\u00f5es em Guarulhos ou Viracopos.<\/p>\n\n\n\n<p>Segundo especialistas do setor, a nova liga\u00e7\u00e3o a\u00e9rea deve impulsionar significativamente o turismo de lazer e de neg\u00f3cios, al\u00e9m de abrir novas oportunidades para o com\u00e9rcio, investimentos e parcerias estrat\u00e9gicas. \u201cEssa \u00e9 uma conquista importante porque reduz o tempo de deslocamento e oferece mais comodidade ao passageiro. A conectividade entre S\u00e3o Lu\u00eds e Congonhas fortalece a integra\u00e7\u00e3o da nossa capital com S\u00e3o Paulo e abre novas possibilidades de turismo, com\u00e9rcio e neg\u00f3cios\u201d, destaca Marcelo Angelim, gerente do Aeroporto de S\u00e3o Lu\u00eds.<\/p>\n\n\n\n<p>A Motiva Aeroportos refor\u00e7a que a amplia\u00e7\u00e3o da malha a\u00e9rea \u00e9 fruto de parcerias com companhias a\u00e9reas e de investimentos em infraestrutura, que tornam o Aeroporto de S\u00e3o Lu\u00eds cada vez mais preparado para atender \u00e0s demandas dos maranhenses e de visitantes.<\/p>\n","protected":false},"excerpt":{"rendered":"<p>A capital maranhense vai contar, pela primeira vez, com um voo regular entre o Aeroporto de S\u00e3o Lu\u00eds e o<\/p>\n","protected":false},"author":2,"featured_media":44419,"comment_status":"closed","ping_status":"open","sticky":false,"template":"","format":"standard","meta":{"colormag_page_container_layout":"default_layout","colormag_page_sidebar_layout":"default_layout","_jetpack_memberships_contains_paid_content":false,"footnotes":""},"categories":[139],"tags":[],"class_list":["post-44420","post","type-post","status-publish","format-standard","has-post-thumbnail","hentry","category-economia"],"magazineBlocksPostFeaturedMedia":{"thumbnail":"https:\/\/maranhaotv.com.br\/wp-content\/uploads\/2025\/10\/9347beec-3061-430f-b009-f1075eb1d3dc-150x150.jpg","medium":"https:\/\/maranhaotv.com.br\/wp-content\/uploads\/2025\/10\/9347beec-3061-430f-b009-f1075eb1d3dc-300x198.jpg","medium_large":"https:\/\/maranhaotv.com.br\/wp-content\/uploads\/2025\/10\/9347beec-3061-430f-b009-f1075eb1d3dc-768x508.jpg","large":"https:\/\/maranhaotv.com.br\/wp-content\/uploads\/2025\/10\/9347beec-3061-430f-b009-f1075eb1d3dc.jpg","1536x1536":"https:\/\/maranhaotv.com.br\/wp-content\/uploads\/2025\/10\/9347beec-3061-430f-b009-f1075eb1d3dc.jpg","2048x2048":"https:\/\/maranhaotv.com.br\/wp-content\/uploads\/2025\/10\/9347beec-3061-430f-b009-f1075eb1d3dc.jpg","colormag-highlighted-post":"https:\/\/maranhaotv.com.br\/wp-content\/uploads\/2025\/10\/9347beec-3061-430f-b009-f1075eb1d3dc-392x272.jpg","colormag-featured-post-medium":"https:\/\/maranhaotv.com.br\/wp-content\/uploads\/2025\/10\/9347beec-3061-430f-b009-f1075eb1d3dc-390x205.jpg","colormag-featured-post-small":"https:\/\/maranhaotv.com.br\/wp-content\/uploads\/2025\/10\/9347beec-3061-430f-b009-f1075eb1d3dc-130x90.jpg","colormag-featured-image":"https:\/\/maranhaotv.com.br\/wp-content\/uploads\/2025\/10\/9347beec-3061-430f-b009-f1075eb1d3dc-800x445.jpg","colormag-default-news":"https:\/\/maranhaotv.com.br\/wp-content\/uploads\/2025\/10\/9347beec-3061-430f-b009-f1075eb1d3dc-150x150.jpg","colormag-featured-image-large":"https:\/\/maranhaotv.com.br\/wp-content\/uploads\/2025\/10\/9347beec-3061-430f-b009-f1075eb1d3dc-1024x600.jpg"},"magazineBlocksPostAuthor":{"name":"maranhaotv","avatar":"https:\/\/secure.gravatar.com\/avatar\/8fadbca458d4cb68b1dd399ae9a40618d747bb1af65ac9fad21c89220a143eb4?s=96&d=mm&r=g"},"magazineBlocksPostCommentsNumber":false,"magazineBlocksPostExcerpt":"A capital maranhense vai contar, pela primeira vez, com um voo regular entre o Aeroporto de S\u00e3o Lu\u00eds e o","magazineBlocksPostCategories":["economia"],"magazineBlocksPostViewCount":202,"magazineBlocksPostReadTime":2,"magazine_blocks_featured_image_url":{"full":["https:\/\/maranhaotv.com.br\/wp-content\/uploads\/2025\/10\/9347beec-3061-430f-b009-f1075eb1d3dc.jpg",1024,677,false],"medium":["https:\/\/maranhaotv.com.br\/wp-content\/uploads\/2025\/10\/9347beec-3061-430f-b009-f1075eb1d3dc-300x198.jpg",300,198,true],"thumbnail":["https:\/\/maranhaotv.com.br\/wp-content\/uploads\/2025\/10\/9347beec-3061-430f-b009-f1075eb1d3dc-150x150.jpg",150,150,true]},"magazine_blocks_author":{"display_name":"maranhaotv","author_link":"https:\/\/maranhaotv.com.br\/index.php\/author\/maranhaotv\/"},"magazine_blocks_comment":0,"magazine_blocks_author_image":"https:\/\/secure.gravatar.com\/avatar\/8fadbca458d4cb68b1dd399ae9a40618d747bb1af65ac9fad21c89220a143eb4?s=96&d=mm&r=g","magazine_blocks_category":"<a href=\"#\" class=\"category-link category-link-139\">economia<\/a>","yoast_head":"<!-- This site is optimized with the Yoast SEO plugin v27.4 - https:\/\/yoast.com\/product\/yoast-seo-wordpress\/ -->\n<title>S\u00e3o Lu\u00eds passa a contar com rota regular in\u00e9dita para Congonhas - NOT\u00cdCIAS EM TEMPO REAL<\/title>\n<meta name=\"robots\" content=\"index, follow, max-snippet:-1, max-image-preview:large, max-video-preview:-1\" \/>\n<link rel=\"canonical\" href=\"https:\/\/maranhaotv.com.br\/index.php\/2025\/10\/10\/sao-luis-passa-a-contar-com-rota-regular-inedita-para-congonhas\/\" \/>\n<meta property=\"og:locale\" content=\"pt_BR\" \/>\n<meta property=\"og:type\" content=\"article\" \/>\n<meta property=\"og:title\" content=\"S\u00e3o Lu\u00eds passa a contar com rota regular in\u00e9dita para Congonhas - NOT\u00cdCIAS EM TEMPO REAL\" \/>\n<meta property=\"og:description\" content=\"A capital maranhense vai contar, pela primeira vez, com um voo regular entre o Aeroporto de S\u00e3o Lu\u00eds e o\" \/>\n<meta property=\"og:url\" content=\"https:\/\/maranhaotv.com.br\/index.php\/2025\/10\/10\/sao-luis-passa-a-contar-com-rota-regular-inedita-para-congonhas\/\" \/>\n<meta property=\"og:site_name\" content=\"NOT\u00cdCIAS EM TEMPO REAL\" \/>\n<meta property=\"article:publisher\" content=\"https:\/\/www.facebook.com\/maiobaotv\" \/>\n<meta property=\"article:published_time\" content=\"2025-10-10T13:22:53+00:00\" \/>\n<meta property=\"og:image\" content=\"https:\/\/maranhaotv.com.br\/wp-content\/uploads\/2025\/10\/9347beec-3061-430f-b009-f1075eb1d3dc.jpg\" \/>\n\t<meta property=\"og:image:width\" content=\"1024\" \/>\n\t<meta property=\"og:image:height\" content=\"677\" \/>\n\t<meta property=\"og:image:type\" content=\"image\/jpeg\" \/>\n<meta name=\"author\" content=\"maranhaotv\" \/>\n<meta name=\"twitter:card\" content=\"summary_large_image\" \/>\n<meta name=\"twitter:creator\" content=\"@sitemaranhaotv\" \/>\n<meta name=\"twitter:site\" content=\"@sitemaranhaotv\" \/>\n<meta name=\"twitter:label1\" content=\"Escrito por\" \/>\n\t<meta name=\"twitter:data1\" content=\"maranhaotv\" \/>\n\t<meta name=\"twitter:label2\" content=\"Est. tempo de leitura\" \/>\n\t<meta name=\"twitter:data2\" content=\"1 minuto\" \/>\n<script type=\"application\/ld+json\" class=\"yoast-schema-graph\">{\"@context\":\"https:\\\/\\\/schema.org\",\"@graph\":[{\"@type\":\"Article\",\"@id\":\"https:\\\/\\\/maranhaotv.com.br\\\/index.php\\\/2025\\\/10\\\/10\\\/sao-luis-passa-a-contar-com-rota-regular-inedita-para-congonhas\\\/#article\",\"isPartOf\":{\"@id\":\"https:\\\/\\\/maranhaotv.com.br\\\/index.php\\\/2025\\\/10\\\/10\\\/sao-luis-passa-a-contar-com-rota-regular-inedita-para-congonhas\\\/\"},\"author\":{\"name\":\"maranhaotv\",\"@id\":\"https:\\\/\\\/maranhaotv.com.br\\\/#\\\/schema\\\/person\\\/3d54238e86b20bb5c89ab2fdb8f8829a\"},\"headline\":\"S\u00e3o Lu\u00eds passa a contar com rota regular in\u00e9dita para Congonhas\",\"datePublished\":\"2025-10-10T13:22:53+00:00\",\"mainEntityOfPage\":{\"@id\":\"https:\\\/\\\/maranhaotv.com.br\\\/index.php\\\/2025\\\/10\\\/10\\\/sao-luis-passa-a-contar-com-rota-regular-inedita-para-congonhas\\\/\"},\"wordCount\":274,\"publisher\":{\"@id\":\"https:\\\/\\\/maranhaotv.com.br\\\/#organization\"},\"image\":{\"@id\":\"https:\\\/\\\/maranhaotv.com.br\\\/index.php\\\/2025\\\/10\\\/10\\\/sao-luis-passa-a-contar-com-rota-regular-inedita-para-congonhas\\\/#primaryimage\"},\"thumbnailUrl\":\"https:\\\/\\\/maranhaotv.com.br\\\/wp-content\\\/uploads\\\/2025\\\/10\\\/9347beec-3061-430f-b009-f1075eb1d3dc.jpg\",\"articleSection\":[\"economia\"],\"inLanguage\":\"pt-BR\"},{\"@type\":\"WebPage\",\"@id\":\"https:\\\/\\\/maranhaotv.com.br\\\/index.php\\\/2025\\\/10\\\/10\\\/sao-luis-passa-a-contar-com-rota-regular-inedita-para-congonhas\\\/\",\"url\":\"https:\\\/\\\/maranhaotv.com.br\\\/index.php\\\/2025\\\/10\\\/10\\\/sao-luis-passa-a-contar-com-rota-regular-inedita-para-congonhas\\\/\",\"name\":\"S\u00e3o Lu\u00eds passa a contar com rota regular in\u00e9dita para Congonhas - NOT\u00cdCIAS EM TEMPO REAL\",\"isPartOf\":{\"@id\":\"https:\\\/\\\/maranhaotv.com.br\\\/#website\"},\"primaryImageOfPage\":{\"@id\":\"https:\\\/\\\/maranhaotv.com.br\\\/index.php\\\/2025\\\/10\\\/10\\\/sao-luis-passa-a-contar-com-rota-regular-inedita-para-congonhas\\\/#primaryimage\"},\"image\":{\"@id\":\"https:\\\/\\\/maranhaotv.com.br\\\/index.php\\\/2025\\\/10\\\/10\\\/sao-luis-passa-a-contar-com-rota-regular-inedita-para-congonhas\\\/#primaryimage\"},\"thumbnailUrl\":\"https:\\\/\\\/maranhaotv.com.br\\\/wp-content\\\/uploads\\\/2025\\\/10\\\/9347beec-3061-430f-b009-f1075eb1d3dc.jpg\",\"datePublished\":\"2025-10-10T13:22:53+00:00\",\"breadcrumb\":{\"@id\":\"https:\\\/\\\/maranhaotv.com.br\\\/index.php\\\/2025\\\/10\\\/10\\\/sao-luis-passa-a-contar-com-rota-regular-inedita-para-congonhas\\\/#breadcrumb\"},\"inLanguage\":\"pt-BR\",\"potentialAction\":[{\"@type\":\"ReadAction\",\"target\":[\"https:\\\/\\\/maranhaotv.com.br\\\/index.php\\\/2025\\\/10\\\/10\\\/sao-luis-passa-a-contar-com-rota-regular-inedita-para-congonhas\\\/\"]}]},{\"@type\":\"ImageObject\",\"inLanguage\":\"pt-BR\",\"@id\":\"https:\\\/\\\/maranhaotv.com.br\\\/index.php\\\/2025\\\/10\\\/10\\\/sao-luis-passa-a-contar-com-rota-regular-inedita-para-congonhas\\\/#primaryimage\",\"url\":\"https:\\\/\\\/maranhaotv.com.br\\\/wp-content\\\/uploads\\\/2025\\\/10\\\/9347beec-3061-430f-b009-f1075eb1d3dc.jpg\",\"contentUrl\":\"https:\\\/\\\/maranhaotv.com.br\\\/wp-content\\\/uploads\\\/2025\\\/10\\\/9347beec-3061-430f-b009-f1075eb1d3dc.jpg\",\"width\":1024,\"height\":677},{\"@type\":\"BreadcrumbList\",\"@id\":\"https:\\\/\\\/maranhaotv.com.br\\\/index.php\\\/2025\\\/10\\\/10\\\/sao-luis-passa-a-contar-com-rota-regular-inedita-para-congonhas\\\/#breadcrumb\",\"itemListElement\":[{\"@type\":\"ListItem\",\"position\":1,\"name\":\"In\u00edcio\",\"item\":\"https:\\\/\\\/maranhaotv.com.br\\\/\"},{\"@type\":\"ListItem\",\"position\":2,\"name\":\"S\u00e3o Lu\u00eds passa a contar com rota regular in\u00e9dita para Congonhas\"}]},{\"@type\":\"WebSite\",\"@id\":\"https:\\\/\\\/maranhaotv.com.br\\\/#website\",\"url\":\"https:\\\/\\\/maranhaotv.com.br\\\/\",\"name\":\"Maranh\u00e3oTV\",\"description\":\"\",\"publisher\":{\"@id\":\"https:\\\/\\\/maranhaotv.com.br\\\/#organization\"},\"potentialAction\":[{\"@type\":\"SearchAction\",\"target\":{\"@type\":\"EntryPoint\",\"urlTemplate\":\"https:\\\/\\\/maranhaotv.com.br\\\/?s={search_term_string}\"},\"query-input\":{\"@type\":\"PropertyValueSpecification\",\"valueRequired\":true,\"valueName\":\"search_term_string\"}}],\"inLanguage\":\"pt-BR\"},{\"@type\":\"Organization\",\"@id\":\"https:\\\/\\\/maranhaotv.com.br\\\/#organization\",\"name\":\"Portal de Not\u00edcias\",\"url\":\"https:\\\/\\\/maranhaotv.com.br\\\/\",\"logo\":{\"@type\":\"ImageObject\",\"inLanguage\":\"pt-BR\",\"@id\":\"https:\\\/\\\/maranhaotv.com.br\\\/#\\\/schema\\\/logo\\\/image\\\/\",\"url\":\"https:\\\/\\\/maranhaotv.com.br\\\/wp-content\\\/uploads\\\/2024\\\/05\\\/cropped-cropped-avatar-1.png\",\"contentUrl\":\"https:\\\/\\\/maranhaotv.com.br\\\/wp-content\\\/uploads\\\/2024\\\/05\\\/cropped-cropped-avatar-1.png\",\"width\":792,\"height\":428,\"caption\":\"Portal de Not\u00edcias\"},\"image\":{\"@id\":\"https:\\\/\\\/maranhaotv.com.br\\\/#\\\/schema\\\/logo\\\/image\\\/\"},\"sameAs\":[\"https:\\\/\\\/www.facebook.com\\\/maiobaotv\",\"https:\\\/\\\/x.com\\\/sitemaranhaotv\",\"https:\\\/\\\/www.instagram.com\\\/maranhao.tv\",\"https:\\\/\\\/www.threads.net\\\/@maranhao.tv\"]},{\"@type\":\"Person\",\"@id\":\"https:\\\/\\\/maranhaotv.com.br\\\/#\\\/schema\\\/person\\\/3d54238e86b20bb5c89ab2fdb8f8829a\",\"name\":\"maranhaotv\",\"image\":{\"@type\":\"ImageObject\",\"inLanguage\":\"pt-BR\",\"@id\":\"https:\\\/\\\/secure.gravatar.com\\\/avatar\\\/8fadbca458d4cb68b1dd399ae9a40618d747bb1af65ac9fad21c89220a143eb4?s=96&d=mm&r=g\",\"url\":\"https:\\\/\\\/secure.gravatar.com\\\/avatar\\\/8fadbca458d4cb68b1dd399ae9a40618d747bb1af65ac9fad21c89220a143eb4?s=96&d=mm&r=g\",\"contentUrl\":\"https:\\\/\\\/secure.gravatar.com\\\/avatar\\\/8fadbca458d4cb68b1dd399ae9a40618d747bb1af65ac9fad21c89220a143eb4?s=96&d=mm&r=g\",\"caption\":\"maranhaotv\"},\"sameAs\":[\"https:\\\/\\\/maranhaotv.com.br\\\/\"],\"url\":\"https:\\\/\\\/maranhaotv.com.br\\\/index.php\\\/author\\\/maranhaotv\\\/\"}]}<\/script>\n<!-- \/ Yoast SEO plugin. -->","yoast_head_json":{"title":"S\u00e3o Lu\u00eds passa a contar com rota regular in\u00e9dita para Congonhas - NOT\u00cdCIAS EM TEMPO REAL","robots":{"index":"index","follow":"follow","max-snippet":"max-snippet:-1","max-image-preview":"max-image-preview:large","max-video-preview":"max-video-preview:-1"},"canonical":"https:\/\/maranhaotv.com.br\/index.php\/2025\/10\/10\/sao-luis-passa-a-contar-com-rota-regular-inedita-para-congonhas\/","og_locale":"pt_BR","og_type":"article","og_title":"S\u00e3o Lu\u00eds passa a contar com rota regular in\u00e9dita para Congonhas - NOT\u00cdCIAS EM TEMPO REAL","og_description":"A capital maranhense vai contar, pela primeira vez, com um voo regular entre o Aeroporto de S\u00e3o Lu\u00eds e o","og_url":"https:\/\/maranhaotv.com.br\/index.php\/2025\/10\/10\/sao-luis-passa-a-contar-com-rota-regular-inedita-para-congonhas\/","og_site_name":"NOT\u00cdCIAS EM TEMPO REAL","article_publisher":"https:\/\/www.facebook.com\/maiobaotv","article_published_time":"2025-10-10T13:22:53+00:00","og_image":[{"width":1024,"height":677,"url":"https:\/\/maranhaotv.com.br\/wp-content\/uploads\/2025\/10\/9347beec-3061-430f-b009-f1075eb1d3dc.jpg","type":"image\/jpeg"}],"author":"maranhaotv","twitter_card":"summary_large_image","twitter_creator":"@sitemaranhaotv","twitter_site":"@sitemaranhaotv","twitter_misc":{"Escrito por":"maranhaotv","Est. tempo de leitura":"1 minuto"},"schema":{"@context":"https:\/\/schema.org","@graph":[{"@type":"Article","@id":"https:\/\/maranhaotv.com.br\/index.php\/2025\/10\/10\/sao-luis-passa-a-contar-com-rota-regular-inedita-para-congonhas\/#article","isPartOf":{"@id":"https:\/\/maranhaotv.com.br\/index.php\/2025\/10\/10\/sao-luis-passa-a-contar-com-rota-regular-inedita-para-congonhas\/"},"author":{"name":"maranhaotv","@id":"https:\/\/maranhaotv.com.br\/#\/schema\/person\/3d54238e86b20bb5c89ab2fdb8f8829a"},"headline":"S\u00e3o Lu\u00eds passa a contar com rota regular in\u00e9dita para Congonhas","datePublished":"2025-10-10T13:22:53+00:00","mainEntityOfPage":{"@id":"https:\/\/maranhaotv.com.br\/index.php\/2025\/10\/10\/sao-luis-passa-a-contar-com-rota-regular-inedita-para-congonhas\/"},"wordCount":274,"publisher":{"@id":"https:\/\/maranhaotv.com.br\/#organization"},"image":{"@id":"https:\/\/maranhaotv.com.br\/index.php\/2025\/10\/10\/sao-luis-passa-a-contar-com-rota-regular-inedita-para-congonhas\/#primaryimage"},"thumbnailUrl":"https:\/\/maranhaotv.com.br\/wp-content\/uploads\/2025\/10\/9347beec-3061-430f-b009-f1075eb1d3dc.jpg","articleSection":["economia"],"inLanguage":"pt-BR"},{"@type":"WebPage","@id":"https:\/\/maranhaotv.com.br\/index.php\/2025\/10\/10\/sao-luis-passa-a-contar-com-rota-regular-inedita-para-congonhas\/","url":"https:\/\/maranhaotv.com.br\/index.php\/2025\/10\/10\/sao-luis-passa-a-contar-com-rota-regular-inedita-para-congonhas\/","name":"S\u00e3o Lu\u00eds passa a contar com rota regular in\u00e9dita para Congonhas - NOT\u00cdCIAS EM TEMPO REAL","isPartOf":{"@id":"https:\/\/maranhaotv.com.br\/#website"},"primaryImageOfPage":{"@id":"https:\/\/maranhaotv.com.br\/index.php\/2025\/10\/10\/sao-luis-passa-a-contar-com-rota-regular-inedita-para-congonhas\/#primaryimage"},"image":{"@id":"https:\/\/maranhaotv.com.br\/index.php\/2025\/10\/10\/sao-luis-passa-a-contar-com-rota-regular-inedita-para-congonhas\/#primaryimage"},"thumbnailUrl":"https:\/\/maranhaotv.com.br\/wp-content\/uploads\/2025\/10\/9347beec-3061-430f-b009-f1075eb1d3dc.jpg","datePublished":"2025-10-10T13:22:53+00:00","breadcrumb":{"@id":"https:\/\/maranhaotv.com.br\/index.php\/2025\/10\/10\/sao-luis-passa-a-contar-com-rota-regular-inedita-para-congonhas\/#breadcrumb"},"inLanguage":"pt-BR","potentialAction":[{"@type":"ReadAction","target":["https:\/\/maranhaotv.com.br\/index.php\/2025\/10\/10\/sao-luis-passa-a-contar-com-rota-regular-inedita-para-congonhas\/"]}]},{"@type":"ImageObject","inLanguage":"pt-BR","@id":"https:\/\/maranhaotv.com.br\/index.php\/2025\/10\/10\/sao-luis-passa-a-contar-com-rota-regular-inedita-para-congonhas\/#primaryimage","url":"https:\/\/maranhaotv.com.br\/wp-content\/uploads\/2025\/10\/9347beec-3061-430f-b009-f1075eb1d3dc.jpg","contentUrl":"https:\/\/maranhaotv.com.br\/wp-content\/uploads\/2025\/10\/9347beec-3061-430f-b009-f1075eb1d3dc.jpg","width":1024,"height":677},{"@type":"BreadcrumbList","@id":"https:\/\/maranhaotv.com.br\/index.php\/2025\/10\/10\/sao-luis-passa-a-contar-com-rota-regular-inedita-para-congonhas\/#breadcrumb","itemListElement":[{"@type":"ListItem","position":1,"name":"In\u00edcio","item":"https:\/\/maranhaotv.com.br\/"},{"@type":"ListItem","position":2,"name":"S\u00e3o Lu\u00eds passa a contar com rota regular in\u00e9dita para Congonhas"}]},{"@type":"WebSite","@id":"https:\/\/maranhaotv.com.br\/#website","url":"https:\/\/maranhaotv.com.br\/","name":"Maranh\u00e3oTV","description":"","publisher":{"@id":"https:\/\/maranhaotv.com.br\/#organization"},"potentialAction":[{"@type":"SearchAction","target":{"@type":"EntryPoint","urlTemplate":"https:\/\/maranhaotv.com.br\/?s={search_term_string}"},"query-input":{"@type":"PropertyValueSpecification","valueRequired":true,"valueName":"search_term_string"}}],"inLanguage":"pt-BR"},{"@type":"Organization","@id":"https:\/\/maranhaotv.com.br\/#organization","name":"Portal de Not\u00edcias","url":"https:\/\/maranhaotv.com.br\/","logo":{"@type":"ImageObject","inLanguage":"pt-BR","@id":"https:\/\/maranhaotv.com.br\/#\/schema\/logo\/image\/","url":"https:\/\/maranhaotv.com.br\/wp-content\/uploads\/2024\/05\/cropped-cropped-avatar-1.png","contentUrl":"https:\/\/maranhaotv.com.br\/wp-content\/uploads\/2024\/05\/cropped-cropped-avatar-1.png","width":792,"height":428,"caption":"Portal de Not\u00edcias"},"image":{"@id":"https:\/\/maranhaotv.com.br\/#\/schema\/logo\/image\/"},"sameAs":["https:\/\/www.facebook.com\/maiobaotv","https:\/\/x.com\/sitemaranhaotv","https:\/\/www.instagram.com\/maranhao.tv","https:\/\/www.threads.net\/@maranhao.tv"]},{"@type":"Person","@id":"https:\/\/maranhaotv.com.br\/#\/schema\/person\/3d54238e86b20bb5c89ab2fdb8f8829a","name":"maranhaotv","image":{"@type":"ImageObject","inLanguage":"pt-BR","@id":"https:\/\/secure.gravatar.com\/avatar\/8fadbca458d4cb68b1dd399ae9a40618d747bb1af65ac9fad21c89220a143eb4?s=96&d=mm&r=g","url":"https:\/\/secure.gravatar.com\/avatar\/8fadbca458d4cb68b1dd399ae9a40618d747bb1af65ac9fad21c89220a143eb4?s=96&d=mm&r=g","contentUrl":"https:\/\/secure.gravatar.com\/avatar\/8fadbca458d4cb68b1dd399ae9a40618d747bb1af65ac9fad21c89220a143eb4?s=96&d=mm&r=g","caption":"maranhaotv"},"sameAs":["https:\/\/maranhaotv.com.br\/"],"url":"https:\/\/maranhaotv.com.br\/index.php\/author\/maranhaotv\/"}]}},"jetpack_featured_media_url":"https:\/\/maranhaotv.com.br\/wp-content\/uploads\/2025\/10\/9347beec-3061-430f-b009-f1075eb1d3dc.jpg","jetpack_sharing_enabled":true,"_links":{"self":[{"href":"https:\/\/maranhaotv.com.br\/index.php\/wp-json\/wp\/v2\/posts\/44420","targetHints":{"allow":["GET"]}}],"collection":[{"href":"https:\/\/maranhaotv.com.br\/index.php\/wp-json\/wp\/v2\/posts"}],"about":[{"href":"https:\/\/maranhaotv.com.br\/index.php\/wp-json\/wp\/v2\/types\/post"}],"author":[{"embeddable":true,"href":"https:\/\/maranhaotv.com.br\/index.php\/wp-json\/wp\/v2\/users\/2"}],"replies":[{"embeddable":true,"href":"https:\/\/maranhaotv.com.br\/index.php\/wp-json\/wp\/v2\/comments?post=44420"}],"version-history":[{"count":1,"href":"https:\/\/maranhaotv.com.br\/index.php\/wp-json\/wp\/v2\/posts\/44420\/revisions"}],"predecessor-version":[{"id":44421,"href":"https:\/\/maranhaotv.com.br\/index.php\/wp-json\/wp\/v2\/posts\/44420\/revisions\/44421"}],"wp:featuredmedia":[{"embeddable":true,"href":"https:\/\/maranhaotv.com.br\/index.php\/wp-json\/wp\/v2\/media\/44419"}],"wp:attachment":[{"href":"https:\/\/maranhaotv.com.br\/index.php\/wp-json\/wp\/v2\/media?parent=44420"}],"wp:term":[{"taxonomy":"category","embeddable":true,"href":"https:\/\/maranhaotv.com.br\/index.php\/wp-json\/wp\/v2\/categories?post=44420"},{"taxonomy":"post_tag","embeddable":true,"href":"https:\/\/maranhaotv.com.br\/index.php\/wp-json\/wp\/v2\/tags?post=44420"}],"curies":[{"name":"wp","href":"https:\/\/api.w.org\/{rel}","templated":true}]}}