{"id":44494,"date":"2025-10-15T15:51:33","date_gmt":"2025-10-15T18:51:33","guid":{"rendered":"https:\/\/maranhaotv.com.br\/?p=44494"},"modified":"2025-10-15T15:51:33","modified_gmt":"2025-10-15T18:51:33","slug":"educacao-pedro-lucas-destaca-o-parecer-do-novo-plano-nacional-de-educacao","status":"publish","type":"post","link":"https:\/\/maranhaotv.com.br\/index.php\/2025\/10\/15\/educacao-pedro-lucas-destaca-o-parecer-do-novo-plano-nacional-de-educacao\/","title":{"rendered":"EDUCA\u00c7\u00c3O: Pedro Lucas destaca o parecer do novo Plano Nacional de Educa\u00e7\u00e3o"},"content":{"rendered":"\n<p>O deputado federal Pedro Lucas Fernandes (UNI\u00c3O\/MA) participou, em Bras\u00edlia, da apresenta\u00e7\u00e3o do parecer do novo Plano Nacional de Educa\u00e7\u00e3o (PNE), de autoria do deputado Moses Rodrigues (UNI\u00c3O\/CE). Como l\u00edder do Uni\u00e3o Brasil na C\u00e2mara dos Deputados, o deputado Pedro Lucas destacou o momento hist\u00f3rico para a educa\u00e7\u00e3o brasileira, que passar\u00e1 a contar com um projeto robusto para o desenvolvimento educacional do pa\u00eds.<\/p>\n\n\n\n<p>O novo PNE estabelece diretrizes, metas e estrat\u00e9gias para o dec\u00eanio 2024-2034, orientando as pol\u00edticas educacionais em todos os n\u00edveis de governo. Entre as diretrizes est\u00e3o a valoriza\u00e7\u00e3o da qualidade e da equidade, a promo\u00e7\u00e3o dos direitos humanos e a integra\u00e7\u00e3o do monitoramento e da avalia\u00e7\u00e3o aos processos de implementa\u00e7\u00e3o das pol\u00edticas p\u00fablicas. O plano refor\u00e7a ainda o compromisso com a gest\u00e3o democr\u00e1tica, a liberdade de ensinar e aprender, e a sustentabilidade socioambiental.<\/p>\n\n\n\n<p>O texto consolida avan\u00e7os importantes, como a meta de universaliza\u00e7\u00e3o do acesso \u00e0 escola para crian\u00e7as e adolescentes de 4 a 17 anos, a erradica\u00e7\u00e3o do analfabetismo, a melhoria da aprendizagem em todos os n\u00edveis, e a valoriza\u00e7\u00e3o dos profissionais da educa\u00e7\u00e3o. O novo PNE traz uma vis\u00e3o sist\u00eamica, conectando a educa\u00e7\u00e3o ao desenvolvimento social, cultural e econ\u00f4mico do Brasil.<\/p>\n\n\n\n<p>Outro ponto \u00e9 o fortalecimento da governan\u00e7a e do regime de colabora\u00e7\u00e3o entre Uni\u00e3o, estados e munic\u00edpios. O plano determina a cria\u00e7\u00e3o de inst\u00e2ncias permanentes de coopera\u00e7\u00e3o e pactua\u00e7\u00e3o, com participa\u00e7\u00e3o da sociedade civil. Tamb\u00e9m estabelece que o Inep far\u00e1 o monitoramento bienal das metas, garantindo transpar\u00eancia e acompanhamento dos resultados.<\/p>\n\n\n\n<p>\u201cO novo PNE \u00e9 um passo decisivo para garantir uma educa\u00e7\u00e3o mais inclusiva, eficiente e de qualidade. Ele reafirma a responsabilidade compartilhada entre os entes federativos e projeta um futuro em que cada crian\u00e7a e jovem brasileiro tenham acesso real ao aprendizado e \u00e0s oportunidades que a educa\u00e7\u00e3o pode oferecer\u201d, afirmou o deputado.<\/p>\n","protected":false},"excerpt":{"rendered":"<p>O deputado federal Pedro Lucas Fernandes (UNI\u00c3O\/MA) participou, em Bras\u00edlia, da apresenta\u00e7\u00e3o do parecer do novo Plano Nacional de Educa\u00e7\u00e3o<\/p>\n","protected":false},"author":2,"featured_media":44493,"comment_status":"closed","ping_status":"open","sticky":false,"template":"","format":"standard","meta":{"colormag_page_container_layout":"default_layout","colormag_page_sidebar_layout":"default_layout","_jetpack_memberships_contains_paid_content":false,"footnotes":""},"categories":[11],"tags":[],"class_list":["post-44494","post","type-post","status-publish","format-standard","has-post-thumbnail","hentry","category-educacao"],"magazineBlocksPostFeaturedMedia":{"thumbnail":"https:\/\/maranhaotv.com.br\/wp-content\/uploads\/2025\/10\/50d62499-587e-4f0a-a77d-7947feb69170-150x150.jpg","medium":"https:\/\/maranhaotv.com.br\/wp-content\/uploads\/2025\/10\/50d62499-587e-4f0a-a77d-7947feb69170-300x228.jpg","medium_large":"https:\/\/maranhaotv.com.br\/wp-content\/uploads\/2025\/10\/50d62499-587e-4f0a-a77d-7947feb69170-768x584.jpg","large":"https:\/\/maranhaotv.com.br\/wp-content\/uploads\/2025\/10\/50d62499-587e-4f0a-a77d-7947feb69170-1024x778.jpg","1536x1536":"https:\/\/maranhaotv.com.br\/wp-content\/uploads\/2025\/10\/50d62499-587e-4f0a-a77d-7947feb69170-1536x1167.jpg","2048x2048":"https:\/\/maranhaotv.com.br\/wp-content\/uploads\/2025\/10\/50d62499-587e-4f0a-a77d-7947feb69170.jpg","colormag-highlighted-post":"https:\/\/maranhaotv.com.br\/wp-content\/uploads\/2025\/10\/50d62499-587e-4f0a-a77d-7947feb69170-392x272.jpg","colormag-featured-post-medium":"https:\/\/maranhaotv.com.br\/wp-content\/uploads\/2025\/10\/50d62499-587e-4f0a-a77d-7947feb69170-390x205.jpg","colormag-featured-post-small":"https:\/\/maranhaotv.com.br\/wp-content\/uploads\/2025\/10\/50d62499-587e-4f0a-a77d-7947feb69170-130x90.jpg","colormag-featured-image":"https:\/\/maranhaotv.com.br\/wp-content\/uploads\/2025\/10\/50d62499-587e-4f0a-a77d-7947feb69170-800x445.jpg","colormag-default-news":"https:\/\/maranhaotv.com.br\/wp-content\/uploads\/2025\/10\/50d62499-587e-4f0a-a77d-7947feb69170-150x150.jpg","colormag-featured-image-large":"https:\/\/maranhaotv.com.br\/wp-content\/uploads\/2025\/10\/50d62499-587e-4f0a-a77d-7947feb69170-1400x600.jpg"},"magazineBlocksPostAuthor":{"name":"maranhaotv","avatar":"https:\/\/secure.gravatar.com\/avatar\/8fadbca458d4cb68b1dd399ae9a40618d747bb1af65ac9fad21c89220a143eb4?s=96&d=mm&r=g"},"magazineBlocksPostCommentsNumber":false,"magazineBlocksPostExcerpt":"O deputado federal Pedro Lucas Fernandes (UNI\u00c3O\/MA) participou, em Bras\u00edlia, da apresenta\u00e7\u00e3o do parecer do novo Plano Nacional de Educa\u00e7\u00e3o","magazineBlocksPostCategories":["educa\u00e7\u00e3o"],"magazineBlocksPostViewCount":224,"magazineBlocksPostReadTime":2,"magazine_blocks_featured_image_url":{"full":["https:\/\/maranhaotv.com.br\/wp-content\/uploads\/2025\/10\/50d62499-587e-4f0a-a77d-7947feb69170.jpg",1600,1216,false],"medium":["https:\/\/maranhaotv.com.br\/wp-content\/uploads\/2025\/10\/50d62499-587e-4f0a-a77d-7947feb69170-300x228.jpg",300,228,true],"thumbnail":["https:\/\/maranhaotv.com.br\/wp-content\/uploads\/2025\/10\/50d62499-587e-4f0a-a77d-7947feb69170-150x150.jpg",150,150,true]},"magazine_blocks_author":{"display_name":"maranhaotv","author_link":"https:\/\/maranhaotv.com.br\/index.php\/author\/maranhaotv\/"},"magazine_blocks_comment":0,"magazine_blocks_author_image":"https:\/\/secure.gravatar.com\/avatar\/8fadbca458d4cb68b1dd399ae9a40618d747bb1af65ac9fad21c89220a143eb4?s=96&d=mm&r=g","magazine_blocks_category":"<a href=\"#\" class=\"category-link category-link-11\">educa\u00e7\u00e3o<\/a>","jetpack_featured_media_url":"https:\/\/maranhaotv.com.br\/wp-content\/uploads\/2025\/10\/50d62499-587e-4f0a-a77d-7947feb69170.jpg","jetpack_sharing_enabled":true,"_links":{"self":[{"href":"https:\/\/maranhaotv.com.br\/index.php\/wp-json\/wp\/v2\/posts\/44494","targetHints":{"allow":["GET"]}}],"collection":[{"href":"https:\/\/maranhaotv.com.br\/index.php\/wp-json\/wp\/v2\/posts"}],"about":[{"href":"https:\/\/maranhaotv.com.br\/index.php\/wp-json\/wp\/v2\/types\/post"}],"author":[{"embeddable":true,"href":"https:\/\/maranhaotv.com.br\/index.php\/wp-json\/wp\/v2\/users\/2"}],"replies":[{"embeddable":true,"href":"https:\/\/maranhaotv.com.br\/index.php\/wp-json\/wp\/v2\/comments?post=44494"}],"version-history":[{"count":1,"href":"https:\/\/maranhaotv.com.br\/index.php\/wp-json\/wp\/v2\/posts\/44494\/revisions"}],"predecessor-version":[{"id":44495,"href":"https:\/\/maranhaotv.com.br\/index.php\/wp-json\/wp\/v2\/posts\/44494\/revisions\/44495"}],"wp:featuredmedia":[{"embeddable":true,"href":"https:\/\/maranhaotv.com.br\/index.php\/wp-json\/wp\/v2\/media\/44493"}],"wp:attachment":[{"href":"https:\/\/maranhaotv.com.br\/index.php\/wp-json\/wp\/v2\/media?parent=44494"}],"wp:term":[{"taxonomy":"category","embeddable":true,"href":"https:\/\/maranhaotv.com.br\/index.php\/wp-json\/wp\/v2\/categories?post=44494"},{"taxonomy":"post_tag","embeddable":true,"href":"https:\/\/maranhaotv.com.br\/index.php\/wp-json\/wp\/v2\/tags?post=44494"}],"curies":[{"name":"wp","href":"https:\/\/api.w.org\/{rel}","templated":true}]}}