{"id":44554,"date":"2025-10-23T09:34:11","date_gmt":"2025-10-23T12:34:11","guid":{"rendered":"https:\/\/maranhaotv.com.br\/?p=44554"},"modified":"2025-10-23T09:34:11","modified_gmt":"2025-10-23T12:34:11","slug":"silencio-que-adoecepor-que-os-homens-tem-medo-de-procurar-ajuda-psicologica","status":"publish","type":"post","link":"https:\/\/maranhaotv.com.br\/index.php\/2025\/10\/23\/silencio-que-adoecepor-que-os-homens-tem-medo-de-procurar-ajuda-psicologica\/","title":{"rendered":"SIL\u00caNCIO QUE ADOECEPOR QUE OS HOMENS T\u00caM MEDO DE PROCURAR AJUDA PSICOL\u00d3GICA?"},"content":{"rendered":"\n<p><\/p>\n\n\n\n<p>Sempre fui o tipo de homem que guarda tudo pra si. Aqui na Madre Deus, a gente cresce ouvindo que homem tem que aguentar calado, que problema se resolve tomando uma cerveja ou indo pra rua conversar. S\u00f3 que chega uma hora que o peso fica grande demais, desabafa Jo\u00e3o Lisboa Lima, de 37 anos.<br \/>Eu n\u00e3o durmo direito, vivo cansado e, \u00e0s vezes, sinto uma ang\u00fastia que n\u00e3o sei nem explicar. J\u00e1 pensei em procurar um psic\u00f3logo, mas logo me vem aquele medo: e se acharem que eu t\u00f4 ficando doido? Ou que sou fraco? Tenho vergonha de comentar isso com meus amigos.<\/p>\n\n\n\n<p>No fundo eu sei que preciso de ajuda. S\u00f3 ainda n\u00e3o sei como vencer essa barreira dentro da minha cabe\u00e7a. Queria poder falar sobre o que sinto sem medo do julgamento, sem precisar fingir que est\u00e1 tudo bem o tempo todo. Acho que o preconceito que mais me prende \u00e9 o meu pr\u00f3prio.\u201d Vergonha que fez \u201cJo\u00e3o\u201d pedir para trocar o verdadeiro nome por um fict\u00edcio para ter coragem de compartilhar seu depoimento.<\/p>\n\n\n\n<p>Esse relato traduz a realidade de muitos homens que, mesmo reconhecendo a necessidade de ajuda, ainda hesitam em procurar ajuda profissional. Mesmo com a multiplica\u00e7\u00e3o de conte\u00fados sobre sa\u00fade mental nas redes sociais e na m\u00eddia, a procura por tratamento psicol\u00f3gico continua marcada por medo, vergonha e preconceito.<\/p>\n\n\n\n<p>Os reflexos desse sil\u00eancio aparecem tamb\u00e9m nas estat\u00edsticas. Em 2024, o Maranh\u00e3o registrou 3.997 afastamentos de trabalhadores por causa de transtornos mentais, como ansiedade e depress\u00e3o, segundo dados do Minist\u00e9rio da Previd\u00eancia Social. No Brasil, foram 472.328 licen\u00e7as m\u00e9dicas concedidas pelo mesmo motivo \u2014 um aumento de 68% em rela\u00e7\u00e3o ao ano anterior. Os n\u00fameros evidenciam que o sofrimento mental tem crescido, mas o acesso e a busca por ajuda profissional ainda esbarram em barreiras profundas.<\/p>\n\n\n\n<p>Para o psic\u00f3logo Jediael Abreu, a decis\u00e3o de buscar ajuda n\u00e3o depende apenas do acesso \u00e0 informa\u00e7\u00e3o. \u201cTer mais conte\u00fado dispon\u00edvel n\u00e3o significa que a pessoa vai iniciar tratamento. Existem barreiras internas, sociais e estruturais que freiam a procura\u201d, explica.<\/p>\n\n\n\n<p>Entre estas barreiras, a mais comum \u00e9 a ideia de \u201cresolver sozinho\u201d. Pesquisas internacionais apontam que, mesmo quando algu\u00e9m reconhece precisar de ajuda, cerca de 64% preferem lidar com os problemas sozinhos. Outro fator \u00e9 a percep\u00e7\u00e3o de que o sofrimento n\u00e3o \u00e9 grave o suficiente para justificar a terapia, especialmente em quadros leves e moderados.<\/p>\n\n\n\n<p>O estigma tamb\u00e9m segue como obst\u00e1culo. Muitos t\u00eam medo de ser rotulados, de que sua condi\u00e7\u00e3o se torne p\u00fablica ou de enfrentar consequ\u00eancias no trabalho ou na escola. Segundo Abreu, o impacto do estigma \u00e9 maior entre homens, jovens e grupos minorit\u00e1rios. \u201cO estigma importa, mas ele n\u00e3o \u00e9 o \u00fanico freio. Cren\u00e7as pessoais e barreiras pr\u00e1ticas, como custo e tempo de espera, podem pesar ainda mais\u201d, afirma.<\/p>\n\n\n\n<p>Al\u00e9m disso, fatores culturais e sociais moldam o comportamento de busca por ajuda. Normas de masculinidade que valorizam a autossufici\u00eancia reduzem a procura entre homens, enquanto cren\u00e7as familiares e religiosas podem direcionar a pessoa para apoio moral ou espiritual em vez de tratamento profissional. Ambientes de trabalho e escolares pouco acolhedores tamb\u00e9m desestimulam a ades\u00e3o \u00e0 psicoterapia.<\/p>\n\n\n\n<p>\u201c\u00c9 preciso ir al\u00e9m da informa\u00e7\u00e3o. Reduzir o estigma, facilitar o acesso, adaptar o cuidado e garantir experi\u00eancias terap\u00eauticas claras e confidenciais s\u00e3o passos fundamentais\u201d, destaca Abreu. Segundo ele, a psicoterapia deve ser reconhecida como um cuidado essencial, acess\u00edvel no SUS, nas escolas, no ambiente de trabalho e tamb\u00e9m online. \u201cQuando a terapia \u00e9 vista como parte da vida, e n\u00e3o como um sinal de fraqueza, o tratamento deixa de ser tabu e se torna um caminho de cura\u201d, conclui o psic\u00f3logo.<\/p>\n","protected":false},"excerpt":{"rendered":"<p>Sempre fui o tipo de homem que guarda tudo pra si. Aqui na Madre Deus, a gente cresce ouvindo que<\/p>\n","protected":false},"author":2,"featured_media":44553,"comment_status":"closed","ping_status":"open","sticky":false,"template":"","format":"standard","meta":{"colormag_page_container_layout":"default_layout","colormag_page_sidebar_layout":"default_layout","_jetpack_memberships_contains_paid_content":false,"footnotes":""},"categories":[54],"tags":[],"class_list":["post-44554","post","type-post","status-publish","format-standard","has-post-thumbnail","hentry","category-saude"],"magazineBlocksPostFeaturedMedia":{"thumbnail":"https:\/\/maranhaotv.com.br\/wp-content\/uploads\/2025\/10\/32f3aaf5-7a2b-4948-93c9-a9260c7f9071-150x150.jpg","medium":"https:\/\/maranhaotv.com.br\/wp-content\/uploads\/2025\/10\/32f3aaf5-7a2b-4948-93c9-a9260c7f9071-300x200.jpg","medium_large":"https:\/\/maranhaotv.com.br\/wp-content\/uploads\/2025\/10\/32f3aaf5-7a2b-4948-93c9-a9260c7f9071-768x512.jpg","large":"https:\/\/maranhaotv.com.br\/wp-content\/uploads\/2025\/10\/32f3aaf5-7a2b-4948-93c9-a9260c7f9071-1024x682.jpg","1536x1536":"https:\/\/maranhaotv.com.br\/wp-content\/uploads\/2025\/10\/32f3aaf5-7a2b-4948-93c9-a9260c7f9071-1536x1023.jpg","2048x2048":"https:\/\/maranhaotv.com.br\/wp-content\/uploads\/2025\/10\/32f3aaf5-7a2b-4948-93c9-a9260c7f9071.jpg","colormag-highlighted-post":"https:\/\/maranhaotv.com.br\/wp-content\/uploads\/2025\/10\/32f3aaf5-7a2b-4948-93c9-a9260c7f9071-392x272.jpg","colormag-featured-post-medium":"https:\/\/maranhaotv.com.br\/wp-content\/uploads\/2025\/10\/32f3aaf5-7a2b-4948-93c9-a9260c7f9071-390x205.jpg","colormag-featured-post-small":"https:\/\/maranhaotv.com.br\/wp-content\/uploads\/2025\/10\/32f3aaf5-7a2b-4948-93c9-a9260c7f9071-130x90.jpg","colormag-featured-image":"https:\/\/maranhaotv.com.br\/wp-content\/uploads\/2025\/10\/32f3aaf5-7a2b-4948-93c9-a9260c7f9071-800x445.jpg","colormag-default-news":"https:\/\/maranhaotv.com.br\/wp-content\/uploads\/2025\/10\/32f3aaf5-7a2b-4948-93c9-a9260c7f9071-150x150.jpg","colormag-featured-image-large":"https:\/\/maranhaotv.com.br\/wp-content\/uploads\/2025\/10\/32f3aaf5-7a2b-4948-93c9-a9260c7f9071-1400x600.jpg"},"magazineBlocksPostAuthor":{"name":"maranhaotv","avatar":"https:\/\/secure.gravatar.com\/avatar\/8fadbca458d4cb68b1dd399ae9a40618d747bb1af65ac9fad21c89220a143eb4?s=96&d=mm&r=g"},"magazineBlocksPostCommentsNumber":false,"magazineBlocksPostExcerpt":"Sempre fui o tipo de homem que guarda tudo pra si. Aqui na Madre Deus, a gente cresce ouvindo que","magazineBlocksPostCategories":["sa\u00fade"],"magazineBlocksPostViewCount":156,"magazineBlocksPostReadTime":4,"magazine_blocks_featured_image_url":{"full":["https:\/\/maranhaotv.com.br\/wp-content\/uploads\/2025\/10\/32f3aaf5-7a2b-4948-93c9-a9260c7f9071.jpg",1600,1066,false],"medium":["https:\/\/maranhaotv.com.br\/wp-content\/uploads\/2025\/10\/32f3aaf5-7a2b-4948-93c9-a9260c7f9071-300x200.jpg",300,200,true],"thumbnail":["https:\/\/maranhaotv.com.br\/wp-content\/uploads\/2025\/10\/32f3aaf5-7a2b-4948-93c9-a9260c7f9071-150x150.jpg",150,150,true]},"magazine_blocks_author":{"display_name":"maranhaotv","author_link":"https:\/\/maranhaotv.com.br\/index.php\/author\/maranhaotv\/"},"magazine_blocks_comment":0,"magazine_blocks_author_image":"https:\/\/secure.gravatar.com\/avatar\/8fadbca458d4cb68b1dd399ae9a40618d747bb1af65ac9fad21c89220a143eb4?s=96&d=mm&r=g","magazine_blocks_category":"<a href=\"#\" class=\"category-link category-link-54\">sa\u00fade<\/a>","yoast_head":"<!-- This site is optimized with the Yoast SEO plugin v27.4 - https:\/\/yoast.com\/product\/yoast-seo-wordpress\/ -->\n<title>SIL\u00caNCIO QUE ADOECEPOR QUE OS HOMENS T\u00caM MEDO DE PROCURAR AJUDA PSICOL\u00d3GICA? - NOT\u00cdCIAS EM TEMPO REAL<\/title>\n<meta name=\"robots\" content=\"index, follow, max-snippet:-1, max-image-preview:large, max-video-preview:-1\" \/>\n<link rel=\"canonical\" href=\"https:\/\/maranhaotv.com.br\/index.php\/2025\/10\/23\/silencio-que-adoecepor-que-os-homens-tem-medo-de-procurar-ajuda-psicologica\/\" \/>\n<meta property=\"og:locale\" content=\"pt_BR\" \/>\n<meta property=\"og:type\" content=\"article\" \/>\n<meta property=\"og:title\" content=\"SIL\u00caNCIO QUE ADOECEPOR QUE OS HOMENS T\u00caM MEDO DE PROCURAR AJUDA PSICOL\u00d3GICA? - NOT\u00cdCIAS EM TEMPO REAL\" \/>\n<meta property=\"og:description\" content=\"Sempre fui o tipo de homem que guarda tudo pra si. Aqui na Madre Deus, a gente cresce ouvindo que\" \/>\n<meta property=\"og:url\" content=\"https:\/\/maranhaotv.com.br\/index.php\/2025\/10\/23\/silencio-que-adoecepor-que-os-homens-tem-medo-de-procurar-ajuda-psicologica\/\" \/>\n<meta property=\"og:site_name\" content=\"NOT\u00cdCIAS EM TEMPO REAL\" \/>\n<meta property=\"article:publisher\" content=\"https:\/\/www.facebook.com\/maiobaotv\" \/>\n<meta property=\"article:published_time\" content=\"2025-10-23T12:34:11+00:00\" \/>\n<meta property=\"og:image\" content=\"https:\/\/maranhaotv.com.br\/wp-content\/uploads\/2025\/10\/32f3aaf5-7a2b-4948-93c9-a9260c7f9071.jpg\" \/>\n\t<meta property=\"og:image:width\" content=\"1600\" \/>\n\t<meta property=\"og:image:height\" content=\"1066\" \/>\n\t<meta property=\"og:image:type\" content=\"image\/jpeg\" \/>\n<meta name=\"author\" content=\"maranhaotv\" \/>\n<meta name=\"twitter:card\" content=\"summary_large_image\" \/>\n<meta name=\"twitter:creator\" content=\"@sitemaranhaotv\" \/>\n<meta name=\"twitter:site\" content=\"@sitemaranhaotv\" \/>\n<meta name=\"twitter:label1\" content=\"Escrito por\" \/>\n\t<meta name=\"twitter:data1\" content=\"maranhaotv\" \/>\n\t<meta name=\"twitter:label2\" content=\"Est. tempo de leitura\" \/>\n\t<meta name=\"twitter:data2\" content=\"3 minutos\" \/>\n<script type=\"application\/ld+json\" class=\"yoast-schema-graph\">{\"@context\":\"https:\\\/\\\/schema.org\",\"@graph\":[{\"@type\":\"Article\",\"@id\":\"https:\\\/\\\/maranhaotv.com.br\\\/index.php\\\/2025\\\/10\\\/23\\\/silencio-que-adoecepor-que-os-homens-tem-medo-de-procurar-ajuda-psicologica\\\/#article\",\"isPartOf\":{\"@id\":\"https:\\\/\\\/maranhaotv.com.br\\\/index.php\\\/2025\\\/10\\\/23\\\/silencio-que-adoecepor-que-os-homens-tem-medo-de-procurar-ajuda-psicologica\\\/\"},\"author\":{\"name\":\"maranhaotv\",\"@id\":\"https:\\\/\\\/maranhaotv.com.br\\\/#\\\/schema\\\/person\\\/3d54238e86b20bb5c89ab2fdb8f8829a\"},\"headline\":\"SIL\u00caNCIO QUE ADOECEPOR QUE OS HOMENS T\u00caM MEDO DE PROCURAR AJUDA PSICOL\u00d3GICA?\",\"datePublished\":\"2025-10-23T12:34:11+00:00\",\"mainEntityOfPage\":{\"@id\":\"https:\\\/\\\/maranhaotv.com.br\\\/index.php\\\/2025\\\/10\\\/23\\\/silencio-que-adoecepor-que-os-homens-tem-medo-de-procurar-ajuda-psicologica\\\/\"},\"wordCount\":662,\"publisher\":{\"@id\":\"https:\\\/\\\/maranhaotv.com.br\\\/#organization\"},\"image\":{\"@id\":\"https:\\\/\\\/maranhaotv.com.br\\\/index.php\\\/2025\\\/10\\\/23\\\/silencio-que-adoecepor-que-os-homens-tem-medo-de-procurar-ajuda-psicologica\\\/#primaryimage\"},\"thumbnailUrl\":\"https:\\\/\\\/maranhaotv.com.br\\\/wp-content\\\/uploads\\\/2025\\\/10\\\/32f3aaf5-7a2b-4948-93c9-a9260c7f9071.jpg\",\"articleSection\":[\"sa\u00fade\"],\"inLanguage\":\"pt-BR\"},{\"@type\":\"WebPage\",\"@id\":\"https:\\\/\\\/maranhaotv.com.br\\\/index.php\\\/2025\\\/10\\\/23\\\/silencio-que-adoecepor-que-os-homens-tem-medo-de-procurar-ajuda-psicologica\\\/\",\"url\":\"https:\\\/\\\/maranhaotv.com.br\\\/index.php\\\/2025\\\/10\\\/23\\\/silencio-que-adoecepor-que-os-homens-tem-medo-de-procurar-ajuda-psicologica\\\/\",\"name\":\"SIL\u00caNCIO QUE ADOECEPOR QUE OS HOMENS T\u00caM MEDO DE PROCURAR AJUDA PSICOL\u00d3GICA? - NOT\u00cdCIAS EM TEMPO REAL\",\"isPartOf\":{\"@id\":\"https:\\\/\\\/maranhaotv.com.br\\\/#website\"},\"primaryImageOfPage\":{\"@id\":\"https:\\\/\\\/maranhaotv.com.br\\\/index.php\\\/2025\\\/10\\\/23\\\/silencio-que-adoecepor-que-os-homens-tem-medo-de-procurar-ajuda-psicologica\\\/#primaryimage\"},\"image\":{\"@id\":\"https:\\\/\\\/maranhaotv.com.br\\\/index.php\\\/2025\\\/10\\\/23\\\/silencio-que-adoecepor-que-os-homens-tem-medo-de-procurar-ajuda-psicologica\\\/#primaryimage\"},\"thumbnailUrl\":\"https:\\\/\\\/maranhaotv.com.br\\\/wp-content\\\/uploads\\\/2025\\\/10\\\/32f3aaf5-7a2b-4948-93c9-a9260c7f9071.jpg\",\"datePublished\":\"2025-10-23T12:34:11+00:00\",\"breadcrumb\":{\"@id\":\"https:\\\/\\\/maranhaotv.com.br\\\/index.php\\\/2025\\\/10\\\/23\\\/silencio-que-adoecepor-que-os-homens-tem-medo-de-procurar-ajuda-psicologica\\\/#breadcrumb\"},\"inLanguage\":\"pt-BR\",\"potentialAction\":[{\"@type\":\"ReadAction\",\"target\":[\"https:\\\/\\\/maranhaotv.com.br\\\/index.php\\\/2025\\\/10\\\/23\\\/silencio-que-adoecepor-que-os-homens-tem-medo-de-procurar-ajuda-psicologica\\\/\"]}]},{\"@type\":\"ImageObject\",\"inLanguage\":\"pt-BR\",\"@id\":\"https:\\\/\\\/maranhaotv.com.br\\\/index.php\\\/2025\\\/10\\\/23\\\/silencio-que-adoecepor-que-os-homens-tem-medo-de-procurar-ajuda-psicologica\\\/#primaryimage\",\"url\":\"https:\\\/\\\/maranhaotv.com.br\\\/wp-content\\\/uploads\\\/2025\\\/10\\\/32f3aaf5-7a2b-4948-93c9-a9260c7f9071.jpg\",\"contentUrl\":\"https:\\\/\\\/maranhaotv.com.br\\\/wp-content\\\/uploads\\\/2025\\\/10\\\/32f3aaf5-7a2b-4948-93c9-a9260c7f9071.jpg\",\"width\":1600,\"height\":1066},{\"@type\":\"BreadcrumbList\",\"@id\":\"https:\\\/\\\/maranhaotv.com.br\\\/index.php\\\/2025\\\/10\\\/23\\\/silencio-que-adoecepor-que-os-homens-tem-medo-de-procurar-ajuda-psicologica\\\/#breadcrumb\",\"itemListElement\":[{\"@type\":\"ListItem\",\"position\":1,\"name\":\"In\u00edcio\",\"item\":\"https:\\\/\\\/maranhaotv.com.br\\\/\"},{\"@type\":\"ListItem\",\"position\":2,\"name\":\"SIL\u00caNCIO QUE ADOECEPOR QUE OS HOMENS T\u00caM MEDO DE PROCURAR AJUDA PSICOL\u00d3GICA?\"}]},{\"@type\":\"WebSite\",\"@id\":\"https:\\\/\\\/maranhaotv.com.br\\\/#website\",\"url\":\"https:\\\/\\\/maranhaotv.com.br\\\/\",\"name\":\"Maranh\u00e3oTV\",\"description\":\"\",\"publisher\":{\"@id\":\"https:\\\/\\\/maranhaotv.com.br\\\/#organization\"},\"potentialAction\":[{\"@type\":\"SearchAction\",\"target\":{\"@type\":\"EntryPoint\",\"urlTemplate\":\"https:\\\/\\\/maranhaotv.com.br\\\/?s={search_term_string}\"},\"query-input\":{\"@type\":\"PropertyValueSpecification\",\"valueRequired\":true,\"valueName\":\"search_term_string\"}}],\"inLanguage\":\"pt-BR\"},{\"@type\":\"Organization\",\"@id\":\"https:\\\/\\\/maranhaotv.com.br\\\/#organization\",\"name\":\"Portal de Not\u00edcias\",\"url\":\"https:\\\/\\\/maranhaotv.com.br\\\/\",\"logo\":{\"@type\":\"ImageObject\",\"inLanguage\":\"pt-BR\",\"@id\":\"https:\\\/\\\/maranhaotv.com.br\\\/#\\\/schema\\\/logo\\\/image\\\/\",\"url\":\"https:\\\/\\\/maranhaotv.com.br\\\/wp-content\\\/uploads\\\/2024\\\/05\\\/cropped-cropped-avatar-1.png\",\"contentUrl\":\"https:\\\/\\\/maranhaotv.com.br\\\/wp-content\\\/uploads\\\/2024\\\/05\\\/cropped-cropped-avatar-1.png\",\"width\":792,\"height\":428,\"caption\":\"Portal de Not\u00edcias\"},\"image\":{\"@id\":\"https:\\\/\\\/maranhaotv.com.br\\\/#\\\/schema\\\/logo\\\/image\\\/\"},\"sameAs\":[\"https:\\\/\\\/www.facebook.com\\\/maiobaotv\",\"https:\\\/\\\/x.com\\\/sitemaranhaotv\",\"https:\\\/\\\/www.instagram.com\\\/maranhao.tv\",\"https:\\\/\\\/www.threads.net\\\/@maranhao.tv\"]},{\"@type\":\"Person\",\"@id\":\"https:\\\/\\\/maranhaotv.com.br\\\/#\\\/schema\\\/person\\\/3d54238e86b20bb5c89ab2fdb8f8829a\",\"name\":\"maranhaotv\",\"image\":{\"@type\":\"ImageObject\",\"inLanguage\":\"pt-BR\",\"@id\":\"https:\\\/\\\/secure.gravatar.com\\\/avatar\\\/8fadbca458d4cb68b1dd399ae9a40618d747bb1af65ac9fad21c89220a143eb4?s=96&d=mm&r=g\",\"url\":\"https:\\\/\\\/secure.gravatar.com\\\/avatar\\\/8fadbca458d4cb68b1dd399ae9a40618d747bb1af65ac9fad21c89220a143eb4?s=96&d=mm&r=g\",\"contentUrl\":\"https:\\\/\\\/secure.gravatar.com\\\/avatar\\\/8fadbca458d4cb68b1dd399ae9a40618d747bb1af65ac9fad21c89220a143eb4?s=96&d=mm&r=g\",\"caption\":\"maranhaotv\"},\"sameAs\":[\"https:\\\/\\\/maranhaotv.com.br\\\/\"],\"url\":\"https:\\\/\\\/maranhaotv.com.br\\\/index.php\\\/author\\\/maranhaotv\\\/\"}]}<\/script>\n<!-- \/ Yoast SEO plugin. -->","yoast_head_json":{"title":"SIL\u00caNCIO QUE ADOECEPOR QUE OS HOMENS T\u00caM MEDO DE PROCURAR AJUDA PSICOL\u00d3GICA? - NOT\u00cdCIAS EM TEMPO REAL","robots":{"index":"index","follow":"follow","max-snippet":"max-snippet:-1","max-image-preview":"max-image-preview:large","max-video-preview":"max-video-preview:-1"},"canonical":"https:\/\/maranhaotv.com.br\/index.php\/2025\/10\/23\/silencio-que-adoecepor-que-os-homens-tem-medo-de-procurar-ajuda-psicologica\/","og_locale":"pt_BR","og_type":"article","og_title":"SIL\u00caNCIO QUE ADOECEPOR QUE OS HOMENS T\u00caM MEDO DE PROCURAR AJUDA PSICOL\u00d3GICA? - NOT\u00cdCIAS EM TEMPO REAL","og_description":"Sempre fui o tipo de homem que guarda tudo pra si. Aqui na Madre Deus, a gente cresce ouvindo que","og_url":"https:\/\/maranhaotv.com.br\/index.php\/2025\/10\/23\/silencio-que-adoecepor-que-os-homens-tem-medo-de-procurar-ajuda-psicologica\/","og_site_name":"NOT\u00cdCIAS EM TEMPO REAL","article_publisher":"https:\/\/www.facebook.com\/maiobaotv","article_published_time":"2025-10-23T12:34:11+00:00","og_image":[{"width":1600,"height":1066,"url":"https:\/\/maranhaotv.com.br\/wp-content\/uploads\/2025\/10\/32f3aaf5-7a2b-4948-93c9-a9260c7f9071.jpg","type":"image\/jpeg"}],"author":"maranhaotv","twitter_card":"summary_large_image","twitter_creator":"@sitemaranhaotv","twitter_site":"@sitemaranhaotv","twitter_misc":{"Escrito por":"maranhaotv","Est. tempo de leitura":"3 minutos"},"schema":{"@context":"https:\/\/schema.org","@graph":[{"@type":"Article","@id":"https:\/\/maranhaotv.com.br\/index.php\/2025\/10\/23\/silencio-que-adoecepor-que-os-homens-tem-medo-de-procurar-ajuda-psicologica\/#article","isPartOf":{"@id":"https:\/\/maranhaotv.com.br\/index.php\/2025\/10\/23\/silencio-que-adoecepor-que-os-homens-tem-medo-de-procurar-ajuda-psicologica\/"},"author":{"name":"maranhaotv","@id":"https:\/\/maranhaotv.com.br\/#\/schema\/person\/3d54238e86b20bb5c89ab2fdb8f8829a"},"headline":"SIL\u00caNCIO QUE ADOECEPOR QUE OS HOMENS T\u00caM MEDO DE PROCURAR AJUDA PSICOL\u00d3GICA?","datePublished":"2025-10-23T12:34:11+00:00","mainEntityOfPage":{"@id":"https:\/\/maranhaotv.com.br\/index.php\/2025\/10\/23\/silencio-que-adoecepor-que-os-homens-tem-medo-de-procurar-ajuda-psicologica\/"},"wordCount":662,"publisher":{"@id":"https:\/\/maranhaotv.com.br\/#organization"},"image":{"@id":"https:\/\/maranhaotv.com.br\/index.php\/2025\/10\/23\/silencio-que-adoecepor-que-os-homens-tem-medo-de-procurar-ajuda-psicologica\/#primaryimage"},"thumbnailUrl":"https:\/\/maranhaotv.com.br\/wp-content\/uploads\/2025\/10\/32f3aaf5-7a2b-4948-93c9-a9260c7f9071.jpg","articleSection":["sa\u00fade"],"inLanguage":"pt-BR"},{"@type":"WebPage","@id":"https:\/\/maranhaotv.com.br\/index.php\/2025\/10\/23\/silencio-que-adoecepor-que-os-homens-tem-medo-de-procurar-ajuda-psicologica\/","url":"https:\/\/maranhaotv.com.br\/index.php\/2025\/10\/23\/silencio-que-adoecepor-que-os-homens-tem-medo-de-procurar-ajuda-psicologica\/","name":"SIL\u00caNCIO QUE ADOECEPOR QUE OS HOMENS T\u00caM MEDO DE PROCURAR AJUDA PSICOL\u00d3GICA? - NOT\u00cdCIAS EM TEMPO REAL","isPartOf":{"@id":"https:\/\/maranhaotv.com.br\/#website"},"primaryImageOfPage":{"@id":"https:\/\/maranhaotv.com.br\/index.php\/2025\/10\/23\/silencio-que-adoecepor-que-os-homens-tem-medo-de-procurar-ajuda-psicologica\/#primaryimage"},"image":{"@id":"https:\/\/maranhaotv.com.br\/index.php\/2025\/10\/23\/silencio-que-adoecepor-que-os-homens-tem-medo-de-procurar-ajuda-psicologica\/#primaryimage"},"thumbnailUrl":"https:\/\/maranhaotv.com.br\/wp-content\/uploads\/2025\/10\/32f3aaf5-7a2b-4948-93c9-a9260c7f9071.jpg","datePublished":"2025-10-23T12:34:11+00:00","breadcrumb":{"@id":"https:\/\/maranhaotv.com.br\/index.php\/2025\/10\/23\/silencio-que-adoecepor-que-os-homens-tem-medo-de-procurar-ajuda-psicologica\/#breadcrumb"},"inLanguage":"pt-BR","potentialAction":[{"@type":"ReadAction","target":["https:\/\/maranhaotv.com.br\/index.php\/2025\/10\/23\/silencio-que-adoecepor-que-os-homens-tem-medo-de-procurar-ajuda-psicologica\/"]}]},{"@type":"ImageObject","inLanguage":"pt-BR","@id":"https:\/\/maranhaotv.com.br\/index.php\/2025\/10\/23\/silencio-que-adoecepor-que-os-homens-tem-medo-de-procurar-ajuda-psicologica\/#primaryimage","url":"https:\/\/maranhaotv.com.br\/wp-content\/uploads\/2025\/10\/32f3aaf5-7a2b-4948-93c9-a9260c7f9071.jpg","contentUrl":"https:\/\/maranhaotv.com.br\/wp-content\/uploads\/2025\/10\/32f3aaf5-7a2b-4948-93c9-a9260c7f9071.jpg","width":1600,"height":1066},{"@type":"BreadcrumbList","@id":"https:\/\/maranhaotv.com.br\/index.php\/2025\/10\/23\/silencio-que-adoecepor-que-os-homens-tem-medo-de-procurar-ajuda-psicologica\/#breadcrumb","itemListElement":[{"@type":"ListItem","position":1,"name":"In\u00edcio","item":"https:\/\/maranhaotv.com.br\/"},{"@type":"ListItem","position":2,"name":"SIL\u00caNCIO QUE ADOECEPOR QUE OS HOMENS T\u00caM MEDO DE PROCURAR AJUDA PSICOL\u00d3GICA?"}]},{"@type":"WebSite","@id":"https:\/\/maranhaotv.com.br\/#website","url":"https:\/\/maranhaotv.com.br\/","name":"Maranh\u00e3oTV","description":"","publisher":{"@id":"https:\/\/maranhaotv.com.br\/#organization"},"potentialAction":[{"@type":"SearchAction","target":{"@type":"EntryPoint","urlTemplate":"https:\/\/maranhaotv.com.br\/?s={search_term_string}"},"query-input":{"@type":"PropertyValueSpecification","valueRequired":true,"valueName":"search_term_string"}}],"inLanguage":"pt-BR"},{"@type":"Organization","@id":"https:\/\/maranhaotv.com.br\/#organization","name":"Portal de Not\u00edcias","url":"https:\/\/maranhaotv.com.br\/","logo":{"@type":"ImageObject","inLanguage":"pt-BR","@id":"https:\/\/maranhaotv.com.br\/#\/schema\/logo\/image\/","url":"https:\/\/maranhaotv.com.br\/wp-content\/uploads\/2024\/05\/cropped-cropped-avatar-1.png","contentUrl":"https:\/\/maranhaotv.com.br\/wp-content\/uploads\/2024\/05\/cropped-cropped-avatar-1.png","width":792,"height":428,"caption":"Portal de Not\u00edcias"},"image":{"@id":"https:\/\/maranhaotv.com.br\/#\/schema\/logo\/image\/"},"sameAs":["https:\/\/www.facebook.com\/maiobaotv","https:\/\/x.com\/sitemaranhaotv","https:\/\/www.instagram.com\/maranhao.tv","https:\/\/www.threads.net\/@maranhao.tv"]},{"@type":"Person","@id":"https:\/\/maranhaotv.com.br\/#\/schema\/person\/3d54238e86b20bb5c89ab2fdb8f8829a","name":"maranhaotv","image":{"@type":"ImageObject","inLanguage":"pt-BR","@id":"https:\/\/secure.gravatar.com\/avatar\/8fadbca458d4cb68b1dd399ae9a40618d747bb1af65ac9fad21c89220a143eb4?s=96&d=mm&r=g","url":"https:\/\/secure.gravatar.com\/avatar\/8fadbca458d4cb68b1dd399ae9a40618d747bb1af65ac9fad21c89220a143eb4?s=96&d=mm&r=g","contentUrl":"https:\/\/secure.gravatar.com\/avatar\/8fadbca458d4cb68b1dd399ae9a40618d747bb1af65ac9fad21c89220a143eb4?s=96&d=mm&r=g","caption":"maranhaotv"},"sameAs":["https:\/\/maranhaotv.com.br\/"],"url":"https:\/\/maranhaotv.com.br\/index.php\/author\/maranhaotv\/"}]}},"jetpack_featured_media_url":"https:\/\/maranhaotv.com.br\/wp-content\/uploads\/2025\/10\/32f3aaf5-7a2b-4948-93c9-a9260c7f9071.jpg","jetpack_sharing_enabled":true,"_links":{"self":[{"href":"https:\/\/maranhaotv.com.br\/index.php\/wp-json\/wp\/v2\/posts\/44554","targetHints":{"allow":["GET"]}}],"collection":[{"href":"https:\/\/maranhaotv.com.br\/index.php\/wp-json\/wp\/v2\/posts"}],"about":[{"href":"https:\/\/maranhaotv.com.br\/index.php\/wp-json\/wp\/v2\/types\/post"}],"author":[{"embeddable":true,"href":"https:\/\/maranhaotv.com.br\/index.php\/wp-json\/wp\/v2\/users\/2"}],"replies":[{"embeddable":true,"href":"https:\/\/maranhaotv.com.br\/index.php\/wp-json\/wp\/v2\/comments?post=44554"}],"version-history":[{"count":1,"href":"https:\/\/maranhaotv.com.br\/index.php\/wp-json\/wp\/v2\/posts\/44554\/revisions"}],"predecessor-version":[{"id":44555,"href":"https:\/\/maranhaotv.com.br\/index.php\/wp-json\/wp\/v2\/posts\/44554\/revisions\/44555"}],"wp:featuredmedia":[{"embeddable":true,"href":"https:\/\/maranhaotv.com.br\/index.php\/wp-json\/wp\/v2\/media\/44553"}],"wp:attachment":[{"href":"https:\/\/maranhaotv.com.br\/index.php\/wp-json\/wp\/v2\/media?parent=44554"}],"wp:term":[{"taxonomy":"category","embeddable":true,"href":"https:\/\/maranhaotv.com.br\/index.php\/wp-json\/wp\/v2\/categories?post=44554"},{"taxonomy":"post_tag","embeddable":true,"href":"https:\/\/maranhaotv.com.br\/index.php\/wp-json\/wp\/v2\/tags?post=44554"}],"curies":[{"name":"wp","href":"https:\/\/api.w.org\/{rel}","templated":true}]}}