{"id":44570,"date":"2025-10-23T19:52:23","date_gmt":"2025-10-23T22:52:23","guid":{"rendered":"https:\/\/maranhaotv.com.br\/?p=44570"},"modified":"2025-10-23T19:53:21","modified_gmt":"2025-10-23T22:53:21","slug":"dino-abre-nova-fase-sobre-emendas-com-foco-em-deputados-estaduais-e-vereadores","status":"publish","type":"post","link":"https:\/\/maranhaotv.com.br\/index.php\/2025\/10\/23\/dino-abre-nova-fase-sobre-emendas-com-foco-em-deputados-estaduais-e-vereadores\/","title":{"rendered":"Dino abre nova fase sobre emendas com foco em deputados estaduais e vereadores"},"content":{"rendered":"\n<p><\/p>\n\n\n\n<p>O ministro Fl\u00e1vio Dino, do STF (Supremo Tribunal Federal), disse nesta quinta-feira (23) que os processos sobre emendas ter\u00e3o uma nova fase para verificar a execu\u00e7\u00e3o desses recursos nas Assembleias Legislativas e nas C\u00e2maras Municipais. Dino determinou que a execu\u00e7\u00e3o das emendas estaduais e municipais precisa respeitar as regras das verbas parlamentares federais, especialmente sobre transpar\u00eancia e rastreabilidade. A determina\u00e7\u00e3o passa a valer a partir de 2026.<br><br><br>Fl\u00e1vio Dino decidiu que os Tribunais de Contas Estaduais devem se adequar \u00e0s regras em vigor para a execu\u00e7\u00e3o das emendas parlamentares federais ainda este ano. A execu\u00e7\u00e3o das emendas de deputados estaduais e vereadores em 2026 s\u00f3 ser\u00e1 autorizada ap\u00f3s o cumprimento da decis\u00e3o.<br><br>\u201cQuanto a 2026, s\u00f3 ser\u00e1 poss\u00edvel [a execu\u00e7\u00e3o das emendas] ap\u00f3s a aferi\u00e7\u00e3o pelos Tribunais de Contas da adequa\u00e7\u00e3o dos respectivos Poderes Executivos estaduais e municipais e distrital \u00e0s determina\u00e7\u00f5es constantes do modelo federal interpretando a Constitui\u00e7\u00e3o da Rep\u00fablica\u201d, disse.<br><br>O ministro deu a decis\u00e3o no fim de uma audi\u00eancia p\u00fablica no Supremo sobre as emendas parlamentares. O encontro tinha o objetivo de atualizar o andamento dos trabalhos de \u00f3rg\u00e3os do governo Lula e do TCU (Tribunal de Contas da Uni\u00e3o) para dar mais transpar\u00eancia e rastreabilidade para os recursos indicados por congressistas.<br><br>\u201cPara a execu\u00e7\u00e3o or\u00e7ament\u00e1ria de 2026, os Tribunais de Contas dos estados t\u00eam o dever de, no \u00e2mbito da sua compet\u00eancia, com acompanhamento dos Minist\u00e9rios P\u00fablicos, regulamentar a adapta\u00e7\u00e3o ao momento federal. Tudo isso que n\u00f3s tratamos aqui, sobretudo, nesse momento, sobre transpar\u00eancia e rastreabilidade\u201d, explicou Dino.<br><br>Dino anunciou no in\u00edcio da audi\u00eancia que, atendendo a pedidos, estenderia as regras sobre as emendas para estados e munic\u00edpios.<br><br>\u201cN\u00f3s teremos o in\u00edcio de uma nova fase nesse processo [\u2026] em rela\u00e7\u00e3o a estados e munic\u00edpios, emendas de Assembleias e de C\u00e2maras. N\u00f3s vamos inaugurar uma nova etapa, uma vez que a jurisprud\u00eancia do Supremo determina que, neste caso, o modelo federal \u00e9 de observ\u00e2ncia obrigat\u00f3ria pelos entes subnacionais\u201d, disse.<br><br>O ministro ainda determinou que o governo Lula e o TCU auxiliem os \u00f3rg\u00e3os estaduais e municipais para os devidos ajustes.<br><br>Na reuni\u00e3o, Fl\u00e1vio Dino tamb\u00e9m comentou sobre o ac\u00famulo de procedimentos de fiscaliza\u00e7\u00e3o de emendas dos \u00faltimos cinco anos. Segundo o ministro, os \u00f3rg\u00e3os de controle n\u00e3o se adequaram diante da evolu\u00e7\u00e3o das emendas.<br><br>Dino destacou que h\u00e1 entre 35 mil e 40 mil presta\u00e7\u00f5es de contas sobre o uso das emendas parlamentares encaminhadas. Ele anunciou que pretende encontrar um encaminhamento institucional adequado para a an\u00e1lise dessas informa\u00e7\u00f5es.<br><br>\u201c\u00c9 preciso encontrar um encaminhamento institucional adequado, todos n\u00f3s certamente concordamos com isso, porque \u00e9 imposs\u00edvel abrirmos um tapete gigante e colocar isso embaixo. Eu tenho absoluta certeza que nenhum dos \u00f3rg\u00e3os e entidades conceberia uma sa\u00edda desse tipo\u201d, completou.<br><br>Na audi\u00eancia, representantes do TCU e do Minist\u00e9rio de Gest\u00e3o e Inova\u00e7\u00e3o mostraram a atualiza\u00e7\u00e3o de plataformas p\u00fablicas para o monitoramento da execu\u00e7\u00e3o das emendas parlamentares.<br><br>Uma das novidades, segundo os gestores, \u00e9 a publicidade dos nomes das empresas contratadas para a execu\u00e7\u00e3o de servi\u00e7os e obras com recursos das emendas Pix.<br><br>Os representantes do governo destacaram as atualiza\u00e7\u00f5es nos aplicativos Gestorgov.br, Cidadaogov.br e Fiscalgov.br, al\u00e9m do portal da transpar\u00eancia e do Transferegov.br. J\u00e1 o TCU disse que h\u00e1 novas informa\u00e7\u00f5es dispon\u00edveis no painel de acompanhamento de emendas do tribunal de contas.<br><br>Fl\u00e1vio Dino anunciou que determinar\u00e1 \u00e0 Secom (Secretaria de Comunica\u00e7\u00e3o) do governo Lula (PT) e ao Congresso Nacional a cria\u00e7\u00e3o de uma campanha publicit\u00e1ria em TV, r\u00e1dio e meios digitais, para comunicar ao p\u00fablico sobre as novas ferramentas para rastrear as emendas parlamentares.<br><br>\u201cN\u00e3o adianta a constitui\u00e7\u00e3o desse fant\u00e1stico ferramental tecnol\u00f3gico se ele n\u00e3o se prestar \u00e0 atividade a que ele se interessa, que \u00e9 o aprofundamento da democracia naquilo que h\u00e1 de mais sagrado que \u00e9 o exerc\u00edcio cotidiano da soberania popular. E isso depende que a informa\u00e7\u00e3o chegue [\u00e0 sociedade]. \u00c9 dever do Poder P\u00fablico, n\u00e3o \u00e9 um favor, propiciar que essa informa\u00e7\u00e3o chegue aos cidad\u00e3os\u201d, disse.<br><br><\/p>\n","protected":false},"excerpt":{"rendered":"<p>O ministro Fl\u00e1vio Dino, do STF (Supremo Tribunal Federal), disse nesta quinta-feira (23) que os processos sobre emendas ter\u00e3o uma<\/p>\n","protected":false},"author":2,"featured_media":44569,"comment_status":"open","ping_status":"open","sticky":false,"template":"","format":"standard","meta":{"colormag_page_container_layout":"default_layout","colormag_page_sidebar_layout":"default_layout","_jetpack_memberships_contains_paid_content":false,"footnotes":""},"categories":[2],"tags":[],"class_list":["post-44570","post","type-post","status-publish","format-standard","has-post-thumbnail","hentry","category-noticias"],"magazineBlocksPostFeaturedMedia":{"thumbnail":"https:\/\/maranhaotv.com.br\/wp-content\/uploads\/2025\/10\/dino-150x150.webp","medium":"https:\/\/maranhaotv.com.br\/wp-content\/uploads\/2025\/10\/dino-300x200.webp","medium_large":"https:\/\/maranhaotv.com.br\/wp-content\/uploads\/2025\/10\/dino.webp","large":"https:\/\/maranhaotv.com.br\/wp-content\/uploads\/2025\/10\/dino.webp","1536x1536":"https:\/\/maranhaotv.com.br\/wp-content\/uploads\/2025\/10\/dino.webp","2048x2048":"https:\/\/maranhaotv.com.br\/wp-content\/uploads\/2025\/10\/dino.webp","colormag-highlighted-post":"https:\/\/maranhaotv.com.br\/wp-content\/uploads\/2025\/10\/dino-392x272.webp","colormag-featured-post-medium":"https:\/\/maranhaotv.com.br\/wp-content\/uploads\/2025\/10\/dino-390x205.webp","colormag-featured-post-small":"https:\/\/maranhaotv.com.br\/wp-content\/uploads\/2025\/10\/dino-130x90.webp","colormag-featured-image":"https:\/\/maranhaotv.com.br\/wp-content\/uploads\/2025\/10\/dino-768x445.webp","colormag-default-news":"https:\/\/maranhaotv.com.br\/wp-content\/uploads\/2025\/10\/dino-150x150.webp","colormag-featured-image-large":"https:\/\/maranhaotv.com.br\/wp-content\/uploads\/2025\/10\/dino.webp"},"magazineBlocksPostAuthor":{"name":"maranhaotv","avatar":"https:\/\/secure.gravatar.com\/avatar\/8fadbca458d4cb68b1dd399ae9a40618d747bb1af65ac9fad21c89220a143eb4?s=96&d=mm&r=g"},"magazineBlocksPostCommentsNumber":"0","magazineBlocksPostExcerpt":"O ministro Fl\u00e1vio Dino, do STF (Supremo Tribunal Federal), disse nesta quinta-feira (23) que os processos sobre emendas ter\u00e3o uma","magazineBlocksPostCategories":["not\u00edcias"],"magazineBlocksPostViewCount":185,"magazineBlocksPostReadTime":4,"magazine_blocks_featured_image_url":{"full":["https:\/\/maranhaotv.com.br\/wp-content\/uploads\/2025\/10\/dino.webp",768,512,false],"medium":["https:\/\/maranhaotv.com.br\/wp-content\/uploads\/2025\/10\/dino-300x200.webp",300,200,true],"thumbnail":["https:\/\/maranhaotv.com.br\/wp-content\/uploads\/2025\/10\/dino-150x150.webp",150,150,true]},"magazine_blocks_author":{"display_name":"maranhaotv","author_link":"https:\/\/maranhaotv.com.br\/index.php\/author\/maranhaotv\/"},"magazine_blocks_comment":0,"magazine_blocks_author_image":"https:\/\/secure.gravatar.com\/avatar\/8fadbca458d4cb68b1dd399ae9a40618d747bb1af65ac9fad21c89220a143eb4?s=96&d=mm&r=g","magazine_blocks_category":"<a href=\"#\" class=\"category-link category-link-2\">not\u00edcias<\/a>","yoast_head":"<!-- This site is optimized with the Yoast SEO plugin v27.4 - https:\/\/yoast.com\/product\/yoast-seo-wordpress\/ -->\n<title>Dino abre nova fase sobre emendas com foco em deputados estaduais e vereadores - NOT\u00cdCIAS EM TEMPO REAL<\/title>\n<meta name=\"robots\" content=\"index, follow, max-snippet:-1, max-image-preview:large, max-video-preview:-1\" \/>\n<link rel=\"canonical\" href=\"https:\/\/maranhaotv.com.br\/index.php\/2025\/10\/23\/dino-abre-nova-fase-sobre-emendas-com-foco-em-deputados-estaduais-e-vereadores\/\" \/>\n<meta property=\"og:locale\" content=\"pt_BR\" \/>\n<meta property=\"og:type\" content=\"article\" \/>\n<meta property=\"og:title\" content=\"Dino abre nova fase sobre emendas com foco em deputados estaduais e vereadores - NOT\u00cdCIAS EM TEMPO REAL\" \/>\n<meta property=\"og:description\" content=\"O ministro Fl\u00e1vio Dino, do STF (Supremo Tribunal Federal), disse nesta quinta-feira (23) que os processos sobre emendas ter\u00e3o uma\" \/>\n<meta property=\"og:url\" content=\"https:\/\/maranhaotv.com.br\/index.php\/2025\/10\/23\/dino-abre-nova-fase-sobre-emendas-com-foco-em-deputados-estaduais-e-vereadores\/\" \/>\n<meta property=\"og:site_name\" content=\"NOT\u00cdCIAS EM TEMPO REAL\" \/>\n<meta property=\"article:publisher\" content=\"https:\/\/www.facebook.com\/maiobaotv\" \/>\n<meta property=\"article:published_time\" content=\"2025-10-23T22:52:23+00:00\" \/>\n<meta property=\"article:modified_time\" content=\"2025-10-23T22:53:21+00:00\" \/>\n<meta property=\"og:image\" content=\"https:\/\/maranhaotv.com.br\/wp-content\/uploads\/2025\/10\/dino.webp\" \/>\n\t<meta property=\"og:image:width\" content=\"768\" \/>\n\t<meta property=\"og:image:height\" content=\"512\" \/>\n\t<meta property=\"og:image:type\" content=\"image\/webp\" \/>\n<meta name=\"author\" content=\"maranhaotv\" \/>\n<meta name=\"twitter:card\" content=\"summary_large_image\" \/>\n<meta name=\"twitter:creator\" content=\"@sitemaranhaotv\" \/>\n<meta name=\"twitter:site\" content=\"@sitemaranhaotv\" \/>\n<meta name=\"twitter:label1\" content=\"Escrito por\" \/>\n\t<meta name=\"twitter:data1\" content=\"maranhaotv\" \/>\n\t<meta name=\"twitter:label2\" content=\"Est. tempo de leitura\" \/>\n\t<meta name=\"twitter:data2\" content=\"4 minutos\" \/>\n<script type=\"application\/ld+json\" class=\"yoast-schema-graph\">{\"@context\":\"https:\\\/\\\/schema.org\",\"@graph\":[{\"@type\":\"Article\",\"@id\":\"https:\\\/\\\/maranhaotv.com.br\\\/index.php\\\/2025\\\/10\\\/23\\\/dino-abre-nova-fase-sobre-emendas-com-foco-em-deputados-estaduais-e-vereadores\\\/#article\",\"isPartOf\":{\"@id\":\"https:\\\/\\\/maranhaotv.com.br\\\/index.php\\\/2025\\\/10\\\/23\\\/dino-abre-nova-fase-sobre-emendas-com-foco-em-deputados-estaduais-e-vereadores\\\/\"},\"author\":{\"name\":\"maranhaotv\",\"@id\":\"https:\\\/\\\/maranhaotv.com.br\\\/#\\\/schema\\\/person\\\/3d54238e86b20bb5c89ab2fdb8f8829a\"},\"headline\":\"Dino abre nova fase sobre emendas com foco em deputados estaduais e vereadores\",\"datePublished\":\"2025-10-23T22:52:23+00:00\",\"dateModified\":\"2025-10-23T22:53:21+00:00\",\"mainEntityOfPage\":{\"@id\":\"https:\\\/\\\/maranhaotv.com.br\\\/index.php\\\/2025\\\/10\\\/23\\\/dino-abre-nova-fase-sobre-emendas-com-foco-em-deputados-estaduais-e-vereadores\\\/\"},\"wordCount\":746,\"commentCount\":0,\"publisher\":{\"@id\":\"https:\\\/\\\/maranhaotv.com.br\\\/#organization\"},\"image\":{\"@id\":\"https:\\\/\\\/maranhaotv.com.br\\\/index.php\\\/2025\\\/10\\\/23\\\/dino-abre-nova-fase-sobre-emendas-com-foco-em-deputados-estaduais-e-vereadores\\\/#primaryimage\"},\"thumbnailUrl\":\"https:\\\/\\\/maranhaotv.com.br\\\/wp-content\\\/uploads\\\/2025\\\/10\\\/dino.webp\",\"articleSection\":[\"not\u00edcias\"],\"inLanguage\":\"pt-BR\",\"potentialAction\":[{\"@type\":\"CommentAction\",\"name\":\"Comment\",\"target\":[\"https:\\\/\\\/maranhaotv.com.br\\\/index.php\\\/2025\\\/10\\\/23\\\/dino-abre-nova-fase-sobre-emendas-com-foco-em-deputados-estaduais-e-vereadores\\\/#respond\"]}]},{\"@type\":\"WebPage\",\"@id\":\"https:\\\/\\\/maranhaotv.com.br\\\/index.php\\\/2025\\\/10\\\/23\\\/dino-abre-nova-fase-sobre-emendas-com-foco-em-deputados-estaduais-e-vereadores\\\/\",\"url\":\"https:\\\/\\\/maranhaotv.com.br\\\/index.php\\\/2025\\\/10\\\/23\\\/dino-abre-nova-fase-sobre-emendas-com-foco-em-deputados-estaduais-e-vereadores\\\/\",\"name\":\"Dino abre nova fase sobre emendas com foco em deputados estaduais e vereadores - NOT\u00cdCIAS EM TEMPO REAL\",\"isPartOf\":{\"@id\":\"https:\\\/\\\/maranhaotv.com.br\\\/#website\"},\"primaryImageOfPage\":{\"@id\":\"https:\\\/\\\/maranhaotv.com.br\\\/index.php\\\/2025\\\/10\\\/23\\\/dino-abre-nova-fase-sobre-emendas-com-foco-em-deputados-estaduais-e-vereadores\\\/#primaryimage\"},\"image\":{\"@id\":\"https:\\\/\\\/maranhaotv.com.br\\\/index.php\\\/2025\\\/10\\\/23\\\/dino-abre-nova-fase-sobre-emendas-com-foco-em-deputados-estaduais-e-vereadores\\\/#primaryimage\"},\"thumbnailUrl\":\"https:\\\/\\\/maranhaotv.com.br\\\/wp-content\\\/uploads\\\/2025\\\/10\\\/dino.webp\",\"datePublished\":\"2025-10-23T22:52:23+00:00\",\"dateModified\":\"2025-10-23T22:53:21+00:00\",\"breadcrumb\":{\"@id\":\"https:\\\/\\\/maranhaotv.com.br\\\/index.php\\\/2025\\\/10\\\/23\\\/dino-abre-nova-fase-sobre-emendas-com-foco-em-deputados-estaduais-e-vereadores\\\/#breadcrumb\"},\"inLanguage\":\"pt-BR\",\"potentialAction\":[{\"@type\":\"ReadAction\",\"target\":[\"https:\\\/\\\/maranhaotv.com.br\\\/index.php\\\/2025\\\/10\\\/23\\\/dino-abre-nova-fase-sobre-emendas-com-foco-em-deputados-estaduais-e-vereadores\\\/\"]}]},{\"@type\":\"ImageObject\",\"inLanguage\":\"pt-BR\",\"@id\":\"https:\\\/\\\/maranhaotv.com.br\\\/index.php\\\/2025\\\/10\\\/23\\\/dino-abre-nova-fase-sobre-emendas-com-foco-em-deputados-estaduais-e-vereadores\\\/#primaryimage\",\"url\":\"https:\\\/\\\/maranhaotv.com.br\\\/wp-content\\\/uploads\\\/2025\\\/10\\\/dino.webp\",\"contentUrl\":\"https:\\\/\\\/maranhaotv.com.br\\\/wp-content\\\/uploads\\\/2025\\\/10\\\/dino.webp\",\"width\":768,\"height\":512},{\"@type\":\"BreadcrumbList\",\"@id\":\"https:\\\/\\\/maranhaotv.com.br\\\/index.php\\\/2025\\\/10\\\/23\\\/dino-abre-nova-fase-sobre-emendas-com-foco-em-deputados-estaduais-e-vereadores\\\/#breadcrumb\",\"itemListElement\":[{\"@type\":\"ListItem\",\"position\":1,\"name\":\"In\u00edcio\",\"item\":\"https:\\\/\\\/maranhaotv.com.br\\\/\"},{\"@type\":\"ListItem\",\"position\":2,\"name\":\"Dino abre nova fase sobre emendas com foco em deputados estaduais e vereadores\"}]},{\"@type\":\"WebSite\",\"@id\":\"https:\\\/\\\/maranhaotv.com.br\\\/#website\",\"url\":\"https:\\\/\\\/maranhaotv.com.br\\\/\",\"name\":\"Maranh\u00e3oTV\",\"description\":\"\",\"publisher\":{\"@id\":\"https:\\\/\\\/maranhaotv.com.br\\\/#organization\"},\"potentialAction\":[{\"@type\":\"SearchAction\",\"target\":{\"@type\":\"EntryPoint\",\"urlTemplate\":\"https:\\\/\\\/maranhaotv.com.br\\\/?s={search_term_string}\"},\"query-input\":{\"@type\":\"PropertyValueSpecification\",\"valueRequired\":true,\"valueName\":\"search_term_string\"}}],\"inLanguage\":\"pt-BR\"},{\"@type\":\"Organization\",\"@id\":\"https:\\\/\\\/maranhaotv.com.br\\\/#organization\",\"name\":\"Portal de Not\u00edcias\",\"url\":\"https:\\\/\\\/maranhaotv.com.br\\\/\",\"logo\":{\"@type\":\"ImageObject\",\"inLanguage\":\"pt-BR\",\"@id\":\"https:\\\/\\\/maranhaotv.com.br\\\/#\\\/schema\\\/logo\\\/image\\\/\",\"url\":\"https:\\\/\\\/maranhaotv.com.br\\\/wp-content\\\/uploads\\\/2024\\\/05\\\/cropped-cropped-avatar-1.png\",\"contentUrl\":\"https:\\\/\\\/maranhaotv.com.br\\\/wp-content\\\/uploads\\\/2024\\\/05\\\/cropped-cropped-avatar-1.png\",\"width\":792,\"height\":428,\"caption\":\"Portal de Not\u00edcias\"},\"image\":{\"@id\":\"https:\\\/\\\/maranhaotv.com.br\\\/#\\\/schema\\\/logo\\\/image\\\/\"},\"sameAs\":[\"https:\\\/\\\/www.facebook.com\\\/maiobaotv\",\"https:\\\/\\\/x.com\\\/sitemaranhaotv\",\"https:\\\/\\\/www.instagram.com\\\/maranhao.tv\",\"https:\\\/\\\/www.threads.net\\\/@maranhao.tv\"]},{\"@type\":\"Person\",\"@id\":\"https:\\\/\\\/maranhaotv.com.br\\\/#\\\/schema\\\/person\\\/3d54238e86b20bb5c89ab2fdb8f8829a\",\"name\":\"maranhaotv\",\"image\":{\"@type\":\"ImageObject\",\"inLanguage\":\"pt-BR\",\"@id\":\"https:\\\/\\\/secure.gravatar.com\\\/avatar\\\/8fadbca458d4cb68b1dd399ae9a40618d747bb1af65ac9fad21c89220a143eb4?s=96&d=mm&r=g\",\"url\":\"https:\\\/\\\/secure.gravatar.com\\\/avatar\\\/8fadbca458d4cb68b1dd399ae9a40618d747bb1af65ac9fad21c89220a143eb4?s=96&d=mm&r=g\",\"contentUrl\":\"https:\\\/\\\/secure.gravatar.com\\\/avatar\\\/8fadbca458d4cb68b1dd399ae9a40618d747bb1af65ac9fad21c89220a143eb4?s=96&d=mm&r=g\",\"caption\":\"maranhaotv\"},\"sameAs\":[\"https:\\\/\\\/maranhaotv.com.br\\\/\"],\"url\":\"https:\\\/\\\/maranhaotv.com.br\\\/index.php\\\/author\\\/maranhaotv\\\/\"}]}<\/script>\n<!-- \/ Yoast SEO plugin. -->","yoast_head_json":{"title":"Dino abre nova fase sobre emendas com foco em deputados estaduais e vereadores - NOT\u00cdCIAS EM TEMPO REAL","robots":{"index":"index","follow":"follow","max-snippet":"max-snippet:-1","max-image-preview":"max-image-preview:large","max-video-preview":"max-video-preview:-1"},"canonical":"https:\/\/maranhaotv.com.br\/index.php\/2025\/10\/23\/dino-abre-nova-fase-sobre-emendas-com-foco-em-deputados-estaduais-e-vereadores\/","og_locale":"pt_BR","og_type":"article","og_title":"Dino abre nova fase sobre emendas com foco em deputados estaduais e vereadores - NOT\u00cdCIAS EM TEMPO REAL","og_description":"O ministro Fl\u00e1vio Dino, do STF (Supremo Tribunal Federal), disse nesta quinta-feira (23) que os processos sobre emendas ter\u00e3o uma","og_url":"https:\/\/maranhaotv.com.br\/index.php\/2025\/10\/23\/dino-abre-nova-fase-sobre-emendas-com-foco-em-deputados-estaduais-e-vereadores\/","og_site_name":"NOT\u00cdCIAS EM TEMPO REAL","article_publisher":"https:\/\/www.facebook.com\/maiobaotv","article_published_time":"2025-10-23T22:52:23+00:00","article_modified_time":"2025-10-23T22:53:21+00:00","og_image":[{"width":768,"height":512,"url":"https:\/\/maranhaotv.com.br\/wp-content\/uploads\/2025\/10\/dino.webp","type":"image\/webp"}],"author":"maranhaotv","twitter_card":"summary_large_image","twitter_creator":"@sitemaranhaotv","twitter_site":"@sitemaranhaotv","twitter_misc":{"Escrito por":"maranhaotv","Est. tempo de leitura":"4 minutos"},"schema":{"@context":"https:\/\/schema.org","@graph":[{"@type":"Article","@id":"https:\/\/maranhaotv.com.br\/index.php\/2025\/10\/23\/dino-abre-nova-fase-sobre-emendas-com-foco-em-deputados-estaduais-e-vereadores\/#article","isPartOf":{"@id":"https:\/\/maranhaotv.com.br\/index.php\/2025\/10\/23\/dino-abre-nova-fase-sobre-emendas-com-foco-em-deputados-estaduais-e-vereadores\/"},"author":{"name":"maranhaotv","@id":"https:\/\/maranhaotv.com.br\/#\/schema\/person\/3d54238e86b20bb5c89ab2fdb8f8829a"},"headline":"Dino abre nova fase sobre emendas com foco em deputados estaduais e vereadores","datePublished":"2025-10-23T22:52:23+00:00","dateModified":"2025-10-23T22:53:21+00:00","mainEntityOfPage":{"@id":"https:\/\/maranhaotv.com.br\/index.php\/2025\/10\/23\/dino-abre-nova-fase-sobre-emendas-com-foco-em-deputados-estaduais-e-vereadores\/"},"wordCount":746,"commentCount":0,"publisher":{"@id":"https:\/\/maranhaotv.com.br\/#organization"},"image":{"@id":"https:\/\/maranhaotv.com.br\/index.php\/2025\/10\/23\/dino-abre-nova-fase-sobre-emendas-com-foco-em-deputados-estaduais-e-vereadores\/#primaryimage"},"thumbnailUrl":"https:\/\/maranhaotv.com.br\/wp-content\/uploads\/2025\/10\/dino.webp","articleSection":["not\u00edcias"],"inLanguage":"pt-BR","potentialAction":[{"@type":"CommentAction","name":"Comment","target":["https:\/\/maranhaotv.com.br\/index.php\/2025\/10\/23\/dino-abre-nova-fase-sobre-emendas-com-foco-em-deputados-estaduais-e-vereadores\/#respond"]}]},{"@type":"WebPage","@id":"https:\/\/maranhaotv.com.br\/index.php\/2025\/10\/23\/dino-abre-nova-fase-sobre-emendas-com-foco-em-deputados-estaduais-e-vereadores\/","url":"https:\/\/maranhaotv.com.br\/index.php\/2025\/10\/23\/dino-abre-nova-fase-sobre-emendas-com-foco-em-deputados-estaduais-e-vereadores\/","name":"Dino abre nova fase sobre emendas com foco em deputados estaduais e vereadores - NOT\u00cdCIAS EM TEMPO REAL","isPartOf":{"@id":"https:\/\/maranhaotv.com.br\/#website"},"primaryImageOfPage":{"@id":"https:\/\/maranhaotv.com.br\/index.php\/2025\/10\/23\/dino-abre-nova-fase-sobre-emendas-com-foco-em-deputados-estaduais-e-vereadores\/#primaryimage"},"image":{"@id":"https:\/\/maranhaotv.com.br\/index.php\/2025\/10\/23\/dino-abre-nova-fase-sobre-emendas-com-foco-em-deputados-estaduais-e-vereadores\/#primaryimage"},"thumbnailUrl":"https:\/\/maranhaotv.com.br\/wp-content\/uploads\/2025\/10\/dino.webp","datePublished":"2025-10-23T22:52:23+00:00","dateModified":"2025-10-23T22:53:21+00:00","breadcrumb":{"@id":"https:\/\/maranhaotv.com.br\/index.php\/2025\/10\/23\/dino-abre-nova-fase-sobre-emendas-com-foco-em-deputados-estaduais-e-vereadores\/#breadcrumb"},"inLanguage":"pt-BR","potentialAction":[{"@type":"ReadAction","target":["https:\/\/maranhaotv.com.br\/index.php\/2025\/10\/23\/dino-abre-nova-fase-sobre-emendas-com-foco-em-deputados-estaduais-e-vereadores\/"]}]},{"@type":"ImageObject","inLanguage":"pt-BR","@id":"https:\/\/maranhaotv.com.br\/index.php\/2025\/10\/23\/dino-abre-nova-fase-sobre-emendas-com-foco-em-deputados-estaduais-e-vereadores\/#primaryimage","url":"https:\/\/maranhaotv.com.br\/wp-content\/uploads\/2025\/10\/dino.webp","contentUrl":"https:\/\/maranhaotv.com.br\/wp-content\/uploads\/2025\/10\/dino.webp","width":768,"height":512},{"@type":"BreadcrumbList","@id":"https:\/\/maranhaotv.com.br\/index.php\/2025\/10\/23\/dino-abre-nova-fase-sobre-emendas-com-foco-em-deputados-estaduais-e-vereadores\/#breadcrumb","itemListElement":[{"@type":"ListItem","position":1,"name":"In\u00edcio","item":"https:\/\/maranhaotv.com.br\/"},{"@type":"ListItem","position":2,"name":"Dino abre nova fase sobre emendas com foco em deputados estaduais e vereadores"}]},{"@type":"WebSite","@id":"https:\/\/maranhaotv.com.br\/#website","url":"https:\/\/maranhaotv.com.br\/","name":"Maranh\u00e3oTV","description":"","publisher":{"@id":"https:\/\/maranhaotv.com.br\/#organization"},"potentialAction":[{"@type":"SearchAction","target":{"@type":"EntryPoint","urlTemplate":"https:\/\/maranhaotv.com.br\/?s={search_term_string}"},"query-input":{"@type":"PropertyValueSpecification","valueRequired":true,"valueName":"search_term_string"}}],"inLanguage":"pt-BR"},{"@type":"Organization","@id":"https:\/\/maranhaotv.com.br\/#organization","name":"Portal de Not\u00edcias","url":"https:\/\/maranhaotv.com.br\/","logo":{"@type":"ImageObject","inLanguage":"pt-BR","@id":"https:\/\/maranhaotv.com.br\/#\/schema\/logo\/image\/","url":"https:\/\/maranhaotv.com.br\/wp-content\/uploads\/2024\/05\/cropped-cropped-avatar-1.png","contentUrl":"https:\/\/maranhaotv.com.br\/wp-content\/uploads\/2024\/05\/cropped-cropped-avatar-1.png","width":792,"height":428,"caption":"Portal de Not\u00edcias"},"image":{"@id":"https:\/\/maranhaotv.com.br\/#\/schema\/logo\/image\/"},"sameAs":["https:\/\/www.facebook.com\/maiobaotv","https:\/\/x.com\/sitemaranhaotv","https:\/\/www.instagram.com\/maranhao.tv","https:\/\/www.threads.net\/@maranhao.tv"]},{"@type":"Person","@id":"https:\/\/maranhaotv.com.br\/#\/schema\/person\/3d54238e86b20bb5c89ab2fdb8f8829a","name":"maranhaotv","image":{"@type":"ImageObject","inLanguage":"pt-BR","@id":"https:\/\/secure.gravatar.com\/avatar\/8fadbca458d4cb68b1dd399ae9a40618d747bb1af65ac9fad21c89220a143eb4?s=96&d=mm&r=g","url":"https:\/\/secure.gravatar.com\/avatar\/8fadbca458d4cb68b1dd399ae9a40618d747bb1af65ac9fad21c89220a143eb4?s=96&d=mm&r=g","contentUrl":"https:\/\/secure.gravatar.com\/avatar\/8fadbca458d4cb68b1dd399ae9a40618d747bb1af65ac9fad21c89220a143eb4?s=96&d=mm&r=g","caption":"maranhaotv"},"sameAs":["https:\/\/maranhaotv.com.br\/"],"url":"https:\/\/maranhaotv.com.br\/index.php\/author\/maranhaotv\/"}]}},"jetpack_featured_media_url":"https:\/\/maranhaotv.com.br\/wp-content\/uploads\/2025\/10\/dino.webp","jetpack_sharing_enabled":true,"_links":{"self":[{"href":"https:\/\/maranhaotv.com.br\/index.php\/wp-json\/wp\/v2\/posts\/44570","targetHints":{"allow":["GET"]}}],"collection":[{"href":"https:\/\/maranhaotv.com.br\/index.php\/wp-json\/wp\/v2\/posts"}],"about":[{"href":"https:\/\/maranhaotv.com.br\/index.php\/wp-json\/wp\/v2\/types\/post"}],"author":[{"embeddable":true,"href":"https:\/\/maranhaotv.com.br\/index.php\/wp-json\/wp\/v2\/users\/2"}],"replies":[{"embeddable":true,"href":"https:\/\/maranhaotv.com.br\/index.php\/wp-json\/wp\/v2\/comments?post=44570"}],"version-history":[{"count":1,"href":"https:\/\/maranhaotv.com.br\/index.php\/wp-json\/wp\/v2\/posts\/44570\/revisions"}],"predecessor-version":[{"id":44571,"href":"https:\/\/maranhaotv.com.br\/index.php\/wp-json\/wp\/v2\/posts\/44570\/revisions\/44571"}],"wp:featuredmedia":[{"embeddable":true,"href":"https:\/\/maranhaotv.com.br\/index.php\/wp-json\/wp\/v2\/media\/44569"}],"wp:attachment":[{"href":"https:\/\/maranhaotv.com.br\/index.php\/wp-json\/wp\/v2\/media?parent=44570"}],"wp:term":[{"taxonomy":"category","embeddable":true,"href":"https:\/\/maranhaotv.com.br\/index.php\/wp-json\/wp\/v2\/categories?post=44570"},{"taxonomy":"post_tag","embeddable":true,"href":"https:\/\/maranhaotv.com.br\/index.php\/wp-json\/wp\/v2\/tags?post=44570"}],"curies":[{"name":"wp","href":"https:\/\/api.w.org\/{rel}","templated":true}]}}