{"id":44722,"date":"2025-11-03T08:21:46","date_gmt":"2025-11-03T11:21:46","guid":{"rendered":"https:\/\/maranhaotv.com.br\/?p=44722"},"modified":"2025-11-03T14:19:29","modified_gmt":"2025-11-03T17:19:29","slug":"ministros-do-stf-estarao-nesta-segunda-feira-em-sao-luis","status":"publish","type":"post","link":"https:\/\/maranhaotv.com.br\/index.php\/2025\/11\/03\/ministros-do-stf-estarao-nesta-segunda-feira-em-sao-luis\/","title":{"rendered":"Ministros do STF estar\u00e3o nesta segunda-feira em S\u00e3o Lu\u00eds"},"content":{"rendered":"\n<p><\/p>\n\n\n\n<p>A presidente do Tribunal Superior Eleitoral (TSE), ministra C\u00e1rmen L\u00facia, e o ministro Fl\u00e1vio Dino, ambos membros do Supremo Tribunal Federal (STF), estar\u00e3o nesta segunda-feira, 3, em S\u00e3o Lu\u00eds, para participar do Simp\u00f3sio de Direito Eleitoral, cujo tema \u00e9 a \u201cIntegridade do processo eleitoral e o papel das institui\u00e7\u00f5es no fortalecimento da democracia\u201d.<\/p>\n\n\n\n<p><\/p>\n\n\n\n<p>A Escola Judici\u00e1ria do Tribunal Regional Eleitoral do Maranh\u00e3o \u00e9 respons\u00e1vel pela organiza\u00e7\u00e3o do evento, que ser\u00e1 realizado no Audit\u00f3rio Alberto Abdalla da Federa\u00e7\u00e3o das Ind\u00fastrias do Maranh\u00e3o (FIEMA \u2013 Casa da Ind\u00fastria Albano Franco \u2013 Avenida Jer\u00f4nimo de Albuquerque, s\/n \u2013 retorno da Cohama).<\/p>\n\n\n\n<p>O encontro, que tamb\u00e9m vai contar com palestra da ministra Estela Aranha, do TSE, prop\u00f5e uma an\u00e1lise aprofundada dos desafios enfrentados pela democracia na era digital, al\u00e9m de promover uma discuss\u00e3o sobre o papel fundamental das institui\u00e7\u00f5es na sua preserva\u00e7\u00e3o e fortalecimento democr\u00e1tico, especialmente no combate \u00e0 crescente desinforma\u00e7\u00e3o.<\/p>\n\n\n\n<p><strong>Programa\u00e7\u00e3o completa<\/strong><\/p>\n\n\n\n<p><strong>8h30 \u2013 Abertura<\/strong><\/p>\n\n\n\n<p>Desembargador Paulo Velten (presidente do TRE-MA)<\/p>\n\n\n\n<p><strong>9h \u00e0s 9h50 \u2013 Palestra<\/strong><\/p>\n\n\n\n<p>\u201cA miss\u00e3o constitucional da Justi\u00e7a Eleitoral na preserva\u00e7\u00e3o da democracia\u201d<\/p>\n\n\n\n<p><strong>Palestrante:<\/strong>&nbsp;Ministra&nbsp;<strong>C\u00e1rmen L\u00faci<\/strong>a (presidente do TSE)<\/p>\n\n\n\n<p><strong>10h \u00e0s 11h \u2013 Painel 1<\/strong><\/p>\n\n\n\n<p>Tema 1: \u201cOs Tribunais Superiores como garantidores da democracia\u201d<\/p>\n\n\n\n<p><strong>Palestrante:<\/strong>&nbsp;Ministro&nbsp;<strong>Fl\u00e1vio Dino<\/strong>&nbsp;(membro do STF)<\/p>\n\n\n\n<p><strong>Mediadora<\/strong>: Ju\u00edza Ros\u00e2ngela Prazeres (membra do TRE-MA diretora da EJE)<\/p>\n\n\n\n<p><strong>Tema 2:<\/strong>&nbsp;\u201cO impacto das Resolu\u00e7\u00f5es do TSE na Desinforma\u00e7\u00e3o Eleitoral\u201d<\/p>\n\n\n\n<p><strong>Palestrante:<\/strong>&nbsp;Ministra&nbsp;<strong>Estela Aranha<\/strong>&nbsp;(membra do TSE)<\/p>\n\n\n\n<p><strong>11h \u00e0s 12h \u2013 Painel 2<\/strong><\/p>\n\n\n\n<p><strong>Tema 1:<\/strong>&nbsp;\u201cO uso indevido da IA e o efeito da desinforma\u00e7\u00e3o nas Elei\u00e7\u00f5es\u201d<\/p>\n\n\n\n<p><strong>Palestrante:<\/strong>&nbsp;Jurista Diogo Rais (membro do TRE-SP)<\/p>\n\n\n\n<p><strong>Tema 2:<\/strong>&nbsp;\u201cImpactos da LGPD no registro de candidaturas\u201d<\/p>\n\n\n\n<p><strong>Palestrante:<\/strong>&nbsp;Professor Elder Goltzman (Analista judici\u00e1rio do TRE-SP)<\/p>\n\n\n\n<p><strong>Mediadora:<\/strong>&nbsp;Desembargadora Francisca Galiza (Corregedora do TRE-MA)<\/p>\n\n\n\n<p><strong>12h \u2013 Almo\u00e7o<\/strong><\/p>\n\n\n\n<p><strong>14h30 \u00e0s 15h30 \u2013 Painel 3<\/strong><\/p>\n\n\n\n<p><strong>Tema 1:<\/strong>&nbsp;\u201cAs Resolu\u00e7\u00f5es do TSE como mecanismo de garantia da democracia\u201d<\/p>\n\n\n\n<p><strong>Palestrante:<\/strong>&nbsp;Jurista Rodrigo Maia (membro do TRE-MA)<\/p>\n\n\n\n<p><strong>Tema 2:<\/strong>&nbsp;\u201cA participa\u00e7\u00e3o popular e a conquista de direitos na democracia\u201d<\/p>\n\n\n\n<p><strong>Palestrante:<\/strong>&nbsp;Doutora Cl\u00e1udia Gon\u00e7alves (professora da UFMA)<\/p>\n\n\n\n<p>Mediador: Juiz Ferdinando Serejo (membro do TRE-MA)<\/p>\n\n\n\n<p><strong>15h30 \u00e0s 16h30 \u2013 Painel 4<\/strong><\/p>\n\n\n\n<p><strong>Tema 1:<\/strong>&nbsp;\u201cDemocracia e participa\u00e7\u00e3o pol\u00edtica\u201d<\/p>\n\n\n\n<p><strong>Palestrante:<\/strong>&nbsp;Desembargador Paulo Velten (presidente do TRE-MA)<\/p>\n\n\n\n<p><strong>Tema 2:<\/strong>&nbsp;\u201cO papel das institui\u00e7\u00f5es na defesa do Estado Democr\u00e1tico de Direito\u201d.<\/p>\n\n\n\n<p><strong>Palestrante:<\/strong>&nbsp;Dra. Maria da Gl\u00f3ria Aquino (professora chefe do Departamento de Direito da UFMA)<\/p>\n\n\n\n<p><strong>Mediadora:<\/strong>&nbsp;Ju\u00edza Ana Beatriz Maia (membra do TRE-MA)<\/p>\n\n\n\n<p><strong>17h \u2013 Encerramento<\/strong><\/p>\n\n\n\n<p>(Por Isa\u00edas Rocha)<\/p>\n","protected":false},"excerpt":{"rendered":"<p>A presidente do Tribunal Superior Eleitoral (TSE), ministra C\u00e1rmen L\u00facia, e o ministro Fl\u00e1vio Dino, ambos membros do Supremo Tribunal<\/p>\n","protected":false},"author":2,"featured_media":44721,"comment_status":"closed","ping_status":"open","sticky":false,"template":"","format":"standard","meta":{"colormag_page_container_layout":"default_layout","colormag_page_sidebar_layout":"default_layout","_jetpack_memberships_contains_paid_content":false,"footnotes":""},"categories":[2],"tags":[],"class_list":["post-44722","post","type-post","status-publish","format-standard","has-post-thumbnail","hentry","category-noticias"],"magazineBlocksPostFeaturedMedia":{"thumbnail":"https:\/\/maranhaotv.com.br\/wp-content\/uploads\/2025\/11\/img_3675-150x150.jpg","medium":"https:\/\/maranhaotv.com.br\/wp-content\/uploads\/2025\/11\/img_3675-300x300.jpg","medium_large":"https:\/\/maranhaotv.com.br\/wp-content\/uploads\/2025\/11\/img_3675-768x768.jpg","large":"https:\/\/maranhaotv.com.br\/wp-content\/uploads\/2025\/11\/img_3675.jpg","1536x1536":"https:\/\/maranhaotv.com.br\/wp-content\/uploads\/2025\/11\/img_3675.jpg","2048x2048":"https:\/\/maranhaotv.com.br\/wp-content\/uploads\/2025\/11\/img_3675.jpg","colormag-highlighted-post":"https:\/\/maranhaotv.com.br\/wp-content\/uploads\/2025\/11\/img_3675-392x272.jpg","colormag-featured-post-medium":"https:\/\/maranhaotv.com.br\/wp-content\/uploads\/2025\/11\/img_3675-390x205.jpg","colormag-featured-post-small":"https:\/\/maranhaotv.com.br\/wp-content\/uploads\/2025\/11\/img_3675-130x90.jpg","colormag-featured-image":"https:\/\/maranhaotv.com.br\/wp-content\/uploads\/2025\/11\/img_3675-800x445.jpg","colormag-default-news":"https:\/\/maranhaotv.com.br\/wp-content\/uploads\/2025\/11\/img_3675-150x150.jpg","colormag-featured-image-large":"https:\/\/maranhaotv.com.br\/wp-content\/uploads\/2025\/11\/img_3675-800x600.jpg"},"magazineBlocksPostAuthor":{"name":"maranhaotv","avatar":"https:\/\/secure.gravatar.com\/avatar\/8fadbca458d4cb68b1dd399ae9a40618d747bb1af65ac9fad21c89220a143eb4?s=96&d=mm&r=g"},"magazineBlocksPostCommentsNumber":false,"magazineBlocksPostExcerpt":"A presidente do Tribunal Superior Eleitoral (TSE), ministra C\u00e1rmen L\u00facia, e o ministro Fl\u00e1vio Dino, ambos membros do Supremo Tribunal","magazineBlocksPostCategories":["not\u00edcias"],"magazineBlocksPostViewCount":198,"magazineBlocksPostReadTime":3,"magazine_blocks_featured_image_url":{"full":["https:\/\/maranhaotv.com.br\/wp-content\/uploads\/2025\/11\/img_3675.jpg",800,800,false],"medium":["https:\/\/maranhaotv.com.br\/wp-content\/uploads\/2025\/11\/img_3675-300x300.jpg",300,300,true],"thumbnail":["https:\/\/maranhaotv.com.br\/wp-content\/uploads\/2025\/11\/img_3675-150x150.jpg",150,150,true]},"magazine_blocks_author":{"display_name":"maranhaotv","author_link":"https:\/\/maranhaotv.com.br\/index.php\/author\/maranhaotv\/"},"magazine_blocks_comment":0,"magazine_blocks_author_image":"https:\/\/secure.gravatar.com\/avatar\/8fadbca458d4cb68b1dd399ae9a40618d747bb1af65ac9fad21c89220a143eb4?s=96&d=mm&r=g","magazine_blocks_category":"<a href=\"#\" class=\"category-link category-link-2\">not\u00edcias<\/a>","yoast_head":"<!-- This site is optimized with the Yoast SEO plugin v27.4 - https:\/\/yoast.com\/product\/yoast-seo-wordpress\/ -->\n<title>Ministros do STF estar\u00e3o nesta segunda-feira em S\u00e3o Lu\u00eds - NOT\u00cdCIAS EM TEMPO REAL<\/title>\n<meta name=\"robots\" content=\"index, follow, max-snippet:-1, max-image-preview:large, max-video-preview:-1\" \/>\n<link rel=\"canonical\" href=\"https:\/\/maranhaotv.com.br\/index.php\/2025\/11\/03\/ministros-do-stf-estarao-nesta-segunda-feira-em-sao-luis\/\" \/>\n<meta property=\"og:locale\" content=\"pt_BR\" \/>\n<meta property=\"og:type\" content=\"article\" \/>\n<meta property=\"og:title\" content=\"Ministros do STF estar\u00e3o nesta segunda-feira em S\u00e3o Lu\u00eds - NOT\u00cdCIAS EM TEMPO REAL\" \/>\n<meta property=\"og:description\" content=\"A presidente do Tribunal Superior Eleitoral (TSE), ministra C\u00e1rmen L\u00facia, e o ministro Fl\u00e1vio Dino, ambos membros do Supremo Tribunal\" \/>\n<meta property=\"og:url\" content=\"https:\/\/maranhaotv.com.br\/index.php\/2025\/11\/03\/ministros-do-stf-estarao-nesta-segunda-feira-em-sao-luis\/\" \/>\n<meta property=\"og:site_name\" content=\"NOT\u00cdCIAS EM TEMPO REAL\" \/>\n<meta property=\"article:publisher\" content=\"https:\/\/www.facebook.com\/maiobaotv\" \/>\n<meta property=\"article:published_time\" content=\"2025-11-03T11:21:46+00:00\" \/>\n<meta property=\"article:modified_time\" content=\"2025-11-03T17:19:29+00:00\" \/>\n<meta property=\"og:image\" content=\"https:\/\/maranhaotv.com.br\/wp-content\/uploads\/2025\/11\/img_3675.jpg\" \/>\n\t<meta property=\"og:image:width\" content=\"800\" \/>\n\t<meta property=\"og:image:height\" content=\"800\" \/>\n\t<meta property=\"og:image:type\" content=\"image\/jpeg\" \/>\n<meta name=\"author\" content=\"maranhaotv\" \/>\n<meta name=\"twitter:card\" content=\"summary_large_image\" \/>\n<meta name=\"twitter:creator\" content=\"@sitemaranhaotv\" \/>\n<meta name=\"twitter:site\" content=\"@sitemaranhaotv\" \/>\n<meta name=\"twitter:label1\" content=\"Escrito por\" \/>\n\t<meta name=\"twitter:data1\" content=\"maranhaotv\" \/>\n\t<meta name=\"twitter:label2\" content=\"Est. tempo de leitura\" \/>\n\t<meta name=\"twitter:data2\" content=\"2 minutos\" \/>\n<script type=\"application\/ld+json\" class=\"yoast-schema-graph\">{\"@context\":\"https:\\\/\\\/schema.org\",\"@graph\":[{\"@type\":\"Article\",\"@id\":\"https:\\\/\\\/maranhaotv.com.br\\\/index.php\\\/2025\\\/11\\\/03\\\/ministros-do-stf-estarao-nesta-segunda-feira-em-sao-luis\\\/#article\",\"isPartOf\":{\"@id\":\"https:\\\/\\\/maranhaotv.com.br\\\/index.php\\\/2025\\\/11\\\/03\\\/ministros-do-stf-estarao-nesta-segunda-feira-em-sao-luis\\\/\"},\"author\":{\"name\":\"maranhaotv\",\"@id\":\"https:\\\/\\\/maranhaotv.com.br\\\/#\\\/schema\\\/person\\\/3d54238e86b20bb5c89ab2fdb8f8829a\"},\"headline\":\"Ministros do STF estar\u00e3o nesta segunda-feira em S\u00e3o Lu\u00eds\",\"datePublished\":\"2025-11-03T11:21:46+00:00\",\"dateModified\":\"2025-11-03T17:19:29+00:00\",\"mainEntityOfPage\":{\"@id\":\"https:\\\/\\\/maranhaotv.com.br\\\/index.php\\\/2025\\\/11\\\/03\\\/ministros-do-stf-estarao-nesta-segunda-feira-em-sao-luis\\\/\"},\"wordCount\":457,\"publisher\":{\"@id\":\"https:\\\/\\\/maranhaotv.com.br\\\/#organization\"},\"image\":{\"@id\":\"https:\\\/\\\/maranhaotv.com.br\\\/index.php\\\/2025\\\/11\\\/03\\\/ministros-do-stf-estarao-nesta-segunda-feira-em-sao-luis\\\/#primaryimage\"},\"thumbnailUrl\":\"https:\\\/\\\/maranhaotv.com.br\\\/wp-content\\\/uploads\\\/2025\\\/11\\\/img_3675.jpg\",\"articleSection\":[\"not\u00edcias\"],\"inLanguage\":\"pt-BR\"},{\"@type\":\"WebPage\",\"@id\":\"https:\\\/\\\/maranhaotv.com.br\\\/index.php\\\/2025\\\/11\\\/03\\\/ministros-do-stf-estarao-nesta-segunda-feira-em-sao-luis\\\/\",\"url\":\"https:\\\/\\\/maranhaotv.com.br\\\/index.php\\\/2025\\\/11\\\/03\\\/ministros-do-stf-estarao-nesta-segunda-feira-em-sao-luis\\\/\",\"name\":\"Ministros do STF estar\u00e3o nesta segunda-feira em S\u00e3o Lu\u00eds - NOT\u00cdCIAS EM TEMPO REAL\",\"isPartOf\":{\"@id\":\"https:\\\/\\\/maranhaotv.com.br\\\/#website\"},\"primaryImageOfPage\":{\"@id\":\"https:\\\/\\\/maranhaotv.com.br\\\/index.php\\\/2025\\\/11\\\/03\\\/ministros-do-stf-estarao-nesta-segunda-feira-em-sao-luis\\\/#primaryimage\"},\"image\":{\"@id\":\"https:\\\/\\\/maranhaotv.com.br\\\/index.php\\\/2025\\\/11\\\/03\\\/ministros-do-stf-estarao-nesta-segunda-feira-em-sao-luis\\\/#primaryimage\"},\"thumbnailUrl\":\"https:\\\/\\\/maranhaotv.com.br\\\/wp-content\\\/uploads\\\/2025\\\/11\\\/img_3675.jpg\",\"datePublished\":\"2025-11-03T11:21:46+00:00\",\"dateModified\":\"2025-11-03T17:19:29+00:00\",\"breadcrumb\":{\"@id\":\"https:\\\/\\\/maranhaotv.com.br\\\/index.php\\\/2025\\\/11\\\/03\\\/ministros-do-stf-estarao-nesta-segunda-feira-em-sao-luis\\\/#breadcrumb\"},\"inLanguage\":\"pt-BR\",\"potentialAction\":[{\"@type\":\"ReadAction\",\"target\":[\"https:\\\/\\\/maranhaotv.com.br\\\/index.php\\\/2025\\\/11\\\/03\\\/ministros-do-stf-estarao-nesta-segunda-feira-em-sao-luis\\\/\"]}]},{\"@type\":\"ImageObject\",\"inLanguage\":\"pt-BR\",\"@id\":\"https:\\\/\\\/maranhaotv.com.br\\\/index.php\\\/2025\\\/11\\\/03\\\/ministros-do-stf-estarao-nesta-segunda-feira-em-sao-luis\\\/#primaryimage\",\"url\":\"https:\\\/\\\/maranhaotv.com.br\\\/wp-content\\\/uploads\\\/2025\\\/11\\\/img_3675.jpg\",\"contentUrl\":\"https:\\\/\\\/maranhaotv.com.br\\\/wp-content\\\/uploads\\\/2025\\\/11\\\/img_3675.jpg\",\"width\":800,\"height\":800},{\"@type\":\"BreadcrumbList\",\"@id\":\"https:\\\/\\\/maranhaotv.com.br\\\/index.php\\\/2025\\\/11\\\/03\\\/ministros-do-stf-estarao-nesta-segunda-feira-em-sao-luis\\\/#breadcrumb\",\"itemListElement\":[{\"@type\":\"ListItem\",\"position\":1,\"name\":\"In\u00edcio\",\"item\":\"https:\\\/\\\/maranhaotv.com.br\\\/\"},{\"@type\":\"ListItem\",\"position\":2,\"name\":\"Ministros do STF estar\u00e3o nesta segunda-feira em S\u00e3o Lu\u00eds\"}]},{\"@type\":\"WebSite\",\"@id\":\"https:\\\/\\\/maranhaotv.com.br\\\/#website\",\"url\":\"https:\\\/\\\/maranhaotv.com.br\\\/\",\"name\":\"Maranh\u00e3oTV\",\"description\":\"\",\"publisher\":{\"@id\":\"https:\\\/\\\/maranhaotv.com.br\\\/#organization\"},\"potentialAction\":[{\"@type\":\"SearchAction\",\"target\":{\"@type\":\"EntryPoint\",\"urlTemplate\":\"https:\\\/\\\/maranhaotv.com.br\\\/?s={search_term_string}\"},\"query-input\":{\"@type\":\"PropertyValueSpecification\",\"valueRequired\":true,\"valueName\":\"search_term_string\"}}],\"inLanguage\":\"pt-BR\"},{\"@type\":\"Organization\",\"@id\":\"https:\\\/\\\/maranhaotv.com.br\\\/#organization\",\"name\":\"Portal de Not\u00edcias\",\"url\":\"https:\\\/\\\/maranhaotv.com.br\\\/\",\"logo\":{\"@type\":\"ImageObject\",\"inLanguage\":\"pt-BR\",\"@id\":\"https:\\\/\\\/maranhaotv.com.br\\\/#\\\/schema\\\/logo\\\/image\\\/\",\"url\":\"https:\\\/\\\/maranhaotv.com.br\\\/wp-content\\\/uploads\\\/2024\\\/05\\\/cropped-cropped-avatar-1.png\",\"contentUrl\":\"https:\\\/\\\/maranhaotv.com.br\\\/wp-content\\\/uploads\\\/2024\\\/05\\\/cropped-cropped-avatar-1.png\",\"width\":792,\"height\":428,\"caption\":\"Portal de Not\u00edcias\"},\"image\":{\"@id\":\"https:\\\/\\\/maranhaotv.com.br\\\/#\\\/schema\\\/logo\\\/image\\\/\"},\"sameAs\":[\"https:\\\/\\\/www.facebook.com\\\/maiobaotv\",\"https:\\\/\\\/x.com\\\/sitemaranhaotv\",\"https:\\\/\\\/www.instagram.com\\\/maranhao.tv\",\"https:\\\/\\\/www.threads.net\\\/@maranhao.tv\"]},{\"@type\":\"Person\",\"@id\":\"https:\\\/\\\/maranhaotv.com.br\\\/#\\\/schema\\\/person\\\/3d54238e86b20bb5c89ab2fdb8f8829a\",\"name\":\"maranhaotv\",\"image\":{\"@type\":\"ImageObject\",\"inLanguage\":\"pt-BR\",\"@id\":\"https:\\\/\\\/secure.gravatar.com\\\/avatar\\\/8fadbca458d4cb68b1dd399ae9a40618d747bb1af65ac9fad21c89220a143eb4?s=96&d=mm&r=g\",\"url\":\"https:\\\/\\\/secure.gravatar.com\\\/avatar\\\/8fadbca458d4cb68b1dd399ae9a40618d747bb1af65ac9fad21c89220a143eb4?s=96&d=mm&r=g\",\"contentUrl\":\"https:\\\/\\\/secure.gravatar.com\\\/avatar\\\/8fadbca458d4cb68b1dd399ae9a40618d747bb1af65ac9fad21c89220a143eb4?s=96&d=mm&r=g\",\"caption\":\"maranhaotv\"},\"sameAs\":[\"https:\\\/\\\/maranhaotv.com.br\\\/\"],\"url\":\"https:\\\/\\\/maranhaotv.com.br\\\/index.php\\\/author\\\/maranhaotv\\\/\"}]}<\/script>\n<!-- \/ Yoast SEO plugin. -->","yoast_head_json":{"title":"Ministros do STF estar\u00e3o nesta segunda-feira em S\u00e3o Lu\u00eds - NOT\u00cdCIAS EM TEMPO REAL","robots":{"index":"index","follow":"follow","max-snippet":"max-snippet:-1","max-image-preview":"max-image-preview:large","max-video-preview":"max-video-preview:-1"},"canonical":"https:\/\/maranhaotv.com.br\/index.php\/2025\/11\/03\/ministros-do-stf-estarao-nesta-segunda-feira-em-sao-luis\/","og_locale":"pt_BR","og_type":"article","og_title":"Ministros do STF estar\u00e3o nesta segunda-feira em S\u00e3o Lu\u00eds - NOT\u00cdCIAS EM TEMPO REAL","og_description":"A presidente do Tribunal Superior Eleitoral (TSE), ministra C\u00e1rmen L\u00facia, e o ministro Fl\u00e1vio Dino, ambos membros do Supremo Tribunal","og_url":"https:\/\/maranhaotv.com.br\/index.php\/2025\/11\/03\/ministros-do-stf-estarao-nesta-segunda-feira-em-sao-luis\/","og_site_name":"NOT\u00cdCIAS EM TEMPO REAL","article_publisher":"https:\/\/www.facebook.com\/maiobaotv","article_published_time":"2025-11-03T11:21:46+00:00","article_modified_time":"2025-11-03T17:19:29+00:00","og_image":[{"width":800,"height":800,"url":"https:\/\/maranhaotv.com.br\/wp-content\/uploads\/2025\/11\/img_3675.jpg","type":"image\/jpeg"}],"author":"maranhaotv","twitter_card":"summary_large_image","twitter_creator":"@sitemaranhaotv","twitter_site":"@sitemaranhaotv","twitter_misc":{"Escrito por":"maranhaotv","Est. tempo de leitura":"2 minutos"},"schema":{"@context":"https:\/\/schema.org","@graph":[{"@type":"Article","@id":"https:\/\/maranhaotv.com.br\/index.php\/2025\/11\/03\/ministros-do-stf-estarao-nesta-segunda-feira-em-sao-luis\/#article","isPartOf":{"@id":"https:\/\/maranhaotv.com.br\/index.php\/2025\/11\/03\/ministros-do-stf-estarao-nesta-segunda-feira-em-sao-luis\/"},"author":{"name":"maranhaotv","@id":"https:\/\/maranhaotv.com.br\/#\/schema\/person\/3d54238e86b20bb5c89ab2fdb8f8829a"},"headline":"Ministros do STF estar\u00e3o nesta segunda-feira em S\u00e3o Lu\u00eds","datePublished":"2025-11-03T11:21:46+00:00","dateModified":"2025-11-03T17:19:29+00:00","mainEntityOfPage":{"@id":"https:\/\/maranhaotv.com.br\/index.php\/2025\/11\/03\/ministros-do-stf-estarao-nesta-segunda-feira-em-sao-luis\/"},"wordCount":457,"publisher":{"@id":"https:\/\/maranhaotv.com.br\/#organization"},"image":{"@id":"https:\/\/maranhaotv.com.br\/index.php\/2025\/11\/03\/ministros-do-stf-estarao-nesta-segunda-feira-em-sao-luis\/#primaryimage"},"thumbnailUrl":"https:\/\/maranhaotv.com.br\/wp-content\/uploads\/2025\/11\/img_3675.jpg","articleSection":["not\u00edcias"],"inLanguage":"pt-BR"},{"@type":"WebPage","@id":"https:\/\/maranhaotv.com.br\/index.php\/2025\/11\/03\/ministros-do-stf-estarao-nesta-segunda-feira-em-sao-luis\/","url":"https:\/\/maranhaotv.com.br\/index.php\/2025\/11\/03\/ministros-do-stf-estarao-nesta-segunda-feira-em-sao-luis\/","name":"Ministros do STF estar\u00e3o nesta segunda-feira em S\u00e3o Lu\u00eds - NOT\u00cdCIAS EM TEMPO REAL","isPartOf":{"@id":"https:\/\/maranhaotv.com.br\/#website"},"primaryImageOfPage":{"@id":"https:\/\/maranhaotv.com.br\/index.php\/2025\/11\/03\/ministros-do-stf-estarao-nesta-segunda-feira-em-sao-luis\/#primaryimage"},"image":{"@id":"https:\/\/maranhaotv.com.br\/index.php\/2025\/11\/03\/ministros-do-stf-estarao-nesta-segunda-feira-em-sao-luis\/#primaryimage"},"thumbnailUrl":"https:\/\/maranhaotv.com.br\/wp-content\/uploads\/2025\/11\/img_3675.jpg","datePublished":"2025-11-03T11:21:46+00:00","dateModified":"2025-11-03T17:19:29+00:00","breadcrumb":{"@id":"https:\/\/maranhaotv.com.br\/index.php\/2025\/11\/03\/ministros-do-stf-estarao-nesta-segunda-feira-em-sao-luis\/#breadcrumb"},"inLanguage":"pt-BR","potentialAction":[{"@type":"ReadAction","target":["https:\/\/maranhaotv.com.br\/index.php\/2025\/11\/03\/ministros-do-stf-estarao-nesta-segunda-feira-em-sao-luis\/"]}]},{"@type":"ImageObject","inLanguage":"pt-BR","@id":"https:\/\/maranhaotv.com.br\/index.php\/2025\/11\/03\/ministros-do-stf-estarao-nesta-segunda-feira-em-sao-luis\/#primaryimage","url":"https:\/\/maranhaotv.com.br\/wp-content\/uploads\/2025\/11\/img_3675.jpg","contentUrl":"https:\/\/maranhaotv.com.br\/wp-content\/uploads\/2025\/11\/img_3675.jpg","width":800,"height":800},{"@type":"BreadcrumbList","@id":"https:\/\/maranhaotv.com.br\/index.php\/2025\/11\/03\/ministros-do-stf-estarao-nesta-segunda-feira-em-sao-luis\/#breadcrumb","itemListElement":[{"@type":"ListItem","position":1,"name":"In\u00edcio","item":"https:\/\/maranhaotv.com.br\/"},{"@type":"ListItem","position":2,"name":"Ministros do STF estar\u00e3o nesta segunda-feira em S\u00e3o Lu\u00eds"}]},{"@type":"WebSite","@id":"https:\/\/maranhaotv.com.br\/#website","url":"https:\/\/maranhaotv.com.br\/","name":"Maranh\u00e3oTV","description":"","publisher":{"@id":"https:\/\/maranhaotv.com.br\/#organization"},"potentialAction":[{"@type":"SearchAction","target":{"@type":"EntryPoint","urlTemplate":"https:\/\/maranhaotv.com.br\/?s={search_term_string}"},"query-input":{"@type":"PropertyValueSpecification","valueRequired":true,"valueName":"search_term_string"}}],"inLanguage":"pt-BR"},{"@type":"Organization","@id":"https:\/\/maranhaotv.com.br\/#organization","name":"Portal de Not\u00edcias","url":"https:\/\/maranhaotv.com.br\/","logo":{"@type":"ImageObject","inLanguage":"pt-BR","@id":"https:\/\/maranhaotv.com.br\/#\/schema\/logo\/image\/","url":"https:\/\/maranhaotv.com.br\/wp-content\/uploads\/2024\/05\/cropped-cropped-avatar-1.png","contentUrl":"https:\/\/maranhaotv.com.br\/wp-content\/uploads\/2024\/05\/cropped-cropped-avatar-1.png","width":792,"height":428,"caption":"Portal de Not\u00edcias"},"image":{"@id":"https:\/\/maranhaotv.com.br\/#\/schema\/logo\/image\/"},"sameAs":["https:\/\/www.facebook.com\/maiobaotv","https:\/\/x.com\/sitemaranhaotv","https:\/\/www.instagram.com\/maranhao.tv","https:\/\/www.threads.net\/@maranhao.tv"]},{"@type":"Person","@id":"https:\/\/maranhaotv.com.br\/#\/schema\/person\/3d54238e86b20bb5c89ab2fdb8f8829a","name":"maranhaotv","image":{"@type":"ImageObject","inLanguage":"pt-BR","@id":"https:\/\/secure.gravatar.com\/avatar\/8fadbca458d4cb68b1dd399ae9a40618d747bb1af65ac9fad21c89220a143eb4?s=96&d=mm&r=g","url":"https:\/\/secure.gravatar.com\/avatar\/8fadbca458d4cb68b1dd399ae9a40618d747bb1af65ac9fad21c89220a143eb4?s=96&d=mm&r=g","contentUrl":"https:\/\/secure.gravatar.com\/avatar\/8fadbca458d4cb68b1dd399ae9a40618d747bb1af65ac9fad21c89220a143eb4?s=96&d=mm&r=g","caption":"maranhaotv"},"sameAs":["https:\/\/maranhaotv.com.br\/"],"url":"https:\/\/maranhaotv.com.br\/index.php\/author\/maranhaotv\/"}]}},"jetpack_featured_media_url":"https:\/\/maranhaotv.com.br\/wp-content\/uploads\/2025\/11\/img_3675.jpg","jetpack_sharing_enabled":true,"_links":{"self":[{"href":"https:\/\/maranhaotv.com.br\/index.php\/wp-json\/wp\/v2\/posts\/44722","targetHints":{"allow":["GET"]}}],"collection":[{"href":"https:\/\/maranhaotv.com.br\/index.php\/wp-json\/wp\/v2\/posts"}],"about":[{"href":"https:\/\/maranhaotv.com.br\/index.php\/wp-json\/wp\/v2\/types\/post"}],"author":[{"embeddable":true,"href":"https:\/\/maranhaotv.com.br\/index.php\/wp-json\/wp\/v2\/users\/2"}],"replies":[{"embeddable":true,"href":"https:\/\/maranhaotv.com.br\/index.php\/wp-json\/wp\/v2\/comments?post=44722"}],"version-history":[{"count":2,"href":"https:\/\/maranhaotv.com.br\/index.php\/wp-json\/wp\/v2\/posts\/44722\/revisions"}],"predecessor-version":[{"id":44727,"href":"https:\/\/maranhaotv.com.br\/index.php\/wp-json\/wp\/v2\/posts\/44722\/revisions\/44727"}],"wp:featuredmedia":[{"embeddable":true,"href":"https:\/\/maranhaotv.com.br\/index.php\/wp-json\/wp\/v2\/media\/44721"}],"wp:attachment":[{"href":"https:\/\/maranhaotv.com.br\/index.php\/wp-json\/wp\/v2\/media?parent=44722"}],"wp:term":[{"taxonomy":"category","embeddable":true,"href":"https:\/\/maranhaotv.com.br\/index.php\/wp-json\/wp\/v2\/categories?post=44722"},{"taxonomy":"post_tag","embeddable":true,"href":"https:\/\/maranhaotv.com.br\/index.php\/wp-json\/wp\/v2\/tags?post=44722"}],"curies":[{"name":"wp","href":"https:\/\/api.w.org\/{rel}","templated":true}]}}