{"id":44745,"date":"2025-11-05T06:32:05","date_gmt":"2025-11-05T09:32:05","guid":{"rendered":"https:\/\/maranhaotv.com.br\/?p=44745"},"modified":"2025-11-05T06:34:49","modified_gmt":"2025-11-05T09:34:49","slug":"prefeito-fred-campos-inaugura-centro-de-imagens-em-paco-do-lumiar-com-ressonancia-tomografia-e-mais-de-1-000-exames-por-semana","status":"publish","type":"post","link":"https:\/\/maranhaotv.com.br\/index.php\/2025\/11\/05\/prefeito-fred-campos-inaugura-centro-de-imagens-em-paco-do-lumiar-com-ressonancia-tomografia-e-mais-de-1-000-exames-por-semana\/","title":{"rendered":"Prefeito Fred Campos inaugura Centro de Imagens em Pa\u00e7o do Lumiar com resson\u00e2ncia, tomografia e mais de 1.000 exames por semana"},"content":{"rendered":"\n<p><br \/>Em apenas 10 meses de gest\u00e3o, o prefeito Fred Campos transformou mais um sonho em realidade: nesta ter\u00e7a-feira (04), foi inaugurado o Centro de Especialidades e Diagn\u00f3sticos Luminense, na Avenida 10 do Maiob\u00e3o \u2014 um lugar onde tecnologia, cuidado e dignidade agora caminham lado a lado.<br \/>Pela primeira vez na hist\u00f3ria do munic\u00edpio, os luminenses t\u00eam acesso, dentro da pr\u00f3pria cidade, a exames de imagem e diagn\u00f3sticos de m\u00e9dia e alta complexidade. O que antes exigia deslocamento para outros munic\u00edpios, agora acontece a poucos minutos de casa, perto da fam\u00edlia e com atendimento humanizado.<br \/>O Centro conta com equipamentos de \u00faltima gera\u00e7\u00e3o e servi\u00e7os como: Resson\u00e2ncia Magn\u00e9tica, Tomografia Computadorizada, Mamografia, Densitometria \u00d3ssea, Raio-X Digital e Exames Cardiol\u00f3gicos, como: Eletrocardiograma (ECG), Teste Ergom\u00e9trico, Holter 24h, MAPA e Ecocardiograma.<br \/>Com essa estrutura, ser\u00e3o realizados quase 1.000 exames por semana, garantindo diagn\u00f3sticos r\u00e1pidos, tratamentos no tempo certo e mais dignidade para a popula\u00e7\u00e3o.<br \/>O agendamento para realizar os exames ser\u00e1 feito presencialmente na Secretaria Municipal de Sa\u00fade. Para isso, \u00e9 necess\u00e1rio apresentar: Solicita\u00e7\u00e3o m\u00e9dica do exame e c\u00f3pia dos principais documentos pessoais.<br \/>A cerim\u00f4nia de inaugura\u00e7\u00e3o contou com a presen\u00e7a do prefeito Fred Campos, da primeira-dama Maedja Campos, da vice-prefeita Mariana Brand\u00e3o, da secret\u00e1ria municipal de sa\u00fade Ana L\u00facia, al\u00e9m da presidente da Assembleia Legislativa do Maranh\u00e3o, Iracema Vale, e dos deputados estaduais Antonio Pereira, Ana do G\u00e1s e Helena Duailibe.<br \/>O presidente da C\u00e2mara Municipal, Fernando Feitosa, vereadores e a comunidade tamb\u00e9m prestigiaram a inaugura\u00e7\u00e3o \u2014 muitos moradores aproveitaram a oportunidade e j\u00e1 realizaram seus primeiros exames no local.<br \/>Maria do Amparo, dona de casa e moradora do Maiob\u00e3o, realizou um exame de raio-x e aprovou a nova estrutura. \u201cFui atendida r\u00e1pido, o lugar \u00e9 lindo, organizado e todo mundo me tratou com carinho. Agora a gente n\u00e3o precisa mais sair de Pa\u00e7o pra fazer exame. Isso \u00e9 uma b\u00ean\u00e7\u00e3o pra n\u00f3s\u201d, disse ela.<br \/>Encantada com a estrutura, a presidente da Assembleia Legislativa do Maranh\u00e3o destacou. \u201cPa\u00e7o do Lumiar d\u00e1 hoje um exemplo para o Maranh\u00e3o. Este Centro de Imagens entrega modernidade, dignidade e cuidado com a vida das pessoas. \u00c9 um avan\u00e7o que fortalece n\u00e3o s\u00f3 a sa\u00fade do munic\u00edpio, mas de toda a regi\u00e3o\u201d, ressaltou Iracema Vale.<br \/>Emocionado, o prefeito refor\u00e7ou a import\u00e2ncia hist\u00f3rica do momento. \u201cEsse centro \u00e9 um marco na hist\u00f3ria de Pa\u00e7o do Lumiar. A partir de hoje, o nosso povo n\u00e3o precisa mais sair do munic\u00edpio para fazer seus exames de imagem. Aqui, perto de casa, com respeito, tecnologia e amor pela nossa gente. \u00c9 por isso que trabalhamos todos os dias\u201d, finalizou Fred Campos.<br \/>O Centro de Especialidades e Diagn\u00f3sticos Luminense se soma a outras entregas importantes dos primeiros 10 meses de gest\u00e3o, como: Mais de 10 UBSs reformadas e reabertas; Reativa\u00e7\u00e3o do SAMU; Amplia\u00e7\u00e3o dos servi\u00e7os de sa\u00fade e especialidades em toda a cidade.<\/p>\n\n\n\n<figure class=\"wp-block-image\"><img decoding=\"async\" src=\"file:\/\/\/data\/user\/0\/org.wordpress.android\/cache\/img-20251105-wa00137936289136176741007.jpg\" alt=\"\" class=\"wp-image-91\"\/><\/figure>\n\n\n\n<figure class=\"wp-block-image\"><img decoding=\"async\" src=\"file:\/\/\/data\/user\/0\/org.wordpress.android\/cache\/img-20251105-wa00118330120319212658893.jpg\" alt=\"\" class=\"wp-image-94\"\/><\/figure>\n\n\n\n<figure class=\"wp-block-image size-large\"><img loading=\"lazy\" decoding=\"async\" width=\"1024\" height=\"682\" src=\"https:\/\/maranhaotv.com.br\/wp-content\/uploads\/2025\/11\/img-20251105-wa00127406091445487143740-1024x682.jpg\" alt=\"\" class=\"wp-image-44749\" srcset=\"https:\/\/maranhaotv.com.br\/wp-content\/uploads\/2025\/11\/img-20251105-wa00127406091445487143740-1024x682.jpg 1024w, https:\/\/maranhaotv.com.br\/wp-content\/uploads\/2025\/11\/img-20251105-wa00127406091445487143740-300x200.jpg 300w, https:\/\/maranhaotv.com.br\/wp-content\/uploads\/2025\/11\/img-20251105-wa00127406091445487143740-768x512.jpg 768w, https:\/\/maranhaotv.com.br\/wp-content\/uploads\/2025\/11\/img-20251105-wa00127406091445487143740-1536x1023.jpg 1536w, https:\/\/maranhaotv.com.br\/wp-content\/uploads\/2025\/11\/img-20251105-wa00127406091445487143740.jpg 1600w\" sizes=\"auto, (max-width: 1024px) 100vw, 1024px\" \/><\/figure>\n\n\n\n<figure class=\"wp-block-image\"><img loading=\"lazy\" decoding=\"async\" width=\"1024\" height=\"682\" src=\"https:\/\/maranhaotv.com.br\/wp-content\/uploads\/2025\/11\/img-20251105-wa00143916852938341680202-1024x682.jpg\" alt=\"\" class=\"wp-image-44747\" srcset=\"https:\/\/maranhaotv.com.br\/wp-content\/uploads\/2025\/11\/img-20251105-wa00143916852938341680202-1024x682.jpg 1024w, https:\/\/maranhaotv.com.br\/wp-content\/uploads\/2025\/11\/img-20251105-wa00143916852938341680202-300x200.jpg 300w, https:\/\/maranhaotv.com.br\/wp-content\/uploads\/2025\/11\/img-20251105-wa00143916852938341680202-768x512.jpg 768w, https:\/\/maranhaotv.com.br\/wp-content\/uploads\/2025\/11\/img-20251105-wa00143916852938341680202-1536x1023.jpg 1536w, https:\/\/maranhaotv.com.br\/wp-content\/uploads\/2025\/11\/img-20251105-wa00143916852938341680202.jpg 1600w\" sizes=\"auto, (max-width: 1024px) 100vw, 1024px\" \/><\/figure>\n\n\n\n<figure class=\"wp-block-image\"><img loading=\"lazy\" decoding=\"async\" width=\"1024\" height=\"682\" src=\"https:\/\/maranhaotv.com.br\/wp-content\/uploads\/2025\/11\/img-20251105-wa00161976830769461617391-1024x682.jpg\" alt=\"\" class=\"wp-image-44748\" srcset=\"https:\/\/maranhaotv.com.br\/wp-content\/uploads\/2025\/11\/img-20251105-wa00161976830769461617391-1024x682.jpg 1024w, https:\/\/maranhaotv.com.br\/wp-content\/uploads\/2025\/11\/img-20251105-wa00161976830769461617391-300x200.jpg 300w, https:\/\/maranhaotv.com.br\/wp-content\/uploads\/2025\/11\/img-20251105-wa00161976830769461617391-768x512.jpg 768w, https:\/\/maranhaotv.com.br\/wp-content\/uploads\/2025\/11\/img-20251105-wa00161976830769461617391-1536x1023.jpg 1536w, https:\/\/maranhaotv.com.br\/wp-content\/uploads\/2025\/11\/img-20251105-wa00161976830769461617391.jpg 1600w\" sizes=\"auto, (max-width: 1024px) 100vw, 1024px\" \/><\/figure>\n","protected":false},"excerpt":{"rendered":"<p>Em apenas 10 meses de gest\u00e3o, o prefeito Fred Campos transformou mais um sonho em realidade: nesta ter\u00e7a-feira (04), foi<\/p>\n","protected":false},"author":2,"featured_media":44744,"comment_status":"open","ping_status":"open","sticky":false,"template":"","format":"standard","meta":{"colormag_page_container_layout":"default_layout","colormag_page_sidebar_layout":"default_layout","_jetpack_memberships_contains_paid_content":false,"footnotes":""},"categories":[6],"tags":[],"class_list":["post-44745","post","type-post","status-publish","format-standard","has-post-thumbnail","hentry","category-politica"],"magazineBlocksPostFeaturedMedia":{"thumbnail":"https:\/\/maranhaotv.com.br\/wp-content\/uploads\/2025\/11\/image_editor_output_image-128481094-1762335132547-150x150.jpg","medium":"https:\/\/maranhaotv.com.br\/wp-content\/uploads\/2025\/11\/image_editor_output_image-128481094-1762335132547-300x200.jpg","medium_large":"https:\/\/maranhaotv.com.br\/wp-content\/uploads\/2025\/11\/image_editor_output_image-128481094-1762335132547-768x512.jpg","large":"https:\/\/maranhaotv.com.br\/wp-content\/uploads\/2025\/11\/image_editor_output_image-128481094-1762335132547-1024x682.jpg","1536x1536":"https:\/\/maranhaotv.com.br\/wp-content\/uploads\/2025\/11\/image_editor_output_image-128481094-1762335132547-1536x1023.jpg","2048x2048":"https:\/\/maranhaotv.com.br\/wp-content\/uploads\/2025\/11\/image_editor_output_image-128481094-1762335132547.jpg","colormag-highlighted-post":"https:\/\/maranhaotv.com.br\/wp-content\/uploads\/2025\/11\/image_editor_output_image-128481094-1762335132547-392x272.jpg","colormag-featured-post-medium":"https:\/\/maranhaotv.com.br\/wp-content\/uploads\/2025\/11\/image_editor_output_image-128481094-1762335132547-390x205.jpg","colormag-featured-post-small":"https:\/\/maranhaotv.com.br\/wp-content\/uploads\/2025\/11\/image_editor_output_image-128481094-1762335132547-130x90.jpg","colormag-featured-image":"https:\/\/maranhaotv.com.br\/wp-content\/uploads\/2025\/11\/image_editor_output_image-128481094-1762335132547-800x445.jpg","colormag-default-news":"https:\/\/maranhaotv.com.br\/wp-content\/uploads\/2025\/11\/image_editor_output_image-128481094-1762335132547-150x150.jpg","colormag-featured-image-large":"https:\/\/maranhaotv.com.br\/wp-content\/uploads\/2025\/11\/image_editor_output_image-128481094-1762335132547-1400x600.jpg"},"magazineBlocksPostAuthor":{"name":"maranhaotv","avatar":"https:\/\/secure.gravatar.com\/avatar\/8fadbca458d4cb68b1dd399ae9a40618d747bb1af65ac9fad21c89220a143eb4?s=96&d=mm&r=g"},"magazineBlocksPostCommentsNumber":"0","magazineBlocksPostExcerpt":"Em apenas 10 meses de gest\u00e3o, o prefeito Fred Campos transformou mais um sonho em realidade: nesta ter\u00e7a-feira (04), foi","magazineBlocksPostCategories":["pol\u00edtica"],"magazineBlocksPostViewCount":137,"magazineBlocksPostReadTime":3,"magazine_blocks_featured_image_url":{"full":["https:\/\/maranhaotv.com.br\/wp-content\/uploads\/2025\/11\/image_editor_output_image-128481094-1762335132547.jpg",1600,1066,false],"medium":["https:\/\/maranhaotv.com.br\/wp-content\/uploads\/2025\/11\/image_editor_output_image-128481094-1762335132547-300x200.jpg",300,200,true],"thumbnail":["https:\/\/maranhaotv.com.br\/wp-content\/uploads\/2025\/11\/image_editor_output_image-128481094-1762335132547-150x150.jpg",150,150,true]},"magazine_blocks_author":{"display_name":"maranhaotv","author_link":"https:\/\/maranhaotv.com.br\/index.php\/author\/maranhaotv\/"},"magazine_blocks_comment":0,"magazine_blocks_author_image":"https:\/\/secure.gravatar.com\/avatar\/8fadbca458d4cb68b1dd399ae9a40618d747bb1af65ac9fad21c89220a143eb4?s=96&d=mm&r=g","magazine_blocks_category":"<a href=\"#\" class=\"category-link category-link-6\">pol\u00edtica<\/a>","yoast_head":"<!-- This site is optimized with the Yoast SEO plugin v27.4 - https:\/\/yoast.com\/product\/yoast-seo-wordpress\/ -->\n<title>Prefeito Fred Campos inaugura Centro de Imagens em Pa\u00e7o do Lumiar com resson\u00e2ncia, tomografia e mais de 1.000 exames por semana - NOT\u00cdCIAS EM TEMPO REAL<\/title>\n<meta name=\"robots\" content=\"index, follow, max-snippet:-1, max-image-preview:large, max-video-preview:-1\" \/>\n<link rel=\"canonical\" href=\"https:\/\/maranhaotv.com.br\/index.php\/2025\/11\/05\/prefeito-fred-campos-inaugura-centro-de-imagens-em-paco-do-lumiar-com-ressonancia-tomografia-e-mais-de-1-000-exames-por-semana\/\" \/>\n<meta property=\"og:locale\" content=\"pt_BR\" \/>\n<meta property=\"og:type\" content=\"article\" \/>\n<meta property=\"og:title\" content=\"Prefeito Fred Campos inaugura Centro de Imagens em Pa\u00e7o do Lumiar com resson\u00e2ncia, tomografia e mais de 1.000 exames por semana - NOT\u00cdCIAS EM TEMPO REAL\" \/>\n<meta property=\"og:description\" content=\"Em apenas 10 meses de gest\u00e3o, o prefeito Fred Campos transformou mais um sonho em realidade: nesta ter\u00e7a-feira (04), foi\" \/>\n<meta property=\"og:url\" content=\"https:\/\/maranhaotv.com.br\/index.php\/2025\/11\/05\/prefeito-fred-campos-inaugura-centro-de-imagens-em-paco-do-lumiar-com-ressonancia-tomografia-e-mais-de-1-000-exames-por-semana\/\" \/>\n<meta property=\"og:site_name\" content=\"NOT\u00cdCIAS EM TEMPO REAL\" \/>\n<meta property=\"article:publisher\" content=\"https:\/\/www.facebook.com\/maiobaotv\" \/>\n<meta property=\"article:published_time\" content=\"2025-11-05T09:32:05+00:00\" \/>\n<meta property=\"article:modified_time\" content=\"2025-11-05T09:34:49+00:00\" \/>\n<meta property=\"og:image\" content=\"https:\/\/maranhaotv.com.br\/wp-content\/uploads\/2025\/11\/image_editor_output_image-128481094-1762335132547.jpg\" \/>\n\t<meta property=\"og:image:width\" content=\"1600\" \/>\n\t<meta property=\"og:image:height\" content=\"1066\" \/>\n\t<meta property=\"og:image:type\" content=\"image\/jpeg\" \/>\n<meta name=\"author\" content=\"maranhaotv\" \/>\n<meta name=\"twitter:card\" content=\"summary_large_image\" \/>\n<meta name=\"twitter:creator\" content=\"@sitemaranhaotv\" \/>\n<meta name=\"twitter:site\" content=\"@sitemaranhaotv\" \/>\n<meta name=\"twitter:label1\" content=\"Escrito por\" \/>\n\t<meta name=\"twitter:data1\" content=\"maranhaotv\" \/>\n\t<meta name=\"twitter:label2\" content=\"Est. tempo de leitura\" \/>\n\t<meta name=\"twitter:data2\" content=\"3 minutos\" \/>\n<script type=\"application\/ld+json\" class=\"yoast-schema-graph\">{\"@context\":\"https:\\\/\\\/schema.org\",\"@graph\":[{\"@type\":\"Article\",\"@id\":\"https:\\\/\\\/maranhaotv.com.br\\\/index.php\\\/2025\\\/11\\\/05\\\/prefeito-fred-campos-inaugura-centro-de-imagens-em-paco-do-lumiar-com-ressonancia-tomografia-e-mais-de-1-000-exames-por-semana\\\/#article\",\"isPartOf\":{\"@id\":\"https:\\\/\\\/maranhaotv.com.br\\\/index.php\\\/2025\\\/11\\\/05\\\/prefeito-fred-campos-inaugura-centro-de-imagens-em-paco-do-lumiar-com-ressonancia-tomografia-e-mais-de-1-000-exames-por-semana\\\/\"},\"author\":{\"name\":\"maranhaotv\",\"@id\":\"https:\\\/\\\/maranhaotv.com.br\\\/#\\\/schema\\\/person\\\/3d54238e86b20bb5c89ab2fdb8f8829a\"},\"headline\":\"Prefeito Fred Campos inaugura Centro de Imagens em Pa\u00e7o do Lumiar com resson\u00e2ncia, tomografia e mais de 1.000 exames por semana\",\"datePublished\":\"2025-11-05T09:32:05+00:00\",\"dateModified\":\"2025-11-05T09:34:49+00:00\",\"mainEntityOfPage\":{\"@id\":\"https:\\\/\\\/maranhaotv.com.br\\\/index.php\\\/2025\\\/11\\\/05\\\/prefeito-fred-campos-inaugura-centro-de-imagens-em-paco-do-lumiar-com-ressonancia-tomografia-e-mais-de-1-000-exames-por-semana\\\/\"},\"wordCount\":546,\"commentCount\":0,\"publisher\":{\"@id\":\"https:\\\/\\\/maranhaotv.com.br\\\/#organization\"},\"image\":{\"@id\":\"https:\\\/\\\/maranhaotv.com.br\\\/index.php\\\/2025\\\/11\\\/05\\\/prefeito-fred-campos-inaugura-centro-de-imagens-em-paco-do-lumiar-com-ressonancia-tomografia-e-mais-de-1-000-exames-por-semana\\\/#primaryimage\"},\"thumbnailUrl\":\"https:\\\/\\\/maranhaotv.com.br\\\/wp-content\\\/uploads\\\/2025\\\/11\\\/image_editor_output_image-128481094-1762335132547.jpg\",\"articleSection\":[\"pol\u00edtica\"],\"inLanguage\":\"pt-BR\",\"potentialAction\":[{\"@type\":\"CommentAction\",\"name\":\"Comment\",\"target\":[\"https:\\\/\\\/maranhaotv.com.br\\\/index.php\\\/2025\\\/11\\\/05\\\/prefeito-fred-campos-inaugura-centro-de-imagens-em-paco-do-lumiar-com-ressonancia-tomografia-e-mais-de-1-000-exames-por-semana\\\/#respond\"]}]},{\"@type\":\"WebPage\",\"@id\":\"https:\\\/\\\/maranhaotv.com.br\\\/index.php\\\/2025\\\/11\\\/05\\\/prefeito-fred-campos-inaugura-centro-de-imagens-em-paco-do-lumiar-com-ressonancia-tomografia-e-mais-de-1-000-exames-por-semana\\\/\",\"url\":\"https:\\\/\\\/maranhaotv.com.br\\\/index.php\\\/2025\\\/11\\\/05\\\/prefeito-fred-campos-inaugura-centro-de-imagens-em-paco-do-lumiar-com-ressonancia-tomografia-e-mais-de-1-000-exames-por-semana\\\/\",\"name\":\"Prefeito Fred Campos inaugura Centro de Imagens em Pa\u00e7o do Lumiar com resson\u00e2ncia, tomografia e mais de 1.000 exames por semana - NOT\u00cdCIAS EM TEMPO REAL\",\"isPartOf\":{\"@id\":\"https:\\\/\\\/maranhaotv.com.br\\\/#website\"},\"primaryImageOfPage\":{\"@id\":\"https:\\\/\\\/maranhaotv.com.br\\\/index.php\\\/2025\\\/11\\\/05\\\/prefeito-fred-campos-inaugura-centro-de-imagens-em-paco-do-lumiar-com-ressonancia-tomografia-e-mais-de-1-000-exames-por-semana\\\/#primaryimage\"},\"image\":{\"@id\":\"https:\\\/\\\/maranhaotv.com.br\\\/index.php\\\/2025\\\/11\\\/05\\\/prefeito-fred-campos-inaugura-centro-de-imagens-em-paco-do-lumiar-com-ressonancia-tomografia-e-mais-de-1-000-exames-por-semana\\\/#primaryimage\"},\"thumbnailUrl\":\"https:\\\/\\\/maranhaotv.com.br\\\/wp-content\\\/uploads\\\/2025\\\/11\\\/image_editor_output_image-128481094-1762335132547.jpg\",\"datePublished\":\"2025-11-05T09:32:05+00:00\",\"dateModified\":\"2025-11-05T09:34:49+00:00\",\"breadcrumb\":{\"@id\":\"https:\\\/\\\/maranhaotv.com.br\\\/index.php\\\/2025\\\/11\\\/05\\\/prefeito-fred-campos-inaugura-centro-de-imagens-em-paco-do-lumiar-com-ressonancia-tomografia-e-mais-de-1-000-exames-por-semana\\\/#breadcrumb\"},\"inLanguage\":\"pt-BR\",\"potentialAction\":[{\"@type\":\"ReadAction\",\"target\":[\"https:\\\/\\\/maranhaotv.com.br\\\/index.php\\\/2025\\\/11\\\/05\\\/prefeito-fred-campos-inaugura-centro-de-imagens-em-paco-do-lumiar-com-ressonancia-tomografia-e-mais-de-1-000-exames-por-semana\\\/\"]}]},{\"@type\":\"ImageObject\",\"inLanguage\":\"pt-BR\",\"@id\":\"https:\\\/\\\/maranhaotv.com.br\\\/index.php\\\/2025\\\/11\\\/05\\\/prefeito-fred-campos-inaugura-centro-de-imagens-em-paco-do-lumiar-com-ressonancia-tomografia-e-mais-de-1-000-exames-por-semana\\\/#primaryimage\",\"url\":\"https:\\\/\\\/maranhaotv.com.br\\\/wp-content\\\/uploads\\\/2025\\\/11\\\/image_editor_output_image-128481094-1762335132547.jpg\",\"contentUrl\":\"https:\\\/\\\/maranhaotv.com.br\\\/wp-content\\\/uploads\\\/2025\\\/11\\\/image_editor_output_image-128481094-1762335132547.jpg\",\"width\":1600,\"height\":1066},{\"@type\":\"BreadcrumbList\",\"@id\":\"https:\\\/\\\/maranhaotv.com.br\\\/index.php\\\/2025\\\/11\\\/05\\\/prefeito-fred-campos-inaugura-centro-de-imagens-em-paco-do-lumiar-com-ressonancia-tomografia-e-mais-de-1-000-exames-por-semana\\\/#breadcrumb\",\"itemListElement\":[{\"@type\":\"ListItem\",\"position\":1,\"name\":\"In\u00edcio\",\"item\":\"https:\\\/\\\/maranhaotv.com.br\\\/\"},{\"@type\":\"ListItem\",\"position\":2,\"name\":\"Prefeito Fred Campos inaugura Centro de Imagens em Pa\u00e7o do Lumiar com resson\u00e2ncia, tomografia e mais de 1.000 exames por semana\"}]},{\"@type\":\"WebSite\",\"@id\":\"https:\\\/\\\/maranhaotv.com.br\\\/#website\",\"url\":\"https:\\\/\\\/maranhaotv.com.br\\\/\",\"name\":\"Maranh\u00e3oTV\",\"description\":\"\",\"publisher\":{\"@id\":\"https:\\\/\\\/maranhaotv.com.br\\\/#organization\"},\"potentialAction\":[{\"@type\":\"SearchAction\",\"target\":{\"@type\":\"EntryPoint\",\"urlTemplate\":\"https:\\\/\\\/maranhaotv.com.br\\\/?s={search_term_string}\"},\"query-input\":{\"@type\":\"PropertyValueSpecification\",\"valueRequired\":true,\"valueName\":\"search_term_string\"}}],\"inLanguage\":\"pt-BR\"},{\"@type\":\"Organization\",\"@id\":\"https:\\\/\\\/maranhaotv.com.br\\\/#organization\",\"name\":\"Portal de Not\u00edcias\",\"url\":\"https:\\\/\\\/maranhaotv.com.br\\\/\",\"logo\":{\"@type\":\"ImageObject\",\"inLanguage\":\"pt-BR\",\"@id\":\"https:\\\/\\\/maranhaotv.com.br\\\/#\\\/schema\\\/logo\\\/image\\\/\",\"url\":\"https:\\\/\\\/maranhaotv.com.br\\\/wp-content\\\/uploads\\\/2024\\\/05\\\/cropped-cropped-avatar-1.png\",\"contentUrl\":\"https:\\\/\\\/maranhaotv.com.br\\\/wp-content\\\/uploads\\\/2024\\\/05\\\/cropped-cropped-avatar-1.png\",\"width\":792,\"height\":428,\"caption\":\"Portal de Not\u00edcias\"},\"image\":{\"@id\":\"https:\\\/\\\/maranhaotv.com.br\\\/#\\\/schema\\\/logo\\\/image\\\/\"},\"sameAs\":[\"https:\\\/\\\/www.facebook.com\\\/maiobaotv\",\"https:\\\/\\\/x.com\\\/sitemaranhaotv\",\"https:\\\/\\\/www.instagram.com\\\/maranhao.tv\",\"https:\\\/\\\/www.threads.net\\\/@maranhao.tv\"]},{\"@type\":\"Person\",\"@id\":\"https:\\\/\\\/maranhaotv.com.br\\\/#\\\/schema\\\/person\\\/3d54238e86b20bb5c89ab2fdb8f8829a\",\"name\":\"maranhaotv\",\"image\":{\"@type\":\"ImageObject\",\"inLanguage\":\"pt-BR\",\"@id\":\"https:\\\/\\\/secure.gravatar.com\\\/avatar\\\/8fadbca458d4cb68b1dd399ae9a40618d747bb1af65ac9fad21c89220a143eb4?s=96&d=mm&r=g\",\"url\":\"https:\\\/\\\/secure.gravatar.com\\\/avatar\\\/8fadbca458d4cb68b1dd399ae9a40618d747bb1af65ac9fad21c89220a143eb4?s=96&d=mm&r=g\",\"contentUrl\":\"https:\\\/\\\/secure.gravatar.com\\\/avatar\\\/8fadbca458d4cb68b1dd399ae9a40618d747bb1af65ac9fad21c89220a143eb4?s=96&d=mm&r=g\",\"caption\":\"maranhaotv\"},\"sameAs\":[\"https:\\\/\\\/maranhaotv.com.br\\\/\"],\"url\":\"https:\\\/\\\/maranhaotv.com.br\\\/index.php\\\/author\\\/maranhaotv\\\/\"}]}<\/script>\n<!-- \/ Yoast SEO plugin. -->","yoast_head_json":{"title":"Prefeito Fred Campos inaugura Centro de Imagens em Pa\u00e7o do Lumiar com resson\u00e2ncia, tomografia e mais de 1.000 exames por semana - NOT\u00cdCIAS EM TEMPO REAL","robots":{"index":"index","follow":"follow","max-snippet":"max-snippet:-1","max-image-preview":"max-image-preview:large","max-video-preview":"max-video-preview:-1"},"canonical":"https:\/\/maranhaotv.com.br\/index.php\/2025\/11\/05\/prefeito-fred-campos-inaugura-centro-de-imagens-em-paco-do-lumiar-com-ressonancia-tomografia-e-mais-de-1-000-exames-por-semana\/","og_locale":"pt_BR","og_type":"article","og_title":"Prefeito Fred Campos inaugura Centro de Imagens em Pa\u00e7o do Lumiar com resson\u00e2ncia, tomografia e mais de 1.000 exames por semana - NOT\u00cdCIAS EM TEMPO REAL","og_description":"Em apenas 10 meses de gest\u00e3o, o prefeito Fred Campos transformou mais um sonho em realidade: nesta ter\u00e7a-feira (04), foi","og_url":"https:\/\/maranhaotv.com.br\/index.php\/2025\/11\/05\/prefeito-fred-campos-inaugura-centro-de-imagens-em-paco-do-lumiar-com-ressonancia-tomografia-e-mais-de-1-000-exames-por-semana\/","og_site_name":"NOT\u00cdCIAS EM TEMPO REAL","article_publisher":"https:\/\/www.facebook.com\/maiobaotv","article_published_time":"2025-11-05T09:32:05+00:00","article_modified_time":"2025-11-05T09:34:49+00:00","og_image":[{"width":1600,"height":1066,"url":"https:\/\/maranhaotv.com.br\/wp-content\/uploads\/2025\/11\/image_editor_output_image-128481094-1762335132547.jpg","type":"image\/jpeg"}],"author":"maranhaotv","twitter_card":"summary_large_image","twitter_creator":"@sitemaranhaotv","twitter_site":"@sitemaranhaotv","twitter_misc":{"Escrito por":"maranhaotv","Est. tempo de leitura":"3 minutos"},"schema":{"@context":"https:\/\/schema.org","@graph":[{"@type":"Article","@id":"https:\/\/maranhaotv.com.br\/index.php\/2025\/11\/05\/prefeito-fred-campos-inaugura-centro-de-imagens-em-paco-do-lumiar-com-ressonancia-tomografia-e-mais-de-1-000-exames-por-semana\/#article","isPartOf":{"@id":"https:\/\/maranhaotv.com.br\/index.php\/2025\/11\/05\/prefeito-fred-campos-inaugura-centro-de-imagens-em-paco-do-lumiar-com-ressonancia-tomografia-e-mais-de-1-000-exames-por-semana\/"},"author":{"name":"maranhaotv","@id":"https:\/\/maranhaotv.com.br\/#\/schema\/person\/3d54238e86b20bb5c89ab2fdb8f8829a"},"headline":"Prefeito Fred Campos inaugura Centro de Imagens em Pa\u00e7o do Lumiar com resson\u00e2ncia, tomografia e mais de 1.000 exames por semana","datePublished":"2025-11-05T09:32:05+00:00","dateModified":"2025-11-05T09:34:49+00:00","mainEntityOfPage":{"@id":"https:\/\/maranhaotv.com.br\/index.php\/2025\/11\/05\/prefeito-fred-campos-inaugura-centro-de-imagens-em-paco-do-lumiar-com-ressonancia-tomografia-e-mais-de-1-000-exames-por-semana\/"},"wordCount":546,"commentCount":0,"publisher":{"@id":"https:\/\/maranhaotv.com.br\/#organization"},"image":{"@id":"https:\/\/maranhaotv.com.br\/index.php\/2025\/11\/05\/prefeito-fred-campos-inaugura-centro-de-imagens-em-paco-do-lumiar-com-ressonancia-tomografia-e-mais-de-1-000-exames-por-semana\/#primaryimage"},"thumbnailUrl":"https:\/\/maranhaotv.com.br\/wp-content\/uploads\/2025\/11\/image_editor_output_image-128481094-1762335132547.jpg","articleSection":["pol\u00edtica"],"inLanguage":"pt-BR","potentialAction":[{"@type":"CommentAction","name":"Comment","target":["https:\/\/maranhaotv.com.br\/index.php\/2025\/11\/05\/prefeito-fred-campos-inaugura-centro-de-imagens-em-paco-do-lumiar-com-ressonancia-tomografia-e-mais-de-1-000-exames-por-semana\/#respond"]}]},{"@type":"WebPage","@id":"https:\/\/maranhaotv.com.br\/index.php\/2025\/11\/05\/prefeito-fred-campos-inaugura-centro-de-imagens-em-paco-do-lumiar-com-ressonancia-tomografia-e-mais-de-1-000-exames-por-semana\/","url":"https:\/\/maranhaotv.com.br\/index.php\/2025\/11\/05\/prefeito-fred-campos-inaugura-centro-de-imagens-em-paco-do-lumiar-com-ressonancia-tomografia-e-mais-de-1-000-exames-por-semana\/","name":"Prefeito Fred Campos inaugura Centro de Imagens em Pa\u00e7o do Lumiar com resson\u00e2ncia, tomografia e mais de 1.000 exames por semana - NOT\u00cdCIAS EM TEMPO REAL","isPartOf":{"@id":"https:\/\/maranhaotv.com.br\/#website"},"primaryImageOfPage":{"@id":"https:\/\/maranhaotv.com.br\/index.php\/2025\/11\/05\/prefeito-fred-campos-inaugura-centro-de-imagens-em-paco-do-lumiar-com-ressonancia-tomografia-e-mais-de-1-000-exames-por-semana\/#primaryimage"},"image":{"@id":"https:\/\/maranhaotv.com.br\/index.php\/2025\/11\/05\/prefeito-fred-campos-inaugura-centro-de-imagens-em-paco-do-lumiar-com-ressonancia-tomografia-e-mais-de-1-000-exames-por-semana\/#primaryimage"},"thumbnailUrl":"https:\/\/maranhaotv.com.br\/wp-content\/uploads\/2025\/11\/image_editor_output_image-128481094-1762335132547.jpg","datePublished":"2025-11-05T09:32:05+00:00","dateModified":"2025-11-05T09:34:49+00:00","breadcrumb":{"@id":"https:\/\/maranhaotv.com.br\/index.php\/2025\/11\/05\/prefeito-fred-campos-inaugura-centro-de-imagens-em-paco-do-lumiar-com-ressonancia-tomografia-e-mais-de-1-000-exames-por-semana\/#breadcrumb"},"inLanguage":"pt-BR","potentialAction":[{"@type":"ReadAction","target":["https:\/\/maranhaotv.com.br\/index.php\/2025\/11\/05\/prefeito-fred-campos-inaugura-centro-de-imagens-em-paco-do-lumiar-com-ressonancia-tomografia-e-mais-de-1-000-exames-por-semana\/"]}]},{"@type":"ImageObject","inLanguage":"pt-BR","@id":"https:\/\/maranhaotv.com.br\/index.php\/2025\/11\/05\/prefeito-fred-campos-inaugura-centro-de-imagens-em-paco-do-lumiar-com-ressonancia-tomografia-e-mais-de-1-000-exames-por-semana\/#primaryimage","url":"https:\/\/maranhaotv.com.br\/wp-content\/uploads\/2025\/11\/image_editor_output_image-128481094-1762335132547.jpg","contentUrl":"https:\/\/maranhaotv.com.br\/wp-content\/uploads\/2025\/11\/image_editor_output_image-128481094-1762335132547.jpg","width":1600,"height":1066},{"@type":"BreadcrumbList","@id":"https:\/\/maranhaotv.com.br\/index.php\/2025\/11\/05\/prefeito-fred-campos-inaugura-centro-de-imagens-em-paco-do-lumiar-com-ressonancia-tomografia-e-mais-de-1-000-exames-por-semana\/#breadcrumb","itemListElement":[{"@type":"ListItem","position":1,"name":"In\u00edcio","item":"https:\/\/maranhaotv.com.br\/"},{"@type":"ListItem","position":2,"name":"Prefeito Fred Campos inaugura Centro de Imagens em Pa\u00e7o do Lumiar com resson\u00e2ncia, tomografia e mais de 1.000 exames por semana"}]},{"@type":"WebSite","@id":"https:\/\/maranhaotv.com.br\/#website","url":"https:\/\/maranhaotv.com.br\/","name":"Maranh\u00e3oTV","description":"","publisher":{"@id":"https:\/\/maranhaotv.com.br\/#organization"},"potentialAction":[{"@type":"SearchAction","target":{"@type":"EntryPoint","urlTemplate":"https:\/\/maranhaotv.com.br\/?s={search_term_string}"},"query-input":{"@type":"PropertyValueSpecification","valueRequired":true,"valueName":"search_term_string"}}],"inLanguage":"pt-BR"},{"@type":"Organization","@id":"https:\/\/maranhaotv.com.br\/#organization","name":"Portal de Not\u00edcias","url":"https:\/\/maranhaotv.com.br\/","logo":{"@type":"ImageObject","inLanguage":"pt-BR","@id":"https:\/\/maranhaotv.com.br\/#\/schema\/logo\/image\/","url":"https:\/\/maranhaotv.com.br\/wp-content\/uploads\/2024\/05\/cropped-cropped-avatar-1.png","contentUrl":"https:\/\/maranhaotv.com.br\/wp-content\/uploads\/2024\/05\/cropped-cropped-avatar-1.png","width":792,"height":428,"caption":"Portal de Not\u00edcias"},"image":{"@id":"https:\/\/maranhaotv.com.br\/#\/schema\/logo\/image\/"},"sameAs":["https:\/\/www.facebook.com\/maiobaotv","https:\/\/x.com\/sitemaranhaotv","https:\/\/www.instagram.com\/maranhao.tv","https:\/\/www.threads.net\/@maranhao.tv"]},{"@type":"Person","@id":"https:\/\/maranhaotv.com.br\/#\/schema\/person\/3d54238e86b20bb5c89ab2fdb8f8829a","name":"maranhaotv","image":{"@type":"ImageObject","inLanguage":"pt-BR","@id":"https:\/\/secure.gravatar.com\/avatar\/8fadbca458d4cb68b1dd399ae9a40618d747bb1af65ac9fad21c89220a143eb4?s=96&d=mm&r=g","url":"https:\/\/secure.gravatar.com\/avatar\/8fadbca458d4cb68b1dd399ae9a40618d747bb1af65ac9fad21c89220a143eb4?s=96&d=mm&r=g","contentUrl":"https:\/\/secure.gravatar.com\/avatar\/8fadbca458d4cb68b1dd399ae9a40618d747bb1af65ac9fad21c89220a143eb4?s=96&d=mm&r=g","caption":"maranhaotv"},"sameAs":["https:\/\/maranhaotv.com.br\/"],"url":"https:\/\/maranhaotv.com.br\/index.php\/author\/maranhaotv\/"}]}},"jetpack_featured_media_url":"https:\/\/maranhaotv.com.br\/wp-content\/uploads\/2025\/11\/image_editor_output_image-128481094-1762335132547.jpg","jetpack_sharing_enabled":true,"_links":{"self":[{"href":"https:\/\/maranhaotv.com.br\/index.php\/wp-json\/wp\/v2\/posts\/44745","targetHints":{"allow":["GET"]}}],"collection":[{"href":"https:\/\/maranhaotv.com.br\/index.php\/wp-json\/wp\/v2\/posts"}],"about":[{"href":"https:\/\/maranhaotv.com.br\/index.php\/wp-json\/wp\/v2\/types\/post"}],"author":[{"embeddable":true,"href":"https:\/\/maranhaotv.com.br\/index.php\/wp-json\/wp\/v2\/users\/2"}],"replies":[{"embeddable":true,"href":"https:\/\/maranhaotv.com.br\/index.php\/wp-json\/wp\/v2\/comments?post=44745"}],"version-history":[{"count":2,"href":"https:\/\/maranhaotv.com.br\/index.php\/wp-json\/wp\/v2\/posts\/44745\/revisions"}],"predecessor-version":[{"id":44750,"href":"https:\/\/maranhaotv.com.br\/index.php\/wp-json\/wp\/v2\/posts\/44745\/revisions\/44750"}],"wp:featuredmedia":[{"embeddable":true,"href":"https:\/\/maranhaotv.com.br\/index.php\/wp-json\/wp\/v2\/media\/44744"}],"wp:attachment":[{"href":"https:\/\/maranhaotv.com.br\/index.php\/wp-json\/wp\/v2\/media?parent=44745"}],"wp:term":[{"taxonomy":"category","embeddable":true,"href":"https:\/\/maranhaotv.com.br\/index.php\/wp-json\/wp\/v2\/categories?post=44745"},{"taxonomy":"post_tag","embeddable":true,"href":"https:\/\/maranhaotv.com.br\/index.php\/wp-json\/wp\/v2\/tags?post=44745"}],"curies":[{"name":"wp","href":"https:\/\/api.w.org\/{rel}","templated":true}]}}