{"id":44790,"date":"2025-11-10T11:49:35","date_gmt":"2025-11-10T14:49:35","guid":{"rendered":"https:\/\/maranhaotv.com.br\/?p=44790"},"modified":"2025-11-10T11:49:35","modified_gmt":"2025-11-10T14:49:35","slug":"comercio-maranhense-deve-abrir-mais-de-mil-vagas-temporarias-no-fim-de-2025","status":"publish","type":"post","link":"https:\/\/maranhaotv.com.br\/index.php\/2025\/11\/10\/comercio-maranhense-deve-abrir-mais-de-mil-vagas-temporarias-no-fim-de-2025\/","title":{"rendered":"Com\u00e9rcio maranhense deve abrir mais de mil vagas tempor\u00e1rias no fim de 2025"},"content":{"rendered":"\n<p><\/p>\n\n\n\n<p><em>O cen\u00e1rio \u00e9 considerado positivo e reflete o otimismo do setor varejista com o aumento das vendas impulsionadas pela Black Friday e o Natal.<\/em><\/p>\n\n\n\n<p>Desempregado h\u00e1 oito meses e vivendo de bicos para sustentar o filho de 13 anos, Rafael Moura, de 28 anos, morador do Maiob\u00e3o, v\u00ea nas vagas tempor\u00e1rias de fim de ano uma chance de recome\u00e7o. Vendedor com experi\u00eancia no setor varejista, ele participou de tr\u00eas seletivos neste fim de 2025 e diz que vive dias de ansiedade e esperan\u00e7a. \u201cA gente fica naquela expectativa, olhando o celular o tempo todo para ver se chega uma mensagem. Essas vagas s\u00e3o importantes, n\u00e3o s\u00f3 pelo dinheiro, mas pela chance de mostrar servi\u00e7o e conseguir uma efetiva\u00e7\u00e3o. Quero dar um Natal tranquilo pro meu filho\u201d, relata.<\/p>\n\n\n\n<p>Assim como Rafael, milhares de maranhenses aguardam uma oportunidade nas 1.049 vagas tempor\u00e1rias que devem ser criadas no com\u00e9rcio do estado entre outubro e dezembro, segundo levantamento da Fecom\u00e9rcio-MA. Desse total, 583 postos est\u00e3o concentrados em S\u00e3o Lu\u00eds. Apesar de o n\u00famero ser 0,8% menor que o registrado em 2024, o cen\u00e1rio \u00e9 considerado positivo e reflete o otimismo do setor varejista com o aumento das vendas impulsionadas pela Black Friday e o Natal.<\/p>\n\n\n\n<p>De acordo com o professor e especialista em Recursos Humanos da Est\u00e1cio, Cesar Lessa, o com\u00e9rcio continua sendo o setor que mais contrata nesse per\u00edodo, estimulado pelas festas de fim de ano, trocas de presentes e pela libera\u00e7\u00e3o das parcelas do 13\u00ba sal\u00e1rio. \u201cVivemos em uma sociedade essencialmente consumista, e essa movimenta\u00e7\u00e3o aquece o mercado. E, embora este percentual possa parecer pouco expressivo \u00e0 primeira vista, considerando o cen\u00e1rio econ\u00f4mico internacional, os conflitos b\u00e9licos e as restri\u00e7\u00f5es geradas pela alta taxa\u00e7\u00e3o sobre produtos, precisamos admitir que j\u00e1 \u00e9 um ganho\u201d, avalia.<\/p>\n\n\n\n<p>Lessa ressalta que as empresas buscam profissionais com autonomia e capacidade de trabalho em equipe, o que pode dificultar o preenchimento de algumas vagas, mas destaca que a falta de experi\u00eancia formal n\u00e3o deve ser um impeditivo. \u201cHoje, o conceito de \u2018experi\u00eancia anterior\u2019 vai al\u00e9m do trabalho com carteira assinada. O candidato deve reconhecer viv\u00eancias que tenham contribu\u00eddo para o desenvolvimento de compet\u00eancias \u2014 sejam elas adquiridas na fam\u00edlia, escola, comunidade, igreja ou em atividades volunt\u00e1rias.\u201d<\/p>\n\n\n\n<p>O levantamento da Fecom\u00e9rcio-MA, baseado no \u00cdndice de Confian\u00e7a do Empres\u00e1rio do Com\u00e9rcio (ICEC), registrou 109,5 pontos em outubro de 2025, mantendo-se em n\u00edvel otimista. Entre os entrevistados, 74,7% afirmaram que pretendem contratar, com destaque para o com\u00e9rcio de bens semidur\u00e1veis e n\u00e3o dur\u00e1veis, como roupas e cal\u00e7ados. Apesar de o ICEC ter apresentado queda de 1,2% em rela\u00e7\u00e3o ao m\u00eas anterior e retra\u00e7\u00e3o de 10% frente a 2024, o consumo local segue aquecido \u2014 especialmente ap\u00f3s o Dia das Crian\u00e7as, que movimentou R$ 127 milh\u00f5es em S\u00e3o Lu\u00eds e antecipou o clima de compras de fim de ano.<\/p>\n\n\n\n<p><em>Curr\u00edculo como vitrine<\/em><\/p>\n\n\n\n<p>Na hora de montar o curr\u00edculo, o professor Cesar Lessa orienta que o documento funcione como uma pe\u00e7a de publicidade pessoal, capaz de despertar o interesse do recrutador. \u201cO curr\u00edculo precisa ter o m\u00e1ximo de informa\u00e7\u00f5es com o m\u00ednimo de detalhes. \u00c9 como um cart\u00e3o de visitas: deve mostrar quem \u00e9 o candidato, seus contatos, a vaga que busca, seus conhecimentos, experi\u00eancias e compet\u00eancias desenvolvidas. E, se poss\u00edvel, o que a empresa pode ganhar ao contrat\u00e1-lo\u201d, explica.<\/p>\n\n\n\n<p>Para quem ainda n\u00e3o tem experi\u00eancia profissional, o especialista refor\u00e7a que \u00e9 poss\u00edvel valorizar o aprendizado obtido em diferentes contextos. Ele cita um exemplo marcante: \u201cRecebi uma vez o curr\u00edculo de uma candidata que listava compet\u00eancias como empatia, gest\u00e3o do tempo e aten\u00e7\u00e3o a prazos, e descreveu sua experi\u00eancia de 2010 a 2020 como \u2018Cargo: M\u00e3e\u2019. Fiquei curioso e a convidei para uma entrevista. O curr\u00edculo dela despertou interesse \u2014 e esse \u00e9 exatamente o papel de um bom curr\u00edculo.\u201d<\/p>\n","protected":false},"excerpt":{"rendered":"<p>O cen\u00e1rio \u00e9 considerado positivo e reflete o otimismo do setor varejista com o aumento das vendas impulsionadas pela Black<\/p>\n","protected":false},"author":2,"featured_media":44789,"comment_status":"closed","ping_status":"open","sticky":false,"template":"","format":"standard","meta":{"colormag_page_container_layout":"default_layout","colormag_page_sidebar_layout":"default_layout","_jetpack_memberships_contains_paid_content":false,"footnotes":""},"categories":[139],"tags":[],"class_list":["post-44790","post","type-post","status-publish","format-standard","has-post-thumbnail","hentry","category-economia"],"magazineBlocksPostFeaturedMedia":{"thumbnail":"https:\/\/maranhaotv.com.br\/wp-content\/uploads\/2025\/11\/48f197e7-6386-4375-9f00-9c48e967057a-150x150.jpg","medium":"https:\/\/maranhaotv.com.br\/wp-content\/uploads\/2025\/11\/48f197e7-6386-4375-9f00-9c48e967057a-300x150.jpg","medium_large":"https:\/\/maranhaotv.com.br\/wp-content\/uploads\/2025\/11\/48f197e7-6386-4375-9f00-9c48e967057a-768x384.jpg","large":"https:\/\/maranhaotv.com.br\/wp-content\/uploads\/2025\/11\/48f197e7-6386-4375-9f00-9c48e967057a.jpg","1536x1536":"https:\/\/maranhaotv.com.br\/wp-content\/uploads\/2025\/11\/48f197e7-6386-4375-9f00-9c48e967057a.jpg","2048x2048":"https:\/\/maranhaotv.com.br\/wp-content\/uploads\/2025\/11\/48f197e7-6386-4375-9f00-9c48e967057a.jpg","colormag-highlighted-post":"https:\/\/maranhaotv.com.br\/wp-content\/uploads\/2025\/11\/48f197e7-6386-4375-9f00-9c48e967057a-392x272.jpg","colormag-featured-post-medium":"https:\/\/maranhaotv.com.br\/wp-content\/uploads\/2025\/11\/48f197e7-6386-4375-9f00-9c48e967057a-390x205.jpg","colormag-featured-post-small":"https:\/\/maranhaotv.com.br\/wp-content\/uploads\/2025\/11\/48f197e7-6386-4375-9f00-9c48e967057a-130x90.jpg","colormag-featured-image":"https:\/\/maranhaotv.com.br\/wp-content\/uploads\/2025\/11\/48f197e7-6386-4375-9f00-9c48e967057a-800x445.jpg","colormag-default-news":"https:\/\/maranhaotv.com.br\/wp-content\/uploads\/2025\/11\/48f197e7-6386-4375-9f00-9c48e967057a-150x150.jpg","colormag-featured-image-large":"https:\/\/maranhaotv.com.br\/wp-content\/uploads\/2025\/11\/48f197e7-6386-4375-9f00-9c48e967057a.jpg"},"magazineBlocksPostAuthor":{"name":"maranhaotv","avatar":"https:\/\/secure.gravatar.com\/avatar\/8fadbca458d4cb68b1dd399ae9a40618d747bb1af65ac9fad21c89220a143eb4?s=96&d=mm&r=g"},"magazineBlocksPostCommentsNumber":false,"magazineBlocksPostExcerpt":"O cen\u00e1rio \u00e9 considerado positivo e reflete o otimismo do setor varejista com o aumento das vendas impulsionadas pela Black","magazineBlocksPostCategories":["economia"],"magazineBlocksPostViewCount":134,"magazineBlocksPostReadTime":4,"magazine_blocks_featured_image_url":{"full":["https:\/\/maranhaotv.com.br\/wp-content\/uploads\/2025\/11\/48f197e7-6386-4375-9f00-9c48e967057a.jpg",896,448,false],"medium":["https:\/\/maranhaotv.com.br\/wp-content\/uploads\/2025\/11\/48f197e7-6386-4375-9f00-9c48e967057a-300x150.jpg",300,150,true],"thumbnail":["https:\/\/maranhaotv.com.br\/wp-content\/uploads\/2025\/11\/48f197e7-6386-4375-9f00-9c48e967057a-150x150.jpg",150,150,true]},"magazine_blocks_author":{"display_name":"maranhaotv","author_link":"https:\/\/maranhaotv.com.br\/index.php\/author\/maranhaotv\/"},"magazine_blocks_comment":0,"magazine_blocks_author_image":"https:\/\/secure.gravatar.com\/avatar\/8fadbca458d4cb68b1dd399ae9a40618d747bb1af65ac9fad21c89220a143eb4?s=96&d=mm&r=g","magazine_blocks_category":"<a href=\"#\" class=\"category-link category-link-139\">economia<\/a>","jetpack_featured_media_url":"https:\/\/maranhaotv.com.br\/wp-content\/uploads\/2025\/11\/48f197e7-6386-4375-9f00-9c48e967057a.jpg","jetpack_sharing_enabled":true,"_links":{"self":[{"href":"https:\/\/maranhaotv.com.br\/index.php\/wp-json\/wp\/v2\/posts\/44790","targetHints":{"allow":["GET"]}}],"collection":[{"href":"https:\/\/maranhaotv.com.br\/index.php\/wp-json\/wp\/v2\/posts"}],"about":[{"href":"https:\/\/maranhaotv.com.br\/index.php\/wp-json\/wp\/v2\/types\/post"}],"author":[{"embeddable":true,"href":"https:\/\/maranhaotv.com.br\/index.php\/wp-json\/wp\/v2\/users\/2"}],"replies":[{"embeddable":true,"href":"https:\/\/maranhaotv.com.br\/index.php\/wp-json\/wp\/v2\/comments?post=44790"}],"version-history":[{"count":1,"href":"https:\/\/maranhaotv.com.br\/index.php\/wp-json\/wp\/v2\/posts\/44790\/revisions"}],"predecessor-version":[{"id":44791,"href":"https:\/\/maranhaotv.com.br\/index.php\/wp-json\/wp\/v2\/posts\/44790\/revisions\/44791"}],"wp:featuredmedia":[{"embeddable":true,"href":"https:\/\/maranhaotv.com.br\/index.php\/wp-json\/wp\/v2\/media\/44789"}],"wp:attachment":[{"href":"https:\/\/maranhaotv.com.br\/index.php\/wp-json\/wp\/v2\/media?parent=44790"}],"wp:term":[{"taxonomy":"category","embeddable":true,"href":"https:\/\/maranhaotv.com.br\/index.php\/wp-json\/wp\/v2\/categories?post=44790"},{"taxonomy":"post_tag","embeddable":true,"href":"https:\/\/maranhaotv.com.br\/index.php\/wp-json\/wp\/v2\/tags?post=44790"}],"curies":[{"name":"wp","href":"https:\/\/api.w.org\/{rel}","templated":true}]}}