{"id":45009,"date":"2025-12-01T10:03:43","date_gmt":"2025-12-01T13:03:43","guid":{"rendered":"https:\/\/maranhaotv.com.br\/?p=45009"},"modified":"2025-12-01T10:05:38","modified_gmt":"2025-12-01T13:05:38","slug":"guilherme-mulato-anuncia-natal-do-povo-ribamarense","status":"publish","type":"post","link":"https:\/\/maranhaotv.com.br\/index.php\/2025\/12\/01\/guilherme-mulato-anuncia-natal-do-povo-ribamarense\/","title":{"rendered":"Guilherme Mulato anuncia Natal do Povo Ribamarense"},"content":{"rendered":"\n<p><br>O jornalista e ex-candidato a prefeito de S\u00e3o Jos\u00e9 de Ribamar, Guilherme Mulato, anunciou nesta segunda-feira (01), a edi\u00e7\u00e3o 2025 do Natal do Povo, maior festa natalina da hist\u00f3ria do munic\u00edpio, idealizada por ele e organizada pelo grupo Amigos do Guilherme Mulato, que \u00e9 presidido por sua esposa, a advogada C\u00e1ssia Maior.<br><br>Na \u00faltima edi\u00e7\u00e3o, Mulato reuniu mais de 20 mil pessoas que celebraram a data com muita alegria, e para este ano, o p\u00fablico esperado \u00e9 ainda maior, e o evento acontecer\u00e1 no dia 21 de dezembro, a partir das 15h, no residencial Nova Terra.<br><br>&#8220;Com muito orgulho e com as ben\u00e7\u00e3os de Deus, anuncio o Natal do Povo, essa festa que \u00e9 feita com muito amor, para o povo.&#8221; disse Mulato.<br><br>C\u00e1ssia Maior destacou a import\u00e2ncia do evento no calend\u00e1rio da cidade.<br><br>&#8220;Essa \u00e9 uma festa popular esperada por milhares de ribamarenses todos os anos e fazer parte da realiza\u00e7\u00e3o dos sonhos de dezenas de pessoas, me deixa especialmente feliz.&#8221; disse C\u00e1ssia.<br><br>As cartelas podem ser adquiridas gratuitamente em diversos pontos da cidade, al\u00e9m do seu escrit\u00f3rio, que ser\u00e1 o centro de distribui\u00e7\u00e3o e que fica no bairro Cidade Alta. Tamb\u00e9m \u00e9 poss\u00edvel baixar a cartela em pdf e imprimir.<br><br>Para participar, o interessado dever\u00e1 preencher a cartela e entregar no dia do evento.<br><br>O evento.<br><br>Al\u00e9m do sorteio de mais de 100 pr\u00eamios, entre eles, 1 moto com uma Bags, 10 bikes motorizadas com Bags, 20 bikes com Bags, 10 pixs de RS 500,00, geladeira, fog\u00e3o, tv, m\u00e1quina de lavar roupas, ventilar, o evento tamb\u00e9m gera renda para aut\u00f4nomos que aproveitam a grande festa, para comercializa\u00e7\u00e3o de produtos como \u00e1gua, lanche, refrigerantes, churrasquinhos, um incentivo de Mulato, que faz quest\u00e3o de convidar os trabalhadores para a gera\u00e7\u00e3o de renda.<br><br>Para baixar a cartela em PDF, o interessado deve acessar www.guilhermemulato.com.br<br><br>Mais informa\u00e7\u00f5es pode ser obtidas pelas redes sociais de Guilherme Mulato e C\u00e1ssia Maior.<\/p>\n\n\n\n<figure class=\"wp-block-image size-large\"><img loading=\"lazy\" decoding=\"async\" width=\"576\" height=\"1024\" src=\"https:\/\/maranhaotv.com.br\/wp-content\/uploads\/2025\/12\/img-20251201-wa00457264216990858382332-576x1024.jpg\" alt=\"\" class=\"wp-image-45007\" srcset=\"https:\/\/maranhaotv.com.br\/wp-content\/uploads\/2025\/12\/img-20251201-wa00457264216990858382332-576x1024.jpg 576w, https:\/\/maranhaotv.com.br\/wp-content\/uploads\/2025\/12\/img-20251201-wa00457264216990858382332-169x300.jpg 169w, https:\/\/maranhaotv.com.br\/wp-content\/uploads\/2025\/12\/img-20251201-wa00457264216990858382332-768x1365.jpg 768w, https:\/\/maranhaotv.com.br\/wp-content\/uploads\/2025\/12\/img-20251201-wa00457264216990858382332-864x1536.jpg 864w, https:\/\/maranhaotv.com.br\/wp-content\/uploads\/2025\/12\/img-20251201-wa00457264216990858382332.jpg 900w\" sizes=\"auto, (max-width: 576px) 100vw, 576px\" \/><\/figure>\n","protected":false},"excerpt":{"rendered":"<p>O jornalista e ex-candidato a prefeito de S\u00e3o Jos\u00e9 de Ribamar, Guilherme Mulato, anunciou nesta segunda-feira (01), a edi\u00e7\u00e3o 2025<\/p>\n","protected":false},"author":2,"featured_media":45008,"comment_status":"open","ping_status":"open","sticky":false,"template":"","format":"standard","meta":{"colormag_page_container_layout":"default_layout","colormag_page_sidebar_layout":"default_layout","_jetpack_memberships_contains_paid_content":false,"footnotes":""},"categories":[2],"tags":[],"class_list":["post-45009","post","type-post","status-publish","format-standard","has-post-thumbnail","hentry","category-noticias"],"magazineBlocksPostFeaturedMedia":{"thumbnail":"https:\/\/maranhaotv.com.br\/wp-content\/uploads\/2025\/12\/image_editor_output_image-1066330184-1764594225382-150x150.jpg","medium":"https:\/\/maranhaotv.com.br\/wp-content\/uploads\/2025\/12\/image_editor_output_image-1066330184-1764594225382-300x198.jpg","medium_large":"https:\/\/maranhaotv.com.br\/wp-content\/uploads\/2025\/12\/image_editor_output_image-1066330184-1764594225382-768x507.jpg","large":"https:\/\/maranhaotv.com.br\/wp-content\/uploads\/2025\/12\/image_editor_output_image-1066330184-1764594225382.jpg","1536x1536":"https:\/\/maranhaotv.com.br\/wp-content\/uploads\/2025\/12\/image_editor_output_image-1066330184-1764594225382.jpg","2048x2048":"https:\/\/maranhaotv.com.br\/wp-content\/uploads\/2025\/12\/image_editor_output_image-1066330184-1764594225382.jpg","colormag-highlighted-post":"https:\/\/maranhaotv.com.br\/wp-content\/uploads\/2025\/12\/image_editor_output_image-1066330184-1764594225382-392x272.jpg","colormag-featured-post-medium":"https:\/\/maranhaotv.com.br\/wp-content\/uploads\/2025\/12\/image_editor_output_image-1066330184-1764594225382-390x205.jpg","colormag-featured-post-small":"https:\/\/maranhaotv.com.br\/wp-content\/uploads\/2025\/12\/image_editor_output_image-1066330184-1764594225382-130x90.jpg","colormag-featured-image":"https:\/\/maranhaotv.com.br\/wp-content\/uploads\/2025\/12\/image_editor_output_image-1066330184-1764594225382-800x445.jpg","colormag-default-news":"https:\/\/maranhaotv.com.br\/wp-content\/uploads\/2025\/12\/image_editor_output_image-1066330184-1764594225382-150x150.jpg","colormag-featured-image-large":"https:\/\/maranhaotv.com.br\/wp-content\/uploads\/2025\/12\/image_editor_output_image-1066330184-1764594225382.jpg"},"magazineBlocksPostAuthor":{"name":"maranhaotv","avatar":"https:\/\/secure.gravatar.com\/avatar\/8fadbca458d4cb68b1dd399ae9a40618d747bb1af65ac9fad21c89220a143eb4?s=96&d=mm&r=g"},"magazineBlocksPostCommentsNumber":"0","magazineBlocksPostExcerpt":"O jornalista e ex-candidato a prefeito de S\u00e3o Jos\u00e9 de Ribamar, Guilherme Mulato, anunciou nesta segunda-feira (01), a edi\u00e7\u00e3o 2025","magazineBlocksPostCategories":["not\u00edcias"],"magazineBlocksPostViewCount":124,"magazineBlocksPostReadTime":2,"magazine_blocks_featured_image_url":{"full":["https:\/\/maranhaotv.com.br\/wp-content\/uploads\/2025\/12\/image_editor_output_image-1066330184-1764594225382.jpg",900,594,false],"medium":["https:\/\/maranhaotv.com.br\/wp-content\/uploads\/2025\/12\/image_editor_output_image-1066330184-1764594225382-300x198.jpg",300,198,true],"thumbnail":["https:\/\/maranhaotv.com.br\/wp-content\/uploads\/2025\/12\/image_editor_output_image-1066330184-1764594225382-150x150.jpg",150,150,true]},"magazine_blocks_author":{"display_name":"maranhaotv","author_link":"https:\/\/maranhaotv.com.br\/index.php\/author\/maranhaotv\/"},"magazine_blocks_comment":0,"magazine_blocks_author_image":"https:\/\/secure.gravatar.com\/avatar\/8fadbca458d4cb68b1dd399ae9a40618d747bb1af65ac9fad21c89220a143eb4?s=96&d=mm&r=g","magazine_blocks_category":"<a href=\"#\" class=\"category-link category-link-2\">not\u00edcias<\/a>","yoast_head":"<!-- This site is optimized with the Yoast SEO plugin v27.4 - https:\/\/yoast.com\/product\/yoast-seo-wordpress\/ -->\n<title>Guilherme Mulato anuncia Natal do Povo Ribamarense - NOT\u00cdCIAS EM TEMPO REAL<\/title>\n<meta name=\"robots\" content=\"index, follow, max-snippet:-1, max-image-preview:large, max-video-preview:-1\" \/>\n<link rel=\"canonical\" href=\"https:\/\/maranhaotv.com.br\/index.php\/2025\/12\/01\/guilherme-mulato-anuncia-natal-do-povo-ribamarense\/\" \/>\n<meta property=\"og:locale\" content=\"pt_BR\" \/>\n<meta property=\"og:type\" content=\"article\" \/>\n<meta property=\"og:title\" content=\"Guilherme Mulato anuncia Natal do Povo Ribamarense - NOT\u00cdCIAS EM TEMPO REAL\" \/>\n<meta property=\"og:description\" content=\"O jornalista e ex-candidato a prefeito de S\u00e3o Jos\u00e9 de Ribamar, Guilherme Mulato, anunciou nesta segunda-feira (01), a edi\u00e7\u00e3o 2025\" \/>\n<meta property=\"og:url\" content=\"https:\/\/maranhaotv.com.br\/index.php\/2025\/12\/01\/guilherme-mulato-anuncia-natal-do-povo-ribamarense\/\" \/>\n<meta property=\"og:site_name\" content=\"NOT\u00cdCIAS EM TEMPO REAL\" \/>\n<meta property=\"article:publisher\" content=\"https:\/\/www.facebook.com\/maiobaotv\" \/>\n<meta property=\"article:published_time\" content=\"2025-12-01T13:03:43+00:00\" \/>\n<meta property=\"article:modified_time\" content=\"2025-12-01T13:05:38+00:00\" \/>\n<meta property=\"og:image\" content=\"https:\/\/maranhaotv.com.br\/wp-content\/uploads\/2025\/12\/image_editor_output_image-1066330184-1764594225382.jpg\" \/>\n\t<meta property=\"og:image:width\" content=\"900\" \/>\n\t<meta property=\"og:image:height\" content=\"594\" \/>\n\t<meta property=\"og:image:type\" content=\"image\/jpeg\" \/>\n<meta name=\"author\" content=\"maranhaotv\" \/>\n<meta name=\"twitter:card\" content=\"summary_large_image\" \/>\n<meta name=\"twitter:creator\" content=\"@sitemaranhaotv\" \/>\n<meta name=\"twitter:site\" content=\"@sitemaranhaotv\" \/>\n<meta name=\"twitter:label1\" content=\"Escrito por\" \/>\n\t<meta name=\"twitter:data1\" content=\"maranhaotv\" \/>\n\t<meta name=\"twitter:label2\" content=\"Est. tempo de leitura\" \/>\n\t<meta name=\"twitter:data2\" content=\"2 minutos\" \/>\n<script type=\"application\/ld+json\" class=\"yoast-schema-graph\">{\"@context\":\"https:\\\/\\\/schema.org\",\"@graph\":[{\"@type\":\"Article\",\"@id\":\"https:\\\/\\\/maranhaotv.com.br\\\/index.php\\\/2025\\\/12\\\/01\\\/guilherme-mulato-anuncia-natal-do-povo-ribamarense\\\/#article\",\"isPartOf\":{\"@id\":\"https:\\\/\\\/maranhaotv.com.br\\\/index.php\\\/2025\\\/12\\\/01\\\/guilherme-mulato-anuncia-natal-do-povo-ribamarense\\\/\"},\"author\":{\"name\":\"maranhaotv\",\"@id\":\"https:\\\/\\\/maranhaotv.com.br\\\/#\\\/schema\\\/person\\\/3d54238e86b20bb5c89ab2fdb8f8829a\"},\"headline\":\"Guilherme Mulato anuncia Natal do Povo Ribamarense\",\"datePublished\":\"2025-12-01T13:03:43+00:00\",\"dateModified\":\"2025-12-01T13:05:38+00:00\",\"mainEntityOfPage\":{\"@id\":\"https:\\\/\\\/maranhaotv.com.br\\\/index.php\\\/2025\\\/12\\\/01\\\/guilherme-mulato-anuncia-natal-do-povo-ribamarense\\\/\"},\"wordCount\":341,\"commentCount\":0,\"publisher\":{\"@id\":\"https:\\\/\\\/maranhaotv.com.br\\\/#organization\"},\"image\":{\"@id\":\"https:\\\/\\\/maranhaotv.com.br\\\/index.php\\\/2025\\\/12\\\/01\\\/guilherme-mulato-anuncia-natal-do-povo-ribamarense\\\/#primaryimage\"},\"thumbnailUrl\":\"https:\\\/\\\/maranhaotv.com.br\\\/wp-content\\\/uploads\\\/2025\\\/12\\\/image_editor_output_image-1066330184-1764594225382.jpg\",\"articleSection\":[\"not\u00edcias\"],\"inLanguage\":\"pt-BR\",\"potentialAction\":[{\"@type\":\"CommentAction\",\"name\":\"Comment\",\"target\":[\"https:\\\/\\\/maranhaotv.com.br\\\/index.php\\\/2025\\\/12\\\/01\\\/guilherme-mulato-anuncia-natal-do-povo-ribamarense\\\/#respond\"]}]},{\"@type\":\"WebPage\",\"@id\":\"https:\\\/\\\/maranhaotv.com.br\\\/index.php\\\/2025\\\/12\\\/01\\\/guilherme-mulato-anuncia-natal-do-povo-ribamarense\\\/\",\"url\":\"https:\\\/\\\/maranhaotv.com.br\\\/index.php\\\/2025\\\/12\\\/01\\\/guilherme-mulato-anuncia-natal-do-povo-ribamarense\\\/\",\"name\":\"Guilherme Mulato anuncia Natal do Povo Ribamarense - NOT\u00cdCIAS EM TEMPO REAL\",\"isPartOf\":{\"@id\":\"https:\\\/\\\/maranhaotv.com.br\\\/#website\"},\"primaryImageOfPage\":{\"@id\":\"https:\\\/\\\/maranhaotv.com.br\\\/index.php\\\/2025\\\/12\\\/01\\\/guilherme-mulato-anuncia-natal-do-povo-ribamarense\\\/#primaryimage\"},\"image\":{\"@id\":\"https:\\\/\\\/maranhaotv.com.br\\\/index.php\\\/2025\\\/12\\\/01\\\/guilherme-mulato-anuncia-natal-do-povo-ribamarense\\\/#primaryimage\"},\"thumbnailUrl\":\"https:\\\/\\\/maranhaotv.com.br\\\/wp-content\\\/uploads\\\/2025\\\/12\\\/image_editor_output_image-1066330184-1764594225382.jpg\",\"datePublished\":\"2025-12-01T13:03:43+00:00\",\"dateModified\":\"2025-12-01T13:05:38+00:00\",\"breadcrumb\":{\"@id\":\"https:\\\/\\\/maranhaotv.com.br\\\/index.php\\\/2025\\\/12\\\/01\\\/guilherme-mulato-anuncia-natal-do-povo-ribamarense\\\/#breadcrumb\"},\"inLanguage\":\"pt-BR\",\"potentialAction\":[{\"@type\":\"ReadAction\",\"target\":[\"https:\\\/\\\/maranhaotv.com.br\\\/index.php\\\/2025\\\/12\\\/01\\\/guilherme-mulato-anuncia-natal-do-povo-ribamarense\\\/\"]}]},{\"@type\":\"ImageObject\",\"inLanguage\":\"pt-BR\",\"@id\":\"https:\\\/\\\/maranhaotv.com.br\\\/index.php\\\/2025\\\/12\\\/01\\\/guilherme-mulato-anuncia-natal-do-povo-ribamarense\\\/#primaryimage\",\"url\":\"https:\\\/\\\/maranhaotv.com.br\\\/wp-content\\\/uploads\\\/2025\\\/12\\\/image_editor_output_image-1066330184-1764594225382.jpg\",\"contentUrl\":\"https:\\\/\\\/maranhaotv.com.br\\\/wp-content\\\/uploads\\\/2025\\\/12\\\/image_editor_output_image-1066330184-1764594225382.jpg\",\"width\":900,\"height\":594},{\"@type\":\"BreadcrumbList\",\"@id\":\"https:\\\/\\\/maranhaotv.com.br\\\/index.php\\\/2025\\\/12\\\/01\\\/guilherme-mulato-anuncia-natal-do-povo-ribamarense\\\/#breadcrumb\",\"itemListElement\":[{\"@type\":\"ListItem\",\"position\":1,\"name\":\"In\u00edcio\",\"item\":\"https:\\\/\\\/maranhaotv.com.br\\\/\"},{\"@type\":\"ListItem\",\"position\":2,\"name\":\"Guilherme Mulato anuncia Natal do Povo Ribamarense\"}]},{\"@type\":\"WebSite\",\"@id\":\"https:\\\/\\\/maranhaotv.com.br\\\/#website\",\"url\":\"https:\\\/\\\/maranhaotv.com.br\\\/\",\"name\":\"Maranh\u00e3oTV\",\"description\":\"\",\"publisher\":{\"@id\":\"https:\\\/\\\/maranhaotv.com.br\\\/#organization\"},\"potentialAction\":[{\"@type\":\"SearchAction\",\"target\":{\"@type\":\"EntryPoint\",\"urlTemplate\":\"https:\\\/\\\/maranhaotv.com.br\\\/?s={search_term_string}\"},\"query-input\":{\"@type\":\"PropertyValueSpecification\",\"valueRequired\":true,\"valueName\":\"search_term_string\"}}],\"inLanguage\":\"pt-BR\"},{\"@type\":\"Organization\",\"@id\":\"https:\\\/\\\/maranhaotv.com.br\\\/#organization\",\"name\":\"Portal de Not\u00edcias\",\"url\":\"https:\\\/\\\/maranhaotv.com.br\\\/\",\"logo\":{\"@type\":\"ImageObject\",\"inLanguage\":\"pt-BR\",\"@id\":\"https:\\\/\\\/maranhaotv.com.br\\\/#\\\/schema\\\/logo\\\/image\\\/\",\"url\":\"https:\\\/\\\/maranhaotv.com.br\\\/wp-content\\\/uploads\\\/2024\\\/05\\\/cropped-cropped-avatar-1.png\",\"contentUrl\":\"https:\\\/\\\/maranhaotv.com.br\\\/wp-content\\\/uploads\\\/2024\\\/05\\\/cropped-cropped-avatar-1.png\",\"width\":792,\"height\":428,\"caption\":\"Portal de Not\u00edcias\"},\"image\":{\"@id\":\"https:\\\/\\\/maranhaotv.com.br\\\/#\\\/schema\\\/logo\\\/image\\\/\"},\"sameAs\":[\"https:\\\/\\\/www.facebook.com\\\/maiobaotv\",\"https:\\\/\\\/x.com\\\/sitemaranhaotv\",\"https:\\\/\\\/www.instagram.com\\\/maranhao.tv\",\"https:\\\/\\\/www.threads.net\\\/@maranhao.tv\"]},{\"@type\":\"Person\",\"@id\":\"https:\\\/\\\/maranhaotv.com.br\\\/#\\\/schema\\\/person\\\/3d54238e86b20bb5c89ab2fdb8f8829a\",\"name\":\"maranhaotv\",\"image\":{\"@type\":\"ImageObject\",\"inLanguage\":\"pt-BR\",\"@id\":\"https:\\\/\\\/secure.gravatar.com\\\/avatar\\\/8fadbca458d4cb68b1dd399ae9a40618d747bb1af65ac9fad21c89220a143eb4?s=96&d=mm&r=g\",\"url\":\"https:\\\/\\\/secure.gravatar.com\\\/avatar\\\/8fadbca458d4cb68b1dd399ae9a40618d747bb1af65ac9fad21c89220a143eb4?s=96&d=mm&r=g\",\"contentUrl\":\"https:\\\/\\\/secure.gravatar.com\\\/avatar\\\/8fadbca458d4cb68b1dd399ae9a40618d747bb1af65ac9fad21c89220a143eb4?s=96&d=mm&r=g\",\"caption\":\"maranhaotv\"},\"sameAs\":[\"https:\\\/\\\/maranhaotv.com.br\\\/\"],\"url\":\"https:\\\/\\\/maranhaotv.com.br\\\/index.php\\\/author\\\/maranhaotv\\\/\"}]}<\/script>\n<!-- \/ Yoast SEO plugin. -->","yoast_head_json":{"title":"Guilherme Mulato anuncia Natal do Povo Ribamarense - NOT\u00cdCIAS EM TEMPO REAL","robots":{"index":"index","follow":"follow","max-snippet":"max-snippet:-1","max-image-preview":"max-image-preview:large","max-video-preview":"max-video-preview:-1"},"canonical":"https:\/\/maranhaotv.com.br\/index.php\/2025\/12\/01\/guilherme-mulato-anuncia-natal-do-povo-ribamarense\/","og_locale":"pt_BR","og_type":"article","og_title":"Guilherme Mulato anuncia Natal do Povo Ribamarense - NOT\u00cdCIAS EM TEMPO REAL","og_description":"O jornalista e ex-candidato a prefeito de S\u00e3o Jos\u00e9 de Ribamar, Guilherme Mulato, anunciou nesta segunda-feira (01), a edi\u00e7\u00e3o 2025","og_url":"https:\/\/maranhaotv.com.br\/index.php\/2025\/12\/01\/guilherme-mulato-anuncia-natal-do-povo-ribamarense\/","og_site_name":"NOT\u00cdCIAS EM TEMPO REAL","article_publisher":"https:\/\/www.facebook.com\/maiobaotv","article_published_time":"2025-12-01T13:03:43+00:00","article_modified_time":"2025-12-01T13:05:38+00:00","og_image":[{"width":900,"height":594,"url":"https:\/\/maranhaotv.com.br\/wp-content\/uploads\/2025\/12\/image_editor_output_image-1066330184-1764594225382.jpg","type":"image\/jpeg"}],"author":"maranhaotv","twitter_card":"summary_large_image","twitter_creator":"@sitemaranhaotv","twitter_site":"@sitemaranhaotv","twitter_misc":{"Escrito por":"maranhaotv","Est. tempo de leitura":"2 minutos"},"schema":{"@context":"https:\/\/schema.org","@graph":[{"@type":"Article","@id":"https:\/\/maranhaotv.com.br\/index.php\/2025\/12\/01\/guilherme-mulato-anuncia-natal-do-povo-ribamarense\/#article","isPartOf":{"@id":"https:\/\/maranhaotv.com.br\/index.php\/2025\/12\/01\/guilherme-mulato-anuncia-natal-do-povo-ribamarense\/"},"author":{"name":"maranhaotv","@id":"https:\/\/maranhaotv.com.br\/#\/schema\/person\/3d54238e86b20bb5c89ab2fdb8f8829a"},"headline":"Guilherme Mulato anuncia Natal do Povo Ribamarense","datePublished":"2025-12-01T13:03:43+00:00","dateModified":"2025-12-01T13:05:38+00:00","mainEntityOfPage":{"@id":"https:\/\/maranhaotv.com.br\/index.php\/2025\/12\/01\/guilherme-mulato-anuncia-natal-do-povo-ribamarense\/"},"wordCount":341,"commentCount":0,"publisher":{"@id":"https:\/\/maranhaotv.com.br\/#organization"},"image":{"@id":"https:\/\/maranhaotv.com.br\/index.php\/2025\/12\/01\/guilherme-mulato-anuncia-natal-do-povo-ribamarense\/#primaryimage"},"thumbnailUrl":"https:\/\/maranhaotv.com.br\/wp-content\/uploads\/2025\/12\/image_editor_output_image-1066330184-1764594225382.jpg","articleSection":["not\u00edcias"],"inLanguage":"pt-BR","potentialAction":[{"@type":"CommentAction","name":"Comment","target":["https:\/\/maranhaotv.com.br\/index.php\/2025\/12\/01\/guilherme-mulato-anuncia-natal-do-povo-ribamarense\/#respond"]}]},{"@type":"WebPage","@id":"https:\/\/maranhaotv.com.br\/index.php\/2025\/12\/01\/guilherme-mulato-anuncia-natal-do-povo-ribamarense\/","url":"https:\/\/maranhaotv.com.br\/index.php\/2025\/12\/01\/guilherme-mulato-anuncia-natal-do-povo-ribamarense\/","name":"Guilherme Mulato anuncia Natal do Povo Ribamarense - NOT\u00cdCIAS EM TEMPO REAL","isPartOf":{"@id":"https:\/\/maranhaotv.com.br\/#website"},"primaryImageOfPage":{"@id":"https:\/\/maranhaotv.com.br\/index.php\/2025\/12\/01\/guilherme-mulato-anuncia-natal-do-povo-ribamarense\/#primaryimage"},"image":{"@id":"https:\/\/maranhaotv.com.br\/index.php\/2025\/12\/01\/guilherme-mulato-anuncia-natal-do-povo-ribamarense\/#primaryimage"},"thumbnailUrl":"https:\/\/maranhaotv.com.br\/wp-content\/uploads\/2025\/12\/image_editor_output_image-1066330184-1764594225382.jpg","datePublished":"2025-12-01T13:03:43+00:00","dateModified":"2025-12-01T13:05:38+00:00","breadcrumb":{"@id":"https:\/\/maranhaotv.com.br\/index.php\/2025\/12\/01\/guilherme-mulato-anuncia-natal-do-povo-ribamarense\/#breadcrumb"},"inLanguage":"pt-BR","potentialAction":[{"@type":"ReadAction","target":["https:\/\/maranhaotv.com.br\/index.php\/2025\/12\/01\/guilherme-mulato-anuncia-natal-do-povo-ribamarense\/"]}]},{"@type":"ImageObject","inLanguage":"pt-BR","@id":"https:\/\/maranhaotv.com.br\/index.php\/2025\/12\/01\/guilherme-mulato-anuncia-natal-do-povo-ribamarense\/#primaryimage","url":"https:\/\/maranhaotv.com.br\/wp-content\/uploads\/2025\/12\/image_editor_output_image-1066330184-1764594225382.jpg","contentUrl":"https:\/\/maranhaotv.com.br\/wp-content\/uploads\/2025\/12\/image_editor_output_image-1066330184-1764594225382.jpg","width":900,"height":594},{"@type":"BreadcrumbList","@id":"https:\/\/maranhaotv.com.br\/index.php\/2025\/12\/01\/guilherme-mulato-anuncia-natal-do-povo-ribamarense\/#breadcrumb","itemListElement":[{"@type":"ListItem","position":1,"name":"In\u00edcio","item":"https:\/\/maranhaotv.com.br\/"},{"@type":"ListItem","position":2,"name":"Guilherme Mulato anuncia Natal do Povo Ribamarense"}]},{"@type":"WebSite","@id":"https:\/\/maranhaotv.com.br\/#website","url":"https:\/\/maranhaotv.com.br\/","name":"Maranh\u00e3oTV","description":"","publisher":{"@id":"https:\/\/maranhaotv.com.br\/#organization"},"potentialAction":[{"@type":"SearchAction","target":{"@type":"EntryPoint","urlTemplate":"https:\/\/maranhaotv.com.br\/?s={search_term_string}"},"query-input":{"@type":"PropertyValueSpecification","valueRequired":true,"valueName":"search_term_string"}}],"inLanguage":"pt-BR"},{"@type":"Organization","@id":"https:\/\/maranhaotv.com.br\/#organization","name":"Portal de Not\u00edcias","url":"https:\/\/maranhaotv.com.br\/","logo":{"@type":"ImageObject","inLanguage":"pt-BR","@id":"https:\/\/maranhaotv.com.br\/#\/schema\/logo\/image\/","url":"https:\/\/maranhaotv.com.br\/wp-content\/uploads\/2024\/05\/cropped-cropped-avatar-1.png","contentUrl":"https:\/\/maranhaotv.com.br\/wp-content\/uploads\/2024\/05\/cropped-cropped-avatar-1.png","width":792,"height":428,"caption":"Portal de Not\u00edcias"},"image":{"@id":"https:\/\/maranhaotv.com.br\/#\/schema\/logo\/image\/"},"sameAs":["https:\/\/www.facebook.com\/maiobaotv","https:\/\/x.com\/sitemaranhaotv","https:\/\/www.instagram.com\/maranhao.tv","https:\/\/www.threads.net\/@maranhao.tv"]},{"@type":"Person","@id":"https:\/\/maranhaotv.com.br\/#\/schema\/person\/3d54238e86b20bb5c89ab2fdb8f8829a","name":"maranhaotv","image":{"@type":"ImageObject","inLanguage":"pt-BR","@id":"https:\/\/secure.gravatar.com\/avatar\/8fadbca458d4cb68b1dd399ae9a40618d747bb1af65ac9fad21c89220a143eb4?s=96&d=mm&r=g","url":"https:\/\/secure.gravatar.com\/avatar\/8fadbca458d4cb68b1dd399ae9a40618d747bb1af65ac9fad21c89220a143eb4?s=96&d=mm&r=g","contentUrl":"https:\/\/secure.gravatar.com\/avatar\/8fadbca458d4cb68b1dd399ae9a40618d747bb1af65ac9fad21c89220a143eb4?s=96&d=mm&r=g","caption":"maranhaotv"},"sameAs":["https:\/\/maranhaotv.com.br\/"],"url":"https:\/\/maranhaotv.com.br\/index.php\/author\/maranhaotv\/"}]}},"jetpack_featured_media_url":"https:\/\/maranhaotv.com.br\/wp-content\/uploads\/2025\/12\/image_editor_output_image-1066330184-1764594225382.jpg","jetpack_sharing_enabled":true,"_links":{"self":[{"href":"https:\/\/maranhaotv.com.br\/index.php\/wp-json\/wp\/v2\/posts\/45009","targetHints":{"allow":["GET"]}}],"collection":[{"href":"https:\/\/maranhaotv.com.br\/index.php\/wp-json\/wp\/v2\/posts"}],"about":[{"href":"https:\/\/maranhaotv.com.br\/index.php\/wp-json\/wp\/v2\/types\/post"}],"author":[{"embeddable":true,"href":"https:\/\/maranhaotv.com.br\/index.php\/wp-json\/wp\/v2\/users\/2"}],"replies":[{"embeddable":true,"href":"https:\/\/maranhaotv.com.br\/index.php\/wp-json\/wp\/v2\/comments?post=45009"}],"version-history":[{"count":2,"href":"https:\/\/maranhaotv.com.br\/index.php\/wp-json\/wp\/v2\/posts\/45009\/revisions"}],"predecessor-version":[{"id":45011,"href":"https:\/\/maranhaotv.com.br\/index.php\/wp-json\/wp\/v2\/posts\/45009\/revisions\/45011"}],"wp:featuredmedia":[{"embeddable":true,"href":"https:\/\/maranhaotv.com.br\/index.php\/wp-json\/wp\/v2\/media\/45008"}],"wp:attachment":[{"href":"https:\/\/maranhaotv.com.br\/index.php\/wp-json\/wp\/v2\/media?parent=45009"}],"wp:term":[{"taxonomy":"category","embeddable":true,"href":"https:\/\/maranhaotv.com.br\/index.php\/wp-json\/wp\/v2\/categories?post=45009"},{"taxonomy":"post_tag","embeddable":true,"href":"https:\/\/maranhaotv.com.br\/index.php\/wp-json\/wp\/v2\/tags?post=45009"}],"curies":[{"name":"wp","href":"https:\/\/api.w.org\/{rel}","templated":true}]}}