{"id":45025,"date":"2025-12-02T10:24:28","date_gmt":"2025-12-02T13:24:28","guid":{"rendered":"https:\/\/maranhaotv.com.br\/?p=45025"},"modified":"2025-12-02T10:24:29","modified_gmt":"2025-12-02T13:24:29","slug":"michelle-responde-filhos-de-bolsonaro-e-volta-a-criticar-ciro-gomes-respeito-a-opiniao-mas-penso-diferente","status":"publish","type":"post","link":"https:\/\/maranhaotv.com.br\/index.php\/2025\/12\/02\/michelle-responde-filhos-de-bolsonaro-e-volta-a-criticar-ciro-gomes-respeito-a-opiniao-mas-penso-diferente\/","title":{"rendered":"Michelle responde filhos de Bolsonaro e volta a criticar Ciro Gomes: \u2018Respeito a opini\u00e3o, mas penso diferente\u2019"},"content":{"rendered":"\n<p><\/p>\n\n\n\n<p>A&nbsp;ex-primeira-dama Michelle Bolsonaro&nbsp;se manifestou nesta ter\u00e7a-feira sobre o atrito com os enteados, filhos do ex-presidente Jair Bolsonaro. Ela havia criticado publicamente no domingo a aproxima\u00e7\u00e3o entre o PL do Cear\u00e1 e o ex-governador do estado Ciro Gomes durante o lan\u00e7amento da pr\u00e9-candidatura do senador Eduardo Gir\u00e3o (Novo-CE) ao governo do estado. A articula\u00e7\u00e3o \u00e9 conduzida pelo deputado federal Andr\u00e9 Fernandes.<\/p>\n\n\n\n<p>\u201cEu respeito a opini\u00e3o dos meus enteados, mas penso diferente e tenho o direito de expressas meus pensamentos com liberdade e sinceridade\u201d, escreveu Michelle em uma nota publicada nas redes sociais durante a madrugada.<\/p>\n\n\n\n<p>Na mensagem, a ex-primeira-dama disse que \u201cvivemos tempos dif\u00edceis\u201d e acrescentou: \u201c\u00e9 normal que os nervos fiquem \u00e0 flor da pele e podemos vir a machucar aqueles a quem jamais gostar\u00edamos de magoar.\u201d<\/p>\n\n\n\n<p>Em seguida, Michelle volta a criticar Ciro Gomes, a quem chama de \u201craposa pol\u00edtica\u201d. A ex-primeira-dama lista tamb\u00e9m ataques do ex-governador do Cear\u00e1 ao marido: \u201cComo ficar feliz com o apoio \u00e0 candidatura de um homem que xinga o meu marido o tempo todo de ladr\u00e3o de galinha, de frouxo e tantos outros xingamentos?\u201d.<\/p>\n\n\n\n<p>\u201cEu jamais poderia concordar em ceder o meu apoio \u00e0 candidatura de um homem que tanto mal causou ao meu marido e \u00e0 minha fam\u00edlia. Como apoiar (ou deixar de, caridosamente, admoestar quem apoia) um homem que foi respons\u00e1vel por implantar a narrativa que rotulou o meu marido como genocida?\u201d, continua Michelle Bolsonaro.<\/p>\n\n\n\n<p>A ex-primeira-dama diz em seguida que, para derrotar o PT, a direita precisa manter coer\u00eancia em rela\u00e7\u00e3o aos seus valores. \u201cCiro Gomes n\u00e3o \u00e9 e nunca ser\u00e1 de direita. Nunca defender\u00e1 os nossos valores. Sempre ser\u00e1 um perseguidor e um maledicente contra Bolsonaro\u201d, diz Michelle.<\/p>\n\n\n\n<p>Ao final da nota, ela pede perd\u00e3o dos enteados e diz que n\u00e3o teve a inten\u00e7\u00e3o de contrari\u00e1-los. Michelle afirma ainda n\u00e3o saber qual \u00e9 a \u201cvontade do Jair\u201d em rela\u00e7\u00e3o a alian\u00e7a com Ciro. \u201cAqueles que defendem essa alian\u00e7a, s\u00e3o livres para continuar com ela, mas n\u00e3o deveriam me criticar por n\u00e3o aceit\u00e1-la. Eu tenho o direito de n\u00e3o aceitar isso, ainda que essa fosse a vontade do Jair (ele n\u00e3o me falou se \u00e9)\u201d.<\/p>\n\n\n\n<p>O&nbsp; senador Fl\u00e1vio Bolsonaro, que visita o pai na cadeia nesta ter\u00e7a-feira , vai pedir a&nbsp;Jair Bolsonaro&nbsp;que contenha Michelle e a fa\u00e7a recuar das cr\u00edticas. Na tarde desta ter\u00e7a, depois do encontro entre Fl\u00e1vio e o pai, o PL vai realizar uma reuni\u00e3o de emerg\u00eancia para, nas palavras dos integrantes do PL, \u201cenquadrar\u201d a madrasta. Pretende levar o recado do pai para que ela recue. E espera que, na quinta-feira, quando Michelle deve visitar o marido, o pr\u00f3prio Jair a conven\u00e7a a parar.<\/p>\n\n\n\n<p>Michelle, que \u00e9 presidente do PL Mulher, foi chamada para uma reuni\u00e3o com a c\u00fapula do partido na tarde desta ter\u00e7a-feira, onde, nas palavras de lideran\u00e7as do PL, ser\u00e1 \u201cenquadrada\u201d. \u201cMichele n\u00e3o entende que ela \u00e9 uma funcion\u00e1ria do partido e do Valdemar. Nem o Bolsonaro fala assim. \u00c9 uma quest\u00e3o de disciplina partid\u00e1ria\u201d, diz um dos integrantes da c\u00fapula do partido. N\u00e3o h\u00e1 entre aliados de Valdemar, no entanto, muita esperan\u00e7a de que a ex-primeira-dama pe\u00e7a desculpas ou se retrate do que disse. Para esses correligion\u00e1rios, Michelle estaria \u201cse achando\u201d e \u201c\u00e9 incontrol\u00e1vel\u201d.<\/p>\n\n\n\n<p><strong>\u2018Autorit\u00e1ria\u2019<\/strong><\/p>\n\n\n\n<p>Michelle havia criticado a aproxima\u00e7\u00e3o do PL com Ciro Gomes durante o evento de lan\u00e7amento da candidatura do senador Eduardo Gir\u00e3o ao governo do Cear\u00e1. H\u00e1 dois meses, Ciro rompeu com o PDT e se filiou ao PSDB.<\/p>\n\n\n\n<p>\u2014 \u00c9 sobre essa alian\u00e7a que voc\u00eas precipitaram a fazer. Fazer alian\u00e7a com o homem que \u00e9 contra o maior l\u00edder da direita (Jair Bolsonaro), isso n\u00e3o d\u00e1. A pessoa continua falando que a fam\u00edlia \u00e9 de ladr\u00e3o, \u00e9 de bandido. Compara o presidente Bolsonaro a ladr\u00e3o de galinha. Ent\u00e3o, n\u00e3o tem como \u2014 disse Michelle.<\/p>\n\n\n\n<p>Na segunda-feira, a declara\u00e7\u00e3o rendeu cr\u00edticas dos filhos do ex-presidente, que se encontra preso na Superintend\u00eancia da Pol\u00edcia Federal. A primeira das cr\u00edticas partiu do senador Fl\u00e1vio Bolsonaro (PL-RJ), que chamou Michelle de \u201cautorit\u00e1ria\u201d.<\/p>\n\n\n\n<p>\u2014 A Michelle atropelou o pr\u00f3prio presidente Bolsonaro, que havia autorizado o movimento do deputado Andr\u00e9 Fernandes no Cear\u00e1. E a forma com que ela se dirigiu a ele, que talvez seja nossa maior lideran\u00e7a local, foi autorit\u00e1ria e constrangedora \u2014 disse o senador ao portal Metr\u00f3poles.<\/p>\n\n\n\n<p>Nas redes sociais, o vereador Carlos Bolsonaro (PL-RJ) disse que a aproxima\u00e7\u00e3o com Ciro, que deve concorrer ao governo do Cear\u00e1 em 2026, foi feita com aval do ex-presidente. \u201cTemos que estar unidos e respeitando a lideran\u00e7a do meu pai, sem deixar nos levar por outras for\u00e7as\u201d. O deputado federal Eduardo Bolsonaro repetiu os irm\u00e3os: Meu irm\u00e3o Fl\u00e1vio est\u00e1 correto. Foi injusto e desrespeitoso com o Andr\u00e9 o que foi feito no evento. N\u00e3o vou entrar no m\u00e9rito de ser um bom ou mal acordo; foi uma posi\u00e7\u00e3o definida pelo meu pai\u201d.<\/p>\n\n\n\n<p><strong>Leia abaixo a nota de Michelle Bolsonaro na \u00edntegra:<\/strong><\/p>\n\n\n\n<p>\u201cMuitos t\u00eam me perguntado se vou responder \u00e0s manifesta\u00e7\u00f5es dos meus enteados: N\u00e3o vou!<\/p>\n\n\n\n<p>Vivemos tempos dif\u00edceis. Enfrentamos tempestades de injusti\u00e7as em mares de persegui\u00e7\u00e3o agitados. Nesses per\u00edodos, \u00e9 normal que os nervos fiquem \u00e0 flor da pele e podemos vir a machucar aqueles a quem jamais gostar\u00edamos de magoar.<\/p>\n\n\n\n<p>Amo o meu marido, a minha filha e amo a vida dos meus enteados. Eu entendo e sofro a dor deles porque ela tamb\u00e9m \u00e9 a minha dor. Quero lutar junto com eles pela liberdade e pela vida do meu marido porque o amo, cuidarei dele e o defenderei com unhas e dentes, como uma leoa que defende a sua fam\u00edlia!<\/p>\n\n\n\n<p>Eu respeito a opini\u00e3o dos meus enteados, mas penso diferente e tenho o direito de expressar meus pensamentos com liberdade e sinceridade. Antes de ser uma l\u00edder pol\u00edtica, eu sou mulher, sou m\u00e3e, sou esposa e, se tiver que escolher entre ser pol\u00edtica, m\u00e3e ou esposa, ficarei com as duas \u00faltimas op\u00e7\u00f5es.<\/p>\n\n\n\n<p>Como eu olharia nos olhos da minha filha quando ela um dia me questionasse por que eu teria apoiado (ou n\u00e3o falei nada quando pessoas do meu partido apoiaram) o homem que tanto mal fez ao pai dela? Desculpem-me; n\u00e3o sou assim! Acredito em uma pol\u00edtica diferente. N\u00e3o basta derrotar o PT e a esquerda; \u00e9 preciso faz\u00ea-lo mantendo-nos fieis aos nossos valores e agirmos de maneira coerente com eles.<\/p>\n\n\n\n<p>Foi por isso, e apenas por isso, que me manifestei no Cear\u00e1. N\u00e3o podia ficar calada diante desses acontecimentos. Meu marido tem um cora\u00e7\u00e3o bom (bom at\u00e9 demais!) e, por isso, tenho o dever de defend\u00ea-lo e de me manifestar contra situa\u00e7\u00f5es que eu sei, ser\u00e3o prejudiciais a ele. Ciro Gomes n\u00e3o \u00e9 e nunca ser\u00e1 de direita. Nunca defender\u00e1 os nossos valores. Sempre ser\u00e1 um perseguidor e um maledicente contra Bolsonaro.<\/p>\n\n\n\n<p>No evento, vi nos olhos do povo que ama Bolsonaro, o mesmo desconforto e insatisfa\u00e7\u00e3o que eu sinto. Penso que derrotar o PT dessa forma, seria o mesmo que trocar Joseph Stalin por Vladimir Lenin.<\/p>\n\n\n\n<p>Aqueles que defendem essa alian\u00e7a, s\u00e3o livres para continuar com ela, mas n\u00e3o deveriam me criticar por n\u00e3o aceit\u00e1-la. Eu tenho o direito de n\u00e3o aceitar isso, ainda que essa fosse a vontade do Jair (ele n\u00e3o me falou se \u00e9).<\/p>\n\n\n\n<p>Muitas vezes, somos n\u00f3s, esposas, que somos chamadas a mostrar aos nossos maridos que eles podem estar errando. Isso \u00e9 normal em qualquer casamento e um precisa ajudar o outro. No epis\u00f3dio de Fortaleza, eu fui apenas uma esposa defendendo o seu marido e a sua fam\u00edlia de um homem que sempre nos atacou.<\/p>\n\n\n\n<p>Pe\u00e7o aos meus enteados que me entendam e me perdoem. N\u00e3o foi minha inten\u00e7\u00e3o contraria-los. Eu, assim como eles, quero apenas o melhor para o nosso her\u00f3i, seu pai, meu esposo e o maior l\u00edder que esse pa\u00eds j\u00e1 teve \u2013 Jair Messias Bolsonaro\u201d.<\/p>\n","protected":false},"excerpt":{"rendered":"<p>A&nbsp;ex-primeira-dama Michelle Bolsonaro&nbsp;se manifestou nesta ter\u00e7a-feira sobre o atrito com os enteados, filhos do ex-presidente Jair Bolsonaro. Ela havia criticado<\/p>\n","protected":false},"author":2,"featured_media":45026,"comment_status":"open","ping_status":"open","sticky":false,"template":"","format":"standard","meta":{"colormag_page_container_layout":"default_layout","colormag_page_sidebar_layout":"default_layout","_jetpack_memberships_contains_paid_content":false,"footnotes":""},"categories":[6],"tags":[],"class_list":["post-45025","post","type-post","status-publish","format-standard","has-post-thumbnail","hentry","category-politica"],"magazineBlocksPostFeaturedMedia":{"thumbnail":"https:\/\/maranhaotv.com.br\/wp-content\/uploads\/2025\/12\/familia-bolsonaro-1-150x150.avif","medium":"https:\/\/maranhaotv.com.br\/wp-content\/uploads\/2025\/12\/familia-bolsonaro-1-300x200.avif","medium_large":"https:\/\/maranhaotv.com.br\/wp-content\/uploads\/2025\/12\/familia-bolsonaro-1-768x512.avif","large":"https:\/\/maranhaotv.com.br\/wp-content\/uploads\/2025\/12\/familia-bolsonaro-1.avif","1536x1536":"https:\/\/maranhaotv.com.br\/wp-content\/uploads\/2025\/12\/familia-bolsonaro-1.avif","2048x2048":"https:\/\/maranhaotv.com.br\/wp-content\/uploads\/2025\/12\/familia-bolsonaro-1.avif","colormag-highlighted-post":"https:\/\/maranhaotv.com.br\/wp-content\/uploads\/2025\/12\/familia-bolsonaro-1-392x272.avif","colormag-featured-post-medium":"https:\/\/maranhaotv.com.br\/wp-content\/uploads\/2025\/12\/familia-bolsonaro-1-390x205.avif","colormag-featured-post-small":"https:\/\/maranhaotv.com.br\/wp-content\/uploads\/2025\/12\/familia-bolsonaro-1-130x90.avif","colormag-featured-image":"https:\/\/maranhaotv.com.br\/wp-content\/uploads\/2025\/12\/familia-bolsonaro-1-800x445.avif","colormag-default-news":"https:\/\/maranhaotv.com.br\/wp-content\/uploads\/2025\/12\/familia-bolsonaro-1-150x150.avif","colormag-featured-image-large":"https:\/\/maranhaotv.com.br\/wp-content\/uploads\/2025\/12\/familia-bolsonaro-1.avif"},"magazineBlocksPostAuthor":{"name":"maranhaotv","avatar":"https:\/\/secure.gravatar.com\/avatar\/8fadbca458d4cb68b1dd399ae9a40618d747bb1af65ac9fad21c89220a143eb4?s=96&d=mm&r=g"},"magazineBlocksPostCommentsNumber":"0","magazineBlocksPostExcerpt":"A&nbsp;ex-primeira-dama Michelle Bolsonaro&nbsp;se manifestou nesta ter\u00e7a-feira sobre o atrito com os enteados, filhos do ex-presidente Jair Bolsonaro. Ela havia criticado","magazineBlocksPostCategories":["pol\u00edtica"],"magazineBlocksPostViewCount":130,"magazineBlocksPostReadTime":7,"magazine_blocks_featured_image_url":{"full":["https:\/\/maranhaotv.com.br\/wp-content\/uploads\/2025\/12\/familia-bolsonaro-1.avif",888,592,false],"medium":["https:\/\/maranhaotv.com.br\/wp-content\/uploads\/2025\/12\/familia-bolsonaro-1-300x200.avif",300,200,true],"thumbnail":["https:\/\/maranhaotv.com.br\/wp-content\/uploads\/2025\/12\/familia-bolsonaro-1-150x150.avif",150,150,true]},"magazine_blocks_author":{"display_name":"maranhaotv","author_link":"https:\/\/maranhaotv.com.br\/index.php\/author\/maranhaotv\/"},"magazine_blocks_comment":0,"magazine_blocks_author_image":"https:\/\/secure.gravatar.com\/avatar\/8fadbca458d4cb68b1dd399ae9a40618d747bb1af65ac9fad21c89220a143eb4?s=96&d=mm&r=g","magazine_blocks_category":"<a href=\"#\" class=\"category-link category-link-6\">pol\u00edtica<\/a>","yoast_head":"<!-- This site is optimized with the Yoast SEO plugin v27.4 - https:\/\/yoast.com\/product\/yoast-seo-wordpress\/ -->\n<title>Michelle responde filhos de Bolsonaro e volta a criticar Ciro Gomes: \u2018Respeito a opini\u00e3o, mas penso diferente\u2019 - NOT\u00cdCIAS EM TEMPO REAL<\/title>\n<meta name=\"robots\" content=\"index, follow, max-snippet:-1, max-image-preview:large, max-video-preview:-1\" \/>\n<link rel=\"canonical\" href=\"https:\/\/maranhaotv.com.br\/index.php\/2025\/12\/02\/michelle-responde-filhos-de-bolsonaro-e-volta-a-criticar-ciro-gomes-respeito-a-opiniao-mas-penso-diferente\/\" \/>\n<meta property=\"og:locale\" content=\"pt_BR\" \/>\n<meta property=\"og:type\" content=\"article\" \/>\n<meta property=\"og:title\" content=\"Michelle responde filhos de Bolsonaro e volta a criticar Ciro Gomes: \u2018Respeito a opini\u00e3o, mas penso diferente\u2019 - NOT\u00cdCIAS EM TEMPO REAL\" \/>\n<meta property=\"og:description\" content=\"A&nbsp;ex-primeira-dama Michelle Bolsonaro&nbsp;se manifestou nesta ter\u00e7a-feira sobre o atrito com os enteados, filhos do ex-presidente Jair Bolsonaro. Ela havia criticado\" \/>\n<meta property=\"og:url\" content=\"https:\/\/maranhaotv.com.br\/index.php\/2025\/12\/02\/michelle-responde-filhos-de-bolsonaro-e-volta-a-criticar-ciro-gomes-respeito-a-opiniao-mas-penso-diferente\/\" \/>\n<meta property=\"og:site_name\" content=\"NOT\u00cdCIAS EM TEMPO REAL\" \/>\n<meta property=\"article:publisher\" content=\"https:\/\/www.facebook.com\/maiobaotv\" \/>\n<meta property=\"article:published_time\" content=\"2025-12-02T13:24:28+00:00\" \/>\n<meta property=\"article:modified_time\" content=\"2025-12-02T13:24:29+00:00\" \/>\n<meta name=\"author\" content=\"maranhaotv\" \/>\n<meta name=\"twitter:card\" content=\"summary_large_image\" \/>\n<meta name=\"twitter:creator\" content=\"@sitemaranhaotv\" \/>\n<meta name=\"twitter:site\" content=\"@sitemaranhaotv\" \/>\n<meta name=\"twitter:label1\" content=\"Escrito por\" \/>\n\t<meta name=\"twitter:data1\" content=\"maranhaotv\" \/>\n\t<meta name=\"twitter:label2\" content=\"Est. tempo de leitura\" \/>\n\t<meta name=\"twitter:data2\" content=\"8 minutos\" \/>\n<script type=\"application\/ld+json\" class=\"yoast-schema-graph\">{\"@context\":\"https:\\\/\\\/schema.org\",\"@graph\":[{\"@type\":\"Article\",\"@id\":\"https:\\\/\\\/maranhaotv.com.br\\\/index.php\\\/2025\\\/12\\\/02\\\/michelle-responde-filhos-de-bolsonaro-e-volta-a-criticar-ciro-gomes-respeito-a-opiniao-mas-penso-diferente\\\/#article\",\"isPartOf\":{\"@id\":\"https:\\\/\\\/maranhaotv.com.br\\\/index.php\\\/2025\\\/12\\\/02\\\/michelle-responde-filhos-de-bolsonaro-e-volta-a-criticar-ciro-gomes-respeito-a-opiniao-mas-penso-diferente\\\/\"},\"author\":{\"name\":\"maranhaotv\",\"@id\":\"https:\\\/\\\/maranhaotv.com.br\\\/#\\\/schema\\\/person\\\/3d54238e86b20bb5c89ab2fdb8f8829a\"},\"headline\":\"Michelle responde filhos de Bolsonaro e volta a criticar Ciro Gomes: \u2018Respeito a opini\u00e3o, mas penso diferente\u2019\",\"datePublished\":\"2025-12-02T13:24:28+00:00\",\"dateModified\":\"2025-12-02T13:24:29+00:00\",\"mainEntityOfPage\":{\"@id\":\"https:\\\/\\\/maranhaotv.com.br\\\/index.php\\\/2025\\\/12\\\/02\\\/michelle-responde-filhos-de-bolsonaro-e-volta-a-criticar-ciro-gomes-respeito-a-opiniao-mas-penso-diferente\\\/\"},\"wordCount\":1418,\"commentCount\":0,\"publisher\":{\"@id\":\"https:\\\/\\\/maranhaotv.com.br\\\/#organization\"},\"image\":{\"@id\":\"https:\\\/\\\/maranhaotv.com.br\\\/index.php\\\/2025\\\/12\\\/02\\\/michelle-responde-filhos-de-bolsonaro-e-volta-a-criticar-ciro-gomes-respeito-a-opiniao-mas-penso-diferente\\\/#primaryimage\"},\"thumbnailUrl\":\"https:\\\/\\\/maranhaotv.com.br\\\/wp-content\\\/uploads\\\/2025\\\/12\\\/familia-bolsonaro-1.avif\",\"articleSection\":[\"pol\u00edtica\"],\"inLanguage\":\"pt-BR\",\"potentialAction\":[{\"@type\":\"CommentAction\",\"name\":\"Comment\",\"target\":[\"https:\\\/\\\/maranhaotv.com.br\\\/index.php\\\/2025\\\/12\\\/02\\\/michelle-responde-filhos-de-bolsonaro-e-volta-a-criticar-ciro-gomes-respeito-a-opiniao-mas-penso-diferente\\\/#respond\"]}]},{\"@type\":\"WebPage\",\"@id\":\"https:\\\/\\\/maranhaotv.com.br\\\/index.php\\\/2025\\\/12\\\/02\\\/michelle-responde-filhos-de-bolsonaro-e-volta-a-criticar-ciro-gomes-respeito-a-opiniao-mas-penso-diferente\\\/\",\"url\":\"https:\\\/\\\/maranhaotv.com.br\\\/index.php\\\/2025\\\/12\\\/02\\\/michelle-responde-filhos-de-bolsonaro-e-volta-a-criticar-ciro-gomes-respeito-a-opiniao-mas-penso-diferente\\\/\",\"name\":\"Michelle responde filhos de Bolsonaro e volta a criticar Ciro Gomes: \u2018Respeito a opini\u00e3o, mas penso diferente\u2019 - NOT\u00cdCIAS EM TEMPO REAL\",\"isPartOf\":{\"@id\":\"https:\\\/\\\/maranhaotv.com.br\\\/#website\"},\"primaryImageOfPage\":{\"@id\":\"https:\\\/\\\/maranhaotv.com.br\\\/index.php\\\/2025\\\/12\\\/02\\\/michelle-responde-filhos-de-bolsonaro-e-volta-a-criticar-ciro-gomes-respeito-a-opiniao-mas-penso-diferente\\\/#primaryimage\"},\"image\":{\"@id\":\"https:\\\/\\\/maranhaotv.com.br\\\/index.php\\\/2025\\\/12\\\/02\\\/michelle-responde-filhos-de-bolsonaro-e-volta-a-criticar-ciro-gomes-respeito-a-opiniao-mas-penso-diferente\\\/#primaryimage\"},\"thumbnailUrl\":\"https:\\\/\\\/maranhaotv.com.br\\\/wp-content\\\/uploads\\\/2025\\\/12\\\/familia-bolsonaro-1.avif\",\"datePublished\":\"2025-12-02T13:24:28+00:00\",\"dateModified\":\"2025-12-02T13:24:29+00:00\",\"breadcrumb\":{\"@id\":\"https:\\\/\\\/maranhaotv.com.br\\\/index.php\\\/2025\\\/12\\\/02\\\/michelle-responde-filhos-de-bolsonaro-e-volta-a-criticar-ciro-gomes-respeito-a-opiniao-mas-penso-diferente\\\/#breadcrumb\"},\"inLanguage\":\"pt-BR\",\"potentialAction\":[{\"@type\":\"ReadAction\",\"target\":[\"https:\\\/\\\/maranhaotv.com.br\\\/index.php\\\/2025\\\/12\\\/02\\\/michelle-responde-filhos-de-bolsonaro-e-volta-a-criticar-ciro-gomes-respeito-a-opiniao-mas-penso-diferente\\\/\"]}]},{\"@type\":\"ImageObject\",\"inLanguage\":\"pt-BR\",\"@id\":\"https:\\\/\\\/maranhaotv.com.br\\\/index.php\\\/2025\\\/12\\\/02\\\/michelle-responde-filhos-de-bolsonaro-e-volta-a-criticar-ciro-gomes-respeito-a-opiniao-mas-penso-diferente\\\/#primaryimage\",\"url\":\"https:\\\/\\\/maranhaotv.com.br\\\/wp-content\\\/uploads\\\/2025\\\/12\\\/familia-bolsonaro-1.avif\",\"contentUrl\":\"https:\\\/\\\/maranhaotv.com.br\\\/wp-content\\\/uploads\\\/2025\\\/12\\\/familia-bolsonaro-1.avif\",\"width\":888,\"height\":592},{\"@type\":\"BreadcrumbList\",\"@id\":\"https:\\\/\\\/maranhaotv.com.br\\\/index.php\\\/2025\\\/12\\\/02\\\/michelle-responde-filhos-de-bolsonaro-e-volta-a-criticar-ciro-gomes-respeito-a-opiniao-mas-penso-diferente\\\/#breadcrumb\",\"itemListElement\":[{\"@type\":\"ListItem\",\"position\":1,\"name\":\"In\u00edcio\",\"item\":\"https:\\\/\\\/maranhaotv.com.br\\\/\"},{\"@type\":\"ListItem\",\"position\":2,\"name\":\"Michelle responde filhos de Bolsonaro e volta a criticar Ciro Gomes: \u2018Respeito a opini\u00e3o, mas penso diferente\u2019\"}]},{\"@type\":\"WebSite\",\"@id\":\"https:\\\/\\\/maranhaotv.com.br\\\/#website\",\"url\":\"https:\\\/\\\/maranhaotv.com.br\\\/\",\"name\":\"Maranh\u00e3oTV\",\"description\":\"\",\"publisher\":{\"@id\":\"https:\\\/\\\/maranhaotv.com.br\\\/#organization\"},\"potentialAction\":[{\"@type\":\"SearchAction\",\"target\":{\"@type\":\"EntryPoint\",\"urlTemplate\":\"https:\\\/\\\/maranhaotv.com.br\\\/?s={search_term_string}\"},\"query-input\":{\"@type\":\"PropertyValueSpecification\",\"valueRequired\":true,\"valueName\":\"search_term_string\"}}],\"inLanguage\":\"pt-BR\"},{\"@type\":\"Organization\",\"@id\":\"https:\\\/\\\/maranhaotv.com.br\\\/#organization\",\"name\":\"Portal de Not\u00edcias\",\"url\":\"https:\\\/\\\/maranhaotv.com.br\\\/\",\"logo\":{\"@type\":\"ImageObject\",\"inLanguage\":\"pt-BR\",\"@id\":\"https:\\\/\\\/maranhaotv.com.br\\\/#\\\/schema\\\/logo\\\/image\\\/\",\"url\":\"https:\\\/\\\/maranhaotv.com.br\\\/wp-content\\\/uploads\\\/2024\\\/05\\\/cropped-cropped-avatar-1.png\",\"contentUrl\":\"https:\\\/\\\/maranhaotv.com.br\\\/wp-content\\\/uploads\\\/2024\\\/05\\\/cropped-cropped-avatar-1.png\",\"width\":792,\"height\":428,\"caption\":\"Portal de Not\u00edcias\"},\"image\":{\"@id\":\"https:\\\/\\\/maranhaotv.com.br\\\/#\\\/schema\\\/logo\\\/image\\\/\"},\"sameAs\":[\"https:\\\/\\\/www.facebook.com\\\/maiobaotv\",\"https:\\\/\\\/x.com\\\/sitemaranhaotv\",\"https:\\\/\\\/www.instagram.com\\\/maranhao.tv\",\"https:\\\/\\\/www.threads.net\\\/@maranhao.tv\"]},{\"@type\":\"Person\",\"@id\":\"https:\\\/\\\/maranhaotv.com.br\\\/#\\\/schema\\\/person\\\/3d54238e86b20bb5c89ab2fdb8f8829a\",\"name\":\"maranhaotv\",\"image\":{\"@type\":\"ImageObject\",\"inLanguage\":\"pt-BR\",\"@id\":\"https:\\\/\\\/secure.gravatar.com\\\/avatar\\\/8fadbca458d4cb68b1dd399ae9a40618d747bb1af65ac9fad21c89220a143eb4?s=96&d=mm&r=g\",\"url\":\"https:\\\/\\\/secure.gravatar.com\\\/avatar\\\/8fadbca458d4cb68b1dd399ae9a40618d747bb1af65ac9fad21c89220a143eb4?s=96&d=mm&r=g\",\"contentUrl\":\"https:\\\/\\\/secure.gravatar.com\\\/avatar\\\/8fadbca458d4cb68b1dd399ae9a40618d747bb1af65ac9fad21c89220a143eb4?s=96&d=mm&r=g\",\"caption\":\"maranhaotv\"},\"sameAs\":[\"https:\\\/\\\/maranhaotv.com.br\\\/\"],\"url\":\"https:\\\/\\\/maranhaotv.com.br\\\/index.php\\\/author\\\/maranhaotv\\\/\"}]}<\/script>\n<!-- \/ Yoast SEO plugin. -->","yoast_head_json":{"title":"Michelle responde filhos de Bolsonaro e volta a criticar Ciro Gomes: \u2018Respeito a opini\u00e3o, mas penso diferente\u2019 - NOT\u00cdCIAS EM TEMPO REAL","robots":{"index":"index","follow":"follow","max-snippet":"max-snippet:-1","max-image-preview":"max-image-preview:large","max-video-preview":"max-video-preview:-1"},"canonical":"https:\/\/maranhaotv.com.br\/index.php\/2025\/12\/02\/michelle-responde-filhos-de-bolsonaro-e-volta-a-criticar-ciro-gomes-respeito-a-opiniao-mas-penso-diferente\/","og_locale":"pt_BR","og_type":"article","og_title":"Michelle responde filhos de Bolsonaro e volta a criticar Ciro Gomes: \u2018Respeito a opini\u00e3o, mas penso diferente\u2019 - NOT\u00cdCIAS EM TEMPO REAL","og_description":"A&nbsp;ex-primeira-dama Michelle Bolsonaro&nbsp;se manifestou nesta ter\u00e7a-feira sobre o atrito com os enteados, filhos do ex-presidente Jair Bolsonaro. Ela havia criticado","og_url":"https:\/\/maranhaotv.com.br\/index.php\/2025\/12\/02\/michelle-responde-filhos-de-bolsonaro-e-volta-a-criticar-ciro-gomes-respeito-a-opiniao-mas-penso-diferente\/","og_site_name":"NOT\u00cdCIAS EM TEMPO REAL","article_publisher":"https:\/\/www.facebook.com\/maiobaotv","article_published_time":"2025-12-02T13:24:28+00:00","article_modified_time":"2025-12-02T13:24:29+00:00","author":"maranhaotv","twitter_card":"summary_large_image","twitter_creator":"@sitemaranhaotv","twitter_site":"@sitemaranhaotv","twitter_misc":{"Escrito por":"maranhaotv","Est. tempo de leitura":"8 minutos"},"schema":{"@context":"https:\/\/schema.org","@graph":[{"@type":"Article","@id":"https:\/\/maranhaotv.com.br\/index.php\/2025\/12\/02\/michelle-responde-filhos-de-bolsonaro-e-volta-a-criticar-ciro-gomes-respeito-a-opiniao-mas-penso-diferente\/#article","isPartOf":{"@id":"https:\/\/maranhaotv.com.br\/index.php\/2025\/12\/02\/michelle-responde-filhos-de-bolsonaro-e-volta-a-criticar-ciro-gomes-respeito-a-opiniao-mas-penso-diferente\/"},"author":{"name":"maranhaotv","@id":"https:\/\/maranhaotv.com.br\/#\/schema\/person\/3d54238e86b20bb5c89ab2fdb8f8829a"},"headline":"Michelle responde filhos de Bolsonaro e volta a criticar Ciro Gomes: \u2018Respeito a opini\u00e3o, mas penso diferente\u2019","datePublished":"2025-12-02T13:24:28+00:00","dateModified":"2025-12-02T13:24:29+00:00","mainEntityOfPage":{"@id":"https:\/\/maranhaotv.com.br\/index.php\/2025\/12\/02\/michelle-responde-filhos-de-bolsonaro-e-volta-a-criticar-ciro-gomes-respeito-a-opiniao-mas-penso-diferente\/"},"wordCount":1418,"commentCount":0,"publisher":{"@id":"https:\/\/maranhaotv.com.br\/#organization"},"image":{"@id":"https:\/\/maranhaotv.com.br\/index.php\/2025\/12\/02\/michelle-responde-filhos-de-bolsonaro-e-volta-a-criticar-ciro-gomes-respeito-a-opiniao-mas-penso-diferente\/#primaryimage"},"thumbnailUrl":"https:\/\/maranhaotv.com.br\/wp-content\/uploads\/2025\/12\/familia-bolsonaro-1.avif","articleSection":["pol\u00edtica"],"inLanguage":"pt-BR","potentialAction":[{"@type":"CommentAction","name":"Comment","target":["https:\/\/maranhaotv.com.br\/index.php\/2025\/12\/02\/michelle-responde-filhos-de-bolsonaro-e-volta-a-criticar-ciro-gomes-respeito-a-opiniao-mas-penso-diferente\/#respond"]}]},{"@type":"WebPage","@id":"https:\/\/maranhaotv.com.br\/index.php\/2025\/12\/02\/michelle-responde-filhos-de-bolsonaro-e-volta-a-criticar-ciro-gomes-respeito-a-opiniao-mas-penso-diferente\/","url":"https:\/\/maranhaotv.com.br\/index.php\/2025\/12\/02\/michelle-responde-filhos-de-bolsonaro-e-volta-a-criticar-ciro-gomes-respeito-a-opiniao-mas-penso-diferente\/","name":"Michelle responde filhos de Bolsonaro e volta a criticar Ciro Gomes: \u2018Respeito a opini\u00e3o, mas penso diferente\u2019 - NOT\u00cdCIAS EM TEMPO REAL","isPartOf":{"@id":"https:\/\/maranhaotv.com.br\/#website"},"primaryImageOfPage":{"@id":"https:\/\/maranhaotv.com.br\/index.php\/2025\/12\/02\/michelle-responde-filhos-de-bolsonaro-e-volta-a-criticar-ciro-gomes-respeito-a-opiniao-mas-penso-diferente\/#primaryimage"},"image":{"@id":"https:\/\/maranhaotv.com.br\/index.php\/2025\/12\/02\/michelle-responde-filhos-de-bolsonaro-e-volta-a-criticar-ciro-gomes-respeito-a-opiniao-mas-penso-diferente\/#primaryimage"},"thumbnailUrl":"https:\/\/maranhaotv.com.br\/wp-content\/uploads\/2025\/12\/familia-bolsonaro-1.avif","datePublished":"2025-12-02T13:24:28+00:00","dateModified":"2025-12-02T13:24:29+00:00","breadcrumb":{"@id":"https:\/\/maranhaotv.com.br\/index.php\/2025\/12\/02\/michelle-responde-filhos-de-bolsonaro-e-volta-a-criticar-ciro-gomes-respeito-a-opiniao-mas-penso-diferente\/#breadcrumb"},"inLanguage":"pt-BR","potentialAction":[{"@type":"ReadAction","target":["https:\/\/maranhaotv.com.br\/index.php\/2025\/12\/02\/michelle-responde-filhos-de-bolsonaro-e-volta-a-criticar-ciro-gomes-respeito-a-opiniao-mas-penso-diferente\/"]}]},{"@type":"ImageObject","inLanguage":"pt-BR","@id":"https:\/\/maranhaotv.com.br\/index.php\/2025\/12\/02\/michelle-responde-filhos-de-bolsonaro-e-volta-a-criticar-ciro-gomes-respeito-a-opiniao-mas-penso-diferente\/#primaryimage","url":"https:\/\/maranhaotv.com.br\/wp-content\/uploads\/2025\/12\/familia-bolsonaro-1.avif","contentUrl":"https:\/\/maranhaotv.com.br\/wp-content\/uploads\/2025\/12\/familia-bolsonaro-1.avif","width":888,"height":592},{"@type":"BreadcrumbList","@id":"https:\/\/maranhaotv.com.br\/index.php\/2025\/12\/02\/michelle-responde-filhos-de-bolsonaro-e-volta-a-criticar-ciro-gomes-respeito-a-opiniao-mas-penso-diferente\/#breadcrumb","itemListElement":[{"@type":"ListItem","position":1,"name":"In\u00edcio","item":"https:\/\/maranhaotv.com.br\/"},{"@type":"ListItem","position":2,"name":"Michelle responde filhos de Bolsonaro e volta a criticar Ciro Gomes: \u2018Respeito a opini\u00e3o, mas penso diferente\u2019"}]},{"@type":"WebSite","@id":"https:\/\/maranhaotv.com.br\/#website","url":"https:\/\/maranhaotv.com.br\/","name":"Maranh\u00e3oTV","description":"","publisher":{"@id":"https:\/\/maranhaotv.com.br\/#organization"},"potentialAction":[{"@type":"SearchAction","target":{"@type":"EntryPoint","urlTemplate":"https:\/\/maranhaotv.com.br\/?s={search_term_string}"},"query-input":{"@type":"PropertyValueSpecification","valueRequired":true,"valueName":"search_term_string"}}],"inLanguage":"pt-BR"},{"@type":"Organization","@id":"https:\/\/maranhaotv.com.br\/#organization","name":"Portal de Not\u00edcias","url":"https:\/\/maranhaotv.com.br\/","logo":{"@type":"ImageObject","inLanguage":"pt-BR","@id":"https:\/\/maranhaotv.com.br\/#\/schema\/logo\/image\/","url":"https:\/\/maranhaotv.com.br\/wp-content\/uploads\/2024\/05\/cropped-cropped-avatar-1.png","contentUrl":"https:\/\/maranhaotv.com.br\/wp-content\/uploads\/2024\/05\/cropped-cropped-avatar-1.png","width":792,"height":428,"caption":"Portal de Not\u00edcias"},"image":{"@id":"https:\/\/maranhaotv.com.br\/#\/schema\/logo\/image\/"},"sameAs":["https:\/\/www.facebook.com\/maiobaotv","https:\/\/x.com\/sitemaranhaotv","https:\/\/www.instagram.com\/maranhao.tv","https:\/\/www.threads.net\/@maranhao.tv"]},{"@type":"Person","@id":"https:\/\/maranhaotv.com.br\/#\/schema\/person\/3d54238e86b20bb5c89ab2fdb8f8829a","name":"maranhaotv","image":{"@type":"ImageObject","inLanguage":"pt-BR","@id":"https:\/\/secure.gravatar.com\/avatar\/8fadbca458d4cb68b1dd399ae9a40618d747bb1af65ac9fad21c89220a143eb4?s=96&d=mm&r=g","url":"https:\/\/secure.gravatar.com\/avatar\/8fadbca458d4cb68b1dd399ae9a40618d747bb1af65ac9fad21c89220a143eb4?s=96&d=mm&r=g","contentUrl":"https:\/\/secure.gravatar.com\/avatar\/8fadbca458d4cb68b1dd399ae9a40618d747bb1af65ac9fad21c89220a143eb4?s=96&d=mm&r=g","caption":"maranhaotv"},"sameAs":["https:\/\/maranhaotv.com.br\/"],"url":"https:\/\/maranhaotv.com.br\/index.php\/author\/maranhaotv\/"}]}},"jetpack_featured_media_url":"https:\/\/maranhaotv.com.br\/wp-content\/uploads\/2025\/12\/familia-bolsonaro-1.avif","jetpack_sharing_enabled":true,"_links":{"self":[{"href":"https:\/\/maranhaotv.com.br\/index.php\/wp-json\/wp\/v2\/posts\/45025","targetHints":{"allow":["GET"]}}],"collection":[{"href":"https:\/\/maranhaotv.com.br\/index.php\/wp-json\/wp\/v2\/posts"}],"about":[{"href":"https:\/\/maranhaotv.com.br\/index.php\/wp-json\/wp\/v2\/types\/post"}],"author":[{"embeddable":true,"href":"https:\/\/maranhaotv.com.br\/index.php\/wp-json\/wp\/v2\/users\/2"}],"replies":[{"embeddable":true,"href":"https:\/\/maranhaotv.com.br\/index.php\/wp-json\/wp\/v2\/comments?post=45025"}],"version-history":[{"count":1,"href":"https:\/\/maranhaotv.com.br\/index.php\/wp-json\/wp\/v2\/posts\/45025\/revisions"}],"predecessor-version":[{"id":45027,"href":"https:\/\/maranhaotv.com.br\/index.php\/wp-json\/wp\/v2\/posts\/45025\/revisions\/45027"}],"wp:featuredmedia":[{"embeddable":true,"href":"https:\/\/maranhaotv.com.br\/index.php\/wp-json\/wp\/v2\/media\/45026"}],"wp:attachment":[{"href":"https:\/\/maranhaotv.com.br\/index.php\/wp-json\/wp\/v2\/media?parent=45025"}],"wp:term":[{"taxonomy":"category","embeddable":true,"href":"https:\/\/maranhaotv.com.br\/index.php\/wp-json\/wp\/v2\/categories?post=45025"},{"taxonomy":"post_tag","embeddable":true,"href":"https:\/\/maranhaotv.com.br\/index.php\/wp-json\/wp\/v2\/tags?post=45025"}],"curies":[{"name":"wp","href":"https:\/\/api.w.org\/{rel}","templated":true}]}}