{"id":45044,"date":"2025-12-03T17:14:31","date_gmt":"2025-12-03T20:14:31","guid":{"rendered":"https:\/\/maranhaotv.com.br\/?p=45044"},"modified":"2025-12-03T17:14:31","modified_gmt":"2025-12-03T20:14:31","slug":"pedro-lucas-recebe-o-premio-valoriza-que-reconhece-parlamentares-que-foram-destaques-em-2025","status":"publish","type":"post","link":"https:\/\/maranhaotv.com.br\/index.php\/2025\/12\/03\/pedro-lucas-recebe-o-premio-valoriza-que-reconhece-parlamentares-que-foram-destaques-em-2025\/","title":{"rendered":"Pedro Lucas recebe o Pr\u00eamio Valoriza, que reconhece parlamentares que foram destaques em 2025"},"content":{"rendered":"\n<p><\/p>\n\n\n\n<p>Bras\u00edlia foi palco de uma noite muito especial, nessa ter\u00e7a-feira (2), com a edi\u00e7\u00e3o 2025 do Pr\u00eamio Valoriza, uma iniciativa da Abrasca e da Casa Parlamento da Esfera, que reconhece parlamentares e empresas que se destacaram neste ano na constru\u00e7\u00e3o e defesa de pautas essenciais para o pa\u00eds, apoiaram iniciativas que impulsionam nossa economia e defenderam pautas que promovem a cidadania. O deputado federal Pedro Lucas (UNI\u00c3O\/MA), l\u00edder do partido na C\u00e2mara, foi um dos agraciados pelo pr\u00eamio, em reconhecimento pelos seus significativos trabalhos em pautas de interesse nacional.<\/p>\n\n\n\n<p>A Casa Parlamento da Esfera \u00e9 um espa\u00e7o de di\u00e1logo institucional e cidadania, que re\u00fane parlamentares, representantes da sociedade civil e entidades de diversos setores para debater pol\u00edticas p\u00fablicas de impacto nacional. J\u00e1 a Associa\u00e7\u00e3o Brasileira de Companhias Abertas (Abrasca) trabalha colaborando com iniciativas que fortale\u00e7am o ambiente de neg\u00f3cios, governan\u00e7a corporativa e a transpar\u00eancia. A parceria entre ambas as entidades no Pr\u00eamio Valoriza visa justamente destacar lideran\u00e7as pol\u00edticas e empresariais que contribu\u00edram para o desenvolvimento sustent\u00e1vel e democr\u00e1tico do Brasil.<\/p>\n\n\n\n<p>O reconhecimento a Pedro Lucas reflete seu protagonismo como l\u00edder do Uni\u00e3o Brasil na C\u00e2mara dos Deputados. Em 2025, ele esteve presente nas principais discuss\u00f5es nacionais, participando ativamente de debates sobre economia, seguran\u00e7a alimentar e cidadania. Al\u00e9m disso, \u00e9 autor da proposta da Pol\u00edtica Nacional de Combate \u00e0 Perda e ao Desperd\u00edcio de Alimentos, uma iniciativa pioneira em promover efici\u00eancia na cadeia alimentar, reduzir perdas e garantir mais acesso \u00e0 alimenta\u00e7\u00e3o digna.<\/p>\n\n\n\n<p>\u201cEste pr\u00eamio representa para mim um est\u00edmulo. Agrade\u00e7o imensamente pelo reconhecimento e reafirmo meu compromisso de seguir trabalhando e dialogando pelo que h\u00e1 de mais importante para o Brasil\u201d, destacou o deputado Pedro Lucas.<\/p>\n","protected":false},"excerpt":{"rendered":"<p>Bras\u00edlia foi palco de uma noite muito especial, nessa ter\u00e7a-feira (2), com a edi\u00e7\u00e3o 2025 do Pr\u00eamio Valoriza, uma iniciativa<\/p>\n","protected":false},"author":2,"featured_media":45043,"comment_status":"closed","ping_status":"open","sticky":false,"template":"","format":"standard","meta":{"colormag_page_container_layout":"default_layout","colormag_page_sidebar_layout":"default_layout","_jetpack_memberships_contains_paid_content":false,"footnotes":""},"categories":[8],"tags":[],"class_list":["post-45044","post","type-post","status-publish","format-standard","has-post-thumbnail","hentry","category-servicos"],"magazineBlocksPostFeaturedMedia":{"thumbnail":"https:\/\/maranhaotv.com.br\/wp-content\/uploads\/2025\/12\/b8d6958a-30ed-4397-88ab-e30e5cdd73a7-150x150.jpg","medium":"https:\/\/maranhaotv.com.br\/wp-content\/uploads\/2025\/12\/b8d6958a-30ed-4397-88ab-e30e5cdd73a7-300x200.jpg","medium_large":"https:\/\/maranhaotv.com.br\/wp-content\/uploads\/2025\/12\/b8d6958a-30ed-4397-88ab-e30e5cdd73a7-768x512.jpg","large":"https:\/\/maranhaotv.com.br\/wp-content\/uploads\/2025\/12\/b8d6958a-30ed-4397-88ab-e30e5cdd73a7-1024x682.jpg","1536x1536":"https:\/\/maranhaotv.com.br\/wp-content\/uploads\/2025\/12\/b8d6958a-30ed-4397-88ab-e30e5cdd73a7-1536x1023.jpg","2048x2048":"https:\/\/maranhaotv.com.br\/wp-content\/uploads\/2025\/12\/b8d6958a-30ed-4397-88ab-e30e5cdd73a7.jpg","colormag-highlighted-post":"https:\/\/maranhaotv.com.br\/wp-content\/uploads\/2025\/12\/b8d6958a-30ed-4397-88ab-e30e5cdd73a7-392x272.jpg","colormag-featured-post-medium":"https:\/\/maranhaotv.com.br\/wp-content\/uploads\/2025\/12\/b8d6958a-30ed-4397-88ab-e30e5cdd73a7-390x205.jpg","colormag-featured-post-small":"https:\/\/maranhaotv.com.br\/wp-content\/uploads\/2025\/12\/b8d6958a-30ed-4397-88ab-e30e5cdd73a7-130x90.jpg","colormag-featured-image":"https:\/\/maranhaotv.com.br\/wp-content\/uploads\/2025\/12\/b8d6958a-30ed-4397-88ab-e30e5cdd73a7-800x445.jpg","colormag-default-news":"https:\/\/maranhaotv.com.br\/wp-content\/uploads\/2025\/12\/b8d6958a-30ed-4397-88ab-e30e5cdd73a7-150x150.jpg","colormag-featured-image-large":"https:\/\/maranhaotv.com.br\/wp-content\/uploads\/2025\/12\/b8d6958a-30ed-4397-88ab-e30e5cdd73a7-1400x600.jpg"},"magazineBlocksPostAuthor":{"name":"maranhaotv","avatar":"https:\/\/secure.gravatar.com\/avatar\/8fadbca458d4cb68b1dd399ae9a40618d747bb1af65ac9fad21c89220a143eb4?s=96&d=mm&r=g"},"magazineBlocksPostCommentsNumber":false,"magazineBlocksPostExcerpt":"Bras\u00edlia foi palco de uma noite muito especial, nessa ter\u00e7a-feira (2), com a edi\u00e7\u00e3o 2025 do Pr\u00eamio Valoriza, uma iniciativa","magazineBlocksPostCategories":["servi\u00e7os"],"magazineBlocksPostViewCount":232,"magazineBlocksPostReadTime":2,"magazine_blocks_featured_image_url":{"full":["https:\/\/maranhaotv.com.br\/wp-content\/uploads\/2025\/12\/b8d6958a-30ed-4397-88ab-e30e5cdd73a7.jpg",1600,1066,false],"medium":["https:\/\/maranhaotv.com.br\/wp-content\/uploads\/2025\/12\/b8d6958a-30ed-4397-88ab-e30e5cdd73a7-300x200.jpg",300,200,true],"thumbnail":["https:\/\/maranhaotv.com.br\/wp-content\/uploads\/2025\/12\/b8d6958a-30ed-4397-88ab-e30e5cdd73a7-150x150.jpg",150,150,true]},"magazine_blocks_author":{"display_name":"maranhaotv","author_link":"https:\/\/maranhaotv.com.br\/index.php\/author\/maranhaotv\/"},"magazine_blocks_comment":0,"magazine_blocks_author_image":"https:\/\/secure.gravatar.com\/avatar\/8fadbca458d4cb68b1dd399ae9a40618d747bb1af65ac9fad21c89220a143eb4?s=96&d=mm&r=g","magazine_blocks_category":"<a href=\"#\" class=\"category-link category-link-8\">servi\u00e7os<\/a>","jetpack_featured_media_url":"https:\/\/maranhaotv.com.br\/wp-content\/uploads\/2025\/12\/b8d6958a-30ed-4397-88ab-e30e5cdd73a7.jpg","jetpack_sharing_enabled":true,"_links":{"self":[{"href":"https:\/\/maranhaotv.com.br\/index.php\/wp-json\/wp\/v2\/posts\/45044","targetHints":{"allow":["GET"]}}],"collection":[{"href":"https:\/\/maranhaotv.com.br\/index.php\/wp-json\/wp\/v2\/posts"}],"about":[{"href":"https:\/\/maranhaotv.com.br\/index.php\/wp-json\/wp\/v2\/types\/post"}],"author":[{"embeddable":true,"href":"https:\/\/maranhaotv.com.br\/index.php\/wp-json\/wp\/v2\/users\/2"}],"replies":[{"embeddable":true,"href":"https:\/\/maranhaotv.com.br\/index.php\/wp-json\/wp\/v2\/comments?post=45044"}],"version-history":[{"count":1,"href":"https:\/\/maranhaotv.com.br\/index.php\/wp-json\/wp\/v2\/posts\/45044\/revisions"}],"predecessor-version":[{"id":45045,"href":"https:\/\/maranhaotv.com.br\/index.php\/wp-json\/wp\/v2\/posts\/45044\/revisions\/45045"}],"wp:featuredmedia":[{"embeddable":true,"href":"https:\/\/maranhaotv.com.br\/index.php\/wp-json\/wp\/v2\/media\/45043"}],"wp:attachment":[{"href":"https:\/\/maranhaotv.com.br\/index.php\/wp-json\/wp\/v2\/media?parent=45044"}],"wp:term":[{"taxonomy":"category","embeddable":true,"href":"https:\/\/maranhaotv.com.br\/index.php\/wp-json\/wp\/v2\/categories?post=45044"},{"taxonomy":"post_tag","embeddable":true,"href":"https:\/\/maranhaotv.com.br\/index.php\/wp-json\/wp\/v2\/tags?post=45044"}],"curies":[{"name":"wp","href":"https:\/\/api.w.org\/{rel}","templated":true}]}}