{"id":45533,"date":"2026-01-22T08:42:14","date_gmt":"2026-01-22T11:42:14","guid":{"rendered":"https:\/\/maranhaotv.com.br\/?p=45533"},"modified":"2026-01-22T08:42:32","modified_gmt":"2026-01-22T11:42:32","slug":"policia-investiga-morte-de-empresaria-pinheirense-apos-procedimento-estatico-em-sao-luis","status":"publish","type":"post","link":"https:\/\/maranhaotv.com.br\/index.php\/2026\/01\/22\/policia-investiga-morte-de-empresaria-pinheirense-apos-procedimento-estatico-em-sao-luis\/","title":{"rendered":"Pol\u00edcia investiga morte de empres\u00e1ria pinheirense ap\u00f3s procedimento est\u00e1tico em S\u00e3o Lu\u00eds"},"content":{"rendered":"\n<p><\/p>\n\n\n\n<p>A Pol\u00edcia Civil do Maranh\u00e3o (PC-MA) investiga a morte da empres\u00e1ria Ariene Rodrigues Pereira, natural de Pinheiro, no interior do Maranh\u00e3o. Ela faleceu na noite de ter\u00e7a-feira (20) em S\u00e3o Lu\u00eds, ap\u00f3s se submeter a um procedimento de lipoaspira\u00e7\u00e3o em uma cl\u00ednica particular da capital.<br><br>deu entrada na cl\u00ednica por volta das 8h da manh\u00e3 de ter\u00e7a-feira (20), mas por volta das 18h, ela apresentou uma parada cardiorrespirat\u00f3ria s\u00fabita. O relat\u00f3rio m\u00e9dico informa que foram realizadas manobras de reanima\u00e7\u00e3o por cerca de 90 minutos, com o uso de medica\u00e7\u00f5es e desfibrila\u00e7\u00e3o, mas a paciente n\u00e3o respondeu aos procedimentos e foi declarada morta por volta das 20h.<br><br>O boletim de ocorr\u00eancia aponta condi\u00e7\u00f5es cl\u00ednicas pr\u00e9-existentes, como hipotireoidismo e uso cont\u00ednuo de medica\u00e7\u00e3o. No entanto, at\u00e9 o momento, a fam\u00edlia n\u00e3o obteve confirma\u00e7\u00e3o sobre a realiza\u00e7\u00e3o de exames ou avalia\u00e7\u00e3o de risco cir\u00fargico antes do procedimento.<br><br>O prontu\u00e1rio m\u00e9dico s\u00f3 foi entregue ap\u00f3s a chegada da advogada da fam\u00edlia, por volta das 23h. A advogada da fam\u00edlia da v\u00edtima tamb\u00e9m afirmou que houve diverg\u00eancias e incoer\u00eancias nas informa\u00e7\u00f5es fornecidas, e que essas quest\u00f5es precisam ser apuradas para garantir que n\u00e3o haja injusti\u00e7as para nenhum dos lados.<br><br>Em nota, o Conselho Regional de Medicina do Maranh\u00e3o (CRM-MA) informou que, at\u00e9 o momento, n\u00e3o recebeu uma den\u00fancia formal sobre o caso. A entidade est\u00e1 realizando um levantamento inicial para avaliar as circunst\u00e2ncias do ocorrido e decidir se s\u00e3o necess\u00e1rias medidas institucionais.<\/p>\n","protected":false},"excerpt":{"rendered":"<p>A Pol\u00edcia Civil do Maranh\u00e3o (PC-MA) investiga a morte da empres\u00e1ria Ariene Rodrigues Pereira, natural de Pinheiro, no interior do<\/p>\n","protected":false},"author":2,"featured_media":45532,"comment_status":"open","ping_status":"open","sticky":false,"template":"","format":"standard","meta":{"colormag_page_container_layout":"default_layout","colormag_page_sidebar_layout":"default_layout","_jetpack_memberships_contains_paid_content":false,"footnotes":""},"categories":[2],"tags":[],"class_list":["post-45533","post","type-post","status-publish","format-standard","has-post-thumbnail","hentry","category-noticias"],"magazineBlocksPostFeaturedMedia":{"thumbnail":"https:\/\/maranhaotv.com.br\/wp-content\/uploads\/2026\/01\/medico-1-150x150.png","medium":"https:\/\/maranhaotv.com.br\/wp-content\/uploads\/2026\/01\/medico-1-300x269.png","medium_large":"https:\/\/maranhaotv.com.br\/wp-content\/uploads\/2026\/01\/medico-1.png","large":"https:\/\/maranhaotv.com.br\/wp-content\/uploads\/2026\/01\/medico-1.png","1536x1536":"https:\/\/maranhaotv.com.br\/wp-content\/uploads\/2026\/01\/medico-1.png","2048x2048":"https:\/\/maranhaotv.com.br\/wp-content\/uploads\/2026\/01\/medico-1.png","colormag-highlighted-post":"https:\/\/maranhaotv.com.br\/wp-content\/uploads\/2026\/01\/medico-1-392x272.png","colormag-featured-post-medium":"https:\/\/maranhaotv.com.br\/wp-content\/uploads\/2026\/01\/medico-1-390x205.png","colormag-featured-post-small":"https:\/\/maranhaotv.com.br\/wp-content\/uploads\/2026\/01\/medico-1-130x90.png","colormag-featured-image":"https:\/\/maranhaotv.com.br\/wp-content\/uploads\/2026\/01\/medico-1-581x445.png","colormag-default-news":"https:\/\/maranhaotv.com.br\/wp-content\/uploads\/2026\/01\/medico-1-150x150.png","colormag-featured-image-large":"https:\/\/maranhaotv.com.br\/wp-content\/uploads\/2026\/01\/medico-1.png"},"magazineBlocksPostAuthor":{"name":"maranhaotv","avatar":"https:\/\/secure.gravatar.com\/avatar\/8fadbca458d4cb68b1dd399ae9a40618d747bb1af65ac9fad21c89220a143eb4?s=96&d=mm&r=g"},"magazineBlocksPostCommentsNumber":"0","magazineBlocksPostExcerpt":"A Pol\u00edcia Civil do Maranh\u00e3o (PC-MA) investiga a morte da empres\u00e1ria Ariene Rodrigues Pereira, natural de Pinheiro, no interior do","magazineBlocksPostCategories":["not\u00edcias"],"magazineBlocksPostViewCount":146,"magazineBlocksPostReadTime":2,"magazine_blocks_featured_image_url":{"full":["https:\/\/maranhaotv.com.br\/wp-content\/uploads\/2026\/01\/medico-1.png",581,521,false],"medium":["https:\/\/maranhaotv.com.br\/wp-content\/uploads\/2026\/01\/medico-1-300x269.png",300,269,true],"thumbnail":["https:\/\/maranhaotv.com.br\/wp-content\/uploads\/2026\/01\/medico-1-150x150.png",150,150,true]},"magazine_blocks_author":{"display_name":"maranhaotv","author_link":"https:\/\/maranhaotv.com.br\/index.php\/author\/maranhaotv\/"},"magazine_blocks_comment":0,"magazine_blocks_author_image":"https:\/\/secure.gravatar.com\/avatar\/8fadbca458d4cb68b1dd399ae9a40618d747bb1af65ac9fad21c89220a143eb4?s=96&d=mm&r=g","magazine_blocks_category":"<a href=\"#\" class=\"category-link category-link-2\">not\u00edcias<\/a>","jetpack_featured_media_url":"https:\/\/maranhaotv.com.br\/wp-content\/uploads\/2026\/01\/medico-1.png","jetpack_sharing_enabled":true,"_links":{"self":[{"href":"https:\/\/maranhaotv.com.br\/index.php\/wp-json\/wp\/v2\/posts\/45533","targetHints":{"allow":["GET"]}}],"collection":[{"href":"https:\/\/maranhaotv.com.br\/index.php\/wp-json\/wp\/v2\/posts"}],"about":[{"href":"https:\/\/maranhaotv.com.br\/index.php\/wp-json\/wp\/v2\/types\/post"}],"author":[{"embeddable":true,"href":"https:\/\/maranhaotv.com.br\/index.php\/wp-json\/wp\/v2\/users\/2"}],"replies":[{"embeddable":true,"href":"https:\/\/maranhaotv.com.br\/index.php\/wp-json\/wp\/v2\/comments?post=45533"}],"version-history":[{"count":1,"href":"https:\/\/maranhaotv.com.br\/index.php\/wp-json\/wp\/v2\/posts\/45533\/revisions"}],"predecessor-version":[{"id":45534,"href":"https:\/\/maranhaotv.com.br\/index.php\/wp-json\/wp\/v2\/posts\/45533\/revisions\/45534"}],"wp:featuredmedia":[{"embeddable":true,"href":"https:\/\/maranhaotv.com.br\/index.php\/wp-json\/wp\/v2\/media\/45532"}],"wp:attachment":[{"href":"https:\/\/maranhaotv.com.br\/index.php\/wp-json\/wp\/v2\/media?parent=45533"}],"wp:term":[{"taxonomy":"category","embeddable":true,"href":"https:\/\/maranhaotv.com.br\/index.php\/wp-json\/wp\/v2\/categories?post=45533"},{"taxonomy":"post_tag","embeddable":true,"href":"https:\/\/maranhaotv.com.br\/index.php\/wp-json\/wp\/v2\/tags?post=45533"}],"curies":[{"name":"wp","href":"https:\/\/api.w.org\/{rel}","templated":true}]}}