{"id":45573,"date":"2026-01-27T18:23:21","date_gmt":"2026-01-27T21:23:21","guid":{"rendered":"https:\/\/maranhaotv.com.br\/?p=45573"},"modified":"2026-01-27T18:23:21","modified_gmt":"2026-01-27T21:23:21","slug":"felipe-camarao-recebe-visita-do-ministro-das-comunicacoes-frederico-de-siqueira","status":"publish","type":"post","link":"https:\/\/maranhaotv.com.br\/index.php\/2026\/01\/27\/felipe-camarao-recebe-visita-do-ministro-das-comunicacoes-frederico-de-siqueira\/","title":{"rendered":"Felipe Camar\u00e3o recebe visita do ministro das Comunica\u00e7\u00f5es Frederico de Siqueira"},"content":{"rendered":"\n<p><\/p>\n\n\n\n<p>O vice-governador do Maranh\u00e3o, Felipe Camar\u00e3o, recebeu nesta ter\u00e7a-feira (27), a visita institucional do ministro das Comunica\u00e7\u00f5es, Frederico de Siqueira Filho, do presidente da Telebras, Hermano Albuquerque, e do deputado federal Juscelino Filho. As autoridades estiveram no estado para cumprir uma s\u00e9rie de agendas estrat\u00e9gicas voltadas \u00e0 amplia\u00e7\u00e3o da conectividade e ao fortalecimento da cobertura de telefonia m\u00f3vel em todo o Maranh\u00e3o.<\/p>\n\n\n\n<p>Durante o encontro, foram discutidos os investimentos que est\u00e3o sendo destinados ao estado, com destaque para a implanta\u00e7\u00e3o de centenas de novas antenas de telecomunica\u00e7\u00f5es, que ampliar\u00e3o a cobertura de internet, especialmente ao longo da Rota das Emo\u00e7\u00f5es, al\u00e9m de fortalecer a conectividade de \u00f3rg\u00e3os p\u00fablicos estaduais e municipais.<\/p>\n\n\n\n<p>Na ocasi\u00e3o, o vice-governador tamb\u00e9m foi informado pelo ministro e pelo deputado Juscelino Filho de que 75% das escolas estaduais do Maranh\u00e3o j\u00e1 est\u00e3o contempladas com acesso \u00e0 internet, garantindo conectividade para a aprendizagem e ampliando as possibilidades educacionais para estudantes e professores. Outro ponto destacado foi a expans\u00e3o da infraestrutura de internet para comunidades quilombolas e aldeias ind\u00edgenas, promovendo inclus\u00e3o digital e acesso a servi\u00e7os essenciais.<\/p>\n\n\n\n<p>Felipe Camar\u00e3o agradeceu os investimentos e ressaltou a import\u00e2ncia das a\u00e7\u00f5es para o desenvolvimento do estado. \u201cEssas iniciativas representam um avan\u00e7o significativo para o Maranh\u00e3o, pois fortalecem a educa\u00e7\u00e3o, ampliam o acesso a servi\u00e7os p\u00fablicos e promovem inclus\u00e3o social e digital\u201d, afirmou.<\/p>\n\n\n\n<figure class=\"wp-block-image size-large\"><img loading=\"lazy\" decoding=\"async\" width=\"1024\" height=\"683\" src=\"https:\/\/maranhaotv.com.br\/wp-content\/uploads\/2026\/01\/426ec65a-bcaa-4eab-a754-fee4cfa63db9-1024x683.jpg\" class=\"wp-image-45570\" srcset=\"https:\/\/maranhaotv.com.br\/wp-content\/uploads\/2026\/01\/426ec65a-bcaa-4eab-a754-fee4cfa63db9-1024x683.jpg 1024w, https:\/\/maranhaotv.com.br\/wp-content\/uploads\/2026\/01\/426ec65a-bcaa-4eab-a754-fee4cfa63db9-300x200.jpg 300w, https:\/\/maranhaotv.com.br\/wp-content\/uploads\/2026\/01\/426ec65a-bcaa-4eab-a754-fee4cfa63db9-768x512.jpg 768w, https:\/\/maranhaotv.com.br\/wp-content\/uploads\/2026\/01\/426ec65a-bcaa-4eab-a754-fee4cfa63db9.jpg 1280w\" sizes=\"auto, (max-width: 1024px) 100vw, 1024px\" \/><\/figure>\n\n\n\n<figure class=\"wp-block-image size-large\"><img loading=\"lazy\" decoding=\"async\" width=\"1024\" height=\"785\" src=\"https:\/\/maranhaotv.com.br\/wp-content\/uploads\/2026\/01\/08d1b9eb-f2c5-4a0f-9a7e-41424c97c38f-1024x785.jpg\" class=\"wp-image-45571\" srcset=\"https:\/\/maranhaotv.com.br\/wp-content\/uploads\/2026\/01\/08d1b9eb-f2c5-4a0f-9a7e-41424c97c38f-1024x785.jpg 1024w, https:\/\/maranhaotv.com.br\/wp-content\/uploads\/2026\/01\/08d1b9eb-f2c5-4a0f-9a7e-41424c97c38f-300x230.jpg 300w, https:\/\/maranhaotv.com.br\/wp-content\/uploads\/2026\/01\/08d1b9eb-f2c5-4a0f-9a7e-41424c97c38f-768x589.jpg 768w, https:\/\/maranhaotv.com.br\/wp-content\/uploads\/2026\/01\/08d1b9eb-f2c5-4a0f-9a7e-41424c97c38f-1536x1178.jpg 1536w, https:\/\/maranhaotv.com.br\/wp-content\/uploads\/2026\/01\/08d1b9eb-f2c5-4a0f-9a7e-41424c97c38f.jpg 2000w\" sizes=\"auto, (max-width: 1024px) 100vw, 1024px\" \/><\/figure>\n","protected":false},"excerpt":{"rendered":"<p>O vice-governador do Maranh\u00e3o, Felipe Camar\u00e3o, recebeu nesta ter\u00e7a-feira (27), a visita institucional do ministro das Comunica\u00e7\u00f5es, Frederico de Siqueira<\/p>\n","protected":false},"author":2,"featured_media":45572,"comment_status":"closed","ping_status":"open","sticky":false,"template":"","format":"standard","meta":{"colormag_page_container_layout":"default_layout","colormag_page_sidebar_layout":"default_layout","_jetpack_memberships_contains_paid_content":false,"footnotes":""},"categories":[6],"tags":[],"class_list":["post-45573","post","type-post","status-publish","format-standard","has-post-thumbnail","hentry","category-politica"],"magazineBlocksPostFeaturedMedia":{"thumbnail":"https:\/\/maranhaotv.com.br\/wp-content\/uploads\/2026\/01\/86469963-f36e-46fc-9583-0464fac3eda7-150x150.jpg","medium":"https:\/\/maranhaotv.com.br\/wp-content\/uploads\/2026\/01\/86469963-f36e-46fc-9583-0464fac3eda7-300x200.jpg","medium_large":"https:\/\/maranhaotv.com.br\/wp-content\/uploads\/2026\/01\/86469963-f36e-46fc-9583-0464fac3eda7-768x512.jpg","large":"https:\/\/maranhaotv.com.br\/wp-content\/uploads\/2026\/01\/86469963-f36e-46fc-9583-0464fac3eda7-1024x683.jpg","1536x1536":"https:\/\/maranhaotv.com.br\/wp-content\/uploads\/2026\/01\/86469963-f36e-46fc-9583-0464fac3eda7.jpg","2048x2048":"https:\/\/maranhaotv.com.br\/wp-content\/uploads\/2026\/01\/86469963-f36e-46fc-9583-0464fac3eda7.jpg","colormag-highlighted-post":"https:\/\/maranhaotv.com.br\/wp-content\/uploads\/2026\/01\/86469963-f36e-46fc-9583-0464fac3eda7-392x272.jpg","colormag-featured-post-medium":"https:\/\/maranhaotv.com.br\/wp-content\/uploads\/2026\/01\/86469963-f36e-46fc-9583-0464fac3eda7-390x205.jpg","colormag-featured-post-small":"https:\/\/maranhaotv.com.br\/wp-content\/uploads\/2026\/01\/86469963-f36e-46fc-9583-0464fac3eda7-130x90.jpg","colormag-featured-image":"https:\/\/maranhaotv.com.br\/wp-content\/uploads\/2026\/01\/86469963-f36e-46fc-9583-0464fac3eda7-800x445.jpg","colormag-default-news":"https:\/\/maranhaotv.com.br\/wp-content\/uploads\/2026\/01\/86469963-f36e-46fc-9583-0464fac3eda7-150x150.jpg","colormag-featured-image-large":"https:\/\/maranhaotv.com.br\/wp-content\/uploads\/2026\/01\/86469963-f36e-46fc-9583-0464fac3eda7-1280x600.jpg"},"magazineBlocksPostAuthor":{"name":"maranhaotv","avatar":"https:\/\/secure.gravatar.com\/avatar\/8fadbca458d4cb68b1dd399ae9a40618d747bb1af65ac9fad21c89220a143eb4?s=96&d=mm&r=g"},"magazineBlocksPostCommentsNumber":false,"magazineBlocksPostExcerpt":"O vice-governador do Maranh\u00e3o, Felipe Camar\u00e3o, recebeu nesta ter\u00e7a-feira (27), a visita institucional do ministro das Comunica\u00e7\u00f5es, Frederico de Siqueira","magazineBlocksPostCategories":["pol\u00edtica"],"magazineBlocksPostViewCount":142,"magazineBlocksPostReadTime":2,"magazine_blocks_featured_image_url":{"full":["https:\/\/maranhaotv.com.br\/wp-content\/uploads\/2026\/01\/86469963-f36e-46fc-9583-0464fac3eda7.jpg",1280,854,false],"medium":["https:\/\/maranhaotv.com.br\/wp-content\/uploads\/2026\/01\/86469963-f36e-46fc-9583-0464fac3eda7-300x200.jpg",300,200,true],"thumbnail":["https:\/\/maranhaotv.com.br\/wp-content\/uploads\/2026\/01\/86469963-f36e-46fc-9583-0464fac3eda7-150x150.jpg",150,150,true]},"magazine_blocks_author":{"display_name":"maranhaotv","author_link":"https:\/\/maranhaotv.com.br\/index.php\/author\/maranhaotv\/"},"magazine_blocks_comment":0,"magazine_blocks_author_image":"https:\/\/secure.gravatar.com\/avatar\/8fadbca458d4cb68b1dd399ae9a40618d747bb1af65ac9fad21c89220a143eb4?s=96&d=mm&r=g","magazine_blocks_category":"<a href=\"#\" class=\"category-link category-link-6\">pol\u00edtica<\/a>","yoast_head":"<!-- This site is optimized with the Yoast SEO plugin v27.4 - https:\/\/yoast.com\/product\/yoast-seo-wordpress\/ -->\n<title>Felipe Camar\u00e3o recebe visita do ministro das Comunica\u00e7\u00f5es Frederico de Siqueira - NOT\u00cdCIAS EM TEMPO REAL<\/title>\n<meta name=\"robots\" content=\"index, follow, max-snippet:-1, max-image-preview:large, max-video-preview:-1\" \/>\n<link rel=\"canonical\" href=\"https:\/\/maranhaotv.com.br\/index.php\/2026\/01\/27\/felipe-camarao-recebe-visita-do-ministro-das-comunicacoes-frederico-de-siqueira\/\" \/>\n<meta property=\"og:locale\" content=\"pt_BR\" \/>\n<meta property=\"og:type\" content=\"article\" \/>\n<meta property=\"og:title\" content=\"Felipe Camar\u00e3o recebe visita do ministro das Comunica\u00e7\u00f5es Frederico de Siqueira - NOT\u00cdCIAS EM TEMPO REAL\" \/>\n<meta property=\"og:description\" content=\"O vice-governador do Maranh\u00e3o, Felipe Camar\u00e3o, recebeu nesta ter\u00e7a-feira (27), a visita institucional do ministro das Comunica\u00e7\u00f5es, Frederico de Siqueira\" \/>\n<meta property=\"og:url\" content=\"https:\/\/maranhaotv.com.br\/index.php\/2026\/01\/27\/felipe-camarao-recebe-visita-do-ministro-das-comunicacoes-frederico-de-siqueira\/\" \/>\n<meta property=\"og:site_name\" content=\"NOT\u00cdCIAS EM TEMPO REAL\" \/>\n<meta property=\"article:publisher\" content=\"https:\/\/www.facebook.com\/maiobaotv\" \/>\n<meta property=\"article:published_time\" content=\"2026-01-27T21:23:21+00:00\" \/>\n<meta property=\"og:image\" content=\"https:\/\/maranhaotv.com.br\/wp-content\/uploads\/2026\/01\/86469963-f36e-46fc-9583-0464fac3eda7.jpg\" \/>\n\t<meta property=\"og:image:width\" content=\"1280\" \/>\n\t<meta property=\"og:image:height\" content=\"854\" \/>\n\t<meta property=\"og:image:type\" content=\"image\/jpeg\" \/>\n<meta name=\"author\" content=\"maranhaotv\" \/>\n<meta name=\"twitter:card\" content=\"summary_large_image\" \/>\n<meta name=\"twitter:creator\" content=\"@sitemaranhaotv\" \/>\n<meta name=\"twitter:site\" content=\"@sitemaranhaotv\" \/>\n<meta name=\"twitter:label1\" content=\"Escrito por\" \/>\n\t<meta name=\"twitter:data1\" content=\"maranhaotv\" \/>\n\t<meta name=\"twitter:label2\" content=\"Est. tempo de leitura\" \/>\n\t<meta name=\"twitter:data2\" content=\"1 minuto\" \/>\n<script type=\"application\/ld+json\" class=\"yoast-schema-graph\">{\"@context\":\"https:\\\/\\\/schema.org\",\"@graph\":[{\"@type\":\"Article\",\"@id\":\"https:\\\/\\\/maranhaotv.com.br\\\/index.php\\\/2026\\\/01\\\/27\\\/felipe-camarao-recebe-visita-do-ministro-das-comunicacoes-frederico-de-siqueira\\\/#article\",\"isPartOf\":{\"@id\":\"https:\\\/\\\/maranhaotv.com.br\\\/index.php\\\/2026\\\/01\\\/27\\\/felipe-camarao-recebe-visita-do-ministro-das-comunicacoes-frederico-de-siqueira\\\/\"},\"author\":{\"name\":\"maranhaotv\",\"@id\":\"https:\\\/\\\/maranhaotv.com.br\\\/#\\\/schema\\\/person\\\/3d54238e86b20bb5c89ab2fdb8f8829a\"},\"headline\":\"Felipe Camar\u00e3o recebe visita do ministro das Comunica\u00e7\u00f5es Frederico de Siqueira\",\"datePublished\":\"2026-01-27T21:23:21+00:00\",\"mainEntityOfPage\":{\"@id\":\"https:\\\/\\\/maranhaotv.com.br\\\/index.php\\\/2026\\\/01\\\/27\\\/felipe-camarao-recebe-visita-do-ministro-das-comunicacoes-frederico-de-siqueira\\\/\"},\"wordCount\":263,\"publisher\":{\"@id\":\"https:\\\/\\\/maranhaotv.com.br\\\/#organization\"},\"image\":{\"@id\":\"https:\\\/\\\/maranhaotv.com.br\\\/index.php\\\/2026\\\/01\\\/27\\\/felipe-camarao-recebe-visita-do-ministro-das-comunicacoes-frederico-de-siqueira\\\/#primaryimage\"},\"thumbnailUrl\":\"https:\\\/\\\/maranhaotv.com.br\\\/wp-content\\\/uploads\\\/2026\\\/01\\\/86469963-f36e-46fc-9583-0464fac3eda7.jpg\",\"articleSection\":[\"pol\u00edtica\"],\"inLanguage\":\"pt-BR\"},{\"@type\":\"WebPage\",\"@id\":\"https:\\\/\\\/maranhaotv.com.br\\\/index.php\\\/2026\\\/01\\\/27\\\/felipe-camarao-recebe-visita-do-ministro-das-comunicacoes-frederico-de-siqueira\\\/\",\"url\":\"https:\\\/\\\/maranhaotv.com.br\\\/index.php\\\/2026\\\/01\\\/27\\\/felipe-camarao-recebe-visita-do-ministro-das-comunicacoes-frederico-de-siqueira\\\/\",\"name\":\"Felipe Camar\u00e3o recebe visita do ministro das Comunica\u00e7\u00f5es Frederico de Siqueira - NOT\u00cdCIAS EM TEMPO REAL\",\"isPartOf\":{\"@id\":\"https:\\\/\\\/maranhaotv.com.br\\\/#website\"},\"primaryImageOfPage\":{\"@id\":\"https:\\\/\\\/maranhaotv.com.br\\\/index.php\\\/2026\\\/01\\\/27\\\/felipe-camarao-recebe-visita-do-ministro-das-comunicacoes-frederico-de-siqueira\\\/#primaryimage\"},\"image\":{\"@id\":\"https:\\\/\\\/maranhaotv.com.br\\\/index.php\\\/2026\\\/01\\\/27\\\/felipe-camarao-recebe-visita-do-ministro-das-comunicacoes-frederico-de-siqueira\\\/#primaryimage\"},\"thumbnailUrl\":\"https:\\\/\\\/maranhaotv.com.br\\\/wp-content\\\/uploads\\\/2026\\\/01\\\/86469963-f36e-46fc-9583-0464fac3eda7.jpg\",\"datePublished\":\"2026-01-27T21:23:21+00:00\",\"breadcrumb\":{\"@id\":\"https:\\\/\\\/maranhaotv.com.br\\\/index.php\\\/2026\\\/01\\\/27\\\/felipe-camarao-recebe-visita-do-ministro-das-comunicacoes-frederico-de-siqueira\\\/#breadcrumb\"},\"inLanguage\":\"pt-BR\",\"potentialAction\":[{\"@type\":\"ReadAction\",\"target\":[\"https:\\\/\\\/maranhaotv.com.br\\\/index.php\\\/2026\\\/01\\\/27\\\/felipe-camarao-recebe-visita-do-ministro-das-comunicacoes-frederico-de-siqueira\\\/\"]}]},{\"@type\":\"ImageObject\",\"inLanguage\":\"pt-BR\",\"@id\":\"https:\\\/\\\/maranhaotv.com.br\\\/index.php\\\/2026\\\/01\\\/27\\\/felipe-camarao-recebe-visita-do-ministro-das-comunicacoes-frederico-de-siqueira\\\/#primaryimage\",\"url\":\"https:\\\/\\\/maranhaotv.com.br\\\/wp-content\\\/uploads\\\/2026\\\/01\\\/86469963-f36e-46fc-9583-0464fac3eda7.jpg\",\"contentUrl\":\"https:\\\/\\\/maranhaotv.com.br\\\/wp-content\\\/uploads\\\/2026\\\/01\\\/86469963-f36e-46fc-9583-0464fac3eda7.jpg\",\"width\":1280,\"height\":854},{\"@type\":\"BreadcrumbList\",\"@id\":\"https:\\\/\\\/maranhaotv.com.br\\\/index.php\\\/2026\\\/01\\\/27\\\/felipe-camarao-recebe-visita-do-ministro-das-comunicacoes-frederico-de-siqueira\\\/#breadcrumb\",\"itemListElement\":[{\"@type\":\"ListItem\",\"position\":1,\"name\":\"In\u00edcio\",\"item\":\"https:\\\/\\\/maranhaotv.com.br\\\/\"},{\"@type\":\"ListItem\",\"position\":2,\"name\":\"Felipe Camar\u00e3o recebe visita do ministro das Comunica\u00e7\u00f5es Frederico de Siqueira\"}]},{\"@type\":\"WebSite\",\"@id\":\"https:\\\/\\\/maranhaotv.com.br\\\/#website\",\"url\":\"https:\\\/\\\/maranhaotv.com.br\\\/\",\"name\":\"Maranh\u00e3oTV\",\"description\":\"\",\"publisher\":{\"@id\":\"https:\\\/\\\/maranhaotv.com.br\\\/#organization\"},\"potentialAction\":[{\"@type\":\"SearchAction\",\"target\":{\"@type\":\"EntryPoint\",\"urlTemplate\":\"https:\\\/\\\/maranhaotv.com.br\\\/?s={search_term_string}\"},\"query-input\":{\"@type\":\"PropertyValueSpecification\",\"valueRequired\":true,\"valueName\":\"search_term_string\"}}],\"inLanguage\":\"pt-BR\"},{\"@type\":\"Organization\",\"@id\":\"https:\\\/\\\/maranhaotv.com.br\\\/#organization\",\"name\":\"Portal de Not\u00edcias\",\"url\":\"https:\\\/\\\/maranhaotv.com.br\\\/\",\"logo\":{\"@type\":\"ImageObject\",\"inLanguage\":\"pt-BR\",\"@id\":\"https:\\\/\\\/maranhaotv.com.br\\\/#\\\/schema\\\/logo\\\/image\\\/\",\"url\":\"https:\\\/\\\/maranhaotv.com.br\\\/wp-content\\\/uploads\\\/2024\\\/05\\\/cropped-cropped-avatar-1.png\",\"contentUrl\":\"https:\\\/\\\/maranhaotv.com.br\\\/wp-content\\\/uploads\\\/2024\\\/05\\\/cropped-cropped-avatar-1.png\",\"width\":792,\"height\":428,\"caption\":\"Portal de Not\u00edcias\"},\"image\":{\"@id\":\"https:\\\/\\\/maranhaotv.com.br\\\/#\\\/schema\\\/logo\\\/image\\\/\"},\"sameAs\":[\"https:\\\/\\\/www.facebook.com\\\/maiobaotv\",\"https:\\\/\\\/x.com\\\/sitemaranhaotv\",\"https:\\\/\\\/www.instagram.com\\\/maranhao.tv\",\"https:\\\/\\\/www.threads.net\\\/@maranhao.tv\"]},{\"@type\":\"Person\",\"@id\":\"https:\\\/\\\/maranhaotv.com.br\\\/#\\\/schema\\\/person\\\/3d54238e86b20bb5c89ab2fdb8f8829a\",\"name\":\"maranhaotv\",\"image\":{\"@type\":\"ImageObject\",\"inLanguage\":\"pt-BR\",\"@id\":\"https:\\\/\\\/secure.gravatar.com\\\/avatar\\\/8fadbca458d4cb68b1dd399ae9a40618d747bb1af65ac9fad21c89220a143eb4?s=96&d=mm&r=g\",\"url\":\"https:\\\/\\\/secure.gravatar.com\\\/avatar\\\/8fadbca458d4cb68b1dd399ae9a40618d747bb1af65ac9fad21c89220a143eb4?s=96&d=mm&r=g\",\"contentUrl\":\"https:\\\/\\\/secure.gravatar.com\\\/avatar\\\/8fadbca458d4cb68b1dd399ae9a40618d747bb1af65ac9fad21c89220a143eb4?s=96&d=mm&r=g\",\"caption\":\"maranhaotv\"},\"sameAs\":[\"https:\\\/\\\/maranhaotv.com.br\\\/\"],\"url\":\"https:\\\/\\\/maranhaotv.com.br\\\/index.php\\\/author\\\/maranhaotv\\\/\"}]}<\/script>\n<!-- \/ Yoast SEO plugin. -->","yoast_head_json":{"title":"Felipe Camar\u00e3o recebe visita do ministro das Comunica\u00e7\u00f5es Frederico de Siqueira - NOT\u00cdCIAS EM TEMPO REAL","robots":{"index":"index","follow":"follow","max-snippet":"max-snippet:-1","max-image-preview":"max-image-preview:large","max-video-preview":"max-video-preview:-1"},"canonical":"https:\/\/maranhaotv.com.br\/index.php\/2026\/01\/27\/felipe-camarao-recebe-visita-do-ministro-das-comunicacoes-frederico-de-siqueira\/","og_locale":"pt_BR","og_type":"article","og_title":"Felipe Camar\u00e3o recebe visita do ministro das Comunica\u00e7\u00f5es Frederico de Siqueira - NOT\u00cdCIAS EM TEMPO REAL","og_description":"O vice-governador do Maranh\u00e3o, Felipe Camar\u00e3o, recebeu nesta ter\u00e7a-feira (27), a visita institucional do ministro das Comunica\u00e7\u00f5es, Frederico de Siqueira","og_url":"https:\/\/maranhaotv.com.br\/index.php\/2026\/01\/27\/felipe-camarao-recebe-visita-do-ministro-das-comunicacoes-frederico-de-siqueira\/","og_site_name":"NOT\u00cdCIAS EM TEMPO REAL","article_publisher":"https:\/\/www.facebook.com\/maiobaotv","article_published_time":"2026-01-27T21:23:21+00:00","og_image":[{"width":1280,"height":854,"url":"https:\/\/maranhaotv.com.br\/wp-content\/uploads\/2026\/01\/86469963-f36e-46fc-9583-0464fac3eda7.jpg","type":"image\/jpeg"}],"author":"maranhaotv","twitter_card":"summary_large_image","twitter_creator":"@sitemaranhaotv","twitter_site":"@sitemaranhaotv","twitter_misc":{"Escrito por":"maranhaotv","Est. tempo de leitura":"1 minuto"},"schema":{"@context":"https:\/\/schema.org","@graph":[{"@type":"Article","@id":"https:\/\/maranhaotv.com.br\/index.php\/2026\/01\/27\/felipe-camarao-recebe-visita-do-ministro-das-comunicacoes-frederico-de-siqueira\/#article","isPartOf":{"@id":"https:\/\/maranhaotv.com.br\/index.php\/2026\/01\/27\/felipe-camarao-recebe-visita-do-ministro-das-comunicacoes-frederico-de-siqueira\/"},"author":{"name":"maranhaotv","@id":"https:\/\/maranhaotv.com.br\/#\/schema\/person\/3d54238e86b20bb5c89ab2fdb8f8829a"},"headline":"Felipe Camar\u00e3o recebe visita do ministro das Comunica\u00e7\u00f5es Frederico de Siqueira","datePublished":"2026-01-27T21:23:21+00:00","mainEntityOfPage":{"@id":"https:\/\/maranhaotv.com.br\/index.php\/2026\/01\/27\/felipe-camarao-recebe-visita-do-ministro-das-comunicacoes-frederico-de-siqueira\/"},"wordCount":263,"publisher":{"@id":"https:\/\/maranhaotv.com.br\/#organization"},"image":{"@id":"https:\/\/maranhaotv.com.br\/index.php\/2026\/01\/27\/felipe-camarao-recebe-visita-do-ministro-das-comunicacoes-frederico-de-siqueira\/#primaryimage"},"thumbnailUrl":"https:\/\/maranhaotv.com.br\/wp-content\/uploads\/2026\/01\/86469963-f36e-46fc-9583-0464fac3eda7.jpg","articleSection":["pol\u00edtica"],"inLanguage":"pt-BR"},{"@type":"WebPage","@id":"https:\/\/maranhaotv.com.br\/index.php\/2026\/01\/27\/felipe-camarao-recebe-visita-do-ministro-das-comunicacoes-frederico-de-siqueira\/","url":"https:\/\/maranhaotv.com.br\/index.php\/2026\/01\/27\/felipe-camarao-recebe-visita-do-ministro-das-comunicacoes-frederico-de-siqueira\/","name":"Felipe Camar\u00e3o recebe visita do ministro das Comunica\u00e7\u00f5es Frederico de Siqueira - NOT\u00cdCIAS EM TEMPO REAL","isPartOf":{"@id":"https:\/\/maranhaotv.com.br\/#website"},"primaryImageOfPage":{"@id":"https:\/\/maranhaotv.com.br\/index.php\/2026\/01\/27\/felipe-camarao-recebe-visita-do-ministro-das-comunicacoes-frederico-de-siqueira\/#primaryimage"},"image":{"@id":"https:\/\/maranhaotv.com.br\/index.php\/2026\/01\/27\/felipe-camarao-recebe-visita-do-ministro-das-comunicacoes-frederico-de-siqueira\/#primaryimage"},"thumbnailUrl":"https:\/\/maranhaotv.com.br\/wp-content\/uploads\/2026\/01\/86469963-f36e-46fc-9583-0464fac3eda7.jpg","datePublished":"2026-01-27T21:23:21+00:00","breadcrumb":{"@id":"https:\/\/maranhaotv.com.br\/index.php\/2026\/01\/27\/felipe-camarao-recebe-visita-do-ministro-das-comunicacoes-frederico-de-siqueira\/#breadcrumb"},"inLanguage":"pt-BR","potentialAction":[{"@type":"ReadAction","target":["https:\/\/maranhaotv.com.br\/index.php\/2026\/01\/27\/felipe-camarao-recebe-visita-do-ministro-das-comunicacoes-frederico-de-siqueira\/"]}]},{"@type":"ImageObject","inLanguage":"pt-BR","@id":"https:\/\/maranhaotv.com.br\/index.php\/2026\/01\/27\/felipe-camarao-recebe-visita-do-ministro-das-comunicacoes-frederico-de-siqueira\/#primaryimage","url":"https:\/\/maranhaotv.com.br\/wp-content\/uploads\/2026\/01\/86469963-f36e-46fc-9583-0464fac3eda7.jpg","contentUrl":"https:\/\/maranhaotv.com.br\/wp-content\/uploads\/2026\/01\/86469963-f36e-46fc-9583-0464fac3eda7.jpg","width":1280,"height":854},{"@type":"BreadcrumbList","@id":"https:\/\/maranhaotv.com.br\/index.php\/2026\/01\/27\/felipe-camarao-recebe-visita-do-ministro-das-comunicacoes-frederico-de-siqueira\/#breadcrumb","itemListElement":[{"@type":"ListItem","position":1,"name":"In\u00edcio","item":"https:\/\/maranhaotv.com.br\/"},{"@type":"ListItem","position":2,"name":"Felipe Camar\u00e3o recebe visita do ministro das Comunica\u00e7\u00f5es Frederico de Siqueira"}]},{"@type":"WebSite","@id":"https:\/\/maranhaotv.com.br\/#website","url":"https:\/\/maranhaotv.com.br\/","name":"Maranh\u00e3oTV","description":"","publisher":{"@id":"https:\/\/maranhaotv.com.br\/#organization"},"potentialAction":[{"@type":"SearchAction","target":{"@type":"EntryPoint","urlTemplate":"https:\/\/maranhaotv.com.br\/?s={search_term_string}"},"query-input":{"@type":"PropertyValueSpecification","valueRequired":true,"valueName":"search_term_string"}}],"inLanguage":"pt-BR"},{"@type":"Organization","@id":"https:\/\/maranhaotv.com.br\/#organization","name":"Portal de Not\u00edcias","url":"https:\/\/maranhaotv.com.br\/","logo":{"@type":"ImageObject","inLanguage":"pt-BR","@id":"https:\/\/maranhaotv.com.br\/#\/schema\/logo\/image\/","url":"https:\/\/maranhaotv.com.br\/wp-content\/uploads\/2024\/05\/cropped-cropped-avatar-1.png","contentUrl":"https:\/\/maranhaotv.com.br\/wp-content\/uploads\/2024\/05\/cropped-cropped-avatar-1.png","width":792,"height":428,"caption":"Portal de Not\u00edcias"},"image":{"@id":"https:\/\/maranhaotv.com.br\/#\/schema\/logo\/image\/"},"sameAs":["https:\/\/www.facebook.com\/maiobaotv","https:\/\/x.com\/sitemaranhaotv","https:\/\/www.instagram.com\/maranhao.tv","https:\/\/www.threads.net\/@maranhao.tv"]},{"@type":"Person","@id":"https:\/\/maranhaotv.com.br\/#\/schema\/person\/3d54238e86b20bb5c89ab2fdb8f8829a","name":"maranhaotv","image":{"@type":"ImageObject","inLanguage":"pt-BR","@id":"https:\/\/secure.gravatar.com\/avatar\/8fadbca458d4cb68b1dd399ae9a40618d747bb1af65ac9fad21c89220a143eb4?s=96&d=mm&r=g","url":"https:\/\/secure.gravatar.com\/avatar\/8fadbca458d4cb68b1dd399ae9a40618d747bb1af65ac9fad21c89220a143eb4?s=96&d=mm&r=g","contentUrl":"https:\/\/secure.gravatar.com\/avatar\/8fadbca458d4cb68b1dd399ae9a40618d747bb1af65ac9fad21c89220a143eb4?s=96&d=mm&r=g","caption":"maranhaotv"},"sameAs":["https:\/\/maranhaotv.com.br\/"],"url":"https:\/\/maranhaotv.com.br\/index.php\/author\/maranhaotv\/"}]}},"jetpack_featured_media_url":"https:\/\/maranhaotv.com.br\/wp-content\/uploads\/2026\/01\/86469963-f36e-46fc-9583-0464fac3eda7.jpg","jetpack_sharing_enabled":true,"_links":{"self":[{"href":"https:\/\/maranhaotv.com.br\/index.php\/wp-json\/wp\/v2\/posts\/45573","targetHints":{"allow":["GET"]}}],"collection":[{"href":"https:\/\/maranhaotv.com.br\/index.php\/wp-json\/wp\/v2\/posts"}],"about":[{"href":"https:\/\/maranhaotv.com.br\/index.php\/wp-json\/wp\/v2\/types\/post"}],"author":[{"embeddable":true,"href":"https:\/\/maranhaotv.com.br\/index.php\/wp-json\/wp\/v2\/users\/2"}],"replies":[{"embeddable":true,"href":"https:\/\/maranhaotv.com.br\/index.php\/wp-json\/wp\/v2\/comments?post=45573"}],"version-history":[{"count":1,"href":"https:\/\/maranhaotv.com.br\/index.php\/wp-json\/wp\/v2\/posts\/45573\/revisions"}],"predecessor-version":[{"id":45574,"href":"https:\/\/maranhaotv.com.br\/index.php\/wp-json\/wp\/v2\/posts\/45573\/revisions\/45574"}],"wp:featuredmedia":[{"embeddable":true,"href":"https:\/\/maranhaotv.com.br\/index.php\/wp-json\/wp\/v2\/media\/45572"}],"wp:attachment":[{"href":"https:\/\/maranhaotv.com.br\/index.php\/wp-json\/wp\/v2\/media?parent=45573"}],"wp:term":[{"taxonomy":"category","embeddable":true,"href":"https:\/\/maranhaotv.com.br\/index.php\/wp-json\/wp\/v2\/categories?post=45573"},{"taxonomy":"post_tag","embeddable":true,"href":"https:\/\/maranhaotv.com.br\/index.php\/wp-json\/wp\/v2\/tags?post=45573"}],"curies":[{"name":"wp","href":"https:\/\/api.w.org\/{rel}","templated":true}]}}