{"id":46147,"date":"2026-04-27T11:08:27","date_gmt":"2026-04-27T14:08:27","guid":{"rendered":"https:\/\/maranhaotv.com.br\/?p=46147"},"modified":"2026-04-27T11:09:18","modified_gmt":"2026-04-27T14:09:18","slug":"prefeito-fred-campos-rebate-video-de-deputado-e-reforca-que-obras-em-paco-do-lumiar-beneficiam-toda-a-populacao","status":"publish","type":"post","link":"https:\/\/maranhaotv.com.br\/index.php\/2026\/04\/27\/prefeito-fred-campos-rebate-video-de-deputado-e-reforca-que-obras-em-paco-do-lumiar-beneficiam-toda-a-populacao\/","title":{"rendered":"Prefeito Fred Campos rebate v\u00eddeo de deputado e refor\u00e7a que obras em Pa\u00e7o do Lumiar beneficiam toda a popula\u00e7\u00e3o.<br>"},"content":{"rendered":"\n<p><\/p>\n\n\n\n<p><br><br>O prefeito de Pa\u00e7o do Lumiar, Fred Campos, utilizou suas redes sociais na noite deste domingo (26) para responder \u00e0s declara\u00e7\u00f5es do deputado estadual Rodrigo Lago sobre interven\u00e7\u00f5es realizadas na regi\u00e3o do Ara\u00e7agy.<br><br>No v\u00eddeo, o prefeito contestou a afirma\u00e7\u00e3o de que a ponte constru\u00edda e a pavimenta\u00e7\u00e3o da Rua Urucutiua teriam sido feitas para atender interesses de familiares do governador Carlos Brand\u00e3o. Segundo Fred, as obras foram planejadas para atender diretamente a popula\u00e7\u00e3o, com impacto significativo na mobilidade urbana e, principalmente, na \u00e1rea da educa\u00e7\u00e3o.<br><br>O gestor destacou que as melhorias garantiram acesso adequado \u00e0 Escola Municipal Y Juca Pirama, que passou por uma ampla reestrutura\u00e7\u00e3o. A unidade foi militarizada, climatizada e equipada com um moderno laborat\u00f3rio de inform\u00e1tica, proporcionando melhores condi\u00e7\u00f5es de ensino para centenas de alunos.<br><br>\u201cAntes, o acesso era prec\u00e1rio. Hoje, temos uma realidade completamente diferente, com dignidade para estudantes e suas fam\u00edlias\u201d, pontuou.<br><br>Al\u00e9m disso, a pavimenta\u00e7\u00e3o da Rua Urucutiua tamb\u00e9m contribuiu para melhorar o fluxo na regi\u00e3o, facilitando o acesso \u00e0 nova Avenida Litor\u00e2nea, que segue em expans\u00e3o.<br><br>Durante a fala, Fred Campos tamb\u00e9m refor\u00e7ou o compromisso da gest\u00e3o com a verdade e com o trabalho realizado no munic\u00edpio:<br><br>\u201cRodrigo, tenho respeito por voc\u00ea, mas em alguns momentos o tom passa do limite. Aqui em Pa\u00e7o do Lumiar, n\u00e3o podemos aceitar informa\u00e7\u00f5es que desconsiderem o trabalho que est\u00e1 sendo feito. Em 2023, essa via era intrafeg\u00e1vel. Hoje, temos uma ponte de concreto e uma via totalmente transformada, garantindo acesso \u00e0 escola e mais qualidade de vida para a popula\u00e7\u00e3o. A escola Y Juca Pirama hoje \u00e9 outra realidade: climatizada, militarizada, com laborat\u00f3rio de inform\u00e1tica e atendendo centenas de alunos com dignidade. Al\u00e9m disso, essa pavimenta\u00e7\u00e3o melhorou o acesso \u00e0 Avenida Litor\u00e2nea, trazendo mais mobilidade e desenvolvimento. Aqui tem trabalho s\u00e9rio, e quem vive em Pa\u00e7o sabe disso.\u201d<br><br>O prefeito finalizou destacando que as interven\u00e7\u00f5es fazem parte de um conjunto de investimentos que v\u00eam transformando Pa\u00e7o do Lumiar, com foco em infraestrutura, educa\u00e7\u00e3o e melhoria da qualidade de vida da popula\u00e7\u00e3o.<\/p>\n\n\n\n<p><blockquote class=\"instagram-media\" data-instgrm-captioned data-instgrm-permalink=\"https:\/\/www.instagram.com\/reel\/DXng74FDpZO\/?utm_source=ig_embed&amp;utm_campaign=loading\" data-instgrm-version=\"14\" style=\" background:#FFF; border:0; border-radius:3px; box-shadow:0 0 1px 0 rgba(0,0,0,0.5),0 1px 10px 0 rgba(0,0,0,0.15); margin: 1px; max-width:658px; min-width:326px; padding:0; width:99.375%; width:-webkit-calc(100% - 2px); width:calc(100% - 2px);\"><div style=\"padding:16px;\"> <a href=\"https:\/\/www.instagram.com\/reel\/DXng74FDpZO\/?utm_source=ig_embed&amp;utm_campaign=loading\" style=\" background:#FFFFFF; line-height:0; padding:0 0; text-align:center; text-decoration:none; width:100%;\" target=\"_blank\"> <div style=\" display: flex; flex-direction: row; align-items: center;\"> <div style=\"background-color: #F4F4F4; border-radius: 50%; flex-grow: 0; height: 40px; margin-right: 14px; width: 40px;\"><\/div> <div style=\"display: flex; flex-direction: column; flex-grow: 1; justify-content: center;\"> <div style=\" background-color: #F4F4F4; border-radius: 4px; flex-grow: 0; height: 14px; margin-bottom: 6px; width: 100px;\"><\/div> <div style=\" background-color: #F4F4F4; border-radius: 4px; flex-grow: 0; height: 14px; width: 60px;\"><\/div><\/div><\/div><div style=\"padding: 19% 0;\"><\/div> <div style=\"display:block; height:50px; margin:0 auto 12px; width:50px;\"><svg width=\"50px\" height=\"50px\" viewBox=\"0 0 60 60\" version=\"1.1\" xmlns=\"https:\/\/www.w3.org\/2000\/svg\" xmlns:xlink=\"https:\/\/www.w3.org\/1999\/xlink\"><g stroke=\"none\" stroke-width=\"1\" fill=\"none\" fill-rule=\"evenodd\"><g transform=\"translate(-511.000000, -20.000000)\" fill=\"#000000\"><g><path d=\"M556.869,30.41 C554.814,30.41 553.148,32.076 553.148,34.131 C553.148,36.186 554.814,37.852 556.869,37.852 C558.924,37.852 560.59,36.186 560.59,34.131 C560.59,32.076 558.924,30.41 556.869,30.41 M541,60.657 C535.114,60.657 530.342,55.887 530.342,50 C530.342,44.114 535.114,39.342 541,39.342 C546.887,39.342 551.658,44.114 551.658,50 C551.658,55.887 546.887,60.657 541,60.657 M541,33.886 C532.1,33.886 524.886,41.1 524.886,50 C524.886,58.899 532.1,66.113 541,66.113 C549.9,66.113 557.115,58.899 557.115,50 C557.115,41.1 549.9,33.886 541,33.886 M565.378,62.101 C565.244,65.022 564.756,66.606 564.346,67.663 C563.803,69.06 563.154,70.057 562.106,71.106 C561.058,72.155 560.06,72.803 558.662,73.347 C557.607,73.757 556.021,74.244 553.102,74.378 C549.944,74.521 548.997,74.552 541,74.552 C533.003,74.552 532.056,74.521 528.898,74.378 C525.979,74.244 524.393,73.757 523.338,73.347 C521.94,72.803 520.942,72.155 519.894,71.106 C518.846,70.057 518.197,69.06 517.654,67.663 C517.244,66.606 516.755,65.022 516.623,62.101 C516.479,58.943 516.448,57.996 516.448,50 C516.448,42.003 516.479,41.056 516.623,37.899 C516.755,34.978 517.244,33.391 517.654,32.338 C518.197,30.938 518.846,29.942 519.894,28.894 C520.942,27.846 521.94,27.196 523.338,26.654 C524.393,26.244 525.979,25.756 528.898,25.623 C532.057,25.479 533.004,25.448 541,25.448 C548.997,25.448 549.943,25.479 553.102,25.623 C556.021,25.756 557.607,26.244 558.662,26.654 C560.06,27.196 561.058,27.846 562.106,28.894 C563.154,29.942 563.803,30.938 564.346,32.338 C564.756,33.391 565.244,34.978 565.378,37.899 C565.522,41.056 565.552,42.003 565.552,50 C565.552,57.996 565.522,58.943 565.378,62.101 M570.82,37.631 C570.674,34.438 570.167,32.258 569.425,30.349 C568.659,28.377 567.633,26.702 565.965,25.035 C564.297,23.368 562.623,22.342 560.652,21.575 C558.743,20.834 556.562,20.326 553.369,20.18 C550.169,20.033 549.148,20 541,20 C532.853,20 531.831,20.033 528.631,20.18 C525.438,20.326 523.257,20.834 521.349,21.575 C519.376,22.342 517.703,23.368 516.035,25.035 C514.368,26.702 513.342,28.377 512.574,30.349 C511.834,32.258 511.326,34.438 511.181,37.631 C511.035,40.831 511,41.851 511,50 C511,58.147 511.035,59.17 511.181,62.369 C511.326,65.562 511.834,67.743 512.574,69.651 C513.342,71.625 514.368,73.296 516.035,74.965 C517.703,76.634 519.376,77.658 521.349,78.425 C523.257,79.167 525.438,79.673 528.631,79.82 C531.831,79.965 532.853,80.001 541,80.001 C549.148,80.001 550.169,79.965 553.369,79.82 C556.562,79.673 558.743,79.167 560.652,78.425 C562.623,77.658 564.297,76.634 565.965,74.965 C567.633,73.296 568.659,71.625 569.425,69.651 C570.167,67.743 570.674,65.562 570.82,62.369 C570.966,59.17 571,58.147 571,50 C571,41.851 570.966,40.831 570.82,37.631\"><\/path><\/g><\/g><\/g><\/svg><\/div><div style=\"padding-top: 8px;\"> <div style=\" color:#3897f0; font-family:Arial,sans-serif; font-size:14px; font-style:normal; font-weight:550; line-height:18px;\">View this post on Instagram<\/div><\/div><div style=\"padding: 12.5% 0;\"><\/div> <div style=\"display: flex; flex-direction: row; margin-bottom: 14px; align-items: center;\"><div> <div style=\"background-color: #F4F4F4; border-radius: 50%; height: 12.5px; width: 12.5px; transform: translateX(0px) translateY(7px);\"><\/div> <div style=\"background-color: #F4F4F4; height: 12.5px; transform: rotate(-45deg) translateX(3px) translateY(1px); width: 12.5px; flex-grow: 0; margin-right: 14px; margin-left: 2px;\"><\/div> <div style=\"background-color: #F4F4F4; border-radius: 50%; height: 12.5px; width: 12.5px; transform: translateX(9px) translateY(-18px);\"><\/div><\/div><div style=\"margin-left: 8px;\"> <div style=\" background-color: #F4F4F4; border-radius: 50%; flex-grow: 0; height: 20px; width: 20px;\"><\/div> <div style=\" width: 0; height: 0; border-top: 2px solid transparent; border-left: 6px solid #f4f4f4; border-bottom: 2px solid transparent; transform: translateX(16px) translateY(-4px) rotate(30deg)\"><\/div><\/div><div style=\"margin-left: auto;\"> <div style=\" width: 0px; border-top: 8px solid #F4F4F4; border-right: 8px solid transparent; transform: translateY(16px);\"><\/div> <div style=\" background-color: #F4F4F4; flex-grow: 0; height: 12px; width: 16px; transform: translateY(-4px);\"><\/div> <div style=\" width: 0; height: 0; border-top: 8px solid #F4F4F4; border-left: 8px solid transparent; transform: translateY(-4px) translateX(8px);\"><\/div><\/div><\/div> <div style=\"display: flex; flex-direction: column; flex-grow: 1; justify-content: center; margin-bottom: 24px;\"> <div style=\" background-color: #F4F4F4; border-radius: 4px; flex-grow: 0; height: 14px; margin-bottom: 6px; width: 224px;\"><\/div> <div style=\" background-color: #F4F4F4; border-radius: 4px; flex-grow: 0; height: 14px; width: 144px;\"><\/div><\/div><\/a><\/div><\/blockquote><script async src=\"\/\/platform.instagram.com\/en_US\/embeds.js\"><\/script><\/p>\n","protected":false},"excerpt":{"rendered":"<p>O prefeito de Pa\u00e7o do Lumiar, Fred Campos, utilizou suas redes sociais na noite deste domingo (26) para responder \u00e0s<\/p>\n","protected":false},"author":2,"featured_media":46146,"comment_status":"closed","ping_status":"","sticky":false,"template":"","format":"standard","meta":{"colormag_page_container_layout":"default_layout","colormag_page_sidebar_layout":"default_layout","_jetpack_memberships_contains_paid_content":false,"footnotes":""},"categories":[405],"tags":[43],"class_list":["post-46147","post","type-post","status-publish","format-standard","has-post-thumbnail","hentry","category-blog","tag-fred-campos"],"magazineBlocksPostFeaturedMedia":{"thumbnail":"https:\/\/maranhaotv.com.br\/wp-content\/uploads\/2026\/04\/Screenshot_20260427_110835_Instagram-150x150.jpg","medium":"https:\/\/maranhaotv.com.br\/wp-content\/uploads\/2026\/04\/Screenshot_20260427_110835_Instagram-300x181.jpg","medium_large":"https:\/\/maranhaotv.com.br\/wp-content\/uploads\/2026\/04\/Screenshot_20260427_110835_Instagram-768x464.jpg","large":"https:\/\/maranhaotv.com.br\/wp-content\/uploads\/2026\/04\/Screenshot_20260427_110835_Instagram-1024x619.jpg","1536x1536":"https:\/\/maranhaotv.com.br\/wp-content\/uploads\/2026\/04\/Screenshot_20260427_110835_Instagram.jpg","2048x2048":"https:\/\/maranhaotv.com.br\/wp-content\/uploads\/2026\/04\/Screenshot_20260427_110835_Instagram.jpg","colormag-highlighted-post":"https:\/\/maranhaotv.com.br\/wp-content\/uploads\/2026\/04\/Screenshot_20260427_110835_Instagram-392x272.jpg","colormag-featured-post-medium":"https:\/\/maranhaotv.com.br\/wp-content\/uploads\/2026\/04\/Screenshot_20260427_110835_Instagram-390x205.jpg","colormag-featured-post-small":"https:\/\/maranhaotv.com.br\/wp-content\/uploads\/2026\/04\/Screenshot_20260427_110835_Instagram-130x90.jpg","colormag-featured-image":"https:\/\/maranhaotv.com.br\/wp-content\/uploads\/2026\/04\/Screenshot_20260427_110835_Instagram-800x445.jpg","colormag-default-news":"https:\/\/maranhaotv.com.br\/wp-content\/uploads\/2026\/04\/Screenshot_20260427_110835_Instagram-150x150.jpg","colormag-featured-image-large":"https:\/\/maranhaotv.com.br\/wp-content\/uploads\/2026\/04\/Screenshot_20260427_110835_Instagram-1080x600.jpg"},"magazineBlocksPostAuthor":{"name":"maranhaotv","avatar":"https:\/\/secure.gravatar.com\/avatar\/8fadbca458d4cb68b1dd399ae9a40618d747bb1af65ac9fad21c89220a143eb4?s=96&d=mm&r=g"},"magazineBlocksPostCommentsNumber":false,"magazineBlocksPostExcerpt":"O prefeito de Pa\u00e7o do Lumiar, Fred Campos, utilizou suas redes sociais na noite deste domingo (26) para responder \u00e0s","magazineBlocksPostCategories":["blog"],"magazineBlocksPostViewCount":35,"magazineBlocksPostReadTime":2,"magazine_blocks_featured_image_url":{"full":["https:\/\/maranhaotv.com.br\/wp-content\/uploads\/2026\/04\/Screenshot_20260427_110835_Instagram.jpg",1080,653,false],"medium":["https:\/\/maranhaotv.com.br\/wp-content\/uploads\/2026\/04\/Screenshot_20260427_110835_Instagram-300x181.jpg",300,181,true],"thumbnail":["https:\/\/maranhaotv.com.br\/wp-content\/uploads\/2026\/04\/Screenshot_20260427_110835_Instagram-150x150.jpg",150,150,true]},"magazine_blocks_author":{"display_name":"maranhaotv","author_link":"https:\/\/maranhaotv.com.br\/index.php\/author\/maranhaotv\/"},"magazine_blocks_comment":0,"magazine_blocks_author_image":"https:\/\/secure.gravatar.com\/avatar\/8fadbca458d4cb68b1dd399ae9a40618d747bb1af65ac9fad21c89220a143eb4?s=96&d=mm&r=g","magazine_blocks_category":"<a href=\"#\" class=\"category-link category-link-405\">blog<\/a>","yoast_head":"<!-- This site is optimized with the Yoast SEO plugin v27.4 - https:\/\/yoast.com\/product\/yoast-seo-wordpress\/ -->\n<title>Prefeito Fred Campos rebate v\u00eddeo de deputado e refor\u00e7a que obras em Pa\u00e7o do Lumiar beneficiam toda a popula\u00e7\u00e3o. - NOT\u00cdCIAS EM TEMPO REAL<\/title>\n<meta name=\"robots\" content=\"index, follow, max-snippet:-1, max-image-preview:large, max-video-preview:-1\" \/>\n<link rel=\"canonical\" href=\"https:\/\/maranhaotv.com.br\/index.php\/2026\/04\/27\/prefeito-fred-campos-rebate-video-de-deputado-e-reforca-que-obras-em-paco-do-lumiar-beneficiam-toda-a-populacao\/\" \/>\n<meta property=\"og:locale\" content=\"pt_BR\" \/>\n<meta property=\"og:type\" content=\"article\" \/>\n<meta property=\"og:title\" content=\"Prefeito Fred Campos rebate v\u00eddeo de deputado e refor\u00e7a que obras em Pa\u00e7o do Lumiar beneficiam toda a popula\u00e7\u00e3o. - NOT\u00cdCIAS EM TEMPO REAL\" \/>\n<meta property=\"og:description\" content=\"O prefeito de Pa\u00e7o do Lumiar, Fred Campos, utilizou suas redes sociais na noite deste domingo (26) para responder \u00e0s\" \/>\n<meta property=\"og:url\" content=\"https:\/\/maranhaotv.com.br\/index.php\/2026\/04\/27\/prefeito-fred-campos-rebate-video-de-deputado-e-reforca-que-obras-em-paco-do-lumiar-beneficiam-toda-a-populacao\/\" \/>\n<meta property=\"og:site_name\" content=\"NOT\u00cdCIAS EM TEMPO REAL\" \/>\n<meta property=\"article:publisher\" content=\"https:\/\/www.facebook.com\/maiobaotv\" \/>\n<meta property=\"article:published_time\" content=\"2026-04-27T14:08:27+00:00\" \/>\n<meta property=\"article:modified_time\" content=\"2026-04-27T14:09:18+00:00\" \/>\n<meta property=\"og:image\" content=\"https:\/\/maranhaotv.com.br\/wp-content\/uploads\/2026\/04\/Screenshot_20260427_110835_Instagram.jpg\" \/>\n\t<meta property=\"og:image:width\" content=\"1080\" \/>\n\t<meta property=\"og:image:height\" content=\"653\" \/>\n\t<meta property=\"og:image:type\" content=\"image\/jpeg\" \/>\n<meta name=\"author\" content=\"maranhaotv\" \/>\n<meta name=\"twitter:card\" content=\"summary_large_image\" \/>\n<meta name=\"twitter:creator\" content=\"@sitemaranhaotv\" \/>\n<meta name=\"twitter:site\" content=\"@sitemaranhaotv\" \/>\n<meta name=\"twitter:label1\" content=\"Escrito por\" \/>\n\t<meta name=\"twitter:data1\" content=\"maranhaotv\" \/>\n\t<meta name=\"twitter:label2\" content=\"Est. tempo de leitura\" \/>\n\t<meta name=\"twitter:data2\" content=\"2 minutos\" \/>\n<script type=\"application\/ld+json\" class=\"yoast-schema-graph\">{\"@context\":\"https:\\\/\\\/schema.org\",\"@graph\":[{\"@type\":\"Article\",\"@id\":\"https:\\\/\\\/maranhaotv.com.br\\\/index.php\\\/2026\\\/04\\\/27\\\/prefeito-fred-campos-rebate-video-de-deputado-e-reforca-que-obras-em-paco-do-lumiar-beneficiam-toda-a-populacao\\\/#article\",\"isPartOf\":{\"@id\":\"https:\\\/\\\/maranhaotv.com.br\\\/index.php\\\/2026\\\/04\\\/27\\\/prefeito-fred-campos-rebate-video-de-deputado-e-reforca-que-obras-em-paco-do-lumiar-beneficiam-toda-a-populacao\\\/\"},\"author\":{\"name\":\"maranhaotv\",\"@id\":\"https:\\\/\\\/maranhaotv.com.br\\\/#\\\/schema\\\/person\\\/3d54238e86b20bb5c89ab2fdb8f8829a\"},\"headline\":\"Prefeito Fred Campos rebate v\u00eddeo de deputado e refor\u00e7a que obras em Pa\u00e7o do Lumiar beneficiam toda a popula\u00e7\u00e3o.\",\"datePublished\":\"2026-04-27T14:08:27+00:00\",\"dateModified\":\"2026-04-27T14:09:18+00:00\",\"mainEntityOfPage\":{\"@id\":\"https:\\\/\\\/maranhaotv.com.br\\\/index.php\\\/2026\\\/04\\\/27\\\/prefeito-fred-campos-rebate-video-de-deputado-e-reforca-que-obras-em-paco-do-lumiar-beneficiam-toda-a-populacao\\\/\"},\"wordCount\":407,\"publisher\":{\"@id\":\"https:\\\/\\\/maranhaotv.com.br\\\/#organization\"},\"image\":{\"@id\":\"https:\\\/\\\/maranhaotv.com.br\\\/index.php\\\/2026\\\/04\\\/27\\\/prefeito-fred-campos-rebate-video-de-deputado-e-reforca-que-obras-em-paco-do-lumiar-beneficiam-toda-a-populacao\\\/#primaryimage\"},\"thumbnailUrl\":\"https:\\\/\\\/maranhaotv.com.br\\\/wp-content\\\/uploads\\\/2026\\\/04\\\/Screenshot_20260427_110835_Instagram.jpg\",\"keywords\":[\"Fred Campos\"],\"articleSection\":[\"blog\"],\"inLanguage\":\"pt-BR\"},{\"@type\":\"WebPage\",\"@id\":\"https:\\\/\\\/maranhaotv.com.br\\\/index.php\\\/2026\\\/04\\\/27\\\/prefeito-fred-campos-rebate-video-de-deputado-e-reforca-que-obras-em-paco-do-lumiar-beneficiam-toda-a-populacao\\\/\",\"url\":\"https:\\\/\\\/maranhaotv.com.br\\\/index.php\\\/2026\\\/04\\\/27\\\/prefeito-fred-campos-rebate-video-de-deputado-e-reforca-que-obras-em-paco-do-lumiar-beneficiam-toda-a-populacao\\\/\",\"name\":\"Prefeito Fred Campos rebate v\u00eddeo de deputado e refor\u00e7a que obras em Pa\u00e7o do Lumiar beneficiam toda a popula\u00e7\u00e3o. - NOT\u00cdCIAS EM TEMPO REAL\",\"isPartOf\":{\"@id\":\"https:\\\/\\\/maranhaotv.com.br\\\/#website\"},\"primaryImageOfPage\":{\"@id\":\"https:\\\/\\\/maranhaotv.com.br\\\/index.php\\\/2026\\\/04\\\/27\\\/prefeito-fred-campos-rebate-video-de-deputado-e-reforca-que-obras-em-paco-do-lumiar-beneficiam-toda-a-populacao\\\/#primaryimage\"},\"image\":{\"@id\":\"https:\\\/\\\/maranhaotv.com.br\\\/index.php\\\/2026\\\/04\\\/27\\\/prefeito-fred-campos-rebate-video-de-deputado-e-reforca-que-obras-em-paco-do-lumiar-beneficiam-toda-a-populacao\\\/#primaryimage\"},\"thumbnailUrl\":\"https:\\\/\\\/maranhaotv.com.br\\\/wp-content\\\/uploads\\\/2026\\\/04\\\/Screenshot_20260427_110835_Instagram.jpg\",\"datePublished\":\"2026-04-27T14:08:27+00:00\",\"dateModified\":\"2026-04-27T14:09:18+00:00\",\"breadcrumb\":{\"@id\":\"https:\\\/\\\/maranhaotv.com.br\\\/index.php\\\/2026\\\/04\\\/27\\\/prefeito-fred-campos-rebate-video-de-deputado-e-reforca-que-obras-em-paco-do-lumiar-beneficiam-toda-a-populacao\\\/#breadcrumb\"},\"inLanguage\":\"pt-BR\",\"potentialAction\":[{\"@type\":\"ReadAction\",\"target\":[\"https:\\\/\\\/maranhaotv.com.br\\\/index.php\\\/2026\\\/04\\\/27\\\/prefeito-fred-campos-rebate-video-de-deputado-e-reforca-que-obras-em-paco-do-lumiar-beneficiam-toda-a-populacao\\\/\"]}]},{\"@type\":\"ImageObject\",\"inLanguage\":\"pt-BR\",\"@id\":\"https:\\\/\\\/maranhaotv.com.br\\\/index.php\\\/2026\\\/04\\\/27\\\/prefeito-fred-campos-rebate-video-de-deputado-e-reforca-que-obras-em-paco-do-lumiar-beneficiam-toda-a-populacao\\\/#primaryimage\",\"url\":\"https:\\\/\\\/maranhaotv.com.br\\\/wp-content\\\/uploads\\\/2026\\\/04\\\/Screenshot_20260427_110835_Instagram.jpg\",\"contentUrl\":\"https:\\\/\\\/maranhaotv.com.br\\\/wp-content\\\/uploads\\\/2026\\\/04\\\/Screenshot_20260427_110835_Instagram.jpg\",\"width\":1080,\"height\":653},{\"@type\":\"BreadcrumbList\",\"@id\":\"https:\\\/\\\/maranhaotv.com.br\\\/index.php\\\/2026\\\/04\\\/27\\\/prefeito-fred-campos-rebate-video-de-deputado-e-reforca-que-obras-em-paco-do-lumiar-beneficiam-toda-a-populacao\\\/#breadcrumb\",\"itemListElement\":[{\"@type\":\"ListItem\",\"position\":1,\"name\":\"In\u00edcio\",\"item\":\"https:\\\/\\\/maranhaotv.com.br\\\/\"},{\"@type\":\"ListItem\",\"position\":2,\"name\":\"Prefeito Fred Campos rebate v\u00eddeo de deputado e refor\u00e7a que obras em Pa\u00e7o do Lumiar beneficiam toda a popula\u00e7\u00e3o.\"}]},{\"@type\":\"WebSite\",\"@id\":\"https:\\\/\\\/maranhaotv.com.br\\\/#website\",\"url\":\"https:\\\/\\\/maranhaotv.com.br\\\/\",\"name\":\"Maranh\u00e3oTV\",\"description\":\"\",\"publisher\":{\"@id\":\"https:\\\/\\\/maranhaotv.com.br\\\/#organization\"},\"potentialAction\":[{\"@type\":\"SearchAction\",\"target\":{\"@type\":\"EntryPoint\",\"urlTemplate\":\"https:\\\/\\\/maranhaotv.com.br\\\/?s={search_term_string}\"},\"query-input\":{\"@type\":\"PropertyValueSpecification\",\"valueRequired\":true,\"valueName\":\"search_term_string\"}}],\"inLanguage\":\"pt-BR\"},{\"@type\":\"Organization\",\"@id\":\"https:\\\/\\\/maranhaotv.com.br\\\/#organization\",\"name\":\"Portal de Not\u00edcias\",\"url\":\"https:\\\/\\\/maranhaotv.com.br\\\/\",\"logo\":{\"@type\":\"ImageObject\",\"inLanguage\":\"pt-BR\",\"@id\":\"https:\\\/\\\/maranhaotv.com.br\\\/#\\\/schema\\\/logo\\\/image\\\/\",\"url\":\"https:\\\/\\\/maranhaotv.com.br\\\/wp-content\\\/uploads\\\/2024\\\/05\\\/cropped-cropped-avatar-1.png\",\"contentUrl\":\"https:\\\/\\\/maranhaotv.com.br\\\/wp-content\\\/uploads\\\/2024\\\/05\\\/cropped-cropped-avatar-1.png\",\"width\":792,\"height\":428,\"caption\":\"Portal de Not\u00edcias\"},\"image\":{\"@id\":\"https:\\\/\\\/maranhaotv.com.br\\\/#\\\/schema\\\/logo\\\/image\\\/\"},\"sameAs\":[\"https:\\\/\\\/www.facebook.com\\\/maiobaotv\",\"https:\\\/\\\/x.com\\\/sitemaranhaotv\",\"https:\\\/\\\/www.instagram.com\\\/maranhao.tv\",\"https:\\\/\\\/www.threads.net\\\/@maranhao.tv\"]},{\"@type\":\"Person\",\"@id\":\"https:\\\/\\\/maranhaotv.com.br\\\/#\\\/schema\\\/person\\\/3d54238e86b20bb5c89ab2fdb8f8829a\",\"name\":\"maranhaotv\",\"image\":{\"@type\":\"ImageObject\",\"inLanguage\":\"pt-BR\",\"@id\":\"https:\\\/\\\/secure.gravatar.com\\\/avatar\\\/8fadbca458d4cb68b1dd399ae9a40618d747bb1af65ac9fad21c89220a143eb4?s=96&d=mm&r=g\",\"url\":\"https:\\\/\\\/secure.gravatar.com\\\/avatar\\\/8fadbca458d4cb68b1dd399ae9a40618d747bb1af65ac9fad21c89220a143eb4?s=96&d=mm&r=g\",\"contentUrl\":\"https:\\\/\\\/secure.gravatar.com\\\/avatar\\\/8fadbca458d4cb68b1dd399ae9a40618d747bb1af65ac9fad21c89220a143eb4?s=96&d=mm&r=g\",\"caption\":\"maranhaotv\"},\"sameAs\":[\"https:\\\/\\\/maranhaotv.com.br\\\/\"],\"url\":\"https:\\\/\\\/maranhaotv.com.br\\\/index.php\\\/author\\\/maranhaotv\\\/\"}]}<\/script>\n<!-- \/ Yoast SEO plugin. -->","yoast_head_json":{"title":"Prefeito Fred Campos rebate v\u00eddeo de deputado e refor\u00e7a que obras em Pa\u00e7o do Lumiar beneficiam toda a popula\u00e7\u00e3o. - NOT\u00cdCIAS EM TEMPO REAL","robots":{"index":"index","follow":"follow","max-snippet":"max-snippet:-1","max-image-preview":"max-image-preview:large","max-video-preview":"max-video-preview:-1"},"canonical":"https:\/\/maranhaotv.com.br\/index.php\/2026\/04\/27\/prefeito-fred-campos-rebate-video-de-deputado-e-reforca-que-obras-em-paco-do-lumiar-beneficiam-toda-a-populacao\/","og_locale":"pt_BR","og_type":"article","og_title":"Prefeito Fred Campos rebate v\u00eddeo de deputado e refor\u00e7a que obras em Pa\u00e7o do Lumiar beneficiam toda a popula\u00e7\u00e3o. - NOT\u00cdCIAS EM TEMPO REAL","og_description":"O prefeito de Pa\u00e7o do Lumiar, Fred Campos, utilizou suas redes sociais na noite deste domingo (26) para responder \u00e0s","og_url":"https:\/\/maranhaotv.com.br\/index.php\/2026\/04\/27\/prefeito-fred-campos-rebate-video-de-deputado-e-reforca-que-obras-em-paco-do-lumiar-beneficiam-toda-a-populacao\/","og_site_name":"NOT\u00cdCIAS EM TEMPO REAL","article_publisher":"https:\/\/www.facebook.com\/maiobaotv","article_published_time":"2026-04-27T14:08:27+00:00","article_modified_time":"2026-04-27T14:09:18+00:00","og_image":[{"width":1080,"height":653,"url":"https:\/\/maranhaotv.com.br\/wp-content\/uploads\/2026\/04\/Screenshot_20260427_110835_Instagram.jpg","type":"image\/jpeg"}],"author":"maranhaotv","twitter_card":"summary_large_image","twitter_creator":"@sitemaranhaotv","twitter_site":"@sitemaranhaotv","twitter_misc":{"Escrito por":"maranhaotv","Est. tempo de leitura":"2 minutos"},"schema":{"@context":"https:\/\/schema.org","@graph":[{"@type":"Article","@id":"https:\/\/maranhaotv.com.br\/index.php\/2026\/04\/27\/prefeito-fred-campos-rebate-video-de-deputado-e-reforca-que-obras-em-paco-do-lumiar-beneficiam-toda-a-populacao\/#article","isPartOf":{"@id":"https:\/\/maranhaotv.com.br\/index.php\/2026\/04\/27\/prefeito-fred-campos-rebate-video-de-deputado-e-reforca-que-obras-em-paco-do-lumiar-beneficiam-toda-a-populacao\/"},"author":{"name":"maranhaotv","@id":"https:\/\/maranhaotv.com.br\/#\/schema\/person\/3d54238e86b20bb5c89ab2fdb8f8829a"},"headline":"Prefeito Fred Campos rebate v\u00eddeo de deputado e refor\u00e7a que obras em Pa\u00e7o do Lumiar beneficiam toda a popula\u00e7\u00e3o.","datePublished":"2026-04-27T14:08:27+00:00","dateModified":"2026-04-27T14:09:18+00:00","mainEntityOfPage":{"@id":"https:\/\/maranhaotv.com.br\/index.php\/2026\/04\/27\/prefeito-fred-campos-rebate-video-de-deputado-e-reforca-que-obras-em-paco-do-lumiar-beneficiam-toda-a-populacao\/"},"wordCount":407,"publisher":{"@id":"https:\/\/maranhaotv.com.br\/#organization"},"image":{"@id":"https:\/\/maranhaotv.com.br\/index.php\/2026\/04\/27\/prefeito-fred-campos-rebate-video-de-deputado-e-reforca-que-obras-em-paco-do-lumiar-beneficiam-toda-a-populacao\/#primaryimage"},"thumbnailUrl":"https:\/\/maranhaotv.com.br\/wp-content\/uploads\/2026\/04\/Screenshot_20260427_110835_Instagram.jpg","keywords":["Fred Campos"],"articleSection":["blog"],"inLanguage":"pt-BR"},{"@type":"WebPage","@id":"https:\/\/maranhaotv.com.br\/index.php\/2026\/04\/27\/prefeito-fred-campos-rebate-video-de-deputado-e-reforca-que-obras-em-paco-do-lumiar-beneficiam-toda-a-populacao\/","url":"https:\/\/maranhaotv.com.br\/index.php\/2026\/04\/27\/prefeito-fred-campos-rebate-video-de-deputado-e-reforca-que-obras-em-paco-do-lumiar-beneficiam-toda-a-populacao\/","name":"Prefeito Fred Campos rebate v\u00eddeo de deputado e refor\u00e7a que obras em Pa\u00e7o do Lumiar beneficiam toda a popula\u00e7\u00e3o. - NOT\u00cdCIAS EM TEMPO REAL","isPartOf":{"@id":"https:\/\/maranhaotv.com.br\/#website"},"primaryImageOfPage":{"@id":"https:\/\/maranhaotv.com.br\/index.php\/2026\/04\/27\/prefeito-fred-campos-rebate-video-de-deputado-e-reforca-que-obras-em-paco-do-lumiar-beneficiam-toda-a-populacao\/#primaryimage"},"image":{"@id":"https:\/\/maranhaotv.com.br\/index.php\/2026\/04\/27\/prefeito-fred-campos-rebate-video-de-deputado-e-reforca-que-obras-em-paco-do-lumiar-beneficiam-toda-a-populacao\/#primaryimage"},"thumbnailUrl":"https:\/\/maranhaotv.com.br\/wp-content\/uploads\/2026\/04\/Screenshot_20260427_110835_Instagram.jpg","datePublished":"2026-04-27T14:08:27+00:00","dateModified":"2026-04-27T14:09:18+00:00","breadcrumb":{"@id":"https:\/\/maranhaotv.com.br\/index.php\/2026\/04\/27\/prefeito-fred-campos-rebate-video-de-deputado-e-reforca-que-obras-em-paco-do-lumiar-beneficiam-toda-a-populacao\/#breadcrumb"},"inLanguage":"pt-BR","potentialAction":[{"@type":"ReadAction","target":["https:\/\/maranhaotv.com.br\/index.php\/2026\/04\/27\/prefeito-fred-campos-rebate-video-de-deputado-e-reforca-que-obras-em-paco-do-lumiar-beneficiam-toda-a-populacao\/"]}]},{"@type":"ImageObject","inLanguage":"pt-BR","@id":"https:\/\/maranhaotv.com.br\/index.php\/2026\/04\/27\/prefeito-fred-campos-rebate-video-de-deputado-e-reforca-que-obras-em-paco-do-lumiar-beneficiam-toda-a-populacao\/#primaryimage","url":"https:\/\/maranhaotv.com.br\/wp-content\/uploads\/2026\/04\/Screenshot_20260427_110835_Instagram.jpg","contentUrl":"https:\/\/maranhaotv.com.br\/wp-content\/uploads\/2026\/04\/Screenshot_20260427_110835_Instagram.jpg","width":1080,"height":653},{"@type":"BreadcrumbList","@id":"https:\/\/maranhaotv.com.br\/index.php\/2026\/04\/27\/prefeito-fred-campos-rebate-video-de-deputado-e-reforca-que-obras-em-paco-do-lumiar-beneficiam-toda-a-populacao\/#breadcrumb","itemListElement":[{"@type":"ListItem","position":1,"name":"In\u00edcio","item":"https:\/\/maranhaotv.com.br\/"},{"@type":"ListItem","position":2,"name":"Prefeito Fred Campos rebate v\u00eddeo de deputado e refor\u00e7a que obras em Pa\u00e7o do Lumiar beneficiam toda a popula\u00e7\u00e3o."}]},{"@type":"WebSite","@id":"https:\/\/maranhaotv.com.br\/#website","url":"https:\/\/maranhaotv.com.br\/","name":"Maranh\u00e3oTV","description":"","publisher":{"@id":"https:\/\/maranhaotv.com.br\/#organization"},"potentialAction":[{"@type":"SearchAction","target":{"@type":"EntryPoint","urlTemplate":"https:\/\/maranhaotv.com.br\/?s={search_term_string}"},"query-input":{"@type":"PropertyValueSpecification","valueRequired":true,"valueName":"search_term_string"}}],"inLanguage":"pt-BR"},{"@type":"Organization","@id":"https:\/\/maranhaotv.com.br\/#organization","name":"Portal de Not\u00edcias","url":"https:\/\/maranhaotv.com.br\/","logo":{"@type":"ImageObject","inLanguage":"pt-BR","@id":"https:\/\/maranhaotv.com.br\/#\/schema\/logo\/image\/","url":"https:\/\/maranhaotv.com.br\/wp-content\/uploads\/2024\/05\/cropped-cropped-avatar-1.png","contentUrl":"https:\/\/maranhaotv.com.br\/wp-content\/uploads\/2024\/05\/cropped-cropped-avatar-1.png","width":792,"height":428,"caption":"Portal de Not\u00edcias"},"image":{"@id":"https:\/\/maranhaotv.com.br\/#\/schema\/logo\/image\/"},"sameAs":["https:\/\/www.facebook.com\/maiobaotv","https:\/\/x.com\/sitemaranhaotv","https:\/\/www.instagram.com\/maranhao.tv","https:\/\/www.threads.net\/@maranhao.tv"]},{"@type":"Person","@id":"https:\/\/maranhaotv.com.br\/#\/schema\/person\/3d54238e86b20bb5c89ab2fdb8f8829a","name":"maranhaotv","image":{"@type":"ImageObject","inLanguage":"pt-BR","@id":"https:\/\/secure.gravatar.com\/avatar\/8fadbca458d4cb68b1dd399ae9a40618d747bb1af65ac9fad21c89220a143eb4?s=96&d=mm&r=g","url":"https:\/\/secure.gravatar.com\/avatar\/8fadbca458d4cb68b1dd399ae9a40618d747bb1af65ac9fad21c89220a143eb4?s=96&d=mm&r=g","contentUrl":"https:\/\/secure.gravatar.com\/avatar\/8fadbca458d4cb68b1dd399ae9a40618d747bb1af65ac9fad21c89220a143eb4?s=96&d=mm&r=g","caption":"maranhaotv"},"sameAs":["https:\/\/maranhaotv.com.br\/"],"url":"https:\/\/maranhaotv.com.br\/index.php\/author\/maranhaotv\/"}]}},"jetpack_featured_media_url":"https:\/\/maranhaotv.com.br\/wp-content\/uploads\/2026\/04\/Screenshot_20260427_110835_Instagram.jpg","jetpack_sharing_enabled":true,"_links":{"self":[{"href":"https:\/\/maranhaotv.com.br\/index.php\/wp-json\/wp\/v2\/posts\/46147","targetHints":{"allow":["GET"]}}],"collection":[{"href":"https:\/\/maranhaotv.com.br\/index.php\/wp-json\/wp\/v2\/posts"}],"about":[{"href":"https:\/\/maranhaotv.com.br\/index.php\/wp-json\/wp\/v2\/types\/post"}],"author":[{"embeddable":true,"href":"https:\/\/maranhaotv.com.br\/index.php\/wp-json\/wp\/v2\/users\/2"}],"replies":[{"embeddable":true,"href":"https:\/\/maranhaotv.com.br\/index.php\/wp-json\/wp\/v2\/comments?post=46147"}],"version-history":[{"count":1,"href":"https:\/\/maranhaotv.com.br\/index.php\/wp-json\/wp\/v2\/posts\/46147\/revisions"}],"predecessor-version":[{"id":46148,"href":"https:\/\/maranhaotv.com.br\/index.php\/wp-json\/wp\/v2\/posts\/46147\/revisions\/46148"}],"wp:featuredmedia":[{"embeddable":true,"href":"https:\/\/maranhaotv.com.br\/index.php\/wp-json\/wp\/v2\/media\/46146"}],"wp:attachment":[{"href":"https:\/\/maranhaotv.com.br\/index.php\/wp-json\/wp\/v2\/media?parent=46147"}],"wp:term":[{"taxonomy":"category","embeddable":true,"href":"https:\/\/maranhaotv.com.br\/index.php\/wp-json\/wp\/v2\/categories?post=46147"},{"taxonomy":"post_tag","embeddable":true,"href":"https:\/\/maranhaotv.com.br\/index.php\/wp-json\/wp\/v2\/tags?post=46147"}],"curies":[{"name":"wp","href":"https:\/\/api.w.org\/{rel}","templated":true}]}}