{"id":46154,"date":"2026-04-27T16:00:50","date_gmt":"2026-04-27T19:00:50","guid":{"rendered":"https:\/\/maranhaotv.com.br\/?p=46154"},"modified":"2026-04-27T16:01:12","modified_gmt":"2026-04-27T19:01:12","slug":"juventude-lideranca-e-articulacao-politica-dr-leoberth-fortalece-grupo-de-apoio-a-braide-em-viana","status":"publish","type":"post","link":"https:\/\/maranhaotv.com.br\/index.php\/2026\/04\/27\/juventude-lideranca-e-articulacao-politica-dr-leoberth-fortalece-grupo-de-apoio-a-braide-em-viana\/","title":{"rendered":"Juventude, lideran\u00e7a e articula\u00e7\u00e3o pol\u00edtica: Dr. Leoberth fortalece grupo de apoio a Braide em Viana"},"content":{"rendered":"\n<p><br>M\u00e9dico jovem re\u00fane importantes lideran\u00e7as e apoiadores em movimento pol\u00edtico que busca fortalecer um novo projeto para o Maranh\u00e3o<br><br>A cidade de Viana come\u00e7a a vivenciar um novo momento de articula\u00e7\u00e3o pol\u00edtica liderado por uma jovem lideran\u00e7a que vem ganhando destaque no cen\u00e1rio local. O m\u00e9dico Dr. Leoberth tem se consolidado como um dos nomes em ascens\u00e3o na pol\u00edtica vianense ao coordenar um grupo de apoio ao pr\u00e9-candidato ao Governo do Maranh\u00e3o, Eduardo Braide.<br><br>Em uma reuni\u00e3o marcada pela uni\u00e3o, di\u00e1logo e fortalecimento pol\u00edtico, Dr. Leoberth reuniu apoiadores, lideran\u00e7as comunit\u00e1rias e nomes conhecidos da pol\u00edtica e da sociedade local, demonstrando for\u00e7a de articula\u00e7\u00e3o e capacidade de mobiliza\u00e7\u00e3o em torno de um projeto que busca apresentar novas perspectivas para o estado.<br><br>Estiveram presentes no encontro Nikson Cutrim, Of Angel, Gleyson da M\u00eddia, Fellykison do Posto, B\u00e1rbara Ara\u00fajo, Reinaldo Cidreira, Samuel Mendes, o ex-vereador Jo\u00e3o de Marcos, Gladimar, Cunaco, Rui, Juninho do Povo, Lucinete, Neguinho, Lazinho e a professora Nilma, al\u00e9m de diversos apoiadores que acreditam na constru\u00e7\u00e3o de um novo caminho pol\u00edtico para o Maranh\u00e3o.<br><br>A movimenta\u00e7\u00e3o liderada por Dr. Leoberth chama aten\u00e7\u00e3o principalmente pela presen\u00e7a de jovens lideran\u00e7as e representantes de diferentes segmentos da sociedade, fortalecendo o discurso de renova\u00e7\u00e3o pol\u00edtica e participa\u00e7\u00e3o popular dentro de Viana.<br><br>Nos bastidores, o grupo j\u00e1 \u00e9 visto como um importante n\u00facleo de fortalecimento pol\u00edtico em apoio ao projeto liderado por Eduardo Braide, ampliando o debate sobre desenvolvimento, sa\u00fade, oportunidades e melhorias para a popula\u00e7\u00e3o maranhense.<br><br>A reuni\u00e3o simboliza mais do que um simples encontro pol\u00edtico: representa o in\u00edcio de uma mobiliza\u00e7\u00e3o que promete ganhar for\u00e7a nos pr\u00f3ximos meses, consolidando novas alian\u00e7as e fortalecendo a participa\u00e7\u00e3o popular no cen\u00e1rio pol\u00edtico regional.<\/p>\n\n\n\n<figure class=\"wp-block-image size-large\"><img loading=\"lazy\" decoding=\"async\" width=\"1024\" height=\"768\" src=\"https:\/\/maranhaotv.com.br\/wp-content\/uploads\/2026\/04\/img-20260427-wa03664659916282673383784-1024x768.jpg\" alt=\"\" class=\"wp-image-46152\" srcset=\"https:\/\/maranhaotv.com.br\/wp-content\/uploads\/2026\/04\/img-20260427-wa03664659916282673383784-1024x768.jpg 1024w, https:\/\/maranhaotv.com.br\/wp-content\/uploads\/2026\/04\/img-20260427-wa03664659916282673383784-300x225.jpg 300w, https:\/\/maranhaotv.com.br\/wp-content\/uploads\/2026\/04\/img-20260427-wa03664659916282673383784-768x576.jpg 768w, https:\/\/maranhaotv.com.br\/wp-content\/uploads\/2026\/04\/img-20260427-wa03664659916282673383784.jpg 1448w\" sizes=\"auto, (max-width: 1024px) 100vw, 1024px\" \/><\/figure>\n","protected":false},"excerpt":{"rendered":"<p>M\u00e9dico jovem re\u00fane importantes lideran\u00e7as e apoiadores em movimento pol\u00edtico que busca fortalecer um novo projeto para o Maranh\u00e3o A<\/p>\n","protected":false},"author":2,"featured_media":46153,"comment_status":"closed","ping_status":"","sticky":false,"template":"","format":"standard","meta":{"colormag_page_container_layout":"default_layout","colormag_page_sidebar_layout":"default_layout","_jetpack_memberships_contains_paid_content":false,"footnotes":""},"categories":[405],"tags":[5],"class_list":["post-46154","post","type-post","status-publish","format-standard","has-post-thumbnail","hentry","category-blog","tag-viana"],"magazineBlocksPostFeaturedMedia":{"thumbnail":"https:\/\/maranhaotv.com.br\/wp-content\/uploads\/2026\/04\/image_editor_output_image-1187150254-1777316453028-150x150.jpg","medium":"https:\/\/maranhaotv.com.br\/wp-content\/uploads\/2026\/04\/image_editor_output_image-1187150254-1777316453028-300x225.jpg","medium_large":"https:\/\/maranhaotv.com.br\/wp-content\/uploads\/2026\/04\/image_editor_output_image-1187150254-1777316453028-768x576.jpg","large":"https:\/\/maranhaotv.com.br\/wp-content\/uploads\/2026\/04\/image_editor_output_image-1187150254-1777316453028-1024x768.jpg","1536x1536":"https:\/\/maranhaotv.com.br\/wp-content\/uploads\/2026\/04\/image_editor_output_image-1187150254-1777316453028.jpg","2048x2048":"https:\/\/maranhaotv.com.br\/wp-content\/uploads\/2026\/04\/image_editor_output_image-1187150254-1777316453028.jpg","colormag-highlighted-post":"https:\/\/maranhaotv.com.br\/wp-content\/uploads\/2026\/04\/image_editor_output_image-1187150254-1777316453028-392x272.jpg","colormag-featured-post-medium":"https:\/\/maranhaotv.com.br\/wp-content\/uploads\/2026\/04\/image_editor_output_image-1187150254-1777316453028-390x205.jpg","colormag-featured-post-small":"https:\/\/maranhaotv.com.br\/wp-content\/uploads\/2026\/04\/image_editor_output_image-1187150254-1777316453028-130x90.jpg","colormag-featured-image":"https:\/\/maranhaotv.com.br\/wp-content\/uploads\/2026\/04\/image_editor_output_image-1187150254-1777316453028-800x445.jpg","colormag-default-news":"https:\/\/maranhaotv.com.br\/wp-content\/uploads\/2026\/04\/image_editor_output_image-1187150254-1777316453028-150x150.jpg","colormag-featured-image-large":"https:\/\/maranhaotv.com.br\/wp-content\/uploads\/2026\/04\/image_editor_output_image-1187150254-1777316453028-1400x600.jpg"},"magazineBlocksPostAuthor":{"name":"maranhaotv","avatar":"https:\/\/secure.gravatar.com\/avatar\/8fadbca458d4cb68b1dd399ae9a40618d747bb1af65ac9fad21c89220a143eb4?s=96&d=mm&r=g"},"magazineBlocksPostCommentsNumber":false,"magazineBlocksPostExcerpt":"M\u00e9dico jovem re\u00fane importantes lideran\u00e7as e apoiadores em movimento pol\u00edtico que busca fortalecer um novo projeto para o Maranh\u00e3o A","magazineBlocksPostCategories":["blog"],"magazineBlocksPostViewCount":45,"magazineBlocksPostReadTime":2,"magazine_blocks_featured_image_url":{"full":["https:\/\/maranhaotv.com.br\/wp-content\/uploads\/2026\/04\/image_editor_output_image-1187150254-1777316453028.jpg",1448,1086,false],"medium":["https:\/\/maranhaotv.com.br\/wp-content\/uploads\/2026\/04\/image_editor_output_image-1187150254-1777316453028-300x225.jpg",300,225,true],"thumbnail":["https:\/\/maranhaotv.com.br\/wp-content\/uploads\/2026\/04\/image_editor_output_image-1187150254-1777316453028-150x150.jpg",150,150,true]},"magazine_blocks_author":{"display_name":"maranhaotv","author_link":"https:\/\/maranhaotv.com.br\/index.php\/author\/maranhaotv\/"},"magazine_blocks_comment":0,"magazine_blocks_author_image":"https:\/\/secure.gravatar.com\/avatar\/8fadbca458d4cb68b1dd399ae9a40618d747bb1af65ac9fad21c89220a143eb4?s=96&d=mm&r=g","magazine_blocks_category":"<a href=\"#\" class=\"category-link category-link-405\">blog<\/a>","yoast_head":"<!-- This site is optimized with the Yoast SEO plugin v27.4 - https:\/\/yoast.com\/product\/yoast-seo-wordpress\/ -->\n<title>Juventude, lideran\u00e7a e articula\u00e7\u00e3o pol\u00edtica: Dr. Leoberth fortalece grupo de apoio a Braide em Viana - NOT\u00cdCIAS EM TEMPO REAL<\/title>\n<meta name=\"robots\" content=\"index, follow, max-snippet:-1, max-image-preview:large, max-video-preview:-1\" \/>\n<link rel=\"canonical\" href=\"https:\/\/maranhaotv.com.br\/index.php\/2026\/04\/27\/juventude-lideranca-e-articulacao-politica-dr-leoberth-fortalece-grupo-de-apoio-a-braide-em-viana\/\" \/>\n<meta property=\"og:locale\" content=\"pt_BR\" \/>\n<meta property=\"og:type\" content=\"article\" \/>\n<meta property=\"og:title\" content=\"Juventude, lideran\u00e7a e articula\u00e7\u00e3o pol\u00edtica: Dr. Leoberth fortalece grupo de apoio a Braide em Viana - NOT\u00cdCIAS EM TEMPO REAL\" \/>\n<meta property=\"og:description\" content=\"M\u00e9dico jovem re\u00fane importantes lideran\u00e7as e apoiadores em movimento pol\u00edtico que busca fortalecer um novo projeto para o Maranh\u00e3o A\" \/>\n<meta property=\"og:url\" content=\"https:\/\/maranhaotv.com.br\/index.php\/2026\/04\/27\/juventude-lideranca-e-articulacao-politica-dr-leoberth-fortalece-grupo-de-apoio-a-braide-em-viana\/\" \/>\n<meta property=\"og:site_name\" content=\"NOT\u00cdCIAS EM TEMPO REAL\" \/>\n<meta property=\"article:publisher\" content=\"https:\/\/www.facebook.com\/maiobaotv\" \/>\n<meta property=\"article:published_time\" content=\"2026-04-27T19:00:50+00:00\" \/>\n<meta property=\"article:modified_time\" content=\"2026-04-27T19:01:12+00:00\" \/>\n<meta property=\"og:image\" content=\"https:\/\/maranhaotv.com.br\/wp-content\/uploads\/2026\/04\/image_editor_output_image-1187150254-1777316453028.jpg\" \/>\n\t<meta property=\"og:image:width\" content=\"1448\" \/>\n\t<meta property=\"og:image:height\" content=\"1086\" \/>\n\t<meta property=\"og:image:type\" content=\"image\/jpeg\" \/>\n<meta name=\"author\" content=\"maranhaotv\" \/>\n<meta name=\"twitter:card\" content=\"summary_large_image\" \/>\n<meta name=\"twitter:creator\" content=\"@sitemaranhaotv\" \/>\n<meta name=\"twitter:site\" content=\"@sitemaranhaotv\" \/>\n<meta name=\"twitter:label1\" content=\"Escrito por\" \/>\n\t<meta name=\"twitter:data1\" content=\"maranhaotv\" \/>\n\t<meta name=\"twitter:label2\" content=\"Est. tempo de leitura\" \/>\n\t<meta name=\"twitter:data2\" content=\"2 minutos\" \/>\n<script type=\"application\/ld+json\" class=\"yoast-schema-graph\">{\"@context\":\"https:\\\/\\\/schema.org\",\"@graph\":[{\"@type\":\"Article\",\"@id\":\"https:\\\/\\\/maranhaotv.com.br\\\/index.php\\\/2026\\\/04\\\/27\\\/juventude-lideranca-e-articulacao-politica-dr-leoberth-fortalece-grupo-de-apoio-a-braide-em-viana\\\/#article\",\"isPartOf\":{\"@id\":\"https:\\\/\\\/maranhaotv.com.br\\\/index.php\\\/2026\\\/04\\\/27\\\/juventude-lideranca-e-articulacao-politica-dr-leoberth-fortalece-grupo-de-apoio-a-braide-em-viana\\\/\"},\"author\":{\"name\":\"maranhaotv\",\"@id\":\"https:\\\/\\\/maranhaotv.com.br\\\/#\\\/schema\\\/person\\\/3d54238e86b20bb5c89ab2fdb8f8829a\"},\"headline\":\"Juventude, lideran\u00e7a e articula\u00e7\u00e3o pol\u00edtica: Dr. Leoberth fortalece grupo de apoio a Braide em Viana\",\"datePublished\":\"2026-04-27T19:00:50+00:00\",\"dateModified\":\"2026-04-27T19:01:12+00:00\",\"mainEntityOfPage\":{\"@id\":\"https:\\\/\\\/maranhaotv.com.br\\\/index.php\\\/2026\\\/04\\\/27\\\/juventude-lideranca-e-articulacao-politica-dr-leoberth-fortalece-grupo-de-apoio-a-braide-em-viana\\\/\"},\"wordCount\":348,\"publisher\":{\"@id\":\"https:\\\/\\\/maranhaotv.com.br\\\/#organization\"},\"image\":{\"@id\":\"https:\\\/\\\/maranhaotv.com.br\\\/index.php\\\/2026\\\/04\\\/27\\\/juventude-lideranca-e-articulacao-politica-dr-leoberth-fortalece-grupo-de-apoio-a-braide-em-viana\\\/#primaryimage\"},\"thumbnailUrl\":\"https:\\\/\\\/maranhaotv.com.br\\\/wp-content\\\/uploads\\\/2026\\\/04\\\/image_editor_output_image-1187150254-1777316453028.jpg\",\"keywords\":[\"Viana\"],\"articleSection\":[\"blog\"],\"inLanguage\":\"pt-BR\"},{\"@type\":\"WebPage\",\"@id\":\"https:\\\/\\\/maranhaotv.com.br\\\/index.php\\\/2026\\\/04\\\/27\\\/juventude-lideranca-e-articulacao-politica-dr-leoberth-fortalece-grupo-de-apoio-a-braide-em-viana\\\/\",\"url\":\"https:\\\/\\\/maranhaotv.com.br\\\/index.php\\\/2026\\\/04\\\/27\\\/juventude-lideranca-e-articulacao-politica-dr-leoberth-fortalece-grupo-de-apoio-a-braide-em-viana\\\/\",\"name\":\"Juventude, lideran\u00e7a e articula\u00e7\u00e3o pol\u00edtica: Dr. Leoberth fortalece grupo de apoio a Braide em Viana - NOT\u00cdCIAS EM TEMPO REAL\",\"isPartOf\":{\"@id\":\"https:\\\/\\\/maranhaotv.com.br\\\/#website\"},\"primaryImageOfPage\":{\"@id\":\"https:\\\/\\\/maranhaotv.com.br\\\/index.php\\\/2026\\\/04\\\/27\\\/juventude-lideranca-e-articulacao-politica-dr-leoberth-fortalece-grupo-de-apoio-a-braide-em-viana\\\/#primaryimage\"},\"image\":{\"@id\":\"https:\\\/\\\/maranhaotv.com.br\\\/index.php\\\/2026\\\/04\\\/27\\\/juventude-lideranca-e-articulacao-politica-dr-leoberth-fortalece-grupo-de-apoio-a-braide-em-viana\\\/#primaryimage\"},\"thumbnailUrl\":\"https:\\\/\\\/maranhaotv.com.br\\\/wp-content\\\/uploads\\\/2026\\\/04\\\/image_editor_output_image-1187150254-1777316453028.jpg\",\"datePublished\":\"2026-04-27T19:00:50+00:00\",\"dateModified\":\"2026-04-27T19:01:12+00:00\",\"breadcrumb\":{\"@id\":\"https:\\\/\\\/maranhaotv.com.br\\\/index.php\\\/2026\\\/04\\\/27\\\/juventude-lideranca-e-articulacao-politica-dr-leoberth-fortalece-grupo-de-apoio-a-braide-em-viana\\\/#breadcrumb\"},\"inLanguage\":\"pt-BR\",\"potentialAction\":[{\"@type\":\"ReadAction\",\"target\":[\"https:\\\/\\\/maranhaotv.com.br\\\/index.php\\\/2026\\\/04\\\/27\\\/juventude-lideranca-e-articulacao-politica-dr-leoberth-fortalece-grupo-de-apoio-a-braide-em-viana\\\/\"]}]},{\"@type\":\"ImageObject\",\"inLanguage\":\"pt-BR\",\"@id\":\"https:\\\/\\\/maranhaotv.com.br\\\/index.php\\\/2026\\\/04\\\/27\\\/juventude-lideranca-e-articulacao-politica-dr-leoberth-fortalece-grupo-de-apoio-a-braide-em-viana\\\/#primaryimage\",\"url\":\"https:\\\/\\\/maranhaotv.com.br\\\/wp-content\\\/uploads\\\/2026\\\/04\\\/image_editor_output_image-1187150254-1777316453028.jpg\",\"contentUrl\":\"https:\\\/\\\/maranhaotv.com.br\\\/wp-content\\\/uploads\\\/2026\\\/04\\\/image_editor_output_image-1187150254-1777316453028.jpg\",\"width\":1448,\"height\":1086},{\"@type\":\"BreadcrumbList\",\"@id\":\"https:\\\/\\\/maranhaotv.com.br\\\/index.php\\\/2026\\\/04\\\/27\\\/juventude-lideranca-e-articulacao-politica-dr-leoberth-fortalece-grupo-de-apoio-a-braide-em-viana\\\/#breadcrumb\",\"itemListElement\":[{\"@type\":\"ListItem\",\"position\":1,\"name\":\"In\u00edcio\",\"item\":\"https:\\\/\\\/maranhaotv.com.br\\\/\"},{\"@type\":\"ListItem\",\"position\":2,\"name\":\"Juventude, lideran\u00e7a e articula\u00e7\u00e3o pol\u00edtica: Dr. Leoberth fortalece grupo de apoio a Braide em Viana\"}]},{\"@type\":\"WebSite\",\"@id\":\"https:\\\/\\\/maranhaotv.com.br\\\/#website\",\"url\":\"https:\\\/\\\/maranhaotv.com.br\\\/\",\"name\":\"Maranh\u00e3oTV\",\"description\":\"\",\"publisher\":{\"@id\":\"https:\\\/\\\/maranhaotv.com.br\\\/#organization\"},\"potentialAction\":[{\"@type\":\"SearchAction\",\"target\":{\"@type\":\"EntryPoint\",\"urlTemplate\":\"https:\\\/\\\/maranhaotv.com.br\\\/?s={search_term_string}\"},\"query-input\":{\"@type\":\"PropertyValueSpecification\",\"valueRequired\":true,\"valueName\":\"search_term_string\"}}],\"inLanguage\":\"pt-BR\"},{\"@type\":\"Organization\",\"@id\":\"https:\\\/\\\/maranhaotv.com.br\\\/#organization\",\"name\":\"Portal de Not\u00edcias\",\"url\":\"https:\\\/\\\/maranhaotv.com.br\\\/\",\"logo\":{\"@type\":\"ImageObject\",\"inLanguage\":\"pt-BR\",\"@id\":\"https:\\\/\\\/maranhaotv.com.br\\\/#\\\/schema\\\/logo\\\/image\\\/\",\"url\":\"https:\\\/\\\/maranhaotv.com.br\\\/wp-content\\\/uploads\\\/2024\\\/05\\\/cropped-cropped-avatar-1.png\",\"contentUrl\":\"https:\\\/\\\/maranhaotv.com.br\\\/wp-content\\\/uploads\\\/2024\\\/05\\\/cropped-cropped-avatar-1.png\",\"width\":792,\"height\":428,\"caption\":\"Portal de Not\u00edcias\"},\"image\":{\"@id\":\"https:\\\/\\\/maranhaotv.com.br\\\/#\\\/schema\\\/logo\\\/image\\\/\"},\"sameAs\":[\"https:\\\/\\\/www.facebook.com\\\/maiobaotv\",\"https:\\\/\\\/x.com\\\/sitemaranhaotv\",\"https:\\\/\\\/www.instagram.com\\\/maranhao.tv\",\"https:\\\/\\\/www.threads.net\\\/@maranhao.tv\"]},{\"@type\":\"Person\",\"@id\":\"https:\\\/\\\/maranhaotv.com.br\\\/#\\\/schema\\\/person\\\/3d54238e86b20bb5c89ab2fdb8f8829a\",\"name\":\"maranhaotv\",\"image\":{\"@type\":\"ImageObject\",\"inLanguage\":\"pt-BR\",\"@id\":\"https:\\\/\\\/secure.gravatar.com\\\/avatar\\\/8fadbca458d4cb68b1dd399ae9a40618d747bb1af65ac9fad21c89220a143eb4?s=96&d=mm&r=g\",\"url\":\"https:\\\/\\\/secure.gravatar.com\\\/avatar\\\/8fadbca458d4cb68b1dd399ae9a40618d747bb1af65ac9fad21c89220a143eb4?s=96&d=mm&r=g\",\"contentUrl\":\"https:\\\/\\\/secure.gravatar.com\\\/avatar\\\/8fadbca458d4cb68b1dd399ae9a40618d747bb1af65ac9fad21c89220a143eb4?s=96&d=mm&r=g\",\"caption\":\"maranhaotv\"},\"sameAs\":[\"https:\\\/\\\/maranhaotv.com.br\\\/\"],\"url\":\"https:\\\/\\\/maranhaotv.com.br\\\/index.php\\\/author\\\/maranhaotv\\\/\"}]}<\/script>\n<!-- \/ Yoast SEO plugin. -->","yoast_head_json":{"title":"Juventude, lideran\u00e7a e articula\u00e7\u00e3o pol\u00edtica: Dr. Leoberth fortalece grupo de apoio a Braide em Viana - NOT\u00cdCIAS EM TEMPO REAL","robots":{"index":"index","follow":"follow","max-snippet":"max-snippet:-1","max-image-preview":"max-image-preview:large","max-video-preview":"max-video-preview:-1"},"canonical":"https:\/\/maranhaotv.com.br\/index.php\/2026\/04\/27\/juventude-lideranca-e-articulacao-politica-dr-leoberth-fortalece-grupo-de-apoio-a-braide-em-viana\/","og_locale":"pt_BR","og_type":"article","og_title":"Juventude, lideran\u00e7a e articula\u00e7\u00e3o pol\u00edtica: Dr. Leoberth fortalece grupo de apoio a Braide em Viana - NOT\u00cdCIAS EM TEMPO REAL","og_description":"M\u00e9dico jovem re\u00fane importantes lideran\u00e7as e apoiadores em movimento pol\u00edtico que busca fortalecer um novo projeto para o Maranh\u00e3o A","og_url":"https:\/\/maranhaotv.com.br\/index.php\/2026\/04\/27\/juventude-lideranca-e-articulacao-politica-dr-leoberth-fortalece-grupo-de-apoio-a-braide-em-viana\/","og_site_name":"NOT\u00cdCIAS EM TEMPO REAL","article_publisher":"https:\/\/www.facebook.com\/maiobaotv","article_published_time":"2026-04-27T19:00:50+00:00","article_modified_time":"2026-04-27T19:01:12+00:00","og_image":[{"width":1448,"height":1086,"url":"https:\/\/maranhaotv.com.br\/wp-content\/uploads\/2026\/04\/image_editor_output_image-1187150254-1777316453028.jpg","type":"image\/jpeg"}],"author":"maranhaotv","twitter_card":"summary_large_image","twitter_creator":"@sitemaranhaotv","twitter_site":"@sitemaranhaotv","twitter_misc":{"Escrito por":"maranhaotv","Est. tempo de leitura":"2 minutos"},"schema":{"@context":"https:\/\/schema.org","@graph":[{"@type":"Article","@id":"https:\/\/maranhaotv.com.br\/index.php\/2026\/04\/27\/juventude-lideranca-e-articulacao-politica-dr-leoberth-fortalece-grupo-de-apoio-a-braide-em-viana\/#article","isPartOf":{"@id":"https:\/\/maranhaotv.com.br\/index.php\/2026\/04\/27\/juventude-lideranca-e-articulacao-politica-dr-leoberth-fortalece-grupo-de-apoio-a-braide-em-viana\/"},"author":{"name":"maranhaotv","@id":"https:\/\/maranhaotv.com.br\/#\/schema\/person\/3d54238e86b20bb5c89ab2fdb8f8829a"},"headline":"Juventude, lideran\u00e7a e articula\u00e7\u00e3o pol\u00edtica: Dr. Leoberth fortalece grupo de apoio a Braide em Viana","datePublished":"2026-04-27T19:00:50+00:00","dateModified":"2026-04-27T19:01:12+00:00","mainEntityOfPage":{"@id":"https:\/\/maranhaotv.com.br\/index.php\/2026\/04\/27\/juventude-lideranca-e-articulacao-politica-dr-leoberth-fortalece-grupo-de-apoio-a-braide-em-viana\/"},"wordCount":348,"publisher":{"@id":"https:\/\/maranhaotv.com.br\/#organization"},"image":{"@id":"https:\/\/maranhaotv.com.br\/index.php\/2026\/04\/27\/juventude-lideranca-e-articulacao-politica-dr-leoberth-fortalece-grupo-de-apoio-a-braide-em-viana\/#primaryimage"},"thumbnailUrl":"https:\/\/maranhaotv.com.br\/wp-content\/uploads\/2026\/04\/image_editor_output_image-1187150254-1777316453028.jpg","keywords":["Viana"],"articleSection":["blog"],"inLanguage":"pt-BR"},{"@type":"WebPage","@id":"https:\/\/maranhaotv.com.br\/index.php\/2026\/04\/27\/juventude-lideranca-e-articulacao-politica-dr-leoberth-fortalece-grupo-de-apoio-a-braide-em-viana\/","url":"https:\/\/maranhaotv.com.br\/index.php\/2026\/04\/27\/juventude-lideranca-e-articulacao-politica-dr-leoberth-fortalece-grupo-de-apoio-a-braide-em-viana\/","name":"Juventude, lideran\u00e7a e articula\u00e7\u00e3o pol\u00edtica: Dr. Leoberth fortalece grupo de apoio a Braide em Viana - NOT\u00cdCIAS EM TEMPO REAL","isPartOf":{"@id":"https:\/\/maranhaotv.com.br\/#website"},"primaryImageOfPage":{"@id":"https:\/\/maranhaotv.com.br\/index.php\/2026\/04\/27\/juventude-lideranca-e-articulacao-politica-dr-leoberth-fortalece-grupo-de-apoio-a-braide-em-viana\/#primaryimage"},"image":{"@id":"https:\/\/maranhaotv.com.br\/index.php\/2026\/04\/27\/juventude-lideranca-e-articulacao-politica-dr-leoberth-fortalece-grupo-de-apoio-a-braide-em-viana\/#primaryimage"},"thumbnailUrl":"https:\/\/maranhaotv.com.br\/wp-content\/uploads\/2026\/04\/image_editor_output_image-1187150254-1777316453028.jpg","datePublished":"2026-04-27T19:00:50+00:00","dateModified":"2026-04-27T19:01:12+00:00","breadcrumb":{"@id":"https:\/\/maranhaotv.com.br\/index.php\/2026\/04\/27\/juventude-lideranca-e-articulacao-politica-dr-leoberth-fortalece-grupo-de-apoio-a-braide-em-viana\/#breadcrumb"},"inLanguage":"pt-BR","potentialAction":[{"@type":"ReadAction","target":["https:\/\/maranhaotv.com.br\/index.php\/2026\/04\/27\/juventude-lideranca-e-articulacao-politica-dr-leoberth-fortalece-grupo-de-apoio-a-braide-em-viana\/"]}]},{"@type":"ImageObject","inLanguage":"pt-BR","@id":"https:\/\/maranhaotv.com.br\/index.php\/2026\/04\/27\/juventude-lideranca-e-articulacao-politica-dr-leoberth-fortalece-grupo-de-apoio-a-braide-em-viana\/#primaryimage","url":"https:\/\/maranhaotv.com.br\/wp-content\/uploads\/2026\/04\/image_editor_output_image-1187150254-1777316453028.jpg","contentUrl":"https:\/\/maranhaotv.com.br\/wp-content\/uploads\/2026\/04\/image_editor_output_image-1187150254-1777316453028.jpg","width":1448,"height":1086},{"@type":"BreadcrumbList","@id":"https:\/\/maranhaotv.com.br\/index.php\/2026\/04\/27\/juventude-lideranca-e-articulacao-politica-dr-leoberth-fortalece-grupo-de-apoio-a-braide-em-viana\/#breadcrumb","itemListElement":[{"@type":"ListItem","position":1,"name":"In\u00edcio","item":"https:\/\/maranhaotv.com.br\/"},{"@type":"ListItem","position":2,"name":"Juventude, lideran\u00e7a e articula\u00e7\u00e3o pol\u00edtica: Dr. Leoberth fortalece grupo de apoio a Braide em Viana"}]},{"@type":"WebSite","@id":"https:\/\/maranhaotv.com.br\/#website","url":"https:\/\/maranhaotv.com.br\/","name":"Maranh\u00e3oTV","description":"","publisher":{"@id":"https:\/\/maranhaotv.com.br\/#organization"},"potentialAction":[{"@type":"SearchAction","target":{"@type":"EntryPoint","urlTemplate":"https:\/\/maranhaotv.com.br\/?s={search_term_string}"},"query-input":{"@type":"PropertyValueSpecification","valueRequired":true,"valueName":"search_term_string"}}],"inLanguage":"pt-BR"},{"@type":"Organization","@id":"https:\/\/maranhaotv.com.br\/#organization","name":"Portal de Not\u00edcias","url":"https:\/\/maranhaotv.com.br\/","logo":{"@type":"ImageObject","inLanguage":"pt-BR","@id":"https:\/\/maranhaotv.com.br\/#\/schema\/logo\/image\/","url":"https:\/\/maranhaotv.com.br\/wp-content\/uploads\/2024\/05\/cropped-cropped-avatar-1.png","contentUrl":"https:\/\/maranhaotv.com.br\/wp-content\/uploads\/2024\/05\/cropped-cropped-avatar-1.png","width":792,"height":428,"caption":"Portal de Not\u00edcias"},"image":{"@id":"https:\/\/maranhaotv.com.br\/#\/schema\/logo\/image\/"},"sameAs":["https:\/\/www.facebook.com\/maiobaotv","https:\/\/x.com\/sitemaranhaotv","https:\/\/www.instagram.com\/maranhao.tv","https:\/\/www.threads.net\/@maranhao.tv"]},{"@type":"Person","@id":"https:\/\/maranhaotv.com.br\/#\/schema\/person\/3d54238e86b20bb5c89ab2fdb8f8829a","name":"maranhaotv","image":{"@type":"ImageObject","inLanguage":"pt-BR","@id":"https:\/\/secure.gravatar.com\/avatar\/8fadbca458d4cb68b1dd399ae9a40618d747bb1af65ac9fad21c89220a143eb4?s=96&d=mm&r=g","url":"https:\/\/secure.gravatar.com\/avatar\/8fadbca458d4cb68b1dd399ae9a40618d747bb1af65ac9fad21c89220a143eb4?s=96&d=mm&r=g","contentUrl":"https:\/\/secure.gravatar.com\/avatar\/8fadbca458d4cb68b1dd399ae9a40618d747bb1af65ac9fad21c89220a143eb4?s=96&d=mm&r=g","caption":"maranhaotv"},"sameAs":["https:\/\/maranhaotv.com.br\/"],"url":"https:\/\/maranhaotv.com.br\/index.php\/author\/maranhaotv\/"}]}},"jetpack_featured_media_url":"https:\/\/maranhaotv.com.br\/wp-content\/uploads\/2026\/04\/image_editor_output_image-1187150254-1777316453028.jpg","jetpack_sharing_enabled":true,"_links":{"self":[{"href":"https:\/\/maranhaotv.com.br\/index.php\/wp-json\/wp\/v2\/posts\/46154","targetHints":{"allow":["GET"]}}],"collection":[{"href":"https:\/\/maranhaotv.com.br\/index.php\/wp-json\/wp\/v2\/posts"}],"about":[{"href":"https:\/\/maranhaotv.com.br\/index.php\/wp-json\/wp\/v2\/types\/post"}],"author":[{"embeddable":true,"href":"https:\/\/maranhaotv.com.br\/index.php\/wp-json\/wp\/v2\/users\/2"}],"replies":[{"embeddable":true,"href":"https:\/\/maranhaotv.com.br\/index.php\/wp-json\/wp\/v2\/comments?post=46154"}],"version-history":[{"count":1,"href":"https:\/\/maranhaotv.com.br\/index.php\/wp-json\/wp\/v2\/posts\/46154\/revisions"}],"predecessor-version":[{"id":46155,"href":"https:\/\/maranhaotv.com.br\/index.php\/wp-json\/wp\/v2\/posts\/46154\/revisions\/46155"}],"wp:featuredmedia":[{"embeddable":true,"href":"https:\/\/maranhaotv.com.br\/index.php\/wp-json\/wp\/v2\/media\/46153"}],"wp:attachment":[{"href":"https:\/\/maranhaotv.com.br\/index.php\/wp-json\/wp\/v2\/media?parent=46154"}],"wp:term":[{"taxonomy":"category","embeddable":true,"href":"https:\/\/maranhaotv.com.br\/index.php\/wp-json\/wp\/v2\/categories?post=46154"},{"taxonomy":"post_tag","embeddable":true,"href":"https:\/\/maranhaotv.com.br\/index.php\/wp-json\/wp\/v2\/tags?post=46154"}],"curies":[{"name":"wp","href":"https:\/\/api.w.org\/{rel}","templated":true}]}}