{"id":46157,"date":"2026-04-27T22:07:02","date_gmt":"2026-04-28T01:07:02","guid":{"rendered":"https:\/\/maranhaotv.com.br\/?p=46157"},"modified":"2026-04-27T22:07:10","modified_gmt":"2026-04-28T01:07:10","slug":"prefeito-de-vitorino-freire-morre-apos-infartar-durante-evento","status":"publish","type":"post","link":"https:\/\/maranhaotv.com.br\/index.php\/2026\/04\/27\/prefeito-de-vitorino-freire-morre-apos-infartar-durante-evento\/","title":{"rendered":"Prefeito de Vitorino Freire morre ap\u00f3s infartar durante evento"},"content":{"rendered":"\n<p><\/p>\n\n\n\n<p>O prefeito de Vitorino Freire(MA), Fogoi\u00f3, de 61 anos, morreu ap\u00f3s sofrer um infarto, na noite desta segunda-feira (27), enquanto estava em uma igreja.<br><br>Ele participava de um culto quando passou mal e foi prontamente socorrido por uma equipe m\u00e9dica, sendo encaminhado ao hospital, mas n\u00e3o resistiu.<br><br>Conhecido como Fogoi\u00f3, Ademar Alves Magalh\u00e3es estava no seu primeiro mandato. A vice-prefeita Gabi Viana (Uni\u00e3o Brasil) assumir\u00e1 o cargo.<\/p>\n","protected":false},"excerpt":{"rendered":"<p>O prefeito de Vitorino Freire(MA), Fogoi\u00f3, de 61 anos, morreu ap\u00f3s sofrer um infarto, na noite desta segunda-feira (27), enquanto<\/p>\n","protected":false},"author":2,"featured_media":46156,"comment_status":"closed","ping_status":"","sticky":false,"template":"","format":"standard","meta":{"colormag_page_container_layout":"default_layout","colormag_page_sidebar_layout":"default_layout","_jetpack_memberships_contains_paid_content":false,"footnotes":""},"categories":[1],"tags":[],"class_list":["post-46157","post","type-post","status-publish","format-standard","has-post-thumbnail","hentry","category-sem-categoria"],"magazineBlocksPostFeaturedMedia":{"thumbnail":"https:\/\/maranhaotv.com.br\/wp-content\/uploads\/2026\/04\/juscelino-scaled-1-150x150.jpg","medium":"https:\/\/maranhaotv.com.br\/wp-content\/uploads\/2026\/04\/juscelino-scaled-1-300x200.jpg","medium_large":"https:\/\/maranhaotv.com.br\/wp-content\/uploads\/2026\/04\/juscelino-scaled-1-768x512.jpg","large":"https:\/\/maranhaotv.com.br\/wp-content\/uploads\/2026\/04\/juscelino-scaled-1-1024x683.jpg","1536x1536":"https:\/\/maranhaotv.com.br\/wp-content\/uploads\/2026\/04\/juscelino-scaled-1-1536x1025.jpg","2048x2048":"https:\/\/maranhaotv.com.br\/wp-content\/uploads\/2026\/04\/juscelino-scaled-1-2048x1366.jpg","colormag-highlighted-post":"https:\/\/maranhaotv.com.br\/wp-content\/uploads\/2026\/04\/juscelino-scaled-1-392x272.jpg","colormag-featured-post-medium":"https:\/\/maranhaotv.com.br\/wp-content\/uploads\/2026\/04\/juscelino-scaled-1-390x205.jpg","colormag-featured-post-small":"https:\/\/maranhaotv.com.br\/wp-content\/uploads\/2026\/04\/juscelino-scaled-1-130x90.jpg","colormag-featured-image":"https:\/\/maranhaotv.com.br\/wp-content\/uploads\/2026\/04\/juscelino-scaled-1-800x445.jpg","colormag-default-news":"https:\/\/maranhaotv.com.br\/wp-content\/uploads\/2026\/04\/juscelino-scaled-1-150x150.jpg","colormag-featured-image-large":"https:\/\/maranhaotv.com.br\/wp-content\/uploads\/2026\/04\/juscelino-scaled-1-1400x600.jpg"},"magazineBlocksPostAuthor":{"name":"maranhaotv","avatar":"https:\/\/secure.gravatar.com\/avatar\/8fadbca458d4cb68b1dd399ae9a40618d747bb1af65ac9fad21c89220a143eb4?s=96&d=mm&r=g"},"magazineBlocksPostCommentsNumber":false,"magazineBlocksPostExcerpt":"O prefeito de Vitorino Freire(MA), Fogoi\u00f3, de 61 anos, morreu ap\u00f3s sofrer um infarto, na noite desta segunda-feira (27), enquanto","magazineBlocksPostCategories":["Diversos"],"magazineBlocksPostViewCount":108,"magazineBlocksPostReadTime":1,"magazine_blocks_featured_image_url":{"full":["https:\/\/maranhaotv.com.br\/wp-content\/uploads\/2026\/04\/juscelino-scaled-1.jpg",2560,1708,false],"medium":["https:\/\/maranhaotv.com.br\/wp-content\/uploads\/2026\/04\/juscelino-scaled-1-300x200.jpg",300,200,true],"thumbnail":["https:\/\/maranhaotv.com.br\/wp-content\/uploads\/2026\/04\/juscelino-scaled-1-150x150.jpg",150,150,true]},"magazine_blocks_author":{"display_name":"maranhaotv","author_link":"https:\/\/maranhaotv.com.br\/index.php\/author\/maranhaotv\/"},"magazine_blocks_comment":0,"magazine_blocks_author_image":"https:\/\/secure.gravatar.com\/avatar\/8fadbca458d4cb68b1dd399ae9a40618d747bb1af65ac9fad21c89220a143eb4?s=96&d=mm&r=g","magazine_blocks_category":"<a href=\"#\" class=\"category-link category-link-1\">Diversos<\/a>","yoast_head":"<!-- This site is optimized with the Yoast SEO plugin v27.4 - https:\/\/yoast.com\/product\/yoast-seo-wordpress\/ -->\n<title>Prefeito de Vitorino Freire morre ap\u00f3s infartar durante evento - NOT\u00cdCIAS EM TEMPO REAL<\/title>\n<meta name=\"robots\" content=\"index, follow, max-snippet:-1, max-image-preview:large, max-video-preview:-1\" \/>\n<link rel=\"canonical\" href=\"https:\/\/maranhaotv.com.br\/index.php\/2026\/04\/27\/prefeito-de-vitorino-freire-morre-apos-infartar-durante-evento\/\" \/>\n<meta property=\"og:locale\" content=\"pt_BR\" \/>\n<meta property=\"og:type\" content=\"article\" \/>\n<meta property=\"og:title\" content=\"Prefeito de Vitorino Freire morre ap\u00f3s infartar durante evento - NOT\u00cdCIAS EM TEMPO REAL\" \/>\n<meta property=\"og:description\" content=\"O prefeito de Vitorino Freire(MA), Fogoi\u00f3, de 61 anos, morreu ap\u00f3s sofrer um infarto, na noite desta segunda-feira (27), enquanto\" \/>\n<meta property=\"og:url\" content=\"https:\/\/maranhaotv.com.br\/index.php\/2026\/04\/27\/prefeito-de-vitorino-freire-morre-apos-infartar-durante-evento\/\" \/>\n<meta property=\"og:site_name\" content=\"NOT\u00cdCIAS EM TEMPO REAL\" \/>\n<meta property=\"article:publisher\" content=\"https:\/\/www.facebook.com\/maiobaotv\" \/>\n<meta property=\"article:published_time\" content=\"2026-04-28T01:07:02+00:00\" \/>\n<meta property=\"article:modified_time\" content=\"2026-04-28T01:07:10+00:00\" \/>\n<meta property=\"og:image\" content=\"https:\/\/maranhaotv.com.br\/wp-content\/uploads\/2026\/04\/juscelino-scaled-1.jpg\" \/>\n\t<meta property=\"og:image:width\" content=\"2560\" \/>\n\t<meta property=\"og:image:height\" content=\"1708\" \/>\n\t<meta property=\"og:image:type\" content=\"image\/jpeg\" \/>\n<meta name=\"author\" content=\"maranhaotv\" \/>\n<meta name=\"twitter:card\" content=\"summary_large_image\" \/>\n<meta name=\"twitter:creator\" content=\"@sitemaranhaotv\" \/>\n<meta name=\"twitter:site\" content=\"@sitemaranhaotv\" \/>\n<meta name=\"twitter:label1\" content=\"Escrito por\" \/>\n\t<meta name=\"twitter:data1\" content=\"maranhaotv\" \/>\n<script type=\"application\/ld+json\" class=\"yoast-schema-graph\">{\"@context\":\"https:\\\/\\\/schema.org\",\"@graph\":[{\"@type\":\"Article\",\"@id\":\"https:\\\/\\\/maranhaotv.com.br\\\/index.php\\\/2026\\\/04\\\/27\\\/prefeito-de-vitorino-freire-morre-apos-infartar-durante-evento\\\/#article\",\"isPartOf\":{\"@id\":\"https:\\\/\\\/maranhaotv.com.br\\\/index.php\\\/2026\\\/04\\\/27\\\/prefeito-de-vitorino-freire-morre-apos-infartar-durante-evento\\\/\"},\"author\":{\"name\":\"maranhaotv\",\"@id\":\"https:\\\/\\\/maranhaotv.com.br\\\/#\\\/schema\\\/person\\\/3d54238e86b20bb5c89ab2fdb8f8829a\"},\"headline\":\"Prefeito de Vitorino Freire morre ap\u00f3s infartar durante evento\",\"datePublished\":\"2026-04-28T01:07:02+00:00\",\"dateModified\":\"2026-04-28T01:07:10+00:00\",\"mainEntityOfPage\":{\"@id\":\"https:\\\/\\\/maranhaotv.com.br\\\/index.php\\\/2026\\\/04\\\/27\\\/prefeito-de-vitorino-freire-morre-apos-infartar-durante-evento\\\/\"},\"wordCount\":81,\"publisher\":{\"@id\":\"https:\\\/\\\/maranhaotv.com.br\\\/#organization\"},\"image\":{\"@id\":\"https:\\\/\\\/maranhaotv.com.br\\\/index.php\\\/2026\\\/04\\\/27\\\/prefeito-de-vitorino-freire-morre-apos-infartar-durante-evento\\\/#primaryimage\"},\"thumbnailUrl\":\"https:\\\/\\\/maranhaotv.com.br\\\/wp-content\\\/uploads\\\/2026\\\/04\\\/juscelino-scaled-1.jpg\",\"articleSection\":[\"Diversos\"],\"inLanguage\":\"pt-BR\"},{\"@type\":\"WebPage\",\"@id\":\"https:\\\/\\\/maranhaotv.com.br\\\/index.php\\\/2026\\\/04\\\/27\\\/prefeito-de-vitorino-freire-morre-apos-infartar-durante-evento\\\/\",\"url\":\"https:\\\/\\\/maranhaotv.com.br\\\/index.php\\\/2026\\\/04\\\/27\\\/prefeito-de-vitorino-freire-morre-apos-infartar-durante-evento\\\/\",\"name\":\"Prefeito de Vitorino Freire morre ap\u00f3s infartar durante evento - NOT\u00cdCIAS EM TEMPO REAL\",\"isPartOf\":{\"@id\":\"https:\\\/\\\/maranhaotv.com.br\\\/#website\"},\"primaryImageOfPage\":{\"@id\":\"https:\\\/\\\/maranhaotv.com.br\\\/index.php\\\/2026\\\/04\\\/27\\\/prefeito-de-vitorino-freire-morre-apos-infartar-durante-evento\\\/#primaryimage\"},\"image\":{\"@id\":\"https:\\\/\\\/maranhaotv.com.br\\\/index.php\\\/2026\\\/04\\\/27\\\/prefeito-de-vitorino-freire-morre-apos-infartar-durante-evento\\\/#primaryimage\"},\"thumbnailUrl\":\"https:\\\/\\\/maranhaotv.com.br\\\/wp-content\\\/uploads\\\/2026\\\/04\\\/juscelino-scaled-1.jpg\",\"datePublished\":\"2026-04-28T01:07:02+00:00\",\"dateModified\":\"2026-04-28T01:07:10+00:00\",\"breadcrumb\":{\"@id\":\"https:\\\/\\\/maranhaotv.com.br\\\/index.php\\\/2026\\\/04\\\/27\\\/prefeito-de-vitorino-freire-morre-apos-infartar-durante-evento\\\/#breadcrumb\"},\"inLanguage\":\"pt-BR\",\"potentialAction\":[{\"@type\":\"ReadAction\",\"target\":[\"https:\\\/\\\/maranhaotv.com.br\\\/index.php\\\/2026\\\/04\\\/27\\\/prefeito-de-vitorino-freire-morre-apos-infartar-durante-evento\\\/\"]}]},{\"@type\":\"ImageObject\",\"inLanguage\":\"pt-BR\",\"@id\":\"https:\\\/\\\/maranhaotv.com.br\\\/index.php\\\/2026\\\/04\\\/27\\\/prefeito-de-vitorino-freire-morre-apos-infartar-durante-evento\\\/#primaryimage\",\"url\":\"https:\\\/\\\/maranhaotv.com.br\\\/wp-content\\\/uploads\\\/2026\\\/04\\\/juscelino-scaled-1.jpg\",\"contentUrl\":\"https:\\\/\\\/maranhaotv.com.br\\\/wp-content\\\/uploads\\\/2026\\\/04\\\/juscelino-scaled-1.jpg\",\"width\":2560,\"height\":1708},{\"@type\":\"BreadcrumbList\",\"@id\":\"https:\\\/\\\/maranhaotv.com.br\\\/index.php\\\/2026\\\/04\\\/27\\\/prefeito-de-vitorino-freire-morre-apos-infartar-durante-evento\\\/#breadcrumb\",\"itemListElement\":[{\"@type\":\"ListItem\",\"position\":1,\"name\":\"In\u00edcio\",\"item\":\"https:\\\/\\\/maranhaotv.com.br\\\/\"},{\"@type\":\"ListItem\",\"position\":2,\"name\":\"Prefeito de Vitorino Freire morre ap\u00f3s infartar durante evento\"}]},{\"@type\":\"WebSite\",\"@id\":\"https:\\\/\\\/maranhaotv.com.br\\\/#website\",\"url\":\"https:\\\/\\\/maranhaotv.com.br\\\/\",\"name\":\"Maranh\u00e3oTV\",\"description\":\"\",\"publisher\":{\"@id\":\"https:\\\/\\\/maranhaotv.com.br\\\/#organization\"},\"potentialAction\":[{\"@type\":\"SearchAction\",\"target\":{\"@type\":\"EntryPoint\",\"urlTemplate\":\"https:\\\/\\\/maranhaotv.com.br\\\/?s={search_term_string}\"},\"query-input\":{\"@type\":\"PropertyValueSpecification\",\"valueRequired\":true,\"valueName\":\"search_term_string\"}}],\"inLanguage\":\"pt-BR\"},{\"@type\":\"Organization\",\"@id\":\"https:\\\/\\\/maranhaotv.com.br\\\/#organization\",\"name\":\"Portal de Not\u00edcias\",\"url\":\"https:\\\/\\\/maranhaotv.com.br\\\/\",\"logo\":{\"@type\":\"ImageObject\",\"inLanguage\":\"pt-BR\",\"@id\":\"https:\\\/\\\/maranhaotv.com.br\\\/#\\\/schema\\\/logo\\\/image\\\/\",\"url\":\"https:\\\/\\\/maranhaotv.com.br\\\/wp-content\\\/uploads\\\/2024\\\/05\\\/cropped-cropped-avatar-1.png\",\"contentUrl\":\"https:\\\/\\\/maranhaotv.com.br\\\/wp-content\\\/uploads\\\/2024\\\/05\\\/cropped-cropped-avatar-1.png\",\"width\":792,\"height\":428,\"caption\":\"Portal de Not\u00edcias\"},\"image\":{\"@id\":\"https:\\\/\\\/maranhaotv.com.br\\\/#\\\/schema\\\/logo\\\/image\\\/\"},\"sameAs\":[\"https:\\\/\\\/www.facebook.com\\\/maiobaotv\",\"https:\\\/\\\/x.com\\\/sitemaranhaotv\",\"https:\\\/\\\/www.instagram.com\\\/maranhao.tv\",\"https:\\\/\\\/www.threads.net\\\/@maranhao.tv\"]},{\"@type\":\"Person\",\"@id\":\"https:\\\/\\\/maranhaotv.com.br\\\/#\\\/schema\\\/person\\\/3d54238e86b20bb5c89ab2fdb8f8829a\",\"name\":\"maranhaotv\",\"image\":{\"@type\":\"ImageObject\",\"inLanguage\":\"pt-BR\",\"@id\":\"https:\\\/\\\/secure.gravatar.com\\\/avatar\\\/8fadbca458d4cb68b1dd399ae9a40618d747bb1af65ac9fad21c89220a143eb4?s=96&d=mm&r=g\",\"url\":\"https:\\\/\\\/secure.gravatar.com\\\/avatar\\\/8fadbca458d4cb68b1dd399ae9a40618d747bb1af65ac9fad21c89220a143eb4?s=96&d=mm&r=g\",\"contentUrl\":\"https:\\\/\\\/secure.gravatar.com\\\/avatar\\\/8fadbca458d4cb68b1dd399ae9a40618d747bb1af65ac9fad21c89220a143eb4?s=96&d=mm&r=g\",\"caption\":\"maranhaotv\"},\"sameAs\":[\"https:\\\/\\\/maranhaotv.com.br\\\/\"],\"url\":\"https:\\\/\\\/maranhaotv.com.br\\\/index.php\\\/author\\\/maranhaotv\\\/\"}]}<\/script>\n<!-- \/ Yoast SEO plugin. -->","yoast_head_json":{"title":"Prefeito de Vitorino Freire morre ap\u00f3s infartar durante evento - NOT\u00cdCIAS EM TEMPO REAL","robots":{"index":"index","follow":"follow","max-snippet":"max-snippet:-1","max-image-preview":"max-image-preview:large","max-video-preview":"max-video-preview:-1"},"canonical":"https:\/\/maranhaotv.com.br\/index.php\/2026\/04\/27\/prefeito-de-vitorino-freire-morre-apos-infartar-durante-evento\/","og_locale":"pt_BR","og_type":"article","og_title":"Prefeito de Vitorino Freire morre ap\u00f3s infartar durante evento - NOT\u00cdCIAS EM TEMPO REAL","og_description":"O prefeito de Vitorino Freire(MA), Fogoi\u00f3, de 61 anos, morreu ap\u00f3s sofrer um infarto, na noite desta segunda-feira (27), enquanto","og_url":"https:\/\/maranhaotv.com.br\/index.php\/2026\/04\/27\/prefeito-de-vitorino-freire-morre-apos-infartar-durante-evento\/","og_site_name":"NOT\u00cdCIAS EM TEMPO REAL","article_publisher":"https:\/\/www.facebook.com\/maiobaotv","article_published_time":"2026-04-28T01:07:02+00:00","article_modified_time":"2026-04-28T01:07:10+00:00","og_image":[{"width":2560,"height":1708,"url":"https:\/\/maranhaotv.com.br\/wp-content\/uploads\/2026\/04\/juscelino-scaled-1.jpg","type":"image\/jpeg"}],"author":"maranhaotv","twitter_card":"summary_large_image","twitter_creator":"@sitemaranhaotv","twitter_site":"@sitemaranhaotv","twitter_misc":{"Escrito por":"maranhaotv"},"schema":{"@context":"https:\/\/schema.org","@graph":[{"@type":"Article","@id":"https:\/\/maranhaotv.com.br\/index.php\/2026\/04\/27\/prefeito-de-vitorino-freire-morre-apos-infartar-durante-evento\/#article","isPartOf":{"@id":"https:\/\/maranhaotv.com.br\/index.php\/2026\/04\/27\/prefeito-de-vitorino-freire-morre-apos-infartar-durante-evento\/"},"author":{"name":"maranhaotv","@id":"https:\/\/maranhaotv.com.br\/#\/schema\/person\/3d54238e86b20bb5c89ab2fdb8f8829a"},"headline":"Prefeito de Vitorino Freire morre ap\u00f3s infartar durante evento","datePublished":"2026-04-28T01:07:02+00:00","dateModified":"2026-04-28T01:07:10+00:00","mainEntityOfPage":{"@id":"https:\/\/maranhaotv.com.br\/index.php\/2026\/04\/27\/prefeito-de-vitorino-freire-morre-apos-infartar-durante-evento\/"},"wordCount":81,"publisher":{"@id":"https:\/\/maranhaotv.com.br\/#organization"},"image":{"@id":"https:\/\/maranhaotv.com.br\/index.php\/2026\/04\/27\/prefeito-de-vitorino-freire-morre-apos-infartar-durante-evento\/#primaryimage"},"thumbnailUrl":"https:\/\/maranhaotv.com.br\/wp-content\/uploads\/2026\/04\/juscelino-scaled-1.jpg","articleSection":["Diversos"],"inLanguage":"pt-BR"},{"@type":"WebPage","@id":"https:\/\/maranhaotv.com.br\/index.php\/2026\/04\/27\/prefeito-de-vitorino-freire-morre-apos-infartar-durante-evento\/","url":"https:\/\/maranhaotv.com.br\/index.php\/2026\/04\/27\/prefeito-de-vitorino-freire-morre-apos-infartar-durante-evento\/","name":"Prefeito de Vitorino Freire morre ap\u00f3s infartar durante evento - NOT\u00cdCIAS EM TEMPO REAL","isPartOf":{"@id":"https:\/\/maranhaotv.com.br\/#website"},"primaryImageOfPage":{"@id":"https:\/\/maranhaotv.com.br\/index.php\/2026\/04\/27\/prefeito-de-vitorino-freire-morre-apos-infartar-durante-evento\/#primaryimage"},"image":{"@id":"https:\/\/maranhaotv.com.br\/index.php\/2026\/04\/27\/prefeito-de-vitorino-freire-morre-apos-infartar-durante-evento\/#primaryimage"},"thumbnailUrl":"https:\/\/maranhaotv.com.br\/wp-content\/uploads\/2026\/04\/juscelino-scaled-1.jpg","datePublished":"2026-04-28T01:07:02+00:00","dateModified":"2026-04-28T01:07:10+00:00","breadcrumb":{"@id":"https:\/\/maranhaotv.com.br\/index.php\/2026\/04\/27\/prefeito-de-vitorino-freire-morre-apos-infartar-durante-evento\/#breadcrumb"},"inLanguage":"pt-BR","potentialAction":[{"@type":"ReadAction","target":["https:\/\/maranhaotv.com.br\/index.php\/2026\/04\/27\/prefeito-de-vitorino-freire-morre-apos-infartar-durante-evento\/"]}]},{"@type":"ImageObject","inLanguage":"pt-BR","@id":"https:\/\/maranhaotv.com.br\/index.php\/2026\/04\/27\/prefeito-de-vitorino-freire-morre-apos-infartar-durante-evento\/#primaryimage","url":"https:\/\/maranhaotv.com.br\/wp-content\/uploads\/2026\/04\/juscelino-scaled-1.jpg","contentUrl":"https:\/\/maranhaotv.com.br\/wp-content\/uploads\/2026\/04\/juscelino-scaled-1.jpg","width":2560,"height":1708},{"@type":"BreadcrumbList","@id":"https:\/\/maranhaotv.com.br\/index.php\/2026\/04\/27\/prefeito-de-vitorino-freire-morre-apos-infartar-durante-evento\/#breadcrumb","itemListElement":[{"@type":"ListItem","position":1,"name":"In\u00edcio","item":"https:\/\/maranhaotv.com.br\/"},{"@type":"ListItem","position":2,"name":"Prefeito de Vitorino Freire morre ap\u00f3s infartar durante evento"}]},{"@type":"WebSite","@id":"https:\/\/maranhaotv.com.br\/#website","url":"https:\/\/maranhaotv.com.br\/","name":"Maranh\u00e3oTV","description":"","publisher":{"@id":"https:\/\/maranhaotv.com.br\/#organization"},"potentialAction":[{"@type":"SearchAction","target":{"@type":"EntryPoint","urlTemplate":"https:\/\/maranhaotv.com.br\/?s={search_term_string}"},"query-input":{"@type":"PropertyValueSpecification","valueRequired":true,"valueName":"search_term_string"}}],"inLanguage":"pt-BR"},{"@type":"Organization","@id":"https:\/\/maranhaotv.com.br\/#organization","name":"Portal de Not\u00edcias","url":"https:\/\/maranhaotv.com.br\/","logo":{"@type":"ImageObject","inLanguage":"pt-BR","@id":"https:\/\/maranhaotv.com.br\/#\/schema\/logo\/image\/","url":"https:\/\/maranhaotv.com.br\/wp-content\/uploads\/2024\/05\/cropped-cropped-avatar-1.png","contentUrl":"https:\/\/maranhaotv.com.br\/wp-content\/uploads\/2024\/05\/cropped-cropped-avatar-1.png","width":792,"height":428,"caption":"Portal de Not\u00edcias"},"image":{"@id":"https:\/\/maranhaotv.com.br\/#\/schema\/logo\/image\/"},"sameAs":["https:\/\/www.facebook.com\/maiobaotv","https:\/\/x.com\/sitemaranhaotv","https:\/\/www.instagram.com\/maranhao.tv","https:\/\/www.threads.net\/@maranhao.tv"]},{"@type":"Person","@id":"https:\/\/maranhaotv.com.br\/#\/schema\/person\/3d54238e86b20bb5c89ab2fdb8f8829a","name":"maranhaotv","image":{"@type":"ImageObject","inLanguage":"pt-BR","@id":"https:\/\/secure.gravatar.com\/avatar\/8fadbca458d4cb68b1dd399ae9a40618d747bb1af65ac9fad21c89220a143eb4?s=96&d=mm&r=g","url":"https:\/\/secure.gravatar.com\/avatar\/8fadbca458d4cb68b1dd399ae9a40618d747bb1af65ac9fad21c89220a143eb4?s=96&d=mm&r=g","contentUrl":"https:\/\/secure.gravatar.com\/avatar\/8fadbca458d4cb68b1dd399ae9a40618d747bb1af65ac9fad21c89220a143eb4?s=96&d=mm&r=g","caption":"maranhaotv"},"sameAs":["https:\/\/maranhaotv.com.br\/"],"url":"https:\/\/maranhaotv.com.br\/index.php\/author\/maranhaotv\/"}]}},"jetpack_featured_media_url":"https:\/\/maranhaotv.com.br\/wp-content\/uploads\/2026\/04\/juscelino-scaled-1.jpg","jetpack_sharing_enabled":true,"_links":{"self":[{"href":"https:\/\/maranhaotv.com.br\/index.php\/wp-json\/wp\/v2\/posts\/46157","targetHints":{"allow":["GET"]}}],"collection":[{"href":"https:\/\/maranhaotv.com.br\/index.php\/wp-json\/wp\/v2\/posts"}],"about":[{"href":"https:\/\/maranhaotv.com.br\/index.php\/wp-json\/wp\/v2\/types\/post"}],"author":[{"embeddable":true,"href":"https:\/\/maranhaotv.com.br\/index.php\/wp-json\/wp\/v2\/users\/2"}],"replies":[{"embeddable":true,"href":"https:\/\/maranhaotv.com.br\/index.php\/wp-json\/wp\/v2\/comments?post=46157"}],"version-history":[{"count":1,"href":"https:\/\/maranhaotv.com.br\/index.php\/wp-json\/wp\/v2\/posts\/46157\/revisions"}],"predecessor-version":[{"id":46158,"href":"https:\/\/maranhaotv.com.br\/index.php\/wp-json\/wp\/v2\/posts\/46157\/revisions\/46158"}],"wp:featuredmedia":[{"embeddable":true,"href":"https:\/\/maranhaotv.com.br\/index.php\/wp-json\/wp\/v2\/media\/46156"}],"wp:attachment":[{"href":"https:\/\/maranhaotv.com.br\/index.php\/wp-json\/wp\/v2\/media?parent=46157"}],"wp:term":[{"taxonomy":"category","embeddable":true,"href":"https:\/\/maranhaotv.com.br\/index.php\/wp-json\/wp\/v2\/categories?post=46157"},{"taxonomy":"post_tag","embeddable":true,"href":"https:\/\/maranhaotv.com.br\/index.php\/wp-json\/wp\/v2\/tags?post=46157"}],"curies":[{"name":"wp","href":"https:\/\/api.w.org\/{rel}","templated":true}]}}