{"id":46163,"date":"2026-04-29T09:38:02","date_gmt":"2026-04-29T12:38:02","guid":{"rendered":"https:\/\/maranhaotv.com.br\/?p=46163"},"modified":"2026-04-29T09:38:04","modified_gmt":"2026-04-29T12:38:04","slug":"michelle-sela-a-paz-com-flavio-bolsonaro-e-deve-fazer-gesto-publico-de-apoio","status":"publish","type":"post","link":"https:\/\/maranhaotv.com.br\/index.php\/2026\/04\/29\/michelle-sela-a-paz-com-flavio-bolsonaro-e-deve-fazer-gesto-publico-de-apoio\/","title":{"rendered":"Michelle sela a paz com Fl\u00e1vio Bolsonaro e deve fazer gesto p\u00fablico de apoio"},"content":{"rendered":"\n<p><\/p>\n\n\n\n<p>Depois de um esfor\u00e7o de meses dos aliados do senador\u00a0Fl\u00e1vio Bolsonaro\u00a0(PL-RJ) nos bastidores, a ex-primeira-dama\u00a0Michelle Bolsonaro\u00a0aceitou fazer as pazes com o enteado. De acordo com fontes ligadas aos dois, Michelle far\u00e1 um \u201cgesto de pacifica\u00e7\u00e3o\u201d, manifestando apoio p\u00fablico \u00e0 candidatura de Fl\u00e1vio a presidente em suas redes sociais.<\/p>\n\n\n\n<p>Michelle vinha se recusando a declarar apoio ao filho \u201czero um\u201d de&nbsp;Jair Bolsonaro&nbsp;e isso preocupava aliados de Fl\u00e1vio, que apostam na madrasta para vencer a resist\u00eancia no eleitorado feminino, em que o senador aparece em desvantagem em rela\u00e7\u00e3o ao presidente&nbsp;Lula&nbsp;nas mais recentes pesquisas de inten\u00e7\u00e3o de voto.<\/p>\n\n\n\n<p>\u201cDeu muito trabalho, mas ela finalmente aceitou que ningu\u00e9m tem nada a ganhar com essa briga\u201d, diz um aliado de Michelle e de Fl\u00e1vio que se empenhou na pacifica\u00e7\u00e3o.<\/p>\n\n\n\n<p>Michelle estava rompida com Fl\u00e1vio desde novembro do ano passado, quando criticou publicamente a alian\u00e7a do bolsonarismo com&nbsp;Ciro Gomes&nbsp;(PSDB) no Cear\u00e1, articulada pelo deputado federal Andr\u00e9 Fernandes (PL-CE). Ao participar do lan\u00e7amento da pr\u00e9-candidatura ao governo do senador&nbsp;Eduardo Gir\u00e3o&nbsp;(Novo), ela chamou a articula\u00e7\u00e3o com o tucano de precipitada, causando mal estar no partido.<\/p>\n\n\n\n<p>Depois disso, Fl\u00e1vio desautorizou Michelle publicamente, dizendo que a madrasta foi \u201cautorit\u00e1ria\u201d e \u201catropelou o pr\u00f3prio presidente Bolsonaro\u201d, que tinha autorizado o movimento do deputado.<\/p>\n\n\n\n<p>Fl\u00e1vio se desculpou depois com a madrasta, mas em privado. Ela queria desculpas p\u00fablicas, mas ele n\u00e3o topou, e o impasse vinha perdurando at\u00e9 agora.<\/p>\n\n\n\n<p>Por isso, embora tenha concordado em fazer uma manifesta\u00e7\u00e3o p\u00fablica de apoio, ela ainda n\u00e3o garantiu que v\u00e1 se engajar no dia-a-dia da campanha, pelo menos por enquanto.<\/p>\n\n\n\n<p>Al\u00e9m de ainda estar magoada com Fl\u00e1vio, a ex-primeira dama ainda tem se ocupado com os cuidados de sa\u00fade do marido, Jair Bolsonaro, uma vez que o ministro&nbsp;Alexandre de Moraes, do STF, n\u00e3o autorizou a atua\u00e7\u00e3o de um cuidador. O ex-presidente toma medica\u00e7\u00f5es seis vezes por dia e ainda precisa ter as roupas e o banheiro de casa esterilizados para afastar o risco de infec\u00e7\u00f5es.<\/p>\n\n\n\n<p>\u201cMichelle est\u00e1 exausta e se acontecer algo com Bolsonaro, os filhos v\u00e3o tentar jogar a culpa nela\u201d, afirmou ao blog um aliado da ex-primeira-dama.<\/p>\n\n\n\n<p>Caso consiga autoriza\u00e7\u00e3o para ter ajuda no cuidado de Bolsonaro, Michelle poder\u00e1 cuidar da pr\u00f3pria campanha ao Senado pelo Distrito Federal, onde \u00e9 dada como certa a sua vit\u00f3ria para uma das duas vagas que est\u00e3o em disputa, e a\u00ed ent\u00e3o participaria de eventos com Fl\u00e1vio.<\/p>\n\n\n\n<p><strong>M\u00e1goas<\/strong><\/p>\n\n\n\n<p>A pacifica\u00e7\u00e3o com Michelle faz parte de uma estrat\u00e9gia dos articuladores pr\u00f3ximos de Fl\u00e1vio para vencer resist\u00eancia dentro do pr\u00f3prio bolsonarismo. Al\u00e9m da ex-primeira-dama, o governador de S\u00e3o Paulo,&nbsp;Tarc\u00edsio de Freitas, tamb\u00e9m foi alvo de um esfor\u00e7o concentrado de alguns aliados.<\/p>\n\n\n\n<p>Nos dois casos, h\u00e1 muita m\u00e1goa tamb\u00e9m com os outros filhos de Jair Bolsonaro, como Eduardo, que fez ataques a Tarc\u00edsio nas redes sociais em v\u00e1rios momentos, classificando o governador como advers\u00e1rio que tentava minar a for\u00e7a do cl\u00e3.<\/p>\n\n\n\n<p>H\u00e1 ainda o fato de que Tarc\u00edsio foi cogitado dentro e fora do bolsonarismo como candidato \u00e0 presidente, pretens\u00e3o que Jair Bolsonaro n\u00e3o avalizou. Em outubro, ele vai disputar a reelei\u00e7\u00e3o para o Pal\u00e1cio dos Bandeirantes.<\/p>\n\n\n\n<p>Numa eventual candidatura do governador paulista, Michelle seria candidata \u00e0 vice. De acordo com uma influente lideran\u00e7a evang\u00e9lica que acompanhou o processo de perto e pediu para n\u00e3o ser identificada, Michelle tem \u201cm\u00e1goa por n\u00e3o ter sido escolhida vice\u201d.<\/p>\n\n\n\n<p>\u201cA rela\u00e7\u00e3o de Michelle com os filhos sempre foi dif\u00edcil. Eles se odeiam. \u00c9 a disputa pelo esp\u00f3lio pol\u00edtico de algu\u00e9m que ainda n\u00e3o morreu\u201d, resumiu um integrante da tropa de choque bolsonarista no Congresso.<\/p>\n\n\n\n<p>Por enquanto, pelo menos, a madrasta e os enteados fizeram uma tr\u00e9gua em nome do projeto eleitoral. Se essa paz vai ser duradoura, s\u00f3 o tempo vai dizer.<\/p>\n","protected":false},"excerpt":{"rendered":"<p>Depois de um esfor\u00e7o de meses dos aliados do senador\u00a0Fl\u00e1vio Bolsonaro\u00a0(PL-RJ) nos bastidores, a ex-primeira-dama\u00a0Michelle Bolsonaro\u00a0aceitou fazer as pazes com<\/p>\n","protected":false},"author":2,"featured_media":46164,"comment_status":"closed","ping_status":"closed","sticky":false,"template":"","format":"standard","meta":{"colormag_page_container_layout":"default_layout","colormag_page_sidebar_layout":"default_layout","_jetpack_memberships_contains_paid_content":false,"footnotes":""},"categories":[1],"tags":[],"class_list":["post-46163","post","type-post","status-publish","format-standard","has-post-thumbnail","hentry","category-sem-categoria"],"magazineBlocksPostFeaturedMedia":{"thumbnail":"https:\/\/maranhaotv.com.br\/wp-content\/uploads\/2026\/04\/17639763071788340009506629282616-1-1024x613-1-150x150.jpg","medium":"https:\/\/maranhaotv.com.br\/wp-content\/uploads\/2026\/04\/17639763071788340009506629282616-1-1024x613-1-300x180.jpg","medium_large":"https:\/\/maranhaotv.com.br\/wp-content\/uploads\/2026\/04\/17639763071788340009506629282616-1-1024x613-1-768x460.jpg","large":"https:\/\/maranhaotv.com.br\/wp-content\/uploads\/2026\/04\/17639763071788340009506629282616-1-1024x613-1.jpg","1536x1536":"https:\/\/maranhaotv.com.br\/wp-content\/uploads\/2026\/04\/17639763071788340009506629282616-1-1024x613-1.jpg","2048x2048":"https:\/\/maranhaotv.com.br\/wp-content\/uploads\/2026\/04\/17639763071788340009506629282616-1-1024x613-1.jpg","colormag-highlighted-post":"https:\/\/maranhaotv.com.br\/wp-content\/uploads\/2026\/04\/17639763071788340009506629282616-1-1024x613-1-392x272.jpg","colormag-featured-post-medium":"https:\/\/maranhaotv.com.br\/wp-content\/uploads\/2026\/04\/17639763071788340009506629282616-1-1024x613-1-390x205.jpg","colormag-featured-post-small":"https:\/\/maranhaotv.com.br\/wp-content\/uploads\/2026\/04\/17639763071788340009506629282616-1-1024x613-1-130x90.jpg","colormag-featured-image":"https:\/\/maranhaotv.com.br\/wp-content\/uploads\/2026\/04\/17639763071788340009506629282616-1-1024x613-1-800x445.jpg","colormag-default-news":"https:\/\/maranhaotv.com.br\/wp-content\/uploads\/2026\/04\/17639763071788340009506629282616-1-1024x613-1-150x150.jpg","colormag-featured-image-large":"https:\/\/maranhaotv.com.br\/wp-content\/uploads\/2026\/04\/17639763071788340009506629282616-1-1024x613-1-1024x600.jpg"},"magazineBlocksPostAuthor":{"name":"maranhaotv","avatar":"https:\/\/secure.gravatar.com\/avatar\/8fadbca458d4cb68b1dd399ae9a40618d747bb1af65ac9fad21c89220a143eb4?s=96&d=mm&r=g"},"magazineBlocksPostCommentsNumber":false,"magazineBlocksPostExcerpt":"Depois de um esfor\u00e7o de meses dos aliados do senador\u00a0Fl\u00e1vio Bolsonaro\u00a0(PL-RJ) nos bastidores, a ex-primeira-dama\u00a0Michelle Bolsonaro\u00a0aceitou fazer as pazes com","magazineBlocksPostCategories":["Diversos"],"magazineBlocksPostViewCount":33,"magazineBlocksPostReadTime":4,"magazine_blocks_featured_image_url":{"full":["https:\/\/maranhaotv.com.br\/wp-content\/uploads\/2026\/04\/17639763071788340009506629282616-1-1024x613-1.jpg",1024,613,false],"medium":["https:\/\/maranhaotv.com.br\/wp-content\/uploads\/2026\/04\/17639763071788340009506629282616-1-1024x613-1-300x180.jpg",300,180,true],"thumbnail":["https:\/\/maranhaotv.com.br\/wp-content\/uploads\/2026\/04\/17639763071788340009506629282616-1-1024x613-1-150x150.jpg",150,150,true]},"magazine_blocks_author":{"display_name":"maranhaotv","author_link":"https:\/\/maranhaotv.com.br\/index.php\/author\/maranhaotv\/"},"magazine_blocks_comment":0,"magazine_blocks_author_image":"https:\/\/secure.gravatar.com\/avatar\/8fadbca458d4cb68b1dd399ae9a40618d747bb1af65ac9fad21c89220a143eb4?s=96&d=mm&r=g","magazine_blocks_category":"<a href=\"#\" class=\"category-link category-link-1\">Diversos<\/a>","yoast_head":"<!-- This site is optimized with the Yoast SEO plugin v27.4 - https:\/\/yoast.com\/product\/yoast-seo-wordpress\/ -->\n<title>Michelle sela a paz com Fl\u00e1vio Bolsonaro e deve fazer gesto p\u00fablico de apoio - NOT\u00cdCIAS EM TEMPO REAL<\/title>\n<meta name=\"robots\" content=\"index, follow, max-snippet:-1, max-image-preview:large, max-video-preview:-1\" \/>\n<link rel=\"canonical\" href=\"https:\/\/maranhaotv.com.br\/index.php\/2026\/04\/29\/michelle-sela-a-paz-com-flavio-bolsonaro-e-deve-fazer-gesto-publico-de-apoio\/\" \/>\n<meta property=\"og:locale\" content=\"pt_BR\" \/>\n<meta property=\"og:type\" content=\"article\" \/>\n<meta property=\"og:title\" content=\"Michelle sela a paz com Fl\u00e1vio Bolsonaro e deve fazer gesto p\u00fablico de apoio - NOT\u00cdCIAS EM TEMPO REAL\" \/>\n<meta property=\"og:description\" content=\"Depois de um esfor\u00e7o de meses dos aliados do senador\u00a0Fl\u00e1vio Bolsonaro\u00a0(PL-RJ) nos bastidores, a ex-primeira-dama\u00a0Michelle Bolsonaro\u00a0aceitou fazer as pazes com\" \/>\n<meta property=\"og:url\" content=\"https:\/\/maranhaotv.com.br\/index.php\/2026\/04\/29\/michelle-sela-a-paz-com-flavio-bolsonaro-e-deve-fazer-gesto-publico-de-apoio\/\" \/>\n<meta property=\"og:site_name\" content=\"NOT\u00cdCIAS EM TEMPO REAL\" \/>\n<meta property=\"article:publisher\" content=\"https:\/\/www.facebook.com\/maiobaotv\" \/>\n<meta property=\"article:published_time\" content=\"2026-04-29T12:38:02+00:00\" \/>\n<meta property=\"article:modified_time\" content=\"2026-04-29T12:38:04+00:00\" \/>\n<meta property=\"og:image\" content=\"https:\/\/maranhaotv.com.br\/wp-content\/uploads\/2026\/04\/17639763071788340009506629282616-1-1024x613-1.jpg\" \/>\n\t<meta property=\"og:image:width\" content=\"1024\" \/>\n\t<meta property=\"og:image:height\" content=\"613\" \/>\n\t<meta property=\"og:image:type\" content=\"image\/jpeg\" \/>\n<meta name=\"author\" content=\"maranhaotv\" \/>\n<meta name=\"twitter:card\" content=\"summary_large_image\" \/>\n<meta name=\"twitter:creator\" content=\"@sitemaranhaotv\" \/>\n<meta name=\"twitter:site\" content=\"@sitemaranhaotv\" \/>\n<meta name=\"twitter:label1\" content=\"Escrito por\" \/>\n\t<meta name=\"twitter:data1\" content=\"maranhaotv\" \/>\n\t<meta name=\"twitter:label2\" content=\"Est. tempo de leitura\" \/>\n\t<meta name=\"twitter:data2\" content=\"4 minutos\" \/>\n<script type=\"application\/ld+json\" class=\"yoast-schema-graph\">{\"@context\":\"https:\\\/\\\/schema.org\",\"@graph\":[{\"@type\":\"Article\",\"@id\":\"https:\\\/\\\/maranhaotv.com.br\\\/index.php\\\/2026\\\/04\\\/29\\\/michelle-sela-a-paz-com-flavio-bolsonaro-e-deve-fazer-gesto-publico-de-apoio\\\/#article\",\"isPartOf\":{\"@id\":\"https:\\\/\\\/maranhaotv.com.br\\\/index.php\\\/2026\\\/04\\\/29\\\/michelle-sela-a-paz-com-flavio-bolsonaro-e-deve-fazer-gesto-publico-de-apoio\\\/\"},\"author\":{\"name\":\"maranhaotv\",\"@id\":\"https:\\\/\\\/maranhaotv.com.br\\\/#\\\/schema\\\/person\\\/3d54238e86b20bb5c89ab2fdb8f8829a\"},\"headline\":\"Michelle sela a paz com Fl\u00e1vio Bolsonaro e deve fazer gesto p\u00fablico de apoio\",\"datePublished\":\"2026-04-29T12:38:02+00:00\",\"dateModified\":\"2026-04-29T12:38:04+00:00\",\"mainEntityOfPage\":{\"@id\":\"https:\\\/\\\/maranhaotv.com.br\\\/index.php\\\/2026\\\/04\\\/29\\\/michelle-sela-a-paz-com-flavio-bolsonaro-e-deve-fazer-gesto-publico-de-apoio\\\/\"},\"wordCount\":720,\"publisher\":{\"@id\":\"https:\\\/\\\/maranhaotv.com.br\\\/#organization\"},\"image\":{\"@id\":\"https:\\\/\\\/maranhaotv.com.br\\\/index.php\\\/2026\\\/04\\\/29\\\/michelle-sela-a-paz-com-flavio-bolsonaro-e-deve-fazer-gesto-publico-de-apoio\\\/#primaryimage\"},\"thumbnailUrl\":\"https:\\\/\\\/maranhaotv.com.br\\\/wp-content\\\/uploads\\\/2026\\\/04\\\/17639763071788340009506629282616-1-1024x613-1.jpg\",\"articleSection\":[\"Diversos\"],\"inLanguage\":\"pt-BR\"},{\"@type\":\"WebPage\",\"@id\":\"https:\\\/\\\/maranhaotv.com.br\\\/index.php\\\/2026\\\/04\\\/29\\\/michelle-sela-a-paz-com-flavio-bolsonaro-e-deve-fazer-gesto-publico-de-apoio\\\/\",\"url\":\"https:\\\/\\\/maranhaotv.com.br\\\/index.php\\\/2026\\\/04\\\/29\\\/michelle-sela-a-paz-com-flavio-bolsonaro-e-deve-fazer-gesto-publico-de-apoio\\\/\",\"name\":\"Michelle sela a paz com Fl\u00e1vio Bolsonaro e deve fazer gesto p\u00fablico de apoio - NOT\u00cdCIAS EM TEMPO REAL\",\"isPartOf\":{\"@id\":\"https:\\\/\\\/maranhaotv.com.br\\\/#website\"},\"primaryImageOfPage\":{\"@id\":\"https:\\\/\\\/maranhaotv.com.br\\\/index.php\\\/2026\\\/04\\\/29\\\/michelle-sela-a-paz-com-flavio-bolsonaro-e-deve-fazer-gesto-publico-de-apoio\\\/#primaryimage\"},\"image\":{\"@id\":\"https:\\\/\\\/maranhaotv.com.br\\\/index.php\\\/2026\\\/04\\\/29\\\/michelle-sela-a-paz-com-flavio-bolsonaro-e-deve-fazer-gesto-publico-de-apoio\\\/#primaryimage\"},\"thumbnailUrl\":\"https:\\\/\\\/maranhaotv.com.br\\\/wp-content\\\/uploads\\\/2026\\\/04\\\/17639763071788340009506629282616-1-1024x613-1.jpg\",\"datePublished\":\"2026-04-29T12:38:02+00:00\",\"dateModified\":\"2026-04-29T12:38:04+00:00\",\"breadcrumb\":{\"@id\":\"https:\\\/\\\/maranhaotv.com.br\\\/index.php\\\/2026\\\/04\\\/29\\\/michelle-sela-a-paz-com-flavio-bolsonaro-e-deve-fazer-gesto-publico-de-apoio\\\/#breadcrumb\"},\"inLanguage\":\"pt-BR\",\"potentialAction\":[{\"@type\":\"ReadAction\",\"target\":[\"https:\\\/\\\/maranhaotv.com.br\\\/index.php\\\/2026\\\/04\\\/29\\\/michelle-sela-a-paz-com-flavio-bolsonaro-e-deve-fazer-gesto-publico-de-apoio\\\/\"]}]},{\"@type\":\"ImageObject\",\"inLanguage\":\"pt-BR\",\"@id\":\"https:\\\/\\\/maranhaotv.com.br\\\/index.php\\\/2026\\\/04\\\/29\\\/michelle-sela-a-paz-com-flavio-bolsonaro-e-deve-fazer-gesto-publico-de-apoio\\\/#primaryimage\",\"url\":\"https:\\\/\\\/maranhaotv.com.br\\\/wp-content\\\/uploads\\\/2026\\\/04\\\/17639763071788340009506629282616-1-1024x613-1.jpg\",\"contentUrl\":\"https:\\\/\\\/maranhaotv.com.br\\\/wp-content\\\/uploads\\\/2026\\\/04\\\/17639763071788340009506629282616-1-1024x613-1.jpg\",\"width\":1024,\"height\":613},{\"@type\":\"BreadcrumbList\",\"@id\":\"https:\\\/\\\/maranhaotv.com.br\\\/index.php\\\/2026\\\/04\\\/29\\\/michelle-sela-a-paz-com-flavio-bolsonaro-e-deve-fazer-gesto-publico-de-apoio\\\/#breadcrumb\",\"itemListElement\":[{\"@type\":\"ListItem\",\"position\":1,\"name\":\"In\u00edcio\",\"item\":\"https:\\\/\\\/maranhaotv.com.br\\\/\"},{\"@type\":\"ListItem\",\"position\":2,\"name\":\"Michelle sela a paz com Fl\u00e1vio Bolsonaro e deve fazer gesto p\u00fablico de apoio\"}]},{\"@type\":\"WebSite\",\"@id\":\"https:\\\/\\\/maranhaotv.com.br\\\/#website\",\"url\":\"https:\\\/\\\/maranhaotv.com.br\\\/\",\"name\":\"Maranh\u00e3oTV\",\"description\":\"\",\"publisher\":{\"@id\":\"https:\\\/\\\/maranhaotv.com.br\\\/#organization\"},\"potentialAction\":[{\"@type\":\"SearchAction\",\"target\":{\"@type\":\"EntryPoint\",\"urlTemplate\":\"https:\\\/\\\/maranhaotv.com.br\\\/?s={search_term_string}\"},\"query-input\":{\"@type\":\"PropertyValueSpecification\",\"valueRequired\":true,\"valueName\":\"search_term_string\"}}],\"inLanguage\":\"pt-BR\"},{\"@type\":\"Organization\",\"@id\":\"https:\\\/\\\/maranhaotv.com.br\\\/#organization\",\"name\":\"Portal de Not\u00edcias\",\"url\":\"https:\\\/\\\/maranhaotv.com.br\\\/\",\"logo\":{\"@type\":\"ImageObject\",\"inLanguage\":\"pt-BR\",\"@id\":\"https:\\\/\\\/maranhaotv.com.br\\\/#\\\/schema\\\/logo\\\/image\\\/\",\"url\":\"https:\\\/\\\/maranhaotv.com.br\\\/wp-content\\\/uploads\\\/2024\\\/05\\\/cropped-cropped-avatar-1.png\",\"contentUrl\":\"https:\\\/\\\/maranhaotv.com.br\\\/wp-content\\\/uploads\\\/2024\\\/05\\\/cropped-cropped-avatar-1.png\",\"width\":792,\"height\":428,\"caption\":\"Portal de Not\u00edcias\"},\"image\":{\"@id\":\"https:\\\/\\\/maranhaotv.com.br\\\/#\\\/schema\\\/logo\\\/image\\\/\"},\"sameAs\":[\"https:\\\/\\\/www.facebook.com\\\/maiobaotv\",\"https:\\\/\\\/x.com\\\/sitemaranhaotv\",\"https:\\\/\\\/www.instagram.com\\\/maranhao.tv\",\"https:\\\/\\\/www.threads.net\\\/@maranhao.tv\"]},{\"@type\":\"Person\",\"@id\":\"https:\\\/\\\/maranhaotv.com.br\\\/#\\\/schema\\\/person\\\/3d54238e86b20bb5c89ab2fdb8f8829a\",\"name\":\"maranhaotv\",\"image\":{\"@type\":\"ImageObject\",\"inLanguage\":\"pt-BR\",\"@id\":\"https:\\\/\\\/secure.gravatar.com\\\/avatar\\\/8fadbca458d4cb68b1dd399ae9a40618d747bb1af65ac9fad21c89220a143eb4?s=96&d=mm&r=g\",\"url\":\"https:\\\/\\\/secure.gravatar.com\\\/avatar\\\/8fadbca458d4cb68b1dd399ae9a40618d747bb1af65ac9fad21c89220a143eb4?s=96&d=mm&r=g\",\"contentUrl\":\"https:\\\/\\\/secure.gravatar.com\\\/avatar\\\/8fadbca458d4cb68b1dd399ae9a40618d747bb1af65ac9fad21c89220a143eb4?s=96&d=mm&r=g\",\"caption\":\"maranhaotv\"},\"sameAs\":[\"https:\\\/\\\/maranhaotv.com.br\\\/\"],\"url\":\"https:\\\/\\\/maranhaotv.com.br\\\/index.php\\\/author\\\/maranhaotv\\\/\"}]}<\/script>\n<!-- \/ Yoast SEO plugin. -->","yoast_head_json":{"title":"Michelle sela a paz com Fl\u00e1vio Bolsonaro e deve fazer gesto p\u00fablico de apoio - NOT\u00cdCIAS EM TEMPO REAL","robots":{"index":"index","follow":"follow","max-snippet":"max-snippet:-1","max-image-preview":"max-image-preview:large","max-video-preview":"max-video-preview:-1"},"canonical":"https:\/\/maranhaotv.com.br\/index.php\/2026\/04\/29\/michelle-sela-a-paz-com-flavio-bolsonaro-e-deve-fazer-gesto-publico-de-apoio\/","og_locale":"pt_BR","og_type":"article","og_title":"Michelle sela a paz com Fl\u00e1vio Bolsonaro e deve fazer gesto p\u00fablico de apoio - NOT\u00cdCIAS EM TEMPO REAL","og_description":"Depois de um esfor\u00e7o de meses dos aliados do senador\u00a0Fl\u00e1vio Bolsonaro\u00a0(PL-RJ) nos bastidores, a ex-primeira-dama\u00a0Michelle Bolsonaro\u00a0aceitou fazer as pazes com","og_url":"https:\/\/maranhaotv.com.br\/index.php\/2026\/04\/29\/michelle-sela-a-paz-com-flavio-bolsonaro-e-deve-fazer-gesto-publico-de-apoio\/","og_site_name":"NOT\u00cdCIAS EM TEMPO REAL","article_publisher":"https:\/\/www.facebook.com\/maiobaotv","article_published_time":"2026-04-29T12:38:02+00:00","article_modified_time":"2026-04-29T12:38:04+00:00","og_image":[{"width":1024,"height":613,"url":"https:\/\/maranhaotv.com.br\/wp-content\/uploads\/2026\/04\/17639763071788340009506629282616-1-1024x613-1.jpg","type":"image\/jpeg"}],"author":"maranhaotv","twitter_card":"summary_large_image","twitter_creator":"@sitemaranhaotv","twitter_site":"@sitemaranhaotv","twitter_misc":{"Escrito por":"maranhaotv","Est. tempo de leitura":"4 minutos"},"schema":{"@context":"https:\/\/schema.org","@graph":[{"@type":"Article","@id":"https:\/\/maranhaotv.com.br\/index.php\/2026\/04\/29\/michelle-sela-a-paz-com-flavio-bolsonaro-e-deve-fazer-gesto-publico-de-apoio\/#article","isPartOf":{"@id":"https:\/\/maranhaotv.com.br\/index.php\/2026\/04\/29\/michelle-sela-a-paz-com-flavio-bolsonaro-e-deve-fazer-gesto-publico-de-apoio\/"},"author":{"name":"maranhaotv","@id":"https:\/\/maranhaotv.com.br\/#\/schema\/person\/3d54238e86b20bb5c89ab2fdb8f8829a"},"headline":"Michelle sela a paz com Fl\u00e1vio Bolsonaro e deve fazer gesto p\u00fablico de apoio","datePublished":"2026-04-29T12:38:02+00:00","dateModified":"2026-04-29T12:38:04+00:00","mainEntityOfPage":{"@id":"https:\/\/maranhaotv.com.br\/index.php\/2026\/04\/29\/michelle-sela-a-paz-com-flavio-bolsonaro-e-deve-fazer-gesto-publico-de-apoio\/"},"wordCount":720,"publisher":{"@id":"https:\/\/maranhaotv.com.br\/#organization"},"image":{"@id":"https:\/\/maranhaotv.com.br\/index.php\/2026\/04\/29\/michelle-sela-a-paz-com-flavio-bolsonaro-e-deve-fazer-gesto-publico-de-apoio\/#primaryimage"},"thumbnailUrl":"https:\/\/maranhaotv.com.br\/wp-content\/uploads\/2026\/04\/17639763071788340009506629282616-1-1024x613-1.jpg","articleSection":["Diversos"],"inLanguage":"pt-BR"},{"@type":"WebPage","@id":"https:\/\/maranhaotv.com.br\/index.php\/2026\/04\/29\/michelle-sela-a-paz-com-flavio-bolsonaro-e-deve-fazer-gesto-publico-de-apoio\/","url":"https:\/\/maranhaotv.com.br\/index.php\/2026\/04\/29\/michelle-sela-a-paz-com-flavio-bolsonaro-e-deve-fazer-gesto-publico-de-apoio\/","name":"Michelle sela a paz com Fl\u00e1vio Bolsonaro e deve fazer gesto p\u00fablico de apoio - NOT\u00cdCIAS EM TEMPO REAL","isPartOf":{"@id":"https:\/\/maranhaotv.com.br\/#website"},"primaryImageOfPage":{"@id":"https:\/\/maranhaotv.com.br\/index.php\/2026\/04\/29\/michelle-sela-a-paz-com-flavio-bolsonaro-e-deve-fazer-gesto-publico-de-apoio\/#primaryimage"},"image":{"@id":"https:\/\/maranhaotv.com.br\/index.php\/2026\/04\/29\/michelle-sela-a-paz-com-flavio-bolsonaro-e-deve-fazer-gesto-publico-de-apoio\/#primaryimage"},"thumbnailUrl":"https:\/\/maranhaotv.com.br\/wp-content\/uploads\/2026\/04\/17639763071788340009506629282616-1-1024x613-1.jpg","datePublished":"2026-04-29T12:38:02+00:00","dateModified":"2026-04-29T12:38:04+00:00","breadcrumb":{"@id":"https:\/\/maranhaotv.com.br\/index.php\/2026\/04\/29\/michelle-sela-a-paz-com-flavio-bolsonaro-e-deve-fazer-gesto-publico-de-apoio\/#breadcrumb"},"inLanguage":"pt-BR","potentialAction":[{"@type":"ReadAction","target":["https:\/\/maranhaotv.com.br\/index.php\/2026\/04\/29\/michelle-sela-a-paz-com-flavio-bolsonaro-e-deve-fazer-gesto-publico-de-apoio\/"]}]},{"@type":"ImageObject","inLanguage":"pt-BR","@id":"https:\/\/maranhaotv.com.br\/index.php\/2026\/04\/29\/michelle-sela-a-paz-com-flavio-bolsonaro-e-deve-fazer-gesto-publico-de-apoio\/#primaryimage","url":"https:\/\/maranhaotv.com.br\/wp-content\/uploads\/2026\/04\/17639763071788340009506629282616-1-1024x613-1.jpg","contentUrl":"https:\/\/maranhaotv.com.br\/wp-content\/uploads\/2026\/04\/17639763071788340009506629282616-1-1024x613-1.jpg","width":1024,"height":613},{"@type":"BreadcrumbList","@id":"https:\/\/maranhaotv.com.br\/index.php\/2026\/04\/29\/michelle-sela-a-paz-com-flavio-bolsonaro-e-deve-fazer-gesto-publico-de-apoio\/#breadcrumb","itemListElement":[{"@type":"ListItem","position":1,"name":"In\u00edcio","item":"https:\/\/maranhaotv.com.br\/"},{"@type":"ListItem","position":2,"name":"Michelle sela a paz com Fl\u00e1vio Bolsonaro e deve fazer gesto p\u00fablico de apoio"}]},{"@type":"WebSite","@id":"https:\/\/maranhaotv.com.br\/#website","url":"https:\/\/maranhaotv.com.br\/","name":"Maranh\u00e3oTV","description":"","publisher":{"@id":"https:\/\/maranhaotv.com.br\/#organization"},"potentialAction":[{"@type":"SearchAction","target":{"@type":"EntryPoint","urlTemplate":"https:\/\/maranhaotv.com.br\/?s={search_term_string}"},"query-input":{"@type":"PropertyValueSpecification","valueRequired":true,"valueName":"search_term_string"}}],"inLanguage":"pt-BR"},{"@type":"Organization","@id":"https:\/\/maranhaotv.com.br\/#organization","name":"Portal de Not\u00edcias","url":"https:\/\/maranhaotv.com.br\/","logo":{"@type":"ImageObject","inLanguage":"pt-BR","@id":"https:\/\/maranhaotv.com.br\/#\/schema\/logo\/image\/","url":"https:\/\/maranhaotv.com.br\/wp-content\/uploads\/2024\/05\/cropped-cropped-avatar-1.png","contentUrl":"https:\/\/maranhaotv.com.br\/wp-content\/uploads\/2024\/05\/cropped-cropped-avatar-1.png","width":792,"height":428,"caption":"Portal de Not\u00edcias"},"image":{"@id":"https:\/\/maranhaotv.com.br\/#\/schema\/logo\/image\/"},"sameAs":["https:\/\/www.facebook.com\/maiobaotv","https:\/\/x.com\/sitemaranhaotv","https:\/\/www.instagram.com\/maranhao.tv","https:\/\/www.threads.net\/@maranhao.tv"]},{"@type":"Person","@id":"https:\/\/maranhaotv.com.br\/#\/schema\/person\/3d54238e86b20bb5c89ab2fdb8f8829a","name":"maranhaotv","image":{"@type":"ImageObject","inLanguage":"pt-BR","@id":"https:\/\/secure.gravatar.com\/avatar\/8fadbca458d4cb68b1dd399ae9a40618d747bb1af65ac9fad21c89220a143eb4?s=96&d=mm&r=g","url":"https:\/\/secure.gravatar.com\/avatar\/8fadbca458d4cb68b1dd399ae9a40618d747bb1af65ac9fad21c89220a143eb4?s=96&d=mm&r=g","contentUrl":"https:\/\/secure.gravatar.com\/avatar\/8fadbca458d4cb68b1dd399ae9a40618d747bb1af65ac9fad21c89220a143eb4?s=96&d=mm&r=g","caption":"maranhaotv"},"sameAs":["https:\/\/maranhaotv.com.br\/"],"url":"https:\/\/maranhaotv.com.br\/index.php\/author\/maranhaotv\/"}]}},"jetpack_featured_media_url":"https:\/\/maranhaotv.com.br\/wp-content\/uploads\/2026\/04\/17639763071788340009506629282616-1-1024x613-1.jpg","jetpack_sharing_enabled":true,"_links":{"self":[{"href":"https:\/\/maranhaotv.com.br\/index.php\/wp-json\/wp\/v2\/posts\/46163","targetHints":{"allow":["GET"]}}],"collection":[{"href":"https:\/\/maranhaotv.com.br\/index.php\/wp-json\/wp\/v2\/posts"}],"about":[{"href":"https:\/\/maranhaotv.com.br\/index.php\/wp-json\/wp\/v2\/types\/post"}],"author":[{"embeddable":true,"href":"https:\/\/maranhaotv.com.br\/index.php\/wp-json\/wp\/v2\/users\/2"}],"replies":[{"embeddable":true,"href":"https:\/\/maranhaotv.com.br\/index.php\/wp-json\/wp\/v2\/comments?post=46163"}],"version-history":[{"count":1,"href":"https:\/\/maranhaotv.com.br\/index.php\/wp-json\/wp\/v2\/posts\/46163\/revisions"}],"predecessor-version":[{"id":46165,"href":"https:\/\/maranhaotv.com.br\/index.php\/wp-json\/wp\/v2\/posts\/46163\/revisions\/46165"}],"wp:featuredmedia":[{"embeddable":true,"href":"https:\/\/maranhaotv.com.br\/index.php\/wp-json\/wp\/v2\/media\/46164"}],"wp:attachment":[{"href":"https:\/\/maranhaotv.com.br\/index.php\/wp-json\/wp\/v2\/media?parent=46163"}],"wp:term":[{"taxonomy":"category","embeddable":true,"href":"https:\/\/maranhaotv.com.br\/index.php\/wp-json\/wp\/v2\/categories?post=46163"},{"taxonomy":"post_tag","embeddable":true,"href":"https:\/\/maranhaotv.com.br\/index.php\/wp-json\/wp\/v2\/tags?post=46163"}],"curies":[{"name":"wp","href":"https:\/\/api.w.org\/{rel}","templated":true}]}}