{"id":46170,"date":"2026-04-29T17:58:20","date_gmt":"2026-04-29T20:58:20","guid":{"rendered":"https:\/\/maranhaotv.com.br\/?p=46170"},"modified":"2026-04-29T17:58:23","modified_gmt":"2026-04-29T20:58:23","slug":"pt-nacional-decide-lancar-felipe-camarao-ao-governo-do-maranhao","status":"publish","type":"post","link":"https:\/\/maranhaotv.com.br\/index.php\/2026\/04\/29\/pt-nacional-decide-lancar-felipe-camarao-ao-governo-do-maranhao\/","title":{"rendered":"PT nacional decide lan\u00e7ar Felipe Camar\u00e3o ao Governo do Maranh\u00e3o"},"content":{"rendered":"\n<p><\/p>\n\n\n\n<p>A dire\u00e7\u00e3o nacional do PT decidiu lan\u00e7ar o vice-governador Felipe Camar\u00e3o como candidato ao governo do Maranh\u00e3o em 2026. A decis\u00e3o foi comunicada nesta quarta-feira (29) pelo presidente nacional da legenda, Edinho Silva, durante reuni\u00e3o por telefone com lideran\u00e7as petistas maranhenses, segundo o Imirante.<br><br>A estrat\u00e9gia prev\u00ea uma reuni\u00e3o de Camar\u00e3o com o presidente Luiz In\u00e1cio Lula da Silva, em Bras\u00edlia, para a grava\u00e7\u00e3o de um v\u00eddeo oficializando a candidatura e declarando apoio ao vice-governador. A agenda, no entanto, ainda n\u00e3o foi fechada.<br><br>A decis\u00e3o ocorre ap\u00f3s semanas de impasse dentro da base lulista no Maranh\u00e3o, dividida entre aliados do governador Carlos Brand\u00e3o e do grupo ligado ao ministro Fl\u00e1vio Dino. Segundo a coluna de Carla Lima, v\u00e1rias alternativas foram discutidas para tentar unificar o campo governista, mas n\u00e3o houve avan\u00e7o.<br><br>Edinho Silva chegou a conversar novamente com Brand\u00e3o sobre uma poss\u00edvel composi\u00e7\u00e3o, mas o cen\u00e1rio permaneceu inalterado. Com isso, a dire\u00e7\u00e3o nacional petista bateu o martelo pela candidatura pr\u00f3pria, com Felipe Camar\u00e3o na disputa pelo governo e a senadora Eliziane Gama como nome do grupo para a disputa ao Senado.<\/p>\n","protected":false},"excerpt":{"rendered":"<p>A dire\u00e7\u00e3o nacional do PT decidiu lan\u00e7ar o vice-governador Felipe Camar\u00e3o como candidato ao governo do Maranh\u00e3o em 2026. A<\/p>\n","protected":false},"author":2,"featured_media":46169,"comment_status":"closed","ping_status":"","sticky":false,"template":"","format":"standard","meta":{"colormag_page_container_layout":"default_layout","colormag_page_sidebar_layout":"default_layout","_jetpack_memberships_contains_paid_content":false,"footnotes":""},"categories":[405],"tags":[352],"class_list":["post-46170","post","type-post","status-publish","format-standard","has-post-thumbnail","hentry","category-blog","tag-felipe-camarao"],"magazineBlocksPostFeaturedMedia":{"thumbnail":"https:\/\/maranhaotv.com.br\/wp-content\/uploads\/2026\/04\/image_editor_output_image697439435-1777496268008-150x150.jpg","medium":"https:\/\/maranhaotv.com.br\/wp-content\/uploads\/2026\/04\/image_editor_output_image697439435-1777496268008-300x208.jpg","medium_large":"https:\/\/maranhaotv.com.br\/wp-content\/uploads\/2026\/04\/image_editor_output_image697439435-1777496268008.jpg","large":"https:\/\/maranhaotv.com.br\/wp-content\/uploads\/2026\/04\/image_editor_output_image697439435-1777496268008.jpg","1536x1536":"https:\/\/maranhaotv.com.br\/wp-content\/uploads\/2026\/04\/image_editor_output_image697439435-1777496268008.jpg","2048x2048":"https:\/\/maranhaotv.com.br\/wp-content\/uploads\/2026\/04\/image_editor_output_image697439435-1777496268008.jpg","colormag-highlighted-post":"https:\/\/maranhaotv.com.br\/wp-content\/uploads\/2026\/04\/image_editor_output_image697439435-1777496268008-392x272.jpg","colormag-featured-post-medium":"https:\/\/maranhaotv.com.br\/wp-content\/uploads\/2026\/04\/image_editor_output_image697439435-1777496268008-390x205.jpg","colormag-featured-post-small":"https:\/\/maranhaotv.com.br\/wp-content\/uploads\/2026\/04\/image_editor_output_image697439435-1777496268008-130x90.jpg","colormag-featured-image":"https:\/\/maranhaotv.com.br\/wp-content\/uploads\/2026\/04\/image_editor_output_image697439435-1777496268008.jpg","colormag-default-news":"https:\/\/maranhaotv.com.br\/wp-content\/uploads\/2026\/04\/image_editor_output_image697439435-1777496268008-150x150.jpg","colormag-featured-image-large":"https:\/\/maranhaotv.com.br\/wp-content\/uploads\/2026\/04\/image_editor_output_image697439435-1777496268008.jpg"},"magazineBlocksPostAuthor":{"name":"maranhaotv","avatar":"https:\/\/secure.gravatar.com\/avatar\/8fadbca458d4cb68b1dd399ae9a40618d747bb1af65ac9fad21c89220a143eb4?s=96&d=mm&r=g"},"magazineBlocksPostCommentsNumber":false,"magazineBlocksPostExcerpt":"A dire\u00e7\u00e3o nacional do PT decidiu lan\u00e7ar o vice-governador Felipe Camar\u00e3o como candidato ao governo do Maranh\u00e3o em 2026. A","magazineBlocksPostCategories":["blog"],"magazineBlocksPostViewCount":50,"magazineBlocksPostReadTime":2,"magazine_blocks_featured_image_url":{"full":["https:\/\/maranhaotv.com.br\/wp-content\/uploads\/2026\/04\/image_editor_output_image697439435-1777496268008.jpg",400,277,false],"medium":["https:\/\/maranhaotv.com.br\/wp-content\/uploads\/2026\/04\/image_editor_output_image697439435-1777496268008-300x208.jpg",300,208,true],"thumbnail":["https:\/\/maranhaotv.com.br\/wp-content\/uploads\/2026\/04\/image_editor_output_image697439435-1777496268008-150x150.jpg",150,150,true]},"magazine_blocks_author":{"display_name":"maranhaotv","author_link":"https:\/\/maranhaotv.com.br\/index.php\/author\/maranhaotv\/"},"magazine_blocks_comment":0,"magazine_blocks_author_image":"https:\/\/secure.gravatar.com\/avatar\/8fadbca458d4cb68b1dd399ae9a40618d747bb1af65ac9fad21c89220a143eb4?s=96&d=mm&r=g","magazine_blocks_category":"<a href=\"#\" class=\"category-link category-link-405\">blog<\/a>","yoast_head":"<!-- This site is optimized with the Yoast SEO plugin v27.4 - https:\/\/yoast.com\/product\/yoast-seo-wordpress\/ -->\n<title>PT nacional decide lan\u00e7ar Felipe Camar\u00e3o ao Governo do Maranh\u00e3o - NOT\u00cdCIAS EM TEMPO REAL<\/title>\n<meta name=\"robots\" content=\"index, follow, max-snippet:-1, max-image-preview:large, max-video-preview:-1\" \/>\n<link rel=\"canonical\" href=\"https:\/\/maranhaotv.com.br\/index.php\/2026\/04\/29\/pt-nacional-decide-lancar-felipe-camarao-ao-governo-do-maranhao\/\" \/>\n<meta property=\"og:locale\" content=\"pt_BR\" \/>\n<meta property=\"og:type\" content=\"article\" \/>\n<meta property=\"og:title\" content=\"PT nacional decide lan\u00e7ar Felipe Camar\u00e3o ao Governo do Maranh\u00e3o - NOT\u00cdCIAS EM TEMPO REAL\" \/>\n<meta property=\"og:description\" content=\"A dire\u00e7\u00e3o nacional do PT decidiu lan\u00e7ar o vice-governador Felipe Camar\u00e3o como candidato ao governo do Maranh\u00e3o em 2026. A\" \/>\n<meta property=\"og:url\" content=\"https:\/\/maranhaotv.com.br\/index.php\/2026\/04\/29\/pt-nacional-decide-lancar-felipe-camarao-ao-governo-do-maranhao\/\" \/>\n<meta property=\"og:site_name\" content=\"NOT\u00cdCIAS EM TEMPO REAL\" \/>\n<meta property=\"article:publisher\" content=\"https:\/\/www.facebook.com\/maiobaotv\" \/>\n<meta property=\"article:published_time\" content=\"2026-04-29T20:58:20+00:00\" \/>\n<meta property=\"article:modified_time\" content=\"2026-04-29T20:58:23+00:00\" \/>\n<meta property=\"og:image\" content=\"https:\/\/maranhaotv.com.br\/wp-content\/uploads\/2026\/04\/image_editor_output_image697439435-1777496268008.jpg\" \/>\n\t<meta property=\"og:image:width\" content=\"400\" \/>\n\t<meta property=\"og:image:height\" content=\"277\" \/>\n\t<meta property=\"og:image:type\" content=\"image\/jpeg\" \/>\n<meta name=\"author\" content=\"maranhaotv\" \/>\n<meta name=\"twitter:card\" content=\"summary_large_image\" \/>\n<meta name=\"twitter:creator\" content=\"@sitemaranhaotv\" \/>\n<meta name=\"twitter:site\" content=\"@sitemaranhaotv\" \/>\n<meta name=\"twitter:label1\" content=\"Escrito por\" \/>\n\t<meta name=\"twitter:data1\" content=\"maranhaotv\" \/>\n\t<meta name=\"twitter:label2\" content=\"Est. tempo de leitura\" \/>\n\t<meta name=\"twitter:data2\" content=\"1 minuto\" \/>\n<script type=\"application\/ld+json\" class=\"yoast-schema-graph\">{\"@context\":\"https:\\\/\\\/schema.org\",\"@graph\":[{\"@type\":\"Article\",\"@id\":\"https:\\\/\\\/maranhaotv.com.br\\\/index.php\\\/2026\\\/04\\\/29\\\/pt-nacional-decide-lancar-felipe-camarao-ao-governo-do-maranhao\\\/#article\",\"isPartOf\":{\"@id\":\"https:\\\/\\\/maranhaotv.com.br\\\/index.php\\\/2026\\\/04\\\/29\\\/pt-nacional-decide-lancar-felipe-camarao-ao-governo-do-maranhao\\\/\"},\"author\":{\"name\":\"maranhaotv\",\"@id\":\"https:\\\/\\\/maranhaotv.com.br\\\/#\\\/schema\\\/person\\\/3d54238e86b20bb5c89ab2fdb8f8829a\"},\"headline\":\"PT nacional decide lan\u00e7ar Felipe Camar\u00e3o ao Governo do Maranh\u00e3o\",\"datePublished\":\"2026-04-29T20:58:20+00:00\",\"dateModified\":\"2026-04-29T20:58:23+00:00\",\"mainEntityOfPage\":{\"@id\":\"https:\\\/\\\/maranhaotv.com.br\\\/index.php\\\/2026\\\/04\\\/29\\\/pt-nacional-decide-lancar-felipe-camarao-ao-governo-do-maranhao\\\/\"},\"wordCount\":222,\"publisher\":{\"@id\":\"https:\\\/\\\/maranhaotv.com.br\\\/#organization\"},\"image\":{\"@id\":\"https:\\\/\\\/maranhaotv.com.br\\\/index.php\\\/2026\\\/04\\\/29\\\/pt-nacional-decide-lancar-felipe-camarao-ao-governo-do-maranhao\\\/#primaryimage\"},\"thumbnailUrl\":\"https:\\\/\\\/maranhaotv.com.br\\\/wp-content\\\/uploads\\\/2026\\\/04\\\/image_editor_output_image697439435-1777496268008.jpg\",\"keywords\":[\"Felipe Camar\u00e3o\"],\"articleSection\":[\"blog\"],\"inLanguage\":\"pt-BR\"},{\"@type\":\"WebPage\",\"@id\":\"https:\\\/\\\/maranhaotv.com.br\\\/index.php\\\/2026\\\/04\\\/29\\\/pt-nacional-decide-lancar-felipe-camarao-ao-governo-do-maranhao\\\/\",\"url\":\"https:\\\/\\\/maranhaotv.com.br\\\/index.php\\\/2026\\\/04\\\/29\\\/pt-nacional-decide-lancar-felipe-camarao-ao-governo-do-maranhao\\\/\",\"name\":\"PT nacional decide lan\u00e7ar Felipe Camar\u00e3o ao Governo do Maranh\u00e3o - NOT\u00cdCIAS EM TEMPO REAL\",\"isPartOf\":{\"@id\":\"https:\\\/\\\/maranhaotv.com.br\\\/#website\"},\"primaryImageOfPage\":{\"@id\":\"https:\\\/\\\/maranhaotv.com.br\\\/index.php\\\/2026\\\/04\\\/29\\\/pt-nacional-decide-lancar-felipe-camarao-ao-governo-do-maranhao\\\/#primaryimage\"},\"image\":{\"@id\":\"https:\\\/\\\/maranhaotv.com.br\\\/index.php\\\/2026\\\/04\\\/29\\\/pt-nacional-decide-lancar-felipe-camarao-ao-governo-do-maranhao\\\/#primaryimage\"},\"thumbnailUrl\":\"https:\\\/\\\/maranhaotv.com.br\\\/wp-content\\\/uploads\\\/2026\\\/04\\\/image_editor_output_image697439435-1777496268008.jpg\",\"datePublished\":\"2026-04-29T20:58:20+00:00\",\"dateModified\":\"2026-04-29T20:58:23+00:00\",\"breadcrumb\":{\"@id\":\"https:\\\/\\\/maranhaotv.com.br\\\/index.php\\\/2026\\\/04\\\/29\\\/pt-nacional-decide-lancar-felipe-camarao-ao-governo-do-maranhao\\\/#breadcrumb\"},\"inLanguage\":\"pt-BR\",\"potentialAction\":[{\"@type\":\"ReadAction\",\"target\":[\"https:\\\/\\\/maranhaotv.com.br\\\/index.php\\\/2026\\\/04\\\/29\\\/pt-nacional-decide-lancar-felipe-camarao-ao-governo-do-maranhao\\\/\"]}]},{\"@type\":\"ImageObject\",\"inLanguage\":\"pt-BR\",\"@id\":\"https:\\\/\\\/maranhaotv.com.br\\\/index.php\\\/2026\\\/04\\\/29\\\/pt-nacional-decide-lancar-felipe-camarao-ao-governo-do-maranhao\\\/#primaryimage\",\"url\":\"https:\\\/\\\/maranhaotv.com.br\\\/wp-content\\\/uploads\\\/2026\\\/04\\\/image_editor_output_image697439435-1777496268008.jpg\",\"contentUrl\":\"https:\\\/\\\/maranhaotv.com.br\\\/wp-content\\\/uploads\\\/2026\\\/04\\\/image_editor_output_image697439435-1777496268008.jpg\",\"width\":400,\"height\":277},{\"@type\":\"BreadcrumbList\",\"@id\":\"https:\\\/\\\/maranhaotv.com.br\\\/index.php\\\/2026\\\/04\\\/29\\\/pt-nacional-decide-lancar-felipe-camarao-ao-governo-do-maranhao\\\/#breadcrumb\",\"itemListElement\":[{\"@type\":\"ListItem\",\"position\":1,\"name\":\"In\u00edcio\",\"item\":\"https:\\\/\\\/maranhaotv.com.br\\\/\"},{\"@type\":\"ListItem\",\"position\":2,\"name\":\"PT nacional decide lan\u00e7ar Felipe Camar\u00e3o ao Governo do Maranh\u00e3o\"}]},{\"@type\":\"WebSite\",\"@id\":\"https:\\\/\\\/maranhaotv.com.br\\\/#website\",\"url\":\"https:\\\/\\\/maranhaotv.com.br\\\/\",\"name\":\"Maranh\u00e3oTV\",\"description\":\"\",\"publisher\":{\"@id\":\"https:\\\/\\\/maranhaotv.com.br\\\/#organization\"},\"potentialAction\":[{\"@type\":\"SearchAction\",\"target\":{\"@type\":\"EntryPoint\",\"urlTemplate\":\"https:\\\/\\\/maranhaotv.com.br\\\/?s={search_term_string}\"},\"query-input\":{\"@type\":\"PropertyValueSpecification\",\"valueRequired\":true,\"valueName\":\"search_term_string\"}}],\"inLanguage\":\"pt-BR\"},{\"@type\":\"Organization\",\"@id\":\"https:\\\/\\\/maranhaotv.com.br\\\/#organization\",\"name\":\"Portal de Not\u00edcias\",\"url\":\"https:\\\/\\\/maranhaotv.com.br\\\/\",\"logo\":{\"@type\":\"ImageObject\",\"inLanguage\":\"pt-BR\",\"@id\":\"https:\\\/\\\/maranhaotv.com.br\\\/#\\\/schema\\\/logo\\\/image\\\/\",\"url\":\"https:\\\/\\\/maranhaotv.com.br\\\/wp-content\\\/uploads\\\/2024\\\/05\\\/cropped-cropped-avatar-1.png\",\"contentUrl\":\"https:\\\/\\\/maranhaotv.com.br\\\/wp-content\\\/uploads\\\/2024\\\/05\\\/cropped-cropped-avatar-1.png\",\"width\":792,\"height\":428,\"caption\":\"Portal de Not\u00edcias\"},\"image\":{\"@id\":\"https:\\\/\\\/maranhaotv.com.br\\\/#\\\/schema\\\/logo\\\/image\\\/\"},\"sameAs\":[\"https:\\\/\\\/www.facebook.com\\\/maiobaotv\",\"https:\\\/\\\/x.com\\\/sitemaranhaotv\",\"https:\\\/\\\/www.instagram.com\\\/maranhao.tv\",\"https:\\\/\\\/www.threads.net\\\/@maranhao.tv\"]},{\"@type\":\"Person\",\"@id\":\"https:\\\/\\\/maranhaotv.com.br\\\/#\\\/schema\\\/person\\\/3d54238e86b20bb5c89ab2fdb8f8829a\",\"name\":\"maranhaotv\",\"image\":{\"@type\":\"ImageObject\",\"inLanguage\":\"pt-BR\",\"@id\":\"https:\\\/\\\/secure.gravatar.com\\\/avatar\\\/8fadbca458d4cb68b1dd399ae9a40618d747bb1af65ac9fad21c89220a143eb4?s=96&d=mm&r=g\",\"url\":\"https:\\\/\\\/secure.gravatar.com\\\/avatar\\\/8fadbca458d4cb68b1dd399ae9a40618d747bb1af65ac9fad21c89220a143eb4?s=96&d=mm&r=g\",\"contentUrl\":\"https:\\\/\\\/secure.gravatar.com\\\/avatar\\\/8fadbca458d4cb68b1dd399ae9a40618d747bb1af65ac9fad21c89220a143eb4?s=96&d=mm&r=g\",\"caption\":\"maranhaotv\"},\"sameAs\":[\"https:\\\/\\\/maranhaotv.com.br\\\/\"],\"url\":\"https:\\\/\\\/maranhaotv.com.br\\\/index.php\\\/author\\\/maranhaotv\\\/\"}]}<\/script>\n<!-- \/ Yoast SEO plugin. -->","yoast_head_json":{"title":"PT nacional decide lan\u00e7ar Felipe Camar\u00e3o ao Governo do Maranh\u00e3o - NOT\u00cdCIAS EM TEMPO REAL","robots":{"index":"index","follow":"follow","max-snippet":"max-snippet:-1","max-image-preview":"max-image-preview:large","max-video-preview":"max-video-preview:-1"},"canonical":"https:\/\/maranhaotv.com.br\/index.php\/2026\/04\/29\/pt-nacional-decide-lancar-felipe-camarao-ao-governo-do-maranhao\/","og_locale":"pt_BR","og_type":"article","og_title":"PT nacional decide lan\u00e7ar Felipe Camar\u00e3o ao Governo do Maranh\u00e3o - NOT\u00cdCIAS EM TEMPO REAL","og_description":"A dire\u00e7\u00e3o nacional do PT decidiu lan\u00e7ar o vice-governador Felipe Camar\u00e3o como candidato ao governo do Maranh\u00e3o em 2026. A","og_url":"https:\/\/maranhaotv.com.br\/index.php\/2026\/04\/29\/pt-nacional-decide-lancar-felipe-camarao-ao-governo-do-maranhao\/","og_site_name":"NOT\u00cdCIAS EM TEMPO REAL","article_publisher":"https:\/\/www.facebook.com\/maiobaotv","article_published_time":"2026-04-29T20:58:20+00:00","article_modified_time":"2026-04-29T20:58:23+00:00","og_image":[{"width":400,"height":277,"url":"https:\/\/maranhaotv.com.br\/wp-content\/uploads\/2026\/04\/image_editor_output_image697439435-1777496268008.jpg","type":"image\/jpeg"}],"author":"maranhaotv","twitter_card":"summary_large_image","twitter_creator":"@sitemaranhaotv","twitter_site":"@sitemaranhaotv","twitter_misc":{"Escrito por":"maranhaotv","Est. tempo de leitura":"1 minuto"},"schema":{"@context":"https:\/\/schema.org","@graph":[{"@type":"Article","@id":"https:\/\/maranhaotv.com.br\/index.php\/2026\/04\/29\/pt-nacional-decide-lancar-felipe-camarao-ao-governo-do-maranhao\/#article","isPartOf":{"@id":"https:\/\/maranhaotv.com.br\/index.php\/2026\/04\/29\/pt-nacional-decide-lancar-felipe-camarao-ao-governo-do-maranhao\/"},"author":{"name":"maranhaotv","@id":"https:\/\/maranhaotv.com.br\/#\/schema\/person\/3d54238e86b20bb5c89ab2fdb8f8829a"},"headline":"PT nacional decide lan\u00e7ar Felipe Camar\u00e3o ao Governo do Maranh\u00e3o","datePublished":"2026-04-29T20:58:20+00:00","dateModified":"2026-04-29T20:58:23+00:00","mainEntityOfPage":{"@id":"https:\/\/maranhaotv.com.br\/index.php\/2026\/04\/29\/pt-nacional-decide-lancar-felipe-camarao-ao-governo-do-maranhao\/"},"wordCount":222,"publisher":{"@id":"https:\/\/maranhaotv.com.br\/#organization"},"image":{"@id":"https:\/\/maranhaotv.com.br\/index.php\/2026\/04\/29\/pt-nacional-decide-lancar-felipe-camarao-ao-governo-do-maranhao\/#primaryimage"},"thumbnailUrl":"https:\/\/maranhaotv.com.br\/wp-content\/uploads\/2026\/04\/image_editor_output_image697439435-1777496268008.jpg","keywords":["Felipe Camar\u00e3o"],"articleSection":["blog"],"inLanguage":"pt-BR"},{"@type":"WebPage","@id":"https:\/\/maranhaotv.com.br\/index.php\/2026\/04\/29\/pt-nacional-decide-lancar-felipe-camarao-ao-governo-do-maranhao\/","url":"https:\/\/maranhaotv.com.br\/index.php\/2026\/04\/29\/pt-nacional-decide-lancar-felipe-camarao-ao-governo-do-maranhao\/","name":"PT nacional decide lan\u00e7ar Felipe Camar\u00e3o ao Governo do Maranh\u00e3o - NOT\u00cdCIAS EM TEMPO REAL","isPartOf":{"@id":"https:\/\/maranhaotv.com.br\/#website"},"primaryImageOfPage":{"@id":"https:\/\/maranhaotv.com.br\/index.php\/2026\/04\/29\/pt-nacional-decide-lancar-felipe-camarao-ao-governo-do-maranhao\/#primaryimage"},"image":{"@id":"https:\/\/maranhaotv.com.br\/index.php\/2026\/04\/29\/pt-nacional-decide-lancar-felipe-camarao-ao-governo-do-maranhao\/#primaryimage"},"thumbnailUrl":"https:\/\/maranhaotv.com.br\/wp-content\/uploads\/2026\/04\/image_editor_output_image697439435-1777496268008.jpg","datePublished":"2026-04-29T20:58:20+00:00","dateModified":"2026-04-29T20:58:23+00:00","breadcrumb":{"@id":"https:\/\/maranhaotv.com.br\/index.php\/2026\/04\/29\/pt-nacional-decide-lancar-felipe-camarao-ao-governo-do-maranhao\/#breadcrumb"},"inLanguage":"pt-BR","potentialAction":[{"@type":"ReadAction","target":["https:\/\/maranhaotv.com.br\/index.php\/2026\/04\/29\/pt-nacional-decide-lancar-felipe-camarao-ao-governo-do-maranhao\/"]}]},{"@type":"ImageObject","inLanguage":"pt-BR","@id":"https:\/\/maranhaotv.com.br\/index.php\/2026\/04\/29\/pt-nacional-decide-lancar-felipe-camarao-ao-governo-do-maranhao\/#primaryimage","url":"https:\/\/maranhaotv.com.br\/wp-content\/uploads\/2026\/04\/image_editor_output_image697439435-1777496268008.jpg","contentUrl":"https:\/\/maranhaotv.com.br\/wp-content\/uploads\/2026\/04\/image_editor_output_image697439435-1777496268008.jpg","width":400,"height":277},{"@type":"BreadcrumbList","@id":"https:\/\/maranhaotv.com.br\/index.php\/2026\/04\/29\/pt-nacional-decide-lancar-felipe-camarao-ao-governo-do-maranhao\/#breadcrumb","itemListElement":[{"@type":"ListItem","position":1,"name":"In\u00edcio","item":"https:\/\/maranhaotv.com.br\/"},{"@type":"ListItem","position":2,"name":"PT nacional decide lan\u00e7ar Felipe Camar\u00e3o ao Governo do Maranh\u00e3o"}]},{"@type":"WebSite","@id":"https:\/\/maranhaotv.com.br\/#website","url":"https:\/\/maranhaotv.com.br\/","name":"Maranh\u00e3oTV","description":"","publisher":{"@id":"https:\/\/maranhaotv.com.br\/#organization"},"potentialAction":[{"@type":"SearchAction","target":{"@type":"EntryPoint","urlTemplate":"https:\/\/maranhaotv.com.br\/?s={search_term_string}"},"query-input":{"@type":"PropertyValueSpecification","valueRequired":true,"valueName":"search_term_string"}}],"inLanguage":"pt-BR"},{"@type":"Organization","@id":"https:\/\/maranhaotv.com.br\/#organization","name":"Portal de Not\u00edcias","url":"https:\/\/maranhaotv.com.br\/","logo":{"@type":"ImageObject","inLanguage":"pt-BR","@id":"https:\/\/maranhaotv.com.br\/#\/schema\/logo\/image\/","url":"https:\/\/maranhaotv.com.br\/wp-content\/uploads\/2024\/05\/cropped-cropped-avatar-1.png","contentUrl":"https:\/\/maranhaotv.com.br\/wp-content\/uploads\/2024\/05\/cropped-cropped-avatar-1.png","width":792,"height":428,"caption":"Portal de Not\u00edcias"},"image":{"@id":"https:\/\/maranhaotv.com.br\/#\/schema\/logo\/image\/"},"sameAs":["https:\/\/www.facebook.com\/maiobaotv","https:\/\/x.com\/sitemaranhaotv","https:\/\/www.instagram.com\/maranhao.tv","https:\/\/www.threads.net\/@maranhao.tv"]},{"@type":"Person","@id":"https:\/\/maranhaotv.com.br\/#\/schema\/person\/3d54238e86b20bb5c89ab2fdb8f8829a","name":"maranhaotv","image":{"@type":"ImageObject","inLanguage":"pt-BR","@id":"https:\/\/secure.gravatar.com\/avatar\/8fadbca458d4cb68b1dd399ae9a40618d747bb1af65ac9fad21c89220a143eb4?s=96&d=mm&r=g","url":"https:\/\/secure.gravatar.com\/avatar\/8fadbca458d4cb68b1dd399ae9a40618d747bb1af65ac9fad21c89220a143eb4?s=96&d=mm&r=g","contentUrl":"https:\/\/secure.gravatar.com\/avatar\/8fadbca458d4cb68b1dd399ae9a40618d747bb1af65ac9fad21c89220a143eb4?s=96&d=mm&r=g","caption":"maranhaotv"},"sameAs":["https:\/\/maranhaotv.com.br\/"],"url":"https:\/\/maranhaotv.com.br\/index.php\/author\/maranhaotv\/"}]}},"jetpack_featured_media_url":"https:\/\/maranhaotv.com.br\/wp-content\/uploads\/2026\/04\/image_editor_output_image697439435-1777496268008.jpg","jetpack_sharing_enabled":true,"_links":{"self":[{"href":"https:\/\/maranhaotv.com.br\/index.php\/wp-json\/wp\/v2\/posts\/46170","targetHints":{"allow":["GET"]}}],"collection":[{"href":"https:\/\/maranhaotv.com.br\/index.php\/wp-json\/wp\/v2\/posts"}],"about":[{"href":"https:\/\/maranhaotv.com.br\/index.php\/wp-json\/wp\/v2\/types\/post"}],"author":[{"embeddable":true,"href":"https:\/\/maranhaotv.com.br\/index.php\/wp-json\/wp\/v2\/users\/2"}],"replies":[{"embeddable":true,"href":"https:\/\/maranhaotv.com.br\/index.php\/wp-json\/wp\/v2\/comments?post=46170"}],"version-history":[{"count":1,"href":"https:\/\/maranhaotv.com.br\/index.php\/wp-json\/wp\/v2\/posts\/46170\/revisions"}],"predecessor-version":[{"id":46171,"href":"https:\/\/maranhaotv.com.br\/index.php\/wp-json\/wp\/v2\/posts\/46170\/revisions\/46171"}],"wp:featuredmedia":[{"embeddable":true,"href":"https:\/\/maranhaotv.com.br\/index.php\/wp-json\/wp\/v2\/media\/46169"}],"wp:attachment":[{"href":"https:\/\/maranhaotv.com.br\/index.php\/wp-json\/wp\/v2\/media?parent=46170"}],"wp:term":[{"taxonomy":"category","embeddable":true,"href":"https:\/\/maranhaotv.com.br\/index.php\/wp-json\/wp\/v2\/categories?post=46170"},{"taxonomy":"post_tag","embeddable":true,"href":"https:\/\/maranhaotv.com.br\/index.php\/wp-json\/wp\/v2\/tags?post=46170"}],"curies":[{"name":"wp","href":"https:\/\/api.w.org\/{rel}","templated":true}]}}