{"id":46173,"date":"2026-04-29T19:50:05","date_gmt":"2026-04-29T22:50:05","guid":{"rendered":"https:\/\/maranhaotv.com.br\/?p=46173"},"modified":"2026-04-29T19:50:38","modified_gmt":"2026-04-29T22:50:38","slug":"senado-rejeita-indicacao-de-jorge-messias-para-o-stf","status":"publish","type":"post","link":"https:\/\/maranhaotv.com.br\/index.php\/2026\/04\/29\/senado-rejeita-indicacao-de-jorge-messias-para-o-stf\/","title":{"rendered":"Senado rejeita indica\u00e7\u00e3o de Jorge Messias para o STF"},"content":{"rendered":"\n<p><\/p>\n\n\n\n<p>O plen\u00e1rio do Senado Federal do Brasil rejeitou, nesta quarta-feira (29), a indica\u00e7\u00e3o de Jorge Messias para o cargo de ministro do Supremo Tribunal Federal (STF). O nome do advogado-geral da Uni\u00e3o foi barrado por 42 votos contr\u00e1rios e 34 favor\u00e1veis, em vota\u00e7\u00e3o secreta.<br><br>Mais cedo, a indica\u00e7\u00e3o havia sido aprovada pela Comiss\u00e3o de Constitui\u00e7\u00e3o e Justi\u00e7a (CCJ) da Casa, por 16 votos a 11, o que indicava um cen\u00e1rio de disputa apertada no plen\u00e1rio. Apesar do aval do colegiado, Messias n\u00e3o conseguiu alcan\u00e7ar a maioria absoluta necess\u00e1ria para confirma\u00e7\u00e3o no cargo.<br><br>A indica\u00e7\u00e3o foi anunciada pelo presidente Luiz In\u00e1cio Lula da Silva h\u00e1 cerca de cinco meses, mas a mensagem oficial (MSF 7\/2026) s\u00f3 foi encaminhada ao Senado no in\u00edcio de abril. O advogado foi escolhido para ocupar a vaga aberta com a aposentadoria antecipada do ministro Lu\u00eds Roberto Barroso, que deixou a Corte em outubro de 2025.<br><br>A rejei\u00e7\u00e3o marca um fato in\u00e9dito na hist\u00f3ria recente do pa\u00eds: \u00e9 a primeira vez desde 1894 que o Senado rejeita uma indica\u00e7\u00e3o presidencial para o STF. Com a decis\u00e3o, a mensagem foi arquivada, e caber\u00e1 ao presidente da Rep\u00fablica indicar um novo nome para a vaga aberta na Suprema Corte.<\/p>\n","protected":false},"excerpt":{"rendered":"<p>O plen\u00e1rio do Senado Federal do Brasil rejeitou, nesta quarta-feira (29), a indica\u00e7\u00e3o de Jorge Messias para o cargo de<\/p>\n","protected":false},"author":2,"featured_media":46172,"comment_status":"closed","ping_status":"","sticky":false,"template":"","format":"standard","meta":{"colormag_page_container_layout":"default_layout","colormag_page_sidebar_layout":"default_layout","_jetpack_memberships_contains_paid_content":false,"footnotes":""},"categories":[1],"tags":[],"class_list":["post-46173","post","type-post","status-publish","format-standard","has-post-thumbnail","hentry","category-sem-categoria"],"magazineBlocksPostFeaturedMedia":{"thumbnail":"https:\/\/maranhaotv.com.br\/wp-content\/uploads\/2026\/04\/jorge-messias-ccj-do-senado-foto-Edilson-Rodrigues-agencia-senado-3-150x150.jpg","medium":"https:\/\/maranhaotv.com.br\/wp-content\/uploads\/2026\/04\/jorge-messias-ccj-do-senado-foto-Edilson-Rodrigues-agencia-senado-3-300x203.jpg","medium_large":"https:\/\/maranhaotv.com.br\/wp-content\/uploads\/2026\/04\/jorge-messias-ccj-do-senado-foto-Edilson-Rodrigues-agencia-senado-3-768x520.jpg","large":"https:\/\/maranhaotv.com.br\/wp-content\/uploads\/2026\/04\/jorge-messias-ccj-do-senado-foto-Edilson-Rodrigues-agencia-senado-3.jpg","1536x1536":"https:\/\/maranhaotv.com.br\/wp-content\/uploads\/2026\/04\/jorge-messias-ccj-do-senado-foto-Edilson-Rodrigues-agencia-senado-3.jpg","2048x2048":"https:\/\/maranhaotv.com.br\/wp-content\/uploads\/2026\/04\/jorge-messias-ccj-do-senado-foto-Edilson-Rodrigues-agencia-senado-3.jpg","colormag-highlighted-post":"https:\/\/maranhaotv.com.br\/wp-content\/uploads\/2026\/04\/jorge-messias-ccj-do-senado-foto-Edilson-Rodrigues-agencia-senado-3-392x272.jpg","colormag-featured-post-medium":"https:\/\/maranhaotv.com.br\/wp-content\/uploads\/2026\/04\/jorge-messias-ccj-do-senado-foto-Edilson-Rodrigues-agencia-senado-3-390x205.jpg","colormag-featured-post-small":"https:\/\/maranhaotv.com.br\/wp-content\/uploads\/2026\/04\/jorge-messias-ccj-do-senado-foto-Edilson-Rodrigues-agencia-senado-3-130x90.jpg","colormag-featured-image":"https:\/\/maranhaotv.com.br\/wp-content\/uploads\/2026\/04\/jorge-messias-ccj-do-senado-foto-Edilson-Rodrigues-agencia-senado-3-799x445.jpg","colormag-default-news":"https:\/\/maranhaotv.com.br\/wp-content\/uploads\/2026\/04\/jorge-messias-ccj-do-senado-foto-Edilson-Rodrigues-agencia-senado-3-150x150.jpg","colormag-featured-image-large":"https:\/\/maranhaotv.com.br\/wp-content\/uploads\/2026\/04\/jorge-messias-ccj-do-senado-foto-Edilson-Rodrigues-agencia-senado-3.jpg"},"magazineBlocksPostAuthor":{"name":"maranhaotv","avatar":"https:\/\/secure.gravatar.com\/avatar\/8fadbca458d4cb68b1dd399ae9a40618d747bb1af65ac9fad21c89220a143eb4?s=96&d=mm&r=g"},"magazineBlocksPostCommentsNumber":false,"magazineBlocksPostExcerpt":"O plen\u00e1rio do Senado Federal do Brasil rejeitou, nesta quarta-feira (29), a indica\u00e7\u00e3o de Jorge Messias para o cargo de","magazineBlocksPostCategories":["Diversos"],"magazineBlocksPostViewCount":36,"magazineBlocksPostReadTime":2,"magazine_blocks_featured_image_url":{"full":["https:\/\/maranhaotv.com.br\/wp-content\/uploads\/2026\/04\/jorge-messias-ccj-do-senado-foto-Edilson-Rodrigues-agencia-senado-3.jpg",799,541,false],"medium":["https:\/\/maranhaotv.com.br\/wp-content\/uploads\/2026\/04\/jorge-messias-ccj-do-senado-foto-Edilson-Rodrigues-agencia-senado-3-300x203.jpg",300,203,true],"thumbnail":["https:\/\/maranhaotv.com.br\/wp-content\/uploads\/2026\/04\/jorge-messias-ccj-do-senado-foto-Edilson-Rodrigues-agencia-senado-3-150x150.jpg",150,150,true]},"magazine_blocks_author":{"display_name":"maranhaotv","author_link":"https:\/\/maranhaotv.com.br\/index.php\/author\/maranhaotv\/"},"magazine_blocks_comment":0,"magazine_blocks_author_image":"https:\/\/secure.gravatar.com\/avatar\/8fadbca458d4cb68b1dd399ae9a40618d747bb1af65ac9fad21c89220a143eb4?s=96&d=mm&r=g","magazine_blocks_category":"<a href=\"#\" class=\"category-link category-link-1\">Diversos<\/a>","yoast_head":"<!-- This site is optimized with the Yoast SEO plugin v27.4 - https:\/\/yoast.com\/product\/yoast-seo-wordpress\/ -->\n<title>Senado rejeita indica\u00e7\u00e3o de Jorge Messias para o STF - NOT\u00cdCIAS EM TEMPO REAL<\/title>\n<meta name=\"robots\" content=\"index, follow, max-snippet:-1, max-image-preview:large, max-video-preview:-1\" \/>\n<link rel=\"canonical\" href=\"https:\/\/maranhaotv.com.br\/index.php\/2026\/04\/29\/senado-rejeita-indicacao-de-jorge-messias-para-o-stf\/\" \/>\n<meta property=\"og:locale\" content=\"pt_BR\" \/>\n<meta property=\"og:type\" content=\"article\" \/>\n<meta property=\"og:title\" content=\"Senado rejeita indica\u00e7\u00e3o de Jorge Messias para o STF - NOT\u00cdCIAS EM TEMPO REAL\" \/>\n<meta property=\"og:description\" content=\"O plen\u00e1rio do Senado Federal do Brasil rejeitou, nesta quarta-feira (29), a indica\u00e7\u00e3o de Jorge Messias para o cargo de\" \/>\n<meta property=\"og:url\" content=\"https:\/\/maranhaotv.com.br\/index.php\/2026\/04\/29\/senado-rejeita-indicacao-de-jorge-messias-para-o-stf\/\" \/>\n<meta property=\"og:site_name\" content=\"NOT\u00cdCIAS EM TEMPO REAL\" \/>\n<meta property=\"article:publisher\" content=\"https:\/\/www.facebook.com\/maiobaotv\" \/>\n<meta property=\"article:published_time\" content=\"2026-04-29T22:50:05+00:00\" \/>\n<meta property=\"article:modified_time\" content=\"2026-04-29T22:50:38+00:00\" \/>\n<meta property=\"og:image\" content=\"https:\/\/maranhaotv.com.br\/wp-content\/uploads\/2026\/04\/jorge-messias-ccj-do-senado-foto-Edilson-Rodrigues-agencia-senado-3.jpg\" \/>\n\t<meta property=\"og:image:width\" content=\"799\" \/>\n\t<meta property=\"og:image:height\" content=\"541\" \/>\n\t<meta property=\"og:image:type\" content=\"image\/jpeg\" \/>\n<meta name=\"author\" content=\"maranhaotv\" \/>\n<meta name=\"twitter:card\" content=\"summary_large_image\" \/>\n<meta name=\"twitter:creator\" content=\"@sitemaranhaotv\" \/>\n<meta name=\"twitter:site\" content=\"@sitemaranhaotv\" \/>\n<meta name=\"twitter:label1\" content=\"Escrito por\" \/>\n\t<meta name=\"twitter:data1\" content=\"maranhaotv\" \/>\n\t<meta name=\"twitter:label2\" content=\"Est. tempo de leitura\" \/>\n\t<meta name=\"twitter:data2\" content=\"1 minuto\" \/>\n<script type=\"application\/ld+json\" class=\"yoast-schema-graph\">{\"@context\":\"https:\\\/\\\/schema.org\",\"@graph\":[{\"@type\":\"Article\",\"@id\":\"https:\\\/\\\/maranhaotv.com.br\\\/index.php\\\/2026\\\/04\\\/29\\\/senado-rejeita-indicacao-de-jorge-messias-para-o-stf\\\/#article\",\"isPartOf\":{\"@id\":\"https:\\\/\\\/maranhaotv.com.br\\\/index.php\\\/2026\\\/04\\\/29\\\/senado-rejeita-indicacao-de-jorge-messias-para-o-stf\\\/\"},\"author\":{\"name\":\"maranhaotv\",\"@id\":\"https:\\\/\\\/maranhaotv.com.br\\\/#\\\/schema\\\/person\\\/3d54238e86b20bb5c89ab2fdb8f8829a\"},\"headline\":\"Senado rejeita indica\u00e7\u00e3o de Jorge Messias para o STF\",\"datePublished\":\"2026-04-29T22:50:05+00:00\",\"dateModified\":\"2026-04-29T22:50:38+00:00\",\"mainEntityOfPage\":{\"@id\":\"https:\\\/\\\/maranhaotv.com.br\\\/index.php\\\/2026\\\/04\\\/29\\\/senado-rejeita-indicacao-de-jorge-messias-para-o-stf\\\/\"},\"wordCount\":228,\"publisher\":{\"@id\":\"https:\\\/\\\/maranhaotv.com.br\\\/#organization\"},\"image\":{\"@id\":\"https:\\\/\\\/maranhaotv.com.br\\\/index.php\\\/2026\\\/04\\\/29\\\/senado-rejeita-indicacao-de-jorge-messias-para-o-stf\\\/#primaryimage\"},\"thumbnailUrl\":\"https:\\\/\\\/maranhaotv.com.br\\\/wp-content\\\/uploads\\\/2026\\\/04\\\/jorge-messias-ccj-do-senado-foto-Edilson-Rodrigues-agencia-senado-3.jpg\",\"articleSection\":[\"Diversos\"],\"inLanguage\":\"pt-BR\"},{\"@type\":\"WebPage\",\"@id\":\"https:\\\/\\\/maranhaotv.com.br\\\/index.php\\\/2026\\\/04\\\/29\\\/senado-rejeita-indicacao-de-jorge-messias-para-o-stf\\\/\",\"url\":\"https:\\\/\\\/maranhaotv.com.br\\\/index.php\\\/2026\\\/04\\\/29\\\/senado-rejeita-indicacao-de-jorge-messias-para-o-stf\\\/\",\"name\":\"Senado rejeita indica\u00e7\u00e3o de Jorge Messias para o STF - NOT\u00cdCIAS EM TEMPO REAL\",\"isPartOf\":{\"@id\":\"https:\\\/\\\/maranhaotv.com.br\\\/#website\"},\"primaryImageOfPage\":{\"@id\":\"https:\\\/\\\/maranhaotv.com.br\\\/index.php\\\/2026\\\/04\\\/29\\\/senado-rejeita-indicacao-de-jorge-messias-para-o-stf\\\/#primaryimage\"},\"image\":{\"@id\":\"https:\\\/\\\/maranhaotv.com.br\\\/index.php\\\/2026\\\/04\\\/29\\\/senado-rejeita-indicacao-de-jorge-messias-para-o-stf\\\/#primaryimage\"},\"thumbnailUrl\":\"https:\\\/\\\/maranhaotv.com.br\\\/wp-content\\\/uploads\\\/2026\\\/04\\\/jorge-messias-ccj-do-senado-foto-Edilson-Rodrigues-agencia-senado-3.jpg\",\"datePublished\":\"2026-04-29T22:50:05+00:00\",\"dateModified\":\"2026-04-29T22:50:38+00:00\",\"breadcrumb\":{\"@id\":\"https:\\\/\\\/maranhaotv.com.br\\\/index.php\\\/2026\\\/04\\\/29\\\/senado-rejeita-indicacao-de-jorge-messias-para-o-stf\\\/#breadcrumb\"},\"inLanguage\":\"pt-BR\",\"potentialAction\":[{\"@type\":\"ReadAction\",\"target\":[\"https:\\\/\\\/maranhaotv.com.br\\\/index.php\\\/2026\\\/04\\\/29\\\/senado-rejeita-indicacao-de-jorge-messias-para-o-stf\\\/\"]}]},{\"@type\":\"ImageObject\",\"inLanguage\":\"pt-BR\",\"@id\":\"https:\\\/\\\/maranhaotv.com.br\\\/index.php\\\/2026\\\/04\\\/29\\\/senado-rejeita-indicacao-de-jorge-messias-para-o-stf\\\/#primaryimage\",\"url\":\"https:\\\/\\\/maranhaotv.com.br\\\/wp-content\\\/uploads\\\/2026\\\/04\\\/jorge-messias-ccj-do-senado-foto-Edilson-Rodrigues-agencia-senado-3.jpg\",\"contentUrl\":\"https:\\\/\\\/maranhaotv.com.br\\\/wp-content\\\/uploads\\\/2026\\\/04\\\/jorge-messias-ccj-do-senado-foto-Edilson-Rodrigues-agencia-senado-3.jpg\",\"width\":799,\"height\":541},{\"@type\":\"BreadcrumbList\",\"@id\":\"https:\\\/\\\/maranhaotv.com.br\\\/index.php\\\/2026\\\/04\\\/29\\\/senado-rejeita-indicacao-de-jorge-messias-para-o-stf\\\/#breadcrumb\",\"itemListElement\":[{\"@type\":\"ListItem\",\"position\":1,\"name\":\"In\u00edcio\",\"item\":\"https:\\\/\\\/maranhaotv.com.br\\\/\"},{\"@type\":\"ListItem\",\"position\":2,\"name\":\"Senado rejeita indica\u00e7\u00e3o de Jorge Messias para o STF\"}]},{\"@type\":\"WebSite\",\"@id\":\"https:\\\/\\\/maranhaotv.com.br\\\/#website\",\"url\":\"https:\\\/\\\/maranhaotv.com.br\\\/\",\"name\":\"Maranh\u00e3oTV\",\"description\":\"\",\"publisher\":{\"@id\":\"https:\\\/\\\/maranhaotv.com.br\\\/#organization\"},\"potentialAction\":[{\"@type\":\"SearchAction\",\"target\":{\"@type\":\"EntryPoint\",\"urlTemplate\":\"https:\\\/\\\/maranhaotv.com.br\\\/?s={search_term_string}\"},\"query-input\":{\"@type\":\"PropertyValueSpecification\",\"valueRequired\":true,\"valueName\":\"search_term_string\"}}],\"inLanguage\":\"pt-BR\"},{\"@type\":\"Organization\",\"@id\":\"https:\\\/\\\/maranhaotv.com.br\\\/#organization\",\"name\":\"Portal de Not\u00edcias\",\"url\":\"https:\\\/\\\/maranhaotv.com.br\\\/\",\"logo\":{\"@type\":\"ImageObject\",\"inLanguage\":\"pt-BR\",\"@id\":\"https:\\\/\\\/maranhaotv.com.br\\\/#\\\/schema\\\/logo\\\/image\\\/\",\"url\":\"https:\\\/\\\/maranhaotv.com.br\\\/wp-content\\\/uploads\\\/2024\\\/05\\\/cropped-cropped-avatar-1.png\",\"contentUrl\":\"https:\\\/\\\/maranhaotv.com.br\\\/wp-content\\\/uploads\\\/2024\\\/05\\\/cropped-cropped-avatar-1.png\",\"width\":792,\"height\":428,\"caption\":\"Portal de Not\u00edcias\"},\"image\":{\"@id\":\"https:\\\/\\\/maranhaotv.com.br\\\/#\\\/schema\\\/logo\\\/image\\\/\"},\"sameAs\":[\"https:\\\/\\\/www.facebook.com\\\/maiobaotv\",\"https:\\\/\\\/x.com\\\/sitemaranhaotv\",\"https:\\\/\\\/www.instagram.com\\\/maranhao.tv\",\"https:\\\/\\\/www.threads.net\\\/@maranhao.tv\"]},{\"@type\":\"Person\",\"@id\":\"https:\\\/\\\/maranhaotv.com.br\\\/#\\\/schema\\\/person\\\/3d54238e86b20bb5c89ab2fdb8f8829a\",\"name\":\"maranhaotv\",\"image\":{\"@type\":\"ImageObject\",\"inLanguage\":\"pt-BR\",\"@id\":\"https:\\\/\\\/secure.gravatar.com\\\/avatar\\\/8fadbca458d4cb68b1dd399ae9a40618d747bb1af65ac9fad21c89220a143eb4?s=96&d=mm&r=g\",\"url\":\"https:\\\/\\\/secure.gravatar.com\\\/avatar\\\/8fadbca458d4cb68b1dd399ae9a40618d747bb1af65ac9fad21c89220a143eb4?s=96&d=mm&r=g\",\"contentUrl\":\"https:\\\/\\\/secure.gravatar.com\\\/avatar\\\/8fadbca458d4cb68b1dd399ae9a40618d747bb1af65ac9fad21c89220a143eb4?s=96&d=mm&r=g\",\"caption\":\"maranhaotv\"},\"sameAs\":[\"https:\\\/\\\/maranhaotv.com.br\\\/\"],\"url\":\"https:\\\/\\\/maranhaotv.com.br\\\/index.php\\\/author\\\/maranhaotv\\\/\"}]}<\/script>\n<!-- \/ Yoast SEO plugin. -->","yoast_head_json":{"title":"Senado rejeita indica\u00e7\u00e3o de Jorge Messias para o STF - NOT\u00cdCIAS EM TEMPO REAL","robots":{"index":"index","follow":"follow","max-snippet":"max-snippet:-1","max-image-preview":"max-image-preview:large","max-video-preview":"max-video-preview:-1"},"canonical":"https:\/\/maranhaotv.com.br\/index.php\/2026\/04\/29\/senado-rejeita-indicacao-de-jorge-messias-para-o-stf\/","og_locale":"pt_BR","og_type":"article","og_title":"Senado rejeita indica\u00e7\u00e3o de Jorge Messias para o STF - NOT\u00cdCIAS EM TEMPO REAL","og_description":"O plen\u00e1rio do Senado Federal do Brasil rejeitou, nesta quarta-feira (29), a indica\u00e7\u00e3o de Jorge Messias para o cargo de","og_url":"https:\/\/maranhaotv.com.br\/index.php\/2026\/04\/29\/senado-rejeita-indicacao-de-jorge-messias-para-o-stf\/","og_site_name":"NOT\u00cdCIAS EM TEMPO REAL","article_publisher":"https:\/\/www.facebook.com\/maiobaotv","article_published_time":"2026-04-29T22:50:05+00:00","article_modified_time":"2026-04-29T22:50:38+00:00","og_image":[{"width":799,"height":541,"url":"https:\/\/maranhaotv.com.br\/wp-content\/uploads\/2026\/04\/jorge-messias-ccj-do-senado-foto-Edilson-Rodrigues-agencia-senado-3.jpg","type":"image\/jpeg"}],"author":"maranhaotv","twitter_card":"summary_large_image","twitter_creator":"@sitemaranhaotv","twitter_site":"@sitemaranhaotv","twitter_misc":{"Escrito por":"maranhaotv","Est. tempo de leitura":"1 minuto"},"schema":{"@context":"https:\/\/schema.org","@graph":[{"@type":"Article","@id":"https:\/\/maranhaotv.com.br\/index.php\/2026\/04\/29\/senado-rejeita-indicacao-de-jorge-messias-para-o-stf\/#article","isPartOf":{"@id":"https:\/\/maranhaotv.com.br\/index.php\/2026\/04\/29\/senado-rejeita-indicacao-de-jorge-messias-para-o-stf\/"},"author":{"name":"maranhaotv","@id":"https:\/\/maranhaotv.com.br\/#\/schema\/person\/3d54238e86b20bb5c89ab2fdb8f8829a"},"headline":"Senado rejeita indica\u00e7\u00e3o de Jorge Messias para o STF","datePublished":"2026-04-29T22:50:05+00:00","dateModified":"2026-04-29T22:50:38+00:00","mainEntityOfPage":{"@id":"https:\/\/maranhaotv.com.br\/index.php\/2026\/04\/29\/senado-rejeita-indicacao-de-jorge-messias-para-o-stf\/"},"wordCount":228,"publisher":{"@id":"https:\/\/maranhaotv.com.br\/#organization"},"image":{"@id":"https:\/\/maranhaotv.com.br\/index.php\/2026\/04\/29\/senado-rejeita-indicacao-de-jorge-messias-para-o-stf\/#primaryimage"},"thumbnailUrl":"https:\/\/maranhaotv.com.br\/wp-content\/uploads\/2026\/04\/jorge-messias-ccj-do-senado-foto-Edilson-Rodrigues-agencia-senado-3.jpg","articleSection":["Diversos"],"inLanguage":"pt-BR"},{"@type":"WebPage","@id":"https:\/\/maranhaotv.com.br\/index.php\/2026\/04\/29\/senado-rejeita-indicacao-de-jorge-messias-para-o-stf\/","url":"https:\/\/maranhaotv.com.br\/index.php\/2026\/04\/29\/senado-rejeita-indicacao-de-jorge-messias-para-o-stf\/","name":"Senado rejeita indica\u00e7\u00e3o de Jorge Messias para o STF - NOT\u00cdCIAS EM TEMPO REAL","isPartOf":{"@id":"https:\/\/maranhaotv.com.br\/#website"},"primaryImageOfPage":{"@id":"https:\/\/maranhaotv.com.br\/index.php\/2026\/04\/29\/senado-rejeita-indicacao-de-jorge-messias-para-o-stf\/#primaryimage"},"image":{"@id":"https:\/\/maranhaotv.com.br\/index.php\/2026\/04\/29\/senado-rejeita-indicacao-de-jorge-messias-para-o-stf\/#primaryimage"},"thumbnailUrl":"https:\/\/maranhaotv.com.br\/wp-content\/uploads\/2026\/04\/jorge-messias-ccj-do-senado-foto-Edilson-Rodrigues-agencia-senado-3.jpg","datePublished":"2026-04-29T22:50:05+00:00","dateModified":"2026-04-29T22:50:38+00:00","breadcrumb":{"@id":"https:\/\/maranhaotv.com.br\/index.php\/2026\/04\/29\/senado-rejeita-indicacao-de-jorge-messias-para-o-stf\/#breadcrumb"},"inLanguage":"pt-BR","potentialAction":[{"@type":"ReadAction","target":["https:\/\/maranhaotv.com.br\/index.php\/2026\/04\/29\/senado-rejeita-indicacao-de-jorge-messias-para-o-stf\/"]}]},{"@type":"ImageObject","inLanguage":"pt-BR","@id":"https:\/\/maranhaotv.com.br\/index.php\/2026\/04\/29\/senado-rejeita-indicacao-de-jorge-messias-para-o-stf\/#primaryimage","url":"https:\/\/maranhaotv.com.br\/wp-content\/uploads\/2026\/04\/jorge-messias-ccj-do-senado-foto-Edilson-Rodrigues-agencia-senado-3.jpg","contentUrl":"https:\/\/maranhaotv.com.br\/wp-content\/uploads\/2026\/04\/jorge-messias-ccj-do-senado-foto-Edilson-Rodrigues-agencia-senado-3.jpg","width":799,"height":541},{"@type":"BreadcrumbList","@id":"https:\/\/maranhaotv.com.br\/index.php\/2026\/04\/29\/senado-rejeita-indicacao-de-jorge-messias-para-o-stf\/#breadcrumb","itemListElement":[{"@type":"ListItem","position":1,"name":"In\u00edcio","item":"https:\/\/maranhaotv.com.br\/"},{"@type":"ListItem","position":2,"name":"Senado rejeita indica\u00e7\u00e3o de Jorge Messias para o STF"}]},{"@type":"WebSite","@id":"https:\/\/maranhaotv.com.br\/#website","url":"https:\/\/maranhaotv.com.br\/","name":"Maranh\u00e3oTV","description":"","publisher":{"@id":"https:\/\/maranhaotv.com.br\/#organization"},"potentialAction":[{"@type":"SearchAction","target":{"@type":"EntryPoint","urlTemplate":"https:\/\/maranhaotv.com.br\/?s={search_term_string}"},"query-input":{"@type":"PropertyValueSpecification","valueRequired":true,"valueName":"search_term_string"}}],"inLanguage":"pt-BR"},{"@type":"Organization","@id":"https:\/\/maranhaotv.com.br\/#organization","name":"Portal de Not\u00edcias","url":"https:\/\/maranhaotv.com.br\/","logo":{"@type":"ImageObject","inLanguage":"pt-BR","@id":"https:\/\/maranhaotv.com.br\/#\/schema\/logo\/image\/","url":"https:\/\/maranhaotv.com.br\/wp-content\/uploads\/2024\/05\/cropped-cropped-avatar-1.png","contentUrl":"https:\/\/maranhaotv.com.br\/wp-content\/uploads\/2024\/05\/cropped-cropped-avatar-1.png","width":792,"height":428,"caption":"Portal de Not\u00edcias"},"image":{"@id":"https:\/\/maranhaotv.com.br\/#\/schema\/logo\/image\/"},"sameAs":["https:\/\/www.facebook.com\/maiobaotv","https:\/\/x.com\/sitemaranhaotv","https:\/\/www.instagram.com\/maranhao.tv","https:\/\/www.threads.net\/@maranhao.tv"]},{"@type":"Person","@id":"https:\/\/maranhaotv.com.br\/#\/schema\/person\/3d54238e86b20bb5c89ab2fdb8f8829a","name":"maranhaotv","image":{"@type":"ImageObject","inLanguage":"pt-BR","@id":"https:\/\/secure.gravatar.com\/avatar\/8fadbca458d4cb68b1dd399ae9a40618d747bb1af65ac9fad21c89220a143eb4?s=96&d=mm&r=g","url":"https:\/\/secure.gravatar.com\/avatar\/8fadbca458d4cb68b1dd399ae9a40618d747bb1af65ac9fad21c89220a143eb4?s=96&d=mm&r=g","contentUrl":"https:\/\/secure.gravatar.com\/avatar\/8fadbca458d4cb68b1dd399ae9a40618d747bb1af65ac9fad21c89220a143eb4?s=96&d=mm&r=g","caption":"maranhaotv"},"sameAs":["https:\/\/maranhaotv.com.br\/"],"url":"https:\/\/maranhaotv.com.br\/index.php\/author\/maranhaotv\/"}]}},"jetpack_featured_media_url":"https:\/\/maranhaotv.com.br\/wp-content\/uploads\/2026\/04\/jorge-messias-ccj-do-senado-foto-Edilson-Rodrigues-agencia-senado-3.jpg","jetpack_sharing_enabled":true,"_links":{"self":[{"href":"https:\/\/maranhaotv.com.br\/index.php\/wp-json\/wp\/v2\/posts\/46173","targetHints":{"allow":["GET"]}}],"collection":[{"href":"https:\/\/maranhaotv.com.br\/index.php\/wp-json\/wp\/v2\/posts"}],"about":[{"href":"https:\/\/maranhaotv.com.br\/index.php\/wp-json\/wp\/v2\/types\/post"}],"author":[{"embeddable":true,"href":"https:\/\/maranhaotv.com.br\/index.php\/wp-json\/wp\/v2\/users\/2"}],"replies":[{"embeddable":true,"href":"https:\/\/maranhaotv.com.br\/index.php\/wp-json\/wp\/v2\/comments?post=46173"}],"version-history":[{"count":1,"href":"https:\/\/maranhaotv.com.br\/index.php\/wp-json\/wp\/v2\/posts\/46173\/revisions"}],"predecessor-version":[{"id":46174,"href":"https:\/\/maranhaotv.com.br\/index.php\/wp-json\/wp\/v2\/posts\/46173\/revisions\/46174"}],"wp:featuredmedia":[{"embeddable":true,"href":"https:\/\/maranhaotv.com.br\/index.php\/wp-json\/wp\/v2\/media\/46172"}],"wp:attachment":[{"href":"https:\/\/maranhaotv.com.br\/index.php\/wp-json\/wp\/v2\/media?parent=46173"}],"wp:term":[{"taxonomy":"category","embeddable":true,"href":"https:\/\/maranhaotv.com.br\/index.php\/wp-json\/wp\/v2\/categories?post=46173"},{"taxonomy":"post_tag","embeddable":true,"href":"https:\/\/maranhaotv.com.br\/index.php\/wp-json\/wp\/v2\/tags?post=46173"}],"curies":[{"name":"wp","href":"https:\/\/api.w.org\/{rel}","templated":true}]}}