{"id":46176,"date":"2026-04-30T11:38:04","date_gmt":"2026-04-30T14:38:04","guid":{"rendered":"https:\/\/maranhaotv.com.br\/?p=46176"},"modified":"2026-04-30T11:38:08","modified_gmt":"2026-04-30T14:38:08","slug":"tre-tem-novo-comando-para-as-eleicoes-de-2026-no-maranhao","status":"publish","type":"post","link":"https:\/\/maranhaotv.com.br\/index.php\/2026\/04\/30\/tre-tem-novo-comando-para-as-eleicoes-de-2026-no-maranhao\/","title":{"rendered":"TRE tem novo comando para as elei\u00e7\u00f5es de 2026 no Maranh\u00e3o"},"content":{"rendered":"\n<p><\/p>\n\n\n\n<p>A justi\u00e7a eleitoral maranhense, a partir desta quarta, dia 29 de abril, tem como presidenta a desembargadora Francisca Galiza e como vice-presidente e corregedor o desembargador Sebasti\u00e3o Bonfim. A solenidade de posse de ambos, realizada na sede do \u00f3rg\u00e3o, reuniu autoridades dos poderes judici\u00e1rio, executivo e legislativo, al\u00e9m de familiares, pessoas convidadas e a imprensa.<br><br>A desembargadora Galiza \u00e9 a 6\u00aa mulher a assumir a presid\u00eancia do TRE-MA. Em sua fala, ressaltou que a presen\u00e7a feminina nesses cargos representa um avan\u00e7o, tornando as institui\u00e7\u00f5es mais leg\u00edtimas e plurais. Enfatizou, ainda, que sua posse simboliza n\u00e3o apenas uma conquista individual, mas o reconhecimento de muitas mulheres que, ao longo do tempo, enfrentaram barreiras para ocupar esses espa\u00e7os de poder.<br><br>Pontuou que a Justi\u00e7a Eleitoral \u00e9 uma das institui\u00e7\u00f5es mais singulares do mundo, pois re\u00fane, em uma mesma estrutura, a organiza\u00e7\u00e3o do processo eleitoral, o julgamento dos conflitos que dele decorrem e a guarda da legitimidade do voto, por isso exige preparo t\u00e9cnico, equil\u00edbrio e, acima de tudo, a consci\u00eancia de que cada decis\u00e3o tomada ressoa na vida real de pessoas reais.<br><br>Ao abordar a credibilidade do processo eleitoral, destacou o papel consolidado da urna eletr\u00f4nica brasileira, que se aproxima de 3 d\u00e9cadas de utiliza\u00e7\u00e3o desde sua implanta\u00e7\u00e3o, em 1996, que permite auditoria em todas as etapas do processo \u2014 antes, durante e ap\u00f3s as elei\u00e7\u00f5es \u2014, al\u00e9m de ser submetida regularmente a testes p\u00fablicos.<br><br>A transpar\u00eancia \u00e9 refor\u00e7ada pela possibilidade de acompanhamento por partidos pol\u00edticos, advogadas\/os, representantes da sociedade civil e pela imprensa. Nesse contexto, a desembargadora reiterou o convite para que essas pessoas participem ativamente da fiscaliza\u00e7\u00e3o do processo eleitoral de 2026, garantindo acesso \u00e0s etapas de verifica\u00e7\u00e3o e auditoria das urnas. <br><br>Com rela\u00e7\u00e3o ao combate a desinforma\u00e7\u00e3o e o uso respons\u00e1vel da tecnologia nas elei\u00e7\u00f5es, ela lembrou que s\u00e3o pilares da gest\u00e3o. \u201cA intelig\u00eancia artificial pode ser uma aliada da democracia, desde que usada com transpar\u00eancia e dentro dos limites que a lei estabelece. Este Tribunal estar\u00e1 vigilante para que assim seja\u201d.<br><br>Por fim, reafirmou o compromisso da gest\u00e3o com o rigoroso cumprimento da Constitui\u00e7\u00e3o, das leis e das resolu\u00e7\u00f5es do Tribunal Superior Eleitoral (TSE), tendo como norte a aplica\u00e7\u00e3o da justi\u00e7a de forma imparcial, sem concess\u00f5es ou prefer\u00eancias, sempre orientada pela supremacia do interesse p\u00fablico.<br><br>Tamb\u00e9m destacou a import\u00e2ncia do debate colegiado franco, respeitoso e plural, reconhecendo as diverg\u00eancias de id\u00e9ias como elemento leg\u00edtimo do processo decis\u00f3rio. Finalizou dizendo que a atua\u00e7\u00e3o integrada entre a Presid\u00eancia e a Corregedoria ser\u00e1 fundamental para uma condu\u00e7\u00e3o com base no di\u00e1logo, no respeito m\u00fatuo e no fortalecimento das rela\u00e7\u00f5es internas.<br><br>Por sua vez, o desembargador Sebasti\u00e3o Bonfim registrou que ao assumir a vice-presid\u00eancia e Corregedoria est\u00e1 ciente das responsabilidades inerentes aos cargos, que exigem articula\u00e7\u00e3o, presen\u00e7a institucional e decis\u00f5es firmes. Ressaltou ainda sua experi\u00eancia pr\u00e9via no Tribunal, onde j\u00e1 atuou em diferentes fun\u00e7\u00f5es, lhe proporcionou conhecimento da estrutura e do funcionamento da Corte.<br><br>Com mais de tr\u00eas d\u00e9cadas na magistratura, atuando em diversas comarcas do estado, afirmou que traz para a nova fun\u00e7\u00e3o uma trajet\u00f3ria marcada pelo compromisso com o servi\u00e7o p\u00fablico e pelo respeito a quem precisa dos servi\u00e7os judiciais, princ\u00edpios que orientar\u00e3o sua atua\u00e7\u00e3o no Regional.<br><br>Continuou frisando que, \u201cem outubro de 2026, cerca de cinco milh\u00f5es de eleitoras e eleitores maranhenses v\u00e3o \u00e0s urnas para escolher o ou a presidente da Rep\u00fablica, governador\/a, 2 senadores\/as, deputados\/as federais e estaduais: o pleito mais amplo do nosso ciclo democr\u00e1tico e que o eleitor e a eleitora assim o far\u00e1 esperando encontrar uma justi\u00e7a eleitoral preparada, imparcial, eficiente e comprometida com a transpar\u00eancia e com os princ\u00edpios republicanos essenciais. Portanto, cabe honrar essa expectativa. A democracia se distingue pelo voto e \u00e9 por ele que o povo exerce a soberania como ato concreto, praticado por cada cidad\u00e3o. A Justi\u00e7a Eleitoral existe para garantir que esse ato seja livre, seguro e respeitado em cada uma de suas etapas, isto \u00e9, do cadastramento do\/a eleitor\/a \u00e0 diploma\u00e7\u00e3o. Importa, portanto, defender esse sistema de escolha como dever institucional, fazendo-o com dados e transpar\u00eancia, mostrando \u00e0 sociedade como ele funciona\u201d. <br><br>Concluiu ressaltando a relev\u00e2ncia das pessoas indispens\u00e1veis a esta atividade jurisdicional especializada, como advogados\/as; os\/as membros\/as do Minist\u00e9rio P\u00fablico; e, com especial distin\u00e7\u00e3o, a cada integrante deste Colegiado. Rendeu homenagens tamb\u00e9m a profissionais da imprensa, que, ao acompanharem os fatos com rigor, prestam um servi\u00e7o essencial \u00e0 sociedade. \u201cSua atua\u00e7\u00e3o \u00e9 ferramenta fundamental para o fortalecimento das institui\u00e7\u00f5es e para o vigor do nosso processo democr\u00e1tico\u201d.<\/p>\n","protected":false},"excerpt":{"rendered":"<p>A justi\u00e7a eleitoral maranhense, a partir desta quarta, dia 29 de abril, tem como presidenta a desembargadora Francisca Galiza e<\/p>\n","protected":false},"author":2,"featured_media":46175,"comment_status":"closed","ping_status":"","sticky":false,"template":"","format":"standard","meta":{"colormag_page_container_layout":"default_layout","colormag_page_sidebar_layout":"default_layout","_jetpack_memberships_contains_paid_content":false,"footnotes":""},"categories":[405],"tags":[],"class_list":["post-46176","post","type-post","status-publish","format-standard","has-post-thumbnail","hentry","category-blog"],"magazineBlocksPostFeaturedMedia":{"thumbnail":"https:\/\/maranhaotv.com.br\/wp-content\/uploads\/2026\/04\/image-149-150x150.png","medium":"https:\/\/maranhaotv.com.br\/wp-content\/uploads\/2026\/04\/image-149-300x161.png","medium_large":"https:\/\/maranhaotv.com.br\/wp-content\/uploads\/2026\/04\/image-149.png","large":"https:\/\/maranhaotv.com.br\/wp-content\/uploads\/2026\/04\/image-149.png","1536x1536":"https:\/\/maranhaotv.com.br\/wp-content\/uploads\/2026\/04\/image-149.png","2048x2048":"https:\/\/maranhaotv.com.br\/wp-content\/uploads\/2026\/04\/image-149.png","colormag-highlighted-post":"https:\/\/maranhaotv.com.br\/wp-content\/uploads\/2026\/04\/image-149-392x272.png","colormag-featured-post-medium":"https:\/\/maranhaotv.com.br\/wp-content\/uploads\/2026\/04\/image-149-390x205.png","colormag-featured-post-small":"https:\/\/maranhaotv.com.br\/wp-content\/uploads\/2026\/04\/image-149-130x90.png","colormag-featured-image":"https:\/\/maranhaotv.com.br\/wp-content\/uploads\/2026\/04\/image-149.png","colormag-default-news":"https:\/\/maranhaotv.com.br\/wp-content\/uploads\/2026\/04\/image-149-150x150.png","colormag-featured-image-large":"https:\/\/maranhaotv.com.br\/wp-content\/uploads\/2026\/04\/image-149.png"},"magazineBlocksPostAuthor":{"name":"maranhaotv","avatar":"https:\/\/secure.gravatar.com\/avatar\/8fadbca458d4cb68b1dd399ae9a40618d747bb1af65ac9fad21c89220a143eb4?s=96&d=mm&r=g"},"magazineBlocksPostCommentsNumber":false,"magazineBlocksPostExcerpt":"A justi\u00e7a eleitoral maranhense, a partir desta quarta, dia 29 de abril, tem como presidenta a desembargadora Francisca Galiza e","magazineBlocksPostCategories":["blog"],"magazineBlocksPostViewCount":32,"magazineBlocksPostReadTime":5,"magazine_blocks_featured_image_url":{"full":["https:\/\/maranhaotv.com.br\/wp-content\/uploads\/2026\/04\/image-149.png",763,409,false],"medium":["https:\/\/maranhaotv.com.br\/wp-content\/uploads\/2026\/04\/image-149-300x161.png",300,161,true],"thumbnail":["https:\/\/maranhaotv.com.br\/wp-content\/uploads\/2026\/04\/image-149-150x150.png",150,150,true]},"magazine_blocks_author":{"display_name":"maranhaotv","author_link":"https:\/\/maranhaotv.com.br\/index.php\/author\/maranhaotv\/"},"magazine_blocks_comment":0,"magazine_blocks_author_image":"https:\/\/secure.gravatar.com\/avatar\/8fadbca458d4cb68b1dd399ae9a40618d747bb1af65ac9fad21c89220a143eb4?s=96&d=mm&r=g","magazine_blocks_category":"<a href=\"#\" class=\"category-link category-link-405\">blog<\/a>","yoast_head":"<!-- This site is optimized with the Yoast SEO plugin v27.4 - https:\/\/yoast.com\/product\/yoast-seo-wordpress\/ -->\n<title>TRE tem novo comando para as elei\u00e7\u00f5es de 2026 no Maranh\u00e3o - NOT\u00cdCIAS EM TEMPO REAL<\/title>\n<meta name=\"robots\" content=\"index, follow, max-snippet:-1, max-image-preview:large, max-video-preview:-1\" \/>\n<link rel=\"canonical\" href=\"https:\/\/maranhaotv.com.br\/index.php\/2026\/04\/30\/tre-tem-novo-comando-para-as-eleicoes-de-2026-no-maranhao\/\" \/>\n<meta property=\"og:locale\" content=\"pt_BR\" \/>\n<meta property=\"og:type\" content=\"article\" \/>\n<meta property=\"og:title\" content=\"TRE tem novo comando para as elei\u00e7\u00f5es de 2026 no Maranh\u00e3o - NOT\u00cdCIAS EM TEMPO REAL\" \/>\n<meta property=\"og:description\" content=\"A justi\u00e7a eleitoral maranhense, a partir desta quarta, dia 29 de abril, tem como presidenta a desembargadora Francisca Galiza e\" \/>\n<meta property=\"og:url\" content=\"https:\/\/maranhaotv.com.br\/index.php\/2026\/04\/30\/tre-tem-novo-comando-para-as-eleicoes-de-2026-no-maranhao\/\" \/>\n<meta property=\"og:site_name\" content=\"NOT\u00cdCIAS EM TEMPO REAL\" \/>\n<meta property=\"article:publisher\" content=\"https:\/\/www.facebook.com\/maiobaotv\" \/>\n<meta property=\"article:published_time\" content=\"2026-04-30T14:38:04+00:00\" \/>\n<meta property=\"article:modified_time\" content=\"2026-04-30T14:38:08+00:00\" \/>\n<meta property=\"og:image\" content=\"https:\/\/maranhaotv.com.br\/wp-content\/uploads\/2026\/04\/image-149.png\" \/>\n\t<meta property=\"og:image:width\" content=\"763\" \/>\n\t<meta property=\"og:image:height\" content=\"409\" \/>\n\t<meta property=\"og:image:type\" content=\"image\/png\" \/>\n<meta name=\"author\" content=\"maranhaotv\" \/>\n<meta name=\"twitter:card\" content=\"summary_large_image\" \/>\n<meta name=\"twitter:creator\" content=\"@sitemaranhaotv\" \/>\n<meta name=\"twitter:site\" content=\"@sitemaranhaotv\" \/>\n<meta name=\"twitter:label1\" content=\"Escrito por\" \/>\n\t<meta name=\"twitter:data1\" content=\"maranhaotv\" \/>\n\t<meta name=\"twitter:label2\" content=\"Est. tempo de leitura\" \/>\n\t<meta name=\"twitter:data2\" content=\"4 minutos\" \/>\n<script type=\"application\/ld+json\" class=\"yoast-schema-graph\">{\"@context\":\"https:\\\/\\\/schema.org\",\"@graph\":[{\"@type\":\"Article\",\"@id\":\"https:\\\/\\\/maranhaotv.com.br\\\/index.php\\\/2026\\\/04\\\/30\\\/tre-tem-novo-comando-para-as-eleicoes-de-2026-no-maranhao\\\/#article\",\"isPartOf\":{\"@id\":\"https:\\\/\\\/maranhaotv.com.br\\\/index.php\\\/2026\\\/04\\\/30\\\/tre-tem-novo-comando-para-as-eleicoes-de-2026-no-maranhao\\\/\"},\"author\":{\"name\":\"maranhaotv\",\"@id\":\"https:\\\/\\\/maranhaotv.com.br\\\/#\\\/schema\\\/person\\\/3d54238e86b20bb5c89ab2fdb8f8829a\"},\"headline\":\"TRE tem novo comando para as elei\u00e7\u00f5es de 2026 no Maranh\u00e3o\",\"datePublished\":\"2026-04-30T14:38:04+00:00\",\"dateModified\":\"2026-04-30T14:38:08+00:00\",\"mainEntityOfPage\":{\"@id\":\"https:\\\/\\\/maranhaotv.com.br\\\/index.php\\\/2026\\\/04\\\/30\\\/tre-tem-novo-comando-para-as-eleicoes-de-2026-no-maranhao\\\/\"},\"wordCount\":844,\"publisher\":{\"@id\":\"https:\\\/\\\/maranhaotv.com.br\\\/#organization\"},\"image\":{\"@id\":\"https:\\\/\\\/maranhaotv.com.br\\\/index.php\\\/2026\\\/04\\\/30\\\/tre-tem-novo-comando-para-as-eleicoes-de-2026-no-maranhao\\\/#primaryimage\"},\"thumbnailUrl\":\"https:\\\/\\\/maranhaotv.com.br\\\/wp-content\\\/uploads\\\/2026\\\/04\\\/image-149.png\",\"articleSection\":[\"blog\"],\"inLanguage\":\"pt-BR\"},{\"@type\":\"WebPage\",\"@id\":\"https:\\\/\\\/maranhaotv.com.br\\\/index.php\\\/2026\\\/04\\\/30\\\/tre-tem-novo-comando-para-as-eleicoes-de-2026-no-maranhao\\\/\",\"url\":\"https:\\\/\\\/maranhaotv.com.br\\\/index.php\\\/2026\\\/04\\\/30\\\/tre-tem-novo-comando-para-as-eleicoes-de-2026-no-maranhao\\\/\",\"name\":\"TRE tem novo comando para as elei\u00e7\u00f5es de 2026 no Maranh\u00e3o - NOT\u00cdCIAS EM TEMPO REAL\",\"isPartOf\":{\"@id\":\"https:\\\/\\\/maranhaotv.com.br\\\/#website\"},\"primaryImageOfPage\":{\"@id\":\"https:\\\/\\\/maranhaotv.com.br\\\/index.php\\\/2026\\\/04\\\/30\\\/tre-tem-novo-comando-para-as-eleicoes-de-2026-no-maranhao\\\/#primaryimage\"},\"image\":{\"@id\":\"https:\\\/\\\/maranhaotv.com.br\\\/index.php\\\/2026\\\/04\\\/30\\\/tre-tem-novo-comando-para-as-eleicoes-de-2026-no-maranhao\\\/#primaryimage\"},\"thumbnailUrl\":\"https:\\\/\\\/maranhaotv.com.br\\\/wp-content\\\/uploads\\\/2026\\\/04\\\/image-149.png\",\"datePublished\":\"2026-04-30T14:38:04+00:00\",\"dateModified\":\"2026-04-30T14:38:08+00:00\",\"breadcrumb\":{\"@id\":\"https:\\\/\\\/maranhaotv.com.br\\\/index.php\\\/2026\\\/04\\\/30\\\/tre-tem-novo-comando-para-as-eleicoes-de-2026-no-maranhao\\\/#breadcrumb\"},\"inLanguage\":\"pt-BR\",\"potentialAction\":[{\"@type\":\"ReadAction\",\"target\":[\"https:\\\/\\\/maranhaotv.com.br\\\/index.php\\\/2026\\\/04\\\/30\\\/tre-tem-novo-comando-para-as-eleicoes-de-2026-no-maranhao\\\/\"]}]},{\"@type\":\"ImageObject\",\"inLanguage\":\"pt-BR\",\"@id\":\"https:\\\/\\\/maranhaotv.com.br\\\/index.php\\\/2026\\\/04\\\/30\\\/tre-tem-novo-comando-para-as-eleicoes-de-2026-no-maranhao\\\/#primaryimage\",\"url\":\"https:\\\/\\\/maranhaotv.com.br\\\/wp-content\\\/uploads\\\/2026\\\/04\\\/image-149.png\",\"contentUrl\":\"https:\\\/\\\/maranhaotv.com.br\\\/wp-content\\\/uploads\\\/2026\\\/04\\\/image-149.png\",\"width\":763,\"height\":409},{\"@type\":\"BreadcrumbList\",\"@id\":\"https:\\\/\\\/maranhaotv.com.br\\\/index.php\\\/2026\\\/04\\\/30\\\/tre-tem-novo-comando-para-as-eleicoes-de-2026-no-maranhao\\\/#breadcrumb\",\"itemListElement\":[{\"@type\":\"ListItem\",\"position\":1,\"name\":\"In\u00edcio\",\"item\":\"https:\\\/\\\/maranhaotv.com.br\\\/\"},{\"@type\":\"ListItem\",\"position\":2,\"name\":\"TRE tem novo comando para as elei\u00e7\u00f5es de 2026 no Maranh\u00e3o\"}]},{\"@type\":\"WebSite\",\"@id\":\"https:\\\/\\\/maranhaotv.com.br\\\/#website\",\"url\":\"https:\\\/\\\/maranhaotv.com.br\\\/\",\"name\":\"Maranh\u00e3oTV\",\"description\":\"\",\"publisher\":{\"@id\":\"https:\\\/\\\/maranhaotv.com.br\\\/#organization\"},\"potentialAction\":[{\"@type\":\"SearchAction\",\"target\":{\"@type\":\"EntryPoint\",\"urlTemplate\":\"https:\\\/\\\/maranhaotv.com.br\\\/?s={search_term_string}\"},\"query-input\":{\"@type\":\"PropertyValueSpecification\",\"valueRequired\":true,\"valueName\":\"search_term_string\"}}],\"inLanguage\":\"pt-BR\"},{\"@type\":\"Organization\",\"@id\":\"https:\\\/\\\/maranhaotv.com.br\\\/#organization\",\"name\":\"Portal de Not\u00edcias\",\"url\":\"https:\\\/\\\/maranhaotv.com.br\\\/\",\"logo\":{\"@type\":\"ImageObject\",\"inLanguage\":\"pt-BR\",\"@id\":\"https:\\\/\\\/maranhaotv.com.br\\\/#\\\/schema\\\/logo\\\/image\\\/\",\"url\":\"https:\\\/\\\/maranhaotv.com.br\\\/wp-content\\\/uploads\\\/2024\\\/05\\\/cropped-cropped-avatar-1.png\",\"contentUrl\":\"https:\\\/\\\/maranhaotv.com.br\\\/wp-content\\\/uploads\\\/2024\\\/05\\\/cropped-cropped-avatar-1.png\",\"width\":792,\"height\":428,\"caption\":\"Portal de Not\u00edcias\"},\"image\":{\"@id\":\"https:\\\/\\\/maranhaotv.com.br\\\/#\\\/schema\\\/logo\\\/image\\\/\"},\"sameAs\":[\"https:\\\/\\\/www.facebook.com\\\/maiobaotv\",\"https:\\\/\\\/x.com\\\/sitemaranhaotv\",\"https:\\\/\\\/www.instagram.com\\\/maranhao.tv\",\"https:\\\/\\\/www.threads.net\\\/@maranhao.tv\"]},{\"@type\":\"Person\",\"@id\":\"https:\\\/\\\/maranhaotv.com.br\\\/#\\\/schema\\\/person\\\/3d54238e86b20bb5c89ab2fdb8f8829a\",\"name\":\"maranhaotv\",\"image\":{\"@type\":\"ImageObject\",\"inLanguage\":\"pt-BR\",\"@id\":\"https:\\\/\\\/secure.gravatar.com\\\/avatar\\\/8fadbca458d4cb68b1dd399ae9a40618d747bb1af65ac9fad21c89220a143eb4?s=96&d=mm&r=g\",\"url\":\"https:\\\/\\\/secure.gravatar.com\\\/avatar\\\/8fadbca458d4cb68b1dd399ae9a40618d747bb1af65ac9fad21c89220a143eb4?s=96&d=mm&r=g\",\"contentUrl\":\"https:\\\/\\\/secure.gravatar.com\\\/avatar\\\/8fadbca458d4cb68b1dd399ae9a40618d747bb1af65ac9fad21c89220a143eb4?s=96&d=mm&r=g\",\"caption\":\"maranhaotv\"},\"sameAs\":[\"https:\\\/\\\/maranhaotv.com.br\\\/\"],\"url\":\"https:\\\/\\\/maranhaotv.com.br\\\/index.php\\\/author\\\/maranhaotv\\\/\"}]}<\/script>\n<!-- \/ Yoast SEO plugin. -->","yoast_head_json":{"title":"TRE tem novo comando para as elei\u00e7\u00f5es de 2026 no Maranh\u00e3o - NOT\u00cdCIAS EM TEMPO REAL","robots":{"index":"index","follow":"follow","max-snippet":"max-snippet:-1","max-image-preview":"max-image-preview:large","max-video-preview":"max-video-preview:-1"},"canonical":"https:\/\/maranhaotv.com.br\/index.php\/2026\/04\/30\/tre-tem-novo-comando-para-as-eleicoes-de-2026-no-maranhao\/","og_locale":"pt_BR","og_type":"article","og_title":"TRE tem novo comando para as elei\u00e7\u00f5es de 2026 no Maranh\u00e3o - NOT\u00cdCIAS EM TEMPO REAL","og_description":"A justi\u00e7a eleitoral maranhense, a partir desta quarta, dia 29 de abril, tem como presidenta a desembargadora Francisca Galiza e","og_url":"https:\/\/maranhaotv.com.br\/index.php\/2026\/04\/30\/tre-tem-novo-comando-para-as-eleicoes-de-2026-no-maranhao\/","og_site_name":"NOT\u00cdCIAS EM TEMPO REAL","article_publisher":"https:\/\/www.facebook.com\/maiobaotv","article_published_time":"2026-04-30T14:38:04+00:00","article_modified_time":"2026-04-30T14:38:08+00:00","og_image":[{"width":763,"height":409,"url":"https:\/\/maranhaotv.com.br\/wp-content\/uploads\/2026\/04\/image-149.png","type":"image\/png"}],"author":"maranhaotv","twitter_card":"summary_large_image","twitter_creator":"@sitemaranhaotv","twitter_site":"@sitemaranhaotv","twitter_misc":{"Escrito por":"maranhaotv","Est. tempo de leitura":"4 minutos"},"schema":{"@context":"https:\/\/schema.org","@graph":[{"@type":"Article","@id":"https:\/\/maranhaotv.com.br\/index.php\/2026\/04\/30\/tre-tem-novo-comando-para-as-eleicoes-de-2026-no-maranhao\/#article","isPartOf":{"@id":"https:\/\/maranhaotv.com.br\/index.php\/2026\/04\/30\/tre-tem-novo-comando-para-as-eleicoes-de-2026-no-maranhao\/"},"author":{"name":"maranhaotv","@id":"https:\/\/maranhaotv.com.br\/#\/schema\/person\/3d54238e86b20bb5c89ab2fdb8f8829a"},"headline":"TRE tem novo comando para as elei\u00e7\u00f5es de 2026 no Maranh\u00e3o","datePublished":"2026-04-30T14:38:04+00:00","dateModified":"2026-04-30T14:38:08+00:00","mainEntityOfPage":{"@id":"https:\/\/maranhaotv.com.br\/index.php\/2026\/04\/30\/tre-tem-novo-comando-para-as-eleicoes-de-2026-no-maranhao\/"},"wordCount":844,"publisher":{"@id":"https:\/\/maranhaotv.com.br\/#organization"},"image":{"@id":"https:\/\/maranhaotv.com.br\/index.php\/2026\/04\/30\/tre-tem-novo-comando-para-as-eleicoes-de-2026-no-maranhao\/#primaryimage"},"thumbnailUrl":"https:\/\/maranhaotv.com.br\/wp-content\/uploads\/2026\/04\/image-149.png","articleSection":["blog"],"inLanguage":"pt-BR"},{"@type":"WebPage","@id":"https:\/\/maranhaotv.com.br\/index.php\/2026\/04\/30\/tre-tem-novo-comando-para-as-eleicoes-de-2026-no-maranhao\/","url":"https:\/\/maranhaotv.com.br\/index.php\/2026\/04\/30\/tre-tem-novo-comando-para-as-eleicoes-de-2026-no-maranhao\/","name":"TRE tem novo comando para as elei\u00e7\u00f5es de 2026 no Maranh\u00e3o - NOT\u00cdCIAS EM TEMPO REAL","isPartOf":{"@id":"https:\/\/maranhaotv.com.br\/#website"},"primaryImageOfPage":{"@id":"https:\/\/maranhaotv.com.br\/index.php\/2026\/04\/30\/tre-tem-novo-comando-para-as-eleicoes-de-2026-no-maranhao\/#primaryimage"},"image":{"@id":"https:\/\/maranhaotv.com.br\/index.php\/2026\/04\/30\/tre-tem-novo-comando-para-as-eleicoes-de-2026-no-maranhao\/#primaryimage"},"thumbnailUrl":"https:\/\/maranhaotv.com.br\/wp-content\/uploads\/2026\/04\/image-149.png","datePublished":"2026-04-30T14:38:04+00:00","dateModified":"2026-04-30T14:38:08+00:00","breadcrumb":{"@id":"https:\/\/maranhaotv.com.br\/index.php\/2026\/04\/30\/tre-tem-novo-comando-para-as-eleicoes-de-2026-no-maranhao\/#breadcrumb"},"inLanguage":"pt-BR","potentialAction":[{"@type":"ReadAction","target":["https:\/\/maranhaotv.com.br\/index.php\/2026\/04\/30\/tre-tem-novo-comando-para-as-eleicoes-de-2026-no-maranhao\/"]}]},{"@type":"ImageObject","inLanguage":"pt-BR","@id":"https:\/\/maranhaotv.com.br\/index.php\/2026\/04\/30\/tre-tem-novo-comando-para-as-eleicoes-de-2026-no-maranhao\/#primaryimage","url":"https:\/\/maranhaotv.com.br\/wp-content\/uploads\/2026\/04\/image-149.png","contentUrl":"https:\/\/maranhaotv.com.br\/wp-content\/uploads\/2026\/04\/image-149.png","width":763,"height":409},{"@type":"BreadcrumbList","@id":"https:\/\/maranhaotv.com.br\/index.php\/2026\/04\/30\/tre-tem-novo-comando-para-as-eleicoes-de-2026-no-maranhao\/#breadcrumb","itemListElement":[{"@type":"ListItem","position":1,"name":"In\u00edcio","item":"https:\/\/maranhaotv.com.br\/"},{"@type":"ListItem","position":2,"name":"TRE tem novo comando para as elei\u00e7\u00f5es de 2026 no Maranh\u00e3o"}]},{"@type":"WebSite","@id":"https:\/\/maranhaotv.com.br\/#website","url":"https:\/\/maranhaotv.com.br\/","name":"Maranh\u00e3oTV","description":"","publisher":{"@id":"https:\/\/maranhaotv.com.br\/#organization"},"potentialAction":[{"@type":"SearchAction","target":{"@type":"EntryPoint","urlTemplate":"https:\/\/maranhaotv.com.br\/?s={search_term_string}"},"query-input":{"@type":"PropertyValueSpecification","valueRequired":true,"valueName":"search_term_string"}}],"inLanguage":"pt-BR"},{"@type":"Organization","@id":"https:\/\/maranhaotv.com.br\/#organization","name":"Portal de Not\u00edcias","url":"https:\/\/maranhaotv.com.br\/","logo":{"@type":"ImageObject","inLanguage":"pt-BR","@id":"https:\/\/maranhaotv.com.br\/#\/schema\/logo\/image\/","url":"https:\/\/maranhaotv.com.br\/wp-content\/uploads\/2024\/05\/cropped-cropped-avatar-1.png","contentUrl":"https:\/\/maranhaotv.com.br\/wp-content\/uploads\/2024\/05\/cropped-cropped-avatar-1.png","width":792,"height":428,"caption":"Portal de Not\u00edcias"},"image":{"@id":"https:\/\/maranhaotv.com.br\/#\/schema\/logo\/image\/"},"sameAs":["https:\/\/www.facebook.com\/maiobaotv","https:\/\/x.com\/sitemaranhaotv","https:\/\/www.instagram.com\/maranhao.tv","https:\/\/www.threads.net\/@maranhao.tv"]},{"@type":"Person","@id":"https:\/\/maranhaotv.com.br\/#\/schema\/person\/3d54238e86b20bb5c89ab2fdb8f8829a","name":"maranhaotv","image":{"@type":"ImageObject","inLanguage":"pt-BR","@id":"https:\/\/secure.gravatar.com\/avatar\/8fadbca458d4cb68b1dd399ae9a40618d747bb1af65ac9fad21c89220a143eb4?s=96&d=mm&r=g","url":"https:\/\/secure.gravatar.com\/avatar\/8fadbca458d4cb68b1dd399ae9a40618d747bb1af65ac9fad21c89220a143eb4?s=96&d=mm&r=g","contentUrl":"https:\/\/secure.gravatar.com\/avatar\/8fadbca458d4cb68b1dd399ae9a40618d747bb1af65ac9fad21c89220a143eb4?s=96&d=mm&r=g","caption":"maranhaotv"},"sameAs":["https:\/\/maranhaotv.com.br\/"],"url":"https:\/\/maranhaotv.com.br\/index.php\/author\/maranhaotv\/"}]}},"jetpack_featured_media_url":"https:\/\/maranhaotv.com.br\/wp-content\/uploads\/2026\/04\/image-149.png","jetpack_sharing_enabled":true,"_links":{"self":[{"href":"https:\/\/maranhaotv.com.br\/index.php\/wp-json\/wp\/v2\/posts\/46176","targetHints":{"allow":["GET"]}}],"collection":[{"href":"https:\/\/maranhaotv.com.br\/index.php\/wp-json\/wp\/v2\/posts"}],"about":[{"href":"https:\/\/maranhaotv.com.br\/index.php\/wp-json\/wp\/v2\/types\/post"}],"author":[{"embeddable":true,"href":"https:\/\/maranhaotv.com.br\/index.php\/wp-json\/wp\/v2\/users\/2"}],"replies":[{"embeddable":true,"href":"https:\/\/maranhaotv.com.br\/index.php\/wp-json\/wp\/v2\/comments?post=46176"}],"version-history":[{"count":1,"href":"https:\/\/maranhaotv.com.br\/index.php\/wp-json\/wp\/v2\/posts\/46176\/revisions"}],"predecessor-version":[{"id":46177,"href":"https:\/\/maranhaotv.com.br\/index.php\/wp-json\/wp\/v2\/posts\/46176\/revisions\/46177"}],"wp:featuredmedia":[{"embeddable":true,"href":"https:\/\/maranhaotv.com.br\/index.php\/wp-json\/wp\/v2\/media\/46175"}],"wp:attachment":[{"href":"https:\/\/maranhaotv.com.br\/index.php\/wp-json\/wp\/v2\/media?parent=46176"}],"wp:term":[{"taxonomy":"category","embeddable":true,"href":"https:\/\/maranhaotv.com.br\/index.php\/wp-json\/wp\/v2\/categories?post=46176"},{"taxonomy":"post_tag","embeddable":true,"href":"https:\/\/maranhaotv.com.br\/index.php\/wp-json\/wp\/v2\/tags?post=46176"}],"curies":[{"name":"wp","href":"https:\/\/api.w.org\/{rel}","templated":true}]}}