{"id":46179,"date":"2026-04-30T11:40:02","date_gmt":"2026-04-30T14:40:02","guid":{"rendered":"https:\/\/maranhaotv.com.br\/?p=46179"},"modified":"2026-04-30T11:40:06","modified_gmt":"2026-04-30T14:40:06","slug":"weverton-lamenta-que-questoes-politicas-e-eleitorais-barraram-messias","status":"publish","type":"post","link":"https:\/\/maranhaotv.com.br\/index.php\/2026\/04\/30\/weverton-lamenta-que-questoes-politicas-e-eleitorais-barraram-messias\/","title":{"rendered":"Weverton lamenta que \u2018quest\u00f5es pol\u00edticas e eleitorais\u2019 barraram Messias"},"content":{"rendered":"\n<p><\/p>\n\n\n\n<p>O senador Weverton Rocha atribuiu a fatores pol\u00edticos e eleitorais a rejei\u00e7\u00e3o, pelo Senado Federal, da indica\u00e7\u00e3o de Jorge Messias para o Supremo Tribunal Federal (STF). Em manifesta\u00e7\u00e3o nas redes sociais, o parlamentar afirmou que atuou, a pedido do presidente Luiz In\u00e1cio Lula da Silva, na articula\u00e7\u00e3o pela aprova\u00e7\u00e3o do nome ao longo dos \u00faltimos quatro meses.<br><br>Segundo Weverton, Messias re\u00fane \u201cperfil moderado\u201d e qualifica\u00e7\u00e3o t\u00e9cnica para integrar a Corte, mas acabou derrotado em meio ao que classificou como interfer\u00eancia de interesses pol\u00edticos no julgamento da indica\u00e7\u00e3o. \u201cUma pena que quest\u00f5es pol\u00edticas e eleitorais tenham tido um peso maior na decis\u00e3o do Plen\u00e1rio\u201d, declarou.<br><br>O senador tamb\u00e9m ressaltou que, apesar do resultado adverso, a decis\u00e3o da maioria dos parlamentares deve ser respeitada. Ele refor\u00e7ou ainda que seguir\u00e1 alinhado ao governo federal na defesa das pautas priorit\u00e1rias. \u201cSeguimos lutando pelas pautas nas quais acreditamos, ao lado do presidente Lula\u201d, afirmou.<br><br>A indica\u00e7\u00e3o de Jorge Messias foi rejeitada pelo plen\u00e1rio do Senado, em um epis\u00f3dio considerado hist\u00f3rico, j\u00e1 que n\u00e3o havia precedente recente de recusa a um nome indicado pelo presidente da Rep\u00fablica para o STF. Com a decis\u00e3o, caber\u00e1 a Lula encaminhar uma nova indica\u00e7\u00e3o para a vaga aberta na Corte.<\/p>\n","protected":false},"excerpt":{"rendered":"<p>O senador Weverton Rocha atribuiu a fatores pol\u00edticos e eleitorais a rejei\u00e7\u00e3o, pelo Senado Federal, da indica\u00e7\u00e3o de Jorge Messias<\/p>\n","protected":false},"author":2,"featured_media":46178,"comment_status":"closed","ping_status":"","sticky":false,"template":"","format":"standard","meta":{"colormag_page_container_layout":"default_layout","colormag_page_sidebar_layout":"default_layout","_jetpack_memberships_contains_paid_content":false,"footnotes":""},"categories":[405],"tags":[],"class_list":["post-46179","post","type-post","status-publish","format-standard","has-post-thumbnail","hentry","category-blog"],"magazineBlocksPostFeaturedMedia":{"thumbnail":"https:\/\/maranhaotv.com.br\/wp-content\/uploads\/2026\/04\/image_editor_output_image38523563-1777559974776-150x150.jpg","medium":"https:\/\/maranhaotv.com.br\/wp-content\/uploads\/2026\/04\/image_editor_output_image38523563-1777559974776-300x145.jpg","medium_large":"https:\/\/maranhaotv.com.br\/wp-content\/uploads\/2026\/04\/image_editor_output_image38523563-1777559974776-768x372.jpg","large":"https:\/\/maranhaotv.com.br\/wp-content\/uploads\/2026\/04\/image_editor_output_image38523563-1777559974776-1024x496.jpg","1536x1536":"https:\/\/maranhaotv.com.br\/wp-content\/uploads\/2026\/04\/image_editor_output_image38523563-1777559974776.jpg","2048x2048":"https:\/\/maranhaotv.com.br\/wp-content\/uploads\/2026\/04\/image_editor_output_image38523563-1777559974776.jpg","colormag-highlighted-post":"https:\/\/maranhaotv.com.br\/wp-content\/uploads\/2026\/04\/image_editor_output_image38523563-1777559974776-392x272.jpg","colormag-featured-post-medium":"https:\/\/maranhaotv.com.br\/wp-content\/uploads\/2026\/04\/image_editor_output_image38523563-1777559974776-390x205.jpg","colormag-featured-post-small":"https:\/\/maranhaotv.com.br\/wp-content\/uploads\/2026\/04\/image_editor_output_image38523563-1777559974776-130x90.jpg","colormag-featured-image":"https:\/\/maranhaotv.com.br\/wp-content\/uploads\/2026\/04\/image_editor_output_image38523563-1777559974776-800x445.jpg","colormag-default-news":"https:\/\/maranhaotv.com.br\/wp-content\/uploads\/2026\/04\/image_editor_output_image38523563-1777559974776-150x150.jpg","colormag-featured-image-large":"https:\/\/maranhaotv.com.br\/wp-content\/uploads\/2026\/04\/image_editor_output_image38523563-1777559974776.jpg"},"magazineBlocksPostAuthor":{"name":"maranhaotv","avatar":"https:\/\/secure.gravatar.com\/avatar\/8fadbca458d4cb68b1dd399ae9a40618d747bb1af65ac9fad21c89220a143eb4?s=96&d=mm&r=g"},"magazineBlocksPostCommentsNumber":false,"magazineBlocksPostExcerpt":"O senador Weverton Rocha atribuiu a fatores pol\u00edticos e eleitorais a rejei\u00e7\u00e3o, pelo Senado Federal, da indica\u00e7\u00e3o de Jorge Messias","magazineBlocksPostCategories":["blog"],"magazineBlocksPostViewCount":34,"magazineBlocksPostReadTime":2,"magazine_blocks_featured_image_url":{"full":["https:\/\/maranhaotv.com.br\/wp-content\/uploads\/2026\/04\/image_editor_output_image38523563-1777559974776.jpg",1078,522,false],"medium":["https:\/\/maranhaotv.com.br\/wp-content\/uploads\/2026\/04\/image_editor_output_image38523563-1777559974776-300x145.jpg",300,145,true],"thumbnail":["https:\/\/maranhaotv.com.br\/wp-content\/uploads\/2026\/04\/image_editor_output_image38523563-1777559974776-150x150.jpg",150,150,true]},"magazine_blocks_author":{"display_name":"maranhaotv","author_link":"https:\/\/maranhaotv.com.br\/index.php\/author\/maranhaotv\/"},"magazine_blocks_comment":0,"magazine_blocks_author_image":"https:\/\/secure.gravatar.com\/avatar\/8fadbca458d4cb68b1dd399ae9a40618d747bb1af65ac9fad21c89220a143eb4?s=96&d=mm&r=g","magazine_blocks_category":"<a href=\"#\" class=\"category-link category-link-405\">blog<\/a>","yoast_head":"<!-- This site is optimized with the Yoast SEO plugin v27.4 - https:\/\/yoast.com\/product\/yoast-seo-wordpress\/ -->\n<title>Weverton lamenta que \u2018quest\u00f5es pol\u00edticas e eleitorais\u2019 barraram Messias - NOT\u00cdCIAS EM TEMPO REAL<\/title>\n<meta name=\"robots\" content=\"index, follow, max-snippet:-1, max-image-preview:large, max-video-preview:-1\" \/>\n<link rel=\"canonical\" href=\"https:\/\/maranhaotv.com.br\/index.php\/2026\/04\/30\/weverton-lamenta-que-questoes-politicas-e-eleitorais-barraram-messias\/\" \/>\n<meta property=\"og:locale\" content=\"pt_BR\" \/>\n<meta property=\"og:type\" content=\"article\" \/>\n<meta property=\"og:title\" content=\"Weverton lamenta que \u2018quest\u00f5es pol\u00edticas e eleitorais\u2019 barraram Messias - NOT\u00cdCIAS EM TEMPO REAL\" \/>\n<meta property=\"og:description\" content=\"O senador Weverton Rocha atribuiu a fatores pol\u00edticos e eleitorais a rejei\u00e7\u00e3o, pelo Senado Federal, da indica\u00e7\u00e3o de Jorge Messias\" \/>\n<meta property=\"og:url\" content=\"https:\/\/maranhaotv.com.br\/index.php\/2026\/04\/30\/weverton-lamenta-que-questoes-politicas-e-eleitorais-barraram-messias\/\" \/>\n<meta property=\"og:site_name\" content=\"NOT\u00cdCIAS EM TEMPO REAL\" \/>\n<meta property=\"article:publisher\" content=\"https:\/\/www.facebook.com\/maiobaotv\" \/>\n<meta property=\"article:published_time\" content=\"2026-04-30T14:40:02+00:00\" \/>\n<meta property=\"article:modified_time\" content=\"2026-04-30T14:40:06+00:00\" \/>\n<meta property=\"og:image\" content=\"https:\/\/maranhaotv.com.br\/wp-content\/uploads\/2026\/04\/image_editor_output_image38523563-1777559974776.jpg\" \/>\n\t<meta property=\"og:image:width\" content=\"1078\" \/>\n\t<meta property=\"og:image:height\" content=\"522\" \/>\n\t<meta property=\"og:image:type\" content=\"image\/jpeg\" \/>\n<meta name=\"author\" content=\"maranhaotv\" \/>\n<meta name=\"twitter:card\" content=\"summary_large_image\" \/>\n<meta name=\"twitter:creator\" content=\"@sitemaranhaotv\" \/>\n<meta name=\"twitter:site\" content=\"@sitemaranhaotv\" \/>\n<meta name=\"twitter:label1\" content=\"Escrito por\" \/>\n\t<meta name=\"twitter:data1\" content=\"maranhaotv\" \/>\n\t<meta name=\"twitter:label2\" content=\"Est. tempo de leitura\" \/>\n\t<meta name=\"twitter:data2\" content=\"1 minuto\" \/>\n<script type=\"application\/ld+json\" class=\"yoast-schema-graph\">{\"@context\":\"https:\\\/\\\/schema.org\",\"@graph\":[{\"@type\":\"Article\",\"@id\":\"https:\\\/\\\/maranhaotv.com.br\\\/index.php\\\/2026\\\/04\\\/30\\\/weverton-lamenta-que-questoes-politicas-e-eleitorais-barraram-messias\\\/#article\",\"isPartOf\":{\"@id\":\"https:\\\/\\\/maranhaotv.com.br\\\/index.php\\\/2026\\\/04\\\/30\\\/weverton-lamenta-que-questoes-politicas-e-eleitorais-barraram-messias\\\/\"},\"author\":{\"name\":\"maranhaotv\",\"@id\":\"https:\\\/\\\/maranhaotv.com.br\\\/#\\\/schema\\\/person\\\/3d54238e86b20bb5c89ab2fdb8f8829a\"},\"headline\":\"Weverton lamenta que \u2018quest\u00f5es pol\u00edticas e eleitorais\u2019 barraram Messias\",\"datePublished\":\"2026-04-30T14:40:02+00:00\",\"dateModified\":\"2026-04-30T14:40:06+00:00\",\"mainEntityOfPage\":{\"@id\":\"https:\\\/\\\/maranhaotv.com.br\\\/index.php\\\/2026\\\/04\\\/30\\\/weverton-lamenta-que-questoes-politicas-e-eleitorais-barraram-messias\\\/\"},\"wordCount\":240,\"publisher\":{\"@id\":\"https:\\\/\\\/maranhaotv.com.br\\\/#organization\"},\"image\":{\"@id\":\"https:\\\/\\\/maranhaotv.com.br\\\/index.php\\\/2026\\\/04\\\/30\\\/weverton-lamenta-que-questoes-politicas-e-eleitorais-barraram-messias\\\/#primaryimage\"},\"thumbnailUrl\":\"https:\\\/\\\/maranhaotv.com.br\\\/wp-content\\\/uploads\\\/2026\\\/04\\\/image_editor_output_image38523563-1777559974776.jpg\",\"articleSection\":[\"blog\"],\"inLanguage\":\"pt-BR\"},{\"@type\":\"WebPage\",\"@id\":\"https:\\\/\\\/maranhaotv.com.br\\\/index.php\\\/2026\\\/04\\\/30\\\/weverton-lamenta-que-questoes-politicas-e-eleitorais-barraram-messias\\\/\",\"url\":\"https:\\\/\\\/maranhaotv.com.br\\\/index.php\\\/2026\\\/04\\\/30\\\/weverton-lamenta-que-questoes-politicas-e-eleitorais-barraram-messias\\\/\",\"name\":\"Weverton lamenta que \u2018quest\u00f5es pol\u00edticas e eleitorais\u2019 barraram Messias - NOT\u00cdCIAS EM TEMPO REAL\",\"isPartOf\":{\"@id\":\"https:\\\/\\\/maranhaotv.com.br\\\/#website\"},\"primaryImageOfPage\":{\"@id\":\"https:\\\/\\\/maranhaotv.com.br\\\/index.php\\\/2026\\\/04\\\/30\\\/weverton-lamenta-que-questoes-politicas-e-eleitorais-barraram-messias\\\/#primaryimage\"},\"image\":{\"@id\":\"https:\\\/\\\/maranhaotv.com.br\\\/index.php\\\/2026\\\/04\\\/30\\\/weverton-lamenta-que-questoes-politicas-e-eleitorais-barraram-messias\\\/#primaryimage\"},\"thumbnailUrl\":\"https:\\\/\\\/maranhaotv.com.br\\\/wp-content\\\/uploads\\\/2026\\\/04\\\/image_editor_output_image38523563-1777559974776.jpg\",\"datePublished\":\"2026-04-30T14:40:02+00:00\",\"dateModified\":\"2026-04-30T14:40:06+00:00\",\"breadcrumb\":{\"@id\":\"https:\\\/\\\/maranhaotv.com.br\\\/index.php\\\/2026\\\/04\\\/30\\\/weverton-lamenta-que-questoes-politicas-e-eleitorais-barraram-messias\\\/#breadcrumb\"},\"inLanguage\":\"pt-BR\",\"potentialAction\":[{\"@type\":\"ReadAction\",\"target\":[\"https:\\\/\\\/maranhaotv.com.br\\\/index.php\\\/2026\\\/04\\\/30\\\/weverton-lamenta-que-questoes-politicas-e-eleitorais-barraram-messias\\\/\"]}]},{\"@type\":\"ImageObject\",\"inLanguage\":\"pt-BR\",\"@id\":\"https:\\\/\\\/maranhaotv.com.br\\\/index.php\\\/2026\\\/04\\\/30\\\/weverton-lamenta-que-questoes-politicas-e-eleitorais-barraram-messias\\\/#primaryimage\",\"url\":\"https:\\\/\\\/maranhaotv.com.br\\\/wp-content\\\/uploads\\\/2026\\\/04\\\/image_editor_output_image38523563-1777559974776.jpg\",\"contentUrl\":\"https:\\\/\\\/maranhaotv.com.br\\\/wp-content\\\/uploads\\\/2026\\\/04\\\/image_editor_output_image38523563-1777559974776.jpg\",\"width\":1078,\"height\":522},{\"@type\":\"BreadcrumbList\",\"@id\":\"https:\\\/\\\/maranhaotv.com.br\\\/index.php\\\/2026\\\/04\\\/30\\\/weverton-lamenta-que-questoes-politicas-e-eleitorais-barraram-messias\\\/#breadcrumb\",\"itemListElement\":[{\"@type\":\"ListItem\",\"position\":1,\"name\":\"In\u00edcio\",\"item\":\"https:\\\/\\\/maranhaotv.com.br\\\/\"},{\"@type\":\"ListItem\",\"position\":2,\"name\":\"Weverton lamenta que \u2018quest\u00f5es pol\u00edticas e eleitorais\u2019 barraram Messias\"}]},{\"@type\":\"WebSite\",\"@id\":\"https:\\\/\\\/maranhaotv.com.br\\\/#website\",\"url\":\"https:\\\/\\\/maranhaotv.com.br\\\/\",\"name\":\"Maranh\u00e3oTV\",\"description\":\"\",\"publisher\":{\"@id\":\"https:\\\/\\\/maranhaotv.com.br\\\/#organization\"},\"potentialAction\":[{\"@type\":\"SearchAction\",\"target\":{\"@type\":\"EntryPoint\",\"urlTemplate\":\"https:\\\/\\\/maranhaotv.com.br\\\/?s={search_term_string}\"},\"query-input\":{\"@type\":\"PropertyValueSpecification\",\"valueRequired\":true,\"valueName\":\"search_term_string\"}}],\"inLanguage\":\"pt-BR\"},{\"@type\":\"Organization\",\"@id\":\"https:\\\/\\\/maranhaotv.com.br\\\/#organization\",\"name\":\"Portal de Not\u00edcias\",\"url\":\"https:\\\/\\\/maranhaotv.com.br\\\/\",\"logo\":{\"@type\":\"ImageObject\",\"inLanguage\":\"pt-BR\",\"@id\":\"https:\\\/\\\/maranhaotv.com.br\\\/#\\\/schema\\\/logo\\\/image\\\/\",\"url\":\"https:\\\/\\\/maranhaotv.com.br\\\/wp-content\\\/uploads\\\/2024\\\/05\\\/cropped-cropped-avatar-1.png\",\"contentUrl\":\"https:\\\/\\\/maranhaotv.com.br\\\/wp-content\\\/uploads\\\/2024\\\/05\\\/cropped-cropped-avatar-1.png\",\"width\":792,\"height\":428,\"caption\":\"Portal de Not\u00edcias\"},\"image\":{\"@id\":\"https:\\\/\\\/maranhaotv.com.br\\\/#\\\/schema\\\/logo\\\/image\\\/\"},\"sameAs\":[\"https:\\\/\\\/www.facebook.com\\\/maiobaotv\",\"https:\\\/\\\/x.com\\\/sitemaranhaotv\",\"https:\\\/\\\/www.instagram.com\\\/maranhao.tv\",\"https:\\\/\\\/www.threads.net\\\/@maranhao.tv\"]},{\"@type\":\"Person\",\"@id\":\"https:\\\/\\\/maranhaotv.com.br\\\/#\\\/schema\\\/person\\\/3d54238e86b20bb5c89ab2fdb8f8829a\",\"name\":\"maranhaotv\",\"image\":{\"@type\":\"ImageObject\",\"inLanguage\":\"pt-BR\",\"@id\":\"https:\\\/\\\/secure.gravatar.com\\\/avatar\\\/8fadbca458d4cb68b1dd399ae9a40618d747bb1af65ac9fad21c89220a143eb4?s=96&d=mm&r=g\",\"url\":\"https:\\\/\\\/secure.gravatar.com\\\/avatar\\\/8fadbca458d4cb68b1dd399ae9a40618d747bb1af65ac9fad21c89220a143eb4?s=96&d=mm&r=g\",\"contentUrl\":\"https:\\\/\\\/secure.gravatar.com\\\/avatar\\\/8fadbca458d4cb68b1dd399ae9a40618d747bb1af65ac9fad21c89220a143eb4?s=96&d=mm&r=g\",\"caption\":\"maranhaotv\"},\"sameAs\":[\"https:\\\/\\\/maranhaotv.com.br\\\/\"],\"url\":\"https:\\\/\\\/maranhaotv.com.br\\\/index.php\\\/author\\\/maranhaotv\\\/\"}]}<\/script>\n<!-- \/ Yoast SEO plugin. -->","yoast_head_json":{"title":"Weverton lamenta que \u2018quest\u00f5es pol\u00edticas e eleitorais\u2019 barraram Messias - NOT\u00cdCIAS EM TEMPO REAL","robots":{"index":"index","follow":"follow","max-snippet":"max-snippet:-1","max-image-preview":"max-image-preview:large","max-video-preview":"max-video-preview:-1"},"canonical":"https:\/\/maranhaotv.com.br\/index.php\/2026\/04\/30\/weverton-lamenta-que-questoes-politicas-e-eleitorais-barraram-messias\/","og_locale":"pt_BR","og_type":"article","og_title":"Weverton lamenta que \u2018quest\u00f5es pol\u00edticas e eleitorais\u2019 barraram Messias - NOT\u00cdCIAS EM TEMPO REAL","og_description":"O senador Weverton Rocha atribuiu a fatores pol\u00edticos e eleitorais a rejei\u00e7\u00e3o, pelo Senado Federal, da indica\u00e7\u00e3o de Jorge Messias","og_url":"https:\/\/maranhaotv.com.br\/index.php\/2026\/04\/30\/weverton-lamenta-que-questoes-politicas-e-eleitorais-barraram-messias\/","og_site_name":"NOT\u00cdCIAS EM TEMPO REAL","article_publisher":"https:\/\/www.facebook.com\/maiobaotv","article_published_time":"2026-04-30T14:40:02+00:00","article_modified_time":"2026-04-30T14:40:06+00:00","og_image":[{"width":1078,"height":522,"url":"https:\/\/maranhaotv.com.br\/wp-content\/uploads\/2026\/04\/image_editor_output_image38523563-1777559974776.jpg","type":"image\/jpeg"}],"author":"maranhaotv","twitter_card":"summary_large_image","twitter_creator":"@sitemaranhaotv","twitter_site":"@sitemaranhaotv","twitter_misc":{"Escrito por":"maranhaotv","Est. tempo de leitura":"1 minuto"},"schema":{"@context":"https:\/\/schema.org","@graph":[{"@type":"Article","@id":"https:\/\/maranhaotv.com.br\/index.php\/2026\/04\/30\/weverton-lamenta-que-questoes-politicas-e-eleitorais-barraram-messias\/#article","isPartOf":{"@id":"https:\/\/maranhaotv.com.br\/index.php\/2026\/04\/30\/weverton-lamenta-que-questoes-politicas-e-eleitorais-barraram-messias\/"},"author":{"name":"maranhaotv","@id":"https:\/\/maranhaotv.com.br\/#\/schema\/person\/3d54238e86b20bb5c89ab2fdb8f8829a"},"headline":"Weverton lamenta que \u2018quest\u00f5es pol\u00edticas e eleitorais\u2019 barraram Messias","datePublished":"2026-04-30T14:40:02+00:00","dateModified":"2026-04-30T14:40:06+00:00","mainEntityOfPage":{"@id":"https:\/\/maranhaotv.com.br\/index.php\/2026\/04\/30\/weverton-lamenta-que-questoes-politicas-e-eleitorais-barraram-messias\/"},"wordCount":240,"publisher":{"@id":"https:\/\/maranhaotv.com.br\/#organization"},"image":{"@id":"https:\/\/maranhaotv.com.br\/index.php\/2026\/04\/30\/weverton-lamenta-que-questoes-politicas-e-eleitorais-barraram-messias\/#primaryimage"},"thumbnailUrl":"https:\/\/maranhaotv.com.br\/wp-content\/uploads\/2026\/04\/image_editor_output_image38523563-1777559974776.jpg","articleSection":["blog"],"inLanguage":"pt-BR"},{"@type":"WebPage","@id":"https:\/\/maranhaotv.com.br\/index.php\/2026\/04\/30\/weverton-lamenta-que-questoes-politicas-e-eleitorais-barraram-messias\/","url":"https:\/\/maranhaotv.com.br\/index.php\/2026\/04\/30\/weverton-lamenta-que-questoes-politicas-e-eleitorais-barraram-messias\/","name":"Weverton lamenta que \u2018quest\u00f5es pol\u00edticas e eleitorais\u2019 barraram Messias - NOT\u00cdCIAS EM TEMPO REAL","isPartOf":{"@id":"https:\/\/maranhaotv.com.br\/#website"},"primaryImageOfPage":{"@id":"https:\/\/maranhaotv.com.br\/index.php\/2026\/04\/30\/weverton-lamenta-que-questoes-politicas-e-eleitorais-barraram-messias\/#primaryimage"},"image":{"@id":"https:\/\/maranhaotv.com.br\/index.php\/2026\/04\/30\/weverton-lamenta-que-questoes-politicas-e-eleitorais-barraram-messias\/#primaryimage"},"thumbnailUrl":"https:\/\/maranhaotv.com.br\/wp-content\/uploads\/2026\/04\/image_editor_output_image38523563-1777559974776.jpg","datePublished":"2026-04-30T14:40:02+00:00","dateModified":"2026-04-30T14:40:06+00:00","breadcrumb":{"@id":"https:\/\/maranhaotv.com.br\/index.php\/2026\/04\/30\/weverton-lamenta-que-questoes-politicas-e-eleitorais-barraram-messias\/#breadcrumb"},"inLanguage":"pt-BR","potentialAction":[{"@type":"ReadAction","target":["https:\/\/maranhaotv.com.br\/index.php\/2026\/04\/30\/weverton-lamenta-que-questoes-politicas-e-eleitorais-barraram-messias\/"]}]},{"@type":"ImageObject","inLanguage":"pt-BR","@id":"https:\/\/maranhaotv.com.br\/index.php\/2026\/04\/30\/weverton-lamenta-que-questoes-politicas-e-eleitorais-barraram-messias\/#primaryimage","url":"https:\/\/maranhaotv.com.br\/wp-content\/uploads\/2026\/04\/image_editor_output_image38523563-1777559974776.jpg","contentUrl":"https:\/\/maranhaotv.com.br\/wp-content\/uploads\/2026\/04\/image_editor_output_image38523563-1777559974776.jpg","width":1078,"height":522},{"@type":"BreadcrumbList","@id":"https:\/\/maranhaotv.com.br\/index.php\/2026\/04\/30\/weverton-lamenta-que-questoes-politicas-e-eleitorais-barraram-messias\/#breadcrumb","itemListElement":[{"@type":"ListItem","position":1,"name":"In\u00edcio","item":"https:\/\/maranhaotv.com.br\/"},{"@type":"ListItem","position":2,"name":"Weverton lamenta que \u2018quest\u00f5es pol\u00edticas e eleitorais\u2019 barraram Messias"}]},{"@type":"WebSite","@id":"https:\/\/maranhaotv.com.br\/#website","url":"https:\/\/maranhaotv.com.br\/","name":"Maranh\u00e3oTV","description":"","publisher":{"@id":"https:\/\/maranhaotv.com.br\/#organization"},"potentialAction":[{"@type":"SearchAction","target":{"@type":"EntryPoint","urlTemplate":"https:\/\/maranhaotv.com.br\/?s={search_term_string}"},"query-input":{"@type":"PropertyValueSpecification","valueRequired":true,"valueName":"search_term_string"}}],"inLanguage":"pt-BR"},{"@type":"Organization","@id":"https:\/\/maranhaotv.com.br\/#organization","name":"Portal de Not\u00edcias","url":"https:\/\/maranhaotv.com.br\/","logo":{"@type":"ImageObject","inLanguage":"pt-BR","@id":"https:\/\/maranhaotv.com.br\/#\/schema\/logo\/image\/","url":"https:\/\/maranhaotv.com.br\/wp-content\/uploads\/2024\/05\/cropped-cropped-avatar-1.png","contentUrl":"https:\/\/maranhaotv.com.br\/wp-content\/uploads\/2024\/05\/cropped-cropped-avatar-1.png","width":792,"height":428,"caption":"Portal de Not\u00edcias"},"image":{"@id":"https:\/\/maranhaotv.com.br\/#\/schema\/logo\/image\/"},"sameAs":["https:\/\/www.facebook.com\/maiobaotv","https:\/\/x.com\/sitemaranhaotv","https:\/\/www.instagram.com\/maranhao.tv","https:\/\/www.threads.net\/@maranhao.tv"]},{"@type":"Person","@id":"https:\/\/maranhaotv.com.br\/#\/schema\/person\/3d54238e86b20bb5c89ab2fdb8f8829a","name":"maranhaotv","image":{"@type":"ImageObject","inLanguage":"pt-BR","@id":"https:\/\/secure.gravatar.com\/avatar\/8fadbca458d4cb68b1dd399ae9a40618d747bb1af65ac9fad21c89220a143eb4?s=96&d=mm&r=g","url":"https:\/\/secure.gravatar.com\/avatar\/8fadbca458d4cb68b1dd399ae9a40618d747bb1af65ac9fad21c89220a143eb4?s=96&d=mm&r=g","contentUrl":"https:\/\/secure.gravatar.com\/avatar\/8fadbca458d4cb68b1dd399ae9a40618d747bb1af65ac9fad21c89220a143eb4?s=96&d=mm&r=g","caption":"maranhaotv"},"sameAs":["https:\/\/maranhaotv.com.br\/"],"url":"https:\/\/maranhaotv.com.br\/index.php\/author\/maranhaotv\/"}]}},"jetpack_featured_media_url":"https:\/\/maranhaotv.com.br\/wp-content\/uploads\/2026\/04\/image_editor_output_image38523563-1777559974776.jpg","jetpack_sharing_enabled":true,"_links":{"self":[{"href":"https:\/\/maranhaotv.com.br\/index.php\/wp-json\/wp\/v2\/posts\/46179","targetHints":{"allow":["GET"]}}],"collection":[{"href":"https:\/\/maranhaotv.com.br\/index.php\/wp-json\/wp\/v2\/posts"}],"about":[{"href":"https:\/\/maranhaotv.com.br\/index.php\/wp-json\/wp\/v2\/types\/post"}],"author":[{"embeddable":true,"href":"https:\/\/maranhaotv.com.br\/index.php\/wp-json\/wp\/v2\/users\/2"}],"replies":[{"embeddable":true,"href":"https:\/\/maranhaotv.com.br\/index.php\/wp-json\/wp\/v2\/comments?post=46179"}],"version-history":[{"count":1,"href":"https:\/\/maranhaotv.com.br\/index.php\/wp-json\/wp\/v2\/posts\/46179\/revisions"}],"predecessor-version":[{"id":46180,"href":"https:\/\/maranhaotv.com.br\/index.php\/wp-json\/wp\/v2\/posts\/46179\/revisions\/46180"}],"wp:featuredmedia":[{"embeddable":true,"href":"https:\/\/maranhaotv.com.br\/index.php\/wp-json\/wp\/v2\/media\/46178"}],"wp:attachment":[{"href":"https:\/\/maranhaotv.com.br\/index.php\/wp-json\/wp\/v2\/media?parent=46179"}],"wp:term":[{"taxonomy":"category","embeddable":true,"href":"https:\/\/maranhaotv.com.br\/index.php\/wp-json\/wp\/v2\/categories?post=46179"},{"taxonomy":"post_tag","embeddable":true,"href":"https:\/\/maranhaotv.com.br\/index.php\/wp-json\/wp\/v2\/tags?post=46179"}],"curies":[{"name":"wp","href":"https:\/\/api.w.org\/{rel}","templated":true}]}}