{"id":47489,"date":"2026-08-31T20:26:53","date_gmt":"2026-08-31T23:26:53","guid":{"rendered":"https:\/\/maranhaotv.com.br\/?p=47489"},"modified":"2026-08-31T20:26:53","modified_gmt":"2026-08-31T23:26:53","slug":"candidatura-de-dr-leoberth-e-deferida-e-medico-surge-como-uma-das-grandes-revelacoes-da-disputa-por-uma-vaga-na-camara-federal","status":"publish","type":"post","link":"https:\/\/maranhaotv.com.br\/index.php\/2026\/08\/31\/candidatura-de-dr-leoberth-e-deferida-e-medico-surge-como-uma-das-grandes-revelacoes-da-disputa-por-uma-vaga-na-camara-federal\/","title":{"rendered":"Candidatura de Dr. Leoberth \u00e9 deferida e m\u00e9dico surge como uma das grandes revela\u00e7\u00f5es da disputa por uma vaga na C\u00e2mara Federal"},"content":{"rendered":"\n<h1 class=\"wp-block-heading\"><\/h1>\n\n\n\n<p class=\"p3 wp-block-paragraph\"><strong>Jovem, m\u00e9dico e cirurgi\u00e3o oncol\u00f3gico, candidato do PSD ganha for\u00e7a e chama aten\u00e7\u00e3o pelo perfil, pelas propostas e pelo trabalho j\u00e1 realizado<\/strong><\/p>\n\n\n\n<p class=\"p4 wp-block-paragraph\">A candidatura de <strong>Dr. Leoberth<\/strong> a deputado federal pelo Maranh\u00e3o foi deferida, consolidando oficialmente o nome do m\u00e9dico na disputa eleitoral de 2026. Filiado ao <strong>PSD<\/strong>, o candidato concorre com o n\u00famero <strong>5566<\/strong> e come\u00e7a a despontar como uma das novidades que prometem movimentar a elei\u00e7\u00e3o.<\/p>\n\n\n\n<p class=\"p4 wp-block-paragraph\">Aos 38 anos, Dr. Leoberth re\u00fane caracter\u00edsticas que t\u00eam chamado a aten\u00e7\u00e3o do eleitorado: \u00e9 jovem, m\u00e9dico, cirurgi\u00e3o oncol\u00f3gico, tem uma trajet\u00f3ria profissional ligada diretamente \u00e0 \u00e1rea da sa\u00fade e apresenta um perfil pr\u00f3ximo, simp\u00e1tico e aberto ao di\u00e1logo.<\/p>\n\n\n\n<p class=\"p4 wp-block-paragraph\">Mais do que uma candidatura, o m\u00e9dico busca construir uma imagem de <strong>renova\u00e7\u00e3o na pol\u00edtica<\/strong>, levando para o debate p\u00fablico a experi\u00eancia de quem conhece de perto os desafios enfrentados diariamente por pacientes, fam\u00edlias e profissionais da sa\u00fade.<\/p>\n\n\n\n<p class=\"p4 wp-block-paragraph\">Sua atua\u00e7\u00e3o como cirurgi\u00e3o oncol\u00f3gico tamb\u00e9m coloca a sa\u00fade no centro de sua trajet\u00f3ria. Ao longo da carreira, o contato direto com pacientes e com diferentes realidades sociais ajudou a construir uma vis\u00e3o mais pr\u00f3xima das necessidades da popula\u00e7\u00e3o.<\/p>\n\n\n\n<p class=\"p3 wp-block-paragraph\"><strong>\u00c9 justamente essa combina\u00e7\u00e3o entre juventude, experi\u00eancia profissional e disposi\u00e7\u00e3o para apresentar novas ideias que vem colocando Dr. Leoberth no radar da disputa.<\/strong><\/p>\n\n\n\n<p class=\"p4 wp-block-paragraph\">O candidato tamb\u00e9m chega \u00e0 elei\u00e7\u00e3o com o discurso de quem quer transformar trabalho em resultados. A proposta \u00e9 levar para a C\u00e2mara Federal uma atua\u00e7\u00e3o pautada em presen\u00e7a, di\u00e1logo e constru\u00e7\u00e3o de solu\u00e7\u00f5es para problemas que afetam diretamente a vida dos maranhenses.<\/p>\n\n\n\n<p class=\"p4 wp-block-paragraph\">Em uma elei\u00e7\u00e3o na qual o eleitor demonstra cada vez mais interesse por nomes capazes de representar renova\u00e7\u00e3o, Dr. Leoberth aparece como uma candidatura que merece aten\u00e7\u00e3o.<\/p>\n\n\n\n<p class=\"p3 wp-block-paragraph\"><strong>Jovem, preparado, acess\u00edvel e com uma trajet\u00f3ria constru\u00edda fora da pol\u00edtica tradicional, ele entra oficialmente na corrida eleitoral com for\u00e7a e disposi\u00e7\u00e3o para surpreender.<\/strong><\/p>\n\n\n\n<p class=\"p4 wp-block-paragraph\">A candidatura deferida representa mais um passo importante nessa caminhada. Agora, com o nome oficialmente habilitado para a disputa, Dr. Leoberth amplia sua presen\u00e7a no cen\u00e1rio eleitoral e come\u00e7a a transformar o que era uma novidade em uma candidatura que pode ganhar cada vez mais protagonismo.<\/p>\n\n\n\n<p class=\"p3 wp-block-paragraph\"><strong>Dr. Leoberth \u00e9 candidato a deputado federal pelo PSD, n\u00famero 5566.<\/strong><\/p>\n\n\n\n<p class=\"p5 wp-block-paragraph\">E se depender da energia, das ideias e da disposi\u00e7\u00e3o apresentadas at\u00e9 aqui, <strong>o m\u00e9dico promete ainda dar muito o que falar nesta elei\u00e7\u00e3o.<\/strong><\/p>\n\n\n\n<figure class=\"wp-block-image size-large\"><img loading=\"lazy\" decoding=\"async\" width=\"833\" height=\"1024\" src=\"https:\/\/maranhaotv.com.br\/wp-content\/uploads\/2026\/08\/img_0847-833x1024.jpeg\" class=\"wp-image-47487\" srcset=\"https:\/\/maranhaotv.com.br\/wp-content\/uploads\/2026\/08\/img_0847-833x1024.jpeg 833w, https:\/\/maranhaotv.com.br\/wp-content\/uploads\/2026\/08\/img_0847-244x300.jpeg 244w, https:\/\/maranhaotv.com.br\/wp-content\/uploads\/2026\/08\/img_0847-768x944.jpeg 768w, https:\/\/maranhaotv.com.br\/wp-content\/uploads\/2026\/08\/img_0847-1249x1536.jpeg 1249w, https:\/\/maranhaotv.com.br\/wp-content\/uploads\/2026\/08\/img_0847.jpeg 1320w\" sizes=\"auto, (max-width: 833px) 100vw, 833px\" \/><\/figure>\n","protected":false},"excerpt":{"rendered":"<p>Jovem, m\u00e9dico e cirurgi\u00e3o oncol\u00f3gico, candidato do PSD ganha for\u00e7a e chama aten\u00e7\u00e3o pelo perfil, pelas propostas e pelo trabalho<\/p>\n","protected":false},"author":2,"featured_media":47488,"comment_status":"closed","ping_status":"","sticky":false,"template":"","format":"standard","meta":{"colormag_page_container_layout":"default_layout","colormag_page_sidebar_layout":"default_layout","_jetpack_newsletter_access":"","_jetpack_dont_email_post_to_subs":false,"_jetpack_newsletter_tier_id":0,"_jetpack_memberships_contains_paywalled_content":false,"_jetpack_feature_clip_id":0,"_jetpack_memberships_contains_paid_content":false,"footnotes":"","jetpack_post_was_ever_published":false},"categories":[603],"tags":[606],"class_list":["post-47489","post","type-post","status-publish","format-standard","has-post-thumbnail","hentry","category-politica-africa","tag-dr-leoberth"],"magazineBlocksPostFeaturedMedia":{"thumbnail":"https:\/\/maranhaotv.com.br\/wp-content\/uploads\/2026\/08\/img_0846-150x150.jpeg","medium":"https:\/\/maranhaotv.com.br\/wp-content\/uploads\/2026\/08\/img_0846-300x242.jpeg","medium_large":"https:\/\/maranhaotv.com.br\/wp-content\/uploads\/2026\/08\/img_0846-768x620.jpeg","large":"https:\/\/maranhaotv.com.br\/wp-content\/uploads\/2026\/08\/img_0846-1024x826.jpeg","1536x1536":"https:\/\/maranhaotv.com.br\/wp-content\/uploads\/2026\/08\/img_0846.jpeg","2048x2048":"https:\/\/maranhaotv.com.br\/wp-content\/uploads\/2026\/08\/img_0846.jpeg","colormag-highlighted-post":"https:\/\/maranhaotv.com.br\/wp-content\/uploads\/2026\/08\/img_0846-392x272.jpeg","colormag-featured-post-medium":"https:\/\/maranhaotv.com.br\/wp-content\/uploads\/2026\/08\/img_0846-390x205.jpeg","colormag-featured-post-small":"https:\/\/maranhaotv.com.br\/wp-content\/uploads\/2026\/08\/img_0846-130x90.jpeg","colormag-featured-image":"https:\/\/maranhaotv.com.br\/wp-content\/uploads\/2026\/08\/img_0846-800x445.jpeg","colormag-default-news":"https:\/\/maranhaotv.com.br\/wp-content\/uploads\/2026\/08\/img_0846-150x150.jpeg","colormag-featured-image-large":"https:\/\/maranhaotv.com.br\/wp-content\/uploads\/2026\/08\/img_0846-1320x600.jpeg"},"magazineBlocksPostAuthor":{"name":"maranhaotv","avatar":"https:\/\/secure.gravatar.com\/avatar\/8fadbca458d4cb68b1dd399ae9a40618d747bb1af65ac9fad21c89220a143eb4?s=96&d=mm&r=g"},"magazineBlocksPostCommentsNumber":false,"magazineBlocksPostExcerpt":"Jovem, m\u00e9dico e cirurgi\u00e3o oncol\u00f3gico, candidato do PSD ganha for\u00e7a e chama aten\u00e7\u00e3o pelo perfil, pelas propostas e pelo trabalho","magazineBlocksPostCategories":["Pol\u00edtica"],"magazineBlocksPostViewCount":61,"magazineBlocksPostReadTime":3,"magazine_blocks_featured_image_url":{"full":["https:\/\/maranhaotv.com.br\/wp-content\/uploads\/2026\/08\/img_0846.jpeg",1320,1065,false],"medium":["https:\/\/maranhaotv.com.br\/wp-content\/uploads\/2026\/08\/img_0846-300x242.jpeg",300,242,true],"thumbnail":["https:\/\/maranhaotv.com.br\/wp-content\/uploads\/2026\/08\/img_0846-150x150.jpeg",150,150,true]},"magazine_blocks_author":{"display_name":"maranhaotv","author_link":"https:\/\/maranhaotv.com.br\/index.php\/author\/maranhaotv\/"},"magazine_blocks_comment":0,"magazine_blocks_author_image":"https:\/\/secure.gravatar.com\/avatar\/8fadbca458d4cb68b1dd399ae9a40618d747bb1af65ac9fad21c89220a143eb4?s=96&d=mm&r=g","magazine_blocks_category":"<a href=\"#\" class=\"category-link category-link-603\">Pol\u00edtica<\/a>","videoUrl":"","yoast_head":"<!-- This site is optimized with the Yoast SEO plugin v27.8 - https:\/\/yoast.com\/product\/yoast-seo-wordpress\/ -->\n<title>Candidatura de Dr. Leoberth \u00e9 deferida e m\u00e9dico surge como uma das grandes revela\u00e7\u00f5es da disputa por uma vaga na C\u00e2mara Federal - NOT\u00cdCIAS EM TEMPO REAL<\/title>\n<meta name=\"robots\" content=\"index, follow, max-snippet:-1, max-image-preview:large, max-video-preview:-1\" \/>\n<link rel=\"canonical\" href=\"https:\/\/maranhaotv.com.br\/index.php\/2026\/08\/31\/candidatura-de-dr-leoberth-e-deferida-e-medico-surge-como-uma-das-grandes-revelacoes-da-disputa-por-uma-vaga-na-camara-federal\/\" \/>\n<meta property=\"og:locale\" content=\"pt_BR\" \/>\n<meta property=\"og:type\" content=\"article\" \/>\n<meta property=\"og:title\" content=\"Candidatura de Dr. Leoberth \u00e9 deferida e m\u00e9dico surge como uma das grandes revela\u00e7\u00f5es da disputa por uma vaga na C\u00e2mara Federal - NOT\u00cdCIAS EM TEMPO REAL\" \/>\n<meta property=\"og:description\" content=\"Jovem, m\u00e9dico e cirurgi\u00e3o oncol\u00f3gico, candidato do PSD ganha for\u00e7a e chama aten\u00e7\u00e3o pelo perfil, pelas propostas e pelo trabalho\" \/>\n<meta property=\"og:url\" content=\"https:\/\/maranhaotv.com.br\/index.php\/2026\/08\/31\/candidatura-de-dr-leoberth-e-deferida-e-medico-surge-como-uma-das-grandes-revelacoes-da-disputa-por-uma-vaga-na-camara-federal\/\" \/>\n<meta property=\"og:site_name\" content=\"NOT\u00cdCIAS EM TEMPO REAL\" \/>\n<meta property=\"article:publisher\" content=\"https:\/\/www.facebook.com\/maiobaotv\" \/>\n<meta property=\"article:published_time\" content=\"2026-08-31T23:26:53+00:00\" \/>\n<meta property=\"og:image\" content=\"https:\/\/maranhaotv.com.br\/wp-content\/uploads\/2026\/08\/img_0846.jpeg\" \/>\n\t<meta property=\"og:image:width\" content=\"1320\" \/>\n\t<meta property=\"og:image:height\" content=\"1065\" \/>\n\t<meta property=\"og:image:type\" content=\"image\/jpeg\" \/>\n<meta name=\"author\" content=\"maranhaotv\" \/>\n<meta name=\"twitter:card\" content=\"summary_large_image\" \/>\n<meta name=\"twitter:creator\" content=\"@sitemaranhaotv\" \/>\n<meta name=\"twitter:site\" content=\"@sitemaranhaotv\" \/>\n<meta name=\"twitter:label1\" content=\"Escrito por\" \/>\n\t<meta name=\"twitter:data1\" content=\"maranhaotv\" \/>\n\t<meta name=\"twitter:label2\" content=\"Est. tempo de leitura\" \/>\n\t<meta name=\"twitter:data2\" content=\"2 minutos\" \/>\n<script type=\"application\/ld+json\" class=\"yoast-schema-graph\">{\"@context\":\"https:\\\/\\\/schema.org\",\"@graph\":[{\"@type\":\"Article\",\"@id\":\"https:\\\/\\\/maranhaotv.com.br\\\/index.php\\\/2026\\\/08\\\/31\\\/candidatura-de-dr-leoberth-e-deferida-e-medico-surge-como-uma-das-grandes-revelacoes-da-disputa-por-uma-vaga-na-camara-federal\\\/#article\",\"isPartOf\":{\"@id\":\"https:\\\/\\\/maranhaotv.com.br\\\/index.php\\\/2026\\\/08\\\/31\\\/candidatura-de-dr-leoberth-e-deferida-e-medico-surge-como-uma-das-grandes-revelacoes-da-disputa-por-uma-vaga-na-camara-federal\\\/\"},\"author\":{\"name\":\"maranhaotv\",\"@id\":\"https:\\\/\\\/maranhaotv.com.br\\\/#\\\/schema\\\/person\\\/3d54238e86b20bb5c89ab2fdb8f8829a\"},\"headline\":\"Candidatura de Dr. Leoberth \u00e9 deferida e m\u00e9dico surge como uma das grandes revela\u00e7\u00f5es da disputa por uma vaga na C\u00e2mara Federal\",\"datePublished\":\"2026-08-31T23:26:53+00:00\",\"mainEntityOfPage\":{\"@id\":\"https:\\\/\\\/maranhaotv.com.br\\\/index.php\\\/2026\\\/08\\\/31\\\/candidatura-de-dr-leoberth-e-deferida-e-medico-surge-como-uma-das-grandes-revelacoes-da-disputa-por-uma-vaga-na-camara-federal\\\/\"},\"wordCount\":461,\"publisher\":{\"@id\":\"https:\\\/\\\/maranhaotv.com.br\\\/#organization\"},\"image\":{\"@id\":\"https:\\\/\\\/maranhaotv.com.br\\\/index.php\\\/2026\\\/08\\\/31\\\/candidatura-de-dr-leoberth-e-deferida-e-medico-surge-como-uma-das-grandes-revelacoes-da-disputa-por-uma-vaga-na-camara-federal\\\/#primaryimage\"},\"thumbnailUrl\":\"https:\\\/\\\/maranhaotv.com.br\\\/wp-content\\\/uploads\\\/2026\\\/08\\\/img_0846.jpeg\",\"keywords\":[\"Dr Leoberth\"],\"articleSection\":[\"Pol\u00edtica\"],\"inLanguage\":\"pt-BR\"},{\"@type\":\"WebPage\",\"@id\":\"https:\\\/\\\/maranhaotv.com.br\\\/index.php\\\/2026\\\/08\\\/31\\\/candidatura-de-dr-leoberth-e-deferida-e-medico-surge-como-uma-das-grandes-revelacoes-da-disputa-por-uma-vaga-na-camara-federal\\\/\",\"url\":\"https:\\\/\\\/maranhaotv.com.br\\\/index.php\\\/2026\\\/08\\\/31\\\/candidatura-de-dr-leoberth-e-deferida-e-medico-surge-como-uma-das-grandes-revelacoes-da-disputa-por-uma-vaga-na-camara-federal\\\/\",\"name\":\"Candidatura de Dr. Leoberth \u00e9 deferida e m\u00e9dico surge como uma das grandes revela\u00e7\u00f5es da disputa por uma vaga na C\u00e2mara Federal - NOT\u00cdCIAS EM TEMPO REAL\",\"isPartOf\":{\"@id\":\"https:\\\/\\\/maranhaotv.com.br\\\/#website\"},\"primaryImageOfPage\":{\"@id\":\"https:\\\/\\\/maranhaotv.com.br\\\/index.php\\\/2026\\\/08\\\/31\\\/candidatura-de-dr-leoberth-e-deferida-e-medico-surge-como-uma-das-grandes-revelacoes-da-disputa-por-uma-vaga-na-camara-federal\\\/#primaryimage\"},\"image\":{\"@id\":\"https:\\\/\\\/maranhaotv.com.br\\\/index.php\\\/2026\\\/08\\\/31\\\/candidatura-de-dr-leoberth-e-deferida-e-medico-surge-como-uma-das-grandes-revelacoes-da-disputa-por-uma-vaga-na-camara-federal\\\/#primaryimage\"},\"thumbnailUrl\":\"https:\\\/\\\/maranhaotv.com.br\\\/wp-content\\\/uploads\\\/2026\\\/08\\\/img_0846.jpeg\",\"datePublished\":\"2026-08-31T23:26:53+00:00\",\"breadcrumb\":{\"@id\":\"https:\\\/\\\/maranhaotv.com.br\\\/index.php\\\/2026\\\/08\\\/31\\\/candidatura-de-dr-leoberth-e-deferida-e-medico-surge-como-uma-das-grandes-revelacoes-da-disputa-por-uma-vaga-na-camara-federal\\\/#breadcrumb\"},\"inLanguage\":\"pt-BR\",\"potentialAction\":[{\"@type\":\"ReadAction\",\"target\":[\"https:\\\/\\\/maranhaotv.com.br\\\/index.php\\\/2026\\\/08\\\/31\\\/candidatura-de-dr-leoberth-e-deferida-e-medico-surge-como-uma-das-grandes-revelacoes-da-disputa-por-uma-vaga-na-camara-federal\\\/\"]}]},{\"@type\":\"ImageObject\",\"inLanguage\":\"pt-BR\",\"@id\":\"https:\\\/\\\/maranhaotv.com.br\\\/index.php\\\/2026\\\/08\\\/31\\\/candidatura-de-dr-leoberth-e-deferida-e-medico-surge-como-uma-das-grandes-revelacoes-da-disputa-por-uma-vaga-na-camara-federal\\\/#primaryimage\",\"url\":\"https:\\\/\\\/maranhaotv.com.br\\\/wp-content\\\/uploads\\\/2026\\\/08\\\/img_0846.jpeg\",\"contentUrl\":\"https:\\\/\\\/maranhaotv.com.br\\\/wp-content\\\/uploads\\\/2026\\\/08\\\/img_0846.jpeg\",\"width\":1320,\"height\":1065,\"caption\":\"Screenshot\"},{\"@type\":\"BreadcrumbList\",\"@id\":\"https:\\\/\\\/maranhaotv.com.br\\\/index.php\\\/2026\\\/08\\\/31\\\/candidatura-de-dr-leoberth-e-deferida-e-medico-surge-como-uma-das-grandes-revelacoes-da-disputa-por-uma-vaga-na-camara-federal\\\/#breadcrumb\",\"itemListElement\":[{\"@type\":\"ListItem\",\"position\":1,\"name\":\"In\u00edcio\",\"item\":\"https:\\\/\\\/maranhaotv.com.br\\\/\"},{\"@type\":\"ListItem\",\"position\":2,\"name\":\"Candidatura de Dr. Leoberth \u00e9 deferida e m\u00e9dico surge como uma das grandes revela\u00e7\u00f5es da disputa por uma vaga na C\u00e2mara Federal\"}]},{\"@type\":\"WebSite\",\"@id\":\"https:\\\/\\\/maranhaotv.com.br\\\/#website\",\"url\":\"https:\\\/\\\/maranhaotv.com.br\\\/\",\"name\":\"Maranh\u00e3oTV\",\"description\":\"\",\"publisher\":{\"@id\":\"https:\\\/\\\/maranhaotv.com.br\\\/#organization\"},\"potentialAction\":[{\"@type\":\"SearchAction\",\"target\":{\"@type\":\"EntryPoint\",\"urlTemplate\":\"https:\\\/\\\/maranhaotv.com.br\\\/?s={search_term_string}\"},\"query-input\":{\"@type\":\"PropertyValueSpecification\",\"valueRequired\":true,\"valueName\":\"search_term_string\"}}],\"inLanguage\":\"pt-BR\"},{\"@type\":\"Organization\",\"@id\":\"https:\\\/\\\/maranhaotv.com.br\\\/#organization\",\"name\":\"Portal de Not\u00edcias\",\"url\":\"https:\\\/\\\/maranhaotv.com.br\\\/\",\"logo\":{\"@type\":\"ImageObject\",\"inLanguage\":\"pt-BR\",\"@id\":\"https:\\\/\\\/maranhaotv.com.br\\\/#\\\/schema\\\/logo\\\/image\\\/\",\"url\":\"https:\\\/\\\/maranhaotv.com.br\\\/wp-content\\\/uploads\\\/2024\\\/05\\\/cropped-cropped-avatar-1.png\",\"contentUrl\":\"https:\\\/\\\/maranhaotv.com.br\\\/wp-content\\\/uploads\\\/2024\\\/05\\\/cropped-cropped-avatar-1.png\",\"width\":792,\"height\":428,\"caption\":\"Portal de Not\u00edcias\"},\"image\":{\"@id\":\"https:\\\/\\\/maranhaotv.com.br\\\/#\\\/schema\\\/logo\\\/image\\\/\"},\"sameAs\":[\"https:\\\/\\\/www.facebook.com\\\/maiobaotv\",\"https:\\\/\\\/x.com\\\/sitemaranhaotv\",\"https:\\\/\\\/www.instagram.com\\\/maranhao.tv\",\"https:\\\/\\\/www.threads.net\\\/@maranhao.tv\"]},{\"@type\":\"Person\",\"@id\":\"https:\\\/\\\/maranhaotv.com.br\\\/#\\\/schema\\\/person\\\/3d54238e86b20bb5c89ab2fdb8f8829a\",\"name\":\"maranhaotv\",\"image\":{\"@type\":\"ImageObject\",\"inLanguage\":\"pt-BR\",\"@id\":\"https:\\\/\\\/secure.gravatar.com\\\/avatar\\\/8fadbca458d4cb68b1dd399ae9a40618d747bb1af65ac9fad21c89220a143eb4?s=96&d=mm&r=g\",\"url\":\"https:\\\/\\\/secure.gravatar.com\\\/avatar\\\/8fadbca458d4cb68b1dd399ae9a40618d747bb1af65ac9fad21c89220a143eb4?s=96&d=mm&r=g\",\"contentUrl\":\"https:\\\/\\\/secure.gravatar.com\\\/avatar\\\/8fadbca458d4cb68b1dd399ae9a40618d747bb1af65ac9fad21c89220a143eb4?s=96&d=mm&r=g\",\"caption\":\"maranhaotv\"},\"sameAs\":[\"https:\\\/\\\/maranhaotv.com.br\\\/\"],\"url\":\"https:\\\/\\\/maranhaotv.com.br\\\/index.php\\\/author\\\/maranhaotv\\\/\"}]}<\/script>\n<!-- \/ Yoast SEO plugin. -->","yoast_head_json":{"title":"Candidatura de Dr. Leoberth \u00e9 deferida e m\u00e9dico surge como uma das grandes revela\u00e7\u00f5es da disputa por uma vaga na C\u00e2mara Federal - NOT\u00cdCIAS EM TEMPO REAL","robots":{"index":"index","follow":"follow","max-snippet":"max-snippet:-1","max-image-preview":"max-image-preview:large","max-video-preview":"max-video-preview:-1"},"canonical":"https:\/\/maranhaotv.com.br\/index.php\/2026\/08\/31\/candidatura-de-dr-leoberth-e-deferida-e-medico-surge-como-uma-das-grandes-revelacoes-da-disputa-por-uma-vaga-na-camara-federal\/","og_locale":"pt_BR","og_type":"article","og_title":"Candidatura de Dr. Leoberth \u00e9 deferida e m\u00e9dico surge como uma das grandes revela\u00e7\u00f5es da disputa por uma vaga na C\u00e2mara Federal - NOT\u00cdCIAS EM TEMPO REAL","og_description":"Jovem, m\u00e9dico e cirurgi\u00e3o oncol\u00f3gico, candidato do PSD ganha for\u00e7a e chama aten\u00e7\u00e3o pelo perfil, pelas propostas e pelo trabalho","og_url":"https:\/\/maranhaotv.com.br\/index.php\/2026\/08\/31\/candidatura-de-dr-leoberth-e-deferida-e-medico-surge-como-uma-das-grandes-revelacoes-da-disputa-por-uma-vaga-na-camara-federal\/","og_site_name":"NOT\u00cdCIAS EM TEMPO REAL","article_publisher":"https:\/\/www.facebook.com\/maiobaotv","article_published_time":"2026-08-31T23:26:53+00:00","og_image":[{"width":1320,"height":1065,"url":"https:\/\/maranhaotv.com.br\/wp-content\/uploads\/2026\/08\/img_0846.jpeg","type":"image\/jpeg"}],"author":"maranhaotv","twitter_card":"summary_large_image","twitter_creator":"@sitemaranhaotv","twitter_site":"@sitemaranhaotv","twitter_misc":{"Escrito por":"maranhaotv","Est. tempo de leitura":"2 minutos"},"schema":{"@context":"https:\/\/schema.org","@graph":[{"@type":"Article","@id":"https:\/\/maranhaotv.com.br\/index.php\/2026\/08\/31\/candidatura-de-dr-leoberth-e-deferida-e-medico-surge-como-uma-das-grandes-revelacoes-da-disputa-por-uma-vaga-na-camara-federal\/#article","isPartOf":{"@id":"https:\/\/maranhaotv.com.br\/index.php\/2026\/08\/31\/candidatura-de-dr-leoberth-e-deferida-e-medico-surge-como-uma-das-grandes-revelacoes-da-disputa-por-uma-vaga-na-camara-federal\/"},"author":{"name":"maranhaotv","@id":"https:\/\/maranhaotv.com.br\/#\/schema\/person\/3d54238e86b20bb5c89ab2fdb8f8829a"},"headline":"Candidatura de Dr. Leoberth \u00e9 deferida e m\u00e9dico surge como uma das grandes revela\u00e7\u00f5es da disputa por uma vaga na C\u00e2mara Federal","datePublished":"2026-08-31T23:26:53+00:00","mainEntityOfPage":{"@id":"https:\/\/maranhaotv.com.br\/index.php\/2026\/08\/31\/candidatura-de-dr-leoberth-e-deferida-e-medico-surge-como-uma-das-grandes-revelacoes-da-disputa-por-uma-vaga-na-camara-federal\/"},"wordCount":461,"publisher":{"@id":"https:\/\/maranhaotv.com.br\/#organization"},"image":{"@id":"https:\/\/maranhaotv.com.br\/index.php\/2026\/08\/31\/candidatura-de-dr-leoberth-e-deferida-e-medico-surge-como-uma-das-grandes-revelacoes-da-disputa-por-uma-vaga-na-camara-federal\/#primaryimage"},"thumbnailUrl":"https:\/\/maranhaotv.com.br\/wp-content\/uploads\/2026\/08\/img_0846.jpeg","keywords":["Dr Leoberth"],"articleSection":["Pol\u00edtica"],"inLanguage":"pt-BR"},{"@type":"WebPage","@id":"https:\/\/maranhaotv.com.br\/index.php\/2026\/08\/31\/candidatura-de-dr-leoberth-e-deferida-e-medico-surge-como-uma-das-grandes-revelacoes-da-disputa-por-uma-vaga-na-camara-federal\/","url":"https:\/\/maranhaotv.com.br\/index.php\/2026\/08\/31\/candidatura-de-dr-leoberth-e-deferida-e-medico-surge-como-uma-das-grandes-revelacoes-da-disputa-por-uma-vaga-na-camara-federal\/","name":"Candidatura de Dr. Leoberth \u00e9 deferida e m\u00e9dico surge como uma das grandes revela\u00e7\u00f5es da disputa por uma vaga na C\u00e2mara Federal - NOT\u00cdCIAS EM TEMPO REAL","isPartOf":{"@id":"https:\/\/maranhaotv.com.br\/#website"},"primaryImageOfPage":{"@id":"https:\/\/maranhaotv.com.br\/index.php\/2026\/08\/31\/candidatura-de-dr-leoberth-e-deferida-e-medico-surge-como-uma-das-grandes-revelacoes-da-disputa-por-uma-vaga-na-camara-federal\/#primaryimage"},"image":{"@id":"https:\/\/maranhaotv.com.br\/index.php\/2026\/08\/31\/candidatura-de-dr-leoberth-e-deferida-e-medico-surge-como-uma-das-grandes-revelacoes-da-disputa-por-uma-vaga-na-camara-federal\/#primaryimage"},"thumbnailUrl":"https:\/\/maranhaotv.com.br\/wp-content\/uploads\/2026\/08\/img_0846.jpeg","datePublished":"2026-08-31T23:26:53+00:00","breadcrumb":{"@id":"https:\/\/maranhaotv.com.br\/index.php\/2026\/08\/31\/candidatura-de-dr-leoberth-e-deferida-e-medico-surge-como-uma-das-grandes-revelacoes-da-disputa-por-uma-vaga-na-camara-federal\/#breadcrumb"},"inLanguage":"pt-BR","potentialAction":[{"@type":"ReadAction","target":["https:\/\/maranhaotv.com.br\/index.php\/2026\/08\/31\/candidatura-de-dr-leoberth-e-deferida-e-medico-surge-como-uma-das-grandes-revelacoes-da-disputa-por-uma-vaga-na-camara-federal\/"]}]},{"@type":"ImageObject","inLanguage":"pt-BR","@id":"https:\/\/maranhaotv.com.br\/index.php\/2026\/08\/31\/candidatura-de-dr-leoberth-e-deferida-e-medico-surge-como-uma-das-grandes-revelacoes-da-disputa-por-uma-vaga-na-camara-federal\/#primaryimage","url":"https:\/\/maranhaotv.com.br\/wp-content\/uploads\/2026\/08\/img_0846.jpeg","contentUrl":"https:\/\/maranhaotv.com.br\/wp-content\/uploads\/2026\/08\/img_0846.jpeg","width":1320,"height":1065,"caption":"Screenshot"},{"@type":"BreadcrumbList","@id":"https:\/\/maranhaotv.com.br\/index.php\/2026\/08\/31\/candidatura-de-dr-leoberth-e-deferida-e-medico-surge-como-uma-das-grandes-revelacoes-da-disputa-por-uma-vaga-na-camara-federal\/#breadcrumb","itemListElement":[{"@type":"ListItem","position":1,"name":"In\u00edcio","item":"https:\/\/maranhaotv.com.br\/"},{"@type":"ListItem","position":2,"name":"Candidatura de Dr. Leoberth \u00e9 deferida e m\u00e9dico surge como uma das grandes revela\u00e7\u00f5es da disputa por uma vaga na C\u00e2mara Federal"}]},{"@type":"WebSite","@id":"https:\/\/maranhaotv.com.br\/#website","url":"https:\/\/maranhaotv.com.br\/","name":"Maranh\u00e3oTV","description":"","publisher":{"@id":"https:\/\/maranhaotv.com.br\/#organization"},"potentialAction":[{"@type":"SearchAction","target":{"@type":"EntryPoint","urlTemplate":"https:\/\/maranhaotv.com.br\/?s={search_term_string}"},"query-input":{"@type":"PropertyValueSpecification","valueRequired":true,"valueName":"search_term_string"}}],"inLanguage":"pt-BR"},{"@type":"Organization","@id":"https:\/\/maranhaotv.com.br\/#organization","name":"Portal de Not\u00edcias","url":"https:\/\/maranhaotv.com.br\/","logo":{"@type":"ImageObject","inLanguage":"pt-BR","@id":"https:\/\/maranhaotv.com.br\/#\/schema\/logo\/image\/","url":"https:\/\/maranhaotv.com.br\/wp-content\/uploads\/2024\/05\/cropped-cropped-avatar-1.png","contentUrl":"https:\/\/maranhaotv.com.br\/wp-content\/uploads\/2024\/05\/cropped-cropped-avatar-1.png","width":792,"height":428,"caption":"Portal de Not\u00edcias"},"image":{"@id":"https:\/\/maranhaotv.com.br\/#\/schema\/logo\/image\/"},"sameAs":["https:\/\/www.facebook.com\/maiobaotv","https:\/\/x.com\/sitemaranhaotv","https:\/\/www.instagram.com\/maranhao.tv","https:\/\/www.threads.net\/@maranhao.tv"]},{"@type":"Person","@id":"https:\/\/maranhaotv.com.br\/#\/schema\/person\/3d54238e86b20bb5c89ab2fdb8f8829a","name":"maranhaotv","image":{"@type":"ImageObject","inLanguage":"pt-BR","@id":"https:\/\/secure.gravatar.com\/avatar\/8fadbca458d4cb68b1dd399ae9a40618d747bb1af65ac9fad21c89220a143eb4?s=96&d=mm&r=g","url":"https:\/\/secure.gravatar.com\/avatar\/8fadbca458d4cb68b1dd399ae9a40618d747bb1af65ac9fad21c89220a143eb4?s=96&d=mm&r=g","contentUrl":"https:\/\/secure.gravatar.com\/avatar\/8fadbca458d4cb68b1dd399ae9a40618d747bb1af65ac9fad21c89220a143eb4?s=96&d=mm&r=g","caption":"maranhaotv"},"sameAs":["https:\/\/maranhaotv.com.br\/"],"url":"https:\/\/maranhaotv.com.br\/index.php\/author\/maranhaotv\/"}]}},"jetpack_sharing_enabled":true,"jetpack_featured_media_url":"https:\/\/maranhaotv.com.br\/wp-content\/uploads\/2026\/08\/img_0846.jpeg","_links":{"self":[{"href":"https:\/\/maranhaotv.com.br\/index.php\/wp-json\/wp\/v2\/posts\/47489","targetHints":{"allow":["GET"]}}],"collection":[{"href":"https:\/\/maranhaotv.com.br\/index.php\/wp-json\/wp\/v2\/posts"}],"about":[{"href":"https:\/\/maranhaotv.com.br\/index.php\/wp-json\/wp\/v2\/types\/post"}],"author":[{"embeddable":true,"href":"https:\/\/maranhaotv.com.br\/index.php\/wp-json\/wp\/v2\/users\/2"}],"replies":[{"embeddable":true,"href":"https:\/\/maranhaotv.com.br\/index.php\/wp-json\/wp\/v2\/comments?post=47489"}],"version-history":[{"count":1,"href":"https:\/\/maranhaotv.com.br\/index.php\/wp-json\/wp\/v2\/posts\/47489\/revisions"}],"predecessor-version":[{"id":47490,"href":"https:\/\/maranhaotv.com.br\/index.php\/wp-json\/wp\/v2\/posts\/47489\/revisions\/47490"}],"wp:featuredmedia":[{"embeddable":true,"href":"https:\/\/maranhaotv.com.br\/index.php\/wp-json\/wp\/v2\/media\/47488"}],"wp:attachment":[{"href":"https:\/\/maranhaotv.com.br\/index.php\/wp-json\/wp\/v2\/media?parent=47489"}],"wp:term":[{"taxonomy":"category","embeddable":true,"href":"https:\/\/maranhaotv.com.br\/index.php\/wp-json\/wp\/v2\/categories?post=47489"},{"taxonomy":"post_tag","embeddable":true,"href":"https:\/\/maranhaotv.com.br\/index.php\/wp-json\/wp\/v2\/tags?post=47489"}],"curies":[{"name":"wp","href":"https:\/\/api.w.org\/{rel}","templated":true}]}}