{"id":47502,"date":"2026-09-02T06:16:11","date_gmt":"2026-09-02T09:16:11","guid":{"rendered":"https:\/\/maranhaotv.com.br\/?p=47502"},"modified":"2026-09-02T06:18:45","modified_gmt":"2026-09-02T09:18:45","slug":"amanda-gentil-recebe-r-29-milhoes-do-fundo-eleitoral-e-lidera-com-folga-entre-candidatos-a-deputado-federal-no-maranhao","status":"publish","type":"post","link":"https:\/\/maranhaotv.com.br\/index.php\/2026\/09\/02\/amanda-gentil-recebe-r-29-milhoes-do-fundo-eleitoral-e-lidera-com-folga-entre-candidatos-a-deputado-federal-no-maranhao\/","title":{"rendered":"R$ 2,9 MILH\u00d5ES NO COLO! Amanda Gentil \u00e9 a candidata a deputada federal que mais recebeu do Fundo Eleitoral no Maranh\u00e3o"},"content":{"rendered":"\n<p class=\"wp-block-paragraph\"><\/p>\n\n\n\n<p class=\"wp-block-paragraph\">A candidata a deputada federal Amanda Gentil (PP), aparece na lideran\u00e7a entre os candidatos \u00e0 C\u00e2mara dos Deputados pelo Maranh\u00e3o quando o crit\u00e9rio \u00e9 o volume de recursos recebidos diretamente do partido por meio do Fundo Eleitoral. At\u00e9 30 de agosto de 2026, a campanha havia registrado R$ 2,9 milh\u00f5es transferidos pela Dire\u00e7\u00e3o Nacional do Progressistas.<br \/><br \/>O valor coloca Amanda em uma posi\u00e7\u00e3o bastante distante dos demais candidatos que j\u00e1 receberam recursos partid\u00e1rios. Rubens Pereira Jr. (PT) aparece com R$ 1,8 milh\u00e3o, enquanto Duarte Jr. (Avante) e os candidatos do PL listados nos registros analisados aparecem com repasses de R$ 1,5 milh\u00e3o. Entre os nomes que receberam valores menores est\u00e3o Allan Garc\u00eas (PP), com R$ 1 milh\u00e3o, e Josivaldo JP (Uni\u00e3o), tamb\u00e9m com R$ 1 milh\u00e3o.<br \/><br \/>A diferen\u00e7a para o segundo colocado \u00e9 de R$ 1,1 milh\u00e3o. Na pr\u00e1tica, o repasse partid\u00e1rio recebido por Amanda \u00e9 cerca de 61% maior que os R$ 1,8 milh\u00e3o destinados pela Dire\u00e7\u00e3o Nacional do PT \u00e0 campanha de Rubens Jr.<br \/><br \/>Quase o mesmo valor de um candidato ao Senado<br \/>O volume destinado \u00e0 campanha de Amanda tamb\u00e9m chama aten\u00e7\u00e3o quando comparado com candidaturas ao Senado. Fufuca (PP), candidato do mesmo partido, recebeu R$ 3 milh\u00f5es da Dire\u00e7\u00e3o Nacional do Progressistas. Ou seja, o repasse para Amanda ficou apenas R$ 100 mil abaixo do valor destinado pelo partido ao candidato ao Senado.<br \/><br \/>Outro candidato ao Senado que aparece com R$ 3 milh\u00f5es em recursos partid\u00e1rios \u00e9 Weverton Rocha (PDT).<br \/><br \/>O levantamento considera somente os valores transferidos pelos diret\u00f3rios partid\u00e1rios, sem somar recursos pr\u00f3prios, doa\u00e7\u00f5es de pessoas f\u00edsicas ou outras receitas de campanha. Os dados t\u00eam como fonte o sistema DivulgaCandContas, do Tribunal Superior Eleitoral (TSE), com informa\u00e7\u00f5es dispon\u00edveis at\u00e9 30 de agosto de 2026.<br \/><br \/>Com R$ 2,9 milh\u00f5es j\u00e1 registrados, Amanda Gentil n\u00e3o apenas lidera entre os candidatos a deputado federal no Maranh\u00e3o como tamb\u00e9m aparece com um dos maiores repasses partid\u00e1rios entre as candidaturas majorit\u00e1rias e proporcionais analisadas.<\/p>\n","protected":false},"excerpt":{"rendered":"<p>A candidata a deputada federal Amanda Gentil (PP), aparece na lideran\u00e7a entre os candidatos \u00e0 C\u00e2mara dos Deputados pelo Maranh\u00e3o<\/p>\n","protected":false},"author":2,"featured_media":47501,"comment_status":"closed","ping_status":"","sticky":false,"template":"","format":"standard","meta":{"colormag_page_container_layout":"default_layout","colormag_page_sidebar_layout":"default_layout","_jetpack_newsletter_access":"","_jetpack_dont_email_post_to_subs":false,"_jetpack_newsletter_tier_id":0,"_jetpack_memberships_contains_paywalled_content":false,"_jetpack_feature_clip_id":0,"_jetpack_memberships_contains_paid_content":false,"footnotes":"","jetpack_post_was_ever_published":false},"categories":[603],"tags":[607],"class_list":["post-47502","post","type-post","status-publish","format-standard","has-post-thumbnail","hentry","category-politica-africa","tag-amanda-gentil"],"magazineBlocksPostFeaturedMedia":{"thumbnail":"https:\/\/maranhaotv.com.br\/wp-content\/uploads\/2026\/09\/amanda-gentil-recebe-r-2-9-milhoes-do-fundo-eleitoral-e-lidera-com-folga-entre-candidatos-a-deputado-federal-no-maranhao-150x150.jpg","medium":"https:\/\/maranhaotv.com.br\/wp-content\/uploads\/2026\/09\/amanda-gentil-recebe-r-2-9-milhoes-do-fundo-eleitoral-e-lidera-com-folga-entre-candidatos-a-deputado-federal-no-maranhao-300x200.jpg","medium_large":"https:\/\/maranhaotv.com.br\/wp-content\/uploads\/2026\/09\/amanda-gentil-recebe-r-2-9-milhoes-do-fundo-eleitoral-e-lidera-com-folga-entre-candidatos-a-deputado-federal-no-maranhao-768x511.jpg","large":"https:\/\/maranhaotv.com.br\/wp-content\/uploads\/2026\/09\/amanda-gentil-recebe-r-2-9-milhoes-do-fundo-eleitoral-e-lidera-com-folga-entre-candidatos-a-deputado-federal-no-maranhao-1024x681.jpg","1536x1536":"https:\/\/maranhaotv.com.br\/wp-content\/uploads\/2026\/09\/amanda-gentil-recebe-r-2-9-milhoes-do-fundo-eleitoral-e-lidera-com-folga-entre-candidatos-a-deputado-federal-no-maranhao.jpg","2048x2048":"https:\/\/maranhaotv.com.br\/wp-content\/uploads\/2026\/09\/amanda-gentil-recebe-r-2-9-milhoes-do-fundo-eleitoral-e-lidera-com-folga-entre-candidatos-a-deputado-federal-no-maranhao.jpg","colormag-highlighted-post":"https:\/\/maranhaotv.com.br\/wp-content\/uploads\/2026\/09\/amanda-gentil-recebe-r-2-9-milhoes-do-fundo-eleitoral-e-lidera-com-folga-entre-candidatos-a-deputado-federal-no-maranhao-392x272.jpg","colormag-featured-post-medium":"https:\/\/maranhaotv.com.br\/wp-content\/uploads\/2026\/09\/amanda-gentil-recebe-r-2-9-milhoes-do-fundo-eleitoral-e-lidera-com-folga-entre-candidatos-a-deputado-federal-no-maranhao-390x205.jpg","colormag-featured-post-small":"https:\/\/maranhaotv.com.br\/wp-content\/uploads\/2026\/09\/amanda-gentil-recebe-r-2-9-milhoes-do-fundo-eleitoral-e-lidera-com-folga-entre-candidatos-a-deputado-federal-no-maranhao-130x90.jpg","colormag-featured-image":"https:\/\/maranhaotv.com.br\/wp-content\/uploads\/2026\/09\/amanda-gentil-recebe-r-2-9-milhoes-do-fundo-eleitoral-e-lidera-com-folga-entre-candidatos-a-deputado-federal-no-maranhao-800x445.jpg","colormag-default-news":"https:\/\/maranhaotv.com.br\/wp-content\/uploads\/2026\/09\/amanda-gentil-recebe-r-2-9-milhoes-do-fundo-eleitoral-e-lidera-com-folga-entre-candidatos-a-deputado-federal-no-maranhao-150x150.jpg","colormag-featured-image-large":"https:\/\/maranhaotv.com.br\/wp-content\/uploads\/2026\/09\/amanda-gentil-recebe-r-2-9-milhoes-do-fundo-eleitoral-e-lidera-com-folga-entre-candidatos-a-deputado-federal-no-maranhao-1400x600.jpg"},"magazineBlocksPostAuthor":{"name":"maranhaotv","avatar":"https:\/\/secure.gravatar.com\/avatar\/8fadbca458d4cb68b1dd399ae9a40618d747bb1af65ac9fad21c89220a143eb4?s=96&d=mm&r=g"},"magazineBlocksPostCommentsNumber":false,"magazineBlocksPostExcerpt":"A candidata a deputada federal Amanda Gentil (PP), aparece na lideran\u00e7a entre os candidatos \u00e0 C\u00e2mara dos Deputados pelo Maranh\u00e3o","magazineBlocksPostCategories":["Pol\u00edtica"],"magazineBlocksPostViewCount":39,"magazineBlocksPostReadTime":2,"magazine_blocks_featured_image_url":{"full":["https:\/\/maranhaotv.com.br\/wp-content\/uploads\/2026\/09\/amanda-gentil-recebe-r-2-9-milhoes-do-fundo-eleitoral-e-lidera-com-folga-entre-candidatos-a-deputado-federal-no-maranhao.jpg",1450,965,false],"medium":["https:\/\/maranhaotv.com.br\/wp-content\/uploads\/2026\/09\/amanda-gentil-recebe-r-2-9-milhoes-do-fundo-eleitoral-e-lidera-com-folga-entre-candidatos-a-deputado-federal-no-maranhao-300x200.jpg",300,200,true],"thumbnail":["https:\/\/maranhaotv.com.br\/wp-content\/uploads\/2026\/09\/amanda-gentil-recebe-r-2-9-milhoes-do-fundo-eleitoral-e-lidera-com-folga-entre-candidatos-a-deputado-federal-no-maranhao-150x150.jpg",150,150,true]},"magazine_blocks_author":{"display_name":"maranhaotv","author_link":"https:\/\/maranhaotv.com.br\/index.php\/author\/maranhaotv\/"},"magazine_blocks_comment":0,"magazine_blocks_author_image":"https:\/\/secure.gravatar.com\/avatar\/8fadbca458d4cb68b1dd399ae9a40618d747bb1af65ac9fad21c89220a143eb4?s=96&d=mm&r=g","magazine_blocks_category":"<a href=\"#\" class=\"category-link category-link-603\">Pol\u00edtica<\/a>","videoUrl":"","yoast_head":"<!-- This site is optimized with the Yoast SEO plugin v27.8 - https:\/\/yoast.com\/product\/yoast-seo-wordpress\/ -->\n<title>R$ 2,9 MILH\u00d5ES NO COLO! Amanda Gentil \u00e9 a candidata a deputada federal que mais recebeu do Fundo Eleitoral no Maranh\u00e3o - NOT\u00cdCIAS EM TEMPO REAL<\/title>\n<meta name=\"robots\" content=\"index, follow, max-snippet:-1, max-image-preview:large, max-video-preview:-1\" \/>\n<link rel=\"canonical\" href=\"https:\/\/maranhaotv.com.br\/index.php\/2026\/09\/02\/amanda-gentil-recebe-r-29-milhoes-do-fundo-eleitoral-e-lidera-com-folga-entre-candidatos-a-deputado-federal-no-maranhao\/\" \/>\n<meta property=\"og:locale\" content=\"pt_BR\" \/>\n<meta property=\"og:type\" content=\"article\" \/>\n<meta property=\"og:title\" content=\"R$ 2,9 MILH\u00d5ES NO COLO! Amanda Gentil \u00e9 a candidata a deputada federal que mais recebeu do Fundo Eleitoral no Maranh\u00e3o - NOT\u00cdCIAS EM TEMPO REAL\" \/>\n<meta property=\"og:description\" content=\"A candidata a deputada federal Amanda Gentil (PP), aparece na lideran\u00e7a entre os candidatos \u00e0 C\u00e2mara dos Deputados pelo Maranh\u00e3o\" \/>\n<meta property=\"og:url\" content=\"https:\/\/maranhaotv.com.br\/index.php\/2026\/09\/02\/amanda-gentil-recebe-r-29-milhoes-do-fundo-eleitoral-e-lidera-com-folga-entre-candidatos-a-deputado-federal-no-maranhao\/\" \/>\n<meta property=\"og:site_name\" content=\"NOT\u00cdCIAS EM TEMPO REAL\" \/>\n<meta property=\"article:publisher\" content=\"https:\/\/www.facebook.com\/maiobaotv\" \/>\n<meta property=\"article:published_time\" content=\"2026-09-02T09:16:11+00:00\" \/>\n<meta property=\"article:modified_time\" content=\"2026-09-02T09:18:45+00:00\" \/>\n<meta property=\"og:image\" content=\"https:\/\/maranhaotv.com.br\/wp-content\/uploads\/2026\/09\/amanda-gentil-recebe-r-2-9-milhoes-do-fundo-eleitoral-e-lidera-com-folga-entre-candidatos-a-deputado-federal-no-maranhao.jpg\" \/>\n\t<meta property=\"og:image:width\" content=\"1450\" \/>\n\t<meta property=\"og:image:height\" content=\"965\" \/>\n\t<meta property=\"og:image:type\" content=\"image\/jpeg\" \/>\n<meta name=\"author\" content=\"maranhaotv\" \/>\n<meta name=\"twitter:card\" content=\"summary_large_image\" \/>\n<meta name=\"twitter:creator\" content=\"@sitemaranhaotv\" \/>\n<meta name=\"twitter:site\" content=\"@sitemaranhaotv\" \/>\n<meta name=\"twitter:label1\" content=\"Escrito por\" \/>\n\t<meta name=\"twitter:data1\" content=\"maranhaotv\" \/>\n\t<meta name=\"twitter:label2\" content=\"Est. tempo de leitura\" \/>\n\t<meta name=\"twitter:data2\" content=\"2 minutos\" \/>\n<script type=\"application\/ld+json\" class=\"yoast-schema-graph\">{\"@context\":\"https:\\\/\\\/schema.org\",\"@graph\":[{\"@type\":\"Article\",\"@id\":\"https:\\\/\\\/maranhaotv.com.br\\\/index.php\\\/2026\\\/09\\\/02\\\/amanda-gentil-recebe-r-29-milhoes-do-fundo-eleitoral-e-lidera-com-folga-entre-candidatos-a-deputado-federal-no-maranhao\\\/#article\",\"isPartOf\":{\"@id\":\"https:\\\/\\\/maranhaotv.com.br\\\/index.php\\\/2026\\\/09\\\/02\\\/amanda-gentil-recebe-r-29-milhoes-do-fundo-eleitoral-e-lidera-com-folga-entre-candidatos-a-deputado-federal-no-maranhao\\\/\"},\"author\":{\"name\":\"maranhaotv\",\"@id\":\"https:\\\/\\\/maranhaotv.com.br\\\/#\\\/schema\\\/person\\\/3d54238e86b20bb5c89ab2fdb8f8829a\"},\"headline\":\"R$ 2,9 MILH\u00d5ES NO COLO! Amanda Gentil \u00e9 a candidata a deputada federal que mais recebeu do Fundo Eleitoral no Maranh\u00e3o\",\"datePublished\":\"2026-09-02T09:16:11+00:00\",\"dateModified\":\"2026-09-02T09:18:45+00:00\",\"mainEntityOfPage\":{\"@id\":\"https:\\\/\\\/maranhaotv.com.br\\\/index.php\\\/2026\\\/09\\\/02\\\/amanda-gentil-recebe-r-29-milhoes-do-fundo-eleitoral-e-lidera-com-folga-entre-candidatos-a-deputado-federal-no-maranhao\\\/\"},\"wordCount\":363,\"publisher\":{\"@id\":\"https:\\\/\\\/maranhaotv.com.br\\\/#organization\"},\"image\":{\"@id\":\"https:\\\/\\\/maranhaotv.com.br\\\/index.php\\\/2026\\\/09\\\/02\\\/amanda-gentil-recebe-r-29-milhoes-do-fundo-eleitoral-e-lidera-com-folga-entre-candidatos-a-deputado-federal-no-maranhao\\\/#primaryimage\"},\"thumbnailUrl\":\"https:\\\/\\\/maranhaotv.com.br\\\/wp-content\\\/uploads\\\/2026\\\/09\\\/amanda-gentil-recebe-r-2-9-milhoes-do-fundo-eleitoral-e-lidera-com-folga-entre-candidatos-a-deputado-federal-no-maranhao.jpg\",\"keywords\":[\"Amanda Gentil\"],\"articleSection\":[\"Pol\u00edtica\"],\"inLanguage\":\"pt-BR\"},{\"@type\":\"WebPage\",\"@id\":\"https:\\\/\\\/maranhaotv.com.br\\\/index.php\\\/2026\\\/09\\\/02\\\/amanda-gentil-recebe-r-29-milhoes-do-fundo-eleitoral-e-lidera-com-folga-entre-candidatos-a-deputado-federal-no-maranhao\\\/\",\"url\":\"https:\\\/\\\/maranhaotv.com.br\\\/index.php\\\/2026\\\/09\\\/02\\\/amanda-gentil-recebe-r-29-milhoes-do-fundo-eleitoral-e-lidera-com-folga-entre-candidatos-a-deputado-federal-no-maranhao\\\/\",\"name\":\"R$ 2,9 MILH\u00d5ES NO COLO! Amanda Gentil \u00e9 a candidata a deputada federal que mais recebeu do Fundo Eleitoral no Maranh\u00e3o - NOT\u00cdCIAS EM TEMPO REAL\",\"isPartOf\":{\"@id\":\"https:\\\/\\\/maranhaotv.com.br\\\/#website\"},\"primaryImageOfPage\":{\"@id\":\"https:\\\/\\\/maranhaotv.com.br\\\/index.php\\\/2026\\\/09\\\/02\\\/amanda-gentil-recebe-r-29-milhoes-do-fundo-eleitoral-e-lidera-com-folga-entre-candidatos-a-deputado-federal-no-maranhao\\\/#primaryimage\"},\"image\":{\"@id\":\"https:\\\/\\\/maranhaotv.com.br\\\/index.php\\\/2026\\\/09\\\/02\\\/amanda-gentil-recebe-r-29-milhoes-do-fundo-eleitoral-e-lidera-com-folga-entre-candidatos-a-deputado-federal-no-maranhao\\\/#primaryimage\"},\"thumbnailUrl\":\"https:\\\/\\\/maranhaotv.com.br\\\/wp-content\\\/uploads\\\/2026\\\/09\\\/amanda-gentil-recebe-r-2-9-milhoes-do-fundo-eleitoral-e-lidera-com-folga-entre-candidatos-a-deputado-federal-no-maranhao.jpg\",\"datePublished\":\"2026-09-02T09:16:11+00:00\",\"dateModified\":\"2026-09-02T09:18:45+00:00\",\"breadcrumb\":{\"@id\":\"https:\\\/\\\/maranhaotv.com.br\\\/index.php\\\/2026\\\/09\\\/02\\\/amanda-gentil-recebe-r-29-milhoes-do-fundo-eleitoral-e-lidera-com-folga-entre-candidatos-a-deputado-federal-no-maranhao\\\/#breadcrumb\"},\"inLanguage\":\"pt-BR\",\"potentialAction\":[{\"@type\":\"ReadAction\",\"target\":[\"https:\\\/\\\/maranhaotv.com.br\\\/index.php\\\/2026\\\/09\\\/02\\\/amanda-gentil-recebe-r-29-milhoes-do-fundo-eleitoral-e-lidera-com-folga-entre-candidatos-a-deputado-federal-no-maranhao\\\/\"]}]},{\"@type\":\"ImageObject\",\"inLanguage\":\"pt-BR\",\"@id\":\"https:\\\/\\\/maranhaotv.com.br\\\/index.php\\\/2026\\\/09\\\/02\\\/amanda-gentil-recebe-r-29-milhoes-do-fundo-eleitoral-e-lidera-com-folga-entre-candidatos-a-deputado-federal-no-maranhao\\\/#primaryimage\",\"url\":\"https:\\\/\\\/maranhaotv.com.br\\\/wp-content\\\/uploads\\\/2026\\\/09\\\/amanda-gentil-recebe-r-2-9-milhoes-do-fundo-eleitoral-e-lidera-com-folga-entre-candidatos-a-deputado-federal-no-maranhao.jpg\",\"contentUrl\":\"https:\\\/\\\/maranhaotv.com.br\\\/wp-content\\\/uploads\\\/2026\\\/09\\\/amanda-gentil-recebe-r-2-9-milhoes-do-fundo-eleitoral-e-lidera-com-folga-entre-candidatos-a-deputado-federal-no-maranhao.jpg\",\"width\":1450,\"height\":965},{\"@type\":\"BreadcrumbList\",\"@id\":\"https:\\\/\\\/maranhaotv.com.br\\\/index.php\\\/2026\\\/09\\\/02\\\/amanda-gentil-recebe-r-29-milhoes-do-fundo-eleitoral-e-lidera-com-folga-entre-candidatos-a-deputado-federal-no-maranhao\\\/#breadcrumb\",\"itemListElement\":[{\"@type\":\"ListItem\",\"position\":1,\"name\":\"In\u00edcio\",\"item\":\"https:\\\/\\\/maranhaotv.com.br\\\/\"},{\"@type\":\"ListItem\",\"position\":2,\"name\":\"R$ 2,9 MILH\u00d5ES NO COLO! Amanda Gentil \u00e9 a candidata a deputada federal que mais recebeu do Fundo Eleitoral no Maranh\u00e3o\"}]},{\"@type\":\"WebSite\",\"@id\":\"https:\\\/\\\/maranhaotv.com.br\\\/#website\",\"url\":\"https:\\\/\\\/maranhaotv.com.br\\\/\",\"name\":\"Maranh\u00e3oTV\",\"description\":\"\",\"publisher\":{\"@id\":\"https:\\\/\\\/maranhaotv.com.br\\\/#organization\"},\"potentialAction\":[{\"@type\":\"SearchAction\",\"target\":{\"@type\":\"EntryPoint\",\"urlTemplate\":\"https:\\\/\\\/maranhaotv.com.br\\\/?s={search_term_string}\"},\"query-input\":{\"@type\":\"PropertyValueSpecification\",\"valueRequired\":true,\"valueName\":\"search_term_string\"}}],\"inLanguage\":\"pt-BR\"},{\"@type\":\"Organization\",\"@id\":\"https:\\\/\\\/maranhaotv.com.br\\\/#organization\",\"name\":\"Portal de Not\u00edcias\",\"url\":\"https:\\\/\\\/maranhaotv.com.br\\\/\",\"logo\":{\"@type\":\"ImageObject\",\"inLanguage\":\"pt-BR\",\"@id\":\"https:\\\/\\\/maranhaotv.com.br\\\/#\\\/schema\\\/logo\\\/image\\\/\",\"url\":\"https:\\\/\\\/maranhaotv.com.br\\\/wp-content\\\/uploads\\\/2024\\\/05\\\/cropped-cropped-avatar-1.png\",\"contentUrl\":\"https:\\\/\\\/maranhaotv.com.br\\\/wp-content\\\/uploads\\\/2024\\\/05\\\/cropped-cropped-avatar-1.png\",\"width\":792,\"height\":428,\"caption\":\"Portal de Not\u00edcias\"},\"image\":{\"@id\":\"https:\\\/\\\/maranhaotv.com.br\\\/#\\\/schema\\\/logo\\\/image\\\/\"},\"sameAs\":[\"https:\\\/\\\/www.facebook.com\\\/maiobaotv\",\"https:\\\/\\\/x.com\\\/sitemaranhaotv\",\"https:\\\/\\\/www.instagram.com\\\/maranhao.tv\",\"https:\\\/\\\/www.threads.net\\\/@maranhao.tv\"]},{\"@type\":\"Person\",\"@id\":\"https:\\\/\\\/maranhaotv.com.br\\\/#\\\/schema\\\/person\\\/3d54238e86b20bb5c89ab2fdb8f8829a\",\"name\":\"maranhaotv\",\"image\":{\"@type\":\"ImageObject\",\"inLanguage\":\"pt-BR\",\"@id\":\"https:\\\/\\\/secure.gravatar.com\\\/avatar\\\/8fadbca458d4cb68b1dd399ae9a40618d747bb1af65ac9fad21c89220a143eb4?s=96&d=mm&r=g\",\"url\":\"https:\\\/\\\/secure.gravatar.com\\\/avatar\\\/8fadbca458d4cb68b1dd399ae9a40618d747bb1af65ac9fad21c89220a143eb4?s=96&d=mm&r=g\",\"contentUrl\":\"https:\\\/\\\/secure.gravatar.com\\\/avatar\\\/8fadbca458d4cb68b1dd399ae9a40618d747bb1af65ac9fad21c89220a143eb4?s=96&d=mm&r=g\",\"caption\":\"maranhaotv\"},\"sameAs\":[\"https:\\\/\\\/maranhaotv.com.br\\\/\"],\"url\":\"https:\\\/\\\/maranhaotv.com.br\\\/index.php\\\/author\\\/maranhaotv\\\/\"}]}<\/script>\n<!-- \/ Yoast SEO plugin. -->","yoast_head_json":{"title":"R$ 2,9 MILH\u00d5ES NO COLO! Amanda Gentil \u00e9 a candidata a deputada federal que mais recebeu do Fundo Eleitoral no Maranh\u00e3o - NOT\u00cdCIAS EM TEMPO REAL","robots":{"index":"index","follow":"follow","max-snippet":"max-snippet:-1","max-image-preview":"max-image-preview:large","max-video-preview":"max-video-preview:-1"},"canonical":"https:\/\/maranhaotv.com.br\/index.php\/2026\/09\/02\/amanda-gentil-recebe-r-29-milhoes-do-fundo-eleitoral-e-lidera-com-folga-entre-candidatos-a-deputado-federal-no-maranhao\/","og_locale":"pt_BR","og_type":"article","og_title":"R$ 2,9 MILH\u00d5ES NO COLO! Amanda Gentil \u00e9 a candidata a deputada federal que mais recebeu do Fundo Eleitoral no Maranh\u00e3o - NOT\u00cdCIAS EM TEMPO REAL","og_description":"A candidata a deputada federal Amanda Gentil (PP), aparece na lideran\u00e7a entre os candidatos \u00e0 C\u00e2mara dos Deputados pelo Maranh\u00e3o","og_url":"https:\/\/maranhaotv.com.br\/index.php\/2026\/09\/02\/amanda-gentil-recebe-r-29-milhoes-do-fundo-eleitoral-e-lidera-com-folga-entre-candidatos-a-deputado-federal-no-maranhao\/","og_site_name":"NOT\u00cdCIAS EM TEMPO REAL","article_publisher":"https:\/\/www.facebook.com\/maiobaotv","article_published_time":"2026-09-02T09:16:11+00:00","article_modified_time":"2026-09-02T09:18:45+00:00","og_image":[{"width":1450,"height":965,"url":"https:\/\/maranhaotv.com.br\/wp-content\/uploads\/2026\/09\/amanda-gentil-recebe-r-2-9-milhoes-do-fundo-eleitoral-e-lidera-com-folga-entre-candidatos-a-deputado-federal-no-maranhao.jpg","type":"image\/jpeg"}],"author":"maranhaotv","twitter_card":"summary_large_image","twitter_creator":"@sitemaranhaotv","twitter_site":"@sitemaranhaotv","twitter_misc":{"Escrito por":"maranhaotv","Est. tempo de leitura":"2 minutos"},"schema":{"@context":"https:\/\/schema.org","@graph":[{"@type":"Article","@id":"https:\/\/maranhaotv.com.br\/index.php\/2026\/09\/02\/amanda-gentil-recebe-r-29-milhoes-do-fundo-eleitoral-e-lidera-com-folga-entre-candidatos-a-deputado-federal-no-maranhao\/#article","isPartOf":{"@id":"https:\/\/maranhaotv.com.br\/index.php\/2026\/09\/02\/amanda-gentil-recebe-r-29-milhoes-do-fundo-eleitoral-e-lidera-com-folga-entre-candidatos-a-deputado-federal-no-maranhao\/"},"author":{"name":"maranhaotv","@id":"https:\/\/maranhaotv.com.br\/#\/schema\/person\/3d54238e86b20bb5c89ab2fdb8f8829a"},"headline":"R$ 2,9 MILH\u00d5ES NO COLO! Amanda Gentil \u00e9 a candidata a deputada federal que mais recebeu do Fundo Eleitoral no Maranh\u00e3o","datePublished":"2026-09-02T09:16:11+00:00","dateModified":"2026-09-02T09:18:45+00:00","mainEntityOfPage":{"@id":"https:\/\/maranhaotv.com.br\/index.php\/2026\/09\/02\/amanda-gentil-recebe-r-29-milhoes-do-fundo-eleitoral-e-lidera-com-folga-entre-candidatos-a-deputado-federal-no-maranhao\/"},"wordCount":363,"publisher":{"@id":"https:\/\/maranhaotv.com.br\/#organization"},"image":{"@id":"https:\/\/maranhaotv.com.br\/index.php\/2026\/09\/02\/amanda-gentil-recebe-r-29-milhoes-do-fundo-eleitoral-e-lidera-com-folga-entre-candidatos-a-deputado-federal-no-maranhao\/#primaryimage"},"thumbnailUrl":"https:\/\/maranhaotv.com.br\/wp-content\/uploads\/2026\/09\/amanda-gentil-recebe-r-2-9-milhoes-do-fundo-eleitoral-e-lidera-com-folga-entre-candidatos-a-deputado-federal-no-maranhao.jpg","keywords":["Amanda Gentil"],"articleSection":["Pol\u00edtica"],"inLanguage":"pt-BR"},{"@type":"WebPage","@id":"https:\/\/maranhaotv.com.br\/index.php\/2026\/09\/02\/amanda-gentil-recebe-r-29-milhoes-do-fundo-eleitoral-e-lidera-com-folga-entre-candidatos-a-deputado-federal-no-maranhao\/","url":"https:\/\/maranhaotv.com.br\/index.php\/2026\/09\/02\/amanda-gentil-recebe-r-29-milhoes-do-fundo-eleitoral-e-lidera-com-folga-entre-candidatos-a-deputado-federal-no-maranhao\/","name":"R$ 2,9 MILH\u00d5ES NO COLO! Amanda Gentil \u00e9 a candidata a deputada federal que mais recebeu do Fundo Eleitoral no Maranh\u00e3o - NOT\u00cdCIAS EM TEMPO REAL","isPartOf":{"@id":"https:\/\/maranhaotv.com.br\/#website"},"primaryImageOfPage":{"@id":"https:\/\/maranhaotv.com.br\/index.php\/2026\/09\/02\/amanda-gentil-recebe-r-29-milhoes-do-fundo-eleitoral-e-lidera-com-folga-entre-candidatos-a-deputado-federal-no-maranhao\/#primaryimage"},"image":{"@id":"https:\/\/maranhaotv.com.br\/index.php\/2026\/09\/02\/amanda-gentil-recebe-r-29-milhoes-do-fundo-eleitoral-e-lidera-com-folga-entre-candidatos-a-deputado-federal-no-maranhao\/#primaryimage"},"thumbnailUrl":"https:\/\/maranhaotv.com.br\/wp-content\/uploads\/2026\/09\/amanda-gentil-recebe-r-2-9-milhoes-do-fundo-eleitoral-e-lidera-com-folga-entre-candidatos-a-deputado-federal-no-maranhao.jpg","datePublished":"2026-09-02T09:16:11+00:00","dateModified":"2026-09-02T09:18:45+00:00","breadcrumb":{"@id":"https:\/\/maranhaotv.com.br\/index.php\/2026\/09\/02\/amanda-gentil-recebe-r-29-milhoes-do-fundo-eleitoral-e-lidera-com-folga-entre-candidatos-a-deputado-federal-no-maranhao\/#breadcrumb"},"inLanguage":"pt-BR","potentialAction":[{"@type":"ReadAction","target":["https:\/\/maranhaotv.com.br\/index.php\/2026\/09\/02\/amanda-gentil-recebe-r-29-milhoes-do-fundo-eleitoral-e-lidera-com-folga-entre-candidatos-a-deputado-federal-no-maranhao\/"]}]},{"@type":"ImageObject","inLanguage":"pt-BR","@id":"https:\/\/maranhaotv.com.br\/index.php\/2026\/09\/02\/amanda-gentil-recebe-r-29-milhoes-do-fundo-eleitoral-e-lidera-com-folga-entre-candidatos-a-deputado-federal-no-maranhao\/#primaryimage","url":"https:\/\/maranhaotv.com.br\/wp-content\/uploads\/2026\/09\/amanda-gentil-recebe-r-2-9-milhoes-do-fundo-eleitoral-e-lidera-com-folga-entre-candidatos-a-deputado-federal-no-maranhao.jpg","contentUrl":"https:\/\/maranhaotv.com.br\/wp-content\/uploads\/2026\/09\/amanda-gentil-recebe-r-2-9-milhoes-do-fundo-eleitoral-e-lidera-com-folga-entre-candidatos-a-deputado-federal-no-maranhao.jpg","width":1450,"height":965},{"@type":"BreadcrumbList","@id":"https:\/\/maranhaotv.com.br\/index.php\/2026\/09\/02\/amanda-gentil-recebe-r-29-milhoes-do-fundo-eleitoral-e-lidera-com-folga-entre-candidatos-a-deputado-federal-no-maranhao\/#breadcrumb","itemListElement":[{"@type":"ListItem","position":1,"name":"In\u00edcio","item":"https:\/\/maranhaotv.com.br\/"},{"@type":"ListItem","position":2,"name":"R$ 2,9 MILH\u00d5ES NO COLO! Amanda Gentil \u00e9 a candidata a deputada federal que mais recebeu do Fundo Eleitoral no Maranh\u00e3o"}]},{"@type":"WebSite","@id":"https:\/\/maranhaotv.com.br\/#website","url":"https:\/\/maranhaotv.com.br\/","name":"Maranh\u00e3oTV","description":"","publisher":{"@id":"https:\/\/maranhaotv.com.br\/#organization"},"potentialAction":[{"@type":"SearchAction","target":{"@type":"EntryPoint","urlTemplate":"https:\/\/maranhaotv.com.br\/?s={search_term_string}"},"query-input":{"@type":"PropertyValueSpecification","valueRequired":true,"valueName":"search_term_string"}}],"inLanguage":"pt-BR"},{"@type":"Organization","@id":"https:\/\/maranhaotv.com.br\/#organization","name":"Portal de Not\u00edcias","url":"https:\/\/maranhaotv.com.br\/","logo":{"@type":"ImageObject","inLanguage":"pt-BR","@id":"https:\/\/maranhaotv.com.br\/#\/schema\/logo\/image\/","url":"https:\/\/maranhaotv.com.br\/wp-content\/uploads\/2024\/05\/cropped-cropped-avatar-1.png","contentUrl":"https:\/\/maranhaotv.com.br\/wp-content\/uploads\/2024\/05\/cropped-cropped-avatar-1.png","width":792,"height":428,"caption":"Portal de Not\u00edcias"},"image":{"@id":"https:\/\/maranhaotv.com.br\/#\/schema\/logo\/image\/"},"sameAs":["https:\/\/www.facebook.com\/maiobaotv","https:\/\/x.com\/sitemaranhaotv","https:\/\/www.instagram.com\/maranhao.tv","https:\/\/www.threads.net\/@maranhao.tv"]},{"@type":"Person","@id":"https:\/\/maranhaotv.com.br\/#\/schema\/person\/3d54238e86b20bb5c89ab2fdb8f8829a","name":"maranhaotv","image":{"@type":"ImageObject","inLanguage":"pt-BR","@id":"https:\/\/secure.gravatar.com\/avatar\/8fadbca458d4cb68b1dd399ae9a40618d747bb1af65ac9fad21c89220a143eb4?s=96&d=mm&r=g","url":"https:\/\/secure.gravatar.com\/avatar\/8fadbca458d4cb68b1dd399ae9a40618d747bb1af65ac9fad21c89220a143eb4?s=96&d=mm&r=g","contentUrl":"https:\/\/secure.gravatar.com\/avatar\/8fadbca458d4cb68b1dd399ae9a40618d747bb1af65ac9fad21c89220a143eb4?s=96&d=mm&r=g","caption":"maranhaotv"},"sameAs":["https:\/\/maranhaotv.com.br\/"],"url":"https:\/\/maranhaotv.com.br\/index.php\/author\/maranhaotv\/"}]}},"jetpack_sharing_enabled":true,"jetpack_featured_media_url":"https:\/\/maranhaotv.com.br\/wp-content\/uploads\/2026\/09\/amanda-gentil-recebe-r-2-9-milhoes-do-fundo-eleitoral-e-lidera-com-folga-entre-candidatos-a-deputado-federal-no-maranhao.jpg","_links":{"self":[{"href":"https:\/\/maranhaotv.com.br\/index.php\/wp-json\/wp\/v2\/posts\/47502","targetHints":{"allow":["GET"]}}],"collection":[{"href":"https:\/\/maranhaotv.com.br\/index.php\/wp-json\/wp\/v2\/posts"}],"about":[{"href":"https:\/\/maranhaotv.com.br\/index.php\/wp-json\/wp\/v2\/types\/post"}],"author":[{"embeddable":true,"href":"https:\/\/maranhaotv.com.br\/index.php\/wp-json\/wp\/v2\/users\/2"}],"replies":[{"embeddable":true,"href":"https:\/\/maranhaotv.com.br\/index.php\/wp-json\/wp\/v2\/comments?post=47502"}],"version-history":[{"count":2,"href":"https:\/\/maranhaotv.com.br\/index.php\/wp-json\/wp\/v2\/posts\/47502\/revisions"}],"predecessor-version":[{"id":47504,"href":"https:\/\/maranhaotv.com.br\/index.php\/wp-json\/wp\/v2\/posts\/47502\/revisions\/47504"}],"wp:featuredmedia":[{"embeddable":true,"href":"https:\/\/maranhaotv.com.br\/index.php\/wp-json\/wp\/v2\/media\/47501"}],"wp:attachment":[{"href":"https:\/\/maranhaotv.com.br\/index.php\/wp-json\/wp\/v2\/media?parent=47502"}],"wp:term":[{"taxonomy":"category","embeddable":true,"href":"https:\/\/maranhaotv.com.br\/index.php\/wp-json\/wp\/v2\/categories?post=47502"},{"taxonomy":"post_tag","embeddable":true,"href":"https:\/\/maranhaotv.com.br\/index.php\/wp-json\/wp\/v2\/tags?post=47502"}],"curies":[{"name":"wp","href":"https:\/\/api.w.org\/{rel}","templated":true}]}}