{"id":8652,"date":"2020-01-02T17:54:03","date_gmt":"2020-01-02T20:54:03","guid":{"rendered":"https:\/\/maiobaotv.com.br\/?p=8652"},"modified":"2020-01-02T17:54:03","modified_gmt":"2020-01-02T20:54:03","slug":"prefeitura-de-paco-do-lumiar-presta-atendimento-a-familia-que-teve-casa-incendiada","status":"publish","type":"post","link":"https:\/\/maranhaotv.com.br\/index.php\/2020\/01\/02\/prefeitura-de-paco-do-lumiar-presta-atendimento-a-familia-que-teve-casa-incendiada\/","title":{"rendered":"Prefeitura de Pa\u00e7o do Lumiar presta atendimento \u00e0 fam\u00edlia que teve casa incendiada."},"content":{"rendered":"<p>A Prefeitura de Pa\u00e7o do Lumiar, por meio da Secretaria Municipal de Desenvolvimento Social, prestou toda a assist\u00eancia necess\u00e1ria a senhora Denize Pereira Mendes, que por uma fatalidade, perdeu seus bens durante um inc\u00eandio em sua resid\u00eancia, localizada na comunidade Armindo Reis.<\/p>\n<p>O inc\u00eandio aconteceu no dia 29 de Dezembro e na \u00faltima ter\u00e7a-feira (31) a Secret\u00e1ria Municipal de Desenvolvimento Social, Maria Helena Veiga,  acompanhada pela chefe de Gabinete, Luana Peixoto e pelo  diretor Social do Instituto Social Beneficente Educacional do Maranh\u00e3o, Jonas, visitou a v\u00edtima que no momento est\u00e1  abrigada na casa de um familiar.<\/p>\n<p>Na ocasi\u00e3o, Denize recebeu alimentos, roupas e itens de higiene pessoal; tamb\u00e9m foi dado os primeiros passos para a inser\u00e7\u00e3o da v\u00edtima, no Aluguel Social, que \u00e9 um recurso assistencial mensal, destinado a atender em car\u00e1ter de urg\u00eancia, fam\u00edlias sem moradia, atrav\u00e9s  de subs\u00eddio concedido por per\u00edodo determinado, equivalente ao custo de um aluguel popular.<\/p>\n<p>De acordo com a Secret\u00e1ria Municipal de Desenvolvimento Social, Maria Helena, \u00e9 de extrema import\u00e2ncia, a garantia dos direitos sociais fundamentais de todos os usu\u00e1rios da pol\u00edtica p\u00fablica de Assist\u00eancia Social, bem como manter a discri\u00e7\u00e3o em situa\u00e7\u00f5es delicadas, como a de Denize. &#8220;Todos tem seus direitos assegurados, principalmente aqueles em situa\u00e7\u00e3o de vulnerabilidade social e hipossufici\u00eancia, como \u00e9 o caso da Denize. Prestamos toda a assist\u00eancia necess\u00e1ria sem exposi\u00e7\u00e3o, para evitar a revitimiza\u00e7\u00e3o. Nosso objetivo \u00e9 ajudar em todos os sentidos, n\u00e3o deixando o psicol\u00f3gico da v\u00edtima de lado, ela ser\u00e1 inserida nos programas socioassistenciais para supera\u00e7\u00e3o do momento de fragilidade enfrentado&#8221; disse a Secret\u00e1ria.<\/p>\n<p>Com apoio de \u00f3rg\u00e3os do Governo do Estado, todas a documenta\u00e7\u00e3o, tanto de Denize como de seu filho Davi Lucas, ser\u00e1 recuperada atrav\u00e9s de segundas vias. Uma equipe t\u00e9cnica do ICRIM estive no local para uma per\u00edcia t\u00e9cnica, afim de descobrir as causas do inc\u00eandio. <\/p>\n<p>Na manh\u00e3 desta quinta-feira, 02,  Denize esteve na SEMDES, onde foi recebida pela Secret\u00e1ria Maria Helena, para atualiza\u00e7\u00e3o do Cad\u00danico (Programa Bolsa Fam\u00edlia) e de cadastro no Aluguel Social.<\/p>\n<p>O registro do atendimento foi permitido pela usu\u00e1ria.<\/p>\n<p><img loading=\"lazy\" decoding=\"async\" src=\"https:\/\/maiobaotv.com.br\/wp-content\/uploads\/2020\/01\/img-20200102-wa01413132741117260762107.jpg\" class=\"wp-image-8651 alignnone size-full\" width=\"1280\" height=\"960\"><\/p>\n<p><img loading=\"lazy\" decoding=\"async\" src=\"https:\/\/maiobaotv.com.br\/wp-content\/uploads\/2020\/01\/img-20200102-wa01407645670318370324299.jpg\" class=\"wp-image-8649 alignnone size-full\" width=\"1280\" height=\"960\"><\/p>\n<p><img loading=\"lazy\" decoding=\"async\" src=\"https:\/\/maiobaotv.com.br\/wp-content\/uploads\/2020\/01\/img-20200102-wa01392208996831392366708.jpg\" class=\"wp-image-8650 alignnone size-full\" width=\"1280\" height=\"960\"><\/p>\n","protected":false},"excerpt":{"rendered":"<p>A Prefeitura de Pa\u00e7o do Lumiar, por meio da Secretaria Municipal de Desenvolvimento Social, prestou toda a assist\u00eancia necess\u00e1ria a<\/p>\n","protected":false},"author":2,"featured_media":8653,"comment_status":"closed","ping_status":"closed","sticky":false,"template":"","format":"standard","meta":{"colormag_page_container_layout":"default_layout","colormag_page_sidebar_layout":"default_layout","_jetpack_memberships_contains_paid_content":false,"footnotes":""},"categories":[2],"tags":[],"class_list":["post-8652","post","type-post","status-publish","format-standard","has-post-thumbnail","hentry","category-noticias"],"magazineBlocksPostFeaturedMedia":{"thumbnail":false,"medium":false,"medium_large":false,"large":false,"1536x1536":false,"2048x2048":false,"colormag-highlighted-post":false,"colormag-featured-post-medium":false,"colormag-featured-post-small":false,"colormag-featured-image":false,"colormag-default-news":false,"colormag-featured-image-large":false},"magazineBlocksPostAuthor":{"name":"maranhaotv","avatar":"https:\/\/secure.gravatar.com\/avatar\/8fadbca458d4cb68b1dd399ae9a40618d747bb1af65ac9fad21c89220a143eb4?s=96&d=mm&r=g"},"magazineBlocksPostCommentsNumber":false,"magazineBlocksPostExcerpt":"A Prefeitura de Pa\u00e7o do Lumiar, por meio da Secretaria Municipal de Desenvolvimento Social, prestou toda a assist\u00eancia necess\u00e1ria a","magazineBlocksPostCategories":["not\u00edcias"],"magazineBlocksPostViewCount":397,"magazineBlocksPostReadTime":2,"magazine_blocks_featured_image_url":{"full":false,"medium":false,"thumbnail":false},"magazine_blocks_author":{"display_name":"maranhaotv","author_link":"https:\/\/maranhaotv.com.br\/index.php\/author\/maranhaotv\/"},"magazine_blocks_comment":0,"magazine_blocks_author_image":"https:\/\/secure.gravatar.com\/avatar\/8fadbca458d4cb68b1dd399ae9a40618d747bb1af65ac9fad21c89220a143eb4?s=96&d=mm&r=g","magazine_blocks_category":"<a href=\"#\" class=\"category-link category-link-2\">not\u00edcias<\/a>","yoast_head":"<!-- This site is optimized with the Yoast SEO plugin v27.4 - https:\/\/yoast.com\/product\/yoast-seo-wordpress\/ -->\n<title>Prefeitura de Pa\u00e7o do Lumiar presta atendimento \u00e0 fam\u00edlia que teve casa incendiada. - NOT\u00cdCIAS EM TEMPO REAL<\/title>\n<meta name=\"robots\" content=\"index, follow, max-snippet:-1, max-image-preview:large, max-video-preview:-1\" \/>\n<link rel=\"canonical\" href=\"https:\/\/maranhaotv.com.br\/index.php\/2020\/01\/02\/prefeitura-de-paco-do-lumiar-presta-atendimento-a-familia-que-teve-casa-incendiada\/\" \/>\n<meta property=\"og:locale\" content=\"pt_BR\" \/>\n<meta property=\"og:type\" content=\"article\" \/>\n<meta property=\"og:title\" content=\"Prefeitura de Pa\u00e7o do Lumiar presta atendimento \u00e0 fam\u00edlia que teve casa incendiada. - NOT\u00cdCIAS EM TEMPO REAL\" \/>\n<meta property=\"og:description\" content=\"A Prefeitura de Pa\u00e7o do Lumiar, por meio da Secretaria Municipal de Desenvolvimento Social, prestou toda a assist\u00eancia necess\u00e1ria a\" \/>\n<meta property=\"og:url\" content=\"https:\/\/maranhaotv.com.br\/index.php\/2020\/01\/02\/prefeitura-de-paco-do-lumiar-presta-atendimento-a-familia-que-teve-casa-incendiada\/\" \/>\n<meta property=\"og:site_name\" content=\"NOT\u00cdCIAS EM TEMPO REAL\" \/>\n<meta property=\"article:publisher\" content=\"https:\/\/www.facebook.com\/maiobaotv\" \/>\n<meta property=\"article:published_time\" content=\"2020-01-02T20:54:03+00:00\" \/>\n<meta name=\"author\" content=\"maranhaotv\" \/>\n<meta name=\"twitter:card\" content=\"summary_large_image\" \/>\n<meta name=\"twitter:creator\" content=\"@sitemaranhaotv\" \/>\n<meta name=\"twitter:site\" content=\"@sitemaranhaotv\" \/>\n<meta name=\"twitter:label1\" content=\"Escrito por\" \/>\n\t<meta name=\"twitter:data1\" content=\"maranhaotv\" \/>\n\t<meta name=\"twitter:label2\" content=\"Est. tempo de leitura\" \/>\n\t<meta name=\"twitter:data2\" content=\"2 minutos\" \/>\n<script type=\"application\/ld+json\" class=\"yoast-schema-graph\">{\"@context\":\"https:\\\/\\\/schema.org\",\"@graph\":[{\"@type\":\"Article\",\"@id\":\"https:\\\/\\\/maranhaotv.com.br\\\/index.php\\\/2020\\\/01\\\/02\\\/prefeitura-de-paco-do-lumiar-presta-atendimento-a-familia-que-teve-casa-incendiada\\\/#article\",\"isPartOf\":{\"@id\":\"https:\\\/\\\/maranhaotv.com.br\\\/index.php\\\/2020\\\/01\\\/02\\\/prefeitura-de-paco-do-lumiar-presta-atendimento-a-familia-que-teve-casa-incendiada\\\/\"},\"author\":{\"name\":\"maranhaotv\",\"@id\":\"https:\\\/\\\/maranhaotv.com.br\\\/#\\\/schema\\\/person\\\/3d54238e86b20bb5c89ab2fdb8f8829a\"},\"headline\":\"Prefeitura de Pa\u00e7o do Lumiar presta atendimento \u00e0 fam\u00edlia que teve casa incendiada.\",\"datePublished\":\"2020-01-02T20:54:03+00:00\",\"mainEntityOfPage\":{\"@id\":\"https:\\\/\\\/maranhaotv.com.br\\\/index.php\\\/2020\\\/01\\\/02\\\/prefeitura-de-paco-do-lumiar-presta-atendimento-a-familia-que-teve-casa-incendiada\\\/\"},\"wordCount\":397,\"publisher\":{\"@id\":\"https:\\\/\\\/maranhaotv.com.br\\\/#organization\"},\"image\":{\"@id\":\"https:\\\/\\\/maranhaotv.com.br\\\/index.php\\\/2020\\\/01\\\/02\\\/prefeitura-de-paco-do-lumiar-presta-atendimento-a-familia-que-teve-casa-incendiada\\\/#primaryimage\"},\"thumbnailUrl\":\"\",\"articleSection\":[\"not\u00edcias\"],\"inLanguage\":\"pt-BR\"},{\"@type\":\"WebPage\",\"@id\":\"https:\\\/\\\/maranhaotv.com.br\\\/index.php\\\/2020\\\/01\\\/02\\\/prefeitura-de-paco-do-lumiar-presta-atendimento-a-familia-que-teve-casa-incendiada\\\/\",\"url\":\"https:\\\/\\\/maranhaotv.com.br\\\/index.php\\\/2020\\\/01\\\/02\\\/prefeitura-de-paco-do-lumiar-presta-atendimento-a-familia-que-teve-casa-incendiada\\\/\",\"name\":\"Prefeitura de Pa\u00e7o do Lumiar presta atendimento \u00e0 fam\u00edlia que teve casa incendiada. - NOT\u00cdCIAS EM TEMPO REAL\",\"isPartOf\":{\"@id\":\"https:\\\/\\\/maranhaotv.com.br\\\/#website\"},\"primaryImageOfPage\":{\"@id\":\"https:\\\/\\\/maranhaotv.com.br\\\/index.php\\\/2020\\\/01\\\/02\\\/prefeitura-de-paco-do-lumiar-presta-atendimento-a-familia-que-teve-casa-incendiada\\\/#primaryimage\"},\"image\":{\"@id\":\"https:\\\/\\\/maranhaotv.com.br\\\/index.php\\\/2020\\\/01\\\/02\\\/prefeitura-de-paco-do-lumiar-presta-atendimento-a-familia-que-teve-casa-incendiada\\\/#primaryimage\"},\"thumbnailUrl\":\"\",\"datePublished\":\"2020-01-02T20:54:03+00:00\",\"breadcrumb\":{\"@id\":\"https:\\\/\\\/maranhaotv.com.br\\\/index.php\\\/2020\\\/01\\\/02\\\/prefeitura-de-paco-do-lumiar-presta-atendimento-a-familia-que-teve-casa-incendiada\\\/#breadcrumb\"},\"inLanguage\":\"pt-BR\",\"potentialAction\":[{\"@type\":\"ReadAction\",\"target\":[\"https:\\\/\\\/maranhaotv.com.br\\\/index.php\\\/2020\\\/01\\\/02\\\/prefeitura-de-paco-do-lumiar-presta-atendimento-a-familia-que-teve-casa-incendiada\\\/\"]}]},{\"@type\":\"ImageObject\",\"inLanguage\":\"pt-BR\",\"@id\":\"https:\\\/\\\/maranhaotv.com.br\\\/index.php\\\/2020\\\/01\\\/02\\\/prefeitura-de-paco-do-lumiar-presta-atendimento-a-familia-que-teve-casa-incendiada\\\/#primaryimage\",\"url\":\"\",\"contentUrl\":\"\"},{\"@type\":\"BreadcrumbList\",\"@id\":\"https:\\\/\\\/maranhaotv.com.br\\\/index.php\\\/2020\\\/01\\\/02\\\/prefeitura-de-paco-do-lumiar-presta-atendimento-a-familia-que-teve-casa-incendiada\\\/#breadcrumb\",\"itemListElement\":[{\"@type\":\"ListItem\",\"position\":1,\"name\":\"In\u00edcio\",\"item\":\"https:\\\/\\\/maranhaotv.com.br\\\/\"},{\"@type\":\"ListItem\",\"position\":2,\"name\":\"Prefeitura de Pa\u00e7o do Lumiar presta atendimento \u00e0 fam\u00edlia que teve casa incendiada.\"}]},{\"@type\":\"WebSite\",\"@id\":\"https:\\\/\\\/maranhaotv.com.br\\\/#website\",\"url\":\"https:\\\/\\\/maranhaotv.com.br\\\/\",\"name\":\"Maranh\u00e3oTV\",\"description\":\"\",\"publisher\":{\"@id\":\"https:\\\/\\\/maranhaotv.com.br\\\/#organization\"},\"potentialAction\":[{\"@type\":\"SearchAction\",\"target\":{\"@type\":\"EntryPoint\",\"urlTemplate\":\"https:\\\/\\\/maranhaotv.com.br\\\/?s={search_term_string}\"},\"query-input\":{\"@type\":\"PropertyValueSpecification\",\"valueRequired\":true,\"valueName\":\"search_term_string\"}}],\"inLanguage\":\"pt-BR\"},{\"@type\":\"Organization\",\"@id\":\"https:\\\/\\\/maranhaotv.com.br\\\/#organization\",\"name\":\"Portal de Not\u00edcias\",\"url\":\"https:\\\/\\\/maranhaotv.com.br\\\/\",\"logo\":{\"@type\":\"ImageObject\",\"inLanguage\":\"pt-BR\",\"@id\":\"https:\\\/\\\/maranhaotv.com.br\\\/#\\\/schema\\\/logo\\\/image\\\/\",\"url\":\"https:\\\/\\\/maranhaotv.com.br\\\/wp-content\\\/uploads\\\/2024\\\/05\\\/cropped-cropped-avatar-1.png\",\"contentUrl\":\"https:\\\/\\\/maranhaotv.com.br\\\/wp-content\\\/uploads\\\/2024\\\/05\\\/cropped-cropped-avatar-1.png\",\"width\":792,\"height\":428,\"caption\":\"Portal de Not\u00edcias\"},\"image\":{\"@id\":\"https:\\\/\\\/maranhaotv.com.br\\\/#\\\/schema\\\/logo\\\/image\\\/\"},\"sameAs\":[\"https:\\\/\\\/www.facebook.com\\\/maiobaotv\",\"https:\\\/\\\/x.com\\\/sitemaranhaotv\",\"https:\\\/\\\/www.instagram.com\\\/maranhao.tv\",\"https:\\\/\\\/www.threads.net\\\/@maranhao.tv\"]},{\"@type\":\"Person\",\"@id\":\"https:\\\/\\\/maranhaotv.com.br\\\/#\\\/schema\\\/person\\\/3d54238e86b20bb5c89ab2fdb8f8829a\",\"name\":\"maranhaotv\",\"image\":{\"@type\":\"ImageObject\",\"inLanguage\":\"pt-BR\",\"@id\":\"https:\\\/\\\/secure.gravatar.com\\\/avatar\\\/8fadbca458d4cb68b1dd399ae9a40618d747bb1af65ac9fad21c89220a143eb4?s=96&d=mm&r=g\",\"url\":\"https:\\\/\\\/secure.gravatar.com\\\/avatar\\\/8fadbca458d4cb68b1dd399ae9a40618d747bb1af65ac9fad21c89220a143eb4?s=96&d=mm&r=g\",\"contentUrl\":\"https:\\\/\\\/secure.gravatar.com\\\/avatar\\\/8fadbca458d4cb68b1dd399ae9a40618d747bb1af65ac9fad21c89220a143eb4?s=96&d=mm&r=g\",\"caption\":\"maranhaotv\"},\"sameAs\":[\"https:\\\/\\\/maranhaotv.com.br\\\/\"],\"url\":\"https:\\\/\\\/maranhaotv.com.br\\\/index.php\\\/author\\\/maranhaotv\\\/\"}]}<\/script>\n<!-- \/ Yoast SEO plugin. -->","yoast_head_json":{"title":"Prefeitura de Pa\u00e7o do Lumiar presta atendimento \u00e0 fam\u00edlia que teve casa incendiada. - NOT\u00cdCIAS EM TEMPO REAL","robots":{"index":"index","follow":"follow","max-snippet":"max-snippet:-1","max-image-preview":"max-image-preview:large","max-video-preview":"max-video-preview:-1"},"canonical":"https:\/\/maranhaotv.com.br\/index.php\/2020\/01\/02\/prefeitura-de-paco-do-lumiar-presta-atendimento-a-familia-que-teve-casa-incendiada\/","og_locale":"pt_BR","og_type":"article","og_title":"Prefeitura de Pa\u00e7o do Lumiar presta atendimento \u00e0 fam\u00edlia que teve casa incendiada. - NOT\u00cdCIAS EM TEMPO REAL","og_description":"A Prefeitura de Pa\u00e7o do Lumiar, por meio da Secretaria Municipal de Desenvolvimento Social, prestou toda a assist\u00eancia necess\u00e1ria a","og_url":"https:\/\/maranhaotv.com.br\/index.php\/2020\/01\/02\/prefeitura-de-paco-do-lumiar-presta-atendimento-a-familia-que-teve-casa-incendiada\/","og_site_name":"NOT\u00cdCIAS EM TEMPO REAL","article_publisher":"https:\/\/www.facebook.com\/maiobaotv","article_published_time":"2020-01-02T20:54:03+00:00","author":"maranhaotv","twitter_card":"summary_large_image","twitter_creator":"@sitemaranhaotv","twitter_site":"@sitemaranhaotv","twitter_misc":{"Escrito por":"maranhaotv","Est. tempo de leitura":"2 minutos"},"schema":{"@context":"https:\/\/schema.org","@graph":[{"@type":"Article","@id":"https:\/\/maranhaotv.com.br\/index.php\/2020\/01\/02\/prefeitura-de-paco-do-lumiar-presta-atendimento-a-familia-que-teve-casa-incendiada\/#article","isPartOf":{"@id":"https:\/\/maranhaotv.com.br\/index.php\/2020\/01\/02\/prefeitura-de-paco-do-lumiar-presta-atendimento-a-familia-que-teve-casa-incendiada\/"},"author":{"name":"maranhaotv","@id":"https:\/\/maranhaotv.com.br\/#\/schema\/person\/3d54238e86b20bb5c89ab2fdb8f8829a"},"headline":"Prefeitura de Pa\u00e7o do Lumiar presta atendimento \u00e0 fam\u00edlia que teve casa incendiada.","datePublished":"2020-01-02T20:54:03+00:00","mainEntityOfPage":{"@id":"https:\/\/maranhaotv.com.br\/index.php\/2020\/01\/02\/prefeitura-de-paco-do-lumiar-presta-atendimento-a-familia-que-teve-casa-incendiada\/"},"wordCount":397,"publisher":{"@id":"https:\/\/maranhaotv.com.br\/#organization"},"image":{"@id":"https:\/\/maranhaotv.com.br\/index.php\/2020\/01\/02\/prefeitura-de-paco-do-lumiar-presta-atendimento-a-familia-que-teve-casa-incendiada\/#primaryimage"},"thumbnailUrl":"","articleSection":["not\u00edcias"],"inLanguage":"pt-BR"},{"@type":"WebPage","@id":"https:\/\/maranhaotv.com.br\/index.php\/2020\/01\/02\/prefeitura-de-paco-do-lumiar-presta-atendimento-a-familia-que-teve-casa-incendiada\/","url":"https:\/\/maranhaotv.com.br\/index.php\/2020\/01\/02\/prefeitura-de-paco-do-lumiar-presta-atendimento-a-familia-que-teve-casa-incendiada\/","name":"Prefeitura de Pa\u00e7o do Lumiar presta atendimento \u00e0 fam\u00edlia que teve casa incendiada. - NOT\u00cdCIAS EM TEMPO REAL","isPartOf":{"@id":"https:\/\/maranhaotv.com.br\/#website"},"primaryImageOfPage":{"@id":"https:\/\/maranhaotv.com.br\/index.php\/2020\/01\/02\/prefeitura-de-paco-do-lumiar-presta-atendimento-a-familia-que-teve-casa-incendiada\/#primaryimage"},"image":{"@id":"https:\/\/maranhaotv.com.br\/index.php\/2020\/01\/02\/prefeitura-de-paco-do-lumiar-presta-atendimento-a-familia-que-teve-casa-incendiada\/#primaryimage"},"thumbnailUrl":"","datePublished":"2020-01-02T20:54:03+00:00","breadcrumb":{"@id":"https:\/\/maranhaotv.com.br\/index.php\/2020\/01\/02\/prefeitura-de-paco-do-lumiar-presta-atendimento-a-familia-que-teve-casa-incendiada\/#breadcrumb"},"inLanguage":"pt-BR","potentialAction":[{"@type":"ReadAction","target":["https:\/\/maranhaotv.com.br\/index.php\/2020\/01\/02\/prefeitura-de-paco-do-lumiar-presta-atendimento-a-familia-que-teve-casa-incendiada\/"]}]},{"@type":"ImageObject","inLanguage":"pt-BR","@id":"https:\/\/maranhaotv.com.br\/index.php\/2020\/01\/02\/prefeitura-de-paco-do-lumiar-presta-atendimento-a-familia-que-teve-casa-incendiada\/#primaryimage","url":"","contentUrl":""},{"@type":"BreadcrumbList","@id":"https:\/\/maranhaotv.com.br\/index.php\/2020\/01\/02\/prefeitura-de-paco-do-lumiar-presta-atendimento-a-familia-que-teve-casa-incendiada\/#breadcrumb","itemListElement":[{"@type":"ListItem","position":1,"name":"In\u00edcio","item":"https:\/\/maranhaotv.com.br\/"},{"@type":"ListItem","position":2,"name":"Prefeitura de Pa\u00e7o do Lumiar presta atendimento \u00e0 fam\u00edlia que teve casa incendiada."}]},{"@type":"WebSite","@id":"https:\/\/maranhaotv.com.br\/#website","url":"https:\/\/maranhaotv.com.br\/","name":"Maranh\u00e3oTV","description":"","publisher":{"@id":"https:\/\/maranhaotv.com.br\/#organization"},"potentialAction":[{"@type":"SearchAction","target":{"@type":"EntryPoint","urlTemplate":"https:\/\/maranhaotv.com.br\/?s={search_term_string}"},"query-input":{"@type":"PropertyValueSpecification","valueRequired":true,"valueName":"search_term_string"}}],"inLanguage":"pt-BR"},{"@type":"Organization","@id":"https:\/\/maranhaotv.com.br\/#organization","name":"Portal de Not\u00edcias","url":"https:\/\/maranhaotv.com.br\/","logo":{"@type":"ImageObject","inLanguage":"pt-BR","@id":"https:\/\/maranhaotv.com.br\/#\/schema\/logo\/image\/","url":"https:\/\/maranhaotv.com.br\/wp-content\/uploads\/2024\/05\/cropped-cropped-avatar-1.png","contentUrl":"https:\/\/maranhaotv.com.br\/wp-content\/uploads\/2024\/05\/cropped-cropped-avatar-1.png","width":792,"height":428,"caption":"Portal de Not\u00edcias"},"image":{"@id":"https:\/\/maranhaotv.com.br\/#\/schema\/logo\/image\/"},"sameAs":["https:\/\/www.facebook.com\/maiobaotv","https:\/\/x.com\/sitemaranhaotv","https:\/\/www.instagram.com\/maranhao.tv","https:\/\/www.threads.net\/@maranhao.tv"]},{"@type":"Person","@id":"https:\/\/maranhaotv.com.br\/#\/schema\/person\/3d54238e86b20bb5c89ab2fdb8f8829a","name":"maranhaotv","image":{"@type":"ImageObject","inLanguage":"pt-BR","@id":"https:\/\/secure.gravatar.com\/avatar\/8fadbca458d4cb68b1dd399ae9a40618d747bb1af65ac9fad21c89220a143eb4?s=96&d=mm&r=g","url":"https:\/\/secure.gravatar.com\/avatar\/8fadbca458d4cb68b1dd399ae9a40618d747bb1af65ac9fad21c89220a143eb4?s=96&d=mm&r=g","contentUrl":"https:\/\/secure.gravatar.com\/avatar\/8fadbca458d4cb68b1dd399ae9a40618d747bb1af65ac9fad21c89220a143eb4?s=96&d=mm&r=g","caption":"maranhaotv"},"sameAs":["https:\/\/maranhaotv.com.br\/"],"url":"https:\/\/maranhaotv.com.br\/index.php\/author\/maranhaotv\/"}]}},"jetpack_featured_media_url":"","jetpack_sharing_enabled":true,"_links":{"self":[{"href":"https:\/\/maranhaotv.com.br\/index.php\/wp-json\/wp\/v2\/posts\/8652","targetHints":{"allow":["GET"]}}],"collection":[{"href":"https:\/\/maranhaotv.com.br\/index.php\/wp-json\/wp\/v2\/posts"}],"about":[{"href":"https:\/\/maranhaotv.com.br\/index.php\/wp-json\/wp\/v2\/types\/post"}],"author":[{"embeddable":true,"href":"https:\/\/maranhaotv.com.br\/index.php\/wp-json\/wp\/v2\/users\/2"}],"replies":[{"embeddable":true,"href":"https:\/\/maranhaotv.com.br\/index.php\/wp-json\/wp\/v2\/comments?post=8652"}],"version-history":[{"count":0,"href":"https:\/\/maranhaotv.com.br\/index.php\/wp-json\/wp\/v2\/posts\/8652\/revisions"}],"wp:featuredmedia":[{"embeddable":true,"href":"https:\/\/maranhaotv.com.br\/index.php\/wp-json\/"}],"wp:attachment":[{"href":"https:\/\/maranhaotv.com.br\/index.php\/wp-json\/wp\/v2\/media?parent=8652"}],"wp:term":[{"taxonomy":"category","embeddable":true,"href":"https:\/\/maranhaotv.com.br\/index.php\/wp-json\/wp\/v2\/categories?post=8652"},{"taxonomy":"post_tag","embeddable":true,"href":"https:\/\/maranhaotv.com.br\/index.php\/wp-json\/wp\/v2\/tags?post=8652"}],"curies":[{"name":"wp","href":"https:\/\/api.w.org\/{rel}","templated":true}]}}