{"id":8674,"date":"2020-01-04T10:17:33","date_gmt":"2020-01-04T13:17:33","guid":{"rendered":"https:\/\/maiobaotv.com.br\/?p=8674"},"modified":"2020-01-04T10:17:33","modified_gmt":"2020-01-04T13:17:33","slug":"cururupu-mp-pede-condenacao-ao-ex-prefeito-jose-francisco-e-outros-8-membros-do-seu-governo","status":"publish","type":"post","link":"https:\/\/maranhaotv.com.br\/index.php\/2020\/01\/04\/cururupu-mp-pede-condenacao-ao-ex-prefeito-jose-francisco-e-outros-8-membros-do-seu-governo\/","title":{"rendered":"Cururupu: MP pede condena\u00e7\u00e3o ao ex-prefeito Jos\u00e9 Francisco e outros 8 membros do seu governo"},"content":{"rendered":"<p>O ex-prefeito de Cururupu j\u00e1 havia sido preso por desvio de verbas p\u00fablicas, peculato, fraude \u00e0 licita\u00e7\u00e3o e outros crimes.<\/p>\n<p>O Minist\u00e9rio P\u00fablico do Maranh\u00e3o ofereceu, em 17 de dezembro, Den\u00fancia contra Jos\u00e9 Francisco Pestana, ex-prefeito de Cururupu, e Ros\u00e1ria de F\u00e1tima Chaves, ex-secret\u00e1ria de Educa\u00e7\u00e3o do munic\u00edpio, por crime de peculato. Ambos s\u00e3o acusados de desviar recursos p\u00fablicos por meio de superfaturamento dos pre\u00e7os de contrata\u00e7\u00f5es de assessoria cont\u00e1bil e aquisi\u00e7\u00e3o de combust\u00edveis. As contrata\u00e7\u00f5es foram realizadas sem o devido processo licitat\u00f3rio. No total, houve dano de R$ 217.248,00 ao er\u00e1rio municipal.<\/p>\n<p>Tamb\u00e9m s\u00e3o alvo da Den\u00fancia cinco ex-membros da Comiss\u00e3o Permanente de Licita\u00e7\u00e3o de Cururupu: Lu\u00eds S\u00e9rgio Pinheiro, Nat\u00e1lia Ferreira da Silva, Nelcy Diniz Ribeiro, Ilana Patr\u00edcia Pires e Jacira Pimentel Cunha; dois contadores: M\u00e1rcio Henrique de Souza e Manoel Barbosa; e a s\u00f3cia da empresa Mercantl Cururupu Ltda, Nelcionita Ramos Machado dos Santos.<\/p>\n<p>A manifesta\u00e7\u00e3o ministerial foi elaborada pelo promotor de justi\u00e7a Igor Adriano Trinta Marques, que responde temporariamente pela comarca de Cururupu.<\/p>\n<p>CONTRATA\u00c7\u00d5ES IRREGULARES<\/p>\n<p>Segundo consta nos autos, nos meses de janeiro a dezembro de 2009, o ent\u00e3o prefeito Jos\u00e9 Francisco Pestana e a secret\u00e1ria municipal de Educa\u00e7\u00e3o de Cururupu na \u00e9poca, Ros\u00e1ria de F\u00e1tima Chaves, teriam feito a aquisi\u00e7\u00e3o de combust\u00edveis e a contrata\u00e7\u00e3o de servi\u00e7os cont\u00e1beis sem o devido processo licitat\u00f3rio.<\/p>\n<p>No intuito de legitimar as contrata\u00e7\u00f5es irregulares, membros da CPL teriam montado o processo licitat\u00f3rio Tomada de Pre\u00e7os n\u00ba 004\/2009, cujo objeto era aquisi\u00e7\u00e3o de combust\u00edveis no valor de R$ 113.048,00, o que caracterizaria crime de falsifica\u00e7\u00e3o de documentos p\u00fablicos.<\/p>\n<p>Os contadores M\u00e1rcio Henrique de Souza e Manoel Barbosa teriam emitido notas de empenho, ordem de pagamentos e recibos em nome dos benefici\u00e1rios com o objetivo de dar apar\u00eancia de legalidade das contrata\u00e7\u00f5es irregulares sem o devido processo licitat\u00f3rio, tamb\u00e9m caracterizando crime de falsifica\u00e7\u00e3o de documentos p\u00fablicos e uso destes.<\/p>\n<p>Tamb\u00e9m foi verificado que em 2008, durante as elei\u00e7\u00f5es para prefeito, o Mercantil Cururupu Ltda teria sido o fornecedor de combust\u00edvel da campanha do ent\u00e3o candidato Jos\u00e9 Francisco Pestana. \u00c0 \u00e9poca dos fatos, a s\u00f3cia do estabelecimento, Nelcionita Ramos Machado, era cunhada de Jos\u00e9 Francisco.<\/p>\n<p>PECULATO<\/p>\n<p>Ainda segundo apurou o Minist\u00e9rio P\u00fablico, os ex-gestores municipais teriam desviado recursos p\u00fablicos decorrentes de superfaturamentos\/sobrepre\u00e7o dos servi\u00e7os de assessoria cont\u00e1bil e aquisi\u00e7\u00e3o de combust\u00edveis. Tamb\u00e9m n\u00e3o houve comprova\u00e7\u00e3o de entrega do produto ou realiza\u00e7\u00e3o do servi\u00e7o.<\/p>\n<p>Os documentos comprobat\u00f3rios das despesas apresentados, revelaram que no per\u00edodo de janeiro a dezembro de 2009 houve consumo de combust\u00edvel incompat\u00edvel com o quantitativo de ve\u00edculos utilizados pela Secretaria Municipal de Educa\u00e7\u00e3o de Cururupu. Conforme notas fiscais nos autos, foram fornecidos 3.911 litros de gasolina e 11.204 litros de diesel, sem nenhuma comprova\u00e7\u00e3o que de fato o Munic\u00edpio recebeu tal quantidade de combust\u00edvel.<\/p>\n<p>Nas notas de empenho, ordem de pagamento e notas fiscais, n\u00e3o existe nenhuma informa\u00e7\u00e3o se houve a presta\u00e7\u00e3o de servi\u00e7os cont\u00e1beis e n\u00e3o foi encontrado qualquer documento na presta\u00e7\u00e3o de contas do Munic\u00edpio que apare\u00e7a Manoel Barbosa como contador.<\/p>\n<p>O MPMA pede a condena\u00e7\u00e3o de todos demandados pelos crimes de omiss\u00e3o, falsifica\u00e7\u00e3o de documentos p\u00fablicos e uso destes.<\/p>\n<p>A Promotoria de Justi\u00e7a de Cururupu tamb\u00e9m requer a indisponibilidade dos bens dos requeridos para ressarcir os valores ao er\u00e1rio.<\/p>\n<p>CCOM-MPMA<\/p>\n","protected":false},"excerpt":{"rendered":"<p>O ex-prefeito de Cururupu j\u00e1 havia sido preso por desvio de verbas p\u00fablicas, peculato, fraude \u00e0 licita\u00e7\u00e3o e outros crimes.<\/p>\n","protected":false},"author":2,"featured_media":8673,"comment_status":"open","ping_status":"open","sticky":false,"template":"","format":"standard","meta":{"colormag_page_container_layout":"default_layout","colormag_page_sidebar_layout":"default_layout","_jetpack_memberships_contains_paid_content":false,"footnotes":""},"categories":[2,6],"tags":[],"class_list":["post-8674","post","type-post","status-publish","format-standard","has-post-thumbnail","hentry","category-noticias","category-politica"],"magazineBlocksPostFeaturedMedia":{"thumbnail":false,"medium":false,"medium_large":false,"large":false,"1536x1536":false,"2048x2048":false,"colormag-highlighted-post":false,"colormag-featured-post-medium":false,"colormag-featured-post-small":false,"colormag-featured-image":false,"colormag-default-news":false,"colormag-featured-image-large":false},"magazineBlocksPostAuthor":{"name":"maranhaotv","avatar":"https:\/\/secure.gravatar.com\/avatar\/8fadbca458d4cb68b1dd399ae9a40618d747bb1af65ac9fad21c89220a143eb4?s=96&d=mm&r=g"},"magazineBlocksPostCommentsNumber":"0","magazineBlocksPostExcerpt":"O ex-prefeito de Cururupu j\u00e1 havia sido preso por desvio de verbas p\u00fablicas, peculato, fraude \u00e0 licita\u00e7\u00e3o e outros crimes.","magazineBlocksPostCategories":["not\u00edcias","pol\u00edtica"],"magazineBlocksPostViewCount":206,"magazineBlocksPostReadTime":4,"magazine_blocks_featured_image_url":{"full":false,"medium":false,"thumbnail":false},"magazine_blocks_author":{"display_name":"maranhaotv","author_link":"https:\/\/maranhaotv.com.br\/index.php\/author\/maranhaotv\/"},"magazine_blocks_comment":0,"magazine_blocks_author_image":"https:\/\/secure.gravatar.com\/avatar\/8fadbca458d4cb68b1dd399ae9a40618d747bb1af65ac9fad21c89220a143eb4?s=96&d=mm&r=g","magazine_blocks_category":"<a href=\"#\" class=\"category-link category-link-2\">not\u00edcias<\/a> <a href=\"#\" class=\"category-link category-link-6\">pol\u00edtica<\/a>","yoast_head":"<!-- This site is optimized with the Yoast SEO plugin v27.4 - https:\/\/yoast.com\/product\/yoast-seo-wordpress\/ -->\n<title>Cururupu: MP pede condena\u00e7\u00e3o ao ex-prefeito Jos\u00e9 Francisco e outros 8 membros do seu governo - NOT\u00cdCIAS EM TEMPO REAL<\/title>\n<meta name=\"robots\" content=\"index, follow, max-snippet:-1, max-image-preview:large, max-video-preview:-1\" \/>\n<link rel=\"canonical\" href=\"https:\/\/maranhaotv.com.br\/index.php\/2020\/01\/04\/cururupu-mp-pede-condenacao-ao-ex-prefeito-jose-francisco-e-outros-8-membros-do-seu-governo\/\" \/>\n<meta property=\"og:locale\" content=\"pt_BR\" \/>\n<meta property=\"og:type\" content=\"article\" \/>\n<meta property=\"og:title\" content=\"Cururupu: MP pede condena\u00e7\u00e3o ao ex-prefeito Jos\u00e9 Francisco e outros 8 membros do seu governo - NOT\u00cdCIAS EM TEMPO REAL\" \/>\n<meta property=\"og:description\" content=\"O ex-prefeito de Cururupu j\u00e1 havia sido preso por desvio de verbas p\u00fablicas, peculato, fraude \u00e0 licita\u00e7\u00e3o e outros crimes.\" \/>\n<meta property=\"og:url\" content=\"https:\/\/maranhaotv.com.br\/index.php\/2020\/01\/04\/cururupu-mp-pede-condenacao-ao-ex-prefeito-jose-francisco-e-outros-8-membros-do-seu-governo\/\" \/>\n<meta property=\"og:site_name\" content=\"NOT\u00cdCIAS EM TEMPO REAL\" \/>\n<meta property=\"article:publisher\" content=\"https:\/\/www.facebook.com\/maiobaotv\" \/>\n<meta property=\"article:published_time\" content=\"2020-01-04T13:17:33+00:00\" \/>\n<meta name=\"author\" content=\"maranhaotv\" \/>\n<meta name=\"twitter:card\" content=\"summary_large_image\" \/>\n<meta name=\"twitter:creator\" content=\"@sitemaranhaotv\" \/>\n<meta name=\"twitter:site\" content=\"@sitemaranhaotv\" \/>\n<meta name=\"twitter:label1\" content=\"Escrito por\" \/>\n\t<meta name=\"twitter:data1\" content=\"maranhaotv\" \/>\n\t<meta name=\"twitter:label2\" content=\"Est. tempo de leitura\" \/>\n\t<meta name=\"twitter:data2\" content=\"3 minutos\" \/>\n<script type=\"application\/ld+json\" class=\"yoast-schema-graph\">{\"@context\":\"https:\\\/\\\/schema.org\",\"@graph\":[{\"@type\":\"Article\",\"@id\":\"https:\\\/\\\/maranhaotv.com.br\\\/index.php\\\/2020\\\/01\\\/04\\\/cururupu-mp-pede-condenacao-ao-ex-prefeito-jose-francisco-e-outros-8-membros-do-seu-governo\\\/#article\",\"isPartOf\":{\"@id\":\"https:\\\/\\\/maranhaotv.com.br\\\/index.php\\\/2020\\\/01\\\/04\\\/cururupu-mp-pede-condenacao-ao-ex-prefeito-jose-francisco-e-outros-8-membros-do-seu-governo\\\/\"},\"author\":{\"name\":\"maranhaotv\",\"@id\":\"https:\\\/\\\/maranhaotv.com.br\\\/#\\\/schema\\\/person\\\/3d54238e86b20bb5c89ab2fdb8f8829a\"},\"headline\":\"Cururupu: MP pede condena\u00e7\u00e3o ao ex-prefeito Jos\u00e9 Francisco e outros 8 membros do seu governo\",\"datePublished\":\"2020-01-04T13:17:33+00:00\",\"mainEntityOfPage\":{\"@id\":\"https:\\\/\\\/maranhaotv.com.br\\\/index.php\\\/2020\\\/01\\\/04\\\/cururupu-mp-pede-condenacao-ao-ex-prefeito-jose-francisco-e-outros-8-membros-do-seu-governo\\\/\"},\"wordCount\":641,\"commentCount\":0,\"publisher\":{\"@id\":\"https:\\\/\\\/maranhaotv.com.br\\\/#organization\"},\"image\":{\"@id\":\"https:\\\/\\\/maranhaotv.com.br\\\/index.php\\\/2020\\\/01\\\/04\\\/cururupu-mp-pede-condenacao-ao-ex-prefeito-jose-francisco-e-outros-8-membros-do-seu-governo\\\/#primaryimage\"},\"thumbnailUrl\":\"\",\"articleSection\":[\"not\u00edcias\",\"pol\u00edtica\"],\"inLanguage\":\"pt-BR\",\"potentialAction\":[{\"@type\":\"CommentAction\",\"name\":\"Comment\",\"target\":[\"https:\\\/\\\/maranhaotv.com.br\\\/index.php\\\/2020\\\/01\\\/04\\\/cururupu-mp-pede-condenacao-ao-ex-prefeito-jose-francisco-e-outros-8-membros-do-seu-governo\\\/#respond\"]}]},{\"@type\":\"WebPage\",\"@id\":\"https:\\\/\\\/maranhaotv.com.br\\\/index.php\\\/2020\\\/01\\\/04\\\/cururupu-mp-pede-condenacao-ao-ex-prefeito-jose-francisco-e-outros-8-membros-do-seu-governo\\\/\",\"url\":\"https:\\\/\\\/maranhaotv.com.br\\\/index.php\\\/2020\\\/01\\\/04\\\/cururupu-mp-pede-condenacao-ao-ex-prefeito-jose-francisco-e-outros-8-membros-do-seu-governo\\\/\",\"name\":\"Cururupu: MP pede condena\u00e7\u00e3o ao ex-prefeito Jos\u00e9 Francisco e outros 8 membros do seu governo - NOT\u00cdCIAS EM TEMPO REAL\",\"isPartOf\":{\"@id\":\"https:\\\/\\\/maranhaotv.com.br\\\/#website\"},\"primaryImageOfPage\":{\"@id\":\"https:\\\/\\\/maranhaotv.com.br\\\/index.php\\\/2020\\\/01\\\/04\\\/cururupu-mp-pede-condenacao-ao-ex-prefeito-jose-francisco-e-outros-8-membros-do-seu-governo\\\/#primaryimage\"},\"image\":{\"@id\":\"https:\\\/\\\/maranhaotv.com.br\\\/index.php\\\/2020\\\/01\\\/04\\\/cururupu-mp-pede-condenacao-ao-ex-prefeito-jose-francisco-e-outros-8-membros-do-seu-governo\\\/#primaryimage\"},\"thumbnailUrl\":\"\",\"datePublished\":\"2020-01-04T13:17:33+00:00\",\"breadcrumb\":{\"@id\":\"https:\\\/\\\/maranhaotv.com.br\\\/index.php\\\/2020\\\/01\\\/04\\\/cururupu-mp-pede-condenacao-ao-ex-prefeito-jose-francisco-e-outros-8-membros-do-seu-governo\\\/#breadcrumb\"},\"inLanguage\":\"pt-BR\",\"potentialAction\":[{\"@type\":\"ReadAction\",\"target\":[\"https:\\\/\\\/maranhaotv.com.br\\\/index.php\\\/2020\\\/01\\\/04\\\/cururupu-mp-pede-condenacao-ao-ex-prefeito-jose-francisco-e-outros-8-membros-do-seu-governo\\\/\"]}]},{\"@type\":\"ImageObject\",\"inLanguage\":\"pt-BR\",\"@id\":\"https:\\\/\\\/maranhaotv.com.br\\\/index.php\\\/2020\\\/01\\\/04\\\/cururupu-mp-pede-condenacao-ao-ex-prefeito-jose-francisco-e-outros-8-membros-do-seu-governo\\\/#primaryimage\",\"url\":\"\",\"contentUrl\":\"\"},{\"@type\":\"BreadcrumbList\",\"@id\":\"https:\\\/\\\/maranhaotv.com.br\\\/index.php\\\/2020\\\/01\\\/04\\\/cururupu-mp-pede-condenacao-ao-ex-prefeito-jose-francisco-e-outros-8-membros-do-seu-governo\\\/#breadcrumb\",\"itemListElement\":[{\"@type\":\"ListItem\",\"position\":1,\"name\":\"In\u00edcio\",\"item\":\"https:\\\/\\\/maranhaotv.com.br\\\/\"},{\"@type\":\"ListItem\",\"position\":2,\"name\":\"Cururupu: MP pede condena\u00e7\u00e3o ao ex-prefeito Jos\u00e9 Francisco e outros 8 membros do seu governo\"}]},{\"@type\":\"WebSite\",\"@id\":\"https:\\\/\\\/maranhaotv.com.br\\\/#website\",\"url\":\"https:\\\/\\\/maranhaotv.com.br\\\/\",\"name\":\"Maranh\u00e3oTV\",\"description\":\"\",\"publisher\":{\"@id\":\"https:\\\/\\\/maranhaotv.com.br\\\/#organization\"},\"potentialAction\":[{\"@type\":\"SearchAction\",\"target\":{\"@type\":\"EntryPoint\",\"urlTemplate\":\"https:\\\/\\\/maranhaotv.com.br\\\/?s={search_term_string}\"},\"query-input\":{\"@type\":\"PropertyValueSpecification\",\"valueRequired\":true,\"valueName\":\"search_term_string\"}}],\"inLanguage\":\"pt-BR\"},{\"@type\":\"Organization\",\"@id\":\"https:\\\/\\\/maranhaotv.com.br\\\/#organization\",\"name\":\"Portal de Not\u00edcias\",\"url\":\"https:\\\/\\\/maranhaotv.com.br\\\/\",\"logo\":{\"@type\":\"ImageObject\",\"inLanguage\":\"pt-BR\",\"@id\":\"https:\\\/\\\/maranhaotv.com.br\\\/#\\\/schema\\\/logo\\\/image\\\/\",\"url\":\"https:\\\/\\\/maranhaotv.com.br\\\/wp-content\\\/uploads\\\/2024\\\/05\\\/cropped-cropped-avatar-1.png\",\"contentUrl\":\"https:\\\/\\\/maranhaotv.com.br\\\/wp-content\\\/uploads\\\/2024\\\/05\\\/cropped-cropped-avatar-1.png\",\"width\":792,\"height\":428,\"caption\":\"Portal de Not\u00edcias\"},\"image\":{\"@id\":\"https:\\\/\\\/maranhaotv.com.br\\\/#\\\/schema\\\/logo\\\/image\\\/\"},\"sameAs\":[\"https:\\\/\\\/www.facebook.com\\\/maiobaotv\",\"https:\\\/\\\/x.com\\\/sitemaranhaotv\",\"https:\\\/\\\/www.instagram.com\\\/maranhao.tv\",\"https:\\\/\\\/www.threads.net\\\/@maranhao.tv\"]},{\"@type\":\"Person\",\"@id\":\"https:\\\/\\\/maranhaotv.com.br\\\/#\\\/schema\\\/person\\\/3d54238e86b20bb5c89ab2fdb8f8829a\",\"name\":\"maranhaotv\",\"image\":{\"@type\":\"ImageObject\",\"inLanguage\":\"pt-BR\",\"@id\":\"https:\\\/\\\/secure.gravatar.com\\\/avatar\\\/8fadbca458d4cb68b1dd399ae9a40618d747bb1af65ac9fad21c89220a143eb4?s=96&d=mm&r=g\",\"url\":\"https:\\\/\\\/secure.gravatar.com\\\/avatar\\\/8fadbca458d4cb68b1dd399ae9a40618d747bb1af65ac9fad21c89220a143eb4?s=96&d=mm&r=g\",\"contentUrl\":\"https:\\\/\\\/secure.gravatar.com\\\/avatar\\\/8fadbca458d4cb68b1dd399ae9a40618d747bb1af65ac9fad21c89220a143eb4?s=96&d=mm&r=g\",\"caption\":\"maranhaotv\"},\"sameAs\":[\"https:\\\/\\\/maranhaotv.com.br\\\/\"],\"url\":\"https:\\\/\\\/maranhaotv.com.br\\\/index.php\\\/author\\\/maranhaotv\\\/\"}]}<\/script>\n<!-- \/ Yoast SEO plugin. -->","yoast_head_json":{"title":"Cururupu: MP pede condena\u00e7\u00e3o ao ex-prefeito Jos\u00e9 Francisco e outros 8 membros do seu governo - NOT\u00cdCIAS EM TEMPO REAL","robots":{"index":"index","follow":"follow","max-snippet":"max-snippet:-1","max-image-preview":"max-image-preview:large","max-video-preview":"max-video-preview:-1"},"canonical":"https:\/\/maranhaotv.com.br\/index.php\/2020\/01\/04\/cururupu-mp-pede-condenacao-ao-ex-prefeito-jose-francisco-e-outros-8-membros-do-seu-governo\/","og_locale":"pt_BR","og_type":"article","og_title":"Cururupu: MP pede condena\u00e7\u00e3o ao ex-prefeito Jos\u00e9 Francisco e outros 8 membros do seu governo - NOT\u00cdCIAS EM TEMPO REAL","og_description":"O ex-prefeito de Cururupu j\u00e1 havia sido preso por desvio de verbas p\u00fablicas, peculato, fraude \u00e0 licita\u00e7\u00e3o e outros crimes.","og_url":"https:\/\/maranhaotv.com.br\/index.php\/2020\/01\/04\/cururupu-mp-pede-condenacao-ao-ex-prefeito-jose-francisco-e-outros-8-membros-do-seu-governo\/","og_site_name":"NOT\u00cdCIAS EM TEMPO REAL","article_publisher":"https:\/\/www.facebook.com\/maiobaotv","article_published_time":"2020-01-04T13:17:33+00:00","author":"maranhaotv","twitter_card":"summary_large_image","twitter_creator":"@sitemaranhaotv","twitter_site":"@sitemaranhaotv","twitter_misc":{"Escrito por":"maranhaotv","Est. tempo de leitura":"3 minutos"},"schema":{"@context":"https:\/\/schema.org","@graph":[{"@type":"Article","@id":"https:\/\/maranhaotv.com.br\/index.php\/2020\/01\/04\/cururupu-mp-pede-condenacao-ao-ex-prefeito-jose-francisco-e-outros-8-membros-do-seu-governo\/#article","isPartOf":{"@id":"https:\/\/maranhaotv.com.br\/index.php\/2020\/01\/04\/cururupu-mp-pede-condenacao-ao-ex-prefeito-jose-francisco-e-outros-8-membros-do-seu-governo\/"},"author":{"name":"maranhaotv","@id":"https:\/\/maranhaotv.com.br\/#\/schema\/person\/3d54238e86b20bb5c89ab2fdb8f8829a"},"headline":"Cururupu: MP pede condena\u00e7\u00e3o ao ex-prefeito Jos\u00e9 Francisco e outros 8 membros do seu governo","datePublished":"2020-01-04T13:17:33+00:00","mainEntityOfPage":{"@id":"https:\/\/maranhaotv.com.br\/index.php\/2020\/01\/04\/cururupu-mp-pede-condenacao-ao-ex-prefeito-jose-francisco-e-outros-8-membros-do-seu-governo\/"},"wordCount":641,"commentCount":0,"publisher":{"@id":"https:\/\/maranhaotv.com.br\/#organization"},"image":{"@id":"https:\/\/maranhaotv.com.br\/index.php\/2020\/01\/04\/cururupu-mp-pede-condenacao-ao-ex-prefeito-jose-francisco-e-outros-8-membros-do-seu-governo\/#primaryimage"},"thumbnailUrl":"","articleSection":["not\u00edcias","pol\u00edtica"],"inLanguage":"pt-BR","potentialAction":[{"@type":"CommentAction","name":"Comment","target":["https:\/\/maranhaotv.com.br\/index.php\/2020\/01\/04\/cururupu-mp-pede-condenacao-ao-ex-prefeito-jose-francisco-e-outros-8-membros-do-seu-governo\/#respond"]}]},{"@type":"WebPage","@id":"https:\/\/maranhaotv.com.br\/index.php\/2020\/01\/04\/cururupu-mp-pede-condenacao-ao-ex-prefeito-jose-francisco-e-outros-8-membros-do-seu-governo\/","url":"https:\/\/maranhaotv.com.br\/index.php\/2020\/01\/04\/cururupu-mp-pede-condenacao-ao-ex-prefeito-jose-francisco-e-outros-8-membros-do-seu-governo\/","name":"Cururupu: MP pede condena\u00e7\u00e3o ao ex-prefeito Jos\u00e9 Francisco e outros 8 membros do seu governo - NOT\u00cdCIAS EM TEMPO REAL","isPartOf":{"@id":"https:\/\/maranhaotv.com.br\/#website"},"primaryImageOfPage":{"@id":"https:\/\/maranhaotv.com.br\/index.php\/2020\/01\/04\/cururupu-mp-pede-condenacao-ao-ex-prefeito-jose-francisco-e-outros-8-membros-do-seu-governo\/#primaryimage"},"image":{"@id":"https:\/\/maranhaotv.com.br\/index.php\/2020\/01\/04\/cururupu-mp-pede-condenacao-ao-ex-prefeito-jose-francisco-e-outros-8-membros-do-seu-governo\/#primaryimage"},"thumbnailUrl":"","datePublished":"2020-01-04T13:17:33+00:00","breadcrumb":{"@id":"https:\/\/maranhaotv.com.br\/index.php\/2020\/01\/04\/cururupu-mp-pede-condenacao-ao-ex-prefeito-jose-francisco-e-outros-8-membros-do-seu-governo\/#breadcrumb"},"inLanguage":"pt-BR","potentialAction":[{"@type":"ReadAction","target":["https:\/\/maranhaotv.com.br\/index.php\/2020\/01\/04\/cururupu-mp-pede-condenacao-ao-ex-prefeito-jose-francisco-e-outros-8-membros-do-seu-governo\/"]}]},{"@type":"ImageObject","inLanguage":"pt-BR","@id":"https:\/\/maranhaotv.com.br\/index.php\/2020\/01\/04\/cururupu-mp-pede-condenacao-ao-ex-prefeito-jose-francisco-e-outros-8-membros-do-seu-governo\/#primaryimage","url":"","contentUrl":""},{"@type":"BreadcrumbList","@id":"https:\/\/maranhaotv.com.br\/index.php\/2020\/01\/04\/cururupu-mp-pede-condenacao-ao-ex-prefeito-jose-francisco-e-outros-8-membros-do-seu-governo\/#breadcrumb","itemListElement":[{"@type":"ListItem","position":1,"name":"In\u00edcio","item":"https:\/\/maranhaotv.com.br\/"},{"@type":"ListItem","position":2,"name":"Cururupu: MP pede condena\u00e7\u00e3o ao ex-prefeito Jos\u00e9 Francisco e outros 8 membros do seu governo"}]},{"@type":"WebSite","@id":"https:\/\/maranhaotv.com.br\/#website","url":"https:\/\/maranhaotv.com.br\/","name":"Maranh\u00e3oTV","description":"","publisher":{"@id":"https:\/\/maranhaotv.com.br\/#organization"},"potentialAction":[{"@type":"SearchAction","target":{"@type":"EntryPoint","urlTemplate":"https:\/\/maranhaotv.com.br\/?s={search_term_string}"},"query-input":{"@type":"PropertyValueSpecification","valueRequired":true,"valueName":"search_term_string"}}],"inLanguage":"pt-BR"},{"@type":"Organization","@id":"https:\/\/maranhaotv.com.br\/#organization","name":"Portal de Not\u00edcias","url":"https:\/\/maranhaotv.com.br\/","logo":{"@type":"ImageObject","inLanguage":"pt-BR","@id":"https:\/\/maranhaotv.com.br\/#\/schema\/logo\/image\/","url":"https:\/\/maranhaotv.com.br\/wp-content\/uploads\/2024\/05\/cropped-cropped-avatar-1.png","contentUrl":"https:\/\/maranhaotv.com.br\/wp-content\/uploads\/2024\/05\/cropped-cropped-avatar-1.png","width":792,"height":428,"caption":"Portal de Not\u00edcias"},"image":{"@id":"https:\/\/maranhaotv.com.br\/#\/schema\/logo\/image\/"},"sameAs":["https:\/\/www.facebook.com\/maiobaotv","https:\/\/x.com\/sitemaranhaotv","https:\/\/www.instagram.com\/maranhao.tv","https:\/\/www.threads.net\/@maranhao.tv"]},{"@type":"Person","@id":"https:\/\/maranhaotv.com.br\/#\/schema\/person\/3d54238e86b20bb5c89ab2fdb8f8829a","name":"maranhaotv","image":{"@type":"ImageObject","inLanguage":"pt-BR","@id":"https:\/\/secure.gravatar.com\/avatar\/8fadbca458d4cb68b1dd399ae9a40618d747bb1af65ac9fad21c89220a143eb4?s=96&d=mm&r=g","url":"https:\/\/secure.gravatar.com\/avatar\/8fadbca458d4cb68b1dd399ae9a40618d747bb1af65ac9fad21c89220a143eb4?s=96&d=mm&r=g","contentUrl":"https:\/\/secure.gravatar.com\/avatar\/8fadbca458d4cb68b1dd399ae9a40618d747bb1af65ac9fad21c89220a143eb4?s=96&d=mm&r=g","caption":"maranhaotv"},"sameAs":["https:\/\/maranhaotv.com.br\/"],"url":"https:\/\/maranhaotv.com.br\/index.php\/author\/maranhaotv\/"}]}},"jetpack_featured_media_url":"","jetpack_sharing_enabled":true,"_links":{"self":[{"href":"https:\/\/maranhaotv.com.br\/index.php\/wp-json\/wp\/v2\/posts\/8674","targetHints":{"allow":["GET"]}}],"collection":[{"href":"https:\/\/maranhaotv.com.br\/index.php\/wp-json\/wp\/v2\/posts"}],"about":[{"href":"https:\/\/maranhaotv.com.br\/index.php\/wp-json\/wp\/v2\/types\/post"}],"author":[{"embeddable":true,"href":"https:\/\/maranhaotv.com.br\/index.php\/wp-json\/wp\/v2\/users\/2"}],"replies":[{"embeddable":true,"href":"https:\/\/maranhaotv.com.br\/index.php\/wp-json\/wp\/v2\/comments?post=8674"}],"version-history":[{"count":0,"href":"https:\/\/maranhaotv.com.br\/index.php\/wp-json\/wp\/v2\/posts\/8674\/revisions"}],"wp:featuredmedia":[{"embeddable":true,"href":"https:\/\/maranhaotv.com.br\/index.php\/wp-json\/"}],"wp:attachment":[{"href":"https:\/\/maranhaotv.com.br\/index.php\/wp-json\/wp\/v2\/media?parent=8674"}],"wp:term":[{"taxonomy":"category","embeddable":true,"href":"https:\/\/maranhaotv.com.br\/index.php\/wp-json\/wp\/v2\/categories?post=8674"},{"taxonomy":"post_tag","embeddable":true,"href":"https:\/\/maranhaotv.com.br\/index.php\/wp-json\/wp\/v2\/tags?post=8674"}],"curies":[{"name":"wp","href":"https:\/\/api.w.org\/{rel}","templated":true}]}}