{"id":8723,"date":"2020-01-07T07:46:42","date_gmt":"2020-01-07T10:46:42","guid":{"rendered":"https:\/\/maiobaotv.com.br\/?p=8723"},"modified":"2020-01-07T07:46:42","modified_gmt":"2020-01-07T10:46:42","slug":"carta-dos-servidores-contratados-do-sistema-prisional-do-ma","status":"publish","type":"post","link":"https:\/\/maranhaotv.com.br\/index.php\/2020\/01\/07\/carta-dos-servidores-contratados-do-sistema-prisional-do-ma\/","title":{"rendered":"Carta dos Servidores Contratados do Sistema Prisional do MA"},"content":{"rendered":"<p>CARTA DOS SERVIDORES CONTRATADOS DO SISTEMA PRISIONAL DO MARANH\u00c3O<\/p>\n<p><em>N\u00f3s somos contratados, temos matr\u00edcula estadual, mas somos constantemente amea\u00e7ados de exonera\u00e7\u00e3o, 3 faltas por exemplo nos exoneram e sa\u00edmos sem direito algum, j\u00e1 que o contrato \u00e9 sem CLT. Auxiliares Penitenci\u00e1rios s\u00e3o os &#8220;ponta de lan\u00e7a&#8221; entram em celas, algemam e fazem a condu\u00e7\u00e3o da pior ra\u00e7a que existe na face desta Terra, isto \u00e9, os \u201cv\u00edtimas da sociedade\u201d segundo os direitos humanos.<\/em><br \/>\n<em>Pagamos nosso fardamento que custa: Auxiliares Penitenci\u00e1rios R$ 570,00, Agentes Penitenci\u00e1rios 1.140,96 reais e somos cobrados a prestar conta do valor *INTEGRAL* todos os dias, por\u00e9m, o aux\u00edlio fardamento para os Agente e Auxiliares tempor\u00e1rios \u00e9 pago em parcelas, ou seja, a SEAP restituir\u00e1 o dinheiro do fardamento, em 12 vezes de 57,00 reais para Auxiliares e 95,08 reais para Agentes.<\/em><br \/>\n<em>Amea\u00e7as dos internos contra n\u00f3s servidores \u00e9 constante, e com isso, a nossa paz vai acabando, vida social n\u00e3o existe mais, vivemos em constante tens\u00e3o, e n\u00e3o temos nenhum apoio da secretaria. Tuberculose \u00e9 rotina, servidores afastados s\u00e3o dezenas, com doen\u00e7as psicol\u00f3gicas do tipo, depress\u00e3o, s\u00edndrome do p\u00e2nico e outras.<\/em><br \/>\n<em>O local \u00e9 insalubre, por\u00e9m, n\u00f3s tempor\u00e1rios n\u00e3o temos direito a insalubridade, n\u00e3o temos direito a risco de vida e adicional noturno, n\u00f3s servidores desta categoria somos impedidos de utilizarmos armamento fora do nosso ambiente de trabalho e com isso, ficamos ref\u00e9m da criminalidade.<\/em><br \/>\n<em>\tNo caminho de ida ao trabalho e retorno para casa, o que nos resta \u00e9 contar com a sorte, ou seja, orar para que n\u00e3o sejamos reconhecidos por uma dessas \u201cv\u00edtimas da sociedade\u201d beneficiados pela sa\u00edda tempor\u00e1ria, pois eles sempre andam fortemente armados, mas n\u00f3s, representantes do Estado, n\u00e3o recebemos sequer uma agulha da SEAP, para nos defendermos dos v\u00e1rios ataques que estamos sofrendo, primeiro foi a tentativa de homic\u00eddio do Auxiliar Anderson Bernardes no final do ano passado e agora em um intervalo de sete dias, ceifaram covardemente a vida dos Auxiliares Penitenci\u00e1rios Carlos Augusto e Ant\u00f4nio Magno.<\/em><br \/>\n<em>Se esquecemos algo, pedimos perd\u00e3o, pois hoje o nosso cora\u00e7\u00e3o est\u00e1 sangrando em decorr\u00eancia das mortes prematuras dos nossos irm\u00e3os de farda. Queremos justi\u00e7a, melhores condi\u00e7\u00f5es de trabalho, um melhor sal\u00e1rio, pois j\u00e1 se fazem mais de 4 anos que n\u00e3o se tem um reajuste, pedimos uma posi\u00e7\u00e3o dos governantes urgentemente.<\/em><\/p>\n<p><em>Atenciosamente, <\/em><\/p>\n<p><em>Agentes , Auxiliares e Especialistas Tempor\u00e1rios do Maranh\u00e3o.<\/em><\/p>\n<p><img loading=\"lazy\" decoding=\"async\" class=\"wp-image-8721 alignnone size-full\" src=\"https:\/\/maiobaotv.com.br\/wp-content\/uploads\/2020\/01\/img-20200106-wa03838754984272929393679.jpg\" width=\"720\" height=\"1280\"><\/p>\n<p>Fardamento marcado com as balas que tirou a vida do Agente Penitenci\u00e1rio, no bairro da Cohab<\/p>\n","protected":false},"excerpt":{"rendered":"<p>CARTA DOS SERVIDORES CONTRATADOS DO SISTEMA PRISIONAL DO MARANH\u00c3O N\u00f3s somos contratados, temos matr\u00edcula estadual, mas somos constantemente amea\u00e7ados de<\/p>\n","protected":false},"author":2,"featured_media":8724,"comment_status":"closed","ping_status":"closed","sticky":false,"template":"","format":"standard","meta":{"colormag_page_container_layout":"default_layout","colormag_page_sidebar_layout":"default_layout","_jetpack_memberships_contains_paid_content":false,"footnotes":""},"categories":[23,2],"tags":[],"class_list":["post-8723","post","type-post","status-publish","format-standard","has-post-thumbnail","hentry","category-denuncia","category-noticias"],"magazineBlocksPostFeaturedMedia":{"thumbnail":false,"medium":false,"medium_large":false,"large":false,"1536x1536":false,"2048x2048":false,"colormag-highlighted-post":false,"colormag-featured-post-medium":false,"colormag-featured-post-small":false,"colormag-featured-image":false,"colormag-default-news":false,"colormag-featured-image-large":false},"magazineBlocksPostAuthor":{"name":"maranhaotv","avatar":"https:\/\/secure.gravatar.com\/avatar\/8fadbca458d4cb68b1dd399ae9a40618d747bb1af65ac9fad21c89220a143eb4?s=96&d=mm&r=g"},"magazineBlocksPostCommentsNumber":false,"magazineBlocksPostExcerpt":"CARTA DOS SERVIDORES CONTRATADOS DO SISTEMA PRISIONAL DO MARANH\u00c3O N\u00f3s somos contratados, temos matr\u00edcula estadual, mas somos constantemente amea\u00e7ados de","magazineBlocksPostCategories":["den\u00fancia","not\u00edcias"],"magazineBlocksPostViewCount":228,"magazineBlocksPostReadTime":3,"magazine_blocks_featured_image_url":{"full":false,"medium":false,"thumbnail":false},"magazine_blocks_author":{"display_name":"maranhaotv","author_link":"https:\/\/maranhaotv.com.br\/index.php\/author\/maranhaotv\/"},"magazine_blocks_comment":0,"magazine_blocks_author_image":"https:\/\/secure.gravatar.com\/avatar\/8fadbca458d4cb68b1dd399ae9a40618d747bb1af65ac9fad21c89220a143eb4?s=96&d=mm&r=g","magazine_blocks_category":"<a href=\"#\" class=\"category-link category-link-23\">den\u00fancia<\/a> <a href=\"#\" class=\"category-link category-link-2\">not\u00edcias<\/a>","yoast_head":"<!-- This site is optimized with the Yoast SEO plugin v27.4 - https:\/\/yoast.com\/product\/yoast-seo-wordpress\/ -->\n<title>Carta dos Servidores Contratados do Sistema Prisional do MA - NOT\u00cdCIAS EM TEMPO REAL<\/title>\n<meta name=\"robots\" content=\"index, follow, max-snippet:-1, max-image-preview:large, max-video-preview:-1\" \/>\n<link rel=\"canonical\" href=\"https:\/\/maranhaotv.com.br\/index.php\/2020\/01\/07\/carta-dos-servidores-contratados-do-sistema-prisional-do-ma\/\" \/>\n<meta property=\"og:locale\" content=\"pt_BR\" \/>\n<meta property=\"og:type\" content=\"article\" \/>\n<meta property=\"og:title\" content=\"Carta dos Servidores Contratados do Sistema Prisional do MA - NOT\u00cdCIAS EM TEMPO REAL\" \/>\n<meta property=\"og:description\" content=\"CARTA DOS SERVIDORES CONTRATADOS DO SISTEMA PRISIONAL DO MARANH\u00c3O N\u00f3s somos contratados, temos matr\u00edcula estadual, mas somos constantemente amea\u00e7ados de\" \/>\n<meta property=\"og:url\" content=\"https:\/\/maranhaotv.com.br\/index.php\/2020\/01\/07\/carta-dos-servidores-contratados-do-sistema-prisional-do-ma\/\" \/>\n<meta property=\"og:site_name\" content=\"NOT\u00cdCIAS EM TEMPO REAL\" \/>\n<meta property=\"article:publisher\" content=\"https:\/\/www.facebook.com\/maiobaotv\" \/>\n<meta property=\"article:published_time\" content=\"2020-01-07T10:46:42+00:00\" \/>\n<meta name=\"author\" content=\"maranhaotv\" \/>\n<meta name=\"twitter:card\" content=\"summary_large_image\" \/>\n<meta name=\"twitter:creator\" content=\"@sitemaranhaotv\" \/>\n<meta name=\"twitter:site\" content=\"@sitemaranhaotv\" \/>\n<meta name=\"twitter:label1\" content=\"Escrito por\" \/>\n\t<meta name=\"twitter:data1\" content=\"maranhaotv\" \/>\n\t<meta name=\"twitter:label2\" content=\"Est. tempo de leitura\" \/>\n\t<meta name=\"twitter:data2\" content=\"2 minutos\" \/>\n<script type=\"application\/ld+json\" class=\"yoast-schema-graph\">{\"@context\":\"https:\\\/\\\/schema.org\",\"@graph\":[{\"@type\":\"Article\",\"@id\":\"https:\\\/\\\/maranhaotv.com.br\\\/index.php\\\/2020\\\/01\\\/07\\\/carta-dos-servidores-contratados-do-sistema-prisional-do-ma\\\/#article\",\"isPartOf\":{\"@id\":\"https:\\\/\\\/maranhaotv.com.br\\\/index.php\\\/2020\\\/01\\\/07\\\/carta-dos-servidores-contratados-do-sistema-prisional-do-ma\\\/\"},\"author\":{\"name\":\"maranhaotv\",\"@id\":\"https:\\\/\\\/maranhaotv.com.br\\\/#\\\/schema\\\/person\\\/3d54238e86b20bb5c89ab2fdb8f8829a\"},\"headline\":\"Carta dos Servidores Contratados do Sistema Prisional do MA\",\"datePublished\":\"2020-01-07T10:46:42+00:00\",\"mainEntityOfPage\":{\"@id\":\"https:\\\/\\\/maranhaotv.com.br\\\/index.php\\\/2020\\\/01\\\/07\\\/carta-dos-servidores-contratados-do-sistema-prisional-do-ma\\\/\"},\"wordCount\":454,\"publisher\":{\"@id\":\"https:\\\/\\\/maranhaotv.com.br\\\/#organization\"},\"image\":{\"@id\":\"https:\\\/\\\/maranhaotv.com.br\\\/index.php\\\/2020\\\/01\\\/07\\\/carta-dos-servidores-contratados-do-sistema-prisional-do-ma\\\/#primaryimage\"},\"thumbnailUrl\":\"\",\"articleSection\":[\"den\u00fancia\",\"not\u00edcias\"],\"inLanguage\":\"pt-BR\"},{\"@type\":\"WebPage\",\"@id\":\"https:\\\/\\\/maranhaotv.com.br\\\/index.php\\\/2020\\\/01\\\/07\\\/carta-dos-servidores-contratados-do-sistema-prisional-do-ma\\\/\",\"url\":\"https:\\\/\\\/maranhaotv.com.br\\\/index.php\\\/2020\\\/01\\\/07\\\/carta-dos-servidores-contratados-do-sistema-prisional-do-ma\\\/\",\"name\":\"Carta dos Servidores Contratados do Sistema Prisional do MA - NOT\u00cdCIAS EM TEMPO REAL\",\"isPartOf\":{\"@id\":\"https:\\\/\\\/maranhaotv.com.br\\\/#website\"},\"primaryImageOfPage\":{\"@id\":\"https:\\\/\\\/maranhaotv.com.br\\\/index.php\\\/2020\\\/01\\\/07\\\/carta-dos-servidores-contratados-do-sistema-prisional-do-ma\\\/#primaryimage\"},\"image\":{\"@id\":\"https:\\\/\\\/maranhaotv.com.br\\\/index.php\\\/2020\\\/01\\\/07\\\/carta-dos-servidores-contratados-do-sistema-prisional-do-ma\\\/#primaryimage\"},\"thumbnailUrl\":\"\",\"datePublished\":\"2020-01-07T10:46:42+00:00\",\"breadcrumb\":{\"@id\":\"https:\\\/\\\/maranhaotv.com.br\\\/index.php\\\/2020\\\/01\\\/07\\\/carta-dos-servidores-contratados-do-sistema-prisional-do-ma\\\/#breadcrumb\"},\"inLanguage\":\"pt-BR\",\"potentialAction\":[{\"@type\":\"ReadAction\",\"target\":[\"https:\\\/\\\/maranhaotv.com.br\\\/index.php\\\/2020\\\/01\\\/07\\\/carta-dos-servidores-contratados-do-sistema-prisional-do-ma\\\/\"]}]},{\"@type\":\"ImageObject\",\"inLanguage\":\"pt-BR\",\"@id\":\"https:\\\/\\\/maranhaotv.com.br\\\/index.php\\\/2020\\\/01\\\/07\\\/carta-dos-servidores-contratados-do-sistema-prisional-do-ma\\\/#primaryimage\",\"url\":\"\",\"contentUrl\":\"\"},{\"@type\":\"BreadcrumbList\",\"@id\":\"https:\\\/\\\/maranhaotv.com.br\\\/index.php\\\/2020\\\/01\\\/07\\\/carta-dos-servidores-contratados-do-sistema-prisional-do-ma\\\/#breadcrumb\",\"itemListElement\":[{\"@type\":\"ListItem\",\"position\":1,\"name\":\"In\u00edcio\",\"item\":\"https:\\\/\\\/maranhaotv.com.br\\\/\"},{\"@type\":\"ListItem\",\"position\":2,\"name\":\"Carta dos Servidores Contratados do Sistema Prisional do MA\"}]},{\"@type\":\"WebSite\",\"@id\":\"https:\\\/\\\/maranhaotv.com.br\\\/#website\",\"url\":\"https:\\\/\\\/maranhaotv.com.br\\\/\",\"name\":\"Maranh\u00e3oTV\",\"description\":\"\",\"publisher\":{\"@id\":\"https:\\\/\\\/maranhaotv.com.br\\\/#organization\"},\"potentialAction\":[{\"@type\":\"SearchAction\",\"target\":{\"@type\":\"EntryPoint\",\"urlTemplate\":\"https:\\\/\\\/maranhaotv.com.br\\\/?s={search_term_string}\"},\"query-input\":{\"@type\":\"PropertyValueSpecification\",\"valueRequired\":true,\"valueName\":\"search_term_string\"}}],\"inLanguage\":\"pt-BR\"},{\"@type\":\"Organization\",\"@id\":\"https:\\\/\\\/maranhaotv.com.br\\\/#organization\",\"name\":\"Portal de Not\u00edcias\",\"url\":\"https:\\\/\\\/maranhaotv.com.br\\\/\",\"logo\":{\"@type\":\"ImageObject\",\"inLanguage\":\"pt-BR\",\"@id\":\"https:\\\/\\\/maranhaotv.com.br\\\/#\\\/schema\\\/logo\\\/image\\\/\",\"url\":\"https:\\\/\\\/maranhaotv.com.br\\\/wp-content\\\/uploads\\\/2024\\\/05\\\/cropped-cropped-avatar-1.png\",\"contentUrl\":\"https:\\\/\\\/maranhaotv.com.br\\\/wp-content\\\/uploads\\\/2024\\\/05\\\/cropped-cropped-avatar-1.png\",\"width\":792,\"height\":428,\"caption\":\"Portal de Not\u00edcias\"},\"image\":{\"@id\":\"https:\\\/\\\/maranhaotv.com.br\\\/#\\\/schema\\\/logo\\\/image\\\/\"},\"sameAs\":[\"https:\\\/\\\/www.facebook.com\\\/maiobaotv\",\"https:\\\/\\\/x.com\\\/sitemaranhaotv\",\"https:\\\/\\\/www.instagram.com\\\/maranhao.tv\",\"https:\\\/\\\/www.threads.net\\\/@maranhao.tv\"]},{\"@type\":\"Person\",\"@id\":\"https:\\\/\\\/maranhaotv.com.br\\\/#\\\/schema\\\/person\\\/3d54238e86b20bb5c89ab2fdb8f8829a\",\"name\":\"maranhaotv\",\"image\":{\"@type\":\"ImageObject\",\"inLanguage\":\"pt-BR\",\"@id\":\"https:\\\/\\\/secure.gravatar.com\\\/avatar\\\/8fadbca458d4cb68b1dd399ae9a40618d747bb1af65ac9fad21c89220a143eb4?s=96&d=mm&r=g\",\"url\":\"https:\\\/\\\/secure.gravatar.com\\\/avatar\\\/8fadbca458d4cb68b1dd399ae9a40618d747bb1af65ac9fad21c89220a143eb4?s=96&d=mm&r=g\",\"contentUrl\":\"https:\\\/\\\/secure.gravatar.com\\\/avatar\\\/8fadbca458d4cb68b1dd399ae9a40618d747bb1af65ac9fad21c89220a143eb4?s=96&d=mm&r=g\",\"caption\":\"maranhaotv\"},\"sameAs\":[\"https:\\\/\\\/maranhaotv.com.br\\\/\"],\"url\":\"https:\\\/\\\/maranhaotv.com.br\\\/index.php\\\/author\\\/maranhaotv\\\/\"}]}<\/script>\n<!-- \/ Yoast SEO plugin. -->","yoast_head_json":{"title":"Carta dos Servidores Contratados do Sistema Prisional do MA - NOT\u00cdCIAS EM TEMPO REAL","robots":{"index":"index","follow":"follow","max-snippet":"max-snippet:-1","max-image-preview":"max-image-preview:large","max-video-preview":"max-video-preview:-1"},"canonical":"https:\/\/maranhaotv.com.br\/index.php\/2020\/01\/07\/carta-dos-servidores-contratados-do-sistema-prisional-do-ma\/","og_locale":"pt_BR","og_type":"article","og_title":"Carta dos Servidores Contratados do Sistema Prisional do MA - NOT\u00cdCIAS EM TEMPO REAL","og_description":"CARTA DOS SERVIDORES CONTRATADOS DO SISTEMA PRISIONAL DO MARANH\u00c3O N\u00f3s somos contratados, temos matr\u00edcula estadual, mas somos constantemente amea\u00e7ados de","og_url":"https:\/\/maranhaotv.com.br\/index.php\/2020\/01\/07\/carta-dos-servidores-contratados-do-sistema-prisional-do-ma\/","og_site_name":"NOT\u00cdCIAS EM TEMPO REAL","article_publisher":"https:\/\/www.facebook.com\/maiobaotv","article_published_time":"2020-01-07T10:46:42+00:00","author":"maranhaotv","twitter_card":"summary_large_image","twitter_creator":"@sitemaranhaotv","twitter_site":"@sitemaranhaotv","twitter_misc":{"Escrito por":"maranhaotv","Est. tempo de leitura":"2 minutos"},"schema":{"@context":"https:\/\/schema.org","@graph":[{"@type":"Article","@id":"https:\/\/maranhaotv.com.br\/index.php\/2020\/01\/07\/carta-dos-servidores-contratados-do-sistema-prisional-do-ma\/#article","isPartOf":{"@id":"https:\/\/maranhaotv.com.br\/index.php\/2020\/01\/07\/carta-dos-servidores-contratados-do-sistema-prisional-do-ma\/"},"author":{"name":"maranhaotv","@id":"https:\/\/maranhaotv.com.br\/#\/schema\/person\/3d54238e86b20bb5c89ab2fdb8f8829a"},"headline":"Carta dos Servidores Contratados do Sistema Prisional do MA","datePublished":"2020-01-07T10:46:42+00:00","mainEntityOfPage":{"@id":"https:\/\/maranhaotv.com.br\/index.php\/2020\/01\/07\/carta-dos-servidores-contratados-do-sistema-prisional-do-ma\/"},"wordCount":454,"publisher":{"@id":"https:\/\/maranhaotv.com.br\/#organization"},"image":{"@id":"https:\/\/maranhaotv.com.br\/index.php\/2020\/01\/07\/carta-dos-servidores-contratados-do-sistema-prisional-do-ma\/#primaryimage"},"thumbnailUrl":"","articleSection":["den\u00fancia","not\u00edcias"],"inLanguage":"pt-BR"},{"@type":"WebPage","@id":"https:\/\/maranhaotv.com.br\/index.php\/2020\/01\/07\/carta-dos-servidores-contratados-do-sistema-prisional-do-ma\/","url":"https:\/\/maranhaotv.com.br\/index.php\/2020\/01\/07\/carta-dos-servidores-contratados-do-sistema-prisional-do-ma\/","name":"Carta dos Servidores Contratados do Sistema Prisional do MA - NOT\u00cdCIAS EM TEMPO REAL","isPartOf":{"@id":"https:\/\/maranhaotv.com.br\/#website"},"primaryImageOfPage":{"@id":"https:\/\/maranhaotv.com.br\/index.php\/2020\/01\/07\/carta-dos-servidores-contratados-do-sistema-prisional-do-ma\/#primaryimage"},"image":{"@id":"https:\/\/maranhaotv.com.br\/index.php\/2020\/01\/07\/carta-dos-servidores-contratados-do-sistema-prisional-do-ma\/#primaryimage"},"thumbnailUrl":"","datePublished":"2020-01-07T10:46:42+00:00","breadcrumb":{"@id":"https:\/\/maranhaotv.com.br\/index.php\/2020\/01\/07\/carta-dos-servidores-contratados-do-sistema-prisional-do-ma\/#breadcrumb"},"inLanguage":"pt-BR","potentialAction":[{"@type":"ReadAction","target":["https:\/\/maranhaotv.com.br\/index.php\/2020\/01\/07\/carta-dos-servidores-contratados-do-sistema-prisional-do-ma\/"]}]},{"@type":"ImageObject","inLanguage":"pt-BR","@id":"https:\/\/maranhaotv.com.br\/index.php\/2020\/01\/07\/carta-dos-servidores-contratados-do-sistema-prisional-do-ma\/#primaryimage","url":"","contentUrl":""},{"@type":"BreadcrumbList","@id":"https:\/\/maranhaotv.com.br\/index.php\/2020\/01\/07\/carta-dos-servidores-contratados-do-sistema-prisional-do-ma\/#breadcrumb","itemListElement":[{"@type":"ListItem","position":1,"name":"In\u00edcio","item":"https:\/\/maranhaotv.com.br\/"},{"@type":"ListItem","position":2,"name":"Carta dos Servidores Contratados do Sistema Prisional do MA"}]},{"@type":"WebSite","@id":"https:\/\/maranhaotv.com.br\/#website","url":"https:\/\/maranhaotv.com.br\/","name":"Maranh\u00e3oTV","description":"","publisher":{"@id":"https:\/\/maranhaotv.com.br\/#organization"},"potentialAction":[{"@type":"SearchAction","target":{"@type":"EntryPoint","urlTemplate":"https:\/\/maranhaotv.com.br\/?s={search_term_string}"},"query-input":{"@type":"PropertyValueSpecification","valueRequired":true,"valueName":"search_term_string"}}],"inLanguage":"pt-BR"},{"@type":"Organization","@id":"https:\/\/maranhaotv.com.br\/#organization","name":"Portal de Not\u00edcias","url":"https:\/\/maranhaotv.com.br\/","logo":{"@type":"ImageObject","inLanguage":"pt-BR","@id":"https:\/\/maranhaotv.com.br\/#\/schema\/logo\/image\/","url":"https:\/\/maranhaotv.com.br\/wp-content\/uploads\/2024\/05\/cropped-cropped-avatar-1.png","contentUrl":"https:\/\/maranhaotv.com.br\/wp-content\/uploads\/2024\/05\/cropped-cropped-avatar-1.png","width":792,"height":428,"caption":"Portal de Not\u00edcias"},"image":{"@id":"https:\/\/maranhaotv.com.br\/#\/schema\/logo\/image\/"},"sameAs":["https:\/\/www.facebook.com\/maiobaotv","https:\/\/x.com\/sitemaranhaotv","https:\/\/www.instagram.com\/maranhao.tv","https:\/\/www.threads.net\/@maranhao.tv"]},{"@type":"Person","@id":"https:\/\/maranhaotv.com.br\/#\/schema\/person\/3d54238e86b20bb5c89ab2fdb8f8829a","name":"maranhaotv","image":{"@type":"ImageObject","inLanguage":"pt-BR","@id":"https:\/\/secure.gravatar.com\/avatar\/8fadbca458d4cb68b1dd399ae9a40618d747bb1af65ac9fad21c89220a143eb4?s=96&d=mm&r=g","url":"https:\/\/secure.gravatar.com\/avatar\/8fadbca458d4cb68b1dd399ae9a40618d747bb1af65ac9fad21c89220a143eb4?s=96&d=mm&r=g","contentUrl":"https:\/\/secure.gravatar.com\/avatar\/8fadbca458d4cb68b1dd399ae9a40618d747bb1af65ac9fad21c89220a143eb4?s=96&d=mm&r=g","caption":"maranhaotv"},"sameAs":["https:\/\/maranhaotv.com.br\/"],"url":"https:\/\/maranhaotv.com.br\/index.php\/author\/maranhaotv\/"}]}},"jetpack_featured_media_url":"","jetpack_sharing_enabled":true,"_links":{"self":[{"href":"https:\/\/maranhaotv.com.br\/index.php\/wp-json\/wp\/v2\/posts\/8723","targetHints":{"allow":["GET"]}}],"collection":[{"href":"https:\/\/maranhaotv.com.br\/index.php\/wp-json\/wp\/v2\/posts"}],"about":[{"href":"https:\/\/maranhaotv.com.br\/index.php\/wp-json\/wp\/v2\/types\/post"}],"author":[{"embeddable":true,"href":"https:\/\/maranhaotv.com.br\/index.php\/wp-json\/wp\/v2\/users\/2"}],"replies":[{"embeddable":true,"href":"https:\/\/maranhaotv.com.br\/index.php\/wp-json\/wp\/v2\/comments?post=8723"}],"version-history":[{"count":0,"href":"https:\/\/maranhaotv.com.br\/index.php\/wp-json\/wp\/v2\/posts\/8723\/revisions"}],"wp:featuredmedia":[{"embeddable":true,"href":"https:\/\/maranhaotv.com.br\/index.php\/wp-json\/"}],"wp:attachment":[{"href":"https:\/\/maranhaotv.com.br\/index.php\/wp-json\/wp\/v2\/media?parent=8723"}],"wp:term":[{"taxonomy":"category","embeddable":true,"href":"https:\/\/maranhaotv.com.br\/index.php\/wp-json\/wp\/v2\/categories?post=8723"},{"taxonomy":"post_tag","embeddable":true,"href":"https:\/\/maranhaotv.com.br\/index.php\/wp-json\/wp\/v2\/tags?post=8723"}],"curies":[{"name":"wp","href":"https:\/\/api.w.org\/{rel}","templated":true}]}}