{"id":8735,"date":"2020-01-07T11:39:41","date_gmt":"2020-01-07T14:39:41","guid":{"rendered":"https:\/\/maiobaotv.com.br\/?p=8735"},"modified":"2020-01-07T11:39:41","modified_gmt":"2020-01-07T14:39:41","slug":"mp-pede-afastamento-de-vereadores-envolvidos-em-caso-de-funcionaria-fantasma-na-camara-de-vereadores","status":"publish","type":"post","link":"https:\/\/maranhaotv.com.br\/index.php\/2020\/01\/07\/mp-pede-afastamento-de-vereadores-envolvidos-em-caso-de-funcionaria-fantasma-na-camara-de-vereadores\/","title":{"rendered":"MP pede afastamento de vereadores envolvidos em caso de funcion\u00e1ria fantasma na C\u00e2mara de Vereadores"},"content":{"rendered":"<h5>Funcion\u00e1ria fantasma da C\u00e2mara de Vereadores de Barra do Corda \u00e9 acionada por improbidade administrativa<\/h5>\n<p>Devido \u00e0 nomea\u00e7\u00e3o e manuten\u00e7\u00e3o da estudante Itana Caroline Ricardo Sampaio Leite como servidora da C\u00e2mara de Vereadores de Barra do Corda, enquanto ela cursava Direito, em S\u00e3o Lu\u00eds, recebendo um sal\u00e1rio-m\u00ednimo, sem trabalhar, o Minist\u00e9rio P\u00fablico ajuizou, em 18 de dezembro, A\u00e7\u00e3o Civil por ato de improbidade administrativa contra a funcion\u00e1ria, o pai dela, vereador Francisco Eteldo Sampaio Leite, e o presidente do Legislativo Municipal, Gilvan Jos\u00e9 Oliveira Pereira.<\/p>\n<p>A 1\u00aa Promotoria de Justi\u00e7a de Barra do Corda solicitou liminarmente ao Poder Judici\u00e1rio o afastamento dos dois vereadores do exerc\u00edcio de seus mandatos na C\u00e2mara; a indisponibilidade dos bens e aplica\u00e7\u00f5es financeiras dos parlamentares e da estudante; e a condena\u00e7\u00e3o dos demandados por improbidade administrativa.<\/p>\n<p>Por meio de den\u00fancia an\u00f4nima, registrada na Ouvidoria do MPMA, a Promotoria de Justi\u00e7a confirmou que Itana Leite ocupava cargo comissionado que exigia trabalho com expediente di\u00e1rio na C\u00e2mara de Vereadores mas, em vez de trabalhar, cursava Direito na Universidade Ceuma, em S\u00e3o Lu\u00eds.<\/p>\n<p>O Minist\u00e9rio P\u00fablico notificou os tr\u00eas demandados questionando a lota\u00e7\u00e3o de Itana na C\u00e2mara Municipal e detectou contradi\u00e7\u00e3o nas informa\u00e7\u00f5es. Ela foi nomeada por Gilvan Jos\u00e9 Oliveira Pereira para exercer o cargo em comiss\u00e3o de recepcionista. Em seguida, Gilvan e Itana informaram que a lota\u00e7\u00e3o como recepcionista ocorreu por um erro e ela seria, na verdade, assessora do pai, vereador Francisco Eteldo. Este, por\u00e9m, afirmou ao MPMA que a filha estava lotada como recepcionista.<\/p>\n<p>\u201c\u00c9 evidente a confus\u00e3o dos requeridos em esclarecer qual fun\u00e7\u00e3o foi exercida pela servidora, o que comprova de fato que esta nunca exerceu a fun\u00e7\u00e3o de assessora de seu pai, haja vista o pr\u00f3prio pai n\u00e3o a reconhecer como sua assessora, tampouco exerceu a fun\u00e7\u00e3o de recepcionista, considerando-se que a pr\u00f3pria servidora e o presidente da C\u00e2mara recha\u00e7aram o exerc\u00edcio de tal fun\u00e7\u00e3o\u201d, afirmou, na A\u00e7\u00e3o, Guaracy Figueiredo.<\/p>\n<p>O promotor de justi\u00e7a destacou, ainda, que a jornada de trabalho \u00e9 de 20 horas semanais e deveria ser cumprida de 8h \u00e0s 14h enquanto a servidora estudava no turno matutino, campus Anil, da Universidade Ceuma, em S\u00e3o Lu\u00eds, e teve apenas tr\u00eas faltas durante a gradua\u00e7\u00e3o.<\/p>\n<p>Entre fevereiro de 2017 e abril de 2019, ela recebeu indevidamente R$ 25.747,00. \u201cTodos os requeridos arquitetaram verdadeira estrat\u00e9gia com vistas a causar preju\u00edzos aos cofres p\u00fablicos da entidade nomeando e abrigando funcion\u00e1ria fantasma para o atendimento de interesses escusos\u201d.<br \/>\nGuaracy Figueiredo afirmou tamb\u00e9m que os agentes p\u00fablicos t\u00eam o dever de agir de acordo com a lei e com os princ\u00edpios constitucionais e, ao contr\u00e1rio, os vereadores \u201cagiram com desonestidade e comprovada m\u00e1-f\u00e9, configurando t\u00edpicos atos de improbidade\u201d.<\/p>\n<p>MULTAS<\/p>\n<p>O Minist\u00e9rio P\u00fablico pediu ao Poder Judici\u00e1rio, a indisponibilidade dos bens dos demandados para pagamento da multa civil.<\/p>\n<p>Itana Leite deve R$ 102.988,00 correspondente ao valor do enriquecimento il\u00edcito e multa civil de tr\u00eas vezes o valor devido aos cofres p\u00fablicos. Gilvan Pereira e Francisco Eteldo devem, cada um, R$ 877.241,00, correspondente ao valor do dano ao er\u00e1rio, multa de duas vezes o valor do dano e multa civil de 100 vezes o valor da remunera\u00e7\u00e3o recebida.<\/p>\n<p>PEDIDOS<\/p>\n<p>Al\u00e9m do afastamento dos requeridos dos cargos de vereador e presidente da C\u00e2mara Municipal, a Promotoria de Justi\u00e7a pediu a condena\u00e7\u00e3o deles e da estudante Itana por improbidade administrativa.<\/p>\n<p>Todos est\u00e3o sujeitos a condena\u00e7\u00e3o de ressarcimento integral do dano, perda dos bens ou valores acrescidos ilicitamente ao patrim\u00f4nio, suspens\u00e3o dos direitos pol\u00edticos de oito a dez anos, proibi\u00e7\u00e3o de contratar com o Poder P\u00fablico ou receber benef\u00edcios ou incentivos fiscais e de cr\u00e9dito e pagamento das multas.<\/p>\n<p><img loading=\"lazy\" decoding=\"async\" src=\"https:\/\/maiobaotv.com.br\/wp-content\/uploads\/2020\/01\/img-20200107-wa00815351753636593234237.jpg\" class=\"alignnone size-full wp-image-8734\" width=\"901\" height=\"567\"><\/p>\n<p>CCOM-MPMA<\/p>\n","protected":false},"excerpt":{"rendered":"<p>Funcion\u00e1ria fantasma da C\u00e2mara de Vereadores de Barra do Corda \u00e9 acionada por improbidade administrativa Devido \u00e0 nomea\u00e7\u00e3o e manuten\u00e7\u00e3o<\/p>\n","protected":false},"author":2,"featured_media":8736,"comment_status":"closed","ping_status":"closed","sticky":false,"template":"","format":"standard","meta":{"colormag_page_container_layout":"default_layout","colormag_page_sidebar_layout":"default_layout","_jetpack_memberships_contains_paid_content":false,"footnotes":""},"categories":[2,6],"tags":[],"class_list":["post-8735","post","type-post","status-publish","format-standard","has-post-thumbnail","hentry","category-noticias","category-politica"],"magazineBlocksPostFeaturedMedia":{"thumbnail":false,"medium":false,"medium_large":false,"large":false,"1536x1536":false,"2048x2048":false,"colormag-highlighted-post":false,"colormag-featured-post-medium":false,"colormag-featured-post-small":false,"colormag-featured-image":false,"colormag-default-news":false,"colormag-featured-image-large":false},"magazineBlocksPostAuthor":{"name":"maranhaotv","avatar":"https:\/\/secure.gravatar.com\/avatar\/8fadbca458d4cb68b1dd399ae9a40618d747bb1af65ac9fad21c89220a143eb4?s=96&d=mm&r=g"},"magazineBlocksPostCommentsNumber":false,"magazineBlocksPostExcerpt":"Funcion\u00e1ria fantasma da C\u00e2mara de Vereadores de Barra do Corda \u00e9 acionada por improbidade administrativa Devido \u00e0 nomea\u00e7\u00e3o e manuten\u00e7\u00e3o","magazineBlocksPostCategories":["not\u00edcias","pol\u00edtica"],"magazineBlocksPostViewCount":199,"magazineBlocksPostReadTime":4,"magazine_blocks_featured_image_url":{"full":false,"medium":false,"thumbnail":false},"magazine_blocks_author":{"display_name":"maranhaotv","author_link":"https:\/\/maranhaotv.com.br\/index.php\/author\/maranhaotv\/"},"magazine_blocks_comment":0,"magazine_blocks_author_image":"https:\/\/secure.gravatar.com\/avatar\/8fadbca458d4cb68b1dd399ae9a40618d747bb1af65ac9fad21c89220a143eb4?s=96&d=mm&r=g","magazine_blocks_category":"<a href=\"#\" class=\"category-link category-link-2\">not\u00edcias<\/a> <a href=\"#\" class=\"category-link category-link-6\">pol\u00edtica<\/a>","yoast_head":"<!-- This site is optimized with the Yoast SEO plugin v27.4 - https:\/\/yoast.com\/product\/yoast-seo-wordpress\/ -->\n<title>MP pede afastamento de vereadores envolvidos em caso de funcion\u00e1ria fantasma na C\u00e2mara de Vereadores - NOT\u00cdCIAS EM TEMPO REAL<\/title>\n<meta name=\"robots\" content=\"index, follow, max-snippet:-1, max-image-preview:large, max-video-preview:-1\" \/>\n<link rel=\"canonical\" href=\"https:\/\/maranhaotv.com.br\/index.php\/2020\/01\/07\/mp-pede-afastamento-de-vereadores-envolvidos-em-caso-de-funcionaria-fantasma-na-camara-de-vereadores\/\" \/>\n<meta property=\"og:locale\" content=\"pt_BR\" \/>\n<meta property=\"og:type\" content=\"article\" \/>\n<meta property=\"og:title\" content=\"MP pede afastamento de vereadores envolvidos em caso de funcion\u00e1ria fantasma na C\u00e2mara de Vereadores - NOT\u00cdCIAS EM TEMPO REAL\" \/>\n<meta property=\"og:description\" content=\"Funcion\u00e1ria fantasma da C\u00e2mara de Vereadores de Barra do Corda \u00e9 acionada por improbidade administrativa Devido \u00e0 nomea\u00e7\u00e3o e manuten\u00e7\u00e3o\" \/>\n<meta property=\"og:url\" content=\"https:\/\/maranhaotv.com.br\/index.php\/2020\/01\/07\/mp-pede-afastamento-de-vereadores-envolvidos-em-caso-de-funcionaria-fantasma-na-camara-de-vereadores\/\" \/>\n<meta property=\"og:site_name\" content=\"NOT\u00cdCIAS EM TEMPO REAL\" \/>\n<meta property=\"article:publisher\" content=\"https:\/\/www.facebook.com\/maiobaotv\" \/>\n<meta property=\"article:published_time\" content=\"2020-01-07T14:39:41+00:00\" \/>\n<meta name=\"author\" content=\"maranhaotv\" \/>\n<meta name=\"twitter:card\" content=\"summary_large_image\" \/>\n<meta name=\"twitter:creator\" content=\"@sitemaranhaotv\" \/>\n<meta name=\"twitter:site\" content=\"@sitemaranhaotv\" \/>\n<meta name=\"twitter:label1\" content=\"Escrito por\" \/>\n\t<meta name=\"twitter:data1\" content=\"maranhaotv\" \/>\n\t<meta name=\"twitter:label2\" content=\"Est. tempo de leitura\" \/>\n\t<meta name=\"twitter:data2\" content=\"3 minutos\" \/>\n<script type=\"application\/ld+json\" class=\"yoast-schema-graph\">{\"@context\":\"https:\\\/\\\/schema.org\",\"@graph\":[{\"@type\":\"Article\",\"@id\":\"https:\\\/\\\/maranhaotv.com.br\\\/index.php\\\/2020\\\/01\\\/07\\\/mp-pede-afastamento-de-vereadores-envolvidos-em-caso-de-funcionaria-fantasma-na-camara-de-vereadores\\\/#article\",\"isPartOf\":{\"@id\":\"https:\\\/\\\/maranhaotv.com.br\\\/index.php\\\/2020\\\/01\\\/07\\\/mp-pede-afastamento-de-vereadores-envolvidos-em-caso-de-funcionaria-fantasma-na-camara-de-vereadores\\\/\"},\"author\":{\"name\":\"maranhaotv\",\"@id\":\"https:\\\/\\\/maranhaotv.com.br\\\/#\\\/schema\\\/person\\\/3d54238e86b20bb5c89ab2fdb8f8829a\"},\"headline\":\"MP pede afastamento de vereadores envolvidos em caso de funcion\u00e1ria fantasma na C\u00e2mara de Vereadores\",\"datePublished\":\"2020-01-07T14:39:41+00:00\",\"mainEntityOfPage\":{\"@id\":\"https:\\\/\\\/maranhaotv.com.br\\\/index.php\\\/2020\\\/01\\\/07\\\/mp-pede-afastamento-de-vereadores-envolvidos-em-caso-de-funcionaria-fantasma-na-camara-de-vereadores\\\/\"},\"wordCount\":689,\"publisher\":{\"@id\":\"https:\\\/\\\/maranhaotv.com.br\\\/#organization\"},\"image\":{\"@id\":\"https:\\\/\\\/maranhaotv.com.br\\\/index.php\\\/2020\\\/01\\\/07\\\/mp-pede-afastamento-de-vereadores-envolvidos-em-caso-de-funcionaria-fantasma-na-camara-de-vereadores\\\/#primaryimage\"},\"thumbnailUrl\":\"\",\"articleSection\":[\"not\u00edcias\",\"pol\u00edtica\"],\"inLanguage\":\"pt-BR\"},{\"@type\":\"WebPage\",\"@id\":\"https:\\\/\\\/maranhaotv.com.br\\\/index.php\\\/2020\\\/01\\\/07\\\/mp-pede-afastamento-de-vereadores-envolvidos-em-caso-de-funcionaria-fantasma-na-camara-de-vereadores\\\/\",\"url\":\"https:\\\/\\\/maranhaotv.com.br\\\/index.php\\\/2020\\\/01\\\/07\\\/mp-pede-afastamento-de-vereadores-envolvidos-em-caso-de-funcionaria-fantasma-na-camara-de-vereadores\\\/\",\"name\":\"MP pede afastamento de vereadores envolvidos em caso de funcion\u00e1ria fantasma na C\u00e2mara de Vereadores - NOT\u00cdCIAS EM TEMPO REAL\",\"isPartOf\":{\"@id\":\"https:\\\/\\\/maranhaotv.com.br\\\/#website\"},\"primaryImageOfPage\":{\"@id\":\"https:\\\/\\\/maranhaotv.com.br\\\/index.php\\\/2020\\\/01\\\/07\\\/mp-pede-afastamento-de-vereadores-envolvidos-em-caso-de-funcionaria-fantasma-na-camara-de-vereadores\\\/#primaryimage\"},\"image\":{\"@id\":\"https:\\\/\\\/maranhaotv.com.br\\\/index.php\\\/2020\\\/01\\\/07\\\/mp-pede-afastamento-de-vereadores-envolvidos-em-caso-de-funcionaria-fantasma-na-camara-de-vereadores\\\/#primaryimage\"},\"thumbnailUrl\":\"\",\"datePublished\":\"2020-01-07T14:39:41+00:00\",\"breadcrumb\":{\"@id\":\"https:\\\/\\\/maranhaotv.com.br\\\/index.php\\\/2020\\\/01\\\/07\\\/mp-pede-afastamento-de-vereadores-envolvidos-em-caso-de-funcionaria-fantasma-na-camara-de-vereadores\\\/#breadcrumb\"},\"inLanguage\":\"pt-BR\",\"potentialAction\":[{\"@type\":\"ReadAction\",\"target\":[\"https:\\\/\\\/maranhaotv.com.br\\\/index.php\\\/2020\\\/01\\\/07\\\/mp-pede-afastamento-de-vereadores-envolvidos-em-caso-de-funcionaria-fantasma-na-camara-de-vereadores\\\/\"]}]},{\"@type\":\"ImageObject\",\"inLanguage\":\"pt-BR\",\"@id\":\"https:\\\/\\\/maranhaotv.com.br\\\/index.php\\\/2020\\\/01\\\/07\\\/mp-pede-afastamento-de-vereadores-envolvidos-em-caso-de-funcionaria-fantasma-na-camara-de-vereadores\\\/#primaryimage\",\"url\":\"\",\"contentUrl\":\"\"},{\"@type\":\"BreadcrumbList\",\"@id\":\"https:\\\/\\\/maranhaotv.com.br\\\/index.php\\\/2020\\\/01\\\/07\\\/mp-pede-afastamento-de-vereadores-envolvidos-em-caso-de-funcionaria-fantasma-na-camara-de-vereadores\\\/#breadcrumb\",\"itemListElement\":[{\"@type\":\"ListItem\",\"position\":1,\"name\":\"In\u00edcio\",\"item\":\"https:\\\/\\\/maranhaotv.com.br\\\/\"},{\"@type\":\"ListItem\",\"position\":2,\"name\":\"MP pede afastamento de vereadores envolvidos em caso de funcion\u00e1ria fantasma na C\u00e2mara de Vereadores\"}]},{\"@type\":\"WebSite\",\"@id\":\"https:\\\/\\\/maranhaotv.com.br\\\/#website\",\"url\":\"https:\\\/\\\/maranhaotv.com.br\\\/\",\"name\":\"Maranh\u00e3oTV\",\"description\":\"\",\"publisher\":{\"@id\":\"https:\\\/\\\/maranhaotv.com.br\\\/#organization\"},\"potentialAction\":[{\"@type\":\"SearchAction\",\"target\":{\"@type\":\"EntryPoint\",\"urlTemplate\":\"https:\\\/\\\/maranhaotv.com.br\\\/?s={search_term_string}\"},\"query-input\":{\"@type\":\"PropertyValueSpecification\",\"valueRequired\":true,\"valueName\":\"search_term_string\"}}],\"inLanguage\":\"pt-BR\"},{\"@type\":\"Organization\",\"@id\":\"https:\\\/\\\/maranhaotv.com.br\\\/#organization\",\"name\":\"Portal de Not\u00edcias\",\"url\":\"https:\\\/\\\/maranhaotv.com.br\\\/\",\"logo\":{\"@type\":\"ImageObject\",\"inLanguage\":\"pt-BR\",\"@id\":\"https:\\\/\\\/maranhaotv.com.br\\\/#\\\/schema\\\/logo\\\/image\\\/\",\"url\":\"https:\\\/\\\/maranhaotv.com.br\\\/wp-content\\\/uploads\\\/2024\\\/05\\\/cropped-cropped-avatar-1.png\",\"contentUrl\":\"https:\\\/\\\/maranhaotv.com.br\\\/wp-content\\\/uploads\\\/2024\\\/05\\\/cropped-cropped-avatar-1.png\",\"width\":792,\"height\":428,\"caption\":\"Portal de Not\u00edcias\"},\"image\":{\"@id\":\"https:\\\/\\\/maranhaotv.com.br\\\/#\\\/schema\\\/logo\\\/image\\\/\"},\"sameAs\":[\"https:\\\/\\\/www.facebook.com\\\/maiobaotv\",\"https:\\\/\\\/x.com\\\/sitemaranhaotv\",\"https:\\\/\\\/www.instagram.com\\\/maranhao.tv\",\"https:\\\/\\\/www.threads.net\\\/@maranhao.tv\"]},{\"@type\":\"Person\",\"@id\":\"https:\\\/\\\/maranhaotv.com.br\\\/#\\\/schema\\\/person\\\/3d54238e86b20bb5c89ab2fdb8f8829a\",\"name\":\"maranhaotv\",\"image\":{\"@type\":\"ImageObject\",\"inLanguage\":\"pt-BR\",\"@id\":\"https:\\\/\\\/secure.gravatar.com\\\/avatar\\\/8fadbca458d4cb68b1dd399ae9a40618d747bb1af65ac9fad21c89220a143eb4?s=96&d=mm&r=g\",\"url\":\"https:\\\/\\\/secure.gravatar.com\\\/avatar\\\/8fadbca458d4cb68b1dd399ae9a40618d747bb1af65ac9fad21c89220a143eb4?s=96&d=mm&r=g\",\"contentUrl\":\"https:\\\/\\\/secure.gravatar.com\\\/avatar\\\/8fadbca458d4cb68b1dd399ae9a40618d747bb1af65ac9fad21c89220a143eb4?s=96&d=mm&r=g\",\"caption\":\"maranhaotv\"},\"sameAs\":[\"https:\\\/\\\/maranhaotv.com.br\\\/\"],\"url\":\"https:\\\/\\\/maranhaotv.com.br\\\/index.php\\\/author\\\/maranhaotv\\\/\"}]}<\/script>\n<!-- \/ Yoast SEO plugin. -->","yoast_head_json":{"title":"MP pede afastamento de vereadores envolvidos em caso de funcion\u00e1ria fantasma na C\u00e2mara de Vereadores - NOT\u00cdCIAS EM TEMPO REAL","robots":{"index":"index","follow":"follow","max-snippet":"max-snippet:-1","max-image-preview":"max-image-preview:large","max-video-preview":"max-video-preview:-1"},"canonical":"https:\/\/maranhaotv.com.br\/index.php\/2020\/01\/07\/mp-pede-afastamento-de-vereadores-envolvidos-em-caso-de-funcionaria-fantasma-na-camara-de-vereadores\/","og_locale":"pt_BR","og_type":"article","og_title":"MP pede afastamento de vereadores envolvidos em caso de funcion\u00e1ria fantasma na C\u00e2mara de Vereadores - NOT\u00cdCIAS EM TEMPO REAL","og_description":"Funcion\u00e1ria fantasma da C\u00e2mara de Vereadores de Barra do Corda \u00e9 acionada por improbidade administrativa Devido \u00e0 nomea\u00e7\u00e3o e manuten\u00e7\u00e3o","og_url":"https:\/\/maranhaotv.com.br\/index.php\/2020\/01\/07\/mp-pede-afastamento-de-vereadores-envolvidos-em-caso-de-funcionaria-fantasma-na-camara-de-vereadores\/","og_site_name":"NOT\u00cdCIAS EM TEMPO REAL","article_publisher":"https:\/\/www.facebook.com\/maiobaotv","article_published_time":"2020-01-07T14:39:41+00:00","author":"maranhaotv","twitter_card":"summary_large_image","twitter_creator":"@sitemaranhaotv","twitter_site":"@sitemaranhaotv","twitter_misc":{"Escrito por":"maranhaotv","Est. tempo de leitura":"3 minutos"},"schema":{"@context":"https:\/\/schema.org","@graph":[{"@type":"Article","@id":"https:\/\/maranhaotv.com.br\/index.php\/2020\/01\/07\/mp-pede-afastamento-de-vereadores-envolvidos-em-caso-de-funcionaria-fantasma-na-camara-de-vereadores\/#article","isPartOf":{"@id":"https:\/\/maranhaotv.com.br\/index.php\/2020\/01\/07\/mp-pede-afastamento-de-vereadores-envolvidos-em-caso-de-funcionaria-fantasma-na-camara-de-vereadores\/"},"author":{"name":"maranhaotv","@id":"https:\/\/maranhaotv.com.br\/#\/schema\/person\/3d54238e86b20bb5c89ab2fdb8f8829a"},"headline":"MP pede afastamento de vereadores envolvidos em caso de funcion\u00e1ria fantasma na C\u00e2mara de Vereadores","datePublished":"2020-01-07T14:39:41+00:00","mainEntityOfPage":{"@id":"https:\/\/maranhaotv.com.br\/index.php\/2020\/01\/07\/mp-pede-afastamento-de-vereadores-envolvidos-em-caso-de-funcionaria-fantasma-na-camara-de-vereadores\/"},"wordCount":689,"publisher":{"@id":"https:\/\/maranhaotv.com.br\/#organization"},"image":{"@id":"https:\/\/maranhaotv.com.br\/index.php\/2020\/01\/07\/mp-pede-afastamento-de-vereadores-envolvidos-em-caso-de-funcionaria-fantasma-na-camara-de-vereadores\/#primaryimage"},"thumbnailUrl":"","articleSection":["not\u00edcias","pol\u00edtica"],"inLanguage":"pt-BR"},{"@type":"WebPage","@id":"https:\/\/maranhaotv.com.br\/index.php\/2020\/01\/07\/mp-pede-afastamento-de-vereadores-envolvidos-em-caso-de-funcionaria-fantasma-na-camara-de-vereadores\/","url":"https:\/\/maranhaotv.com.br\/index.php\/2020\/01\/07\/mp-pede-afastamento-de-vereadores-envolvidos-em-caso-de-funcionaria-fantasma-na-camara-de-vereadores\/","name":"MP pede afastamento de vereadores envolvidos em caso de funcion\u00e1ria fantasma na C\u00e2mara de Vereadores - NOT\u00cdCIAS EM TEMPO REAL","isPartOf":{"@id":"https:\/\/maranhaotv.com.br\/#website"},"primaryImageOfPage":{"@id":"https:\/\/maranhaotv.com.br\/index.php\/2020\/01\/07\/mp-pede-afastamento-de-vereadores-envolvidos-em-caso-de-funcionaria-fantasma-na-camara-de-vereadores\/#primaryimage"},"image":{"@id":"https:\/\/maranhaotv.com.br\/index.php\/2020\/01\/07\/mp-pede-afastamento-de-vereadores-envolvidos-em-caso-de-funcionaria-fantasma-na-camara-de-vereadores\/#primaryimage"},"thumbnailUrl":"","datePublished":"2020-01-07T14:39:41+00:00","breadcrumb":{"@id":"https:\/\/maranhaotv.com.br\/index.php\/2020\/01\/07\/mp-pede-afastamento-de-vereadores-envolvidos-em-caso-de-funcionaria-fantasma-na-camara-de-vereadores\/#breadcrumb"},"inLanguage":"pt-BR","potentialAction":[{"@type":"ReadAction","target":["https:\/\/maranhaotv.com.br\/index.php\/2020\/01\/07\/mp-pede-afastamento-de-vereadores-envolvidos-em-caso-de-funcionaria-fantasma-na-camara-de-vereadores\/"]}]},{"@type":"ImageObject","inLanguage":"pt-BR","@id":"https:\/\/maranhaotv.com.br\/index.php\/2020\/01\/07\/mp-pede-afastamento-de-vereadores-envolvidos-em-caso-de-funcionaria-fantasma-na-camara-de-vereadores\/#primaryimage","url":"","contentUrl":""},{"@type":"BreadcrumbList","@id":"https:\/\/maranhaotv.com.br\/index.php\/2020\/01\/07\/mp-pede-afastamento-de-vereadores-envolvidos-em-caso-de-funcionaria-fantasma-na-camara-de-vereadores\/#breadcrumb","itemListElement":[{"@type":"ListItem","position":1,"name":"In\u00edcio","item":"https:\/\/maranhaotv.com.br\/"},{"@type":"ListItem","position":2,"name":"MP pede afastamento de vereadores envolvidos em caso de funcion\u00e1ria fantasma na C\u00e2mara de Vereadores"}]},{"@type":"WebSite","@id":"https:\/\/maranhaotv.com.br\/#website","url":"https:\/\/maranhaotv.com.br\/","name":"Maranh\u00e3oTV","description":"","publisher":{"@id":"https:\/\/maranhaotv.com.br\/#organization"},"potentialAction":[{"@type":"SearchAction","target":{"@type":"EntryPoint","urlTemplate":"https:\/\/maranhaotv.com.br\/?s={search_term_string}"},"query-input":{"@type":"PropertyValueSpecification","valueRequired":true,"valueName":"search_term_string"}}],"inLanguage":"pt-BR"},{"@type":"Organization","@id":"https:\/\/maranhaotv.com.br\/#organization","name":"Portal de Not\u00edcias","url":"https:\/\/maranhaotv.com.br\/","logo":{"@type":"ImageObject","inLanguage":"pt-BR","@id":"https:\/\/maranhaotv.com.br\/#\/schema\/logo\/image\/","url":"https:\/\/maranhaotv.com.br\/wp-content\/uploads\/2024\/05\/cropped-cropped-avatar-1.png","contentUrl":"https:\/\/maranhaotv.com.br\/wp-content\/uploads\/2024\/05\/cropped-cropped-avatar-1.png","width":792,"height":428,"caption":"Portal de Not\u00edcias"},"image":{"@id":"https:\/\/maranhaotv.com.br\/#\/schema\/logo\/image\/"},"sameAs":["https:\/\/www.facebook.com\/maiobaotv","https:\/\/x.com\/sitemaranhaotv","https:\/\/www.instagram.com\/maranhao.tv","https:\/\/www.threads.net\/@maranhao.tv"]},{"@type":"Person","@id":"https:\/\/maranhaotv.com.br\/#\/schema\/person\/3d54238e86b20bb5c89ab2fdb8f8829a","name":"maranhaotv","image":{"@type":"ImageObject","inLanguage":"pt-BR","@id":"https:\/\/secure.gravatar.com\/avatar\/8fadbca458d4cb68b1dd399ae9a40618d747bb1af65ac9fad21c89220a143eb4?s=96&d=mm&r=g","url":"https:\/\/secure.gravatar.com\/avatar\/8fadbca458d4cb68b1dd399ae9a40618d747bb1af65ac9fad21c89220a143eb4?s=96&d=mm&r=g","contentUrl":"https:\/\/secure.gravatar.com\/avatar\/8fadbca458d4cb68b1dd399ae9a40618d747bb1af65ac9fad21c89220a143eb4?s=96&d=mm&r=g","caption":"maranhaotv"},"sameAs":["https:\/\/maranhaotv.com.br\/"],"url":"https:\/\/maranhaotv.com.br\/index.php\/author\/maranhaotv\/"}]}},"jetpack_featured_media_url":"","jetpack_sharing_enabled":true,"_links":{"self":[{"href":"https:\/\/maranhaotv.com.br\/index.php\/wp-json\/wp\/v2\/posts\/8735","targetHints":{"allow":["GET"]}}],"collection":[{"href":"https:\/\/maranhaotv.com.br\/index.php\/wp-json\/wp\/v2\/posts"}],"about":[{"href":"https:\/\/maranhaotv.com.br\/index.php\/wp-json\/wp\/v2\/types\/post"}],"author":[{"embeddable":true,"href":"https:\/\/maranhaotv.com.br\/index.php\/wp-json\/wp\/v2\/users\/2"}],"replies":[{"embeddable":true,"href":"https:\/\/maranhaotv.com.br\/index.php\/wp-json\/wp\/v2\/comments?post=8735"}],"version-history":[{"count":0,"href":"https:\/\/maranhaotv.com.br\/index.php\/wp-json\/wp\/v2\/posts\/8735\/revisions"}],"wp:featuredmedia":[{"embeddable":true,"href":"https:\/\/maranhaotv.com.br\/index.php\/wp-json\/"}],"wp:attachment":[{"href":"https:\/\/maranhaotv.com.br\/index.php\/wp-json\/wp\/v2\/media?parent=8735"}],"wp:term":[{"taxonomy":"category","embeddable":true,"href":"https:\/\/maranhaotv.com.br\/index.php\/wp-json\/wp\/v2\/categories?post=8735"},{"taxonomy":"post_tag","embeddable":true,"href":"https:\/\/maranhaotv.com.br\/index.php\/wp-json\/wp\/v2\/tags?post=8735"}],"curies":[{"name":"wp","href":"https:\/\/api.w.org\/{rel}","templated":true}]}}