{"id":8739,"date":"2020-01-07T16:50:35","date_gmt":"2020-01-07T19:50:35","guid":{"rendered":"https:\/\/maiobaotv.com.br\/?p=8739"},"modified":"2020-01-07T16:50:35","modified_gmt":"2020-01-07T19:50:35","slug":"fiscalizacao-deve-aumentar-em-blocos-de-pre-carnaval-irregulares-em-paco-do-lumiar","status":"publish","type":"post","link":"https:\/\/maranhaotv.com.br\/index.php\/2020\/01\/07\/fiscalizacao-deve-aumentar-em-blocos-de-pre-carnaval-irregulares-em-paco-do-lumiar\/","title":{"rendered":"Fiscaliza\u00e7\u00e3o deve aumentar em Blocos de pr\u00e9-carnaval irregulares em Pa\u00e7o do Lumiar"},"content":{"rendered":"<p>\u00d3rg\u00e3os fiscalizadores estar\u00e3o realizando uma for\u00e7a tarefa em blocos nos bairros de toda regi\u00e3o metropolitana. Os que estiverem sem alvar\u00e1 de funcionamento, estar\u00e3o irregulares e n\u00e3o poderiam funcionar.<\/p>\n<p>Devido os blocos de rua, serem aglomera\u00e7\u00f5es de pessoas que normalmente param ruas, desviam o sentido do tr\u00e2nsito dentre outras altera\u00e7\u00f5es, h\u00e1 a necessidade de uma autoriza\u00e7\u00e3o para isso, pois o espa\u00e7o \u00e9 p\u00fablico e isso ir\u00e1 afetar a normalidade daquele espa\u00e7o.<\/p>\n<p>O assunto \u00e9 t\u00e3o importante que inviabilizou a realiza\u00e7\u00e3o de um bloco no \u00faltimo domingo (5), no bairro Maiob\u00e3o. Sobre a documenta\u00e7\u00e3o de licen\u00e7as necess\u00e1rias, estas podem variar de acordo com a localidade e a legisla\u00e7\u00e3o vigente.<\/p>\n<p>No caso espec\u00edfico do Maiob\u00e3o, \u00e9 mais agravante, pois existe uma via p\u00fablica, isolada para cobrar ingressos aos participantes. Sem falar dos transtornos com o lixo, e demais res\u00edduos que s\u00e3o acumulados por dias. Nesse caso, cabe \u00e0 organiza\u00e7\u00e3o arcar com a limpeza do local. Estes foram um dos motivos para o impedimento do carnaval fora de \u00e9poca, Mara Folia ter sido impedido de ser feito na Avenida Litor\u00e2nea em S\u00e3o Lu\u00eds.<\/p>\n<p>Por isso os blocos devem tomar todas as precau\u00e7\u00f5es poss\u00edveis para evitar esse constrangimento aos foli\u00f5es que os frequentarem. Sobre o encerramento da festa antes do per\u00edodo especulado, cabe aos foli\u00f5es exigirem a devolu\u00e7\u00e3o do dinheiro pago na bilheteira, se esse for o caso.<\/p>\n<p><img loading=\"lazy\" decoding=\"async\" src=\"https:\/\/maiobaotv.com.br\/wp-content\/uploads\/2020\/01\/img-20200107-wa01995969804154653833501.jpg\" class=\"wp-image-8738 alignnone size-full\" width=\"1077\" height=\"767\"><\/p>\n","protected":false},"excerpt":{"rendered":"<p>\u00d3rg\u00e3os fiscalizadores estar\u00e3o realizando uma for\u00e7a tarefa em blocos nos bairros de toda regi\u00e3o metropolitana. Os que estiverem sem alvar\u00e1<\/p>\n","protected":false},"author":2,"featured_media":8740,"comment_status":"closed","ping_status":"closed","sticky":false,"template":"","format":"standard","meta":{"colormag_page_container_layout":"default_layout","colormag_page_sidebar_layout":"default_layout","_jetpack_memberships_contains_paid_content":false,"footnotes":""},"categories":[2],"tags":[],"class_list":["post-8739","post","type-post","status-publish","format-standard","has-post-thumbnail","hentry","category-noticias"],"magazineBlocksPostFeaturedMedia":{"thumbnail":false,"medium":false,"medium_large":false,"large":false,"1536x1536":false,"2048x2048":false,"colormag-highlighted-post":false,"colormag-featured-post-medium":false,"colormag-featured-post-small":false,"colormag-featured-image":false,"colormag-default-news":false,"colormag-featured-image-large":false},"magazineBlocksPostAuthor":{"name":"maranhaotv","avatar":"https:\/\/secure.gravatar.com\/avatar\/8fadbca458d4cb68b1dd399ae9a40618d747bb1af65ac9fad21c89220a143eb4?s=96&d=mm&r=g"},"magazineBlocksPostCommentsNumber":false,"magazineBlocksPostExcerpt":"\u00d3rg\u00e3os fiscalizadores estar\u00e3o realizando uma for\u00e7a tarefa em blocos nos bairros de toda regi\u00e3o metropolitana. Os que estiverem sem alvar\u00e1","magazineBlocksPostCategories":["not\u00edcias"],"magazineBlocksPostViewCount":190,"magazineBlocksPostReadTime":2,"magazine_blocks_featured_image_url":{"full":false,"medium":false,"thumbnail":false},"magazine_blocks_author":{"display_name":"maranhaotv","author_link":"https:\/\/maranhaotv.com.br\/index.php\/author\/maranhaotv\/"},"magazine_blocks_comment":0,"magazine_blocks_author_image":"https:\/\/secure.gravatar.com\/avatar\/8fadbca458d4cb68b1dd399ae9a40618d747bb1af65ac9fad21c89220a143eb4?s=96&d=mm&r=g","magazine_blocks_category":"<a href=\"#\" class=\"category-link category-link-2\">not\u00edcias<\/a>","yoast_head":"<!-- This site is optimized with the Yoast SEO plugin v27.4 - https:\/\/yoast.com\/product\/yoast-seo-wordpress\/ -->\n<title>Fiscaliza\u00e7\u00e3o deve aumentar em Blocos de pr\u00e9-carnaval irregulares em Pa\u00e7o do Lumiar - NOT\u00cdCIAS EM TEMPO REAL<\/title>\n<meta name=\"robots\" content=\"index, follow, max-snippet:-1, max-image-preview:large, max-video-preview:-1\" \/>\n<link rel=\"canonical\" href=\"https:\/\/maranhaotv.com.br\/index.php\/2020\/01\/07\/fiscalizacao-deve-aumentar-em-blocos-de-pre-carnaval-irregulares-em-paco-do-lumiar\/\" \/>\n<meta property=\"og:locale\" content=\"pt_BR\" \/>\n<meta property=\"og:type\" content=\"article\" \/>\n<meta property=\"og:title\" content=\"Fiscaliza\u00e7\u00e3o deve aumentar em Blocos de pr\u00e9-carnaval irregulares em Pa\u00e7o do Lumiar - NOT\u00cdCIAS EM TEMPO REAL\" \/>\n<meta property=\"og:description\" content=\"\u00d3rg\u00e3os fiscalizadores estar\u00e3o realizando uma for\u00e7a tarefa em blocos nos bairros de toda regi\u00e3o metropolitana. Os que estiverem sem alvar\u00e1\" \/>\n<meta property=\"og:url\" content=\"https:\/\/maranhaotv.com.br\/index.php\/2020\/01\/07\/fiscalizacao-deve-aumentar-em-blocos-de-pre-carnaval-irregulares-em-paco-do-lumiar\/\" \/>\n<meta property=\"og:site_name\" content=\"NOT\u00cdCIAS EM TEMPO REAL\" \/>\n<meta property=\"article:publisher\" content=\"https:\/\/www.facebook.com\/maiobaotv\" \/>\n<meta property=\"article:published_time\" content=\"2020-01-07T19:50:35+00:00\" \/>\n<meta name=\"author\" content=\"maranhaotv\" \/>\n<meta name=\"twitter:card\" content=\"summary_large_image\" \/>\n<meta name=\"twitter:creator\" content=\"@sitemaranhaotv\" \/>\n<meta name=\"twitter:site\" content=\"@sitemaranhaotv\" \/>\n<meta name=\"twitter:label1\" content=\"Escrito por\" \/>\n\t<meta name=\"twitter:data1\" content=\"maranhaotv\" \/>\n\t<meta name=\"twitter:label2\" content=\"Est. tempo de leitura\" \/>\n\t<meta name=\"twitter:data2\" content=\"1 minuto\" \/>\n<script type=\"application\/ld+json\" class=\"yoast-schema-graph\">{\"@context\":\"https:\\\/\\\/schema.org\",\"@graph\":[{\"@type\":\"Article\",\"@id\":\"https:\\\/\\\/maranhaotv.com.br\\\/index.php\\\/2020\\\/01\\\/07\\\/fiscalizacao-deve-aumentar-em-blocos-de-pre-carnaval-irregulares-em-paco-do-lumiar\\\/#article\",\"isPartOf\":{\"@id\":\"https:\\\/\\\/maranhaotv.com.br\\\/index.php\\\/2020\\\/01\\\/07\\\/fiscalizacao-deve-aumentar-em-blocos-de-pre-carnaval-irregulares-em-paco-do-lumiar\\\/\"},\"author\":{\"name\":\"maranhaotv\",\"@id\":\"https:\\\/\\\/maranhaotv.com.br\\\/#\\\/schema\\\/person\\\/3d54238e86b20bb5c89ab2fdb8f8829a\"},\"headline\":\"Fiscaliza\u00e7\u00e3o deve aumentar em Blocos de pr\u00e9-carnaval irregulares em Pa\u00e7o do Lumiar\",\"datePublished\":\"2020-01-07T19:50:35+00:00\",\"mainEntityOfPage\":{\"@id\":\"https:\\\/\\\/maranhaotv.com.br\\\/index.php\\\/2020\\\/01\\\/07\\\/fiscalizacao-deve-aumentar-em-blocos-de-pre-carnaval-irregulares-em-paco-do-lumiar\\\/\"},\"wordCount\":268,\"publisher\":{\"@id\":\"https:\\\/\\\/maranhaotv.com.br\\\/#organization\"},\"image\":{\"@id\":\"https:\\\/\\\/maranhaotv.com.br\\\/index.php\\\/2020\\\/01\\\/07\\\/fiscalizacao-deve-aumentar-em-blocos-de-pre-carnaval-irregulares-em-paco-do-lumiar\\\/#primaryimage\"},\"thumbnailUrl\":\"\",\"articleSection\":[\"not\u00edcias\"],\"inLanguage\":\"pt-BR\"},{\"@type\":\"WebPage\",\"@id\":\"https:\\\/\\\/maranhaotv.com.br\\\/index.php\\\/2020\\\/01\\\/07\\\/fiscalizacao-deve-aumentar-em-blocos-de-pre-carnaval-irregulares-em-paco-do-lumiar\\\/\",\"url\":\"https:\\\/\\\/maranhaotv.com.br\\\/index.php\\\/2020\\\/01\\\/07\\\/fiscalizacao-deve-aumentar-em-blocos-de-pre-carnaval-irregulares-em-paco-do-lumiar\\\/\",\"name\":\"Fiscaliza\u00e7\u00e3o deve aumentar em Blocos de pr\u00e9-carnaval irregulares em Pa\u00e7o do Lumiar - NOT\u00cdCIAS EM TEMPO REAL\",\"isPartOf\":{\"@id\":\"https:\\\/\\\/maranhaotv.com.br\\\/#website\"},\"primaryImageOfPage\":{\"@id\":\"https:\\\/\\\/maranhaotv.com.br\\\/index.php\\\/2020\\\/01\\\/07\\\/fiscalizacao-deve-aumentar-em-blocos-de-pre-carnaval-irregulares-em-paco-do-lumiar\\\/#primaryimage\"},\"image\":{\"@id\":\"https:\\\/\\\/maranhaotv.com.br\\\/index.php\\\/2020\\\/01\\\/07\\\/fiscalizacao-deve-aumentar-em-blocos-de-pre-carnaval-irregulares-em-paco-do-lumiar\\\/#primaryimage\"},\"thumbnailUrl\":\"\",\"datePublished\":\"2020-01-07T19:50:35+00:00\",\"breadcrumb\":{\"@id\":\"https:\\\/\\\/maranhaotv.com.br\\\/index.php\\\/2020\\\/01\\\/07\\\/fiscalizacao-deve-aumentar-em-blocos-de-pre-carnaval-irregulares-em-paco-do-lumiar\\\/#breadcrumb\"},\"inLanguage\":\"pt-BR\",\"potentialAction\":[{\"@type\":\"ReadAction\",\"target\":[\"https:\\\/\\\/maranhaotv.com.br\\\/index.php\\\/2020\\\/01\\\/07\\\/fiscalizacao-deve-aumentar-em-blocos-de-pre-carnaval-irregulares-em-paco-do-lumiar\\\/\"]}]},{\"@type\":\"ImageObject\",\"inLanguage\":\"pt-BR\",\"@id\":\"https:\\\/\\\/maranhaotv.com.br\\\/index.php\\\/2020\\\/01\\\/07\\\/fiscalizacao-deve-aumentar-em-blocos-de-pre-carnaval-irregulares-em-paco-do-lumiar\\\/#primaryimage\",\"url\":\"\",\"contentUrl\":\"\"},{\"@type\":\"BreadcrumbList\",\"@id\":\"https:\\\/\\\/maranhaotv.com.br\\\/index.php\\\/2020\\\/01\\\/07\\\/fiscalizacao-deve-aumentar-em-blocos-de-pre-carnaval-irregulares-em-paco-do-lumiar\\\/#breadcrumb\",\"itemListElement\":[{\"@type\":\"ListItem\",\"position\":1,\"name\":\"In\u00edcio\",\"item\":\"https:\\\/\\\/maranhaotv.com.br\\\/\"},{\"@type\":\"ListItem\",\"position\":2,\"name\":\"Fiscaliza\u00e7\u00e3o deve aumentar em Blocos de pr\u00e9-carnaval irregulares em Pa\u00e7o do Lumiar\"}]},{\"@type\":\"WebSite\",\"@id\":\"https:\\\/\\\/maranhaotv.com.br\\\/#website\",\"url\":\"https:\\\/\\\/maranhaotv.com.br\\\/\",\"name\":\"Maranh\u00e3oTV\",\"description\":\"\",\"publisher\":{\"@id\":\"https:\\\/\\\/maranhaotv.com.br\\\/#organization\"},\"potentialAction\":[{\"@type\":\"SearchAction\",\"target\":{\"@type\":\"EntryPoint\",\"urlTemplate\":\"https:\\\/\\\/maranhaotv.com.br\\\/?s={search_term_string}\"},\"query-input\":{\"@type\":\"PropertyValueSpecification\",\"valueRequired\":true,\"valueName\":\"search_term_string\"}}],\"inLanguage\":\"pt-BR\"},{\"@type\":\"Organization\",\"@id\":\"https:\\\/\\\/maranhaotv.com.br\\\/#organization\",\"name\":\"Portal de Not\u00edcias\",\"url\":\"https:\\\/\\\/maranhaotv.com.br\\\/\",\"logo\":{\"@type\":\"ImageObject\",\"inLanguage\":\"pt-BR\",\"@id\":\"https:\\\/\\\/maranhaotv.com.br\\\/#\\\/schema\\\/logo\\\/image\\\/\",\"url\":\"https:\\\/\\\/maranhaotv.com.br\\\/wp-content\\\/uploads\\\/2024\\\/05\\\/cropped-cropped-avatar-1.png\",\"contentUrl\":\"https:\\\/\\\/maranhaotv.com.br\\\/wp-content\\\/uploads\\\/2024\\\/05\\\/cropped-cropped-avatar-1.png\",\"width\":792,\"height\":428,\"caption\":\"Portal de Not\u00edcias\"},\"image\":{\"@id\":\"https:\\\/\\\/maranhaotv.com.br\\\/#\\\/schema\\\/logo\\\/image\\\/\"},\"sameAs\":[\"https:\\\/\\\/www.facebook.com\\\/maiobaotv\",\"https:\\\/\\\/x.com\\\/sitemaranhaotv\",\"https:\\\/\\\/www.instagram.com\\\/maranhao.tv\",\"https:\\\/\\\/www.threads.net\\\/@maranhao.tv\"]},{\"@type\":\"Person\",\"@id\":\"https:\\\/\\\/maranhaotv.com.br\\\/#\\\/schema\\\/person\\\/3d54238e86b20bb5c89ab2fdb8f8829a\",\"name\":\"maranhaotv\",\"image\":{\"@type\":\"ImageObject\",\"inLanguage\":\"pt-BR\",\"@id\":\"https:\\\/\\\/secure.gravatar.com\\\/avatar\\\/8fadbca458d4cb68b1dd399ae9a40618d747bb1af65ac9fad21c89220a143eb4?s=96&d=mm&r=g\",\"url\":\"https:\\\/\\\/secure.gravatar.com\\\/avatar\\\/8fadbca458d4cb68b1dd399ae9a40618d747bb1af65ac9fad21c89220a143eb4?s=96&d=mm&r=g\",\"contentUrl\":\"https:\\\/\\\/secure.gravatar.com\\\/avatar\\\/8fadbca458d4cb68b1dd399ae9a40618d747bb1af65ac9fad21c89220a143eb4?s=96&d=mm&r=g\",\"caption\":\"maranhaotv\"},\"sameAs\":[\"https:\\\/\\\/maranhaotv.com.br\\\/\"],\"url\":\"https:\\\/\\\/maranhaotv.com.br\\\/index.php\\\/author\\\/maranhaotv\\\/\"}]}<\/script>\n<!-- \/ Yoast SEO plugin. -->","yoast_head_json":{"title":"Fiscaliza\u00e7\u00e3o deve aumentar em Blocos de pr\u00e9-carnaval irregulares em Pa\u00e7o do Lumiar - NOT\u00cdCIAS EM TEMPO REAL","robots":{"index":"index","follow":"follow","max-snippet":"max-snippet:-1","max-image-preview":"max-image-preview:large","max-video-preview":"max-video-preview:-1"},"canonical":"https:\/\/maranhaotv.com.br\/index.php\/2020\/01\/07\/fiscalizacao-deve-aumentar-em-blocos-de-pre-carnaval-irregulares-em-paco-do-lumiar\/","og_locale":"pt_BR","og_type":"article","og_title":"Fiscaliza\u00e7\u00e3o deve aumentar em Blocos de pr\u00e9-carnaval irregulares em Pa\u00e7o do Lumiar - NOT\u00cdCIAS EM TEMPO REAL","og_description":"\u00d3rg\u00e3os fiscalizadores estar\u00e3o realizando uma for\u00e7a tarefa em blocos nos bairros de toda regi\u00e3o metropolitana. Os que estiverem sem alvar\u00e1","og_url":"https:\/\/maranhaotv.com.br\/index.php\/2020\/01\/07\/fiscalizacao-deve-aumentar-em-blocos-de-pre-carnaval-irregulares-em-paco-do-lumiar\/","og_site_name":"NOT\u00cdCIAS EM TEMPO REAL","article_publisher":"https:\/\/www.facebook.com\/maiobaotv","article_published_time":"2020-01-07T19:50:35+00:00","author":"maranhaotv","twitter_card":"summary_large_image","twitter_creator":"@sitemaranhaotv","twitter_site":"@sitemaranhaotv","twitter_misc":{"Escrito por":"maranhaotv","Est. tempo de leitura":"1 minuto"},"schema":{"@context":"https:\/\/schema.org","@graph":[{"@type":"Article","@id":"https:\/\/maranhaotv.com.br\/index.php\/2020\/01\/07\/fiscalizacao-deve-aumentar-em-blocos-de-pre-carnaval-irregulares-em-paco-do-lumiar\/#article","isPartOf":{"@id":"https:\/\/maranhaotv.com.br\/index.php\/2020\/01\/07\/fiscalizacao-deve-aumentar-em-blocos-de-pre-carnaval-irregulares-em-paco-do-lumiar\/"},"author":{"name":"maranhaotv","@id":"https:\/\/maranhaotv.com.br\/#\/schema\/person\/3d54238e86b20bb5c89ab2fdb8f8829a"},"headline":"Fiscaliza\u00e7\u00e3o deve aumentar em Blocos de pr\u00e9-carnaval irregulares em Pa\u00e7o do Lumiar","datePublished":"2020-01-07T19:50:35+00:00","mainEntityOfPage":{"@id":"https:\/\/maranhaotv.com.br\/index.php\/2020\/01\/07\/fiscalizacao-deve-aumentar-em-blocos-de-pre-carnaval-irregulares-em-paco-do-lumiar\/"},"wordCount":268,"publisher":{"@id":"https:\/\/maranhaotv.com.br\/#organization"},"image":{"@id":"https:\/\/maranhaotv.com.br\/index.php\/2020\/01\/07\/fiscalizacao-deve-aumentar-em-blocos-de-pre-carnaval-irregulares-em-paco-do-lumiar\/#primaryimage"},"thumbnailUrl":"","articleSection":["not\u00edcias"],"inLanguage":"pt-BR"},{"@type":"WebPage","@id":"https:\/\/maranhaotv.com.br\/index.php\/2020\/01\/07\/fiscalizacao-deve-aumentar-em-blocos-de-pre-carnaval-irregulares-em-paco-do-lumiar\/","url":"https:\/\/maranhaotv.com.br\/index.php\/2020\/01\/07\/fiscalizacao-deve-aumentar-em-blocos-de-pre-carnaval-irregulares-em-paco-do-lumiar\/","name":"Fiscaliza\u00e7\u00e3o deve aumentar em Blocos de pr\u00e9-carnaval irregulares em Pa\u00e7o do Lumiar - NOT\u00cdCIAS EM TEMPO REAL","isPartOf":{"@id":"https:\/\/maranhaotv.com.br\/#website"},"primaryImageOfPage":{"@id":"https:\/\/maranhaotv.com.br\/index.php\/2020\/01\/07\/fiscalizacao-deve-aumentar-em-blocos-de-pre-carnaval-irregulares-em-paco-do-lumiar\/#primaryimage"},"image":{"@id":"https:\/\/maranhaotv.com.br\/index.php\/2020\/01\/07\/fiscalizacao-deve-aumentar-em-blocos-de-pre-carnaval-irregulares-em-paco-do-lumiar\/#primaryimage"},"thumbnailUrl":"","datePublished":"2020-01-07T19:50:35+00:00","breadcrumb":{"@id":"https:\/\/maranhaotv.com.br\/index.php\/2020\/01\/07\/fiscalizacao-deve-aumentar-em-blocos-de-pre-carnaval-irregulares-em-paco-do-lumiar\/#breadcrumb"},"inLanguage":"pt-BR","potentialAction":[{"@type":"ReadAction","target":["https:\/\/maranhaotv.com.br\/index.php\/2020\/01\/07\/fiscalizacao-deve-aumentar-em-blocos-de-pre-carnaval-irregulares-em-paco-do-lumiar\/"]}]},{"@type":"ImageObject","inLanguage":"pt-BR","@id":"https:\/\/maranhaotv.com.br\/index.php\/2020\/01\/07\/fiscalizacao-deve-aumentar-em-blocos-de-pre-carnaval-irregulares-em-paco-do-lumiar\/#primaryimage","url":"","contentUrl":""},{"@type":"BreadcrumbList","@id":"https:\/\/maranhaotv.com.br\/index.php\/2020\/01\/07\/fiscalizacao-deve-aumentar-em-blocos-de-pre-carnaval-irregulares-em-paco-do-lumiar\/#breadcrumb","itemListElement":[{"@type":"ListItem","position":1,"name":"In\u00edcio","item":"https:\/\/maranhaotv.com.br\/"},{"@type":"ListItem","position":2,"name":"Fiscaliza\u00e7\u00e3o deve aumentar em Blocos de pr\u00e9-carnaval irregulares em Pa\u00e7o do Lumiar"}]},{"@type":"WebSite","@id":"https:\/\/maranhaotv.com.br\/#website","url":"https:\/\/maranhaotv.com.br\/","name":"Maranh\u00e3oTV","description":"","publisher":{"@id":"https:\/\/maranhaotv.com.br\/#organization"},"potentialAction":[{"@type":"SearchAction","target":{"@type":"EntryPoint","urlTemplate":"https:\/\/maranhaotv.com.br\/?s={search_term_string}"},"query-input":{"@type":"PropertyValueSpecification","valueRequired":true,"valueName":"search_term_string"}}],"inLanguage":"pt-BR"},{"@type":"Organization","@id":"https:\/\/maranhaotv.com.br\/#organization","name":"Portal de Not\u00edcias","url":"https:\/\/maranhaotv.com.br\/","logo":{"@type":"ImageObject","inLanguage":"pt-BR","@id":"https:\/\/maranhaotv.com.br\/#\/schema\/logo\/image\/","url":"https:\/\/maranhaotv.com.br\/wp-content\/uploads\/2024\/05\/cropped-cropped-avatar-1.png","contentUrl":"https:\/\/maranhaotv.com.br\/wp-content\/uploads\/2024\/05\/cropped-cropped-avatar-1.png","width":792,"height":428,"caption":"Portal de Not\u00edcias"},"image":{"@id":"https:\/\/maranhaotv.com.br\/#\/schema\/logo\/image\/"},"sameAs":["https:\/\/www.facebook.com\/maiobaotv","https:\/\/x.com\/sitemaranhaotv","https:\/\/www.instagram.com\/maranhao.tv","https:\/\/www.threads.net\/@maranhao.tv"]},{"@type":"Person","@id":"https:\/\/maranhaotv.com.br\/#\/schema\/person\/3d54238e86b20bb5c89ab2fdb8f8829a","name":"maranhaotv","image":{"@type":"ImageObject","inLanguage":"pt-BR","@id":"https:\/\/secure.gravatar.com\/avatar\/8fadbca458d4cb68b1dd399ae9a40618d747bb1af65ac9fad21c89220a143eb4?s=96&d=mm&r=g","url":"https:\/\/secure.gravatar.com\/avatar\/8fadbca458d4cb68b1dd399ae9a40618d747bb1af65ac9fad21c89220a143eb4?s=96&d=mm&r=g","contentUrl":"https:\/\/secure.gravatar.com\/avatar\/8fadbca458d4cb68b1dd399ae9a40618d747bb1af65ac9fad21c89220a143eb4?s=96&d=mm&r=g","caption":"maranhaotv"},"sameAs":["https:\/\/maranhaotv.com.br\/"],"url":"https:\/\/maranhaotv.com.br\/index.php\/author\/maranhaotv\/"}]}},"jetpack_featured_media_url":"","jetpack_sharing_enabled":true,"_links":{"self":[{"href":"https:\/\/maranhaotv.com.br\/index.php\/wp-json\/wp\/v2\/posts\/8739","targetHints":{"allow":["GET"]}}],"collection":[{"href":"https:\/\/maranhaotv.com.br\/index.php\/wp-json\/wp\/v2\/posts"}],"about":[{"href":"https:\/\/maranhaotv.com.br\/index.php\/wp-json\/wp\/v2\/types\/post"}],"author":[{"embeddable":true,"href":"https:\/\/maranhaotv.com.br\/index.php\/wp-json\/wp\/v2\/users\/2"}],"replies":[{"embeddable":true,"href":"https:\/\/maranhaotv.com.br\/index.php\/wp-json\/wp\/v2\/comments?post=8739"}],"version-history":[{"count":0,"href":"https:\/\/maranhaotv.com.br\/index.php\/wp-json\/wp\/v2\/posts\/8739\/revisions"}],"wp:featuredmedia":[{"embeddable":true,"href":"https:\/\/maranhaotv.com.br\/index.php\/wp-json\/"}],"wp:attachment":[{"href":"https:\/\/maranhaotv.com.br\/index.php\/wp-json\/wp\/v2\/media?parent=8739"}],"wp:term":[{"taxonomy":"category","embeddable":true,"href":"https:\/\/maranhaotv.com.br\/index.php\/wp-json\/wp\/v2\/categories?post=8739"},{"taxonomy":"post_tag","embeddable":true,"href":"https:\/\/maranhaotv.com.br\/index.php\/wp-json\/wp\/v2\/tags?post=8739"}],"curies":[{"name":"wp","href":"https:\/\/api.w.org\/{rel}","templated":true}]}}