{"id":8757,"date":"2020-01-08T11:04:56","date_gmt":"2020-01-08T14:04:56","guid":{"rendered":"https:\/\/maiobaotv.com.br\/?p=8757"},"modified":"2020-01-08T11:04:56","modified_gmt":"2020-01-08T14:04:56","slug":"motorista-e-baleado-e-assaltado-em-campo-de-peris-ma","status":"publish","type":"post","link":"https:\/\/maranhaotv.com.br\/index.php\/2020\/01\/08\/motorista-e-baleado-e-assaltado-em-campo-de-peris-ma\/","title":{"rendered":"Motorista \u00e9 baleado e assaltado em Campo de Peris\/MA"},"content":{"rendered":"<h5>Ap\u00f3s pane mec\u00e2nica em caminhonete, um dos assaltantes atirou contra o condutor, que ficou gravemente ferido e morreu no hospital em S\u00e3o Lu\u00eds<br \/>\n<\/h5>\n<p>No final da noite de ter\u00e7a-feira, 07 de janeiro, no km 27, sentido decrescente da BR-135, na localidade Campo de Peris, munic\u00edpio de Bacabeira, norte do Maranh\u00e3o, ocorreu um assalto aos ocupantes de uma caminhonete Frontier, de cor branca, placas de Minas Gerais, ap\u00f3s esta ter sofrido pane mec\u00e2nica.<\/p>\n<p>As primeiras informa\u00e7\u00f5es d\u00e3o conta que quatro elementos abordaram o condutor quando este desceu da caminhonete. Ele viajava da regi\u00e3o tocantina para S\u00e3o Lu\u00eds com a esposa, uma filha e uma neta. A v\u00edtima, identificada como Jos\u00e9 Antonio Saraiva, foi levada para a UPA do Maracan\u00e3, onde n\u00e3o resistiu aos ferimentos e faleceu.<\/p>\n<p>Os demais ocupantes da caminhonete nada sofreram. Os assaltantes levaram malas e celulares das v\u00edtimas.A PRF e a Pol\u00edcia Militar foram acionadas e fizeram buscas na regi\u00e3o, mas n\u00e3o conseguiram localizar os assaltantes. As investiga\u00e7\u00f5es visando a identifica\u00e7\u00e3o e pris\u00e3o dos mesmos j\u00e1 come\u00e7aram.<\/p>\n<h5>\n<img loading=\"lazy\" decoding=\"async\" class=\"alignnone size-full wp-image-8756\" src=\"https:\/\/maiobaotv.com.br\/wp-content\/uploads\/2020\/01\/img_20200108_091643_0531805892365962622512.jpg\" width=\"1440\" height=\"792\"><div style=\"width: 640px;\" class=\"wp-video\"><video class=\"size-full\" id=\"video-8757-1\" width=\"640\" height=\"360\" preload=\"metadata\" controls=\"controls\"><source type=\"video\/mp4\" src=\"https:\/\/maiobaotv.com.br\/wp-content\/uploads\/2020\/01\/VID_486920330_122406_415.mp4?_=1\" \/><a href=\"https:\/\/maiobaotv.com.br\/wp-content\/uploads\/2020\/01\/VID_486920330_122406_415.mp4\">https:\/\/maiobaotv.com.br\/wp-content\/uploads\/2020\/01\/VID_486920330_122406_415.mp4<\/a><\/video><\/div><\/h5>\n<p>Fonte: PRF<\/p>\n","protected":false},"excerpt":{"rendered":"<p>Ap\u00f3s pane mec\u00e2nica em caminhonete, um dos assaltantes atirou contra o condutor, que ficou gravemente ferido e morreu no hospital<\/p>\n","protected":false},"author":2,"featured_media":8759,"comment_status":"closed","ping_status":"closed","sticky":false,"template":"","format":"standard","meta":{"colormag_page_container_layout":"default_layout","colormag_page_sidebar_layout":"default_layout","_jetpack_memberships_contains_paid_content":false,"footnotes":""},"categories":[2],"tags":[24,25],"class_list":["post-8757","post","type-post","status-publish","format-standard","has-post-thumbnail","hentry","category-noticias","tag-campo-de-peris","tag-prf"],"magazineBlocksPostFeaturedMedia":{"thumbnail":false,"medium":false,"medium_large":false,"large":false,"1536x1536":false,"2048x2048":false,"colormag-highlighted-post":false,"colormag-featured-post-medium":false,"colormag-featured-post-small":false,"colormag-featured-image":false,"colormag-default-news":false,"colormag-featured-image-large":false},"magazineBlocksPostAuthor":{"name":"maranhaotv","avatar":"https:\/\/secure.gravatar.com\/avatar\/8fadbca458d4cb68b1dd399ae9a40618d747bb1af65ac9fad21c89220a143eb4?s=96&d=mm&r=g"},"magazineBlocksPostCommentsNumber":false,"magazineBlocksPostExcerpt":"Ap\u00f3s pane mec\u00e2nica em caminhonete, um dos assaltantes atirou contra o condutor, que ficou gravemente ferido e morreu no hospital","magazineBlocksPostCategories":["not\u00edcias"],"magazineBlocksPostViewCount":167,"magazineBlocksPostReadTime":2,"magazine_blocks_featured_image_url":{"full":false,"medium":false,"thumbnail":false},"magazine_blocks_author":{"display_name":"maranhaotv","author_link":"https:\/\/maranhaotv.com.br\/index.php\/author\/maranhaotv\/"},"magazine_blocks_comment":0,"magazine_blocks_author_image":"https:\/\/secure.gravatar.com\/avatar\/8fadbca458d4cb68b1dd399ae9a40618d747bb1af65ac9fad21c89220a143eb4?s=96&d=mm&r=g","magazine_blocks_category":"<a href=\"#\" class=\"category-link category-link-2\">not\u00edcias<\/a>","yoast_head":"<!-- This site is optimized with the Yoast SEO plugin v27.4 - https:\/\/yoast.com\/product\/yoast-seo-wordpress\/ -->\n<title>Motorista \u00e9 baleado e assaltado em Campo de Peris\/MA - NOT\u00cdCIAS EM TEMPO REAL<\/title>\n<meta name=\"robots\" content=\"index, follow, max-snippet:-1, max-image-preview:large, max-video-preview:-1\" \/>\n<link rel=\"canonical\" href=\"https:\/\/maranhaotv.com.br\/index.php\/2020\/01\/08\/motorista-e-baleado-e-assaltado-em-campo-de-peris-ma\/\" \/>\n<meta property=\"og:locale\" content=\"pt_BR\" \/>\n<meta property=\"og:type\" content=\"article\" \/>\n<meta property=\"og:title\" content=\"Motorista \u00e9 baleado e assaltado em Campo de Peris\/MA - NOT\u00cdCIAS EM TEMPO REAL\" \/>\n<meta property=\"og:description\" content=\"Ap\u00f3s pane mec\u00e2nica em caminhonete, um dos assaltantes atirou contra o condutor, que ficou gravemente ferido e morreu no hospital\" \/>\n<meta property=\"og:url\" content=\"https:\/\/maranhaotv.com.br\/index.php\/2020\/01\/08\/motorista-e-baleado-e-assaltado-em-campo-de-peris-ma\/\" \/>\n<meta property=\"og:site_name\" content=\"NOT\u00cdCIAS EM TEMPO REAL\" \/>\n<meta property=\"article:publisher\" content=\"https:\/\/www.facebook.com\/maiobaotv\" \/>\n<meta property=\"article:published_time\" content=\"2020-01-08T14:04:56+00:00\" \/>\n<meta name=\"author\" content=\"maranhaotv\" \/>\n<meta name=\"twitter:card\" content=\"summary_large_image\" \/>\n<meta name=\"twitter:creator\" content=\"@sitemaranhaotv\" \/>\n<meta name=\"twitter:site\" content=\"@sitemaranhaotv\" \/>\n<meta name=\"twitter:label1\" content=\"Escrito por\" \/>\n\t<meta name=\"twitter:data1\" content=\"maranhaotv\" \/>\n\t<meta name=\"twitter:label2\" content=\"Est. tempo de leitura\" \/>\n\t<meta name=\"twitter:data2\" content=\"1 minuto\" \/>\n<script type=\"application\/ld+json\" class=\"yoast-schema-graph\">{\"@context\":\"https:\\\/\\\/schema.org\",\"@graph\":[{\"@type\":\"Article\",\"@id\":\"https:\\\/\\\/maranhaotv.com.br\\\/index.php\\\/2020\\\/01\\\/08\\\/motorista-e-baleado-e-assaltado-em-campo-de-peris-ma\\\/#article\",\"isPartOf\":{\"@id\":\"https:\\\/\\\/maranhaotv.com.br\\\/index.php\\\/2020\\\/01\\\/08\\\/motorista-e-baleado-e-assaltado-em-campo-de-peris-ma\\\/\"},\"author\":{\"name\":\"maranhaotv\",\"@id\":\"https:\\\/\\\/maranhaotv.com.br\\\/#\\\/schema\\\/person\\\/3d54238e86b20bb5c89ab2fdb8f8829a\"},\"headline\":\"Motorista \u00e9 baleado e assaltado em Campo de Peris\\\/MA\",\"datePublished\":\"2020-01-08T14:04:56+00:00\",\"mainEntityOfPage\":{\"@id\":\"https:\\\/\\\/maranhaotv.com.br\\\/index.php\\\/2020\\\/01\\\/08\\\/motorista-e-baleado-e-assaltado-em-campo-de-peris-ma\\\/\"},\"wordCount\":216,\"publisher\":{\"@id\":\"https:\\\/\\\/maranhaotv.com.br\\\/#organization\"},\"image\":{\"@id\":\"https:\\\/\\\/maranhaotv.com.br\\\/index.php\\\/2020\\\/01\\\/08\\\/motorista-e-baleado-e-assaltado-em-campo-de-peris-ma\\\/#primaryimage\"},\"thumbnailUrl\":\"\",\"keywords\":[\"Campo de Peris\",\"PRF\"],\"articleSection\":[\"not\u00edcias\"],\"inLanguage\":\"pt-BR\"},{\"@type\":\"WebPage\",\"@id\":\"https:\\\/\\\/maranhaotv.com.br\\\/index.php\\\/2020\\\/01\\\/08\\\/motorista-e-baleado-e-assaltado-em-campo-de-peris-ma\\\/\",\"url\":\"https:\\\/\\\/maranhaotv.com.br\\\/index.php\\\/2020\\\/01\\\/08\\\/motorista-e-baleado-e-assaltado-em-campo-de-peris-ma\\\/\",\"name\":\"Motorista \u00e9 baleado e assaltado em Campo de Peris\\\/MA - NOT\u00cdCIAS EM TEMPO REAL\",\"isPartOf\":{\"@id\":\"https:\\\/\\\/maranhaotv.com.br\\\/#website\"},\"primaryImageOfPage\":{\"@id\":\"https:\\\/\\\/maranhaotv.com.br\\\/index.php\\\/2020\\\/01\\\/08\\\/motorista-e-baleado-e-assaltado-em-campo-de-peris-ma\\\/#primaryimage\"},\"image\":{\"@id\":\"https:\\\/\\\/maranhaotv.com.br\\\/index.php\\\/2020\\\/01\\\/08\\\/motorista-e-baleado-e-assaltado-em-campo-de-peris-ma\\\/#primaryimage\"},\"thumbnailUrl\":\"\",\"datePublished\":\"2020-01-08T14:04:56+00:00\",\"breadcrumb\":{\"@id\":\"https:\\\/\\\/maranhaotv.com.br\\\/index.php\\\/2020\\\/01\\\/08\\\/motorista-e-baleado-e-assaltado-em-campo-de-peris-ma\\\/#breadcrumb\"},\"inLanguage\":\"pt-BR\",\"potentialAction\":[{\"@type\":\"ReadAction\",\"target\":[\"https:\\\/\\\/maranhaotv.com.br\\\/index.php\\\/2020\\\/01\\\/08\\\/motorista-e-baleado-e-assaltado-em-campo-de-peris-ma\\\/\"]}]},{\"@type\":\"ImageObject\",\"inLanguage\":\"pt-BR\",\"@id\":\"https:\\\/\\\/maranhaotv.com.br\\\/index.php\\\/2020\\\/01\\\/08\\\/motorista-e-baleado-e-assaltado-em-campo-de-peris-ma\\\/#primaryimage\",\"url\":\"\",\"contentUrl\":\"\"},{\"@type\":\"BreadcrumbList\",\"@id\":\"https:\\\/\\\/maranhaotv.com.br\\\/index.php\\\/2020\\\/01\\\/08\\\/motorista-e-baleado-e-assaltado-em-campo-de-peris-ma\\\/#breadcrumb\",\"itemListElement\":[{\"@type\":\"ListItem\",\"position\":1,\"name\":\"In\u00edcio\",\"item\":\"https:\\\/\\\/maranhaotv.com.br\\\/\"},{\"@type\":\"ListItem\",\"position\":2,\"name\":\"Motorista \u00e9 baleado e assaltado em Campo de Peris\\\/MA\"}]},{\"@type\":\"WebSite\",\"@id\":\"https:\\\/\\\/maranhaotv.com.br\\\/#website\",\"url\":\"https:\\\/\\\/maranhaotv.com.br\\\/\",\"name\":\"Maranh\u00e3oTV\",\"description\":\"\",\"publisher\":{\"@id\":\"https:\\\/\\\/maranhaotv.com.br\\\/#organization\"},\"potentialAction\":[{\"@type\":\"SearchAction\",\"target\":{\"@type\":\"EntryPoint\",\"urlTemplate\":\"https:\\\/\\\/maranhaotv.com.br\\\/?s={search_term_string}\"},\"query-input\":{\"@type\":\"PropertyValueSpecification\",\"valueRequired\":true,\"valueName\":\"search_term_string\"}}],\"inLanguage\":\"pt-BR\"},{\"@type\":\"Organization\",\"@id\":\"https:\\\/\\\/maranhaotv.com.br\\\/#organization\",\"name\":\"Portal de Not\u00edcias\",\"url\":\"https:\\\/\\\/maranhaotv.com.br\\\/\",\"logo\":{\"@type\":\"ImageObject\",\"inLanguage\":\"pt-BR\",\"@id\":\"https:\\\/\\\/maranhaotv.com.br\\\/#\\\/schema\\\/logo\\\/image\\\/\",\"url\":\"https:\\\/\\\/maranhaotv.com.br\\\/wp-content\\\/uploads\\\/2024\\\/05\\\/cropped-cropped-avatar-1.png\",\"contentUrl\":\"https:\\\/\\\/maranhaotv.com.br\\\/wp-content\\\/uploads\\\/2024\\\/05\\\/cropped-cropped-avatar-1.png\",\"width\":792,\"height\":428,\"caption\":\"Portal de Not\u00edcias\"},\"image\":{\"@id\":\"https:\\\/\\\/maranhaotv.com.br\\\/#\\\/schema\\\/logo\\\/image\\\/\"},\"sameAs\":[\"https:\\\/\\\/www.facebook.com\\\/maiobaotv\",\"https:\\\/\\\/x.com\\\/sitemaranhaotv\",\"https:\\\/\\\/www.instagram.com\\\/maranhao.tv\",\"https:\\\/\\\/www.threads.net\\\/@maranhao.tv\"]},{\"@type\":\"Person\",\"@id\":\"https:\\\/\\\/maranhaotv.com.br\\\/#\\\/schema\\\/person\\\/3d54238e86b20bb5c89ab2fdb8f8829a\",\"name\":\"maranhaotv\",\"image\":{\"@type\":\"ImageObject\",\"inLanguage\":\"pt-BR\",\"@id\":\"https:\\\/\\\/secure.gravatar.com\\\/avatar\\\/8fadbca458d4cb68b1dd399ae9a40618d747bb1af65ac9fad21c89220a143eb4?s=96&d=mm&r=g\",\"url\":\"https:\\\/\\\/secure.gravatar.com\\\/avatar\\\/8fadbca458d4cb68b1dd399ae9a40618d747bb1af65ac9fad21c89220a143eb4?s=96&d=mm&r=g\",\"contentUrl\":\"https:\\\/\\\/secure.gravatar.com\\\/avatar\\\/8fadbca458d4cb68b1dd399ae9a40618d747bb1af65ac9fad21c89220a143eb4?s=96&d=mm&r=g\",\"caption\":\"maranhaotv\"},\"sameAs\":[\"https:\\\/\\\/maranhaotv.com.br\\\/\"],\"url\":\"https:\\\/\\\/maranhaotv.com.br\\\/index.php\\\/author\\\/maranhaotv\\\/\"}]}<\/script>\n<!-- \/ Yoast SEO plugin. -->","yoast_head_json":{"title":"Motorista \u00e9 baleado e assaltado em Campo de Peris\/MA - NOT\u00cdCIAS EM TEMPO REAL","robots":{"index":"index","follow":"follow","max-snippet":"max-snippet:-1","max-image-preview":"max-image-preview:large","max-video-preview":"max-video-preview:-1"},"canonical":"https:\/\/maranhaotv.com.br\/index.php\/2020\/01\/08\/motorista-e-baleado-e-assaltado-em-campo-de-peris-ma\/","og_locale":"pt_BR","og_type":"article","og_title":"Motorista \u00e9 baleado e assaltado em Campo de Peris\/MA - NOT\u00cdCIAS EM TEMPO REAL","og_description":"Ap\u00f3s pane mec\u00e2nica em caminhonete, um dos assaltantes atirou contra o condutor, que ficou gravemente ferido e morreu no hospital","og_url":"https:\/\/maranhaotv.com.br\/index.php\/2020\/01\/08\/motorista-e-baleado-e-assaltado-em-campo-de-peris-ma\/","og_site_name":"NOT\u00cdCIAS EM TEMPO REAL","article_publisher":"https:\/\/www.facebook.com\/maiobaotv","article_published_time":"2020-01-08T14:04:56+00:00","author":"maranhaotv","twitter_card":"summary_large_image","twitter_creator":"@sitemaranhaotv","twitter_site":"@sitemaranhaotv","twitter_misc":{"Escrito por":"maranhaotv","Est. tempo de leitura":"1 minuto"},"schema":{"@context":"https:\/\/schema.org","@graph":[{"@type":"Article","@id":"https:\/\/maranhaotv.com.br\/index.php\/2020\/01\/08\/motorista-e-baleado-e-assaltado-em-campo-de-peris-ma\/#article","isPartOf":{"@id":"https:\/\/maranhaotv.com.br\/index.php\/2020\/01\/08\/motorista-e-baleado-e-assaltado-em-campo-de-peris-ma\/"},"author":{"name":"maranhaotv","@id":"https:\/\/maranhaotv.com.br\/#\/schema\/person\/3d54238e86b20bb5c89ab2fdb8f8829a"},"headline":"Motorista \u00e9 baleado e assaltado em Campo de Peris\/MA","datePublished":"2020-01-08T14:04:56+00:00","mainEntityOfPage":{"@id":"https:\/\/maranhaotv.com.br\/index.php\/2020\/01\/08\/motorista-e-baleado-e-assaltado-em-campo-de-peris-ma\/"},"wordCount":216,"publisher":{"@id":"https:\/\/maranhaotv.com.br\/#organization"},"image":{"@id":"https:\/\/maranhaotv.com.br\/index.php\/2020\/01\/08\/motorista-e-baleado-e-assaltado-em-campo-de-peris-ma\/#primaryimage"},"thumbnailUrl":"","keywords":["Campo de Peris","PRF"],"articleSection":["not\u00edcias"],"inLanguage":"pt-BR"},{"@type":"WebPage","@id":"https:\/\/maranhaotv.com.br\/index.php\/2020\/01\/08\/motorista-e-baleado-e-assaltado-em-campo-de-peris-ma\/","url":"https:\/\/maranhaotv.com.br\/index.php\/2020\/01\/08\/motorista-e-baleado-e-assaltado-em-campo-de-peris-ma\/","name":"Motorista \u00e9 baleado e assaltado em Campo de Peris\/MA - NOT\u00cdCIAS EM TEMPO REAL","isPartOf":{"@id":"https:\/\/maranhaotv.com.br\/#website"},"primaryImageOfPage":{"@id":"https:\/\/maranhaotv.com.br\/index.php\/2020\/01\/08\/motorista-e-baleado-e-assaltado-em-campo-de-peris-ma\/#primaryimage"},"image":{"@id":"https:\/\/maranhaotv.com.br\/index.php\/2020\/01\/08\/motorista-e-baleado-e-assaltado-em-campo-de-peris-ma\/#primaryimage"},"thumbnailUrl":"","datePublished":"2020-01-08T14:04:56+00:00","breadcrumb":{"@id":"https:\/\/maranhaotv.com.br\/index.php\/2020\/01\/08\/motorista-e-baleado-e-assaltado-em-campo-de-peris-ma\/#breadcrumb"},"inLanguage":"pt-BR","potentialAction":[{"@type":"ReadAction","target":["https:\/\/maranhaotv.com.br\/index.php\/2020\/01\/08\/motorista-e-baleado-e-assaltado-em-campo-de-peris-ma\/"]}]},{"@type":"ImageObject","inLanguage":"pt-BR","@id":"https:\/\/maranhaotv.com.br\/index.php\/2020\/01\/08\/motorista-e-baleado-e-assaltado-em-campo-de-peris-ma\/#primaryimage","url":"","contentUrl":""},{"@type":"BreadcrumbList","@id":"https:\/\/maranhaotv.com.br\/index.php\/2020\/01\/08\/motorista-e-baleado-e-assaltado-em-campo-de-peris-ma\/#breadcrumb","itemListElement":[{"@type":"ListItem","position":1,"name":"In\u00edcio","item":"https:\/\/maranhaotv.com.br\/"},{"@type":"ListItem","position":2,"name":"Motorista \u00e9 baleado e assaltado em Campo de Peris\/MA"}]},{"@type":"WebSite","@id":"https:\/\/maranhaotv.com.br\/#website","url":"https:\/\/maranhaotv.com.br\/","name":"Maranh\u00e3oTV","description":"","publisher":{"@id":"https:\/\/maranhaotv.com.br\/#organization"},"potentialAction":[{"@type":"SearchAction","target":{"@type":"EntryPoint","urlTemplate":"https:\/\/maranhaotv.com.br\/?s={search_term_string}"},"query-input":{"@type":"PropertyValueSpecification","valueRequired":true,"valueName":"search_term_string"}}],"inLanguage":"pt-BR"},{"@type":"Organization","@id":"https:\/\/maranhaotv.com.br\/#organization","name":"Portal de Not\u00edcias","url":"https:\/\/maranhaotv.com.br\/","logo":{"@type":"ImageObject","inLanguage":"pt-BR","@id":"https:\/\/maranhaotv.com.br\/#\/schema\/logo\/image\/","url":"https:\/\/maranhaotv.com.br\/wp-content\/uploads\/2024\/05\/cropped-cropped-avatar-1.png","contentUrl":"https:\/\/maranhaotv.com.br\/wp-content\/uploads\/2024\/05\/cropped-cropped-avatar-1.png","width":792,"height":428,"caption":"Portal de Not\u00edcias"},"image":{"@id":"https:\/\/maranhaotv.com.br\/#\/schema\/logo\/image\/"},"sameAs":["https:\/\/www.facebook.com\/maiobaotv","https:\/\/x.com\/sitemaranhaotv","https:\/\/www.instagram.com\/maranhao.tv","https:\/\/www.threads.net\/@maranhao.tv"]},{"@type":"Person","@id":"https:\/\/maranhaotv.com.br\/#\/schema\/person\/3d54238e86b20bb5c89ab2fdb8f8829a","name":"maranhaotv","image":{"@type":"ImageObject","inLanguage":"pt-BR","@id":"https:\/\/secure.gravatar.com\/avatar\/8fadbca458d4cb68b1dd399ae9a40618d747bb1af65ac9fad21c89220a143eb4?s=96&d=mm&r=g","url":"https:\/\/secure.gravatar.com\/avatar\/8fadbca458d4cb68b1dd399ae9a40618d747bb1af65ac9fad21c89220a143eb4?s=96&d=mm&r=g","contentUrl":"https:\/\/secure.gravatar.com\/avatar\/8fadbca458d4cb68b1dd399ae9a40618d747bb1af65ac9fad21c89220a143eb4?s=96&d=mm&r=g","caption":"maranhaotv"},"sameAs":["https:\/\/maranhaotv.com.br\/"],"url":"https:\/\/maranhaotv.com.br\/index.php\/author\/maranhaotv\/"}]}},"jetpack_featured_media_url":"","jetpack_sharing_enabled":true,"_links":{"self":[{"href":"https:\/\/maranhaotv.com.br\/index.php\/wp-json\/wp\/v2\/posts\/8757","targetHints":{"allow":["GET"]}}],"collection":[{"href":"https:\/\/maranhaotv.com.br\/index.php\/wp-json\/wp\/v2\/posts"}],"about":[{"href":"https:\/\/maranhaotv.com.br\/index.php\/wp-json\/wp\/v2\/types\/post"}],"author":[{"embeddable":true,"href":"https:\/\/maranhaotv.com.br\/index.php\/wp-json\/wp\/v2\/users\/2"}],"replies":[{"embeddable":true,"href":"https:\/\/maranhaotv.com.br\/index.php\/wp-json\/wp\/v2\/comments?post=8757"}],"version-history":[{"count":0,"href":"https:\/\/maranhaotv.com.br\/index.php\/wp-json\/wp\/v2\/posts\/8757\/revisions"}],"wp:featuredmedia":[{"embeddable":true,"href":"https:\/\/maranhaotv.com.br\/index.php\/wp-json\/"}],"wp:attachment":[{"href":"https:\/\/maranhaotv.com.br\/index.php\/wp-json\/wp\/v2\/media?parent=8757"}],"wp:term":[{"taxonomy":"category","embeddable":true,"href":"https:\/\/maranhaotv.com.br\/index.php\/wp-json\/wp\/v2\/categories?post=8757"},{"taxonomy":"post_tag","embeddable":true,"href":"https:\/\/maranhaotv.com.br\/index.php\/wp-json\/wp\/v2\/tags?post=8757"}],"curies":[{"name":"wp","href":"https:\/\/api.w.org\/{rel}","templated":true}]}}