{"id":8783,"date":"2020-01-09T10:03:45","date_gmt":"2020-01-09T13:03:45","guid":{"rendered":"https:\/\/maiobaotv.com.br\/?p=8783"},"modified":"2020-01-09T10:03:45","modified_gmt":"2020-01-09T13:03:45","slug":"barra-do-corda-mp-quer-a-condenacao-de-eric-costa-por-fraude-em-licitacao-de-mais-de-r-1-milhao-de-reais","status":"publish","type":"post","link":"https:\/\/maranhaotv.com.br\/index.php\/2020\/01\/09\/barra-do-corda-mp-quer-a-condenacao-de-eric-costa-por-fraude-em-licitacao-de-mais-de-r-1-milhao-de-reais\/","title":{"rendered":"Barra do Corda: MP quer a condena\u00e7\u00e3o de Eric Costa por fraude em licita\u00e7\u00e3o de mais de R$ 1 milh\u00e3o de reais"},"content":{"rendered":"<p>O Minist\u00e9rio P\u00fablico do Maranh\u00e3o (MPMA) ajuizou, em 3 de janeiro, A\u00e7\u00e3o Civil por ato de improbidade administrativa contra sete envolvidos em irregularidades em uma licita\u00e7\u00e3o para execu\u00e7\u00e3o de um conv\u00eanio firmado em 2013, para constru\u00e7\u00e3o de um centro de comercializa\u00e7\u00e3o em Barra do Corda. Com valor de R$ 1.263.158,00, o conv\u00eanio foi firmado entre o Munic\u00edpio e a Secretaria de Estado das Cidades e Desenvolvimento Urbano (Secid).<\/p>\n<p>Baseada no Inqu\u00e9rito Civil n\u00ba 08\/2015, a a\u00e7\u00e3o foi ajuizada, ap\u00f3s den\u00fancia da C\u00e2mara Municipal de Vereadores. Formulou a manifesta\u00e7\u00e3o ministerial o promotor de justi\u00e7a Guaracy Martins Figueiredo.<\/p>\n<p>Entre os acionados est\u00e3o o prefeito Wellryk Oliveira Costa (mais conhecido como Eric Costa e que estava \u00e0 frente da gest\u00e3o do munic\u00edpio ent\u00e3o); o coordenador de receita e despesa, Oilson Lima, e os integrantes da Comiss\u00e3o Permanente de Licita\u00e7\u00e3o (CPL) Jo\u00e3o Caetano de Sousa, Emanuela Lemos e Francisco Fonseca Filho.<\/p>\n<p>Tamb\u00e9m s\u00e3o alvos da ACP a Construtora Carvalho Gomes Ltda e o empres\u00e1rio Gilvan Gomes de Carvalho.<\/p>\n<p>LICITA\u00c7\u00c3O<\/p>\n<p>Para executar o conv\u00eanio n\u00ba 234\/2013, em 2014, foi aberta a concorr\u00eancia n\u00ba 001\/2014, modalidade de menor pre\u00e7o. A vencedora foi a Construtora Carvalho Gomes Ltda, que firmou contrato no valor de R$ 1.250.501,00.<\/p>\n<p>O prefeito Eric Costa delegou poderes ao ordenador de receita e despesa, Oilson Lima, e \u00e0 CPL e aos integrantes da comiss\u00e3o, respons\u00e1veis pela concorr\u00eancia.<\/p>\n<p>Uma an\u00e1lise da Assessoria T\u00e9cnica da Procuradoria-Geral de Justi\u00e7a verificou diversas inconsist\u00eancias no procedimento licitat\u00f3rio.<\/p>\n<p>FORMALIZA\u00c7\u00c3O<\/p>\n<p>Na formaliza\u00e7\u00e3o do procedimento licitat\u00f3rio, n\u00e3o foi respeitado o prazo de 30 dias entre a divulga\u00e7\u00e3o da licita\u00e7\u00e3o e a sess\u00e3o de recebimento das propostas. Faltaram o plano de gerenciamento, a planilha de composi\u00e7\u00e3o de encargos sociais, al\u00e9m da autoriza\u00e7\u00e3o e homologa\u00e7\u00e3o da licita\u00e7\u00e3o pelo prefeito (tais atos foram feitos pelo ordenador de receita e despesa).<\/p>\n<p>Outros itens inexistentes foram os atos de designa\u00e7\u00e3o dos integrantes da CPL, pareceres t\u00e9cnicos ou jur\u00eddicos sobre a licita\u00e7\u00e3o e a publica\u00e7\u00e3o do resumo do contrato na imprensa no prazo legal (quinto dia do m\u00eas seguinte \u00e0 assinatura do documento).<\/p>\n<p>EDITAL<\/p>\n<p>Quanto ao edital, faltaram a autoriza\u00e7\u00e3o formal do documento; instru\u00e7\u00f5es para impugna\u00e7\u00e3o e obten\u00e7\u00e3o de esclarecimentos; informa\u00e7\u00f5es sobre meios de comunica\u00e7\u00e3o, c\u00f3digos de acesso para interessados e indica\u00e7\u00e3o de hor\u00e1rios de atendimento e servidores respons\u00e1veis.<\/p>\n<p>Al\u00e9m disso, o documento somente citava menor pre\u00e7o, sem especificar se os pre\u00e7os seriam julgados por item ou por valor global.<\/p>\n<p>As informa\u00e7\u00f5es sobre pagamento previstas n\u00e3o inclu\u00edam a atualiza\u00e7\u00e3o financeira dos valores. Faltaram, ainda, indica\u00e7\u00f5es sobre prazo e condi\u00e7\u00f5es para assinatura do contrato e penalidades por irregularidades praticadas durante a licita\u00e7\u00e3o. Outra ilegalidade foi a aus\u00eancia da comprova\u00e7\u00e3o da disponibiliza\u00e7\u00e3o do edital no site da prefeitura.<\/p>\n<p>Tamb\u00e9m foi exigido atestado de visita de vistoria, assinado pela Secretaria Municipal de Infraestrutura e Desenvolvimento Urbano, desrespeitando entendimento do Tribunal de Contas da Uni\u00e3o (TCU).<\/p>\n<p>Igualmente, foi constatado que a construtora vencedora da licita\u00e7\u00e3o deveria ter sido inabilitada porque n\u00e3o foi comprovado o v\u00ednculo profissional do respons\u00e1vel t\u00e9cnico com a empresa.<\/p>\n<p>PEDIDOS<\/p>\n<p>O MPMA solicita que seja determinada a indisponibilidade dos bens dos acionados para garantir o ressarcimento dos preju\u00edzos aos cofres municipais.<\/p>\n<p>Tamb\u00e9m requer a condena\u00e7\u00e3o por improbidade administrativa, implicando em penalidades como perda de fun\u00e7\u00e3o p\u00fablica; ressarcimento integral do dano; suspens\u00e3o dos direitos pol\u00edticos por oito anos e pagamento de multa civil no valor do dobro do dano ou at\u00e9 100 vezes a remunera\u00e7\u00e3o dos agentes p\u00fablicos \u00e0 \u00e9poca dos fatos.<\/p>\n<p>Outra penalidade \u00e9 a proibi\u00e7\u00e3o de contratar com o Poder P\u00fablico ou receber benef\u00edcios fiscais ou credit\u00edcios, direta ou indiretamente, ainda que por meio de pessoa jur\u00eddica da qual seja s\u00f3cio majorit\u00e1rio, pelo prazo de cinco anos.<\/p>\n<p>CCOM-MPMA<\/p>\n","protected":false},"excerpt":{"rendered":"<p>O Minist\u00e9rio P\u00fablico do Maranh\u00e3o (MPMA) ajuizou, em 3 de janeiro, A\u00e7\u00e3o Civil por ato de improbidade administrativa contra sete<\/p>\n","protected":false},"author":2,"featured_media":8782,"comment_status":"open","ping_status":"open","sticky":false,"template":"","format":"standard","meta":{"colormag_page_container_layout":"default_layout","colormag_page_sidebar_layout":"default_layout","_jetpack_memberships_contains_paid_content":false,"footnotes":""},"categories":[2,6],"tags":[10],"class_list":["post-8783","post","type-post","status-publish","format-standard","has-post-thumbnail","hentry","category-noticias","category-politica","tag-barra-do-corda"],"magazineBlocksPostFeaturedMedia":{"thumbnail":false,"medium":false,"medium_large":false,"large":false,"1536x1536":false,"2048x2048":false,"colormag-highlighted-post":false,"colormag-featured-post-medium":false,"colormag-featured-post-small":false,"colormag-featured-image":false,"colormag-default-news":false,"colormag-featured-image-large":false},"magazineBlocksPostAuthor":{"name":"maranhaotv","avatar":"https:\/\/secure.gravatar.com\/avatar\/8fadbca458d4cb68b1dd399ae9a40618d747bb1af65ac9fad21c89220a143eb4?s=96&d=mm&r=g"},"magazineBlocksPostCommentsNumber":"0","magazineBlocksPostExcerpt":"O Minist\u00e9rio P\u00fablico do Maranh\u00e3o (MPMA) ajuizou, em 3 de janeiro, A\u00e7\u00e3o Civil por ato de improbidade administrativa contra sete","magazineBlocksPostCategories":["not\u00edcias","pol\u00edtica"],"magazineBlocksPostViewCount":185,"magazineBlocksPostReadTime":4,"magazine_blocks_featured_image_url":{"full":false,"medium":false,"thumbnail":false},"magazine_blocks_author":{"display_name":"maranhaotv","author_link":"https:\/\/maranhaotv.com.br\/index.php\/author\/maranhaotv\/"},"magazine_blocks_comment":0,"magazine_blocks_author_image":"https:\/\/secure.gravatar.com\/avatar\/8fadbca458d4cb68b1dd399ae9a40618d747bb1af65ac9fad21c89220a143eb4?s=96&d=mm&r=g","magazine_blocks_category":"<a href=\"#\" class=\"category-link category-link-2\">not\u00edcias<\/a> <a href=\"#\" class=\"category-link category-link-6\">pol\u00edtica<\/a>","yoast_head":"<!-- This site is optimized with the Yoast SEO plugin v27.4 - https:\/\/yoast.com\/product\/yoast-seo-wordpress\/ -->\n<title>Barra do Corda: MP quer a condena\u00e7\u00e3o de Eric Costa por fraude em licita\u00e7\u00e3o de mais de R$ 1 milh\u00e3o de reais - NOT\u00cdCIAS EM TEMPO REAL<\/title>\n<meta name=\"robots\" content=\"index, follow, max-snippet:-1, max-image-preview:large, max-video-preview:-1\" \/>\n<link rel=\"canonical\" href=\"https:\/\/maranhaotv.com.br\/index.php\/2020\/01\/09\/barra-do-corda-mp-quer-a-condenacao-de-eric-costa-por-fraude-em-licitacao-de-mais-de-r-1-milhao-de-reais\/\" \/>\n<meta property=\"og:locale\" content=\"pt_BR\" \/>\n<meta property=\"og:type\" content=\"article\" \/>\n<meta property=\"og:title\" content=\"Barra do Corda: MP quer a condena\u00e7\u00e3o de Eric Costa por fraude em licita\u00e7\u00e3o de mais de R$ 1 milh\u00e3o de reais - NOT\u00cdCIAS EM TEMPO REAL\" \/>\n<meta property=\"og:description\" content=\"O Minist\u00e9rio P\u00fablico do Maranh\u00e3o (MPMA) ajuizou, em 3 de janeiro, A\u00e7\u00e3o Civil por ato de improbidade administrativa contra sete\" \/>\n<meta property=\"og:url\" content=\"https:\/\/maranhaotv.com.br\/index.php\/2020\/01\/09\/barra-do-corda-mp-quer-a-condenacao-de-eric-costa-por-fraude-em-licitacao-de-mais-de-r-1-milhao-de-reais\/\" \/>\n<meta property=\"og:site_name\" content=\"NOT\u00cdCIAS EM TEMPO REAL\" \/>\n<meta property=\"article:publisher\" content=\"https:\/\/www.facebook.com\/maiobaotv\" \/>\n<meta property=\"article:published_time\" content=\"2020-01-09T13:03:45+00:00\" \/>\n<meta name=\"author\" content=\"maranhaotv\" \/>\n<meta name=\"twitter:card\" content=\"summary_large_image\" \/>\n<meta name=\"twitter:creator\" content=\"@sitemaranhaotv\" \/>\n<meta name=\"twitter:site\" content=\"@sitemaranhaotv\" \/>\n<meta name=\"twitter:label1\" content=\"Escrito por\" \/>\n\t<meta name=\"twitter:data1\" content=\"maranhaotv\" \/>\n\t<meta name=\"twitter:label2\" content=\"Est. tempo de leitura\" \/>\n\t<meta name=\"twitter:data2\" content=\"3 minutos\" \/>\n<script type=\"application\/ld+json\" class=\"yoast-schema-graph\">{\"@context\":\"https:\\\/\\\/schema.org\",\"@graph\":[{\"@type\":\"Article\",\"@id\":\"https:\\\/\\\/maranhaotv.com.br\\\/index.php\\\/2020\\\/01\\\/09\\\/barra-do-corda-mp-quer-a-condenacao-de-eric-costa-por-fraude-em-licitacao-de-mais-de-r-1-milhao-de-reais\\\/#article\",\"isPartOf\":{\"@id\":\"https:\\\/\\\/maranhaotv.com.br\\\/index.php\\\/2020\\\/01\\\/09\\\/barra-do-corda-mp-quer-a-condenacao-de-eric-costa-por-fraude-em-licitacao-de-mais-de-r-1-milhao-de-reais\\\/\"},\"author\":{\"name\":\"maranhaotv\",\"@id\":\"https:\\\/\\\/maranhaotv.com.br\\\/#\\\/schema\\\/person\\\/3d54238e86b20bb5c89ab2fdb8f8829a\"},\"headline\":\"Barra do Corda: MP quer a condena\u00e7\u00e3o de Eric Costa por fraude em licita\u00e7\u00e3o de mais de R$ 1 milh\u00e3o de reais\",\"datePublished\":\"2020-01-09T13:03:45+00:00\",\"mainEntityOfPage\":{\"@id\":\"https:\\\/\\\/maranhaotv.com.br\\\/index.php\\\/2020\\\/01\\\/09\\\/barra-do-corda-mp-quer-a-condenacao-de-eric-costa-por-fraude-em-licitacao-de-mais-de-r-1-milhao-de-reais\\\/\"},\"wordCount\":714,\"commentCount\":0,\"publisher\":{\"@id\":\"https:\\\/\\\/maranhaotv.com.br\\\/#organization\"},\"image\":{\"@id\":\"https:\\\/\\\/maranhaotv.com.br\\\/index.php\\\/2020\\\/01\\\/09\\\/barra-do-corda-mp-quer-a-condenacao-de-eric-costa-por-fraude-em-licitacao-de-mais-de-r-1-milhao-de-reais\\\/#primaryimage\"},\"thumbnailUrl\":\"\",\"keywords\":[\"Barra do Corda\"],\"articleSection\":[\"not\u00edcias\",\"pol\u00edtica\"],\"inLanguage\":\"pt-BR\",\"potentialAction\":[{\"@type\":\"CommentAction\",\"name\":\"Comment\",\"target\":[\"https:\\\/\\\/maranhaotv.com.br\\\/index.php\\\/2020\\\/01\\\/09\\\/barra-do-corda-mp-quer-a-condenacao-de-eric-costa-por-fraude-em-licitacao-de-mais-de-r-1-milhao-de-reais\\\/#respond\"]}]},{\"@type\":\"WebPage\",\"@id\":\"https:\\\/\\\/maranhaotv.com.br\\\/index.php\\\/2020\\\/01\\\/09\\\/barra-do-corda-mp-quer-a-condenacao-de-eric-costa-por-fraude-em-licitacao-de-mais-de-r-1-milhao-de-reais\\\/\",\"url\":\"https:\\\/\\\/maranhaotv.com.br\\\/index.php\\\/2020\\\/01\\\/09\\\/barra-do-corda-mp-quer-a-condenacao-de-eric-costa-por-fraude-em-licitacao-de-mais-de-r-1-milhao-de-reais\\\/\",\"name\":\"Barra do Corda: MP quer a condena\u00e7\u00e3o de Eric Costa por fraude em licita\u00e7\u00e3o de mais de R$ 1 milh\u00e3o de reais - NOT\u00cdCIAS EM TEMPO REAL\",\"isPartOf\":{\"@id\":\"https:\\\/\\\/maranhaotv.com.br\\\/#website\"},\"primaryImageOfPage\":{\"@id\":\"https:\\\/\\\/maranhaotv.com.br\\\/index.php\\\/2020\\\/01\\\/09\\\/barra-do-corda-mp-quer-a-condenacao-de-eric-costa-por-fraude-em-licitacao-de-mais-de-r-1-milhao-de-reais\\\/#primaryimage\"},\"image\":{\"@id\":\"https:\\\/\\\/maranhaotv.com.br\\\/index.php\\\/2020\\\/01\\\/09\\\/barra-do-corda-mp-quer-a-condenacao-de-eric-costa-por-fraude-em-licitacao-de-mais-de-r-1-milhao-de-reais\\\/#primaryimage\"},\"thumbnailUrl\":\"\",\"datePublished\":\"2020-01-09T13:03:45+00:00\",\"breadcrumb\":{\"@id\":\"https:\\\/\\\/maranhaotv.com.br\\\/index.php\\\/2020\\\/01\\\/09\\\/barra-do-corda-mp-quer-a-condenacao-de-eric-costa-por-fraude-em-licitacao-de-mais-de-r-1-milhao-de-reais\\\/#breadcrumb\"},\"inLanguage\":\"pt-BR\",\"potentialAction\":[{\"@type\":\"ReadAction\",\"target\":[\"https:\\\/\\\/maranhaotv.com.br\\\/index.php\\\/2020\\\/01\\\/09\\\/barra-do-corda-mp-quer-a-condenacao-de-eric-costa-por-fraude-em-licitacao-de-mais-de-r-1-milhao-de-reais\\\/\"]}]},{\"@type\":\"ImageObject\",\"inLanguage\":\"pt-BR\",\"@id\":\"https:\\\/\\\/maranhaotv.com.br\\\/index.php\\\/2020\\\/01\\\/09\\\/barra-do-corda-mp-quer-a-condenacao-de-eric-costa-por-fraude-em-licitacao-de-mais-de-r-1-milhao-de-reais\\\/#primaryimage\",\"url\":\"\",\"contentUrl\":\"\"},{\"@type\":\"BreadcrumbList\",\"@id\":\"https:\\\/\\\/maranhaotv.com.br\\\/index.php\\\/2020\\\/01\\\/09\\\/barra-do-corda-mp-quer-a-condenacao-de-eric-costa-por-fraude-em-licitacao-de-mais-de-r-1-milhao-de-reais\\\/#breadcrumb\",\"itemListElement\":[{\"@type\":\"ListItem\",\"position\":1,\"name\":\"In\u00edcio\",\"item\":\"https:\\\/\\\/maranhaotv.com.br\\\/\"},{\"@type\":\"ListItem\",\"position\":2,\"name\":\"Barra do Corda: MP quer a condena\u00e7\u00e3o de Eric Costa por fraude em licita\u00e7\u00e3o de mais de R$ 1 milh\u00e3o de reais\"}]},{\"@type\":\"WebSite\",\"@id\":\"https:\\\/\\\/maranhaotv.com.br\\\/#website\",\"url\":\"https:\\\/\\\/maranhaotv.com.br\\\/\",\"name\":\"Maranh\u00e3oTV\",\"description\":\"\",\"publisher\":{\"@id\":\"https:\\\/\\\/maranhaotv.com.br\\\/#organization\"},\"potentialAction\":[{\"@type\":\"SearchAction\",\"target\":{\"@type\":\"EntryPoint\",\"urlTemplate\":\"https:\\\/\\\/maranhaotv.com.br\\\/?s={search_term_string}\"},\"query-input\":{\"@type\":\"PropertyValueSpecification\",\"valueRequired\":true,\"valueName\":\"search_term_string\"}}],\"inLanguage\":\"pt-BR\"},{\"@type\":\"Organization\",\"@id\":\"https:\\\/\\\/maranhaotv.com.br\\\/#organization\",\"name\":\"Portal de Not\u00edcias\",\"url\":\"https:\\\/\\\/maranhaotv.com.br\\\/\",\"logo\":{\"@type\":\"ImageObject\",\"inLanguage\":\"pt-BR\",\"@id\":\"https:\\\/\\\/maranhaotv.com.br\\\/#\\\/schema\\\/logo\\\/image\\\/\",\"url\":\"https:\\\/\\\/maranhaotv.com.br\\\/wp-content\\\/uploads\\\/2024\\\/05\\\/cropped-cropped-avatar-1.png\",\"contentUrl\":\"https:\\\/\\\/maranhaotv.com.br\\\/wp-content\\\/uploads\\\/2024\\\/05\\\/cropped-cropped-avatar-1.png\",\"width\":792,\"height\":428,\"caption\":\"Portal de Not\u00edcias\"},\"image\":{\"@id\":\"https:\\\/\\\/maranhaotv.com.br\\\/#\\\/schema\\\/logo\\\/image\\\/\"},\"sameAs\":[\"https:\\\/\\\/www.facebook.com\\\/maiobaotv\",\"https:\\\/\\\/x.com\\\/sitemaranhaotv\",\"https:\\\/\\\/www.instagram.com\\\/maranhao.tv\",\"https:\\\/\\\/www.threads.net\\\/@maranhao.tv\"]},{\"@type\":\"Person\",\"@id\":\"https:\\\/\\\/maranhaotv.com.br\\\/#\\\/schema\\\/person\\\/3d54238e86b20bb5c89ab2fdb8f8829a\",\"name\":\"maranhaotv\",\"image\":{\"@type\":\"ImageObject\",\"inLanguage\":\"pt-BR\",\"@id\":\"https:\\\/\\\/secure.gravatar.com\\\/avatar\\\/8fadbca458d4cb68b1dd399ae9a40618d747bb1af65ac9fad21c89220a143eb4?s=96&d=mm&r=g\",\"url\":\"https:\\\/\\\/secure.gravatar.com\\\/avatar\\\/8fadbca458d4cb68b1dd399ae9a40618d747bb1af65ac9fad21c89220a143eb4?s=96&d=mm&r=g\",\"contentUrl\":\"https:\\\/\\\/secure.gravatar.com\\\/avatar\\\/8fadbca458d4cb68b1dd399ae9a40618d747bb1af65ac9fad21c89220a143eb4?s=96&d=mm&r=g\",\"caption\":\"maranhaotv\"},\"sameAs\":[\"https:\\\/\\\/maranhaotv.com.br\\\/\"],\"url\":\"https:\\\/\\\/maranhaotv.com.br\\\/index.php\\\/author\\\/maranhaotv\\\/\"}]}<\/script>\n<!-- \/ Yoast SEO plugin. -->","yoast_head_json":{"title":"Barra do Corda: MP quer a condena\u00e7\u00e3o de Eric Costa por fraude em licita\u00e7\u00e3o de mais de R$ 1 milh\u00e3o de reais - NOT\u00cdCIAS EM TEMPO REAL","robots":{"index":"index","follow":"follow","max-snippet":"max-snippet:-1","max-image-preview":"max-image-preview:large","max-video-preview":"max-video-preview:-1"},"canonical":"https:\/\/maranhaotv.com.br\/index.php\/2020\/01\/09\/barra-do-corda-mp-quer-a-condenacao-de-eric-costa-por-fraude-em-licitacao-de-mais-de-r-1-milhao-de-reais\/","og_locale":"pt_BR","og_type":"article","og_title":"Barra do Corda: MP quer a condena\u00e7\u00e3o de Eric Costa por fraude em licita\u00e7\u00e3o de mais de R$ 1 milh\u00e3o de reais - NOT\u00cdCIAS EM TEMPO REAL","og_description":"O Minist\u00e9rio P\u00fablico do Maranh\u00e3o (MPMA) ajuizou, em 3 de janeiro, A\u00e7\u00e3o Civil por ato de improbidade administrativa contra sete","og_url":"https:\/\/maranhaotv.com.br\/index.php\/2020\/01\/09\/barra-do-corda-mp-quer-a-condenacao-de-eric-costa-por-fraude-em-licitacao-de-mais-de-r-1-milhao-de-reais\/","og_site_name":"NOT\u00cdCIAS EM TEMPO REAL","article_publisher":"https:\/\/www.facebook.com\/maiobaotv","article_published_time":"2020-01-09T13:03:45+00:00","author":"maranhaotv","twitter_card":"summary_large_image","twitter_creator":"@sitemaranhaotv","twitter_site":"@sitemaranhaotv","twitter_misc":{"Escrito por":"maranhaotv","Est. tempo de leitura":"3 minutos"},"schema":{"@context":"https:\/\/schema.org","@graph":[{"@type":"Article","@id":"https:\/\/maranhaotv.com.br\/index.php\/2020\/01\/09\/barra-do-corda-mp-quer-a-condenacao-de-eric-costa-por-fraude-em-licitacao-de-mais-de-r-1-milhao-de-reais\/#article","isPartOf":{"@id":"https:\/\/maranhaotv.com.br\/index.php\/2020\/01\/09\/barra-do-corda-mp-quer-a-condenacao-de-eric-costa-por-fraude-em-licitacao-de-mais-de-r-1-milhao-de-reais\/"},"author":{"name":"maranhaotv","@id":"https:\/\/maranhaotv.com.br\/#\/schema\/person\/3d54238e86b20bb5c89ab2fdb8f8829a"},"headline":"Barra do Corda: MP quer a condena\u00e7\u00e3o de Eric Costa por fraude em licita\u00e7\u00e3o de mais de R$ 1 milh\u00e3o de reais","datePublished":"2020-01-09T13:03:45+00:00","mainEntityOfPage":{"@id":"https:\/\/maranhaotv.com.br\/index.php\/2020\/01\/09\/barra-do-corda-mp-quer-a-condenacao-de-eric-costa-por-fraude-em-licitacao-de-mais-de-r-1-milhao-de-reais\/"},"wordCount":714,"commentCount":0,"publisher":{"@id":"https:\/\/maranhaotv.com.br\/#organization"},"image":{"@id":"https:\/\/maranhaotv.com.br\/index.php\/2020\/01\/09\/barra-do-corda-mp-quer-a-condenacao-de-eric-costa-por-fraude-em-licitacao-de-mais-de-r-1-milhao-de-reais\/#primaryimage"},"thumbnailUrl":"","keywords":["Barra do Corda"],"articleSection":["not\u00edcias","pol\u00edtica"],"inLanguage":"pt-BR","potentialAction":[{"@type":"CommentAction","name":"Comment","target":["https:\/\/maranhaotv.com.br\/index.php\/2020\/01\/09\/barra-do-corda-mp-quer-a-condenacao-de-eric-costa-por-fraude-em-licitacao-de-mais-de-r-1-milhao-de-reais\/#respond"]}]},{"@type":"WebPage","@id":"https:\/\/maranhaotv.com.br\/index.php\/2020\/01\/09\/barra-do-corda-mp-quer-a-condenacao-de-eric-costa-por-fraude-em-licitacao-de-mais-de-r-1-milhao-de-reais\/","url":"https:\/\/maranhaotv.com.br\/index.php\/2020\/01\/09\/barra-do-corda-mp-quer-a-condenacao-de-eric-costa-por-fraude-em-licitacao-de-mais-de-r-1-milhao-de-reais\/","name":"Barra do Corda: MP quer a condena\u00e7\u00e3o de Eric Costa por fraude em licita\u00e7\u00e3o de mais de R$ 1 milh\u00e3o de reais - NOT\u00cdCIAS EM TEMPO REAL","isPartOf":{"@id":"https:\/\/maranhaotv.com.br\/#website"},"primaryImageOfPage":{"@id":"https:\/\/maranhaotv.com.br\/index.php\/2020\/01\/09\/barra-do-corda-mp-quer-a-condenacao-de-eric-costa-por-fraude-em-licitacao-de-mais-de-r-1-milhao-de-reais\/#primaryimage"},"image":{"@id":"https:\/\/maranhaotv.com.br\/index.php\/2020\/01\/09\/barra-do-corda-mp-quer-a-condenacao-de-eric-costa-por-fraude-em-licitacao-de-mais-de-r-1-milhao-de-reais\/#primaryimage"},"thumbnailUrl":"","datePublished":"2020-01-09T13:03:45+00:00","breadcrumb":{"@id":"https:\/\/maranhaotv.com.br\/index.php\/2020\/01\/09\/barra-do-corda-mp-quer-a-condenacao-de-eric-costa-por-fraude-em-licitacao-de-mais-de-r-1-milhao-de-reais\/#breadcrumb"},"inLanguage":"pt-BR","potentialAction":[{"@type":"ReadAction","target":["https:\/\/maranhaotv.com.br\/index.php\/2020\/01\/09\/barra-do-corda-mp-quer-a-condenacao-de-eric-costa-por-fraude-em-licitacao-de-mais-de-r-1-milhao-de-reais\/"]}]},{"@type":"ImageObject","inLanguage":"pt-BR","@id":"https:\/\/maranhaotv.com.br\/index.php\/2020\/01\/09\/barra-do-corda-mp-quer-a-condenacao-de-eric-costa-por-fraude-em-licitacao-de-mais-de-r-1-milhao-de-reais\/#primaryimage","url":"","contentUrl":""},{"@type":"BreadcrumbList","@id":"https:\/\/maranhaotv.com.br\/index.php\/2020\/01\/09\/barra-do-corda-mp-quer-a-condenacao-de-eric-costa-por-fraude-em-licitacao-de-mais-de-r-1-milhao-de-reais\/#breadcrumb","itemListElement":[{"@type":"ListItem","position":1,"name":"In\u00edcio","item":"https:\/\/maranhaotv.com.br\/"},{"@type":"ListItem","position":2,"name":"Barra do Corda: MP quer a condena\u00e7\u00e3o de Eric Costa por fraude em licita\u00e7\u00e3o de mais de R$ 1 milh\u00e3o de reais"}]},{"@type":"WebSite","@id":"https:\/\/maranhaotv.com.br\/#website","url":"https:\/\/maranhaotv.com.br\/","name":"Maranh\u00e3oTV","description":"","publisher":{"@id":"https:\/\/maranhaotv.com.br\/#organization"},"potentialAction":[{"@type":"SearchAction","target":{"@type":"EntryPoint","urlTemplate":"https:\/\/maranhaotv.com.br\/?s={search_term_string}"},"query-input":{"@type":"PropertyValueSpecification","valueRequired":true,"valueName":"search_term_string"}}],"inLanguage":"pt-BR"},{"@type":"Organization","@id":"https:\/\/maranhaotv.com.br\/#organization","name":"Portal de Not\u00edcias","url":"https:\/\/maranhaotv.com.br\/","logo":{"@type":"ImageObject","inLanguage":"pt-BR","@id":"https:\/\/maranhaotv.com.br\/#\/schema\/logo\/image\/","url":"https:\/\/maranhaotv.com.br\/wp-content\/uploads\/2024\/05\/cropped-cropped-avatar-1.png","contentUrl":"https:\/\/maranhaotv.com.br\/wp-content\/uploads\/2024\/05\/cropped-cropped-avatar-1.png","width":792,"height":428,"caption":"Portal de Not\u00edcias"},"image":{"@id":"https:\/\/maranhaotv.com.br\/#\/schema\/logo\/image\/"},"sameAs":["https:\/\/www.facebook.com\/maiobaotv","https:\/\/x.com\/sitemaranhaotv","https:\/\/www.instagram.com\/maranhao.tv","https:\/\/www.threads.net\/@maranhao.tv"]},{"@type":"Person","@id":"https:\/\/maranhaotv.com.br\/#\/schema\/person\/3d54238e86b20bb5c89ab2fdb8f8829a","name":"maranhaotv","image":{"@type":"ImageObject","inLanguage":"pt-BR","@id":"https:\/\/secure.gravatar.com\/avatar\/8fadbca458d4cb68b1dd399ae9a40618d747bb1af65ac9fad21c89220a143eb4?s=96&d=mm&r=g","url":"https:\/\/secure.gravatar.com\/avatar\/8fadbca458d4cb68b1dd399ae9a40618d747bb1af65ac9fad21c89220a143eb4?s=96&d=mm&r=g","contentUrl":"https:\/\/secure.gravatar.com\/avatar\/8fadbca458d4cb68b1dd399ae9a40618d747bb1af65ac9fad21c89220a143eb4?s=96&d=mm&r=g","caption":"maranhaotv"},"sameAs":["https:\/\/maranhaotv.com.br\/"],"url":"https:\/\/maranhaotv.com.br\/index.php\/author\/maranhaotv\/"}]}},"jetpack_featured_media_url":"","jetpack_sharing_enabled":true,"_links":{"self":[{"href":"https:\/\/maranhaotv.com.br\/index.php\/wp-json\/wp\/v2\/posts\/8783","targetHints":{"allow":["GET"]}}],"collection":[{"href":"https:\/\/maranhaotv.com.br\/index.php\/wp-json\/wp\/v2\/posts"}],"about":[{"href":"https:\/\/maranhaotv.com.br\/index.php\/wp-json\/wp\/v2\/types\/post"}],"author":[{"embeddable":true,"href":"https:\/\/maranhaotv.com.br\/index.php\/wp-json\/wp\/v2\/users\/2"}],"replies":[{"embeddable":true,"href":"https:\/\/maranhaotv.com.br\/index.php\/wp-json\/wp\/v2\/comments?post=8783"}],"version-history":[{"count":0,"href":"https:\/\/maranhaotv.com.br\/index.php\/wp-json\/wp\/v2\/posts\/8783\/revisions"}],"wp:featuredmedia":[{"embeddable":true,"href":"https:\/\/maranhaotv.com.br\/index.php\/wp-json\/"}],"wp:attachment":[{"href":"https:\/\/maranhaotv.com.br\/index.php\/wp-json\/wp\/v2\/media?parent=8783"}],"wp:term":[{"taxonomy":"category","embeddable":true,"href":"https:\/\/maranhaotv.com.br\/index.php\/wp-json\/wp\/v2\/categories?post=8783"},{"taxonomy":"post_tag","embeddable":true,"href":"https:\/\/maranhaotv.com.br\/index.php\/wp-json\/wp\/v2\/tags?post=8783"}],"curies":[{"name":"wp","href":"https:\/\/api.w.org\/{rel}","templated":true}]}}