{"id":8892,"date":"2020-01-14T14:15:16","date_gmt":"2020-01-14T17:15:16","guid":{"rendered":"https:\/\/maiobaotv.com.br\/?p=8892"},"modified":"2020-01-14T14:15:16","modified_gmt":"2020-01-14T17:15:16","slug":"prefeito-eudes-contrata-empresa-investigada-por-desvio-de-dinheiro-da-saude","status":"publish","type":"post","link":"https:\/\/maranhaotv.com.br\/index.php\/2020\/01\/14\/prefeito-eudes-contrata-empresa-investigada-por-desvio-de-dinheiro-da-saude\/","title":{"rendered":"Prefeito Eudes contrata empresa investigada por desvio de dinheiro da sa\u00fade"},"content":{"rendered":"<p>A prefeitura de S\u00e3o Jos\u00e9 de Ribamar ir\u00e1 contratar a Unir Sa\u00fade, que ser\u00e1 respons\u00e1vel por administrar a sa\u00fade no munic\u00edpio. A organiza\u00e7\u00e3o social vai faturar R$ 20 milh\u00f5es dos cofres p\u00fablicos.<\/p>\n<p>A Organiza\u00e7\u00e3o Social Unir Sa\u00fade, que \u00e9 investigada pelo Minist\u00e9rio P\u00fablico do Rio de Janeiro, por suspeita de irregularidades em contratos com a Prefeitura do Rio, e acumula mais de 60 processos, encontrou em S\u00e3o Jos\u00e9 de Ribamar, uma forma de continuar com suas atividades.<\/p>\n<p>Proibida pela justi\u00e7a do RJ de contratar com a prefeitura carioca, a empresa assinou contrato com a prefeitura de S\u00e3o Jos\u00e9 de Ribamar, comandada pelo prefeito Lu\u00eds Fernando Moura da Silva (PSDB), para administrar o hospital municipal e a maternidade.<\/p>\n<p>Pelo contrato, a organiza\u00e7\u00e3o social, que \u00e9 presidida por Leonardo de Azevedo Assun\u00e7\u00e3o, receber\u00e1 mais de R$ 20 milh\u00f5es e ter\u00e1 a miss\u00e3o de superar o caos na sa\u00fade ribamarense instalado nos \u00faltimos meses, quando hospital e maternidade quase fecham as portas.<\/p>\n<p>Unir Sa\u00fade e mais sete OS s\u00e3o investigadas no RJ<\/p>\n<p>Das dez organiza\u00e7\u00f5es sociais (OSs) que administravam 108 das 248 unidades de sa\u00fade da prefeitura do Rio no ano de 2016, oito s\u00e3o investigadas em procedimentos no Minist\u00e9rio P\u00fablico (MP) estadual e em a\u00e7\u00f5es no Tribunal de Justi\u00e7a (TJ) do Rio por suspeitas de irregularidades. H\u00e1 desde den\u00fancia de n\u00e3o fornecerem condi\u00e7\u00f5es adequadas aos pacientes, at\u00e9 casos de supostos desvios de recursos p\u00fablicos. A maioria das investiga\u00e7\u00f5es teve por base 16 auditorias realizadas pelo Tribunal de Contas do Munic\u00edpio (TCM). Em alguns casos, os auditores constataram sobrepre\u00e7os de at\u00e9 508% na compra de medicamentos.<\/p>\n<p>As auditorias do TCM foram feitas em nove OSs que tinham contrato com a prefeitura \u00e0 \u00e9poca da inspe\u00e7\u00e3o. Apenas na Fiotec n\u00e3o foram detectados problemas. Mas foram apontadas obje\u00e7\u00f5es aos servi\u00e7os nas demais: Instituto de Aten\u00e7\u00e3o B\u00e1sica e Avan\u00e7ada de Sa\u00fade (Iabas), Viva Rio, Associa\u00e7\u00e3o Paulista, Centro de Estudos e Pesquisas Dr. Jo\u00e3o Amorim (Cejam), Centro de Estudos e Pesquisas 28 (Cep 28), Gnosis, Unir e Cruz Vermelha.<\/p>\n<p>Na maior parte, foram identificadas pr\u00e1ticas semelhantes \u00e0s que levaram a Justi\u00e7a a decretar a pris\u00e3o de oito pessoas ligadas \u00e0 Biotech, na opera\u00e7\u00e3o Ilha Fiscal, sob acusa\u00e7\u00e3o de desvio de mais de R$ 48 milh\u00f5es em contratos com a prefeitura. A Biotech, j\u00e1 descredenciada, administrava os hospitais Pedro II (Santa Cruz) e Ronaldo Gazolla (Acari).<\/p>\n<p>Diante da gravidade do quadro \u2014 e do fato de que essas OSs receber\u00e3o este ano R$ 1,9 bilh\u00e3o (cerca de 38,8% do or\u00e7amento destinado \u00e0 sa\u00fade) \u2014 os promotores do MP recomendaram ao munic\u00edpio, a suspens\u00e3o de novas contrata\u00e7\u00f5es.<\/p>\n<p>Leonardo de Azevedo j\u00e1 foi condenado por golpe milion\u00e1rio.<\/p>\n<p>Em 2003, Leonardo de Azevedo Assun\u00e7\u00e3o foi condenado pela Justi\u00e7a goiana porque, atrav\u00e9s de procura\u00e7\u00f5es falsificadas em nome dos pais, conseguiu empr\u00e9stimos banc\u00e1rios de cerca de R$ 1,3 milh\u00e3o.<\/p>\n<p>De acordo com o inqu\u00e9rito policial que integra o processo, em 1996, em Goi\u00e2nia, Leonardo de Azevedo Assun\u00e7\u00e3o, auxiliado por uma pessoa conhecida apenas pelo apelido de \u201cGato ou Rato\u201d, \u201cfalsificou, no todo, documento p\u00fablico e, ainda, inseriu em documento particular de declara\u00e7\u00e3o falsa, alterando a verdade sobre fato juridicamente relevante\u201d. Conforme se apurou, Leonardo \u00e9 s\u00f3cio-propriet\u00e1rio das empresas Lemma-Empreendimentos e Participa\u00e7\u00f5es S\/C Ltda. e Lemma-Agropecu\u00e1ria S\/C Ltda., cujos s\u00f3cios majorit\u00e1rios, gerentes e administradores das mesmas s\u00e3o C\u00e9lio Teodoro de Assun\u00e7\u00e3o e Maria \u00c2ngela de Azevedo Assun\u00e7\u00e3o, pais do acusado que, nesta condi\u00e7\u00e3o, eram os \u00fanicos com poderes de administra\u00e7\u00e3o, ger\u00eancia e representa\u00e7\u00e3o das empresas. Por isso mesmo, anualmente outorgavam procura\u00e7\u00f5es aos seus funcion\u00e1rios, dentre os quais o filho, com validade de um ano, para o fim espec\u00edfico de representa\u00e7\u00e3o social perante bancos e reparti\u00e7\u00f5es p\u00fablicas, dando-lhes poderes para agir sempre em conjunto, jamais isoladamente.<\/p>\n<p>Para conseguir os empr\u00e9stimos banc\u00e1rios e movimentar as conta-corrente, o que n\u00e3o lhe era permitido, Leonardo com o aux\u00edlio de \u201cGato ou Rato\u201d falsificou duas Certid\u00f5es do Cart\u00f3rio do 8\u00ba Of\u00edcio de Notas da Comarca do Rio de Janeiro, levando um primeiro empr\u00e9stimo de R$ 270 mil, em 2 de fevereiro, no Banco Sudameris, seguido de mais dois, no valor de R$ 150 mil, em 10 de maio, no Banco Brasileiro Comercial e um terceiro, no valor de R$ 900 mil, no Banco Rural S\/A, somando tudo em R$ 1,320,00 (um milh\u00e3o, trezentos e vinte mil reais), opera\u00e7\u00f5es realizadas todas no ano de 1996.<\/p>\n<p>A ju\u00edza de primeira inst\u00e2ncia, julgando as acusa\u00e7\u00f5es de falsifica\u00e7\u00e3o de documento p\u00fablico e falsidade ideol\u00f3gica, condenou Leonardo pelas san\u00e7\u00f5es acumuladas a uma pena de pris\u00e3o de quatro anos e seis meses de reclus\u00e3o, em regime inicial semi-aberto, com o pagamento de oitenta dias-multa.<\/p>\n<p><img loading=\"lazy\" decoding=\"async\" class=\"wp-image-8891 alignnone size-full\" src=\"https:\/\/maiobaotv.com.br\/wp-content\/uploads\/2020\/01\/img-20200114-wa0341978227493760101299.jpg\" width=\"508\" height=\"698\"><\/p>\n<div class=\"jetpack-video-wrapper\"><iframe loading=\"lazy\" title=\"Sa\u00fade P\u00fablica, um sonho que n\u00e3o existe\" width=\"800\" height=\"450\" src=\"https:\/\/www.youtube.com\/embed\/g95n5oKUUpk?feature=oembed\" frameborder=\"0\" allow=\"accelerometer; autoplay; clipboard-write; encrypted-media; gyroscope; picture-in-picture; web-share\" referrerpolicy=\"strict-origin-when-cross-origin\" allowfullscreen><\/iframe><\/div>\n<p>Fonte: Portal Maramais<\/p>\n","protected":false},"excerpt":{"rendered":"<p>A prefeitura de S\u00e3o Jos\u00e9 de Ribamar ir\u00e1 contratar a Unir Sa\u00fade, que ser\u00e1 respons\u00e1vel por administrar a sa\u00fade no<\/p>\n","protected":false},"author":2,"featured_media":8893,"comment_status":"closed","ping_status":"closed","sticky":false,"template":"","format":"standard","meta":{"colormag_page_container_layout":"default_layout","colormag_page_sidebar_layout":"default_layout","_jetpack_memberships_contains_paid_content":false,"footnotes":""},"categories":[2],"tags":[47,48],"class_list":["post-8892","post","type-post","status-publish","format-standard","has-post-thumbnail","hentry","category-noticias","tag-eudes-sampaio","tag-sao-jose-de-ribamar"],"magazineBlocksPostFeaturedMedia":{"thumbnail":false,"medium":false,"medium_large":false,"large":false,"1536x1536":false,"2048x2048":false,"colormag-highlighted-post":false,"colormag-featured-post-medium":false,"colormag-featured-post-small":false,"colormag-featured-image":false,"colormag-default-news":false,"colormag-featured-image-large":false},"magazineBlocksPostAuthor":{"name":"maranhaotv","avatar":"https:\/\/secure.gravatar.com\/avatar\/8fadbca458d4cb68b1dd399ae9a40618d747bb1af65ac9fad21c89220a143eb4?s=96&d=mm&r=g"},"magazineBlocksPostCommentsNumber":false,"magazineBlocksPostExcerpt":"A prefeitura de S\u00e3o Jos\u00e9 de Ribamar ir\u00e1 contratar a Unir Sa\u00fade, que ser\u00e1 respons\u00e1vel por administrar a sa\u00fade no","magazineBlocksPostCategories":["not\u00edcias"],"magazineBlocksPostViewCount":142,"magazineBlocksPostReadTime":5,"magazine_blocks_featured_image_url":{"full":false,"medium":false,"thumbnail":false},"magazine_blocks_author":{"display_name":"maranhaotv","author_link":"https:\/\/maranhaotv.com.br\/index.php\/author\/maranhaotv\/"},"magazine_blocks_comment":0,"magazine_blocks_author_image":"https:\/\/secure.gravatar.com\/avatar\/8fadbca458d4cb68b1dd399ae9a40618d747bb1af65ac9fad21c89220a143eb4?s=96&d=mm&r=g","magazine_blocks_category":"<a href=\"#\" class=\"category-link category-link-2\">not\u00edcias<\/a>","yoast_head":"<!-- This site is optimized with the Yoast SEO plugin v27.4 - https:\/\/yoast.com\/product\/yoast-seo-wordpress\/ -->\n<title>Prefeito Eudes contrata empresa investigada por desvio de dinheiro da sa\u00fade - NOT\u00cdCIAS EM TEMPO REAL<\/title>\n<meta name=\"robots\" content=\"index, follow, max-snippet:-1, max-image-preview:large, max-video-preview:-1\" \/>\n<link rel=\"canonical\" href=\"https:\/\/maranhaotv.com.br\/index.php\/2020\/01\/14\/prefeito-eudes-contrata-empresa-investigada-por-desvio-de-dinheiro-da-saude\/\" \/>\n<meta property=\"og:locale\" content=\"pt_BR\" \/>\n<meta property=\"og:type\" content=\"article\" \/>\n<meta property=\"og:title\" content=\"Prefeito Eudes contrata empresa investigada por desvio de dinheiro da sa\u00fade - NOT\u00cdCIAS EM TEMPO REAL\" \/>\n<meta property=\"og:description\" content=\"A prefeitura de S\u00e3o Jos\u00e9 de Ribamar ir\u00e1 contratar a Unir Sa\u00fade, que ser\u00e1 respons\u00e1vel por administrar a sa\u00fade no\" \/>\n<meta property=\"og:url\" content=\"https:\/\/maranhaotv.com.br\/index.php\/2020\/01\/14\/prefeito-eudes-contrata-empresa-investigada-por-desvio-de-dinheiro-da-saude\/\" \/>\n<meta property=\"og:site_name\" content=\"NOT\u00cdCIAS EM TEMPO REAL\" \/>\n<meta property=\"article:publisher\" content=\"https:\/\/www.facebook.com\/maiobaotv\" \/>\n<meta property=\"article:published_time\" content=\"2020-01-14T17:15:16+00:00\" \/>\n<meta name=\"author\" content=\"maranhaotv\" \/>\n<meta name=\"twitter:card\" content=\"summary_large_image\" \/>\n<meta name=\"twitter:creator\" content=\"@sitemaranhaotv\" \/>\n<meta name=\"twitter:site\" content=\"@sitemaranhaotv\" \/>\n<meta name=\"twitter:label1\" content=\"Escrito por\" \/>\n\t<meta name=\"twitter:data1\" content=\"maranhaotv\" \/>\n\t<meta name=\"twitter:label2\" content=\"Est. tempo de leitura\" \/>\n\t<meta name=\"twitter:data2\" content=\"4 minutos\" \/>\n<script type=\"application\/ld+json\" class=\"yoast-schema-graph\">{\"@context\":\"https:\\\/\\\/schema.org\",\"@graph\":[{\"@type\":\"Article\",\"@id\":\"https:\\\/\\\/maranhaotv.com.br\\\/index.php\\\/2020\\\/01\\\/14\\\/prefeito-eudes-contrata-empresa-investigada-por-desvio-de-dinheiro-da-saude\\\/#article\",\"isPartOf\":{\"@id\":\"https:\\\/\\\/maranhaotv.com.br\\\/index.php\\\/2020\\\/01\\\/14\\\/prefeito-eudes-contrata-empresa-investigada-por-desvio-de-dinheiro-da-saude\\\/\"},\"author\":{\"name\":\"maranhaotv\",\"@id\":\"https:\\\/\\\/maranhaotv.com.br\\\/#\\\/schema\\\/person\\\/3d54238e86b20bb5c89ab2fdb8f8829a\"},\"headline\":\"Prefeito Eudes contrata empresa investigada por desvio de dinheiro da sa\u00fade\",\"datePublished\":\"2020-01-14T17:15:16+00:00\",\"mainEntityOfPage\":{\"@id\":\"https:\\\/\\\/maranhaotv.com.br\\\/index.php\\\/2020\\\/01\\\/14\\\/prefeito-eudes-contrata-empresa-investigada-por-desvio-de-dinheiro-da-saude\\\/\"},\"wordCount\":863,\"publisher\":{\"@id\":\"https:\\\/\\\/maranhaotv.com.br\\\/#organization\"},\"image\":{\"@id\":\"https:\\\/\\\/maranhaotv.com.br\\\/index.php\\\/2020\\\/01\\\/14\\\/prefeito-eudes-contrata-empresa-investigada-por-desvio-de-dinheiro-da-saude\\\/#primaryimage\"},\"thumbnailUrl\":\"\",\"keywords\":[\"Eudes Sampaio\",\"S\u00e3o Jos\u00e9 de Ribamar\"],\"articleSection\":[\"not\u00edcias\"],\"inLanguage\":\"pt-BR\"},{\"@type\":\"WebPage\",\"@id\":\"https:\\\/\\\/maranhaotv.com.br\\\/index.php\\\/2020\\\/01\\\/14\\\/prefeito-eudes-contrata-empresa-investigada-por-desvio-de-dinheiro-da-saude\\\/\",\"url\":\"https:\\\/\\\/maranhaotv.com.br\\\/index.php\\\/2020\\\/01\\\/14\\\/prefeito-eudes-contrata-empresa-investigada-por-desvio-de-dinheiro-da-saude\\\/\",\"name\":\"Prefeito Eudes contrata empresa investigada por desvio de dinheiro da sa\u00fade - NOT\u00cdCIAS EM TEMPO REAL\",\"isPartOf\":{\"@id\":\"https:\\\/\\\/maranhaotv.com.br\\\/#website\"},\"primaryImageOfPage\":{\"@id\":\"https:\\\/\\\/maranhaotv.com.br\\\/index.php\\\/2020\\\/01\\\/14\\\/prefeito-eudes-contrata-empresa-investigada-por-desvio-de-dinheiro-da-saude\\\/#primaryimage\"},\"image\":{\"@id\":\"https:\\\/\\\/maranhaotv.com.br\\\/index.php\\\/2020\\\/01\\\/14\\\/prefeito-eudes-contrata-empresa-investigada-por-desvio-de-dinheiro-da-saude\\\/#primaryimage\"},\"thumbnailUrl\":\"\",\"datePublished\":\"2020-01-14T17:15:16+00:00\",\"breadcrumb\":{\"@id\":\"https:\\\/\\\/maranhaotv.com.br\\\/index.php\\\/2020\\\/01\\\/14\\\/prefeito-eudes-contrata-empresa-investigada-por-desvio-de-dinheiro-da-saude\\\/#breadcrumb\"},\"inLanguage\":\"pt-BR\",\"potentialAction\":[{\"@type\":\"ReadAction\",\"target\":[\"https:\\\/\\\/maranhaotv.com.br\\\/index.php\\\/2020\\\/01\\\/14\\\/prefeito-eudes-contrata-empresa-investigada-por-desvio-de-dinheiro-da-saude\\\/\"]}]},{\"@type\":\"ImageObject\",\"inLanguage\":\"pt-BR\",\"@id\":\"https:\\\/\\\/maranhaotv.com.br\\\/index.php\\\/2020\\\/01\\\/14\\\/prefeito-eudes-contrata-empresa-investigada-por-desvio-de-dinheiro-da-saude\\\/#primaryimage\",\"url\":\"\",\"contentUrl\":\"\"},{\"@type\":\"BreadcrumbList\",\"@id\":\"https:\\\/\\\/maranhaotv.com.br\\\/index.php\\\/2020\\\/01\\\/14\\\/prefeito-eudes-contrata-empresa-investigada-por-desvio-de-dinheiro-da-saude\\\/#breadcrumb\",\"itemListElement\":[{\"@type\":\"ListItem\",\"position\":1,\"name\":\"In\u00edcio\",\"item\":\"https:\\\/\\\/maranhaotv.com.br\\\/\"},{\"@type\":\"ListItem\",\"position\":2,\"name\":\"Prefeito Eudes contrata empresa investigada por desvio de dinheiro da sa\u00fade\"}]},{\"@type\":\"WebSite\",\"@id\":\"https:\\\/\\\/maranhaotv.com.br\\\/#website\",\"url\":\"https:\\\/\\\/maranhaotv.com.br\\\/\",\"name\":\"Maranh\u00e3oTV\",\"description\":\"\",\"publisher\":{\"@id\":\"https:\\\/\\\/maranhaotv.com.br\\\/#organization\"},\"potentialAction\":[{\"@type\":\"SearchAction\",\"target\":{\"@type\":\"EntryPoint\",\"urlTemplate\":\"https:\\\/\\\/maranhaotv.com.br\\\/?s={search_term_string}\"},\"query-input\":{\"@type\":\"PropertyValueSpecification\",\"valueRequired\":true,\"valueName\":\"search_term_string\"}}],\"inLanguage\":\"pt-BR\"},{\"@type\":\"Organization\",\"@id\":\"https:\\\/\\\/maranhaotv.com.br\\\/#organization\",\"name\":\"Portal de Not\u00edcias\",\"url\":\"https:\\\/\\\/maranhaotv.com.br\\\/\",\"logo\":{\"@type\":\"ImageObject\",\"inLanguage\":\"pt-BR\",\"@id\":\"https:\\\/\\\/maranhaotv.com.br\\\/#\\\/schema\\\/logo\\\/image\\\/\",\"url\":\"https:\\\/\\\/maranhaotv.com.br\\\/wp-content\\\/uploads\\\/2024\\\/05\\\/cropped-cropped-avatar-1.png\",\"contentUrl\":\"https:\\\/\\\/maranhaotv.com.br\\\/wp-content\\\/uploads\\\/2024\\\/05\\\/cropped-cropped-avatar-1.png\",\"width\":792,\"height\":428,\"caption\":\"Portal de Not\u00edcias\"},\"image\":{\"@id\":\"https:\\\/\\\/maranhaotv.com.br\\\/#\\\/schema\\\/logo\\\/image\\\/\"},\"sameAs\":[\"https:\\\/\\\/www.facebook.com\\\/maiobaotv\",\"https:\\\/\\\/x.com\\\/sitemaranhaotv\",\"https:\\\/\\\/www.instagram.com\\\/maranhao.tv\",\"https:\\\/\\\/www.threads.net\\\/@maranhao.tv\"]},{\"@type\":\"Person\",\"@id\":\"https:\\\/\\\/maranhaotv.com.br\\\/#\\\/schema\\\/person\\\/3d54238e86b20bb5c89ab2fdb8f8829a\",\"name\":\"maranhaotv\",\"image\":{\"@type\":\"ImageObject\",\"inLanguage\":\"pt-BR\",\"@id\":\"https:\\\/\\\/secure.gravatar.com\\\/avatar\\\/8fadbca458d4cb68b1dd399ae9a40618d747bb1af65ac9fad21c89220a143eb4?s=96&d=mm&r=g\",\"url\":\"https:\\\/\\\/secure.gravatar.com\\\/avatar\\\/8fadbca458d4cb68b1dd399ae9a40618d747bb1af65ac9fad21c89220a143eb4?s=96&d=mm&r=g\",\"contentUrl\":\"https:\\\/\\\/secure.gravatar.com\\\/avatar\\\/8fadbca458d4cb68b1dd399ae9a40618d747bb1af65ac9fad21c89220a143eb4?s=96&d=mm&r=g\",\"caption\":\"maranhaotv\"},\"sameAs\":[\"https:\\\/\\\/maranhaotv.com.br\\\/\"],\"url\":\"https:\\\/\\\/maranhaotv.com.br\\\/index.php\\\/author\\\/maranhaotv\\\/\"}]}<\/script>\n<!-- \/ Yoast SEO plugin. -->","yoast_head_json":{"title":"Prefeito Eudes contrata empresa investigada por desvio de dinheiro da sa\u00fade - NOT\u00cdCIAS EM TEMPO REAL","robots":{"index":"index","follow":"follow","max-snippet":"max-snippet:-1","max-image-preview":"max-image-preview:large","max-video-preview":"max-video-preview:-1"},"canonical":"https:\/\/maranhaotv.com.br\/index.php\/2020\/01\/14\/prefeito-eudes-contrata-empresa-investigada-por-desvio-de-dinheiro-da-saude\/","og_locale":"pt_BR","og_type":"article","og_title":"Prefeito Eudes contrata empresa investigada por desvio de dinheiro da sa\u00fade - NOT\u00cdCIAS EM TEMPO REAL","og_description":"A prefeitura de S\u00e3o Jos\u00e9 de Ribamar ir\u00e1 contratar a Unir Sa\u00fade, que ser\u00e1 respons\u00e1vel por administrar a sa\u00fade no","og_url":"https:\/\/maranhaotv.com.br\/index.php\/2020\/01\/14\/prefeito-eudes-contrata-empresa-investigada-por-desvio-de-dinheiro-da-saude\/","og_site_name":"NOT\u00cdCIAS EM TEMPO REAL","article_publisher":"https:\/\/www.facebook.com\/maiobaotv","article_published_time":"2020-01-14T17:15:16+00:00","author":"maranhaotv","twitter_card":"summary_large_image","twitter_creator":"@sitemaranhaotv","twitter_site":"@sitemaranhaotv","twitter_misc":{"Escrito por":"maranhaotv","Est. tempo de leitura":"4 minutos"},"schema":{"@context":"https:\/\/schema.org","@graph":[{"@type":"Article","@id":"https:\/\/maranhaotv.com.br\/index.php\/2020\/01\/14\/prefeito-eudes-contrata-empresa-investigada-por-desvio-de-dinheiro-da-saude\/#article","isPartOf":{"@id":"https:\/\/maranhaotv.com.br\/index.php\/2020\/01\/14\/prefeito-eudes-contrata-empresa-investigada-por-desvio-de-dinheiro-da-saude\/"},"author":{"name":"maranhaotv","@id":"https:\/\/maranhaotv.com.br\/#\/schema\/person\/3d54238e86b20bb5c89ab2fdb8f8829a"},"headline":"Prefeito Eudes contrata empresa investigada por desvio de dinheiro da sa\u00fade","datePublished":"2020-01-14T17:15:16+00:00","mainEntityOfPage":{"@id":"https:\/\/maranhaotv.com.br\/index.php\/2020\/01\/14\/prefeito-eudes-contrata-empresa-investigada-por-desvio-de-dinheiro-da-saude\/"},"wordCount":863,"publisher":{"@id":"https:\/\/maranhaotv.com.br\/#organization"},"image":{"@id":"https:\/\/maranhaotv.com.br\/index.php\/2020\/01\/14\/prefeito-eudes-contrata-empresa-investigada-por-desvio-de-dinheiro-da-saude\/#primaryimage"},"thumbnailUrl":"","keywords":["Eudes Sampaio","S\u00e3o Jos\u00e9 de Ribamar"],"articleSection":["not\u00edcias"],"inLanguage":"pt-BR"},{"@type":"WebPage","@id":"https:\/\/maranhaotv.com.br\/index.php\/2020\/01\/14\/prefeito-eudes-contrata-empresa-investigada-por-desvio-de-dinheiro-da-saude\/","url":"https:\/\/maranhaotv.com.br\/index.php\/2020\/01\/14\/prefeito-eudes-contrata-empresa-investigada-por-desvio-de-dinheiro-da-saude\/","name":"Prefeito Eudes contrata empresa investigada por desvio de dinheiro da sa\u00fade - NOT\u00cdCIAS EM TEMPO REAL","isPartOf":{"@id":"https:\/\/maranhaotv.com.br\/#website"},"primaryImageOfPage":{"@id":"https:\/\/maranhaotv.com.br\/index.php\/2020\/01\/14\/prefeito-eudes-contrata-empresa-investigada-por-desvio-de-dinheiro-da-saude\/#primaryimage"},"image":{"@id":"https:\/\/maranhaotv.com.br\/index.php\/2020\/01\/14\/prefeito-eudes-contrata-empresa-investigada-por-desvio-de-dinheiro-da-saude\/#primaryimage"},"thumbnailUrl":"","datePublished":"2020-01-14T17:15:16+00:00","breadcrumb":{"@id":"https:\/\/maranhaotv.com.br\/index.php\/2020\/01\/14\/prefeito-eudes-contrata-empresa-investigada-por-desvio-de-dinheiro-da-saude\/#breadcrumb"},"inLanguage":"pt-BR","potentialAction":[{"@type":"ReadAction","target":["https:\/\/maranhaotv.com.br\/index.php\/2020\/01\/14\/prefeito-eudes-contrata-empresa-investigada-por-desvio-de-dinheiro-da-saude\/"]}]},{"@type":"ImageObject","inLanguage":"pt-BR","@id":"https:\/\/maranhaotv.com.br\/index.php\/2020\/01\/14\/prefeito-eudes-contrata-empresa-investigada-por-desvio-de-dinheiro-da-saude\/#primaryimage","url":"","contentUrl":""},{"@type":"BreadcrumbList","@id":"https:\/\/maranhaotv.com.br\/index.php\/2020\/01\/14\/prefeito-eudes-contrata-empresa-investigada-por-desvio-de-dinheiro-da-saude\/#breadcrumb","itemListElement":[{"@type":"ListItem","position":1,"name":"In\u00edcio","item":"https:\/\/maranhaotv.com.br\/"},{"@type":"ListItem","position":2,"name":"Prefeito Eudes contrata empresa investigada por desvio de dinheiro da sa\u00fade"}]},{"@type":"WebSite","@id":"https:\/\/maranhaotv.com.br\/#website","url":"https:\/\/maranhaotv.com.br\/","name":"Maranh\u00e3oTV","description":"","publisher":{"@id":"https:\/\/maranhaotv.com.br\/#organization"},"potentialAction":[{"@type":"SearchAction","target":{"@type":"EntryPoint","urlTemplate":"https:\/\/maranhaotv.com.br\/?s={search_term_string}"},"query-input":{"@type":"PropertyValueSpecification","valueRequired":true,"valueName":"search_term_string"}}],"inLanguage":"pt-BR"},{"@type":"Organization","@id":"https:\/\/maranhaotv.com.br\/#organization","name":"Portal de Not\u00edcias","url":"https:\/\/maranhaotv.com.br\/","logo":{"@type":"ImageObject","inLanguage":"pt-BR","@id":"https:\/\/maranhaotv.com.br\/#\/schema\/logo\/image\/","url":"https:\/\/maranhaotv.com.br\/wp-content\/uploads\/2024\/05\/cropped-cropped-avatar-1.png","contentUrl":"https:\/\/maranhaotv.com.br\/wp-content\/uploads\/2024\/05\/cropped-cropped-avatar-1.png","width":792,"height":428,"caption":"Portal de Not\u00edcias"},"image":{"@id":"https:\/\/maranhaotv.com.br\/#\/schema\/logo\/image\/"},"sameAs":["https:\/\/www.facebook.com\/maiobaotv","https:\/\/x.com\/sitemaranhaotv","https:\/\/www.instagram.com\/maranhao.tv","https:\/\/www.threads.net\/@maranhao.tv"]},{"@type":"Person","@id":"https:\/\/maranhaotv.com.br\/#\/schema\/person\/3d54238e86b20bb5c89ab2fdb8f8829a","name":"maranhaotv","image":{"@type":"ImageObject","inLanguage":"pt-BR","@id":"https:\/\/secure.gravatar.com\/avatar\/8fadbca458d4cb68b1dd399ae9a40618d747bb1af65ac9fad21c89220a143eb4?s=96&d=mm&r=g","url":"https:\/\/secure.gravatar.com\/avatar\/8fadbca458d4cb68b1dd399ae9a40618d747bb1af65ac9fad21c89220a143eb4?s=96&d=mm&r=g","contentUrl":"https:\/\/secure.gravatar.com\/avatar\/8fadbca458d4cb68b1dd399ae9a40618d747bb1af65ac9fad21c89220a143eb4?s=96&d=mm&r=g","caption":"maranhaotv"},"sameAs":["https:\/\/maranhaotv.com.br\/"],"url":"https:\/\/maranhaotv.com.br\/index.php\/author\/maranhaotv\/"}]}},"jetpack_featured_media_url":"","jetpack_sharing_enabled":true,"_links":{"self":[{"href":"https:\/\/maranhaotv.com.br\/index.php\/wp-json\/wp\/v2\/posts\/8892","targetHints":{"allow":["GET"]}}],"collection":[{"href":"https:\/\/maranhaotv.com.br\/index.php\/wp-json\/wp\/v2\/posts"}],"about":[{"href":"https:\/\/maranhaotv.com.br\/index.php\/wp-json\/wp\/v2\/types\/post"}],"author":[{"embeddable":true,"href":"https:\/\/maranhaotv.com.br\/index.php\/wp-json\/wp\/v2\/users\/2"}],"replies":[{"embeddable":true,"href":"https:\/\/maranhaotv.com.br\/index.php\/wp-json\/wp\/v2\/comments?post=8892"}],"version-history":[{"count":0,"href":"https:\/\/maranhaotv.com.br\/index.php\/wp-json\/wp\/v2\/posts\/8892\/revisions"}],"wp:featuredmedia":[{"embeddable":true,"href":"https:\/\/maranhaotv.com.br\/index.php\/wp-json\/"}],"wp:attachment":[{"href":"https:\/\/maranhaotv.com.br\/index.php\/wp-json\/wp\/v2\/media?parent=8892"}],"wp:term":[{"taxonomy":"category","embeddable":true,"href":"https:\/\/maranhaotv.com.br\/index.php\/wp-json\/wp\/v2\/categories?post=8892"},{"taxonomy":"post_tag","embeddable":true,"href":"https:\/\/maranhaotv.com.br\/index.php\/wp-json\/wp\/v2\/tags?post=8892"}],"curies":[{"name":"wp","href":"https:\/\/api.w.org\/{rel}","templated":true}]}}