{"id":8924,"date":"2020-01-15T17:43:13","date_gmt":"2020-01-15T20:43:13","guid":{"rendered":"https:\/\/maiobaotv.com.br\/?p=8924"},"modified":"2020-01-15T17:43:13","modified_gmt":"2020-01-15T20:43:13","slug":"shows-anuncio-de-obras-e-acao-social-marcam-os-59-anos-de-paco-do-lumiar","status":"publish","type":"post","link":"https:\/\/maranhaotv.com.br\/index.php\/2020\/01\/15\/shows-anuncio-de-obras-e-acao-social-marcam-os-59-anos-de-paco-do-lumiar\/","title":{"rendered":"Shows, an\u00fancio de obras e a\u00e7\u00e3o social marcam os 59 anos de Pa\u00e7o do Lumiar"},"content":{"rendered":"<p>O munic\u00edpio de Pa\u00e7o do Lumiar comemorou 59 anos de emancipa\u00e7\u00e3o pol\u00edtica em grande estilo. A programa\u00e7\u00e3o de anivers\u00e1rio que j\u00e1 havia sido iniciada no \u00faltimo s\u00e1bado (11), na sede do munic\u00edpio, continuou nesta ter\u00e7a-feira, 14 de janeiro, data oficial do anivers\u00e1rio da cidade. A Prefeita em exerc\u00edcio, Paula Azevedo (SD), recepcionou a comunidade e autoridades em uma cerim\u00f4nia realizada logo cedo, na Pra\u00e7a Nossa Senhora da Luz, na sede de Pa\u00e7o do Lumiar. Entre as autoridades presentes o Deputado Estadual Adelmo Soares (Pc do B); o Presidente do Iterma, Raimundo L\u00eddio; o Presidente da C\u00e2mara Municipal de Vereadores de Pa\u00e7o do Lumiar, Fernando Muniz; al\u00e9m dos vereadores Leonardo Bruno, Vagner Souza, J\u00falio Pinheiro, Wellinton Sousa, Puluca, Vanusa Neves, Driele da Pindoba e Orlete Mafra. Os secret\u00e1rios municipais de Pa\u00e7o do Lumiar tamb\u00e9m acompanharam a cerim\u00f4nia de abertura do anivers\u00e1rio da cidade.<\/p>\n<p><img loading=\"lazy\" decoding=\"async\" src=\"https:\/\/maiobaotv.com.br\/wp-content\/uploads\/2020\/01\/img-20200115-wa01986087560520509452092.jpg\" class=\"wp-image-8923 alignnone size-full\" width=\"1280\" height=\"853\"><\/p>\n<p>No evento, Paula anunciou um conjunto de obras que devem ser iniciadas no munic\u00edpio a partir do pr\u00f3ximo m\u00eas, em fevereiro. Entre as obras est\u00e3o \u00e0 reforma do Mercado do Maiob\u00e3o, pavimenta\u00e7\u00e3o com bloquete das ruas 01 e 03 do Conjunto Jaguarema, recapeamento asf\u00e1ltico da Avenida 01 do Abdalla II, al\u00e9m da Avenida dos Marceneiros no Conjunto Roseana Sarney, Avenida Lateral do Cidade Verde e Avenida 04, situada entre o Mana\u00edra e o Conjunto Jaguarema. Tamb\u00e9m foi anunciado o recapeamento asf\u00e1ltico de nove ruas do Conjunto Maiob\u00e3o.<\/p>\n<blockquote><p>\u201cHoje \u00e9 uma data muito importante para o nosso munic\u00edpio, afinal s\u00e3o 59 anos de hist\u00f3ria. Desde que assumimos a Prefeitura de Pa\u00e7o do Lumiar, temos nos dedicado todos os dias para que o nosso munic\u00edpio se desenvolva ainda mais. Essas obras que estamos anunciando hoje \u00e9 apenas o in\u00edcio de uma grande frente de trabalho. O povo de Pa\u00e7o do Lumiar merece viver com dignidade e \u00e9 isso que estamos buscando\u201d, explicou a Prefeita Paula Azevedo.<\/p><\/blockquote>\n<p>O Presidente da C\u00e2mara de Vereadores de Pa\u00e7o do Lumiar, Fernando Muniz, parabenizou o munic\u00edpio pelos 59 anos de emancipa\u00e7\u00e3o pol\u00edtica. \u201cQuero parabenizar todos os luminenses por essa data t\u00e3o importante. Pa\u00e7o do Lumiar \u00e9 uma cidade de povo ordeiro e trabalhador que tem do seu lado uma prefeita que tem trabalhado muito. Como presidente do Legislativo, reitero o nosso compromisso em trabalhar unidos para o bem do povo do nosso munic\u00edpio\u201d, disse Muniz.<\/p>\n<blockquote><p>O Deputado Estadual Adelmo Soares (Pc do B) anunciou o envio de emendas parlamentares para Pa\u00e7o do Lumiar. \u201cNesses 59 anos de Pa\u00e7o do Lumiar, n\u00f3s n\u00e3o poder\u00edamos deixar de comemorar ao lado da Prefeita Paula Azevedo e de todos os companheiros luminenses. Parte das minhas emendas ser\u00e1 direcionada aqui para o munic\u00edpio, beneficiando a sa\u00fade, cultura e infraestrutura. Vamos adiante, para construirmos juntos uma Pa\u00e7o do Lumiar e um Maranh\u00e3o cada vez melhores\u201d, declarou Adelmo.<\/p><\/blockquote>\n<p>Durante a solenidade, a Prefeita em exerc\u00edcio, Paula Azevedo, o Presidente da C\u00e2mara de Vereadores de Pa\u00e7o do Lumiar, Fernando Muniz e o Deputado Estadual Adelmo Soares, ainda hastearam as bandeiras do munic\u00edpio, do Maranh\u00e3o e do Brasil, ao som da banda marcial da Ueb Bandeira Tribuzzi. Eles tamb\u00e9m acompanharam uma grande a\u00e7\u00e3o social realizada na sede, que contou com atendimentos gratuitos em unidades m\u00f3veis de sa\u00fade, massoterapia, acupuntura, cadastramentos em programas sociais, distribui\u00e7\u00e3o de t\u00edtulos de propriedade e uma feirinha de artesanatos e produtos org\u00e2nicos. \u201cEssa a\u00e7\u00e3o social foi uma das melhores que a Prefeitura de Pa\u00e7o do Lumiar j\u00e1 fez. Fiz uma massagem maravilhosa, gostei demais\u201d, contou Cristiane, que mora na sede do munic\u00edpio.<\/p>\n<p>Ainda pela manh\u00e3, como parte da programa\u00e7\u00e3o em alus\u00e3o aos 59 anos da cidade, a Secretaria Municipal de Educa\u00e7\u00e3o tamb\u00e9m realizou uma solenidade para homenagear os alunos aprovados nos processos seletivos de ingresso ao Ensino M\u00e9dio das escolas de refer\u00eancias do Estado do Maranh\u00e3o. O Evento foi realizado no Centro Educacional Domingos Vieira Filho, no Maiob\u00e3o.<\/p>\n<p>No per\u00edodo da tarde, fieis lotaram a igreja cat\u00f3lica Nossa Senhora da Luz, na sede. Momento de f\u00e9 e ora\u00e7\u00e3o que tamb\u00e9m deu in\u00edcio ao ano mission\u00e1rio paroquial, refor\u00e7ando os valores da f\u00e9 e esperan\u00e7a do povo luminense. Ap\u00f3s a missa, o coral Bazica, da Universidade da Terceira Idade (UNITI), se apresentou na pra\u00e7a p\u00fablica e a popula\u00e7\u00e3o saboreou o bolo de anivers\u00e1rio da cidade. A Prefeita Paula Azevedo ajudou na distribui\u00e7\u00e3o do bolo, que tinha 5 metros de comprimento.<\/p>\n<p>J\u00e1 durante a noite, uma multid\u00e3o tomou conta do Viva Maiob\u00e3o. Uma grande estrutura de som, luz, palco e seguran\u00e7a foi montada para receber a Banda a Loba, Romim Mata e Toca do Vale. Eles colocaram todo mundo pra dan\u00e7ar. \u201cO show foi fant\u00e1stico, a galera tava muito animada mesmo depois da chuva. Agrade\u00e7o ao convite feito pela Prefeitura de Pa\u00e7o do Lumiar desejando muita prosperidade para o munic\u00edpio\u201d, disse o cantor Romim Mata.<\/p>\n<p>Toca do Vale, conhecido pelo autentico forr\u00f3, tamb\u00e9m empolgou o p\u00fablico. \u201cMuito feliz em poder animar esse povo querido de Pa\u00e7o do Lumiar. A gente roda o Brasil todo, mas cada cidade, cada show \u00e9 diferente. Hoje tivemos uma festa maravilhosa, todo mundo se divertiu com seguran\u00e7a e \u00e9 assim que tem que ser. Quero agradecer ao convite da prefeitura e dizer que pr\u00f3ximo ano quero estar aqui de novo\u201d, finalizou o cantor.<\/p>\n<p><img loading=\"lazy\" decoding=\"async\" src=\"https:\/\/maiobaotv.com.br\/wp-content\/uploads\/2020\/01\/img-20200115-wa01964563636272645180576.jpg\" class=\"wp-image-8925 alignnone size-full\" width=\"1280\" height=\"853\"><\/p>\n<p><img loading=\"lazy\" decoding=\"async\" src=\"https:\/\/maiobaotv.com.br\/wp-content\/uploads\/2020\/01\/img-20200115-wa01927113381066833654060.jpg\" class=\"wp-image-8926 alignnone size-full\" width=\"1280\" height=\"853\"><\/p>\n<p><img loading=\"lazy\" decoding=\"async\" src=\"https:\/\/maiobaotv.com.br\/wp-content\/uploads\/2020\/01\/img-20200115-wa01938846965559273605108.jpg\" class=\"wp-image-8927 alignnone size-full\" width=\"1280\" height=\"853\"><\/p>\n<p><img loading=\"lazy\" decoding=\"async\" src=\"https:\/\/maiobaotv.com.br\/wp-content\/uploads\/2020\/01\/img-20200115-wa0197840453980260875229.jpg\" class=\"wp-image-8928 alignnone size-full\" width=\"1280\" height=\"853\"><\/p>\n<p><img loading=\"lazy\" decoding=\"async\" src=\"https:\/\/maiobaotv.com.br\/wp-content\/uploads\/2020\/01\/img-20200115-wa01948836568373234518579.jpg\" class=\"wp-image-8929 alignnone size-full\" width=\"1280\" height=\"853\"><\/p>\n<p><img loading=\"lazy\" decoding=\"async\" src=\"https:\/\/maiobaotv.com.br\/wp-content\/uploads\/2020\/01\/img-20200115-wa01951266835627182194033.jpg\" class=\"wp-image-8930 alignnone size-full\" width=\"1280\" height=\"853\"><\/p>\n<p>Fotos: Diego Chaves<\/p>\n","protected":false},"excerpt":{"rendered":"<p>O munic\u00edpio de Pa\u00e7o do Lumiar comemorou 59 anos de emancipa\u00e7\u00e3o pol\u00edtica em grande estilo. A programa\u00e7\u00e3o de anivers\u00e1rio que<\/p>\n","protected":false},"author":2,"featured_media":8931,"comment_status":"closed","ping_status":"closed","sticky":false,"template":"","format":"standard","meta":{"colormag_page_container_layout":"default_layout","colormag_page_sidebar_layout":"default_layout","_jetpack_memberships_contains_paid_content":false,"footnotes":""},"categories":[6],"tags":[],"class_list":["post-8924","post","type-post","status-publish","format-standard","has-post-thumbnail","hentry","category-politica"],"magazineBlocksPostFeaturedMedia":{"thumbnail":false,"medium":false,"medium_large":false,"large":false,"1536x1536":false,"2048x2048":false,"colormag-highlighted-post":false,"colormag-featured-post-medium":false,"colormag-featured-post-small":false,"colormag-featured-image":false,"colormag-default-news":false,"colormag-featured-image-large":false},"magazineBlocksPostAuthor":{"name":"maranhaotv","avatar":"https:\/\/secure.gravatar.com\/avatar\/8fadbca458d4cb68b1dd399ae9a40618d747bb1af65ac9fad21c89220a143eb4?s=96&d=mm&r=g"},"magazineBlocksPostCommentsNumber":false,"magazineBlocksPostExcerpt":"O munic\u00edpio de Pa\u00e7o do Lumiar comemorou 59 anos de emancipa\u00e7\u00e3o pol\u00edtica em grande estilo. A programa\u00e7\u00e3o de anivers\u00e1rio que","magazineBlocksPostCategories":["pol\u00edtica"],"magazineBlocksPostViewCount":223,"magazineBlocksPostReadTime":5,"magazine_blocks_featured_image_url":{"full":false,"medium":false,"thumbnail":false},"magazine_blocks_author":{"display_name":"maranhaotv","author_link":"https:\/\/maranhaotv.com.br\/index.php\/author\/maranhaotv\/"},"magazine_blocks_comment":0,"magazine_blocks_author_image":"https:\/\/secure.gravatar.com\/avatar\/8fadbca458d4cb68b1dd399ae9a40618d747bb1af65ac9fad21c89220a143eb4?s=96&d=mm&r=g","magazine_blocks_category":"<a href=\"#\" class=\"category-link category-link-6\">pol\u00edtica<\/a>","yoast_head":"<!-- This site is optimized with the Yoast SEO plugin v27.4 - https:\/\/yoast.com\/product\/yoast-seo-wordpress\/ -->\n<title>Shows, an\u00fancio de obras e a\u00e7\u00e3o social marcam os 59 anos de Pa\u00e7o do Lumiar - NOT\u00cdCIAS EM TEMPO REAL<\/title>\n<meta name=\"robots\" content=\"index, follow, max-snippet:-1, max-image-preview:large, max-video-preview:-1\" \/>\n<link rel=\"canonical\" href=\"https:\/\/maranhaotv.com.br\/index.php\/2020\/01\/15\/shows-anuncio-de-obras-e-acao-social-marcam-os-59-anos-de-paco-do-lumiar\/\" \/>\n<meta property=\"og:locale\" content=\"pt_BR\" \/>\n<meta property=\"og:type\" content=\"article\" \/>\n<meta property=\"og:title\" content=\"Shows, an\u00fancio de obras e a\u00e7\u00e3o social marcam os 59 anos de Pa\u00e7o do Lumiar - NOT\u00cdCIAS EM TEMPO REAL\" \/>\n<meta property=\"og:description\" content=\"O munic\u00edpio de Pa\u00e7o do Lumiar comemorou 59 anos de emancipa\u00e7\u00e3o pol\u00edtica em grande estilo. A programa\u00e7\u00e3o de anivers\u00e1rio que\" \/>\n<meta property=\"og:url\" content=\"https:\/\/maranhaotv.com.br\/index.php\/2020\/01\/15\/shows-anuncio-de-obras-e-acao-social-marcam-os-59-anos-de-paco-do-lumiar\/\" \/>\n<meta property=\"og:site_name\" content=\"NOT\u00cdCIAS EM TEMPO REAL\" \/>\n<meta property=\"article:publisher\" content=\"https:\/\/www.facebook.com\/maiobaotv\" \/>\n<meta property=\"article:published_time\" content=\"2020-01-15T20:43:13+00:00\" \/>\n<meta name=\"author\" content=\"maranhaotv\" \/>\n<meta name=\"twitter:card\" content=\"summary_large_image\" \/>\n<meta name=\"twitter:creator\" content=\"@sitemaranhaotv\" \/>\n<meta name=\"twitter:site\" content=\"@sitemaranhaotv\" \/>\n<meta name=\"twitter:label1\" content=\"Escrito por\" \/>\n\t<meta name=\"twitter:data1\" content=\"maranhaotv\" \/>\n\t<meta name=\"twitter:label2\" content=\"Est. tempo de leitura\" \/>\n\t<meta name=\"twitter:data2\" content=\"5 minutos\" \/>\n<script type=\"application\/ld+json\" class=\"yoast-schema-graph\">{\"@context\":\"https:\\\/\\\/schema.org\",\"@graph\":[{\"@type\":\"Article\",\"@id\":\"https:\\\/\\\/maranhaotv.com.br\\\/index.php\\\/2020\\\/01\\\/15\\\/shows-anuncio-de-obras-e-acao-social-marcam-os-59-anos-de-paco-do-lumiar\\\/#article\",\"isPartOf\":{\"@id\":\"https:\\\/\\\/maranhaotv.com.br\\\/index.php\\\/2020\\\/01\\\/15\\\/shows-anuncio-de-obras-e-acao-social-marcam-os-59-anos-de-paco-do-lumiar\\\/\"},\"author\":{\"name\":\"maranhaotv\",\"@id\":\"https:\\\/\\\/maranhaotv.com.br\\\/#\\\/schema\\\/person\\\/3d54238e86b20bb5c89ab2fdb8f8829a\"},\"headline\":\"Shows, an\u00fancio de obras e a\u00e7\u00e3o social marcam os 59 anos de Pa\u00e7o do Lumiar\",\"datePublished\":\"2020-01-15T20:43:13+00:00\",\"mainEntityOfPage\":{\"@id\":\"https:\\\/\\\/maranhaotv.com.br\\\/index.php\\\/2020\\\/01\\\/15\\\/shows-anuncio-de-obras-e-acao-social-marcam-os-59-anos-de-paco-do-lumiar\\\/\"},\"wordCount\":966,\"publisher\":{\"@id\":\"https:\\\/\\\/maranhaotv.com.br\\\/#organization\"},\"image\":{\"@id\":\"https:\\\/\\\/maranhaotv.com.br\\\/index.php\\\/2020\\\/01\\\/15\\\/shows-anuncio-de-obras-e-acao-social-marcam-os-59-anos-de-paco-do-lumiar\\\/#primaryimage\"},\"thumbnailUrl\":\"\",\"articleSection\":[\"pol\u00edtica\"],\"inLanguage\":\"pt-BR\"},{\"@type\":\"WebPage\",\"@id\":\"https:\\\/\\\/maranhaotv.com.br\\\/index.php\\\/2020\\\/01\\\/15\\\/shows-anuncio-de-obras-e-acao-social-marcam-os-59-anos-de-paco-do-lumiar\\\/\",\"url\":\"https:\\\/\\\/maranhaotv.com.br\\\/index.php\\\/2020\\\/01\\\/15\\\/shows-anuncio-de-obras-e-acao-social-marcam-os-59-anos-de-paco-do-lumiar\\\/\",\"name\":\"Shows, an\u00fancio de obras e a\u00e7\u00e3o social marcam os 59 anos de Pa\u00e7o do Lumiar - NOT\u00cdCIAS EM TEMPO REAL\",\"isPartOf\":{\"@id\":\"https:\\\/\\\/maranhaotv.com.br\\\/#website\"},\"primaryImageOfPage\":{\"@id\":\"https:\\\/\\\/maranhaotv.com.br\\\/index.php\\\/2020\\\/01\\\/15\\\/shows-anuncio-de-obras-e-acao-social-marcam-os-59-anos-de-paco-do-lumiar\\\/#primaryimage\"},\"image\":{\"@id\":\"https:\\\/\\\/maranhaotv.com.br\\\/index.php\\\/2020\\\/01\\\/15\\\/shows-anuncio-de-obras-e-acao-social-marcam-os-59-anos-de-paco-do-lumiar\\\/#primaryimage\"},\"thumbnailUrl\":\"\",\"datePublished\":\"2020-01-15T20:43:13+00:00\",\"breadcrumb\":{\"@id\":\"https:\\\/\\\/maranhaotv.com.br\\\/index.php\\\/2020\\\/01\\\/15\\\/shows-anuncio-de-obras-e-acao-social-marcam-os-59-anos-de-paco-do-lumiar\\\/#breadcrumb\"},\"inLanguage\":\"pt-BR\",\"potentialAction\":[{\"@type\":\"ReadAction\",\"target\":[\"https:\\\/\\\/maranhaotv.com.br\\\/index.php\\\/2020\\\/01\\\/15\\\/shows-anuncio-de-obras-e-acao-social-marcam-os-59-anos-de-paco-do-lumiar\\\/\"]}]},{\"@type\":\"ImageObject\",\"inLanguage\":\"pt-BR\",\"@id\":\"https:\\\/\\\/maranhaotv.com.br\\\/index.php\\\/2020\\\/01\\\/15\\\/shows-anuncio-de-obras-e-acao-social-marcam-os-59-anos-de-paco-do-lumiar\\\/#primaryimage\",\"url\":\"\",\"contentUrl\":\"\"},{\"@type\":\"BreadcrumbList\",\"@id\":\"https:\\\/\\\/maranhaotv.com.br\\\/index.php\\\/2020\\\/01\\\/15\\\/shows-anuncio-de-obras-e-acao-social-marcam-os-59-anos-de-paco-do-lumiar\\\/#breadcrumb\",\"itemListElement\":[{\"@type\":\"ListItem\",\"position\":1,\"name\":\"In\u00edcio\",\"item\":\"https:\\\/\\\/maranhaotv.com.br\\\/\"},{\"@type\":\"ListItem\",\"position\":2,\"name\":\"Shows, an\u00fancio de obras e a\u00e7\u00e3o social marcam os 59 anos de Pa\u00e7o do Lumiar\"}]},{\"@type\":\"WebSite\",\"@id\":\"https:\\\/\\\/maranhaotv.com.br\\\/#website\",\"url\":\"https:\\\/\\\/maranhaotv.com.br\\\/\",\"name\":\"Maranh\u00e3oTV\",\"description\":\"\",\"publisher\":{\"@id\":\"https:\\\/\\\/maranhaotv.com.br\\\/#organization\"},\"potentialAction\":[{\"@type\":\"SearchAction\",\"target\":{\"@type\":\"EntryPoint\",\"urlTemplate\":\"https:\\\/\\\/maranhaotv.com.br\\\/?s={search_term_string}\"},\"query-input\":{\"@type\":\"PropertyValueSpecification\",\"valueRequired\":true,\"valueName\":\"search_term_string\"}}],\"inLanguage\":\"pt-BR\"},{\"@type\":\"Organization\",\"@id\":\"https:\\\/\\\/maranhaotv.com.br\\\/#organization\",\"name\":\"Portal de Not\u00edcias\",\"url\":\"https:\\\/\\\/maranhaotv.com.br\\\/\",\"logo\":{\"@type\":\"ImageObject\",\"inLanguage\":\"pt-BR\",\"@id\":\"https:\\\/\\\/maranhaotv.com.br\\\/#\\\/schema\\\/logo\\\/image\\\/\",\"url\":\"https:\\\/\\\/maranhaotv.com.br\\\/wp-content\\\/uploads\\\/2024\\\/05\\\/cropped-cropped-avatar-1.png\",\"contentUrl\":\"https:\\\/\\\/maranhaotv.com.br\\\/wp-content\\\/uploads\\\/2024\\\/05\\\/cropped-cropped-avatar-1.png\",\"width\":792,\"height\":428,\"caption\":\"Portal de Not\u00edcias\"},\"image\":{\"@id\":\"https:\\\/\\\/maranhaotv.com.br\\\/#\\\/schema\\\/logo\\\/image\\\/\"},\"sameAs\":[\"https:\\\/\\\/www.facebook.com\\\/maiobaotv\",\"https:\\\/\\\/x.com\\\/sitemaranhaotv\",\"https:\\\/\\\/www.instagram.com\\\/maranhao.tv\",\"https:\\\/\\\/www.threads.net\\\/@maranhao.tv\"]},{\"@type\":\"Person\",\"@id\":\"https:\\\/\\\/maranhaotv.com.br\\\/#\\\/schema\\\/person\\\/3d54238e86b20bb5c89ab2fdb8f8829a\",\"name\":\"maranhaotv\",\"image\":{\"@type\":\"ImageObject\",\"inLanguage\":\"pt-BR\",\"@id\":\"https:\\\/\\\/secure.gravatar.com\\\/avatar\\\/8fadbca458d4cb68b1dd399ae9a40618d747bb1af65ac9fad21c89220a143eb4?s=96&d=mm&r=g\",\"url\":\"https:\\\/\\\/secure.gravatar.com\\\/avatar\\\/8fadbca458d4cb68b1dd399ae9a40618d747bb1af65ac9fad21c89220a143eb4?s=96&d=mm&r=g\",\"contentUrl\":\"https:\\\/\\\/secure.gravatar.com\\\/avatar\\\/8fadbca458d4cb68b1dd399ae9a40618d747bb1af65ac9fad21c89220a143eb4?s=96&d=mm&r=g\",\"caption\":\"maranhaotv\"},\"sameAs\":[\"https:\\\/\\\/maranhaotv.com.br\\\/\"],\"url\":\"https:\\\/\\\/maranhaotv.com.br\\\/index.php\\\/author\\\/maranhaotv\\\/\"}]}<\/script>\n<!-- \/ Yoast SEO plugin. -->","yoast_head_json":{"title":"Shows, an\u00fancio de obras e a\u00e7\u00e3o social marcam os 59 anos de Pa\u00e7o do Lumiar - NOT\u00cdCIAS EM TEMPO REAL","robots":{"index":"index","follow":"follow","max-snippet":"max-snippet:-1","max-image-preview":"max-image-preview:large","max-video-preview":"max-video-preview:-1"},"canonical":"https:\/\/maranhaotv.com.br\/index.php\/2020\/01\/15\/shows-anuncio-de-obras-e-acao-social-marcam-os-59-anos-de-paco-do-lumiar\/","og_locale":"pt_BR","og_type":"article","og_title":"Shows, an\u00fancio de obras e a\u00e7\u00e3o social marcam os 59 anos de Pa\u00e7o do Lumiar - NOT\u00cdCIAS EM TEMPO REAL","og_description":"O munic\u00edpio de Pa\u00e7o do Lumiar comemorou 59 anos de emancipa\u00e7\u00e3o pol\u00edtica em grande estilo. A programa\u00e7\u00e3o de anivers\u00e1rio que","og_url":"https:\/\/maranhaotv.com.br\/index.php\/2020\/01\/15\/shows-anuncio-de-obras-e-acao-social-marcam-os-59-anos-de-paco-do-lumiar\/","og_site_name":"NOT\u00cdCIAS EM TEMPO REAL","article_publisher":"https:\/\/www.facebook.com\/maiobaotv","article_published_time":"2020-01-15T20:43:13+00:00","author":"maranhaotv","twitter_card":"summary_large_image","twitter_creator":"@sitemaranhaotv","twitter_site":"@sitemaranhaotv","twitter_misc":{"Escrito por":"maranhaotv","Est. tempo de leitura":"5 minutos"},"schema":{"@context":"https:\/\/schema.org","@graph":[{"@type":"Article","@id":"https:\/\/maranhaotv.com.br\/index.php\/2020\/01\/15\/shows-anuncio-de-obras-e-acao-social-marcam-os-59-anos-de-paco-do-lumiar\/#article","isPartOf":{"@id":"https:\/\/maranhaotv.com.br\/index.php\/2020\/01\/15\/shows-anuncio-de-obras-e-acao-social-marcam-os-59-anos-de-paco-do-lumiar\/"},"author":{"name":"maranhaotv","@id":"https:\/\/maranhaotv.com.br\/#\/schema\/person\/3d54238e86b20bb5c89ab2fdb8f8829a"},"headline":"Shows, an\u00fancio de obras e a\u00e7\u00e3o social marcam os 59 anos de Pa\u00e7o do Lumiar","datePublished":"2020-01-15T20:43:13+00:00","mainEntityOfPage":{"@id":"https:\/\/maranhaotv.com.br\/index.php\/2020\/01\/15\/shows-anuncio-de-obras-e-acao-social-marcam-os-59-anos-de-paco-do-lumiar\/"},"wordCount":966,"publisher":{"@id":"https:\/\/maranhaotv.com.br\/#organization"},"image":{"@id":"https:\/\/maranhaotv.com.br\/index.php\/2020\/01\/15\/shows-anuncio-de-obras-e-acao-social-marcam-os-59-anos-de-paco-do-lumiar\/#primaryimage"},"thumbnailUrl":"","articleSection":["pol\u00edtica"],"inLanguage":"pt-BR"},{"@type":"WebPage","@id":"https:\/\/maranhaotv.com.br\/index.php\/2020\/01\/15\/shows-anuncio-de-obras-e-acao-social-marcam-os-59-anos-de-paco-do-lumiar\/","url":"https:\/\/maranhaotv.com.br\/index.php\/2020\/01\/15\/shows-anuncio-de-obras-e-acao-social-marcam-os-59-anos-de-paco-do-lumiar\/","name":"Shows, an\u00fancio de obras e a\u00e7\u00e3o social marcam os 59 anos de Pa\u00e7o do Lumiar - NOT\u00cdCIAS EM TEMPO REAL","isPartOf":{"@id":"https:\/\/maranhaotv.com.br\/#website"},"primaryImageOfPage":{"@id":"https:\/\/maranhaotv.com.br\/index.php\/2020\/01\/15\/shows-anuncio-de-obras-e-acao-social-marcam-os-59-anos-de-paco-do-lumiar\/#primaryimage"},"image":{"@id":"https:\/\/maranhaotv.com.br\/index.php\/2020\/01\/15\/shows-anuncio-de-obras-e-acao-social-marcam-os-59-anos-de-paco-do-lumiar\/#primaryimage"},"thumbnailUrl":"","datePublished":"2020-01-15T20:43:13+00:00","breadcrumb":{"@id":"https:\/\/maranhaotv.com.br\/index.php\/2020\/01\/15\/shows-anuncio-de-obras-e-acao-social-marcam-os-59-anos-de-paco-do-lumiar\/#breadcrumb"},"inLanguage":"pt-BR","potentialAction":[{"@type":"ReadAction","target":["https:\/\/maranhaotv.com.br\/index.php\/2020\/01\/15\/shows-anuncio-de-obras-e-acao-social-marcam-os-59-anos-de-paco-do-lumiar\/"]}]},{"@type":"ImageObject","inLanguage":"pt-BR","@id":"https:\/\/maranhaotv.com.br\/index.php\/2020\/01\/15\/shows-anuncio-de-obras-e-acao-social-marcam-os-59-anos-de-paco-do-lumiar\/#primaryimage","url":"","contentUrl":""},{"@type":"BreadcrumbList","@id":"https:\/\/maranhaotv.com.br\/index.php\/2020\/01\/15\/shows-anuncio-de-obras-e-acao-social-marcam-os-59-anos-de-paco-do-lumiar\/#breadcrumb","itemListElement":[{"@type":"ListItem","position":1,"name":"In\u00edcio","item":"https:\/\/maranhaotv.com.br\/"},{"@type":"ListItem","position":2,"name":"Shows, an\u00fancio de obras e a\u00e7\u00e3o social marcam os 59 anos de Pa\u00e7o do Lumiar"}]},{"@type":"WebSite","@id":"https:\/\/maranhaotv.com.br\/#website","url":"https:\/\/maranhaotv.com.br\/","name":"Maranh\u00e3oTV","description":"","publisher":{"@id":"https:\/\/maranhaotv.com.br\/#organization"},"potentialAction":[{"@type":"SearchAction","target":{"@type":"EntryPoint","urlTemplate":"https:\/\/maranhaotv.com.br\/?s={search_term_string}"},"query-input":{"@type":"PropertyValueSpecification","valueRequired":true,"valueName":"search_term_string"}}],"inLanguage":"pt-BR"},{"@type":"Organization","@id":"https:\/\/maranhaotv.com.br\/#organization","name":"Portal de Not\u00edcias","url":"https:\/\/maranhaotv.com.br\/","logo":{"@type":"ImageObject","inLanguage":"pt-BR","@id":"https:\/\/maranhaotv.com.br\/#\/schema\/logo\/image\/","url":"https:\/\/maranhaotv.com.br\/wp-content\/uploads\/2024\/05\/cropped-cropped-avatar-1.png","contentUrl":"https:\/\/maranhaotv.com.br\/wp-content\/uploads\/2024\/05\/cropped-cropped-avatar-1.png","width":792,"height":428,"caption":"Portal de Not\u00edcias"},"image":{"@id":"https:\/\/maranhaotv.com.br\/#\/schema\/logo\/image\/"},"sameAs":["https:\/\/www.facebook.com\/maiobaotv","https:\/\/x.com\/sitemaranhaotv","https:\/\/www.instagram.com\/maranhao.tv","https:\/\/www.threads.net\/@maranhao.tv"]},{"@type":"Person","@id":"https:\/\/maranhaotv.com.br\/#\/schema\/person\/3d54238e86b20bb5c89ab2fdb8f8829a","name":"maranhaotv","image":{"@type":"ImageObject","inLanguage":"pt-BR","@id":"https:\/\/secure.gravatar.com\/avatar\/8fadbca458d4cb68b1dd399ae9a40618d747bb1af65ac9fad21c89220a143eb4?s=96&d=mm&r=g","url":"https:\/\/secure.gravatar.com\/avatar\/8fadbca458d4cb68b1dd399ae9a40618d747bb1af65ac9fad21c89220a143eb4?s=96&d=mm&r=g","contentUrl":"https:\/\/secure.gravatar.com\/avatar\/8fadbca458d4cb68b1dd399ae9a40618d747bb1af65ac9fad21c89220a143eb4?s=96&d=mm&r=g","caption":"maranhaotv"},"sameAs":["https:\/\/maranhaotv.com.br\/"],"url":"https:\/\/maranhaotv.com.br\/index.php\/author\/maranhaotv\/"}]}},"jetpack_featured_media_url":"","jetpack_sharing_enabled":true,"_links":{"self":[{"href":"https:\/\/maranhaotv.com.br\/index.php\/wp-json\/wp\/v2\/posts\/8924","targetHints":{"allow":["GET"]}}],"collection":[{"href":"https:\/\/maranhaotv.com.br\/index.php\/wp-json\/wp\/v2\/posts"}],"about":[{"href":"https:\/\/maranhaotv.com.br\/index.php\/wp-json\/wp\/v2\/types\/post"}],"author":[{"embeddable":true,"href":"https:\/\/maranhaotv.com.br\/index.php\/wp-json\/wp\/v2\/users\/2"}],"replies":[{"embeddable":true,"href":"https:\/\/maranhaotv.com.br\/index.php\/wp-json\/wp\/v2\/comments?post=8924"}],"version-history":[{"count":0,"href":"https:\/\/maranhaotv.com.br\/index.php\/wp-json\/wp\/v2\/posts\/8924\/revisions"}],"wp:featuredmedia":[{"embeddable":true,"href":"https:\/\/maranhaotv.com.br\/index.php\/wp-json\/"}],"wp:attachment":[{"href":"https:\/\/maranhaotv.com.br\/index.php\/wp-json\/wp\/v2\/media?parent=8924"}],"wp:term":[{"taxonomy":"category","embeddable":true,"href":"https:\/\/maranhaotv.com.br\/index.php\/wp-json\/wp\/v2\/categories?post=8924"},{"taxonomy":"post_tag","embeddable":true,"href":"https:\/\/maranhaotv.com.br\/index.php\/wp-json\/wp\/v2\/tags?post=8924"}],"curies":[{"name":"wp","href":"https:\/\/api.w.org\/{rel}","templated":true}]}}