{"id":9022,"date":"2020-01-20T15:23:35","date_gmt":"2020-01-20T18:23:35","guid":{"rendered":"https:\/\/maiobaotv.com.br\/?p=9022"},"modified":"2020-01-20T15:23:35","modified_gmt":"2020-01-20T18:23:35","slug":"prf-apreende-veiculo-transportando-material-explosivo-e-medicamentos-sem-nota-fiscal-em-acailandia-ma","status":"publish","type":"post","link":"https:\/\/maranhaotv.com.br\/index.php\/2020\/01\/20\/prf-apreende-veiculo-transportando-material-explosivo-e-medicamentos-sem-nota-fiscal-em-acailandia-ma\/","title":{"rendered":"PRF apreende ve\u00edculo transportando material explosivo e medicamentos sem nota fiscal em A\u00e7ail\u00e2ndia\/MA"},"content":{"rendered":"<p>Segunda-feira (20), por volta das 03 horas, no km 667 da BR 222, foi abordado o autom\u00f3vel Fiat\/Dobl\u00f4, de cor prata, que transportava grande quantidade de caixas em seu interior.<\/p>\n<p>Ao ser realizada busca minuciosa, foram encontradas 270 c\u00e1psulas de p\u00f3lvora, 10 kg de chumbo 3T, 96 cartelas de comprimidos variados (Pramil, Rheumazin Forte) e 260 caixas de medicamentos diversos (antibi\u00f3ticos, anti-inflamat\u00f3rios, analg\u00e9sicos).<\/p>\n<p>Diante das informa\u00e7\u00f5es obtidas foram constatados, a princ\u00edpio, os seguintes delitos: contrabando; fabrico, fornecimento, aquisi\u00e7\u00e3o posse ou transporte de explosivos ou g\u00e1s t\u00f3xico, ou asfixiante; e falsifica\u00e7\u00e3o, corrup\u00e7\u00e3o, adultera\u00e7\u00e3o ou altera\u00e7\u00e3o de produto destinado a fins terap\u00eauticos ou medicinais.<\/p>\n<p>A ocorr\u00eancia foi encaminhada \u00e0 Delegacia da Pol\u00edcia Civil em A\u00e7ail\u00e2ndia\/MA.<\/p>\n<p><img loading=\"lazy\" decoding=\"async\" src=\"https:\/\/maiobaotv.com.br\/wp-content\/uploads\/2020\/01\/img-20200120-wa01996025919283662095722.jpg\" class=\"wp-image-9021 alignnone size-full\" width=\"648\" height=\"1152\"><\/p>\n<p><img loading=\"lazy\" decoding=\"async\" src=\"https:\/\/maiobaotv.com.br\/wp-content\/uploads\/2020\/01\/img-20200120-wa01981008247162363567037.jpg\" class=\"wp-image-9023 alignnone size-full\" width=\"1152\" height=\"648\"><\/p>\n<div style=\"width: 640px;\" class=\"wp-video\"><video class=\"size-full\" id=\"video-9022-1\" width=\"640\" height=\"360\" preload=\"metadata\" controls=\"controls\"><source type=\"video\/mp4\" src=\"https:\/\/maiobaotv.com.br\/wp-content\/uploads\/2020\/01\/VID-20200120-WA0200.mp4?_=1\" \/><a href=\"https:\/\/maiobaotv.com.br\/wp-content\/uploads\/2020\/01\/VID-20200120-WA0200.mp4\">https:\/\/maiobaotv.com.br\/wp-content\/uploads\/2020\/01\/VID-20200120-WA0200.mp4<\/a><\/video><\/div>\n<p><img loading=\"lazy\" decoding=\"async\" src=\"https:\/\/maiobaotv.com.br\/wp-content\/uploads\/2020\/01\/img-20200120-wa01965238375890714176272.jpg\" class=\"wp-image-9024 alignnone size-full\" width=\"1152\" height=\"648\"><\/p>\n<p>Fonte: PRF<\/p>\n","protected":false},"excerpt":{"rendered":"<p>Segunda-feira (20), por volta das 03 horas, no km 667 da BR 222, foi abordado o autom\u00f3vel Fiat\/Dobl\u00f4, de cor<\/p>\n","protected":false},"author":2,"featured_media":9026,"comment_status":"closed","ping_status":"closed","sticky":false,"template":"","format":"standard","meta":{"colormag_page_container_layout":"default_layout","colormag_page_sidebar_layout":"default_layout","_jetpack_memberships_contains_paid_content":false,"footnotes":""},"categories":[2,3],"tags":[],"class_list":["post-9022","post","type-post","status-publish","format-standard","has-post-thumbnail","hentry","category-noticias","category-policial"],"magazineBlocksPostFeaturedMedia":{"thumbnail":false,"medium":false,"medium_large":false,"large":false,"1536x1536":false,"2048x2048":false,"colormag-highlighted-post":false,"colormag-featured-post-medium":false,"colormag-featured-post-small":false,"colormag-featured-image":false,"colormag-default-news":false,"colormag-featured-image-large":false},"magazineBlocksPostAuthor":{"name":"maranhaotv","avatar":"https:\/\/secure.gravatar.com\/avatar\/8fadbca458d4cb68b1dd399ae9a40618d747bb1af65ac9fad21c89220a143eb4?s=96&d=mm&r=g"},"magazineBlocksPostCommentsNumber":false,"magazineBlocksPostExcerpt":"Segunda-feira (20), por volta das 03 horas, no km 667 da BR 222, foi abordado o autom\u00f3vel Fiat\/Dobl\u00f4, de cor","magazineBlocksPostCategories":["not\u00edcias","policial"],"magazineBlocksPostViewCount":261,"magazineBlocksPostReadTime":1,"magazine_blocks_featured_image_url":{"full":false,"medium":false,"thumbnail":false},"magazine_blocks_author":{"display_name":"maranhaotv","author_link":"https:\/\/maranhaotv.com.br\/index.php\/author\/maranhaotv\/"},"magazine_blocks_comment":0,"magazine_blocks_author_image":"https:\/\/secure.gravatar.com\/avatar\/8fadbca458d4cb68b1dd399ae9a40618d747bb1af65ac9fad21c89220a143eb4?s=96&d=mm&r=g","magazine_blocks_category":"<a href=\"#\" class=\"category-link category-link-2\">not\u00edcias<\/a> <a href=\"#\" class=\"category-link category-link-3\">policial<\/a>","jetpack_featured_media_url":"","jetpack_sharing_enabled":true,"_links":{"self":[{"href":"https:\/\/maranhaotv.com.br\/index.php\/wp-json\/wp\/v2\/posts\/9022","targetHints":{"allow":["GET"]}}],"collection":[{"href":"https:\/\/maranhaotv.com.br\/index.php\/wp-json\/wp\/v2\/posts"}],"about":[{"href":"https:\/\/maranhaotv.com.br\/index.php\/wp-json\/wp\/v2\/types\/post"}],"author":[{"embeddable":true,"href":"https:\/\/maranhaotv.com.br\/index.php\/wp-json\/wp\/v2\/users\/2"}],"replies":[{"embeddable":true,"href":"https:\/\/maranhaotv.com.br\/index.php\/wp-json\/wp\/v2\/comments?post=9022"}],"version-history":[{"count":0,"href":"https:\/\/maranhaotv.com.br\/index.php\/wp-json\/wp\/v2\/posts\/9022\/revisions"}],"wp:featuredmedia":[{"embeddable":true,"href":"https:\/\/maranhaotv.com.br\/index.php\/wp-json\/"}],"wp:attachment":[{"href":"https:\/\/maranhaotv.com.br\/index.php\/wp-json\/wp\/v2\/media?parent=9022"}],"wp:term":[{"taxonomy":"category","embeddable":true,"href":"https:\/\/maranhaotv.com.br\/index.php\/wp-json\/wp\/v2\/categories?post=9022"},{"taxonomy":"post_tag","embeddable":true,"href":"https:\/\/maranhaotv.com.br\/index.php\/wp-json\/wp\/v2\/tags?post=9022"}],"curies":[{"name":"wp","href":"https:\/\/api.w.org\/{rel}","templated":true}]}}