{"id":9033,"date":"2020-01-21T10:37:54","date_gmt":"2020-01-21T13:37:54","guid":{"rendered":"https:\/\/maiobaotv.com.br\/?p=9033"},"modified":"2020-01-21T10:37:54","modified_gmt":"2020-01-21T13:37:54","slug":"viana-magrado-barros-dialoga-com-agricultores-com-comunidades-e-juventude-no-fim-de-semana","status":"publish","type":"post","link":"https:\/\/maranhaotv.com.br\/index.php\/2020\/01\/21\/viana-magrado-barros-dialoga-com-agricultores-com-comunidades-e-juventude-no-fim-de-semana\/","title":{"rendered":"Viana: Magrado Barros dialoga com agricultores, com comunidades e juventude no fim de semana"},"content":{"rendered":"<p>Os fins de semana do prefeito de Viana, Magrado Barros (DEM), s\u00e3o sempre lotados de a\u00e7\u00f5es. Durante o s\u00e1bado e domingo (18 e 19), o prefeito esteve participando de 3 importantes momentos, prezando sempre pela aproxima\u00e7\u00e3o do governo com a comunidade vianense.<\/p>\n<p>A agenda do prefeito come\u00e7ou na manh\u00e3 do \u00faltimo s\u00e1bado (18), quando o prefeito junto com secret\u00e1rios municipais e parlamentares esteve visitando a Feira da Agricultura Familiar, que acontece na pra\u00e7a da B\u00edblia.<\/p>\n<p>A\u00ed lado de sua esposa, Hadyna Amorim, e sua m\u00e3e, dona Seb\u00e1, o prefeito esteve conversando com os produtores e aproveitou para fazer aquela feirinha saud\u00e1vel, adquirindo alimentos e produtos de qualidade, genuinamente vianense.<\/p>\n<p>Os produtores agradeceram o apoio do prefeito Magrado Barros \u00e0 feira, que possibilitou a eles a oportunidade de comercializar seus produtos, fortalecendo assim a renda familiar.<\/p>\n<p>Em seguida o prefeito e comitiva se dirigiram a comunidade Tarum\u00e3, para uma reuni\u00e3o com moradores. O encontro aconteceu na escola municipal S\u00e3o Raimundo.<\/p>\n<p>Os populares solicitaram ao prefeito a melhoria do acesso a comunidade.<\/p>\n<p>Ap\u00f3s ouvir as reivindica\u00e7\u00f5es, o prefeito esclareceu que por conta da situa\u00e7\u00e3o de inadimpl\u00eancia em que recebeu o munic\u00edpio estava impossibilitado de colocar em execu\u00e7\u00e3o um projeto de 2 milh\u00f5es para recupera\u00e7\u00e3o de estradas vicinais, em conv\u00eanio com o INCRA. O munic\u00edpio deve mais de 120 milh\u00f5es de reais a previd\u00eancia, segundo Magrado Barros.<\/p>\n<p>Ele lembrou que apesar disso foram executadas obras de melhorias em estradas de diversos povoados, mencionando a do povoado Caru, Cacoal, Galegas, Silva e Cachoeira. &#8220;Estradas que foram feitas, n\u00e3o apenas raspadas&#8221;, como ele fez quest\u00e3o de afirmar.<\/p>\n<p>Magrado Barros tranquilizou \u00e0 todos que a estrada ser\u00e1 feita, isso num curto espa\u00e7o de tempo.<\/p>\n<p>Ele tamb\u00e9m atendeu o pedido dos jovens se comprometendo a incentivar tamb\u00e9m as pr\u00e1ticas esportivas, com a melhoria do Campo de Futebol da comunidade.<\/p>\n<p>O chefe de gabinete do munic\u00edpio, Manoel Filho, aproveitou para destacar que em 2017 foi realizado o cadastramento das fam\u00edlias da comunidade junto ao INCRA, para garantir a regulariza\u00e7\u00e3o fundi\u00e1ria dos assentados, bem como a vinda de recursos.<\/p>\n<p>Manoel Filho informou que o trabalho j\u00e1 est\u00e1 dando resultado, beneficiando diversas comunidades com a libera\u00e7\u00e3o de benef\u00edcios como o cr\u00e9dito Fomento, j\u00e1 recebido por fam\u00edlias do PA Preque\u00fa Tr\u00eas Marias.<\/p>\n<p>Ao final do encontro moradores e equipe de governo comemoraram di\u00e1logo<\/p>\n<p>J\u00e1 na manh\u00e3 de domingo (19), o prefeito se deslocou a localidade Cacoal, onde participou de um momento de lazer de jovens da Pastoral da Juventude &#8211; PJ, evento que foi realizado gra\u00e7as a seu apoio.<\/p>\n<p>O presidente da PJ, Talisson Michael Pinheiro Mendes, agradeceu o apoio do prefeito \u00e0 juventude do munic\u00edpio, mencionando que gra\u00e7as a isso a Pastoral da Juventude conta hoje com recursos para desenvolver suas atividades.<\/p>\n<p>Em uma roda de conversa com os jovens o prefeito destacou as dificuldades encontradas na gest\u00e3o municipal, ao tempo que reiterou o compromisso de ajudar no desenvolvimento de a\u00e7\u00f5es e pol\u00edticas voltadas a juventude.<\/p>\n<p>Quem tamb\u00e9m esteve acompanhando a comitiva do prefeito foi a vereadora Leonilde de Kereral, o procurador do munic\u00edpio Hilberth Lobo e ainda o secret\u00e1rio de juventude Raimundo Meireles.<\/p>\n<p><img loading=\"lazy\" decoding=\"async\" src=\"https:\/\/maiobaotv.com.br\/wp-content\/uploads\/2020\/01\/img-20200120-wa00899043078945570894130.jpg\" class=\"wp-image-9032 alignnone size-full\" width=\"1265\" height=\"843\"><\/p>\n<p><img loading=\"lazy\" decoding=\"async\" src=\"https:\/\/maiobaotv.com.br\/wp-content\/uploads\/2020\/01\/img-20200120-wa00824580813811266126493.jpg\" class=\"wp-image-9034 alignnone size-full\" width=\"1280\" height=\"853\"><\/p>\n<p><img loading=\"lazy\" decoding=\"async\" src=\"https:\/\/maiobaotv.com.br\/wp-content\/uploads\/2020\/01\/img-20200119-wa01834072039588165657831.jpg\" class=\"wp-image-9035 alignnone size-full\" width=\"1116\" height=\"744\"><\/p>\n<p><img loading=\"lazy\" decoding=\"async\" src=\"https:\/\/maiobaotv.com.br\/wp-content\/uploads\/2020\/01\/img-20200119-wa01826596875086140894013.jpg\" class=\"wp-image-9036 alignnone size-full\" width=\"1207\" height=\"804\"><\/p>\n<p><img loading=\"lazy\" decoding=\"async\" src=\"https:\/\/maiobaotv.com.br\/wp-content\/uploads\/2020\/01\/img-20200119-wa01844188789805587173272.jpg\" class=\"wp-image-9037 alignnone size-full\" width=\"1051\" height=\"701\"><\/p>\n<p><img loading=\"lazy\" decoding=\"async\" src=\"https:\/\/maiobaotv.com.br\/wp-content\/uploads\/2020\/01\/img-20200121-wa01163905215730097835935.jpg\" class=\"wp-image-9038 alignnone size-full\" width=\"1280\" height=\"853\"><\/p>\n<p><img loading=\"lazy\" decoding=\"async\" src=\"https:\/\/maiobaotv.com.br\/wp-content\/uploads\/2020\/01\/img-20200119-wa01758661598775726405777.jpg\" class=\"wp-image-9040 alignnone size-full\" width=\"1082\" height=\"721\"><\/p>\n<p><img loading=\"lazy\" decoding=\"async\" src=\"https:\/\/maiobaotv.com.br\/wp-content\/uploads\/2020\/01\/img-20200119-wa01808583320469296634245.jpg\" class=\"wp-image-9039 alignnone size-full\" width=\"1280\" height=\"853\"><\/p>\n<p>Texto: Antenor Ferreira<\/p>\n<p>Fotos: Jos\u00e9 Ferreira\/ Ricardo<\/p>\n","protected":false},"excerpt":{"rendered":"<p>Os fins de semana do prefeito de Viana, Magrado Barros (DEM), s\u00e3o sempre lotados de a\u00e7\u00f5es. Durante o s\u00e1bado e<\/p>\n","protected":false},"author":2,"featured_media":9041,"comment_status":"closed","ping_status":"closed","sticky":false,"template":"","format":"standard","meta":{"colormag_page_container_layout":"default_layout","colormag_page_sidebar_layout":"default_layout","_jetpack_memberships_contains_paid_content":false,"footnotes":""},"categories":[2],"tags":[56,17,5],"class_list":["post-9033","post","type-post","status-publish","format-standard","has-post-thumbnail","hentry","category-noticias","tag-baixada-maranhense","tag-magrado-barros","tag-viana"],"magazineBlocksPostFeaturedMedia":{"thumbnail":false,"medium":false,"medium_large":false,"large":false,"1536x1536":false,"2048x2048":false,"colormag-highlighted-post":false,"colormag-featured-post-medium":false,"colormag-featured-post-small":false,"colormag-featured-image":false,"colormag-default-news":false,"colormag-featured-image-large":false},"magazineBlocksPostAuthor":{"name":"maranhaotv","avatar":"https:\/\/secure.gravatar.com\/avatar\/8fadbca458d4cb68b1dd399ae9a40618d747bb1af65ac9fad21c89220a143eb4?s=96&d=mm&r=g"},"magazineBlocksPostCommentsNumber":false,"magazineBlocksPostExcerpt":"Os fins de semana do prefeito de Viana, Magrado Barros (DEM), s\u00e3o sempre lotados de a\u00e7\u00f5es. Durante o s\u00e1bado e","magazineBlocksPostCategories":["not\u00edcias"],"magazineBlocksPostViewCount":183,"magazineBlocksPostReadTime":3,"magazine_blocks_featured_image_url":{"full":false,"medium":false,"thumbnail":false},"magazine_blocks_author":{"display_name":"maranhaotv","author_link":"https:\/\/maranhaotv.com.br\/index.php\/author\/maranhaotv\/"},"magazine_blocks_comment":0,"magazine_blocks_author_image":"https:\/\/secure.gravatar.com\/avatar\/8fadbca458d4cb68b1dd399ae9a40618d747bb1af65ac9fad21c89220a143eb4?s=96&d=mm&r=g","magazine_blocks_category":"<a href=\"#\" class=\"category-link category-link-2\">not\u00edcias<\/a>","jetpack_featured_media_url":"","jetpack_sharing_enabled":true,"_links":{"self":[{"href":"https:\/\/maranhaotv.com.br\/index.php\/wp-json\/wp\/v2\/posts\/9033","targetHints":{"allow":["GET"]}}],"collection":[{"href":"https:\/\/maranhaotv.com.br\/index.php\/wp-json\/wp\/v2\/posts"}],"about":[{"href":"https:\/\/maranhaotv.com.br\/index.php\/wp-json\/wp\/v2\/types\/post"}],"author":[{"embeddable":true,"href":"https:\/\/maranhaotv.com.br\/index.php\/wp-json\/wp\/v2\/users\/2"}],"replies":[{"embeddable":true,"href":"https:\/\/maranhaotv.com.br\/index.php\/wp-json\/wp\/v2\/comments?post=9033"}],"version-history":[{"count":0,"href":"https:\/\/maranhaotv.com.br\/index.php\/wp-json\/wp\/v2\/posts\/9033\/revisions"}],"wp:featuredmedia":[{"embeddable":true,"href":"https:\/\/maranhaotv.com.br\/index.php\/wp-json\/"}],"wp:attachment":[{"href":"https:\/\/maranhaotv.com.br\/index.php\/wp-json\/wp\/v2\/media?parent=9033"}],"wp:term":[{"taxonomy":"category","embeddable":true,"href":"https:\/\/maranhaotv.com.br\/index.php\/wp-json\/wp\/v2\/categories?post=9033"},{"taxonomy":"post_tag","embeddable":true,"href":"https:\/\/maranhaotv.com.br\/index.php\/wp-json\/wp\/v2\/tags?post=9033"}],"curies":[{"name":"wp","href":"https:\/\/api.w.org\/{rel}","templated":true}]}}