{"id":9223,"date":"2020-01-30T09:12:50","date_gmt":"2020-01-30T12:12:50","guid":{"rendered":"https:\/\/maiobaotv.com.br\/?p=9223"},"modified":"2020-01-30T09:12:50","modified_gmt":"2020-01-30T12:12:50","slug":"movimento-65-prefeitura-em-exercicio-de-paco-do-lumiar-paula-azevedo-deve-se-filiar-ao-pcdob","status":"publish","type":"post","link":"https:\/\/maranhaotv.com.br\/index.php\/2020\/01\/30\/movimento-65-prefeitura-em-exercicio-de-paco-do-lumiar-paula-azevedo-deve-se-filiar-ao-pcdob\/","title":{"rendered":"Movimento 65: Prefeitura em exerc\u00edcio de Pa\u00e7o do Lumiar, Paula Azevedo, deve se filiar ao PCdoB."},"content":{"rendered":"<p>O PCdoB, partido do Governador Flavio Dino, pode ganhar uma nova filiada nos pr\u00f3ximos dias. Trata-se da prefeitura em exerc\u00edcio de Pa\u00e7o do Lumiar, Paula Azevedo. Nesta quarta-feira (29), ela esteve em S\u00e3o Lu\u00eds, onde foi recebida pelo deputado federal M\u00e1rcio Jerry e o deputado estadual Adelmo Soares, ambos do partido PCdoB. O encontro foi para alinhar projetos que ser\u00e3o implementados no munic\u00edpio, al\u00e9m de discutirem o Movimento 65, projeto rec\u00e9m-lan\u00e7ado pelo PCdoB que procura reunir for\u00e7as progressistas nas elei\u00e7\u00f5es municipais de 2020. O Secret\u00e1rio de Planejamento e Articula\u00e7\u00e3o Governamental de Pa\u00e7o do Lumiar, Jameson Malheiros, tamb\u00e9m participou da reuni\u00e3o.<\/p>\n<p>O Deputado Federal Marcio Jerry, que tamb\u00e9m \u00e9 Presidente do PCdoB no Maranh\u00e3o, disse que vai continuar colaborando com o munic\u00edpio de Pa\u00e7o do Lumiar.<br \/>\n\u201cSeguimos empenhados em colaborar com a Prefeita em exerc\u00edcio Paula Azevedo, na gest\u00e3o de Pa\u00e7o do Lumiar, aguardando e torcendo muito pela plena recupera\u00e7\u00e3o do prefeito Domingos Dutra. Tamb\u00e9m estamos organizando a chapa de vereadores dentro dos princ\u00edpios do Movimento 65\u201d, afirmou o deputado.<\/p>\n<p>Adelmo Soares que \u00e9 Deputado Estadual, reconheceu o trabalho que Paula vem fazendo frente \u00e0 prefeitura. Ele tamb\u00e9m anunciou o envio de emendas parlamentares para o munic\u00edpio de Pa\u00e7o do Lumiar.<br \/>\n\u201cEu nunca tive d\u00favidas de que Paula faria uma excelente gest\u00e3o em Pa\u00e7o do Lumiar. Ela conhece a realidade do munic\u00edpio, sabe o que tem de ser feito e como fazer. A gente anda no munic\u00edpio e observa obras de recupera\u00e7\u00e3o asf\u00e1ltica, ilumina\u00e7\u00e3o e at\u00e9 reforma de unidades de sa\u00fade. Em pouco tempo ela j\u00e1 mostrou que \u00e9 uma excelente gestora. Parte das minhas emendas parlamentares ser\u00e3o destinadas para Pa\u00e7o do Lumiar\u201d, pontuou o parlamentar.<\/p>\n<p>Paula agradeceu a receptividade dos parlamentares e disse que vai caminhar junto deles. O objetivo dela \u00e9 melhorar a vida do povo de Pa\u00e7o do Lumiar.<\/p>\n<blockquote><p>\u201cConhe\u00e7o o Marcio e o Adelmo e sei do compromisso deles para com o povo. O Governador Flavio Dino tamb\u00e9m tem sido um parceiro importante nas a\u00e7\u00f5es que temos pensado para Pa\u00e7o do Lumiar. N\u00f3s vamos caminhar juntos, porque temos um objeto em comum que \u00e9 melhorar a vida do povo da nossa cidade. O movimento 65 t\u00e1 chegando pra isso, reacender a esperan\u00e7a do povo. E n\u00f3s vamos estar juntos\u201d, finalizou a prefeita em exerc\u00edcio de Pa\u00e7o do Lumiar.<\/p><\/blockquote>\n<p><img loading=\"lazy\" decoding=\"async\" src=\"https:\/\/maiobaotv.com.br\/wp-content\/uploads\/2020\/01\/IMG-20200130-WA0064.jpg\" class=\"wp-image-9222 alignnone size-full\" width=\"1280\" height=\"960\"><\/p>\n","protected":false},"excerpt":{"rendered":"<p>O PCdoB, partido do Governador Flavio Dino, pode ganhar uma nova filiada nos pr\u00f3ximos dias. Trata-se da prefeitura em exerc\u00edcio<\/p>\n","protected":false},"author":2,"featured_media":9224,"comment_status":"closed","ping_status":"closed","sticky":false,"template":"","format":"standard","meta":{"colormag_page_container_layout":"default_layout","colormag_page_sidebar_layout":"default_layout","_jetpack_memberships_contains_paid_content":false,"footnotes":""},"categories":[6],"tags":[],"class_list":["post-9223","post","type-post","status-publish","format-standard","has-post-thumbnail","hentry","category-politica"],"magazineBlocksPostFeaturedMedia":{"thumbnail":false,"medium":false,"medium_large":false,"large":false,"1536x1536":false,"2048x2048":false,"colormag-highlighted-post":false,"colormag-featured-post-medium":false,"colormag-featured-post-small":false,"colormag-featured-image":false,"colormag-default-news":false,"colormag-featured-image-large":false},"magazineBlocksPostAuthor":{"name":"maranhaotv","avatar":"https:\/\/secure.gravatar.com\/avatar\/8fadbca458d4cb68b1dd399ae9a40618d747bb1af65ac9fad21c89220a143eb4?s=96&d=mm&r=g"},"magazineBlocksPostCommentsNumber":false,"magazineBlocksPostExcerpt":"O PCdoB, partido do Governador Flavio Dino, pode ganhar uma nova filiada nos pr\u00f3ximos dias. Trata-se da prefeitura em exerc\u00edcio","magazineBlocksPostCategories":["pol\u00edtica"],"magazineBlocksPostViewCount":258,"magazineBlocksPostReadTime":3,"magazine_blocks_featured_image_url":{"full":false,"medium":false,"thumbnail":false},"magazine_blocks_author":{"display_name":"maranhaotv","author_link":"https:\/\/maranhaotv.com.br\/index.php\/author\/maranhaotv\/"},"magazine_blocks_comment":0,"magazine_blocks_author_image":"https:\/\/secure.gravatar.com\/avatar\/8fadbca458d4cb68b1dd399ae9a40618d747bb1af65ac9fad21c89220a143eb4?s=96&d=mm&r=g","magazine_blocks_category":"<a href=\"#\" class=\"category-link category-link-6\">pol\u00edtica<\/a>","yoast_head":"<!-- This site is optimized with the Yoast SEO plugin v27.4 - https:\/\/yoast.com\/product\/yoast-seo-wordpress\/ -->\n<title>Movimento 65: Prefeitura em exerc\u00edcio de Pa\u00e7o do Lumiar, Paula Azevedo, deve se filiar ao PCdoB. - NOT\u00cdCIAS EM TEMPO REAL<\/title>\n<meta name=\"robots\" content=\"index, follow, max-snippet:-1, max-image-preview:large, max-video-preview:-1\" \/>\n<link rel=\"canonical\" href=\"https:\/\/maranhaotv.com.br\/index.php\/2020\/01\/30\/movimento-65-prefeitura-em-exercicio-de-paco-do-lumiar-paula-azevedo-deve-se-filiar-ao-pcdob\/\" \/>\n<meta property=\"og:locale\" content=\"pt_BR\" \/>\n<meta property=\"og:type\" content=\"article\" \/>\n<meta property=\"og:title\" content=\"Movimento 65: Prefeitura em exerc\u00edcio de Pa\u00e7o do Lumiar, Paula Azevedo, deve se filiar ao PCdoB. - NOT\u00cdCIAS EM TEMPO REAL\" \/>\n<meta property=\"og:description\" content=\"O PCdoB, partido do Governador Flavio Dino, pode ganhar uma nova filiada nos pr\u00f3ximos dias. Trata-se da prefeitura em exerc\u00edcio\" \/>\n<meta property=\"og:url\" content=\"https:\/\/maranhaotv.com.br\/index.php\/2020\/01\/30\/movimento-65-prefeitura-em-exercicio-de-paco-do-lumiar-paula-azevedo-deve-se-filiar-ao-pcdob\/\" \/>\n<meta property=\"og:site_name\" content=\"NOT\u00cdCIAS EM TEMPO REAL\" \/>\n<meta property=\"article:publisher\" content=\"https:\/\/www.facebook.com\/maiobaotv\" \/>\n<meta property=\"article:published_time\" content=\"2020-01-30T12:12:50+00:00\" \/>\n<meta name=\"author\" content=\"maranhaotv\" \/>\n<meta name=\"twitter:card\" content=\"summary_large_image\" \/>\n<meta name=\"twitter:creator\" content=\"@sitemaranhaotv\" \/>\n<meta name=\"twitter:site\" content=\"@sitemaranhaotv\" \/>\n<meta name=\"twitter:label1\" content=\"Escrito por\" \/>\n\t<meta name=\"twitter:data1\" content=\"maranhaotv\" \/>\n\t<meta name=\"twitter:label2\" content=\"Est. tempo de leitura\" \/>\n\t<meta name=\"twitter:data2\" content=\"2 minutos\" \/>\n<script type=\"application\/ld+json\" class=\"yoast-schema-graph\">{\"@context\":\"https:\\\/\\\/schema.org\",\"@graph\":[{\"@type\":\"Article\",\"@id\":\"https:\\\/\\\/maranhaotv.com.br\\\/index.php\\\/2020\\\/01\\\/30\\\/movimento-65-prefeitura-em-exercicio-de-paco-do-lumiar-paula-azevedo-deve-se-filiar-ao-pcdob\\\/#article\",\"isPartOf\":{\"@id\":\"https:\\\/\\\/maranhaotv.com.br\\\/index.php\\\/2020\\\/01\\\/30\\\/movimento-65-prefeitura-em-exercicio-de-paco-do-lumiar-paula-azevedo-deve-se-filiar-ao-pcdob\\\/\"},\"author\":{\"name\":\"maranhaotv\",\"@id\":\"https:\\\/\\\/maranhaotv.com.br\\\/#\\\/schema\\\/person\\\/3d54238e86b20bb5c89ab2fdb8f8829a\"},\"headline\":\"Movimento 65: Prefeitura em exerc\u00edcio de Pa\u00e7o do Lumiar, Paula Azevedo, deve se filiar ao PCdoB.\",\"datePublished\":\"2020-01-30T12:12:50+00:00\",\"mainEntityOfPage\":{\"@id\":\"https:\\\/\\\/maranhaotv.com.br\\\/index.php\\\/2020\\\/01\\\/30\\\/movimento-65-prefeitura-em-exercicio-de-paco-do-lumiar-paula-azevedo-deve-se-filiar-ao-pcdob\\\/\"},\"wordCount\":439,\"publisher\":{\"@id\":\"https:\\\/\\\/maranhaotv.com.br\\\/#organization\"},\"image\":{\"@id\":\"https:\\\/\\\/maranhaotv.com.br\\\/index.php\\\/2020\\\/01\\\/30\\\/movimento-65-prefeitura-em-exercicio-de-paco-do-lumiar-paula-azevedo-deve-se-filiar-ao-pcdob\\\/#primaryimage\"},\"thumbnailUrl\":\"\",\"articleSection\":[\"pol\u00edtica\"],\"inLanguage\":\"pt-BR\"},{\"@type\":\"WebPage\",\"@id\":\"https:\\\/\\\/maranhaotv.com.br\\\/index.php\\\/2020\\\/01\\\/30\\\/movimento-65-prefeitura-em-exercicio-de-paco-do-lumiar-paula-azevedo-deve-se-filiar-ao-pcdob\\\/\",\"url\":\"https:\\\/\\\/maranhaotv.com.br\\\/index.php\\\/2020\\\/01\\\/30\\\/movimento-65-prefeitura-em-exercicio-de-paco-do-lumiar-paula-azevedo-deve-se-filiar-ao-pcdob\\\/\",\"name\":\"Movimento 65: Prefeitura em exerc\u00edcio de Pa\u00e7o do Lumiar, Paula Azevedo, deve se filiar ao PCdoB. - NOT\u00cdCIAS EM TEMPO REAL\",\"isPartOf\":{\"@id\":\"https:\\\/\\\/maranhaotv.com.br\\\/#website\"},\"primaryImageOfPage\":{\"@id\":\"https:\\\/\\\/maranhaotv.com.br\\\/index.php\\\/2020\\\/01\\\/30\\\/movimento-65-prefeitura-em-exercicio-de-paco-do-lumiar-paula-azevedo-deve-se-filiar-ao-pcdob\\\/#primaryimage\"},\"image\":{\"@id\":\"https:\\\/\\\/maranhaotv.com.br\\\/index.php\\\/2020\\\/01\\\/30\\\/movimento-65-prefeitura-em-exercicio-de-paco-do-lumiar-paula-azevedo-deve-se-filiar-ao-pcdob\\\/#primaryimage\"},\"thumbnailUrl\":\"\",\"datePublished\":\"2020-01-30T12:12:50+00:00\",\"breadcrumb\":{\"@id\":\"https:\\\/\\\/maranhaotv.com.br\\\/index.php\\\/2020\\\/01\\\/30\\\/movimento-65-prefeitura-em-exercicio-de-paco-do-lumiar-paula-azevedo-deve-se-filiar-ao-pcdob\\\/#breadcrumb\"},\"inLanguage\":\"pt-BR\",\"potentialAction\":[{\"@type\":\"ReadAction\",\"target\":[\"https:\\\/\\\/maranhaotv.com.br\\\/index.php\\\/2020\\\/01\\\/30\\\/movimento-65-prefeitura-em-exercicio-de-paco-do-lumiar-paula-azevedo-deve-se-filiar-ao-pcdob\\\/\"]}]},{\"@type\":\"ImageObject\",\"inLanguage\":\"pt-BR\",\"@id\":\"https:\\\/\\\/maranhaotv.com.br\\\/index.php\\\/2020\\\/01\\\/30\\\/movimento-65-prefeitura-em-exercicio-de-paco-do-lumiar-paula-azevedo-deve-se-filiar-ao-pcdob\\\/#primaryimage\",\"url\":\"\",\"contentUrl\":\"\"},{\"@type\":\"BreadcrumbList\",\"@id\":\"https:\\\/\\\/maranhaotv.com.br\\\/index.php\\\/2020\\\/01\\\/30\\\/movimento-65-prefeitura-em-exercicio-de-paco-do-lumiar-paula-azevedo-deve-se-filiar-ao-pcdob\\\/#breadcrumb\",\"itemListElement\":[{\"@type\":\"ListItem\",\"position\":1,\"name\":\"In\u00edcio\",\"item\":\"https:\\\/\\\/maranhaotv.com.br\\\/\"},{\"@type\":\"ListItem\",\"position\":2,\"name\":\"Movimento 65: Prefeitura em exerc\u00edcio de Pa\u00e7o do Lumiar, Paula Azevedo, deve se filiar ao PCdoB.\"}]},{\"@type\":\"WebSite\",\"@id\":\"https:\\\/\\\/maranhaotv.com.br\\\/#website\",\"url\":\"https:\\\/\\\/maranhaotv.com.br\\\/\",\"name\":\"Maranh\u00e3oTV\",\"description\":\"\",\"publisher\":{\"@id\":\"https:\\\/\\\/maranhaotv.com.br\\\/#organization\"},\"potentialAction\":[{\"@type\":\"SearchAction\",\"target\":{\"@type\":\"EntryPoint\",\"urlTemplate\":\"https:\\\/\\\/maranhaotv.com.br\\\/?s={search_term_string}\"},\"query-input\":{\"@type\":\"PropertyValueSpecification\",\"valueRequired\":true,\"valueName\":\"search_term_string\"}}],\"inLanguage\":\"pt-BR\"},{\"@type\":\"Organization\",\"@id\":\"https:\\\/\\\/maranhaotv.com.br\\\/#organization\",\"name\":\"Portal de Not\u00edcias\",\"url\":\"https:\\\/\\\/maranhaotv.com.br\\\/\",\"logo\":{\"@type\":\"ImageObject\",\"inLanguage\":\"pt-BR\",\"@id\":\"https:\\\/\\\/maranhaotv.com.br\\\/#\\\/schema\\\/logo\\\/image\\\/\",\"url\":\"https:\\\/\\\/maranhaotv.com.br\\\/wp-content\\\/uploads\\\/2024\\\/05\\\/cropped-cropped-avatar-1.png\",\"contentUrl\":\"https:\\\/\\\/maranhaotv.com.br\\\/wp-content\\\/uploads\\\/2024\\\/05\\\/cropped-cropped-avatar-1.png\",\"width\":792,\"height\":428,\"caption\":\"Portal de Not\u00edcias\"},\"image\":{\"@id\":\"https:\\\/\\\/maranhaotv.com.br\\\/#\\\/schema\\\/logo\\\/image\\\/\"},\"sameAs\":[\"https:\\\/\\\/www.facebook.com\\\/maiobaotv\",\"https:\\\/\\\/x.com\\\/sitemaranhaotv\",\"https:\\\/\\\/www.instagram.com\\\/maranhao.tv\",\"https:\\\/\\\/www.threads.net\\\/@maranhao.tv\"]},{\"@type\":\"Person\",\"@id\":\"https:\\\/\\\/maranhaotv.com.br\\\/#\\\/schema\\\/person\\\/3d54238e86b20bb5c89ab2fdb8f8829a\",\"name\":\"maranhaotv\",\"image\":{\"@type\":\"ImageObject\",\"inLanguage\":\"pt-BR\",\"@id\":\"https:\\\/\\\/secure.gravatar.com\\\/avatar\\\/8fadbca458d4cb68b1dd399ae9a40618d747bb1af65ac9fad21c89220a143eb4?s=96&d=mm&r=g\",\"url\":\"https:\\\/\\\/secure.gravatar.com\\\/avatar\\\/8fadbca458d4cb68b1dd399ae9a40618d747bb1af65ac9fad21c89220a143eb4?s=96&d=mm&r=g\",\"contentUrl\":\"https:\\\/\\\/secure.gravatar.com\\\/avatar\\\/8fadbca458d4cb68b1dd399ae9a40618d747bb1af65ac9fad21c89220a143eb4?s=96&d=mm&r=g\",\"caption\":\"maranhaotv\"},\"sameAs\":[\"https:\\\/\\\/maranhaotv.com.br\\\/\"],\"url\":\"https:\\\/\\\/maranhaotv.com.br\\\/index.php\\\/author\\\/maranhaotv\\\/\"}]}<\/script>\n<!-- \/ Yoast SEO plugin. -->","yoast_head_json":{"title":"Movimento 65: Prefeitura em exerc\u00edcio de Pa\u00e7o do Lumiar, Paula Azevedo, deve se filiar ao PCdoB. - NOT\u00cdCIAS EM TEMPO REAL","robots":{"index":"index","follow":"follow","max-snippet":"max-snippet:-1","max-image-preview":"max-image-preview:large","max-video-preview":"max-video-preview:-1"},"canonical":"https:\/\/maranhaotv.com.br\/index.php\/2020\/01\/30\/movimento-65-prefeitura-em-exercicio-de-paco-do-lumiar-paula-azevedo-deve-se-filiar-ao-pcdob\/","og_locale":"pt_BR","og_type":"article","og_title":"Movimento 65: Prefeitura em exerc\u00edcio de Pa\u00e7o do Lumiar, Paula Azevedo, deve se filiar ao PCdoB. - NOT\u00cdCIAS EM TEMPO REAL","og_description":"O PCdoB, partido do Governador Flavio Dino, pode ganhar uma nova filiada nos pr\u00f3ximos dias. Trata-se da prefeitura em exerc\u00edcio","og_url":"https:\/\/maranhaotv.com.br\/index.php\/2020\/01\/30\/movimento-65-prefeitura-em-exercicio-de-paco-do-lumiar-paula-azevedo-deve-se-filiar-ao-pcdob\/","og_site_name":"NOT\u00cdCIAS EM TEMPO REAL","article_publisher":"https:\/\/www.facebook.com\/maiobaotv","article_published_time":"2020-01-30T12:12:50+00:00","author":"maranhaotv","twitter_card":"summary_large_image","twitter_creator":"@sitemaranhaotv","twitter_site":"@sitemaranhaotv","twitter_misc":{"Escrito por":"maranhaotv","Est. tempo de leitura":"2 minutos"},"schema":{"@context":"https:\/\/schema.org","@graph":[{"@type":"Article","@id":"https:\/\/maranhaotv.com.br\/index.php\/2020\/01\/30\/movimento-65-prefeitura-em-exercicio-de-paco-do-lumiar-paula-azevedo-deve-se-filiar-ao-pcdob\/#article","isPartOf":{"@id":"https:\/\/maranhaotv.com.br\/index.php\/2020\/01\/30\/movimento-65-prefeitura-em-exercicio-de-paco-do-lumiar-paula-azevedo-deve-se-filiar-ao-pcdob\/"},"author":{"name":"maranhaotv","@id":"https:\/\/maranhaotv.com.br\/#\/schema\/person\/3d54238e86b20bb5c89ab2fdb8f8829a"},"headline":"Movimento 65: Prefeitura em exerc\u00edcio de Pa\u00e7o do Lumiar, Paula Azevedo, deve se filiar ao PCdoB.","datePublished":"2020-01-30T12:12:50+00:00","mainEntityOfPage":{"@id":"https:\/\/maranhaotv.com.br\/index.php\/2020\/01\/30\/movimento-65-prefeitura-em-exercicio-de-paco-do-lumiar-paula-azevedo-deve-se-filiar-ao-pcdob\/"},"wordCount":439,"publisher":{"@id":"https:\/\/maranhaotv.com.br\/#organization"},"image":{"@id":"https:\/\/maranhaotv.com.br\/index.php\/2020\/01\/30\/movimento-65-prefeitura-em-exercicio-de-paco-do-lumiar-paula-azevedo-deve-se-filiar-ao-pcdob\/#primaryimage"},"thumbnailUrl":"","articleSection":["pol\u00edtica"],"inLanguage":"pt-BR"},{"@type":"WebPage","@id":"https:\/\/maranhaotv.com.br\/index.php\/2020\/01\/30\/movimento-65-prefeitura-em-exercicio-de-paco-do-lumiar-paula-azevedo-deve-se-filiar-ao-pcdob\/","url":"https:\/\/maranhaotv.com.br\/index.php\/2020\/01\/30\/movimento-65-prefeitura-em-exercicio-de-paco-do-lumiar-paula-azevedo-deve-se-filiar-ao-pcdob\/","name":"Movimento 65: Prefeitura em exerc\u00edcio de Pa\u00e7o do Lumiar, Paula Azevedo, deve se filiar ao PCdoB. - NOT\u00cdCIAS EM TEMPO REAL","isPartOf":{"@id":"https:\/\/maranhaotv.com.br\/#website"},"primaryImageOfPage":{"@id":"https:\/\/maranhaotv.com.br\/index.php\/2020\/01\/30\/movimento-65-prefeitura-em-exercicio-de-paco-do-lumiar-paula-azevedo-deve-se-filiar-ao-pcdob\/#primaryimage"},"image":{"@id":"https:\/\/maranhaotv.com.br\/index.php\/2020\/01\/30\/movimento-65-prefeitura-em-exercicio-de-paco-do-lumiar-paula-azevedo-deve-se-filiar-ao-pcdob\/#primaryimage"},"thumbnailUrl":"","datePublished":"2020-01-30T12:12:50+00:00","breadcrumb":{"@id":"https:\/\/maranhaotv.com.br\/index.php\/2020\/01\/30\/movimento-65-prefeitura-em-exercicio-de-paco-do-lumiar-paula-azevedo-deve-se-filiar-ao-pcdob\/#breadcrumb"},"inLanguage":"pt-BR","potentialAction":[{"@type":"ReadAction","target":["https:\/\/maranhaotv.com.br\/index.php\/2020\/01\/30\/movimento-65-prefeitura-em-exercicio-de-paco-do-lumiar-paula-azevedo-deve-se-filiar-ao-pcdob\/"]}]},{"@type":"ImageObject","inLanguage":"pt-BR","@id":"https:\/\/maranhaotv.com.br\/index.php\/2020\/01\/30\/movimento-65-prefeitura-em-exercicio-de-paco-do-lumiar-paula-azevedo-deve-se-filiar-ao-pcdob\/#primaryimage","url":"","contentUrl":""},{"@type":"BreadcrumbList","@id":"https:\/\/maranhaotv.com.br\/index.php\/2020\/01\/30\/movimento-65-prefeitura-em-exercicio-de-paco-do-lumiar-paula-azevedo-deve-se-filiar-ao-pcdob\/#breadcrumb","itemListElement":[{"@type":"ListItem","position":1,"name":"In\u00edcio","item":"https:\/\/maranhaotv.com.br\/"},{"@type":"ListItem","position":2,"name":"Movimento 65: Prefeitura em exerc\u00edcio de Pa\u00e7o do Lumiar, Paula Azevedo, deve se filiar ao PCdoB."}]},{"@type":"WebSite","@id":"https:\/\/maranhaotv.com.br\/#website","url":"https:\/\/maranhaotv.com.br\/","name":"Maranh\u00e3oTV","description":"","publisher":{"@id":"https:\/\/maranhaotv.com.br\/#organization"},"potentialAction":[{"@type":"SearchAction","target":{"@type":"EntryPoint","urlTemplate":"https:\/\/maranhaotv.com.br\/?s={search_term_string}"},"query-input":{"@type":"PropertyValueSpecification","valueRequired":true,"valueName":"search_term_string"}}],"inLanguage":"pt-BR"},{"@type":"Organization","@id":"https:\/\/maranhaotv.com.br\/#organization","name":"Portal de Not\u00edcias","url":"https:\/\/maranhaotv.com.br\/","logo":{"@type":"ImageObject","inLanguage":"pt-BR","@id":"https:\/\/maranhaotv.com.br\/#\/schema\/logo\/image\/","url":"https:\/\/maranhaotv.com.br\/wp-content\/uploads\/2024\/05\/cropped-cropped-avatar-1.png","contentUrl":"https:\/\/maranhaotv.com.br\/wp-content\/uploads\/2024\/05\/cropped-cropped-avatar-1.png","width":792,"height":428,"caption":"Portal de Not\u00edcias"},"image":{"@id":"https:\/\/maranhaotv.com.br\/#\/schema\/logo\/image\/"},"sameAs":["https:\/\/www.facebook.com\/maiobaotv","https:\/\/x.com\/sitemaranhaotv","https:\/\/www.instagram.com\/maranhao.tv","https:\/\/www.threads.net\/@maranhao.tv"]},{"@type":"Person","@id":"https:\/\/maranhaotv.com.br\/#\/schema\/person\/3d54238e86b20bb5c89ab2fdb8f8829a","name":"maranhaotv","image":{"@type":"ImageObject","inLanguage":"pt-BR","@id":"https:\/\/secure.gravatar.com\/avatar\/8fadbca458d4cb68b1dd399ae9a40618d747bb1af65ac9fad21c89220a143eb4?s=96&d=mm&r=g","url":"https:\/\/secure.gravatar.com\/avatar\/8fadbca458d4cb68b1dd399ae9a40618d747bb1af65ac9fad21c89220a143eb4?s=96&d=mm&r=g","contentUrl":"https:\/\/secure.gravatar.com\/avatar\/8fadbca458d4cb68b1dd399ae9a40618d747bb1af65ac9fad21c89220a143eb4?s=96&d=mm&r=g","caption":"maranhaotv"},"sameAs":["https:\/\/maranhaotv.com.br\/"],"url":"https:\/\/maranhaotv.com.br\/index.php\/author\/maranhaotv\/"}]}},"jetpack_featured_media_url":"","jetpack_sharing_enabled":true,"_links":{"self":[{"href":"https:\/\/maranhaotv.com.br\/index.php\/wp-json\/wp\/v2\/posts\/9223","targetHints":{"allow":["GET"]}}],"collection":[{"href":"https:\/\/maranhaotv.com.br\/index.php\/wp-json\/wp\/v2\/posts"}],"about":[{"href":"https:\/\/maranhaotv.com.br\/index.php\/wp-json\/wp\/v2\/types\/post"}],"author":[{"embeddable":true,"href":"https:\/\/maranhaotv.com.br\/index.php\/wp-json\/wp\/v2\/users\/2"}],"replies":[{"embeddable":true,"href":"https:\/\/maranhaotv.com.br\/index.php\/wp-json\/wp\/v2\/comments?post=9223"}],"version-history":[{"count":0,"href":"https:\/\/maranhaotv.com.br\/index.php\/wp-json\/wp\/v2\/posts\/9223\/revisions"}],"wp:featuredmedia":[{"embeddable":true,"href":"https:\/\/maranhaotv.com.br\/index.php\/wp-json\/"}],"wp:attachment":[{"href":"https:\/\/maranhaotv.com.br\/index.php\/wp-json\/wp\/v2\/media?parent=9223"}],"wp:term":[{"taxonomy":"category","embeddable":true,"href":"https:\/\/maranhaotv.com.br\/index.php\/wp-json\/wp\/v2\/categories?post=9223"},{"taxonomy":"post_tag","embeddable":true,"href":"https:\/\/maranhaotv.com.br\/index.php\/wp-json\/wp\/v2\/tags?post=9223"}],"curies":[{"name":"wp","href":"https:\/\/api.w.org\/{rel}","templated":true}]}}