{"id":9227,"date":"2020-01-30T10:05:39","date_gmt":"2020-01-30T13:05:39","guid":{"rendered":"https:\/\/maiobaotv.com.br\/?p=9227"},"modified":"2020-01-30T10:05:39","modified_gmt":"2020-01-30T13:05:39","slug":"talita-laci-e-condenada-e-tem-ate-julho-para-garantir-abrigo-para-criancas-e-adolescentes","status":"publish","type":"post","link":"https:\/\/maranhaotv.com.br\/index.php\/2020\/01\/30\/talita-laci-e-condenada-e-tem-ate-julho-para-garantir-abrigo-para-criancas-e-adolescentes\/","title":{"rendered":"Talita Laci \u00e9 condenada e tem at\u00e9 julho para garantir abrigo para crian\u00e7as e adolescentes"},"content":{"rendered":"<p>Em atendimento a A\u00e7\u00e3o Civil P\u00fablica com pedido de liminar, ajuizada em 2013, pelo Minist\u00e9rio P\u00fablico do Maranh\u00e3o (MPMA), o Munic\u00edpio de Raposa foi condenado, em novembro, a garantir, at\u00e9 julho deste ano, provid\u00eancias e casa de abrigo para prote\u00e7\u00e3o a crian\u00e7as e adolescentes em risco.<\/p>\n<p>A decis\u00e3o foi proferida pelo juiz Douglas de Melo Martins, titular da Vara de Interesses e Difusos e Coletivos de S\u00e3o Lu\u00eds. Formulou a ACP o promotor de justi\u00e7a Reinaldo Campos Castro J\u00fanior.<\/p>\n<p><strong><u>SEM ASSIST\u00caNCIA <\/u><\/strong><\/p>\n<p>No munic\u00edpio, o \u00edndice de gravidez na adolesc\u00eancia \u00e9 alto. Muitas crian\u00e7as s\u00e3o negligenciadas pelos pais, em sua maioria, dependentes qu\u00edmicos, especialmente, de crack. Os \u00edndices de viol\u00eancia familiar e explora\u00e7\u00e3o sexual tamb\u00e9m s\u00e3o elevados.<\/p>\n<p>Em fun\u00e7\u00e3o disto, estas crian\u00e7as e adolescentes precisam ser afastados da fam\u00edlia e acolhidos por institui\u00e7\u00f5es multidisciplinares, inexistentes no munic\u00edpio. O abrigo em entidade \u00e9 uma das formas para garantir temporariamente a educa\u00e7\u00e3o e o m\u00ednimo para a sobreviv\u00eancia deste p\u00fablico.<\/p>\n<p>A falta de um abrigo no munic\u00edpio leva institui\u00e7\u00f5es como Minist\u00e9rio P\u00fablico, Poder Judici\u00e1rio, Conselhos Tutelar e Municipal de Defesa da Crian\u00e7a e do Adolescente a transferir crian\u00e7as e adolescentes em risco a abrigos em outros munic\u00edpios.<\/p>\n<p>\u201cDesde 2007, houve diversos esfor\u00e7os para resolver a situa\u00e7\u00e3o, com reuni\u00f5es com prefeitos, alertando sobre a situa\u00e7\u00e3o ca\u00f3tica no munic\u00edpio e a necessidade de entidade de abrigo e equipe multiprofissional, com psic\u00f3logo, assistente social e outros para an\u00e1lise, diagn\u00f3stico e acompanhamento familiar dos casos\u201d, ressalta Reinaldo Campos Castro J\u00fanior.<\/p>\n<p>Mesmo assim, o Munic\u00edpio se omitiu em garantir uma pol\u00edtica de abrigo a crian\u00e7as e adolescentes.<\/p>\n<p><strong><u>DETERMINA\u00c7\u00d5ES<\/u><\/strong> <\/p>\n<p>Al\u00e9m de providenciar pol\u00edtica regular e institui\u00e7\u00e3o de abrigo para crian\u00e7as e adolescentes em risco, em conjunto com o CMDCA e a Vara de Inf\u00e2ncia e da Adolesc\u00eancia, o Munic\u00edpio deve manter equipe t\u00e9cnica capacitada para acompanhar a reintegra\u00e7\u00e3o familiar ou coloca\u00e7\u00e3o em fam\u00edlia substituta.<\/p>\n<p><em>Reda\u00e7\u00e3o: CCOM-MPMA<\/em><\/p>\n","protected":false},"excerpt":{"rendered":"<p>Em atendimento a A\u00e7\u00e3o Civil P\u00fablica com pedido de liminar, ajuizada em 2013, pelo Minist\u00e9rio P\u00fablico do Maranh\u00e3o (MPMA), o<\/p>\n","protected":false},"author":2,"featured_media":9226,"comment_status":"closed","ping_status":"closed","sticky":false,"template":"","format":"standard","meta":{"colormag_page_container_layout":"default_layout","colormag_page_sidebar_layout":"default_layout","_jetpack_memberships_contains_paid_content":false,"footnotes":""},"categories":[2],"tags":[],"class_list":["post-9227","post","type-post","status-publish","format-standard","has-post-thumbnail","hentry","category-noticias"],"magazineBlocksPostFeaturedMedia":{"thumbnail":false,"medium":false,"medium_large":false,"large":false,"1536x1536":false,"2048x2048":false,"colormag-highlighted-post":false,"colormag-featured-post-medium":false,"colormag-featured-post-small":false,"colormag-featured-image":false,"colormag-default-news":false,"colormag-featured-image-large":false},"magazineBlocksPostAuthor":{"name":"maranhaotv","avatar":"https:\/\/secure.gravatar.com\/avatar\/8fadbca458d4cb68b1dd399ae9a40618d747bb1af65ac9fad21c89220a143eb4?s=96&d=mm&r=g"},"magazineBlocksPostCommentsNumber":false,"magazineBlocksPostExcerpt":"Em atendimento a A\u00e7\u00e3o Civil P\u00fablica com pedido de liminar, ajuizada em 2013, pelo Minist\u00e9rio P\u00fablico do Maranh\u00e3o (MPMA), o","magazineBlocksPostCategories":["not\u00edcias"],"magazineBlocksPostViewCount":267,"magazineBlocksPostReadTime":2,"magazine_blocks_featured_image_url":{"full":false,"medium":false,"thumbnail":false},"magazine_blocks_author":{"display_name":"maranhaotv","author_link":"https:\/\/maranhaotv.com.br\/index.php\/author\/maranhaotv\/"},"magazine_blocks_comment":0,"magazine_blocks_author_image":"https:\/\/secure.gravatar.com\/avatar\/8fadbca458d4cb68b1dd399ae9a40618d747bb1af65ac9fad21c89220a143eb4?s=96&d=mm&r=g","magazine_blocks_category":"<a href=\"#\" class=\"category-link category-link-2\">not\u00edcias<\/a>","yoast_head":"<!-- This site is optimized with the Yoast SEO plugin v27.4 - https:\/\/yoast.com\/product\/yoast-seo-wordpress\/ -->\n<title>Talita Laci \u00e9 condenada e tem at\u00e9 julho para garantir abrigo para crian\u00e7as e adolescentes - NOT\u00cdCIAS EM TEMPO REAL<\/title>\n<meta name=\"robots\" content=\"index, follow, max-snippet:-1, max-image-preview:large, max-video-preview:-1\" \/>\n<link rel=\"canonical\" href=\"https:\/\/maranhaotv.com.br\/index.php\/2020\/01\/30\/talita-laci-e-condenada-e-tem-ate-julho-para-garantir-abrigo-para-criancas-e-adolescentes\/\" \/>\n<meta property=\"og:locale\" content=\"pt_BR\" \/>\n<meta property=\"og:type\" content=\"article\" \/>\n<meta property=\"og:title\" content=\"Talita Laci \u00e9 condenada e tem at\u00e9 julho para garantir abrigo para crian\u00e7as e adolescentes - NOT\u00cdCIAS EM TEMPO REAL\" \/>\n<meta property=\"og:description\" content=\"Em atendimento a A\u00e7\u00e3o Civil P\u00fablica com pedido de liminar, ajuizada em 2013, pelo Minist\u00e9rio P\u00fablico do Maranh\u00e3o (MPMA), o\" \/>\n<meta property=\"og:url\" content=\"https:\/\/maranhaotv.com.br\/index.php\/2020\/01\/30\/talita-laci-e-condenada-e-tem-ate-julho-para-garantir-abrigo-para-criancas-e-adolescentes\/\" \/>\n<meta property=\"og:site_name\" content=\"NOT\u00cdCIAS EM TEMPO REAL\" \/>\n<meta property=\"article:publisher\" content=\"https:\/\/www.facebook.com\/maiobaotv\" \/>\n<meta property=\"article:published_time\" content=\"2020-01-30T13:05:39+00:00\" \/>\n<meta name=\"author\" content=\"maranhaotv\" \/>\n<meta name=\"twitter:card\" content=\"summary_large_image\" \/>\n<meta name=\"twitter:creator\" content=\"@sitemaranhaotv\" \/>\n<meta name=\"twitter:site\" content=\"@sitemaranhaotv\" \/>\n<meta name=\"twitter:label1\" content=\"Escrito por\" \/>\n\t<meta name=\"twitter:data1\" content=\"maranhaotv\" \/>\n\t<meta name=\"twitter:label2\" content=\"Est. tempo de leitura\" \/>\n\t<meta name=\"twitter:data2\" content=\"2 minutos\" \/>\n<script type=\"application\/ld+json\" class=\"yoast-schema-graph\">{\"@context\":\"https:\\\/\\\/schema.org\",\"@graph\":[{\"@type\":\"Article\",\"@id\":\"https:\\\/\\\/maranhaotv.com.br\\\/index.php\\\/2020\\\/01\\\/30\\\/talita-laci-e-condenada-e-tem-ate-julho-para-garantir-abrigo-para-criancas-e-adolescentes\\\/#article\",\"isPartOf\":{\"@id\":\"https:\\\/\\\/maranhaotv.com.br\\\/index.php\\\/2020\\\/01\\\/30\\\/talita-laci-e-condenada-e-tem-ate-julho-para-garantir-abrigo-para-criancas-e-adolescentes\\\/\"},\"author\":{\"name\":\"maranhaotv\",\"@id\":\"https:\\\/\\\/maranhaotv.com.br\\\/#\\\/schema\\\/person\\\/3d54238e86b20bb5c89ab2fdb8f8829a\"},\"headline\":\"Talita Laci \u00e9 condenada e tem at\u00e9 julho para garantir abrigo para crian\u00e7as e adolescentes\",\"datePublished\":\"2020-01-30T13:05:39+00:00\",\"mainEntityOfPage\":{\"@id\":\"https:\\\/\\\/maranhaotv.com.br\\\/index.php\\\/2020\\\/01\\\/30\\\/talita-laci-e-condenada-e-tem-ate-julho-para-garantir-abrigo-para-criancas-e-adolescentes\\\/\"},\"wordCount\":385,\"publisher\":{\"@id\":\"https:\\\/\\\/maranhaotv.com.br\\\/#organization\"},\"image\":{\"@id\":\"https:\\\/\\\/maranhaotv.com.br\\\/index.php\\\/2020\\\/01\\\/30\\\/talita-laci-e-condenada-e-tem-ate-julho-para-garantir-abrigo-para-criancas-e-adolescentes\\\/#primaryimage\"},\"thumbnailUrl\":\"\",\"articleSection\":[\"not\u00edcias\"],\"inLanguage\":\"pt-BR\"},{\"@type\":\"WebPage\",\"@id\":\"https:\\\/\\\/maranhaotv.com.br\\\/index.php\\\/2020\\\/01\\\/30\\\/talita-laci-e-condenada-e-tem-ate-julho-para-garantir-abrigo-para-criancas-e-adolescentes\\\/\",\"url\":\"https:\\\/\\\/maranhaotv.com.br\\\/index.php\\\/2020\\\/01\\\/30\\\/talita-laci-e-condenada-e-tem-ate-julho-para-garantir-abrigo-para-criancas-e-adolescentes\\\/\",\"name\":\"Talita Laci \u00e9 condenada e tem at\u00e9 julho para garantir abrigo para crian\u00e7as e adolescentes - NOT\u00cdCIAS EM TEMPO REAL\",\"isPartOf\":{\"@id\":\"https:\\\/\\\/maranhaotv.com.br\\\/#website\"},\"primaryImageOfPage\":{\"@id\":\"https:\\\/\\\/maranhaotv.com.br\\\/index.php\\\/2020\\\/01\\\/30\\\/talita-laci-e-condenada-e-tem-ate-julho-para-garantir-abrigo-para-criancas-e-adolescentes\\\/#primaryimage\"},\"image\":{\"@id\":\"https:\\\/\\\/maranhaotv.com.br\\\/index.php\\\/2020\\\/01\\\/30\\\/talita-laci-e-condenada-e-tem-ate-julho-para-garantir-abrigo-para-criancas-e-adolescentes\\\/#primaryimage\"},\"thumbnailUrl\":\"\",\"datePublished\":\"2020-01-30T13:05:39+00:00\",\"breadcrumb\":{\"@id\":\"https:\\\/\\\/maranhaotv.com.br\\\/index.php\\\/2020\\\/01\\\/30\\\/talita-laci-e-condenada-e-tem-ate-julho-para-garantir-abrigo-para-criancas-e-adolescentes\\\/#breadcrumb\"},\"inLanguage\":\"pt-BR\",\"potentialAction\":[{\"@type\":\"ReadAction\",\"target\":[\"https:\\\/\\\/maranhaotv.com.br\\\/index.php\\\/2020\\\/01\\\/30\\\/talita-laci-e-condenada-e-tem-ate-julho-para-garantir-abrigo-para-criancas-e-adolescentes\\\/\"]}]},{\"@type\":\"ImageObject\",\"inLanguage\":\"pt-BR\",\"@id\":\"https:\\\/\\\/maranhaotv.com.br\\\/index.php\\\/2020\\\/01\\\/30\\\/talita-laci-e-condenada-e-tem-ate-julho-para-garantir-abrigo-para-criancas-e-adolescentes\\\/#primaryimage\",\"url\":\"\",\"contentUrl\":\"\"},{\"@type\":\"BreadcrumbList\",\"@id\":\"https:\\\/\\\/maranhaotv.com.br\\\/index.php\\\/2020\\\/01\\\/30\\\/talita-laci-e-condenada-e-tem-ate-julho-para-garantir-abrigo-para-criancas-e-adolescentes\\\/#breadcrumb\",\"itemListElement\":[{\"@type\":\"ListItem\",\"position\":1,\"name\":\"In\u00edcio\",\"item\":\"https:\\\/\\\/maranhaotv.com.br\\\/\"},{\"@type\":\"ListItem\",\"position\":2,\"name\":\"Talita Laci \u00e9 condenada e tem at\u00e9 julho para garantir abrigo para crian\u00e7as e adolescentes\"}]},{\"@type\":\"WebSite\",\"@id\":\"https:\\\/\\\/maranhaotv.com.br\\\/#website\",\"url\":\"https:\\\/\\\/maranhaotv.com.br\\\/\",\"name\":\"Maranh\u00e3oTV\",\"description\":\"\",\"publisher\":{\"@id\":\"https:\\\/\\\/maranhaotv.com.br\\\/#organization\"},\"potentialAction\":[{\"@type\":\"SearchAction\",\"target\":{\"@type\":\"EntryPoint\",\"urlTemplate\":\"https:\\\/\\\/maranhaotv.com.br\\\/?s={search_term_string}\"},\"query-input\":{\"@type\":\"PropertyValueSpecification\",\"valueRequired\":true,\"valueName\":\"search_term_string\"}}],\"inLanguage\":\"pt-BR\"},{\"@type\":\"Organization\",\"@id\":\"https:\\\/\\\/maranhaotv.com.br\\\/#organization\",\"name\":\"Portal de Not\u00edcias\",\"url\":\"https:\\\/\\\/maranhaotv.com.br\\\/\",\"logo\":{\"@type\":\"ImageObject\",\"inLanguage\":\"pt-BR\",\"@id\":\"https:\\\/\\\/maranhaotv.com.br\\\/#\\\/schema\\\/logo\\\/image\\\/\",\"url\":\"https:\\\/\\\/maranhaotv.com.br\\\/wp-content\\\/uploads\\\/2024\\\/05\\\/cropped-cropped-avatar-1.png\",\"contentUrl\":\"https:\\\/\\\/maranhaotv.com.br\\\/wp-content\\\/uploads\\\/2024\\\/05\\\/cropped-cropped-avatar-1.png\",\"width\":792,\"height\":428,\"caption\":\"Portal de Not\u00edcias\"},\"image\":{\"@id\":\"https:\\\/\\\/maranhaotv.com.br\\\/#\\\/schema\\\/logo\\\/image\\\/\"},\"sameAs\":[\"https:\\\/\\\/www.facebook.com\\\/maiobaotv\",\"https:\\\/\\\/x.com\\\/sitemaranhaotv\",\"https:\\\/\\\/www.instagram.com\\\/maranhao.tv\",\"https:\\\/\\\/www.threads.net\\\/@maranhao.tv\"]},{\"@type\":\"Person\",\"@id\":\"https:\\\/\\\/maranhaotv.com.br\\\/#\\\/schema\\\/person\\\/3d54238e86b20bb5c89ab2fdb8f8829a\",\"name\":\"maranhaotv\",\"image\":{\"@type\":\"ImageObject\",\"inLanguage\":\"pt-BR\",\"@id\":\"https:\\\/\\\/secure.gravatar.com\\\/avatar\\\/8fadbca458d4cb68b1dd399ae9a40618d747bb1af65ac9fad21c89220a143eb4?s=96&d=mm&r=g\",\"url\":\"https:\\\/\\\/secure.gravatar.com\\\/avatar\\\/8fadbca458d4cb68b1dd399ae9a40618d747bb1af65ac9fad21c89220a143eb4?s=96&d=mm&r=g\",\"contentUrl\":\"https:\\\/\\\/secure.gravatar.com\\\/avatar\\\/8fadbca458d4cb68b1dd399ae9a40618d747bb1af65ac9fad21c89220a143eb4?s=96&d=mm&r=g\",\"caption\":\"maranhaotv\"},\"sameAs\":[\"https:\\\/\\\/maranhaotv.com.br\\\/\"],\"url\":\"https:\\\/\\\/maranhaotv.com.br\\\/index.php\\\/author\\\/maranhaotv\\\/\"}]}<\/script>\n<!-- \/ Yoast SEO plugin. -->","yoast_head_json":{"title":"Talita Laci \u00e9 condenada e tem at\u00e9 julho para garantir abrigo para crian\u00e7as e adolescentes - NOT\u00cdCIAS EM TEMPO REAL","robots":{"index":"index","follow":"follow","max-snippet":"max-snippet:-1","max-image-preview":"max-image-preview:large","max-video-preview":"max-video-preview:-1"},"canonical":"https:\/\/maranhaotv.com.br\/index.php\/2020\/01\/30\/talita-laci-e-condenada-e-tem-ate-julho-para-garantir-abrigo-para-criancas-e-adolescentes\/","og_locale":"pt_BR","og_type":"article","og_title":"Talita Laci \u00e9 condenada e tem at\u00e9 julho para garantir abrigo para crian\u00e7as e adolescentes - NOT\u00cdCIAS EM TEMPO REAL","og_description":"Em atendimento a A\u00e7\u00e3o Civil P\u00fablica com pedido de liminar, ajuizada em 2013, pelo Minist\u00e9rio P\u00fablico do Maranh\u00e3o (MPMA), o","og_url":"https:\/\/maranhaotv.com.br\/index.php\/2020\/01\/30\/talita-laci-e-condenada-e-tem-ate-julho-para-garantir-abrigo-para-criancas-e-adolescentes\/","og_site_name":"NOT\u00cdCIAS EM TEMPO REAL","article_publisher":"https:\/\/www.facebook.com\/maiobaotv","article_published_time":"2020-01-30T13:05:39+00:00","author":"maranhaotv","twitter_card":"summary_large_image","twitter_creator":"@sitemaranhaotv","twitter_site":"@sitemaranhaotv","twitter_misc":{"Escrito por":"maranhaotv","Est. tempo de leitura":"2 minutos"},"schema":{"@context":"https:\/\/schema.org","@graph":[{"@type":"Article","@id":"https:\/\/maranhaotv.com.br\/index.php\/2020\/01\/30\/talita-laci-e-condenada-e-tem-ate-julho-para-garantir-abrigo-para-criancas-e-adolescentes\/#article","isPartOf":{"@id":"https:\/\/maranhaotv.com.br\/index.php\/2020\/01\/30\/talita-laci-e-condenada-e-tem-ate-julho-para-garantir-abrigo-para-criancas-e-adolescentes\/"},"author":{"name":"maranhaotv","@id":"https:\/\/maranhaotv.com.br\/#\/schema\/person\/3d54238e86b20bb5c89ab2fdb8f8829a"},"headline":"Talita Laci \u00e9 condenada e tem at\u00e9 julho para garantir abrigo para crian\u00e7as e adolescentes","datePublished":"2020-01-30T13:05:39+00:00","mainEntityOfPage":{"@id":"https:\/\/maranhaotv.com.br\/index.php\/2020\/01\/30\/talita-laci-e-condenada-e-tem-ate-julho-para-garantir-abrigo-para-criancas-e-adolescentes\/"},"wordCount":385,"publisher":{"@id":"https:\/\/maranhaotv.com.br\/#organization"},"image":{"@id":"https:\/\/maranhaotv.com.br\/index.php\/2020\/01\/30\/talita-laci-e-condenada-e-tem-ate-julho-para-garantir-abrigo-para-criancas-e-adolescentes\/#primaryimage"},"thumbnailUrl":"","articleSection":["not\u00edcias"],"inLanguage":"pt-BR"},{"@type":"WebPage","@id":"https:\/\/maranhaotv.com.br\/index.php\/2020\/01\/30\/talita-laci-e-condenada-e-tem-ate-julho-para-garantir-abrigo-para-criancas-e-adolescentes\/","url":"https:\/\/maranhaotv.com.br\/index.php\/2020\/01\/30\/talita-laci-e-condenada-e-tem-ate-julho-para-garantir-abrigo-para-criancas-e-adolescentes\/","name":"Talita Laci \u00e9 condenada e tem at\u00e9 julho para garantir abrigo para crian\u00e7as e adolescentes - NOT\u00cdCIAS EM TEMPO REAL","isPartOf":{"@id":"https:\/\/maranhaotv.com.br\/#website"},"primaryImageOfPage":{"@id":"https:\/\/maranhaotv.com.br\/index.php\/2020\/01\/30\/talita-laci-e-condenada-e-tem-ate-julho-para-garantir-abrigo-para-criancas-e-adolescentes\/#primaryimage"},"image":{"@id":"https:\/\/maranhaotv.com.br\/index.php\/2020\/01\/30\/talita-laci-e-condenada-e-tem-ate-julho-para-garantir-abrigo-para-criancas-e-adolescentes\/#primaryimage"},"thumbnailUrl":"","datePublished":"2020-01-30T13:05:39+00:00","breadcrumb":{"@id":"https:\/\/maranhaotv.com.br\/index.php\/2020\/01\/30\/talita-laci-e-condenada-e-tem-ate-julho-para-garantir-abrigo-para-criancas-e-adolescentes\/#breadcrumb"},"inLanguage":"pt-BR","potentialAction":[{"@type":"ReadAction","target":["https:\/\/maranhaotv.com.br\/index.php\/2020\/01\/30\/talita-laci-e-condenada-e-tem-ate-julho-para-garantir-abrigo-para-criancas-e-adolescentes\/"]}]},{"@type":"ImageObject","inLanguage":"pt-BR","@id":"https:\/\/maranhaotv.com.br\/index.php\/2020\/01\/30\/talita-laci-e-condenada-e-tem-ate-julho-para-garantir-abrigo-para-criancas-e-adolescentes\/#primaryimage","url":"","contentUrl":""},{"@type":"BreadcrumbList","@id":"https:\/\/maranhaotv.com.br\/index.php\/2020\/01\/30\/talita-laci-e-condenada-e-tem-ate-julho-para-garantir-abrigo-para-criancas-e-adolescentes\/#breadcrumb","itemListElement":[{"@type":"ListItem","position":1,"name":"In\u00edcio","item":"https:\/\/maranhaotv.com.br\/"},{"@type":"ListItem","position":2,"name":"Talita Laci \u00e9 condenada e tem at\u00e9 julho para garantir abrigo para crian\u00e7as e adolescentes"}]},{"@type":"WebSite","@id":"https:\/\/maranhaotv.com.br\/#website","url":"https:\/\/maranhaotv.com.br\/","name":"Maranh\u00e3oTV","description":"","publisher":{"@id":"https:\/\/maranhaotv.com.br\/#organization"},"potentialAction":[{"@type":"SearchAction","target":{"@type":"EntryPoint","urlTemplate":"https:\/\/maranhaotv.com.br\/?s={search_term_string}"},"query-input":{"@type":"PropertyValueSpecification","valueRequired":true,"valueName":"search_term_string"}}],"inLanguage":"pt-BR"},{"@type":"Organization","@id":"https:\/\/maranhaotv.com.br\/#organization","name":"Portal de Not\u00edcias","url":"https:\/\/maranhaotv.com.br\/","logo":{"@type":"ImageObject","inLanguage":"pt-BR","@id":"https:\/\/maranhaotv.com.br\/#\/schema\/logo\/image\/","url":"https:\/\/maranhaotv.com.br\/wp-content\/uploads\/2024\/05\/cropped-cropped-avatar-1.png","contentUrl":"https:\/\/maranhaotv.com.br\/wp-content\/uploads\/2024\/05\/cropped-cropped-avatar-1.png","width":792,"height":428,"caption":"Portal de Not\u00edcias"},"image":{"@id":"https:\/\/maranhaotv.com.br\/#\/schema\/logo\/image\/"},"sameAs":["https:\/\/www.facebook.com\/maiobaotv","https:\/\/x.com\/sitemaranhaotv","https:\/\/www.instagram.com\/maranhao.tv","https:\/\/www.threads.net\/@maranhao.tv"]},{"@type":"Person","@id":"https:\/\/maranhaotv.com.br\/#\/schema\/person\/3d54238e86b20bb5c89ab2fdb8f8829a","name":"maranhaotv","image":{"@type":"ImageObject","inLanguage":"pt-BR","@id":"https:\/\/secure.gravatar.com\/avatar\/8fadbca458d4cb68b1dd399ae9a40618d747bb1af65ac9fad21c89220a143eb4?s=96&d=mm&r=g","url":"https:\/\/secure.gravatar.com\/avatar\/8fadbca458d4cb68b1dd399ae9a40618d747bb1af65ac9fad21c89220a143eb4?s=96&d=mm&r=g","contentUrl":"https:\/\/secure.gravatar.com\/avatar\/8fadbca458d4cb68b1dd399ae9a40618d747bb1af65ac9fad21c89220a143eb4?s=96&d=mm&r=g","caption":"maranhaotv"},"sameAs":["https:\/\/maranhaotv.com.br\/"],"url":"https:\/\/maranhaotv.com.br\/index.php\/author\/maranhaotv\/"}]}},"jetpack_featured_media_url":"","jetpack_sharing_enabled":true,"_links":{"self":[{"href":"https:\/\/maranhaotv.com.br\/index.php\/wp-json\/wp\/v2\/posts\/9227","targetHints":{"allow":["GET"]}}],"collection":[{"href":"https:\/\/maranhaotv.com.br\/index.php\/wp-json\/wp\/v2\/posts"}],"about":[{"href":"https:\/\/maranhaotv.com.br\/index.php\/wp-json\/wp\/v2\/types\/post"}],"author":[{"embeddable":true,"href":"https:\/\/maranhaotv.com.br\/index.php\/wp-json\/wp\/v2\/users\/2"}],"replies":[{"embeddable":true,"href":"https:\/\/maranhaotv.com.br\/index.php\/wp-json\/wp\/v2\/comments?post=9227"}],"version-history":[{"count":0,"href":"https:\/\/maranhaotv.com.br\/index.php\/wp-json\/wp\/v2\/posts\/9227\/revisions"}],"wp:featuredmedia":[{"embeddable":true,"href":"https:\/\/maranhaotv.com.br\/index.php\/wp-json\/"}],"wp:attachment":[{"href":"https:\/\/maranhaotv.com.br\/index.php\/wp-json\/wp\/v2\/media?parent=9227"}],"wp:term":[{"taxonomy":"category","embeddable":true,"href":"https:\/\/maranhaotv.com.br\/index.php\/wp-json\/wp\/v2\/categories?post=9227"},{"taxonomy":"post_tag","embeddable":true,"href":"https:\/\/maranhaotv.com.br\/index.php\/wp-json\/wp\/v2\/tags?post=9227"}],"curies":[{"name":"wp","href":"https:\/\/api.w.org\/{rel}","templated":true}]}}