{"id":9259,"date":"2020-01-31T20:37:27","date_gmt":"2020-01-31T23:37:27","guid":{"rendered":"https:\/\/maiobaotv.com.br\/?p=9259"},"modified":"2020-01-31T20:37:27","modified_gmt":"2020-01-31T23:37:27","slug":"paco-do-lumiar-deve-ser-administrado-pelos-luminenses-diz-fred-campos-em-entrevista","status":"publish","type":"post","link":"https:\/\/maranhaotv.com.br\/index.php\/2020\/01\/31\/paco-do-lumiar-deve-ser-administrado-pelos-luminenses-diz-fred-campos-em-entrevista\/","title":{"rendered":"&#8216;Pa\u00e7o do Lumiar deve ser administrado pelos luminenses&#8217;, diz Fred Campos em entrevista."},"content":{"rendered":"<p>No fim da tarde de hoje, 31, o pr\u00e9 candidato a prefeito de Pa\u00e7o do Lumiar, Fred Campos, foi entrevistado na R\u00e1dio Mais FM, no Programa Ponto Continuando, apresentado por Jeisael Marx, Clodoaldo Correia e Leandro Miranda.<\/p>\n<p>Logo no in\u00edcio Fred Campos fez cr\u00edticas a atual gest\u00e3o, de Paula Azevedo, ao afirmar que o munic\u00edpio n\u00e3o tinha nenhum investimento que despertasse orgulho na popula\u00e7\u00e3o.<\/p>\n<p>Fred tamb\u00e9m fez duras cr\u00edticas ao formato administrativo de Paula, segundo ele, hoje governado por pessoas que n\u00e3o pertencem a Pa\u00e7o do Lumiar. Para ele o munic\u00edpio deve ser administrado pelos luminenses, sendo um dos primeiros atos de seu governo editar um decreto com a finalidade de acabar com Secret\u00e1rios de outro lugar.<\/p>\n<p>Jeisael Marx perguntou ao pr\u00e9 candidato qual o principal problema de Pa\u00e7o do Lumiar hoje, Fred adentrou a seara da infraestrutura:<\/p>\n<blockquote><p>&#8220;Tive a oportunidade de visitar agora 4 mil resid\u00eancias e a infraestrutura das ruas \u00e9 ca\u00f3tica. O que voc\u00ea v\u00ea hoje no munic\u00edpio \u00e9 mutir\u00e3o feito pela pr\u00f3pria comunidade tentando resolver o m\u00ednimo de trafegabilidade.&#8221;<\/p><\/blockquote>\n<p>Sobre a Educa\u00e7\u00e3o, Fred lamentou o munic\u00edpio ter apenas uma creche e garantiu que abrir\u00e1 mil vagas em creches no munic\u00edpio de Pa\u00e7o do Lumiar.<\/p>\n<p>Fred tamb\u00e9m informou que hoje Pa\u00e7o n\u00e3o tem nenhuma Emenda Parlamentar sendo executado, e em di\u00e1logos com Deputados Federais os mesmos mostram que hoje o munic\u00edpio n\u00e3o passa nenhuma credibilidade em receber recursos j\u00e1 que n\u00e3o consegue executar.<\/p>\n<p><img loading=\"lazy\" decoding=\"async\" src=\"https:\/\/maiobaotv.com.br\/wp-content\/uploads\/2020\/01\/img_20200131_1749456430044841858515085.jpg\" class=\"wp-image-9258 alignnone size-full\" width=\"3024\" height=\"4032\"><\/p>\n<p>Fred disse que hoje conta com o apoio de  de cerca de 10 deputados federais e disse ter muita certeza em poder mudar essa realidade, esse descr\u00e9dito que passa o munic\u00edpio.<\/p>\n<p>Sobre a pavimenta\u00e7\u00e3o em bloquetes, Fred disse:<\/p>\n<blockquote><p>&#8220;Sou a favor do bloquetes, o custo dele \u00e9 excelente, vc tem uma cidade mais fria, voc\u00ea envolve a comunidade fazendo parcerias com igrejas, associa\u00e7\u00f5es. Gera emprego e renda para a cidade.&#8221;<\/p><\/blockquote>\n<p>Fred pretende inaugurar ruas com pavimenta\u00e7\u00e3o em bloquetes diariamente em seu governo.<\/p>\n<p>Sobre os apoios pol\u00edticos, Fred hoje \u00e9 filiado ao PDT, tendo como alian\u00e7as partid\u00e1rias cerca de 8 partidos, como PL, PRB, PDT, PSD, Avante, DEM e outros. Fred Campos finalizou enfatizando que acredita fortemente na mudan\u00e7a da realidade de Pa\u00e7o do Lumiar, governando ao lado dos luminenses.<\/p>\n<p><img loading=\"lazy\" decoding=\"async\" src=\"https:\/\/maiobaotv.com.br\/wp-content\/uploads\/2020\/01\/IMG_20200131_183732.jpg\" class=\"wp-image-9260 alignnone size-full\" width=\"4032\" height=\"3024\"><\/p>\n<p style=\"text-align:center;\"><em>Fred Campos ao lado dos apresentadores Leandro Miranda, Clodoaldo Correia e Jeisael Marx<\/em><\/p>\n<p><img loading=\"lazy\" decoding=\"async\" src=\"https:\/\/maiobaotv.com.br\/wp-content\/uploads\/2020\/01\/IMG_20200131_180316.jpg\" class=\"wp-image-9261 alignnone size-full\" width=\"4032\" height=\"3024\"><cite><\/cite><\/p>\n<p style=\"text-align:center;\"><em>Fred nos est\u00fadios da Mais FM<\/em><\/p>\n","protected":false},"excerpt":{"rendered":"<p>No fim da tarde de hoje, 31, o pr\u00e9 candidato a prefeito de Pa\u00e7o do Lumiar, Fred Campos, foi entrevistado<\/p>\n","protected":false},"author":2,"featured_media":9270,"comment_status":"closed","ping_status":"closed","sticky":false,"template":"","format":"standard","meta":{"colormag_page_container_layout":"default_layout","colormag_page_sidebar_layout":"default_layout","_jetpack_memberships_contains_paid_content":false,"footnotes":""},"categories":[2],"tags":[16,43,15],"class_list":["post-9259","post","type-post","status-publish","format-standard","has-post-thumbnail","hentry","category-noticias","tag-eleicoes-2020","tag-fred-campos","tag-paco-do-lumiar"],"magazineBlocksPostFeaturedMedia":{"thumbnail":false,"medium":false,"medium_large":false,"large":false,"1536x1536":false,"2048x2048":false,"colormag-highlighted-post":false,"colormag-featured-post-medium":false,"colormag-featured-post-small":false,"colormag-featured-image":false,"colormag-default-news":false,"colormag-featured-image-large":false},"magazineBlocksPostAuthor":{"name":"maranhaotv","avatar":"https:\/\/secure.gravatar.com\/avatar\/8fadbca458d4cb68b1dd399ae9a40618d747bb1af65ac9fad21c89220a143eb4?s=96&d=mm&r=g"},"magazineBlocksPostCommentsNumber":false,"magazineBlocksPostExcerpt":"No fim da tarde de hoje, 31, o pr\u00e9 candidato a prefeito de Pa\u00e7o do Lumiar, Fred Campos, foi entrevistado","magazineBlocksPostCategories":["not\u00edcias"],"magazineBlocksPostViewCount":218,"magazineBlocksPostReadTime":3,"magazine_blocks_featured_image_url":{"full":false,"medium":false,"thumbnail":false},"magazine_blocks_author":{"display_name":"maranhaotv","author_link":"https:\/\/maranhaotv.com.br\/index.php\/author\/maranhaotv\/"},"magazine_blocks_comment":0,"magazine_blocks_author_image":"https:\/\/secure.gravatar.com\/avatar\/8fadbca458d4cb68b1dd399ae9a40618d747bb1af65ac9fad21c89220a143eb4?s=96&d=mm&r=g","magazine_blocks_category":"<a href=\"#\" class=\"category-link category-link-2\">not\u00edcias<\/a>","yoast_head":"<!-- This site is optimized with the Yoast SEO plugin v27.4 - https:\/\/yoast.com\/product\/yoast-seo-wordpress\/ -->\n<title>&#039;Pa\u00e7o do Lumiar deve ser administrado pelos luminenses&#039;, diz Fred Campos em entrevista. - NOT\u00cdCIAS EM TEMPO REAL<\/title>\n<meta name=\"robots\" content=\"index, follow, max-snippet:-1, max-image-preview:large, max-video-preview:-1\" \/>\n<link rel=\"canonical\" href=\"https:\/\/maranhaotv.com.br\/index.php\/2020\/01\/31\/paco-do-lumiar-deve-ser-administrado-pelos-luminenses-diz-fred-campos-em-entrevista\/\" \/>\n<meta property=\"og:locale\" content=\"pt_BR\" \/>\n<meta property=\"og:type\" content=\"article\" \/>\n<meta property=\"og:title\" content=\"&#039;Pa\u00e7o do Lumiar deve ser administrado pelos luminenses&#039;, diz Fred Campos em entrevista. - NOT\u00cdCIAS EM TEMPO REAL\" \/>\n<meta property=\"og:description\" content=\"No fim da tarde de hoje, 31, o pr\u00e9 candidato a prefeito de Pa\u00e7o do Lumiar, Fred Campos, foi entrevistado\" \/>\n<meta property=\"og:url\" content=\"https:\/\/maranhaotv.com.br\/index.php\/2020\/01\/31\/paco-do-lumiar-deve-ser-administrado-pelos-luminenses-diz-fred-campos-em-entrevista\/\" \/>\n<meta property=\"og:site_name\" content=\"NOT\u00cdCIAS EM TEMPO REAL\" \/>\n<meta property=\"article:publisher\" content=\"https:\/\/www.facebook.com\/maiobaotv\" \/>\n<meta property=\"article:published_time\" content=\"2020-01-31T23:37:27+00:00\" \/>\n<meta name=\"author\" content=\"maranhaotv\" \/>\n<meta name=\"twitter:card\" content=\"summary_large_image\" \/>\n<meta name=\"twitter:creator\" content=\"@sitemaranhaotv\" \/>\n<meta name=\"twitter:site\" content=\"@sitemaranhaotv\" \/>\n<meta name=\"twitter:label1\" content=\"Escrito por\" \/>\n\t<meta name=\"twitter:data1\" content=\"maranhaotv\" \/>\n\t<meta name=\"twitter:label2\" content=\"Est. tempo de leitura\" \/>\n\t<meta name=\"twitter:data2\" content=\"2 minutos\" \/>\n<script type=\"application\/ld+json\" class=\"yoast-schema-graph\">{\"@context\":\"https:\\\/\\\/schema.org\",\"@graph\":[{\"@type\":\"Article\",\"@id\":\"https:\\\/\\\/maranhaotv.com.br\\\/index.php\\\/2020\\\/01\\\/31\\\/paco-do-lumiar-deve-ser-administrado-pelos-luminenses-diz-fred-campos-em-entrevista\\\/#article\",\"isPartOf\":{\"@id\":\"https:\\\/\\\/maranhaotv.com.br\\\/index.php\\\/2020\\\/01\\\/31\\\/paco-do-lumiar-deve-ser-administrado-pelos-luminenses-diz-fred-campos-em-entrevista\\\/\"},\"author\":{\"name\":\"maranhaotv\",\"@id\":\"https:\\\/\\\/maranhaotv.com.br\\\/#\\\/schema\\\/person\\\/3d54238e86b20bb5c89ab2fdb8f8829a\"},\"headline\":\"&#8216;Pa\u00e7o do Lumiar deve ser administrado pelos luminenses&#8217;, diz Fred Campos em entrevista.\",\"datePublished\":\"2020-01-31T23:37:27+00:00\",\"mainEntityOfPage\":{\"@id\":\"https:\\\/\\\/maranhaotv.com.br\\\/index.php\\\/2020\\\/01\\\/31\\\/paco-do-lumiar-deve-ser-administrado-pelos-luminenses-diz-fred-campos-em-entrevista\\\/\"},\"wordCount\":433,\"publisher\":{\"@id\":\"https:\\\/\\\/maranhaotv.com.br\\\/#organization\"},\"image\":{\"@id\":\"https:\\\/\\\/maranhaotv.com.br\\\/index.php\\\/2020\\\/01\\\/31\\\/paco-do-lumiar-deve-ser-administrado-pelos-luminenses-diz-fred-campos-em-entrevista\\\/#primaryimage\"},\"thumbnailUrl\":\"\",\"keywords\":[\"Elei\u00e7\u00f5es 2020\",\"Fred Campos\",\"Pa\u00e7o do Lumiar\"],\"articleSection\":[\"not\u00edcias\"],\"inLanguage\":\"pt-BR\"},{\"@type\":\"WebPage\",\"@id\":\"https:\\\/\\\/maranhaotv.com.br\\\/index.php\\\/2020\\\/01\\\/31\\\/paco-do-lumiar-deve-ser-administrado-pelos-luminenses-diz-fred-campos-em-entrevista\\\/\",\"url\":\"https:\\\/\\\/maranhaotv.com.br\\\/index.php\\\/2020\\\/01\\\/31\\\/paco-do-lumiar-deve-ser-administrado-pelos-luminenses-diz-fred-campos-em-entrevista\\\/\",\"name\":\"'Pa\u00e7o do Lumiar deve ser administrado pelos luminenses', diz Fred Campos em entrevista. - NOT\u00cdCIAS EM TEMPO REAL\",\"isPartOf\":{\"@id\":\"https:\\\/\\\/maranhaotv.com.br\\\/#website\"},\"primaryImageOfPage\":{\"@id\":\"https:\\\/\\\/maranhaotv.com.br\\\/index.php\\\/2020\\\/01\\\/31\\\/paco-do-lumiar-deve-ser-administrado-pelos-luminenses-diz-fred-campos-em-entrevista\\\/#primaryimage\"},\"image\":{\"@id\":\"https:\\\/\\\/maranhaotv.com.br\\\/index.php\\\/2020\\\/01\\\/31\\\/paco-do-lumiar-deve-ser-administrado-pelos-luminenses-diz-fred-campos-em-entrevista\\\/#primaryimage\"},\"thumbnailUrl\":\"\",\"datePublished\":\"2020-01-31T23:37:27+00:00\",\"breadcrumb\":{\"@id\":\"https:\\\/\\\/maranhaotv.com.br\\\/index.php\\\/2020\\\/01\\\/31\\\/paco-do-lumiar-deve-ser-administrado-pelos-luminenses-diz-fred-campos-em-entrevista\\\/#breadcrumb\"},\"inLanguage\":\"pt-BR\",\"potentialAction\":[{\"@type\":\"ReadAction\",\"target\":[\"https:\\\/\\\/maranhaotv.com.br\\\/index.php\\\/2020\\\/01\\\/31\\\/paco-do-lumiar-deve-ser-administrado-pelos-luminenses-diz-fred-campos-em-entrevista\\\/\"]}]},{\"@type\":\"ImageObject\",\"inLanguage\":\"pt-BR\",\"@id\":\"https:\\\/\\\/maranhaotv.com.br\\\/index.php\\\/2020\\\/01\\\/31\\\/paco-do-lumiar-deve-ser-administrado-pelos-luminenses-diz-fred-campos-em-entrevista\\\/#primaryimage\",\"url\":\"\",\"contentUrl\":\"\"},{\"@type\":\"BreadcrumbList\",\"@id\":\"https:\\\/\\\/maranhaotv.com.br\\\/index.php\\\/2020\\\/01\\\/31\\\/paco-do-lumiar-deve-ser-administrado-pelos-luminenses-diz-fred-campos-em-entrevista\\\/#breadcrumb\",\"itemListElement\":[{\"@type\":\"ListItem\",\"position\":1,\"name\":\"In\u00edcio\",\"item\":\"https:\\\/\\\/maranhaotv.com.br\\\/\"},{\"@type\":\"ListItem\",\"position\":2,\"name\":\"&#8216;Pa\u00e7o do Lumiar deve ser administrado pelos luminenses&#8217;, diz Fred Campos em entrevista.\"}]},{\"@type\":\"WebSite\",\"@id\":\"https:\\\/\\\/maranhaotv.com.br\\\/#website\",\"url\":\"https:\\\/\\\/maranhaotv.com.br\\\/\",\"name\":\"Maranh\u00e3oTV\",\"description\":\"\",\"publisher\":{\"@id\":\"https:\\\/\\\/maranhaotv.com.br\\\/#organization\"},\"potentialAction\":[{\"@type\":\"SearchAction\",\"target\":{\"@type\":\"EntryPoint\",\"urlTemplate\":\"https:\\\/\\\/maranhaotv.com.br\\\/?s={search_term_string}\"},\"query-input\":{\"@type\":\"PropertyValueSpecification\",\"valueRequired\":true,\"valueName\":\"search_term_string\"}}],\"inLanguage\":\"pt-BR\"},{\"@type\":\"Organization\",\"@id\":\"https:\\\/\\\/maranhaotv.com.br\\\/#organization\",\"name\":\"Portal de Not\u00edcias\",\"url\":\"https:\\\/\\\/maranhaotv.com.br\\\/\",\"logo\":{\"@type\":\"ImageObject\",\"inLanguage\":\"pt-BR\",\"@id\":\"https:\\\/\\\/maranhaotv.com.br\\\/#\\\/schema\\\/logo\\\/image\\\/\",\"url\":\"https:\\\/\\\/maranhaotv.com.br\\\/wp-content\\\/uploads\\\/2024\\\/05\\\/cropped-cropped-avatar-1.png\",\"contentUrl\":\"https:\\\/\\\/maranhaotv.com.br\\\/wp-content\\\/uploads\\\/2024\\\/05\\\/cropped-cropped-avatar-1.png\",\"width\":792,\"height\":428,\"caption\":\"Portal de Not\u00edcias\"},\"image\":{\"@id\":\"https:\\\/\\\/maranhaotv.com.br\\\/#\\\/schema\\\/logo\\\/image\\\/\"},\"sameAs\":[\"https:\\\/\\\/www.facebook.com\\\/maiobaotv\",\"https:\\\/\\\/x.com\\\/sitemaranhaotv\",\"https:\\\/\\\/www.instagram.com\\\/maranhao.tv\",\"https:\\\/\\\/www.threads.net\\\/@maranhao.tv\"]},{\"@type\":\"Person\",\"@id\":\"https:\\\/\\\/maranhaotv.com.br\\\/#\\\/schema\\\/person\\\/3d54238e86b20bb5c89ab2fdb8f8829a\",\"name\":\"maranhaotv\",\"image\":{\"@type\":\"ImageObject\",\"inLanguage\":\"pt-BR\",\"@id\":\"https:\\\/\\\/secure.gravatar.com\\\/avatar\\\/8fadbca458d4cb68b1dd399ae9a40618d747bb1af65ac9fad21c89220a143eb4?s=96&d=mm&r=g\",\"url\":\"https:\\\/\\\/secure.gravatar.com\\\/avatar\\\/8fadbca458d4cb68b1dd399ae9a40618d747bb1af65ac9fad21c89220a143eb4?s=96&d=mm&r=g\",\"contentUrl\":\"https:\\\/\\\/secure.gravatar.com\\\/avatar\\\/8fadbca458d4cb68b1dd399ae9a40618d747bb1af65ac9fad21c89220a143eb4?s=96&d=mm&r=g\",\"caption\":\"maranhaotv\"},\"sameAs\":[\"https:\\\/\\\/maranhaotv.com.br\\\/\"],\"url\":\"https:\\\/\\\/maranhaotv.com.br\\\/index.php\\\/author\\\/maranhaotv\\\/\"}]}<\/script>\n<!-- \/ Yoast SEO plugin. -->","yoast_head_json":{"title":"'Pa\u00e7o do Lumiar deve ser administrado pelos luminenses', diz Fred Campos em entrevista. - NOT\u00cdCIAS EM TEMPO REAL","robots":{"index":"index","follow":"follow","max-snippet":"max-snippet:-1","max-image-preview":"max-image-preview:large","max-video-preview":"max-video-preview:-1"},"canonical":"https:\/\/maranhaotv.com.br\/index.php\/2020\/01\/31\/paco-do-lumiar-deve-ser-administrado-pelos-luminenses-diz-fred-campos-em-entrevista\/","og_locale":"pt_BR","og_type":"article","og_title":"'Pa\u00e7o do Lumiar deve ser administrado pelos luminenses', diz Fred Campos em entrevista. - NOT\u00cdCIAS EM TEMPO REAL","og_description":"No fim da tarde de hoje, 31, o pr\u00e9 candidato a prefeito de Pa\u00e7o do Lumiar, Fred Campos, foi entrevistado","og_url":"https:\/\/maranhaotv.com.br\/index.php\/2020\/01\/31\/paco-do-lumiar-deve-ser-administrado-pelos-luminenses-diz-fred-campos-em-entrevista\/","og_site_name":"NOT\u00cdCIAS EM TEMPO REAL","article_publisher":"https:\/\/www.facebook.com\/maiobaotv","article_published_time":"2020-01-31T23:37:27+00:00","author":"maranhaotv","twitter_card":"summary_large_image","twitter_creator":"@sitemaranhaotv","twitter_site":"@sitemaranhaotv","twitter_misc":{"Escrito por":"maranhaotv","Est. tempo de leitura":"2 minutos"},"schema":{"@context":"https:\/\/schema.org","@graph":[{"@type":"Article","@id":"https:\/\/maranhaotv.com.br\/index.php\/2020\/01\/31\/paco-do-lumiar-deve-ser-administrado-pelos-luminenses-diz-fred-campos-em-entrevista\/#article","isPartOf":{"@id":"https:\/\/maranhaotv.com.br\/index.php\/2020\/01\/31\/paco-do-lumiar-deve-ser-administrado-pelos-luminenses-diz-fred-campos-em-entrevista\/"},"author":{"name":"maranhaotv","@id":"https:\/\/maranhaotv.com.br\/#\/schema\/person\/3d54238e86b20bb5c89ab2fdb8f8829a"},"headline":"&#8216;Pa\u00e7o do Lumiar deve ser administrado pelos luminenses&#8217;, diz Fred Campos em entrevista.","datePublished":"2020-01-31T23:37:27+00:00","mainEntityOfPage":{"@id":"https:\/\/maranhaotv.com.br\/index.php\/2020\/01\/31\/paco-do-lumiar-deve-ser-administrado-pelos-luminenses-diz-fred-campos-em-entrevista\/"},"wordCount":433,"publisher":{"@id":"https:\/\/maranhaotv.com.br\/#organization"},"image":{"@id":"https:\/\/maranhaotv.com.br\/index.php\/2020\/01\/31\/paco-do-lumiar-deve-ser-administrado-pelos-luminenses-diz-fred-campos-em-entrevista\/#primaryimage"},"thumbnailUrl":"","keywords":["Elei\u00e7\u00f5es 2020","Fred Campos","Pa\u00e7o do Lumiar"],"articleSection":["not\u00edcias"],"inLanguage":"pt-BR"},{"@type":"WebPage","@id":"https:\/\/maranhaotv.com.br\/index.php\/2020\/01\/31\/paco-do-lumiar-deve-ser-administrado-pelos-luminenses-diz-fred-campos-em-entrevista\/","url":"https:\/\/maranhaotv.com.br\/index.php\/2020\/01\/31\/paco-do-lumiar-deve-ser-administrado-pelos-luminenses-diz-fred-campos-em-entrevista\/","name":"'Pa\u00e7o do Lumiar deve ser administrado pelos luminenses', diz Fred Campos em entrevista. - NOT\u00cdCIAS EM TEMPO REAL","isPartOf":{"@id":"https:\/\/maranhaotv.com.br\/#website"},"primaryImageOfPage":{"@id":"https:\/\/maranhaotv.com.br\/index.php\/2020\/01\/31\/paco-do-lumiar-deve-ser-administrado-pelos-luminenses-diz-fred-campos-em-entrevista\/#primaryimage"},"image":{"@id":"https:\/\/maranhaotv.com.br\/index.php\/2020\/01\/31\/paco-do-lumiar-deve-ser-administrado-pelos-luminenses-diz-fred-campos-em-entrevista\/#primaryimage"},"thumbnailUrl":"","datePublished":"2020-01-31T23:37:27+00:00","breadcrumb":{"@id":"https:\/\/maranhaotv.com.br\/index.php\/2020\/01\/31\/paco-do-lumiar-deve-ser-administrado-pelos-luminenses-diz-fred-campos-em-entrevista\/#breadcrumb"},"inLanguage":"pt-BR","potentialAction":[{"@type":"ReadAction","target":["https:\/\/maranhaotv.com.br\/index.php\/2020\/01\/31\/paco-do-lumiar-deve-ser-administrado-pelos-luminenses-diz-fred-campos-em-entrevista\/"]}]},{"@type":"ImageObject","inLanguage":"pt-BR","@id":"https:\/\/maranhaotv.com.br\/index.php\/2020\/01\/31\/paco-do-lumiar-deve-ser-administrado-pelos-luminenses-diz-fred-campos-em-entrevista\/#primaryimage","url":"","contentUrl":""},{"@type":"BreadcrumbList","@id":"https:\/\/maranhaotv.com.br\/index.php\/2020\/01\/31\/paco-do-lumiar-deve-ser-administrado-pelos-luminenses-diz-fred-campos-em-entrevista\/#breadcrumb","itemListElement":[{"@type":"ListItem","position":1,"name":"In\u00edcio","item":"https:\/\/maranhaotv.com.br\/"},{"@type":"ListItem","position":2,"name":"&#8216;Pa\u00e7o do Lumiar deve ser administrado pelos luminenses&#8217;, diz Fred Campos em entrevista."}]},{"@type":"WebSite","@id":"https:\/\/maranhaotv.com.br\/#website","url":"https:\/\/maranhaotv.com.br\/","name":"Maranh\u00e3oTV","description":"","publisher":{"@id":"https:\/\/maranhaotv.com.br\/#organization"},"potentialAction":[{"@type":"SearchAction","target":{"@type":"EntryPoint","urlTemplate":"https:\/\/maranhaotv.com.br\/?s={search_term_string}"},"query-input":{"@type":"PropertyValueSpecification","valueRequired":true,"valueName":"search_term_string"}}],"inLanguage":"pt-BR"},{"@type":"Organization","@id":"https:\/\/maranhaotv.com.br\/#organization","name":"Portal de Not\u00edcias","url":"https:\/\/maranhaotv.com.br\/","logo":{"@type":"ImageObject","inLanguage":"pt-BR","@id":"https:\/\/maranhaotv.com.br\/#\/schema\/logo\/image\/","url":"https:\/\/maranhaotv.com.br\/wp-content\/uploads\/2024\/05\/cropped-cropped-avatar-1.png","contentUrl":"https:\/\/maranhaotv.com.br\/wp-content\/uploads\/2024\/05\/cropped-cropped-avatar-1.png","width":792,"height":428,"caption":"Portal de Not\u00edcias"},"image":{"@id":"https:\/\/maranhaotv.com.br\/#\/schema\/logo\/image\/"},"sameAs":["https:\/\/www.facebook.com\/maiobaotv","https:\/\/x.com\/sitemaranhaotv","https:\/\/www.instagram.com\/maranhao.tv","https:\/\/www.threads.net\/@maranhao.tv"]},{"@type":"Person","@id":"https:\/\/maranhaotv.com.br\/#\/schema\/person\/3d54238e86b20bb5c89ab2fdb8f8829a","name":"maranhaotv","image":{"@type":"ImageObject","inLanguage":"pt-BR","@id":"https:\/\/secure.gravatar.com\/avatar\/8fadbca458d4cb68b1dd399ae9a40618d747bb1af65ac9fad21c89220a143eb4?s=96&d=mm&r=g","url":"https:\/\/secure.gravatar.com\/avatar\/8fadbca458d4cb68b1dd399ae9a40618d747bb1af65ac9fad21c89220a143eb4?s=96&d=mm&r=g","contentUrl":"https:\/\/secure.gravatar.com\/avatar\/8fadbca458d4cb68b1dd399ae9a40618d747bb1af65ac9fad21c89220a143eb4?s=96&d=mm&r=g","caption":"maranhaotv"},"sameAs":["https:\/\/maranhaotv.com.br\/"],"url":"https:\/\/maranhaotv.com.br\/index.php\/author\/maranhaotv\/"}]}},"jetpack_featured_media_url":"","jetpack_sharing_enabled":true,"_links":{"self":[{"href":"https:\/\/maranhaotv.com.br\/index.php\/wp-json\/wp\/v2\/posts\/9259","targetHints":{"allow":["GET"]}}],"collection":[{"href":"https:\/\/maranhaotv.com.br\/index.php\/wp-json\/wp\/v2\/posts"}],"about":[{"href":"https:\/\/maranhaotv.com.br\/index.php\/wp-json\/wp\/v2\/types\/post"}],"author":[{"embeddable":true,"href":"https:\/\/maranhaotv.com.br\/index.php\/wp-json\/wp\/v2\/users\/2"}],"replies":[{"embeddable":true,"href":"https:\/\/maranhaotv.com.br\/index.php\/wp-json\/wp\/v2\/comments?post=9259"}],"version-history":[{"count":0,"href":"https:\/\/maranhaotv.com.br\/index.php\/wp-json\/wp\/v2\/posts\/9259\/revisions"}],"wp:featuredmedia":[{"embeddable":true,"href":"https:\/\/maranhaotv.com.br\/index.php\/wp-json\/"}],"wp:attachment":[{"href":"https:\/\/maranhaotv.com.br\/index.php\/wp-json\/wp\/v2\/media?parent=9259"}],"wp:term":[{"taxonomy":"category","embeddable":true,"href":"https:\/\/maranhaotv.com.br\/index.php\/wp-json\/wp\/v2\/categories?post=9259"},{"taxonomy":"post_tag","embeddable":true,"href":"https:\/\/maranhaotv.com.br\/index.php\/wp-json\/wp\/v2\/tags?post=9259"}],"curies":[{"name":"wp","href":"https:\/\/api.w.org\/{rel}","templated":true}]}}