{"id":9333,"date":"2020-02-05T08:45:04","date_gmt":"2020-02-05T11:45:04","guid":{"rendered":"https:\/\/maiobaotv.com.br\/?p=9333"},"modified":"2020-02-05T08:45:04","modified_gmt":"2020-02-05T11:45:04","slug":"camara-aprova-pl-com-medidas-de-contencao-do-coronavirus-no-brasil","status":"publish","type":"post","link":"https:\/\/maranhaotv.com.br\/index.php\/2020\/02\/05\/camara-aprova-pl-com-medidas-de-contencao-do-coronavirus-no-brasil\/","title":{"rendered":"C\u00e2mara aprova PL com medidas de conten\u00e7\u00e3o do coronav\u00edrus no Brasil"},"content":{"rendered":"<h5>Projeto deve ser votado no Senado nesta quarta-feira<\/h5>\n<p>A C\u00e2mara dos Deputados aprovou na noite de hoje (4), em plen\u00e1rio, um projeto de lei (PL) que estabelece regras e medidas para controle, no territ\u00f3rio brasileiro, da epidemia do coronav\u00edrus. Para facilitar uma vota\u00e7\u00e3o r\u00e1pida, sem pol\u00eamicas e debates prolongados, o projeto trata apenas de medidas referentes ao coronav\u00edrus.<\/p>\n<p>A vota\u00e7\u00e3o ocorreu de forma simb\u00f3lica, sem registro em painel. O projeto segue para o Senado, onde deve ser votado amanh\u00e3 (5). O PL, relatado na C\u00e2mara por Carmen Zanotto (Cidadania-SC), prev\u00ea, entre outros pontos, o isolamento para portadores do v\u00edrus ou quarentena para os que tiverem suspeitas de contamina\u00e7\u00e3o.<\/p>\n<p>Os cidad\u00e3os isolados ter\u00e3o tratamento gratuito e o direito de serem informados permanentemente sobre seu estado de sa\u00fade. O projeto tamb\u00e9m prev\u00ea o fechamento de fronteiras, portos e aeroportos para entrar e sair do pa\u00eds e a autoriza\u00e7\u00e3o excepcional e tempor\u00e1ria da entrada de produtos sem registro na Ag\u00eancia Nacional de Vigil\u00e2ncia Sanit\u00e1ria (Anvisa), caso tais medidas sejam necess\u00e1rias.<\/p>\n<p>Existe um outro projeto sobre epidemias e vigil\u00e2ncia sanit\u00e1ria, mais amplo, que deve come\u00e7ar a ganhar forma a partir da pr\u00f3xima semana. O governo desistiu de avan\u00e7ar com esse texto, com 84 artigos, para priorizar a emerg\u00eancia atual. Por isso, um texto mais curto foi entregue aos deputados. O ministro da Sa\u00fade, Luiz Henrique Mandetta, esteve na C\u00e2mara no final da tarde para costurar um acordo com as lideran\u00e7as da Casa e garantir a aprova\u00e7\u00e3o do projeto de lei emergencial.<\/p>\n<blockquote><p>\u201cO projeto inteiro tem aproximadamente 84 artigos e seria pedir demais que a gente votasse 84 artigos de temas pol\u00eamicos numa situa\u00e7\u00e3o como a de hoje, que \u00e9 votar um texto enxuto, muito resumido, que se utiliza para esse momento do coronav\u00edrus, para essa quest\u00e3o da quarentena, e na segunda-feira a gente revisa e manda o PL para ter a discuss\u00e3o sem ser de urg\u00eancia\u201d, disse Mandetta.<\/p><\/blockquote>\n<p>Os primeiros casos de coronav\u00edrus surgiram na cidade de Wuhan, na China. O \u00faltimo boletim divulgado pelo pa\u00eds asi\u00e1tico registrou 20.438 casos e 425 mortes causadas pelo v\u00edrus. Fora da China continental, 185 infec\u00e7\u00f5es pelo novo coronav\u00edrus foram confirmadas em 26 pa\u00edses e territ\u00f3rios.<\/p>\n<p>Atualmente h\u00e1, segundo lista preliminar do Minist\u00e9rio das Rela\u00e7\u00f5es Exteriores (MRE), um total de 29 pessoas, sendo 24 brasileiros e 5 chineses, que s\u00e3o c\u00f4njuges ou pais dos cidad\u00e3os brasileiros, que est\u00e3o em Wuhan e que requisitaram ser resgatados pelo governo brasileiro.<\/p>\n<p>Nenhum apresenta sintomas da doen\u00e7a. Eles ser\u00e3o repatriados em duas aeronaves reservas da Presid\u00eancia da Rep\u00fablica. Quem apresentar sintomas compat\u00edveis com o coronav\u00edrus n\u00e3o poder\u00e1 viajar.<\/p>\n<p>J\u00e1 est\u00e1 definido que os brasileiros que ser\u00e3o trazidos de Wuhan ficar\u00e3o em isolamento na cidade de An\u00e1polis (GO). Os dois avi\u00f5es da For\u00e7a A\u00e9rea Brasileira (FAB) saem de Bras\u00edlia amanh\u00e3 (5), com previs\u00e3o de chegada em Wuhan na madrugada de sexta-feira (7), para buscar os brasileiros.<\/p>\n<p>Ag\u00eancia Brasil<\/p>\n","protected":false},"excerpt":{"rendered":"<p>Projeto deve ser votado no Senado nesta quarta-feira A C\u00e2mara dos Deputados aprovou na noite de hoje (4), em plen\u00e1rio,<\/p>\n","protected":false},"author":2,"featured_media":9332,"comment_status":"open","ping_status":"open","sticky":false,"template":"","format":"standard","meta":{"colormag_page_container_layout":"default_layout","colormag_page_sidebar_layout":"default_layout","_jetpack_memberships_contains_paid_content":false,"footnotes":""},"categories":[2],"tags":[],"class_list":["post-9333","post","type-post","status-publish","format-standard","has-post-thumbnail","hentry","category-noticias"],"magazineBlocksPostFeaturedMedia":{"thumbnail":false,"medium":false,"medium_large":false,"large":false,"1536x1536":false,"2048x2048":false,"colormag-highlighted-post":false,"colormag-featured-post-medium":false,"colormag-featured-post-small":false,"colormag-featured-image":false,"colormag-default-news":false,"colormag-featured-image-large":false},"magazineBlocksPostAuthor":{"name":"maranhaotv","avatar":"https:\/\/secure.gravatar.com\/avatar\/8fadbca458d4cb68b1dd399ae9a40618d747bb1af65ac9fad21c89220a143eb4?s=96&d=mm&r=g"},"magazineBlocksPostCommentsNumber":"0","magazineBlocksPostExcerpt":"Projeto deve ser votado no Senado nesta quarta-feira A C\u00e2mara dos Deputados aprovou na noite de hoje (4), em plen\u00e1rio,","magazineBlocksPostCategories":["not\u00edcias"],"magazineBlocksPostViewCount":207,"magazineBlocksPostReadTime":3,"magazine_blocks_featured_image_url":{"full":false,"medium":false,"thumbnail":false},"magazine_blocks_author":{"display_name":"maranhaotv","author_link":"https:\/\/maranhaotv.com.br\/index.php\/author\/maranhaotv\/"},"magazine_blocks_comment":0,"magazine_blocks_author_image":"https:\/\/secure.gravatar.com\/avatar\/8fadbca458d4cb68b1dd399ae9a40618d747bb1af65ac9fad21c89220a143eb4?s=96&d=mm&r=g","magazine_blocks_category":"<a href=\"#\" class=\"category-link category-link-2\">not\u00edcias<\/a>","yoast_head":"<!-- This site is optimized with the Yoast SEO plugin v27.4 - https:\/\/yoast.com\/product\/yoast-seo-wordpress\/ -->\n<title>C\u00e2mara aprova PL com medidas de conten\u00e7\u00e3o do coronav\u00edrus no Brasil - NOT\u00cdCIAS EM TEMPO REAL<\/title>\n<meta name=\"robots\" content=\"index, follow, max-snippet:-1, max-image-preview:large, max-video-preview:-1\" \/>\n<link rel=\"canonical\" href=\"https:\/\/maranhaotv.com.br\/index.php\/2020\/02\/05\/camara-aprova-pl-com-medidas-de-contencao-do-coronavirus-no-brasil\/\" \/>\n<meta property=\"og:locale\" content=\"pt_BR\" \/>\n<meta property=\"og:type\" content=\"article\" \/>\n<meta property=\"og:title\" content=\"C\u00e2mara aprova PL com medidas de conten\u00e7\u00e3o do coronav\u00edrus no Brasil - NOT\u00cdCIAS EM TEMPO REAL\" \/>\n<meta property=\"og:description\" content=\"Projeto deve ser votado no Senado nesta quarta-feira A C\u00e2mara dos Deputados aprovou na noite de hoje (4), em plen\u00e1rio,\" \/>\n<meta property=\"og:url\" content=\"https:\/\/maranhaotv.com.br\/index.php\/2020\/02\/05\/camara-aprova-pl-com-medidas-de-contencao-do-coronavirus-no-brasil\/\" \/>\n<meta property=\"og:site_name\" content=\"NOT\u00cdCIAS EM TEMPO REAL\" \/>\n<meta property=\"article:publisher\" content=\"https:\/\/www.facebook.com\/maiobaotv\" \/>\n<meta property=\"article:published_time\" content=\"2020-02-05T11:45:04+00:00\" \/>\n<meta name=\"author\" content=\"maranhaotv\" \/>\n<meta name=\"twitter:card\" content=\"summary_large_image\" \/>\n<meta name=\"twitter:creator\" content=\"@sitemaranhaotv\" \/>\n<meta name=\"twitter:site\" content=\"@sitemaranhaotv\" \/>\n<meta name=\"twitter:label1\" content=\"Escrito por\" \/>\n\t<meta name=\"twitter:data1\" content=\"maranhaotv\" \/>\n\t<meta name=\"twitter:label2\" content=\"Est. tempo de leitura\" \/>\n\t<meta name=\"twitter:data2\" content=\"3 minutos\" \/>\n<script type=\"application\/ld+json\" class=\"yoast-schema-graph\">{\"@context\":\"https:\\\/\\\/schema.org\",\"@graph\":[{\"@type\":\"Article\",\"@id\":\"https:\\\/\\\/maranhaotv.com.br\\\/index.php\\\/2020\\\/02\\\/05\\\/camara-aprova-pl-com-medidas-de-contencao-do-coronavirus-no-brasil\\\/#article\",\"isPartOf\":{\"@id\":\"https:\\\/\\\/maranhaotv.com.br\\\/index.php\\\/2020\\\/02\\\/05\\\/camara-aprova-pl-com-medidas-de-contencao-do-coronavirus-no-brasil\\\/\"},\"author\":{\"name\":\"maranhaotv\",\"@id\":\"https:\\\/\\\/maranhaotv.com.br\\\/#\\\/schema\\\/person\\\/3d54238e86b20bb5c89ab2fdb8f8829a\"},\"headline\":\"C\u00e2mara aprova PL com medidas de conten\u00e7\u00e3o do coronav\u00edrus no Brasil\",\"datePublished\":\"2020-02-05T11:45:04+00:00\",\"mainEntityOfPage\":{\"@id\":\"https:\\\/\\\/maranhaotv.com.br\\\/index.php\\\/2020\\\/02\\\/05\\\/camara-aprova-pl-com-medidas-de-contencao-do-coronavirus-no-brasil\\\/\"},\"wordCount\":544,\"commentCount\":0,\"publisher\":{\"@id\":\"https:\\\/\\\/maranhaotv.com.br\\\/#organization\"},\"image\":{\"@id\":\"https:\\\/\\\/maranhaotv.com.br\\\/index.php\\\/2020\\\/02\\\/05\\\/camara-aprova-pl-com-medidas-de-contencao-do-coronavirus-no-brasil\\\/#primaryimage\"},\"thumbnailUrl\":\"\",\"articleSection\":[\"not\u00edcias\"],\"inLanguage\":\"pt-BR\",\"potentialAction\":[{\"@type\":\"CommentAction\",\"name\":\"Comment\",\"target\":[\"https:\\\/\\\/maranhaotv.com.br\\\/index.php\\\/2020\\\/02\\\/05\\\/camara-aprova-pl-com-medidas-de-contencao-do-coronavirus-no-brasil\\\/#respond\"]}]},{\"@type\":\"WebPage\",\"@id\":\"https:\\\/\\\/maranhaotv.com.br\\\/index.php\\\/2020\\\/02\\\/05\\\/camara-aprova-pl-com-medidas-de-contencao-do-coronavirus-no-brasil\\\/\",\"url\":\"https:\\\/\\\/maranhaotv.com.br\\\/index.php\\\/2020\\\/02\\\/05\\\/camara-aprova-pl-com-medidas-de-contencao-do-coronavirus-no-brasil\\\/\",\"name\":\"C\u00e2mara aprova PL com medidas de conten\u00e7\u00e3o do coronav\u00edrus no Brasil - NOT\u00cdCIAS EM TEMPO REAL\",\"isPartOf\":{\"@id\":\"https:\\\/\\\/maranhaotv.com.br\\\/#website\"},\"primaryImageOfPage\":{\"@id\":\"https:\\\/\\\/maranhaotv.com.br\\\/index.php\\\/2020\\\/02\\\/05\\\/camara-aprova-pl-com-medidas-de-contencao-do-coronavirus-no-brasil\\\/#primaryimage\"},\"image\":{\"@id\":\"https:\\\/\\\/maranhaotv.com.br\\\/index.php\\\/2020\\\/02\\\/05\\\/camara-aprova-pl-com-medidas-de-contencao-do-coronavirus-no-brasil\\\/#primaryimage\"},\"thumbnailUrl\":\"\",\"datePublished\":\"2020-02-05T11:45:04+00:00\",\"breadcrumb\":{\"@id\":\"https:\\\/\\\/maranhaotv.com.br\\\/index.php\\\/2020\\\/02\\\/05\\\/camara-aprova-pl-com-medidas-de-contencao-do-coronavirus-no-brasil\\\/#breadcrumb\"},\"inLanguage\":\"pt-BR\",\"potentialAction\":[{\"@type\":\"ReadAction\",\"target\":[\"https:\\\/\\\/maranhaotv.com.br\\\/index.php\\\/2020\\\/02\\\/05\\\/camara-aprova-pl-com-medidas-de-contencao-do-coronavirus-no-brasil\\\/\"]}]},{\"@type\":\"ImageObject\",\"inLanguage\":\"pt-BR\",\"@id\":\"https:\\\/\\\/maranhaotv.com.br\\\/index.php\\\/2020\\\/02\\\/05\\\/camara-aprova-pl-com-medidas-de-contencao-do-coronavirus-no-brasil\\\/#primaryimage\",\"url\":\"\",\"contentUrl\":\"\"},{\"@type\":\"BreadcrumbList\",\"@id\":\"https:\\\/\\\/maranhaotv.com.br\\\/index.php\\\/2020\\\/02\\\/05\\\/camara-aprova-pl-com-medidas-de-contencao-do-coronavirus-no-brasil\\\/#breadcrumb\",\"itemListElement\":[{\"@type\":\"ListItem\",\"position\":1,\"name\":\"In\u00edcio\",\"item\":\"https:\\\/\\\/maranhaotv.com.br\\\/\"},{\"@type\":\"ListItem\",\"position\":2,\"name\":\"C\u00e2mara aprova PL com medidas de conten\u00e7\u00e3o do coronav\u00edrus no Brasil\"}]},{\"@type\":\"WebSite\",\"@id\":\"https:\\\/\\\/maranhaotv.com.br\\\/#website\",\"url\":\"https:\\\/\\\/maranhaotv.com.br\\\/\",\"name\":\"Maranh\u00e3oTV\",\"description\":\"\",\"publisher\":{\"@id\":\"https:\\\/\\\/maranhaotv.com.br\\\/#organization\"},\"potentialAction\":[{\"@type\":\"SearchAction\",\"target\":{\"@type\":\"EntryPoint\",\"urlTemplate\":\"https:\\\/\\\/maranhaotv.com.br\\\/?s={search_term_string}\"},\"query-input\":{\"@type\":\"PropertyValueSpecification\",\"valueRequired\":true,\"valueName\":\"search_term_string\"}}],\"inLanguage\":\"pt-BR\"},{\"@type\":\"Organization\",\"@id\":\"https:\\\/\\\/maranhaotv.com.br\\\/#organization\",\"name\":\"Portal de Not\u00edcias\",\"url\":\"https:\\\/\\\/maranhaotv.com.br\\\/\",\"logo\":{\"@type\":\"ImageObject\",\"inLanguage\":\"pt-BR\",\"@id\":\"https:\\\/\\\/maranhaotv.com.br\\\/#\\\/schema\\\/logo\\\/image\\\/\",\"url\":\"https:\\\/\\\/maranhaotv.com.br\\\/wp-content\\\/uploads\\\/2024\\\/05\\\/cropped-cropped-avatar-1.png\",\"contentUrl\":\"https:\\\/\\\/maranhaotv.com.br\\\/wp-content\\\/uploads\\\/2024\\\/05\\\/cropped-cropped-avatar-1.png\",\"width\":792,\"height\":428,\"caption\":\"Portal de Not\u00edcias\"},\"image\":{\"@id\":\"https:\\\/\\\/maranhaotv.com.br\\\/#\\\/schema\\\/logo\\\/image\\\/\"},\"sameAs\":[\"https:\\\/\\\/www.facebook.com\\\/maiobaotv\",\"https:\\\/\\\/x.com\\\/sitemaranhaotv\",\"https:\\\/\\\/www.instagram.com\\\/maranhao.tv\",\"https:\\\/\\\/www.threads.net\\\/@maranhao.tv\"]},{\"@type\":\"Person\",\"@id\":\"https:\\\/\\\/maranhaotv.com.br\\\/#\\\/schema\\\/person\\\/3d54238e86b20bb5c89ab2fdb8f8829a\",\"name\":\"maranhaotv\",\"image\":{\"@type\":\"ImageObject\",\"inLanguage\":\"pt-BR\",\"@id\":\"https:\\\/\\\/secure.gravatar.com\\\/avatar\\\/8fadbca458d4cb68b1dd399ae9a40618d747bb1af65ac9fad21c89220a143eb4?s=96&d=mm&r=g\",\"url\":\"https:\\\/\\\/secure.gravatar.com\\\/avatar\\\/8fadbca458d4cb68b1dd399ae9a40618d747bb1af65ac9fad21c89220a143eb4?s=96&d=mm&r=g\",\"contentUrl\":\"https:\\\/\\\/secure.gravatar.com\\\/avatar\\\/8fadbca458d4cb68b1dd399ae9a40618d747bb1af65ac9fad21c89220a143eb4?s=96&d=mm&r=g\",\"caption\":\"maranhaotv\"},\"sameAs\":[\"https:\\\/\\\/maranhaotv.com.br\\\/\"],\"url\":\"https:\\\/\\\/maranhaotv.com.br\\\/index.php\\\/author\\\/maranhaotv\\\/\"}]}<\/script>\n<!-- \/ Yoast SEO plugin. -->","yoast_head_json":{"title":"C\u00e2mara aprova PL com medidas de conten\u00e7\u00e3o do coronav\u00edrus no Brasil - NOT\u00cdCIAS EM TEMPO REAL","robots":{"index":"index","follow":"follow","max-snippet":"max-snippet:-1","max-image-preview":"max-image-preview:large","max-video-preview":"max-video-preview:-1"},"canonical":"https:\/\/maranhaotv.com.br\/index.php\/2020\/02\/05\/camara-aprova-pl-com-medidas-de-contencao-do-coronavirus-no-brasil\/","og_locale":"pt_BR","og_type":"article","og_title":"C\u00e2mara aprova PL com medidas de conten\u00e7\u00e3o do coronav\u00edrus no Brasil - NOT\u00cdCIAS EM TEMPO REAL","og_description":"Projeto deve ser votado no Senado nesta quarta-feira A C\u00e2mara dos Deputados aprovou na noite de hoje (4), em plen\u00e1rio,","og_url":"https:\/\/maranhaotv.com.br\/index.php\/2020\/02\/05\/camara-aprova-pl-com-medidas-de-contencao-do-coronavirus-no-brasil\/","og_site_name":"NOT\u00cdCIAS EM TEMPO REAL","article_publisher":"https:\/\/www.facebook.com\/maiobaotv","article_published_time":"2020-02-05T11:45:04+00:00","author":"maranhaotv","twitter_card":"summary_large_image","twitter_creator":"@sitemaranhaotv","twitter_site":"@sitemaranhaotv","twitter_misc":{"Escrito por":"maranhaotv","Est. tempo de leitura":"3 minutos"},"schema":{"@context":"https:\/\/schema.org","@graph":[{"@type":"Article","@id":"https:\/\/maranhaotv.com.br\/index.php\/2020\/02\/05\/camara-aprova-pl-com-medidas-de-contencao-do-coronavirus-no-brasil\/#article","isPartOf":{"@id":"https:\/\/maranhaotv.com.br\/index.php\/2020\/02\/05\/camara-aprova-pl-com-medidas-de-contencao-do-coronavirus-no-brasil\/"},"author":{"name":"maranhaotv","@id":"https:\/\/maranhaotv.com.br\/#\/schema\/person\/3d54238e86b20bb5c89ab2fdb8f8829a"},"headline":"C\u00e2mara aprova PL com medidas de conten\u00e7\u00e3o do coronav\u00edrus no Brasil","datePublished":"2020-02-05T11:45:04+00:00","mainEntityOfPage":{"@id":"https:\/\/maranhaotv.com.br\/index.php\/2020\/02\/05\/camara-aprova-pl-com-medidas-de-contencao-do-coronavirus-no-brasil\/"},"wordCount":544,"commentCount":0,"publisher":{"@id":"https:\/\/maranhaotv.com.br\/#organization"},"image":{"@id":"https:\/\/maranhaotv.com.br\/index.php\/2020\/02\/05\/camara-aprova-pl-com-medidas-de-contencao-do-coronavirus-no-brasil\/#primaryimage"},"thumbnailUrl":"","articleSection":["not\u00edcias"],"inLanguage":"pt-BR","potentialAction":[{"@type":"CommentAction","name":"Comment","target":["https:\/\/maranhaotv.com.br\/index.php\/2020\/02\/05\/camara-aprova-pl-com-medidas-de-contencao-do-coronavirus-no-brasil\/#respond"]}]},{"@type":"WebPage","@id":"https:\/\/maranhaotv.com.br\/index.php\/2020\/02\/05\/camara-aprova-pl-com-medidas-de-contencao-do-coronavirus-no-brasil\/","url":"https:\/\/maranhaotv.com.br\/index.php\/2020\/02\/05\/camara-aprova-pl-com-medidas-de-contencao-do-coronavirus-no-brasil\/","name":"C\u00e2mara aprova PL com medidas de conten\u00e7\u00e3o do coronav\u00edrus no Brasil - NOT\u00cdCIAS EM TEMPO REAL","isPartOf":{"@id":"https:\/\/maranhaotv.com.br\/#website"},"primaryImageOfPage":{"@id":"https:\/\/maranhaotv.com.br\/index.php\/2020\/02\/05\/camara-aprova-pl-com-medidas-de-contencao-do-coronavirus-no-brasil\/#primaryimage"},"image":{"@id":"https:\/\/maranhaotv.com.br\/index.php\/2020\/02\/05\/camara-aprova-pl-com-medidas-de-contencao-do-coronavirus-no-brasil\/#primaryimage"},"thumbnailUrl":"","datePublished":"2020-02-05T11:45:04+00:00","breadcrumb":{"@id":"https:\/\/maranhaotv.com.br\/index.php\/2020\/02\/05\/camara-aprova-pl-com-medidas-de-contencao-do-coronavirus-no-brasil\/#breadcrumb"},"inLanguage":"pt-BR","potentialAction":[{"@type":"ReadAction","target":["https:\/\/maranhaotv.com.br\/index.php\/2020\/02\/05\/camara-aprova-pl-com-medidas-de-contencao-do-coronavirus-no-brasil\/"]}]},{"@type":"ImageObject","inLanguage":"pt-BR","@id":"https:\/\/maranhaotv.com.br\/index.php\/2020\/02\/05\/camara-aprova-pl-com-medidas-de-contencao-do-coronavirus-no-brasil\/#primaryimage","url":"","contentUrl":""},{"@type":"BreadcrumbList","@id":"https:\/\/maranhaotv.com.br\/index.php\/2020\/02\/05\/camara-aprova-pl-com-medidas-de-contencao-do-coronavirus-no-brasil\/#breadcrumb","itemListElement":[{"@type":"ListItem","position":1,"name":"In\u00edcio","item":"https:\/\/maranhaotv.com.br\/"},{"@type":"ListItem","position":2,"name":"C\u00e2mara aprova PL com medidas de conten\u00e7\u00e3o do coronav\u00edrus no Brasil"}]},{"@type":"WebSite","@id":"https:\/\/maranhaotv.com.br\/#website","url":"https:\/\/maranhaotv.com.br\/","name":"Maranh\u00e3oTV","description":"","publisher":{"@id":"https:\/\/maranhaotv.com.br\/#organization"},"potentialAction":[{"@type":"SearchAction","target":{"@type":"EntryPoint","urlTemplate":"https:\/\/maranhaotv.com.br\/?s={search_term_string}"},"query-input":{"@type":"PropertyValueSpecification","valueRequired":true,"valueName":"search_term_string"}}],"inLanguage":"pt-BR"},{"@type":"Organization","@id":"https:\/\/maranhaotv.com.br\/#organization","name":"Portal de Not\u00edcias","url":"https:\/\/maranhaotv.com.br\/","logo":{"@type":"ImageObject","inLanguage":"pt-BR","@id":"https:\/\/maranhaotv.com.br\/#\/schema\/logo\/image\/","url":"https:\/\/maranhaotv.com.br\/wp-content\/uploads\/2024\/05\/cropped-cropped-avatar-1.png","contentUrl":"https:\/\/maranhaotv.com.br\/wp-content\/uploads\/2024\/05\/cropped-cropped-avatar-1.png","width":792,"height":428,"caption":"Portal de Not\u00edcias"},"image":{"@id":"https:\/\/maranhaotv.com.br\/#\/schema\/logo\/image\/"},"sameAs":["https:\/\/www.facebook.com\/maiobaotv","https:\/\/x.com\/sitemaranhaotv","https:\/\/www.instagram.com\/maranhao.tv","https:\/\/www.threads.net\/@maranhao.tv"]},{"@type":"Person","@id":"https:\/\/maranhaotv.com.br\/#\/schema\/person\/3d54238e86b20bb5c89ab2fdb8f8829a","name":"maranhaotv","image":{"@type":"ImageObject","inLanguage":"pt-BR","@id":"https:\/\/secure.gravatar.com\/avatar\/8fadbca458d4cb68b1dd399ae9a40618d747bb1af65ac9fad21c89220a143eb4?s=96&d=mm&r=g","url":"https:\/\/secure.gravatar.com\/avatar\/8fadbca458d4cb68b1dd399ae9a40618d747bb1af65ac9fad21c89220a143eb4?s=96&d=mm&r=g","contentUrl":"https:\/\/secure.gravatar.com\/avatar\/8fadbca458d4cb68b1dd399ae9a40618d747bb1af65ac9fad21c89220a143eb4?s=96&d=mm&r=g","caption":"maranhaotv"},"sameAs":["https:\/\/maranhaotv.com.br\/"],"url":"https:\/\/maranhaotv.com.br\/index.php\/author\/maranhaotv\/"}]}},"jetpack_featured_media_url":"","jetpack_sharing_enabled":true,"_links":{"self":[{"href":"https:\/\/maranhaotv.com.br\/index.php\/wp-json\/wp\/v2\/posts\/9333","targetHints":{"allow":["GET"]}}],"collection":[{"href":"https:\/\/maranhaotv.com.br\/index.php\/wp-json\/wp\/v2\/posts"}],"about":[{"href":"https:\/\/maranhaotv.com.br\/index.php\/wp-json\/wp\/v2\/types\/post"}],"author":[{"embeddable":true,"href":"https:\/\/maranhaotv.com.br\/index.php\/wp-json\/wp\/v2\/users\/2"}],"replies":[{"embeddable":true,"href":"https:\/\/maranhaotv.com.br\/index.php\/wp-json\/wp\/v2\/comments?post=9333"}],"version-history":[{"count":0,"href":"https:\/\/maranhaotv.com.br\/index.php\/wp-json\/wp\/v2\/posts\/9333\/revisions"}],"wp:featuredmedia":[{"embeddable":true,"href":"https:\/\/maranhaotv.com.br\/index.php\/wp-json\/"}],"wp:attachment":[{"href":"https:\/\/maranhaotv.com.br\/index.php\/wp-json\/wp\/v2\/media?parent=9333"}],"wp:term":[{"taxonomy":"category","embeddable":true,"href":"https:\/\/maranhaotv.com.br\/index.php\/wp-json\/wp\/v2\/categories?post=9333"},{"taxonomy":"post_tag","embeddable":true,"href":"https:\/\/maranhaotv.com.br\/index.php\/wp-json\/wp\/v2\/tags?post=9333"}],"curies":[{"name":"wp","href":"https:\/\/api.w.org\/{rel}","templated":true}]}}