{"id":9397,"date":"2020-02-08T15:18:28","date_gmt":"2020-02-08T18:18:28","guid":{"rendered":"https:\/\/maiobaotv.com.br\/?p=9397"},"modified":"2020-02-08T15:18:28","modified_gmt":"2020-02-08T18:18:28","slug":"ver-sa-marques-inicia-greve-de-fome-e-edvaldo-holanda-nao-o-recebe","status":"publish","type":"post","link":"https:\/\/maranhaotv.com.br\/index.php\/2020\/02\/08\/ver-sa-marques-inicia-greve-de-fome-e-edvaldo-holanda-nao-o-recebe\/","title":{"rendered":"Exigindo melhorias para comunidade, S\u00e1 Marques inicia greve de fome e Edvaldo Holanda ignora"},"content":{"rendered":"<p>O Vereador Prof\u00ba S\u00e1 Marques, deu in\u00edcio nesta quinta-feira (6), assim como prometido, a greve de fome em frente ao Pal\u00e1cio de La Ravardi\u00e8re, sede da Prefeitura de S\u00e3o Lu\u00eds. <\/p>\n<p>Para muitos, o que o parlamentar quer \u00e9 simplesmente chamar a aten\u00e7\u00e3o, como teria sido declarado pelo pr\u00f3prio secret\u00e1rio de obras e servi\u00e7os p\u00fablicos, Ant\u00f4nio Ara\u00fajo.<\/p>\n<blockquote><p>&#8220;Se para o secret\u00e1rio, o prefeito ou qualquer outra pessoa que ache que lutar pelo direito das pessoas, dos mais humildes legitimamente, como um representante eleito pela popula\u00e7\u00e3o para represent\u00e1-la e lutar pelo bem da cidade \u00e9 fazer gra\u00e7a, deixe que pensem. Pra mim isso aqui \u00e9 um ato s\u00e9rio, de uma pessoa respons\u00e1vel, que vai lutar at\u00e9 as \u00faltimas consequ\u00eancia, por melhorias \u00e0 popula\u00e7\u00e3o&#8221;, refor\u00e7ou o vereador. <\/p><\/blockquote>\n<p>S\u00e1 Marques j\u00e1 havia anunciado ainda no in\u00edcio da semana, na abertura dos trabalhos do legislativo municipal que iniciaria a greve de fome hoje, dia 6 de fevereiro, e cumpriu a promessa. O parlamentar deve ficar em frente \u00e0 sede da Prefeitura at\u00e9 ser recebido pelo prefeito de S\u00e3o Lu\u00eds, Edivaldo Holanda J\u00fanior.<\/p>\n<p>\u00c0 disposi\u00e7\u00e3o do vereador \u00e9 tanta que S\u00e1 Marques foi de bermuda e terno, porque caso n\u00e3o seja recebido pelo prefeito, seguir\u00e1 direto na pr\u00f3xima segunda-feira (10), para C\u00e2mara Municipal de S\u00e3o Lu\u00eds, para participar da sess\u00e3o normalmente, j\u00e1 que \u00e9 vereador de S\u00e3o Lu\u00eds, eleito legitimamente. <\/p>\n<p>A revolta do parlamentar \u00e9 perfeitamente compreens\u00edvel, j\u00e1 que h\u00e1 anos vem cobrando melhorias para bairros de S\u00e3o Lu\u00eds, a exemplo do Jo\u00e3o Paulo, Caratatiua, Jordoa, Alemanha, Ivar Saldanha, Barreto e bairros localizados na Zona Rural de S\u00e3o Lu\u00eds, e mesmo sendo vereador, n\u00e3o est\u00e1 sendo atendido pelo Executivo Municipal.<\/p>\n<p>Vale lembrar que no final do ano passado, a C\u00e2mara, ou seja, todos os 31 vereadores, aprovaram um repasse de mais de R$ 300 milh\u00f5es \u00e0 Prefeitura de S\u00e3o Lu\u00eds, dinheiro que poderia ser investido em melhorias de infraestrutura e saneamento b\u00e1sico em \u00e1reas da capital maranhense, a exemplo dos bairros mencionados acima. O que se percebe, \u00e9 que parte dos vereadores tem os seus pleitos atendidos pela Prefeitura de S\u00e3o Lu\u00eds, j\u00e1 outros n\u00e3o. Nesta semana, quando o vereador S\u00e1 Marques, confirmou a greve de fome e mencionou a forma exclusivista que o Executivo Municipal, vem tratando parlamentares na C\u00e2mara de S\u00e3o Lu\u00eds, teve o apoio de v\u00e1rios outros vereadores, entre eles, Marcial Lima, que esteve com o vereador na manh\u00e3 desta quinta-feira (6) durante o protesto, Cezar Bombeiro, F\u00e1tima Ara\u00fajo e Marquinhos.<\/p>\n<p>&#8220;Mesmo sendo um parlamentar legitimamente eleito por boa parte da popula\u00e7\u00e3o ludovicense para represent\u00e1-la n\u00e3o estou tendo o devido respeito. Assim como eu, outros vereadores est\u00e3o enfrentando a mesma dificuldade. Quero reafirmar que s\u00f3 vou deixar de lutar quando o senhor prefeito Edivaldo Holanda J\u00fanior me receber e atender os meus pleitos, \u00e9 um direito meu constitucional como vereador eleito desta cidade, e \u00e9 um direito acima de tudo do povo de S\u00e3o Lu\u00eds, que necessita de trabalho e servi\u00e7os p\u00fablicos que possa lhe proporcionar uma vida melhor&#8221;, refor\u00e7ou S\u00e1 Marques.<\/p>\n<p>O vereador chegou a ser amea\u00e7ado de ser retirado por policiais do local, sob a alega\u00e7\u00e3o que estava interferindo na ordem. O parlamentar questionou os militares alegando que o direito de se manifestar \u00e9 livre. A tentativa de intimidar o vereador acabou sendo em v\u00e3o, j\u00e1 que o membro do legislativo municipal permanece firme na luta pela garantia de direitos e servi\u00e7os para \u00e0 popula\u00e7\u00e3o mais humilde de S\u00e3o Lu\u00eds. S\u00e1 Marques, al\u00e9m de vereador de S\u00e3o Lu\u00eds, \u00e9 advogado, policial e professor.<\/p>\n<p><img loading=\"lazy\" decoding=\"async\" src=\"https:\/\/maiobaotv.com.br\/wp-content\/uploads\/2020\/02\/IMG-20200208-WA0072.jpg\" class=\"wp-image-9396 alignnone size-full\" width=\"640\" height=\"1280\"><\/p>\n<p style=\"text-align:center;\"><em>Vereador S\u00e1 Marques, no acampamento, neste s\u00e1bado, 08<\/em><\/p>\n<p>Blog Eduardo Ericeira<\/p>\n","protected":false},"excerpt":{"rendered":"<p>O Vereador Prof\u00ba S\u00e1 Marques, deu in\u00edcio nesta quinta-feira (6), assim como prometido, a greve de fome em frente ao<\/p>\n","protected":false},"author":2,"featured_media":9398,"comment_status":"closed","ping_status":"closed","sticky":false,"template":"","format":"standard","meta":{"colormag_page_container_layout":"default_layout","colormag_page_sidebar_layout":"default_layout","_jetpack_memberships_contains_paid_content":false,"footnotes":""},"categories":[2,6],"tags":[84,32],"class_list":["post-9397","post","type-post","status-publish","format-standard","has-post-thumbnail","hentry","category-noticias","category-politica","tag-sa-marques","tag-sao-luis"],"magazineBlocksPostFeaturedMedia":{"thumbnail":false,"medium":false,"medium_large":false,"large":false,"1536x1536":false,"2048x2048":false,"colormag-highlighted-post":false,"colormag-featured-post-medium":false,"colormag-featured-post-small":false,"colormag-featured-image":false,"colormag-default-news":false,"colormag-featured-image-large":false},"magazineBlocksPostAuthor":{"name":"maranhaotv","avatar":"https:\/\/secure.gravatar.com\/avatar\/8fadbca458d4cb68b1dd399ae9a40618d747bb1af65ac9fad21c89220a143eb4?s=96&d=mm&r=g"},"magazineBlocksPostCommentsNumber":false,"magazineBlocksPostExcerpt":"O Vereador Prof\u00ba S\u00e1 Marques, deu in\u00edcio nesta quinta-feira (6), assim como prometido, a greve de fome em frente ao","magazineBlocksPostCategories":["not\u00edcias","pol\u00edtica"],"magazineBlocksPostViewCount":194,"magazineBlocksPostReadTime":4,"magazine_blocks_featured_image_url":{"full":false,"medium":false,"thumbnail":false},"magazine_blocks_author":{"display_name":"maranhaotv","author_link":"https:\/\/maranhaotv.com.br\/index.php\/author\/maranhaotv\/"},"magazine_blocks_comment":0,"magazine_blocks_author_image":"https:\/\/secure.gravatar.com\/avatar\/8fadbca458d4cb68b1dd399ae9a40618d747bb1af65ac9fad21c89220a143eb4?s=96&d=mm&r=g","magazine_blocks_category":"<a href=\"#\" class=\"category-link category-link-2\">not\u00edcias<\/a> <a href=\"#\" class=\"category-link category-link-6\">pol\u00edtica<\/a>","yoast_head":"<!-- This site is optimized with the Yoast SEO plugin v27.4 - https:\/\/yoast.com\/product\/yoast-seo-wordpress\/ -->\n<title>Exigindo melhorias para comunidade, S\u00e1 Marques inicia greve de fome e Edvaldo Holanda ignora - NOT\u00cdCIAS EM TEMPO REAL<\/title>\n<meta name=\"robots\" content=\"index, follow, max-snippet:-1, max-image-preview:large, max-video-preview:-1\" \/>\n<link rel=\"canonical\" href=\"https:\/\/maranhaotv.com.br\/index.php\/2020\/02\/08\/ver-sa-marques-inicia-greve-de-fome-e-edvaldo-holanda-nao-o-recebe\/\" \/>\n<meta property=\"og:locale\" content=\"pt_BR\" \/>\n<meta property=\"og:type\" content=\"article\" \/>\n<meta property=\"og:title\" content=\"Exigindo melhorias para comunidade, S\u00e1 Marques inicia greve de fome e Edvaldo Holanda ignora - NOT\u00cdCIAS EM TEMPO REAL\" \/>\n<meta property=\"og:description\" content=\"O Vereador Prof\u00ba S\u00e1 Marques, deu in\u00edcio nesta quinta-feira (6), assim como prometido, a greve de fome em frente ao\" \/>\n<meta property=\"og:url\" content=\"https:\/\/maranhaotv.com.br\/index.php\/2020\/02\/08\/ver-sa-marques-inicia-greve-de-fome-e-edvaldo-holanda-nao-o-recebe\/\" \/>\n<meta property=\"og:site_name\" content=\"NOT\u00cdCIAS EM TEMPO REAL\" \/>\n<meta property=\"article:publisher\" content=\"https:\/\/www.facebook.com\/maiobaotv\" \/>\n<meta property=\"article:published_time\" content=\"2020-02-08T18:18:28+00:00\" \/>\n<meta name=\"author\" content=\"maranhaotv\" \/>\n<meta name=\"twitter:card\" content=\"summary_large_image\" \/>\n<meta name=\"twitter:creator\" content=\"@sitemaranhaotv\" \/>\n<meta name=\"twitter:site\" content=\"@sitemaranhaotv\" \/>\n<meta name=\"twitter:label1\" content=\"Escrito por\" \/>\n\t<meta name=\"twitter:data1\" content=\"maranhaotv\" \/>\n\t<meta name=\"twitter:label2\" content=\"Est. tempo de leitura\" \/>\n\t<meta name=\"twitter:data2\" content=\"3 minutos\" \/>\n<script type=\"application\/ld+json\" class=\"yoast-schema-graph\">{\"@context\":\"https:\\\/\\\/schema.org\",\"@graph\":[{\"@type\":\"Article\",\"@id\":\"https:\\\/\\\/maranhaotv.com.br\\\/index.php\\\/2020\\\/02\\\/08\\\/ver-sa-marques-inicia-greve-de-fome-e-edvaldo-holanda-nao-o-recebe\\\/#article\",\"isPartOf\":{\"@id\":\"https:\\\/\\\/maranhaotv.com.br\\\/index.php\\\/2020\\\/02\\\/08\\\/ver-sa-marques-inicia-greve-de-fome-e-edvaldo-holanda-nao-o-recebe\\\/\"},\"author\":{\"name\":\"maranhaotv\",\"@id\":\"https:\\\/\\\/maranhaotv.com.br\\\/#\\\/schema\\\/person\\\/3d54238e86b20bb5c89ab2fdb8f8829a\"},\"headline\":\"Exigindo melhorias para comunidade, S\u00e1 Marques inicia greve de fome e Edvaldo Holanda ignora\",\"datePublished\":\"2020-02-08T18:18:28+00:00\",\"mainEntityOfPage\":{\"@id\":\"https:\\\/\\\/maranhaotv.com.br\\\/index.php\\\/2020\\\/02\\\/08\\\/ver-sa-marques-inicia-greve-de-fome-e-edvaldo-holanda-nao-o-recebe\\\/\"},\"wordCount\":660,\"publisher\":{\"@id\":\"https:\\\/\\\/maranhaotv.com.br\\\/#organization\"},\"image\":{\"@id\":\"https:\\\/\\\/maranhaotv.com.br\\\/index.php\\\/2020\\\/02\\\/08\\\/ver-sa-marques-inicia-greve-de-fome-e-edvaldo-holanda-nao-o-recebe\\\/#primaryimage\"},\"thumbnailUrl\":\"\",\"keywords\":[\"S\u00e1 Marques\",\"S\u00e3o Lu\u00eds\"],\"articleSection\":[\"not\u00edcias\",\"pol\u00edtica\"],\"inLanguage\":\"pt-BR\"},{\"@type\":\"WebPage\",\"@id\":\"https:\\\/\\\/maranhaotv.com.br\\\/index.php\\\/2020\\\/02\\\/08\\\/ver-sa-marques-inicia-greve-de-fome-e-edvaldo-holanda-nao-o-recebe\\\/\",\"url\":\"https:\\\/\\\/maranhaotv.com.br\\\/index.php\\\/2020\\\/02\\\/08\\\/ver-sa-marques-inicia-greve-de-fome-e-edvaldo-holanda-nao-o-recebe\\\/\",\"name\":\"Exigindo melhorias para comunidade, S\u00e1 Marques inicia greve de fome e Edvaldo Holanda ignora - NOT\u00cdCIAS EM TEMPO REAL\",\"isPartOf\":{\"@id\":\"https:\\\/\\\/maranhaotv.com.br\\\/#website\"},\"primaryImageOfPage\":{\"@id\":\"https:\\\/\\\/maranhaotv.com.br\\\/index.php\\\/2020\\\/02\\\/08\\\/ver-sa-marques-inicia-greve-de-fome-e-edvaldo-holanda-nao-o-recebe\\\/#primaryimage\"},\"image\":{\"@id\":\"https:\\\/\\\/maranhaotv.com.br\\\/index.php\\\/2020\\\/02\\\/08\\\/ver-sa-marques-inicia-greve-de-fome-e-edvaldo-holanda-nao-o-recebe\\\/#primaryimage\"},\"thumbnailUrl\":\"\",\"datePublished\":\"2020-02-08T18:18:28+00:00\",\"breadcrumb\":{\"@id\":\"https:\\\/\\\/maranhaotv.com.br\\\/index.php\\\/2020\\\/02\\\/08\\\/ver-sa-marques-inicia-greve-de-fome-e-edvaldo-holanda-nao-o-recebe\\\/#breadcrumb\"},\"inLanguage\":\"pt-BR\",\"potentialAction\":[{\"@type\":\"ReadAction\",\"target\":[\"https:\\\/\\\/maranhaotv.com.br\\\/index.php\\\/2020\\\/02\\\/08\\\/ver-sa-marques-inicia-greve-de-fome-e-edvaldo-holanda-nao-o-recebe\\\/\"]}]},{\"@type\":\"ImageObject\",\"inLanguage\":\"pt-BR\",\"@id\":\"https:\\\/\\\/maranhaotv.com.br\\\/index.php\\\/2020\\\/02\\\/08\\\/ver-sa-marques-inicia-greve-de-fome-e-edvaldo-holanda-nao-o-recebe\\\/#primaryimage\",\"url\":\"\",\"contentUrl\":\"\"},{\"@type\":\"BreadcrumbList\",\"@id\":\"https:\\\/\\\/maranhaotv.com.br\\\/index.php\\\/2020\\\/02\\\/08\\\/ver-sa-marques-inicia-greve-de-fome-e-edvaldo-holanda-nao-o-recebe\\\/#breadcrumb\",\"itemListElement\":[{\"@type\":\"ListItem\",\"position\":1,\"name\":\"In\u00edcio\",\"item\":\"https:\\\/\\\/maranhaotv.com.br\\\/\"},{\"@type\":\"ListItem\",\"position\":2,\"name\":\"Exigindo melhorias para comunidade, S\u00e1 Marques inicia greve de fome e Edvaldo Holanda ignora\"}]},{\"@type\":\"WebSite\",\"@id\":\"https:\\\/\\\/maranhaotv.com.br\\\/#website\",\"url\":\"https:\\\/\\\/maranhaotv.com.br\\\/\",\"name\":\"Maranh\u00e3oTV\",\"description\":\"\",\"publisher\":{\"@id\":\"https:\\\/\\\/maranhaotv.com.br\\\/#organization\"},\"potentialAction\":[{\"@type\":\"SearchAction\",\"target\":{\"@type\":\"EntryPoint\",\"urlTemplate\":\"https:\\\/\\\/maranhaotv.com.br\\\/?s={search_term_string}\"},\"query-input\":{\"@type\":\"PropertyValueSpecification\",\"valueRequired\":true,\"valueName\":\"search_term_string\"}}],\"inLanguage\":\"pt-BR\"},{\"@type\":\"Organization\",\"@id\":\"https:\\\/\\\/maranhaotv.com.br\\\/#organization\",\"name\":\"Portal de Not\u00edcias\",\"url\":\"https:\\\/\\\/maranhaotv.com.br\\\/\",\"logo\":{\"@type\":\"ImageObject\",\"inLanguage\":\"pt-BR\",\"@id\":\"https:\\\/\\\/maranhaotv.com.br\\\/#\\\/schema\\\/logo\\\/image\\\/\",\"url\":\"https:\\\/\\\/maranhaotv.com.br\\\/wp-content\\\/uploads\\\/2024\\\/05\\\/cropped-cropped-avatar-1.png\",\"contentUrl\":\"https:\\\/\\\/maranhaotv.com.br\\\/wp-content\\\/uploads\\\/2024\\\/05\\\/cropped-cropped-avatar-1.png\",\"width\":792,\"height\":428,\"caption\":\"Portal de Not\u00edcias\"},\"image\":{\"@id\":\"https:\\\/\\\/maranhaotv.com.br\\\/#\\\/schema\\\/logo\\\/image\\\/\"},\"sameAs\":[\"https:\\\/\\\/www.facebook.com\\\/maiobaotv\",\"https:\\\/\\\/x.com\\\/sitemaranhaotv\",\"https:\\\/\\\/www.instagram.com\\\/maranhao.tv\",\"https:\\\/\\\/www.threads.net\\\/@maranhao.tv\"]},{\"@type\":\"Person\",\"@id\":\"https:\\\/\\\/maranhaotv.com.br\\\/#\\\/schema\\\/person\\\/3d54238e86b20bb5c89ab2fdb8f8829a\",\"name\":\"maranhaotv\",\"image\":{\"@type\":\"ImageObject\",\"inLanguage\":\"pt-BR\",\"@id\":\"https:\\\/\\\/secure.gravatar.com\\\/avatar\\\/8fadbca458d4cb68b1dd399ae9a40618d747bb1af65ac9fad21c89220a143eb4?s=96&d=mm&r=g\",\"url\":\"https:\\\/\\\/secure.gravatar.com\\\/avatar\\\/8fadbca458d4cb68b1dd399ae9a40618d747bb1af65ac9fad21c89220a143eb4?s=96&d=mm&r=g\",\"contentUrl\":\"https:\\\/\\\/secure.gravatar.com\\\/avatar\\\/8fadbca458d4cb68b1dd399ae9a40618d747bb1af65ac9fad21c89220a143eb4?s=96&d=mm&r=g\",\"caption\":\"maranhaotv\"},\"sameAs\":[\"https:\\\/\\\/maranhaotv.com.br\\\/\"],\"url\":\"https:\\\/\\\/maranhaotv.com.br\\\/index.php\\\/author\\\/maranhaotv\\\/\"}]}<\/script>\n<!-- \/ Yoast SEO plugin. -->","yoast_head_json":{"title":"Exigindo melhorias para comunidade, S\u00e1 Marques inicia greve de fome e Edvaldo Holanda ignora - NOT\u00cdCIAS EM TEMPO REAL","robots":{"index":"index","follow":"follow","max-snippet":"max-snippet:-1","max-image-preview":"max-image-preview:large","max-video-preview":"max-video-preview:-1"},"canonical":"https:\/\/maranhaotv.com.br\/index.php\/2020\/02\/08\/ver-sa-marques-inicia-greve-de-fome-e-edvaldo-holanda-nao-o-recebe\/","og_locale":"pt_BR","og_type":"article","og_title":"Exigindo melhorias para comunidade, S\u00e1 Marques inicia greve de fome e Edvaldo Holanda ignora - NOT\u00cdCIAS EM TEMPO REAL","og_description":"O Vereador Prof\u00ba S\u00e1 Marques, deu in\u00edcio nesta quinta-feira (6), assim como prometido, a greve de fome em frente ao","og_url":"https:\/\/maranhaotv.com.br\/index.php\/2020\/02\/08\/ver-sa-marques-inicia-greve-de-fome-e-edvaldo-holanda-nao-o-recebe\/","og_site_name":"NOT\u00cdCIAS EM TEMPO REAL","article_publisher":"https:\/\/www.facebook.com\/maiobaotv","article_published_time":"2020-02-08T18:18:28+00:00","author":"maranhaotv","twitter_card":"summary_large_image","twitter_creator":"@sitemaranhaotv","twitter_site":"@sitemaranhaotv","twitter_misc":{"Escrito por":"maranhaotv","Est. tempo de leitura":"3 minutos"},"schema":{"@context":"https:\/\/schema.org","@graph":[{"@type":"Article","@id":"https:\/\/maranhaotv.com.br\/index.php\/2020\/02\/08\/ver-sa-marques-inicia-greve-de-fome-e-edvaldo-holanda-nao-o-recebe\/#article","isPartOf":{"@id":"https:\/\/maranhaotv.com.br\/index.php\/2020\/02\/08\/ver-sa-marques-inicia-greve-de-fome-e-edvaldo-holanda-nao-o-recebe\/"},"author":{"name":"maranhaotv","@id":"https:\/\/maranhaotv.com.br\/#\/schema\/person\/3d54238e86b20bb5c89ab2fdb8f8829a"},"headline":"Exigindo melhorias para comunidade, S\u00e1 Marques inicia greve de fome e Edvaldo Holanda ignora","datePublished":"2020-02-08T18:18:28+00:00","mainEntityOfPage":{"@id":"https:\/\/maranhaotv.com.br\/index.php\/2020\/02\/08\/ver-sa-marques-inicia-greve-de-fome-e-edvaldo-holanda-nao-o-recebe\/"},"wordCount":660,"publisher":{"@id":"https:\/\/maranhaotv.com.br\/#organization"},"image":{"@id":"https:\/\/maranhaotv.com.br\/index.php\/2020\/02\/08\/ver-sa-marques-inicia-greve-de-fome-e-edvaldo-holanda-nao-o-recebe\/#primaryimage"},"thumbnailUrl":"","keywords":["S\u00e1 Marques","S\u00e3o Lu\u00eds"],"articleSection":["not\u00edcias","pol\u00edtica"],"inLanguage":"pt-BR"},{"@type":"WebPage","@id":"https:\/\/maranhaotv.com.br\/index.php\/2020\/02\/08\/ver-sa-marques-inicia-greve-de-fome-e-edvaldo-holanda-nao-o-recebe\/","url":"https:\/\/maranhaotv.com.br\/index.php\/2020\/02\/08\/ver-sa-marques-inicia-greve-de-fome-e-edvaldo-holanda-nao-o-recebe\/","name":"Exigindo melhorias para comunidade, S\u00e1 Marques inicia greve de fome e Edvaldo Holanda ignora - NOT\u00cdCIAS EM TEMPO REAL","isPartOf":{"@id":"https:\/\/maranhaotv.com.br\/#website"},"primaryImageOfPage":{"@id":"https:\/\/maranhaotv.com.br\/index.php\/2020\/02\/08\/ver-sa-marques-inicia-greve-de-fome-e-edvaldo-holanda-nao-o-recebe\/#primaryimage"},"image":{"@id":"https:\/\/maranhaotv.com.br\/index.php\/2020\/02\/08\/ver-sa-marques-inicia-greve-de-fome-e-edvaldo-holanda-nao-o-recebe\/#primaryimage"},"thumbnailUrl":"","datePublished":"2020-02-08T18:18:28+00:00","breadcrumb":{"@id":"https:\/\/maranhaotv.com.br\/index.php\/2020\/02\/08\/ver-sa-marques-inicia-greve-de-fome-e-edvaldo-holanda-nao-o-recebe\/#breadcrumb"},"inLanguage":"pt-BR","potentialAction":[{"@type":"ReadAction","target":["https:\/\/maranhaotv.com.br\/index.php\/2020\/02\/08\/ver-sa-marques-inicia-greve-de-fome-e-edvaldo-holanda-nao-o-recebe\/"]}]},{"@type":"ImageObject","inLanguage":"pt-BR","@id":"https:\/\/maranhaotv.com.br\/index.php\/2020\/02\/08\/ver-sa-marques-inicia-greve-de-fome-e-edvaldo-holanda-nao-o-recebe\/#primaryimage","url":"","contentUrl":""},{"@type":"BreadcrumbList","@id":"https:\/\/maranhaotv.com.br\/index.php\/2020\/02\/08\/ver-sa-marques-inicia-greve-de-fome-e-edvaldo-holanda-nao-o-recebe\/#breadcrumb","itemListElement":[{"@type":"ListItem","position":1,"name":"In\u00edcio","item":"https:\/\/maranhaotv.com.br\/"},{"@type":"ListItem","position":2,"name":"Exigindo melhorias para comunidade, S\u00e1 Marques inicia greve de fome e Edvaldo Holanda ignora"}]},{"@type":"WebSite","@id":"https:\/\/maranhaotv.com.br\/#website","url":"https:\/\/maranhaotv.com.br\/","name":"Maranh\u00e3oTV","description":"","publisher":{"@id":"https:\/\/maranhaotv.com.br\/#organization"},"potentialAction":[{"@type":"SearchAction","target":{"@type":"EntryPoint","urlTemplate":"https:\/\/maranhaotv.com.br\/?s={search_term_string}"},"query-input":{"@type":"PropertyValueSpecification","valueRequired":true,"valueName":"search_term_string"}}],"inLanguage":"pt-BR"},{"@type":"Organization","@id":"https:\/\/maranhaotv.com.br\/#organization","name":"Portal de Not\u00edcias","url":"https:\/\/maranhaotv.com.br\/","logo":{"@type":"ImageObject","inLanguage":"pt-BR","@id":"https:\/\/maranhaotv.com.br\/#\/schema\/logo\/image\/","url":"https:\/\/maranhaotv.com.br\/wp-content\/uploads\/2024\/05\/cropped-cropped-avatar-1.png","contentUrl":"https:\/\/maranhaotv.com.br\/wp-content\/uploads\/2024\/05\/cropped-cropped-avatar-1.png","width":792,"height":428,"caption":"Portal de Not\u00edcias"},"image":{"@id":"https:\/\/maranhaotv.com.br\/#\/schema\/logo\/image\/"},"sameAs":["https:\/\/www.facebook.com\/maiobaotv","https:\/\/x.com\/sitemaranhaotv","https:\/\/www.instagram.com\/maranhao.tv","https:\/\/www.threads.net\/@maranhao.tv"]},{"@type":"Person","@id":"https:\/\/maranhaotv.com.br\/#\/schema\/person\/3d54238e86b20bb5c89ab2fdb8f8829a","name":"maranhaotv","image":{"@type":"ImageObject","inLanguage":"pt-BR","@id":"https:\/\/secure.gravatar.com\/avatar\/8fadbca458d4cb68b1dd399ae9a40618d747bb1af65ac9fad21c89220a143eb4?s=96&d=mm&r=g","url":"https:\/\/secure.gravatar.com\/avatar\/8fadbca458d4cb68b1dd399ae9a40618d747bb1af65ac9fad21c89220a143eb4?s=96&d=mm&r=g","contentUrl":"https:\/\/secure.gravatar.com\/avatar\/8fadbca458d4cb68b1dd399ae9a40618d747bb1af65ac9fad21c89220a143eb4?s=96&d=mm&r=g","caption":"maranhaotv"},"sameAs":["https:\/\/maranhaotv.com.br\/"],"url":"https:\/\/maranhaotv.com.br\/index.php\/author\/maranhaotv\/"}]}},"jetpack_featured_media_url":"","jetpack_sharing_enabled":true,"_links":{"self":[{"href":"https:\/\/maranhaotv.com.br\/index.php\/wp-json\/wp\/v2\/posts\/9397","targetHints":{"allow":["GET"]}}],"collection":[{"href":"https:\/\/maranhaotv.com.br\/index.php\/wp-json\/wp\/v2\/posts"}],"about":[{"href":"https:\/\/maranhaotv.com.br\/index.php\/wp-json\/wp\/v2\/types\/post"}],"author":[{"embeddable":true,"href":"https:\/\/maranhaotv.com.br\/index.php\/wp-json\/wp\/v2\/users\/2"}],"replies":[{"embeddable":true,"href":"https:\/\/maranhaotv.com.br\/index.php\/wp-json\/wp\/v2\/comments?post=9397"}],"version-history":[{"count":0,"href":"https:\/\/maranhaotv.com.br\/index.php\/wp-json\/wp\/v2\/posts\/9397\/revisions"}],"wp:featuredmedia":[{"embeddable":true,"href":"https:\/\/maranhaotv.com.br\/index.php\/wp-json\/"}],"wp:attachment":[{"href":"https:\/\/maranhaotv.com.br\/index.php\/wp-json\/wp\/v2\/media?parent=9397"}],"wp:term":[{"taxonomy":"category","embeddable":true,"href":"https:\/\/maranhaotv.com.br\/index.php\/wp-json\/wp\/v2\/categories?post=9397"},{"taxonomy":"post_tag","embeddable":true,"href":"https:\/\/maranhaotv.com.br\/index.php\/wp-json\/wp\/v2\/tags?post=9397"}],"curies":[{"name":"wp","href":"https:\/\/api.w.org\/{rel}","templated":true}]}}