{"id":9412,"date":"2020-02-10T07:42:04","date_gmt":"2020-02-10T10:42:04","guid":{"rendered":"https:\/\/maiobaotv.com.br\/?p=9412"},"modified":"2020-02-10T07:42:04","modified_gmt":"2020-02-10T10:42:04","slug":"acidentes-registrados-no-sabado-deixam-4-mortos-e-15-feridos-em-rodovias-do-ma","status":"publish","type":"post","link":"https:\/\/maranhaotv.com.br\/index.php\/2020\/02\/10\/acidentes-registrados-no-sabado-deixam-4-mortos-e-15-feridos-em-rodovias-do-ma\/","title":{"rendered":"Acidentes registrados no s\u00e1bado deixam 4 mortos e 15 feridos em rodovias do MA"},"content":{"rendered":"<p>Ao menos 4 pessoas morreram e 15 ficaram feridas v\u00edtimas de acidentes registrados somente neste s\u00e1bado (08) em todo o Maranh\u00e3o.<\/p>\n<p>Durante a madrugada no quil\u00f4metro 31 da BR-135, na localidade Campo de Peris, uma colis\u00e3o traseira envolvendo um caminh\u00e3o e um \u00f4nibus deixou 08 pessoas feridas, sendo duas em estado grave. De acordo com informa\u00e7\u00f5es n\u00e3o-oficiais, uma pessoa teria morrido no hospital em raz\u00e3o da gravidade dos ferimentos.<\/p>\n<p>O acidente aconteceu quando o ve\u00edculo de carga reduziu para parar no acostamento e foi atingido na traseira pelo \u00f4nibus, o que levou a pol\u00edcia a crer que o condutor do \u00f4nibus trafegava sem a devida aten\u00e7\u00e3o e sem guardar dist\u00e2ncia regulamentar para o ve\u00edculo da frente. Os feridos foram encaminhados para S\u00e3o Lu\u00eds.<\/p>\n<p>Na chegada de Santa Luzia (do Tide), na BR-222, um acidente envolvendo uma motocicleta e uma caminhonete deixou duas pessoas mortas. Um casal viajava em alta velocidade em uma moto, quando colidiu em uma caminhonete. O motociclista morreu no local e a companheira dele foi levada ao hospital, mas tamb\u00e9m faleceu.<\/p>\n<p>J\u00e1 no quil\u00f4metro 126 da BR-135, dois ocupantes de uma motocicleta tamb\u00e9m perderam a vida ap\u00f3s baterem em um ve\u00edculo de carga. O acidente aconteceu no quil\u00f4metro 126 da BR-135. As v\u00edtimas, identificadas como Val\u00e9rio Rodrigues dos Santos, de 29 anos, e Evandro Vieira Lima, de 26 anos, eram de Bacabeira e Lago da Pedra respectivamente. O condutor da carreta, um paulistano de 35 anos, n\u00e3o se feriu.<\/p>\n<p>As chuvas, juntamente com alguns trechos esburacados e a imprud\u00eancia de alguns condutores, t\u00eam contribuindo para o aumento das ocorr\u00eancias graves no estado neste m\u00eas de fevereiro. Emerg\u00eancias podem ser repassadas pelo 191.<\/p>\n<p><img loading=\"lazy\" decoding=\"async\" src=\"https:\/\/maiobaotv.com.br\/wp-content\/uploads\/2020\/02\/IMG-20200210-WA0017.jpg\" class=\"wp-image-9411 alignnone size-full\" width=\"958\" height=\"538\"><\/p>\n<p>Portal MA10<\/p>\n","protected":false},"excerpt":{"rendered":"<p>Ao menos 4 pessoas morreram e 15 ficaram feridas v\u00edtimas de acidentes registrados somente neste s\u00e1bado (08) em todo o<\/p>\n","protected":false},"author":2,"featured_media":9413,"comment_status":"closed","ping_status":"closed","sticky":false,"template":"","format":"standard","meta":{"colormag_page_container_layout":"default_layout","colormag_page_sidebar_layout":"default_layout","_jetpack_memberships_contains_paid_content":false,"footnotes":""},"categories":[2],"tags":[],"class_list":["post-9412","post","type-post","status-publish","format-standard","has-post-thumbnail","hentry","category-noticias"],"magazineBlocksPostFeaturedMedia":{"thumbnail":false,"medium":false,"medium_large":false,"large":false,"1536x1536":false,"2048x2048":false,"colormag-highlighted-post":false,"colormag-featured-post-medium":false,"colormag-featured-post-small":false,"colormag-featured-image":false,"colormag-default-news":false,"colormag-featured-image-large":false},"magazineBlocksPostAuthor":{"name":"maranhaotv","avatar":"https:\/\/secure.gravatar.com\/avatar\/8fadbca458d4cb68b1dd399ae9a40618d747bb1af65ac9fad21c89220a143eb4?s=96&d=mm&r=g"},"magazineBlocksPostCommentsNumber":false,"magazineBlocksPostExcerpt":"Ao menos 4 pessoas morreram e 15 ficaram feridas v\u00edtimas de acidentes registrados somente neste s\u00e1bado (08) em todo o","magazineBlocksPostCategories":["not\u00edcias"],"magazineBlocksPostViewCount":184,"magazineBlocksPostReadTime":2,"magazine_blocks_featured_image_url":{"full":false,"medium":false,"thumbnail":false},"magazine_blocks_author":{"display_name":"maranhaotv","author_link":"https:\/\/maranhaotv.com.br\/index.php\/author\/maranhaotv\/"},"magazine_blocks_comment":0,"magazine_blocks_author_image":"https:\/\/secure.gravatar.com\/avatar\/8fadbca458d4cb68b1dd399ae9a40618d747bb1af65ac9fad21c89220a143eb4?s=96&d=mm&r=g","magazine_blocks_category":"<a href=\"#\" class=\"category-link category-link-2\">not\u00edcias<\/a>","yoast_head":"<!-- This site is optimized with the Yoast SEO plugin v27.4 - https:\/\/yoast.com\/product\/yoast-seo-wordpress\/ -->\n<title>Acidentes registrados no s\u00e1bado deixam 4 mortos e 15 feridos em rodovias do MA - NOT\u00cdCIAS EM TEMPO REAL<\/title>\n<meta name=\"robots\" content=\"index, follow, max-snippet:-1, max-image-preview:large, max-video-preview:-1\" \/>\n<link rel=\"canonical\" href=\"https:\/\/maranhaotv.com.br\/index.php\/2020\/02\/10\/acidentes-registrados-no-sabado-deixam-4-mortos-e-15-feridos-em-rodovias-do-ma\/\" \/>\n<meta property=\"og:locale\" content=\"pt_BR\" \/>\n<meta property=\"og:type\" content=\"article\" \/>\n<meta property=\"og:title\" content=\"Acidentes registrados no s\u00e1bado deixam 4 mortos e 15 feridos em rodovias do MA - NOT\u00cdCIAS EM TEMPO REAL\" \/>\n<meta property=\"og:description\" content=\"Ao menos 4 pessoas morreram e 15 ficaram feridas v\u00edtimas de acidentes registrados somente neste s\u00e1bado (08) em todo o\" \/>\n<meta property=\"og:url\" content=\"https:\/\/maranhaotv.com.br\/index.php\/2020\/02\/10\/acidentes-registrados-no-sabado-deixam-4-mortos-e-15-feridos-em-rodovias-do-ma\/\" \/>\n<meta property=\"og:site_name\" content=\"NOT\u00cdCIAS EM TEMPO REAL\" \/>\n<meta property=\"article:publisher\" content=\"https:\/\/www.facebook.com\/maiobaotv\" \/>\n<meta property=\"article:published_time\" content=\"2020-02-10T10:42:04+00:00\" \/>\n<meta name=\"author\" content=\"maranhaotv\" \/>\n<meta name=\"twitter:card\" content=\"summary_large_image\" \/>\n<meta name=\"twitter:creator\" content=\"@sitemaranhaotv\" \/>\n<meta name=\"twitter:site\" content=\"@sitemaranhaotv\" \/>\n<meta name=\"twitter:label1\" content=\"Escrito por\" \/>\n\t<meta name=\"twitter:data1\" content=\"maranhaotv\" \/>\n\t<meta name=\"twitter:label2\" content=\"Est. tempo de leitura\" \/>\n\t<meta name=\"twitter:data2\" content=\"1 minuto\" \/>\n<script type=\"application\/ld+json\" class=\"yoast-schema-graph\">{\"@context\":\"https:\\\/\\\/schema.org\",\"@graph\":[{\"@type\":\"Article\",\"@id\":\"https:\\\/\\\/maranhaotv.com.br\\\/index.php\\\/2020\\\/02\\\/10\\\/acidentes-registrados-no-sabado-deixam-4-mortos-e-15-feridos-em-rodovias-do-ma\\\/#article\",\"isPartOf\":{\"@id\":\"https:\\\/\\\/maranhaotv.com.br\\\/index.php\\\/2020\\\/02\\\/10\\\/acidentes-registrados-no-sabado-deixam-4-mortos-e-15-feridos-em-rodovias-do-ma\\\/\"},\"author\":{\"name\":\"maranhaotv\",\"@id\":\"https:\\\/\\\/maranhaotv.com.br\\\/#\\\/schema\\\/person\\\/3d54238e86b20bb5c89ab2fdb8f8829a\"},\"headline\":\"Acidentes registrados no s\u00e1bado deixam 4 mortos e 15 feridos em rodovias do MA\",\"datePublished\":\"2020-02-10T10:42:04+00:00\",\"mainEntityOfPage\":{\"@id\":\"https:\\\/\\\/maranhaotv.com.br\\\/index.php\\\/2020\\\/02\\\/10\\\/acidentes-registrados-no-sabado-deixam-4-mortos-e-15-feridos-em-rodovias-do-ma\\\/\"},\"wordCount\":309,\"publisher\":{\"@id\":\"https:\\\/\\\/maranhaotv.com.br\\\/#organization\"},\"image\":{\"@id\":\"https:\\\/\\\/maranhaotv.com.br\\\/index.php\\\/2020\\\/02\\\/10\\\/acidentes-registrados-no-sabado-deixam-4-mortos-e-15-feridos-em-rodovias-do-ma\\\/#primaryimage\"},\"thumbnailUrl\":\"\",\"articleSection\":[\"not\u00edcias\"],\"inLanguage\":\"pt-BR\"},{\"@type\":\"WebPage\",\"@id\":\"https:\\\/\\\/maranhaotv.com.br\\\/index.php\\\/2020\\\/02\\\/10\\\/acidentes-registrados-no-sabado-deixam-4-mortos-e-15-feridos-em-rodovias-do-ma\\\/\",\"url\":\"https:\\\/\\\/maranhaotv.com.br\\\/index.php\\\/2020\\\/02\\\/10\\\/acidentes-registrados-no-sabado-deixam-4-mortos-e-15-feridos-em-rodovias-do-ma\\\/\",\"name\":\"Acidentes registrados no s\u00e1bado deixam 4 mortos e 15 feridos em rodovias do MA - NOT\u00cdCIAS EM TEMPO REAL\",\"isPartOf\":{\"@id\":\"https:\\\/\\\/maranhaotv.com.br\\\/#website\"},\"primaryImageOfPage\":{\"@id\":\"https:\\\/\\\/maranhaotv.com.br\\\/index.php\\\/2020\\\/02\\\/10\\\/acidentes-registrados-no-sabado-deixam-4-mortos-e-15-feridos-em-rodovias-do-ma\\\/#primaryimage\"},\"image\":{\"@id\":\"https:\\\/\\\/maranhaotv.com.br\\\/index.php\\\/2020\\\/02\\\/10\\\/acidentes-registrados-no-sabado-deixam-4-mortos-e-15-feridos-em-rodovias-do-ma\\\/#primaryimage\"},\"thumbnailUrl\":\"\",\"datePublished\":\"2020-02-10T10:42:04+00:00\",\"breadcrumb\":{\"@id\":\"https:\\\/\\\/maranhaotv.com.br\\\/index.php\\\/2020\\\/02\\\/10\\\/acidentes-registrados-no-sabado-deixam-4-mortos-e-15-feridos-em-rodovias-do-ma\\\/#breadcrumb\"},\"inLanguage\":\"pt-BR\",\"potentialAction\":[{\"@type\":\"ReadAction\",\"target\":[\"https:\\\/\\\/maranhaotv.com.br\\\/index.php\\\/2020\\\/02\\\/10\\\/acidentes-registrados-no-sabado-deixam-4-mortos-e-15-feridos-em-rodovias-do-ma\\\/\"]}]},{\"@type\":\"ImageObject\",\"inLanguage\":\"pt-BR\",\"@id\":\"https:\\\/\\\/maranhaotv.com.br\\\/index.php\\\/2020\\\/02\\\/10\\\/acidentes-registrados-no-sabado-deixam-4-mortos-e-15-feridos-em-rodovias-do-ma\\\/#primaryimage\",\"url\":\"\",\"contentUrl\":\"\"},{\"@type\":\"BreadcrumbList\",\"@id\":\"https:\\\/\\\/maranhaotv.com.br\\\/index.php\\\/2020\\\/02\\\/10\\\/acidentes-registrados-no-sabado-deixam-4-mortos-e-15-feridos-em-rodovias-do-ma\\\/#breadcrumb\",\"itemListElement\":[{\"@type\":\"ListItem\",\"position\":1,\"name\":\"In\u00edcio\",\"item\":\"https:\\\/\\\/maranhaotv.com.br\\\/\"},{\"@type\":\"ListItem\",\"position\":2,\"name\":\"Acidentes registrados no s\u00e1bado deixam 4 mortos e 15 feridos em rodovias do MA\"}]},{\"@type\":\"WebSite\",\"@id\":\"https:\\\/\\\/maranhaotv.com.br\\\/#website\",\"url\":\"https:\\\/\\\/maranhaotv.com.br\\\/\",\"name\":\"Maranh\u00e3oTV\",\"description\":\"\",\"publisher\":{\"@id\":\"https:\\\/\\\/maranhaotv.com.br\\\/#organization\"},\"potentialAction\":[{\"@type\":\"SearchAction\",\"target\":{\"@type\":\"EntryPoint\",\"urlTemplate\":\"https:\\\/\\\/maranhaotv.com.br\\\/?s={search_term_string}\"},\"query-input\":{\"@type\":\"PropertyValueSpecification\",\"valueRequired\":true,\"valueName\":\"search_term_string\"}}],\"inLanguage\":\"pt-BR\"},{\"@type\":\"Organization\",\"@id\":\"https:\\\/\\\/maranhaotv.com.br\\\/#organization\",\"name\":\"Portal de Not\u00edcias\",\"url\":\"https:\\\/\\\/maranhaotv.com.br\\\/\",\"logo\":{\"@type\":\"ImageObject\",\"inLanguage\":\"pt-BR\",\"@id\":\"https:\\\/\\\/maranhaotv.com.br\\\/#\\\/schema\\\/logo\\\/image\\\/\",\"url\":\"https:\\\/\\\/maranhaotv.com.br\\\/wp-content\\\/uploads\\\/2024\\\/05\\\/cropped-cropped-avatar-1.png\",\"contentUrl\":\"https:\\\/\\\/maranhaotv.com.br\\\/wp-content\\\/uploads\\\/2024\\\/05\\\/cropped-cropped-avatar-1.png\",\"width\":792,\"height\":428,\"caption\":\"Portal de Not\u00edcias\"},\"image\":{\"@id\":\"https:\\\/\\\/maranhaotv.com.br\\\/#\\\/schema\\\/logo\\\/image\\\/\"},\"sameAs\":[\"https:\\\/\\\/www.facebook.com\\\/maiobaotv\",\"https:\\\/\\\/x.com\\\/sitemaranhaotv\",\"https:\\\/\\\/www.instagram.com\\\/maranhao.tv\",\"https:\\\/\\\/www.threads.net\\\/@maranhao.tv\"]},{\"@type\":\"Person\",\"@id\":\"https:\\\/\\\/maranhaotv.com.br\\\/#\\\/schema\\\/person\\\/3d54238e86b20bb5c89ab2fdb8f8829a\",\"name\":\"maranhaotv\",\"image\":{\"@type\":\"ImageObject\",\"inLanguage\":\"pt-BR\",\"@id\":\"https:\\\/\\\/secure.gravatar.com\\\/avatar\\\/8fadbca458d4cb68b1dd399ae9a40618d747bb1af65ac9fad21c89220a143eb4?s=96&d=mm&r=g\",\"url\":\"https:\\\/\\\/secure.gravatar.com\\\/avatar\\\/8fadbca458d4cb68b1dd399ae9a40618d747bb1af65ac9fad21c89220a143eb4?s=96&d=mm&r=g\",\"contentUrl\":\"https:\\\/\\\/secure.gravatar.com\\\/avatar\\\/8fadbca458d4cb68b1dd399ae9a40618d747bb1af65ac9fad21c89220a143eb4?s=96&d=mm&r=g\",\"caption\":\"maranhaotv\"},\"sameAs\":[\"https:\\\/\\\/maranhaotv.com.br\\\/\"],\"url\":\"https:\\\/\\\/maranhaotv.com.br\\\/index.php\\\/author\\\/maranhaotv\\\/\"}]}<\/script>\n<!-- \/ Yoast SEO plugin. -->","yoast_head_json":{"title":"Acidentes registrados no s\u00e1bado deixam 4 mortos e 15 feridos em rodovias do MA - NOT\u00cdCIAS EM TEMPO REAL","robots":{"index":"index","follow":"follow","max-snippet":"max-snippet:-1","max-image-preview":"max-image-preview:large","max-video-preview":"max-video-preview:-1"},"canonical":"https:\/\/maranhaotv.com.br\/index.php\/2020\/02\/10\/acidentes-registrados-no-sabado-deixam-4-mortos-e-15-feridos-em-rodovias-do-ma\/","og_locale":"pt_BR","og_type":"article","og_title":"Acidentes registrados no s\u00e1bado deixam 4 mortos e 15 feridos em rodovias do MA - NOT\u00cdCIAS EM TEMPO REAL","og_description":"Ao menos 4 pessoas morreram e 15 ficaram feridas v\u00edtimas de acidentes registrados somente neste s\u00e1bado (08) em todo o","og_url":"https:\/\/maranhaotv.com.br\/index.php\/2020\/02\/10\/acidentes-registrados-no-sabado-deixam-4-mortos-e-15-feridos-em-rodovias-do-ma\/","og_site_name":"NOT\u00cdCIAS EM TEMPO REAL","article_publisher":"https:\/\/www.facebook.com\/maiobaotv","article_published_time":"2020-02-10T10:42:04+00:00","author":"maranhaotv","twitter_card":"summary_large_image","twitter_creator":"@sitemaranhaotv","twitter_site":"@sitemaranhaotv","twitter_misc":{"Escrito por":"maranhaotv","Est. tempo de leitura":"1 minuto"},"schema":{"@context":"https:\/\/schema.org","@graph":[{"@type":"Article","@id":"https:\/\/maranhaotv.com.br\/index.php\/2020\/02\/10\/acidentes-registrados-no-sabado-deixam-4-mortos-e-15-feridos-em-rodovias-do-ma\/#article","isPartOf":{"@id":"https:\/\/maranhaotv.com.br\/index.php\/2020\/02\/10\/acidentes-registrados-no-sabado-deixam-4-mortos-e-15-feridos-em-rodovias-do-ma\/"},"author":{"name":"maranhaotv","@id":"https:\/\/maranhaotv.com.br\/#\/schema\/person\/3d54238e86b20bb5c89ab2fdb8f8829a"},"headline":"Acidentes registrados no s\u00e1bado deixam 4 mortos e 15 feridos em rodovias do MA","datePublished":"2020-02-10T10:42:04+00:00","mainEntityOfPage":{"@id":"https:\/\/maranhaotv.com.br\/index.php\/2020\/02\/10\/acidentes-registrados-no-sabado-deixam-4-mortos-e-15-feridos-em-rodovias-do-ma\/"},"wordCount":309,"publisher":{"@id":"https:\/\/maranhaotv.com.br\/#organization"},"image":{"@id":"https:\/\/maranhaotv.com.br\/index.php\/2020\/02\/10\/acidentes-registrados-no-sabado-deixam-4-mortos-e-15-feridos-em-rodovias-do-ma\/#primaryimage"},"thumbnailUrl":"","articleSection":["not\u00edcias"],"inLanguage":"pt-BR"},{"@type":"WebPage","@id":"https:\/\/maranhaotv.com.br\/index.php\/2020\/02\/10\/acidentes-registrados-no-sabado-deixam-4-mortos-e-15-feridos-em-rodovias-do-ma\/","url":"https:\/\/maranhaotv.com.br\/index.php\/2020\/02\/10\/acidentes-registrados-no-sabado-deixam-4-mortos-e-15-feridos-em-rodovias-do-ma\/","name":"Acidentes registrados no s\u00e1bado deixam 4 mortos e 15 feridos em rodovias do MA - NOT\u00cdCIAS EM TEMPO REAL","isPartOf":{"@id":"https:\/\/maranhaotv.com.br\/#website"},"primaryImageOfPage":{"@id":"https:\/\/maranhaotv.com.br\/index.php\/2020\/02\/10\/acidentes-registrados-no-sabado-deixam-4-mortos-e-15-feridos-em-rodovias-do-ma\/#primaryimage"},"image":{"@id":"https:\/\/maranhaotv.com.br\/index.php\/2020\/02\/10\/acidentes-registrados-no-sabado-deixam-4-mortos-e-15-feridos-em-rodovias-do-ma\/#primaryimage"},"thumbnailUrl":"","datePublished":"2020-02-10T10:42:04+00:00","breadcrumb":{"@id":"https:\/\/maranhaotv.com.br\/index.php\/2020\/02\/10\/acidentes-registrados-no-sabado-deixam-4-mortos-e-15-feridos-em-rodovias-do-ma\/#breadcrumb"},"inLanguage":"pt-BR","potentialAction":[{"@type":"ReadAction","target":["https:\/\/maranhaotv.com.br\/index.php\/2020\/02\/10\/acidentes-registrados-no-sabado-deixam-4-mortos-e-15-feridos-em-rodovias-do-ma\/"]}]},{"@type":"ImageObject","inLanguage":"pt-BR","@id":"https:\/\/maranhaotv.com.br\/index.php\/2020\/02\/10\/acidentes-registrados-no-sabado-deixam-4-mortos-e-15-feridos-em-rodovias-do-ma\/#primaryimage","url":"","contentUrl":""},{"@type":"BreadcrumbList","@id":"https:\/\/maranhaotv.com.br\/index.php\/2020\/02\/10\/acidentes-registrados-no-sabado-deixam-4-mortos-e-15-feridos-em-rodovias-do-ma\/#breadcrumb","itemListElement":[{"@type":"ListItem","position":1,"name":"In\u00edcio","item":"https:\/\/maranhaotv.com.br\/"},{"@type":"ListItem","position":2,"name":"Acidentes registrados no s\u00e1bado deixam 4 mortos e 15 feridos em rodovias do MA"}]},{"@type":"WebSite","@id":"https:\/\/maranhaotv.com.br\/#website","url":"https:\/\/maranhaotv.com.br\/","name":"Maranh\u00e3oTV","description":"","publisher":{"@id":"https:\/\/maranhaotv.com.br\/#organization"},"potentialAction":[{"@type":"SearchAction","target":{"@type":"EntryPoint","urlTemplate":"https:\/\/maranhaotv.com.br\/?s={search_term_string}"},"query-input":{"@type":"PropertyValueSpecification","valueRequired":true,"valueName":"search_term_string"}}],"inLanguage":"pt-BR"},{"@type":"Organization","@id":"https:\/\/maranhaotv.com.br\/#organization","name":"Portal de Not\u00edcias","url":"https:\/\/maranhaotv.com.br\/","logo":{"@type":"ImageObject","inLanguage":"pt-BR","@id":"https:\/\/maranhaotv.com.br\/#\/schema\/logo\/image\/","url":"https:\/\/maranhaotv.com.br\/wp-content\/uploads\/2024\/05\/cropped-cropped-avatar-1.png","contentUrl":"https:\/\/maranhaotv.com.br\/wp-content\/uploads\/2024\/05\/cropped-cropped-avatar-1.png","width":792,"height":428,"caption":"Portal de Not\u00edcias"},"image":{"@id":"https:\/\/maranhaotv.com.br\/#\/schema\/logo\/image\/"},"sameAs":["https:\/\/www.facebook.com\/maiobaotv","https:\/\/x.com\/sitemaranhaotv","https:\/\/www.instagram.com\/maranhao.tv","https:\/\/www.threads.net\/@maranhao.tv"]},{"@type":"Person","@id":"https:\/\/maranhaotv.com.br\/#\/schema\/person\/3d54238e86b20bb5c89ab2fdb8f8829a","name":"maranhaotv","image":{"@type":"ImageObject","inLanguage":"pt-BR","@id":"https:\/\/secure.gravatar.com\/avatar\/8fadbca458d4cb68b1dd399ae9a40618d747bb1af65ac9fad21c89220a143eb4?s=96&d=mm&r=g","url":"https:\/\/secure.gravatar.com\/avatar\/8fadbca458d4cb68b1dd399ae9a40618d747bb1af65ac9fad21c89220a143eb4?s=96&d=mm&r=g","contentUrl":"https:\/\/secure.gravatar.com\/avatar\/8fadbca458d4cb68b1dd399ae9a40618d747bb1af65ac9fad21c89220a143eb4?s=96&d=mm&r=g","caption":"maranhaotv"},"sameAs":["https:\/\/maranhaotv.com.br\/"],"url":"https:\/\/maranhaotv.com.br\/index.php\/author\/maranhaotv\/"}]}},"jetpack_featured_media_url":"","jetpack_sharing_enabled":true,"_links":{"self":[{"href":"https:\/\/maranhaotv.com.br\/index.php\/wp-json\/wp\/v2\/posts\/9412","targetHints":{"allow":["GET"]}}],"collection":[{"href":"https:\/\/maranhaotv.com.br\/index.php\/wp-json\/wp\/v2\/posts"}],"about":[{"href":"https:\/\/maranhaotv.com.br\/index.php\/wp-json\/wp\/v2\/types\/post"}],"author":[{"embeddable":true,"href":"https:\/\/maranhaotv.com.br\/index.php\/wp-json\/wp\/v2\/users\/2"}],"replies":[{"embeddable":true,"href":"https:\/\/maranhaotv.com.br\/index.php\/wp-json\/wp\/v2\/comments?post=9412"}],"version-history":[{"count":0,"href":"https:\/\/maranhaotv.com.br\/index.php\/wp-json\/wp\/v2\/posts\/9412\/revisions"}],"wp:featuredmedia":[{"embeddable":true,"href":"https:\/\/maranhaotv.com.br\/index.php\/wp-json\/"}],"wp:attachment":[{"href":"https:\/\/maranhaotv.com.br\/index.php\/wp-json\/wp\/v2\/media?parent=9412"}],"wp:term":[{"taxonomy":"category","embeddable":true,"href":"https:\/\/maranhaotv.com.br\/index.php\/wp-json\/wp\/v2\/categories?post=9412"},{"taxonomy":"post_tag","embeddable":true,"href":"https:\/\/maranhaotv.com.br\/index.php\/wp-json\/wp\/v2\/tags?post=9412"}],"curies":[{"name":"wp","href":"https:\/\/api.w.org\/{rel}","templated":true}]}}