{"id":9448,"date":"2020-02-10T17:06:28","date_gmt":"2020-02-10T20:06:28","guid":{"rendered":"https:\/\/maiobaotv.com.br\/?p=9448"},"modified":"2020-02-10T17:06:28","modified_gmt":"2020-02-10T20:06:28","slug":"pesquisas-apontam-lideranca-de-fernando-pessoa-em-tuntum","status":"publish","type":"post","link":"https:\/\/maranhaotv.com.br\/index.php\/2020\/02\/10\/pesquisas-apontam-lideranca-de-fernando-pessoa-em-tuntum\/","title":{"rendered":"Pesquisas apontam lideran\u00e7a de Fernando Pessoa em Tuntum"},"content":{"rendered":"<p style=\"border: 0px; font-family: \" helvetica neue\", helvetica, arial, sans-serif; font-size: 13px; font-style: normal; font-weight: 300; margin: 0px 1.625em; outline: 0px; padding: vertical-align: baseline; color: rgb(55, 55, 55); font-variant-ligatures: font-variant-caps: letter-spacing: orphans: 2; text-align: start; text-indent: text-transform: none; white-space: widows: word-spacing: -webkit-text-stroke-width: background-color: rgb(255, 255, 255); text-decoration-style: initial; text-decoration-color: initial;\">A primeira Pesquisa Escutec\/O Estado realizada em Tuntum em 2020 revela que, se fosse hoje, a elei\u00e7\u00e3o para prefeito da cidade seria vencida com tranquilidade pelo deputado estadual Fernando Pessoa (SDD). Realizada entre os dias 31 de janeiro e  2 de fevereiro, a consulta mostra o parlamentar \u00e0 frente em todos os cen\u00e1rios.<\/p>\n<p style=\"border: 0px; font-family: \" helvetica neue\", helvetica, arial, sans-serif; font-size: 13px; font-style: normal; font-weight: 300; margin: 0px 1.625em; outline: 0px; padding: vertical-align: baseline; color: rgb(55, 55, 55); font-variant-ligatures: font-variant-caps: letter-spacing: orphans: 2; text-align: start; text-indent: text-transform: none; white-space: widows: word-spacing: -webkit-text-stroke-width: background-color: rgb(255, 255, 255); text-decoration-style: initial; text-decoration-color: initial;\">No primeiro deles, espont\u00e2neo \u2013 quando o eleitor cita o seu voto sem que lhe sejam apresentados os candidatos -, Pessoa aparece com 36% das inten\u00e7\u00f5es de voto \u2013 mesmo percentual apresentado na \u00faltima pesquisa de 2019, quando ainda n\u00e3o era necess\u00e1rio o registro na Justi\u00e7a Eleitoral.<\/p>\n<p style=\"border: 0px; font-family: \" helvetica neue\", helvetica, arial, sans-serif; font-size: 13px; font-style: normal; font-weight: 300; margin: 0px 1.625em; outline: 0px; padding: vertical-align: baseline; color: rgb(55, 55, 55); font-variant-ligatures: font-variant-caps: letter-spacing: orphans: 2; text-align: start; text-indent: text-transform: none; white-space: widows: word-spacing: -webkit-text-stroke-width: background-color: rgb(255, 255, 255); text-decoration-style: initial; text-decoration-color: initial;\">O segundo colocado \u00e9 Dida do Tio Lu\u00eds, cpom 19%. Ele substituiu na disputa o pecuarista Maur\u00edcio Seabra, atual secret\u00e1rio de Sa\u00fade e de Finan\u00e7as da gest\u00e3o Cleomar Tema (PSB). O prefeito, que n\u00e3o poder\u00e1 ser candidato porque j\u00e1 \u00e9 reeleito, surge com 7%.<\/p>\n<p style=\"border: 0px; font-family: \" helvetica neue\", helvetica, arial, sans-serif; font-size: 13px; font-style: normal; font-weight: 300; margin: 0px 1.625em; outline: 0px; padding: vertical-align: baseline; color: rgb(55, 55, 55); font-variant-ligatures: font-variant-caps: letter-spacing: orphans: 2; text-align: start; text-indent: text-transform: none; white-space: widows: word-spacing: -webkit-text-stroke-width: background-color: rgb(255, 255, 255); text-decoration-style: initial; text-decoration-color: initial;\">No cen\u00e1rio estimulado, quando o disco de candidatos \u00e9 apresentado aos entrevistados, a lideran\u00e7a de Fernando Pessoa \u00e9 ainda maior: ele aparece com 52% dos votos, contra apenas 30% de Dida do Tio Lu\u00eds. Outros 10% dos eleitores disseram n\u00e3o votar em nenhum dos dois e, ainda, 8% n\u00e3o sabem em quem votar, ou n\u00e3o responderam.<\/p>\n<div class=\"wp-block-image\" style=\"border:0px; font-family:\" helveticaneue\",helvetica,arial,sans-serif; font-size:13px; font-style:normal; font-weight:300; margin:0px0px1em; outline:0px; padding:0px; vertical-align:baseline; max-width:100%; color:rgb(55,55,55); font-variant-ligatures:normal; font-variant-caps:normal; letter-spacing:normal; orphans:2text-indent:0px; text-transform:none; white-space:normal; widows:2; word-spacing:0px; -webkit-text-stroke-width:0px; background-color:rgb(255,255,255); text-decoration-style:initial; text-decoration-color:initial; text-align:left;\">\n<figure class=\"aligncenter size-large is-resized\" style=\"display:table; clear:both; margin-left:auto; margin-right:auto;\"><img loading=\"lazy\" decoding=\"async\" class=\"wp-image-86450\" src=\"https:\/\/gilbertoleda.com.br\/wp-content\/uploads\/2020\/02\/pesquisa-2-1024x656.jpg\" alt=\"\" width=\"552\" height=\"354\" srcset=\"https:\/\/gilbertoleda.com.br\/wp-content\/uploads\/2020\/02\/pesquisa-2-1024x656.jpg 1024w, https:\/\/gilbertoleda.com.br\/wp-content\/uploads\/2020\/02\/pesquisa-2-300x192.jpg 300w, https:\/\/gilbertoleda.com.br\/wp-content\/uploads\/2020\/02\/pesquisa-2-768x492.jpg 768w, https:\/\/gilbertoleda.com.br\/wp-content\/uploads\/2020\/02\/pesquisa-2-1536x985.jpg 1536w, https:\/\/gilbertoleda.com.br\/wp-content\/uploads\/2020\/02\/pesquisa-2-468x300.jpg 468w, https:\/\/gilbertoleda.com.br\/wp-content\/uploads\/2020\/02\/pesquisa-2.jpg 1624w\" sizes=\"auto, (max-width: 552px) 100vw, 552px\" style=\"max-width: 100%; height: auto; border: 1px solid rgb(221, 221, 221); padding: 6px;\"><\/figure>\n<\/div>\n<p style=\"border: 0px; font-family: \" helvetica neue\", helvetica, arial, sans-serif; font-size: 13px; font-style: normal; font-weight: 300; margin: 0px 1.625em; outline: 0px; padding: vertical-align: baseline; color: rgb(55, 55, 55); font-variant-ligatures: font-variant-caps: letter-spacing: orphans: 2; text-align: start; text-indent: text-transform: none; white-space: widows: word-spacing: -webkit-text-stroke-width: background-color: rgb(255, 255, 255); text-decoration-style: initial; text-decoration-color: initial;\">O deputado Fernando Pessoa tamb\u00e9m vai melhor no quesito rejei\u00e7\u00e3o. Segundo o Escutec, 45% disseram n\u00e3o votar de jeito nenhum no pr\u00e9-candidato Dida do Tio Lu\u00eds. Nesse caso, apenas 29% disseram rejeitar o parlamentar.<\/p>\n<p style=\"border: 0px; font-family: \" helvetica neue\", helvetica, arial, sans-serif; font-size: 13px; font-style: normal; font-weight: 300; margin: 0px 1.625em; outline: 0px; padding: vertical-align: baseline; color: rgb(55, 55, 55); font-variant-ligatures: font-variant-caps: letter-spacing: orphans: 2; text-align: start; text-indent: text-transform: none; white-space: widows: word-spacing: -webkit-text-stroke-width: background-color: rgb(255, 255, 255); text-decoration-style: initial; text-decoration-color: initial;\">Dado de destaque na pesquisa diz respeito \u00e0 avalia\u00e7\u00e3o da gest\u00e3o Cleomar Tema que segue em baixa. Segundo o Escutec, 55% dos eleitores dizem que Tuntum est\u00e1 \u201cno rumo errado\u201d, contra 32% que acreditam que a cidade est\u00e1 \u201cno rumo certo\u201d.<\/p>\n<p style=\"border: 0px; font-family: \" helvetica neue\", helvetica, arial, sans-serif; font-size: 13px; font-style: normal; font-weight: 300; margin: 0px 1.625em; outline: 0px; padding: vertical-align: baseline; color: rgb(55, 55, 55); font-variant-ligatures: font-variant-caps: letter-spacing: orphans: 2; text-align: start; text-indent: text-transform: none; white-space: widows: word-spacing: -webkit-text-stroke-width: background-color: rgb(255, 255, 255); text-decoration-style: initial; text-decoration-color: initial;\">Em linha com essa percep\u00e7\u00e3o est\u00e1 a reprova\u00e7\u00e3o do atual prefeito. De acordo com os entrevistados, a gest\u00e3o \u00e9 reprovada 59%, e aprovada por apenas 37%.<\/p>\n<p style=\"border: 0px; font-family: \" helvetica neue\", helvetica, arial, sans-serif; font-size: 13px; font-style: normal; font-weight: 300; margin: 0px 1.625em; outline: 0px; padding: vertical-align: baseline; color: rgb(55, 55, 55); font-variant-ligatures: font-variant-caps: letter-spacing: orphans: 2; text-align: start; text-indent: text-transform: none; white-space: widows: word-spacing: -webkit-text-stroke-width: background-color: rgb(255, 255, 255); text-decoration-style: initial; text-decoration-color: initial;\">A pesquisa Escutec foi contratada pelo jornal O Estado e ouviu 400 eleitores de Tuntum, para uma margem de erro de 5 pontos percentuais, para mais ou para menos, e intervalo de confian\u00e7a de 95%. O registro na Justi\u00e7a Eleitoral foi feito sob o n\u00famero MA-3138\/2020.<\/p>\n<p><img loading=\"lazy\" decoding=\"async\" src=\"https:\/\/maiobaotv.com.br\/wp-content\/uploads\/2020\/02\/images-4.jpeg\" class=\"alignnone size-full wp-image-9449\" width=\"600\" height=\"400\"><\/p>\n<p>Blog Gilberto Leda<\/p>\n","protected":false},"excerpt":{"rendered":"<p>A primeira Pesquisa Escutec\/O Estado realizada em Tuntum em 2020 revela que, se fosse hoje, a elei\u00e7\u00e3o para prefeito da<\/p>\n","protected":false},"author":2,"featured_media":9450,"comment_status":"closed","ping_status":"closed","sticky":false,"template":"","format":"standard","meta":{"colormag_page_container_layout":"default_layout","colormag_page_sidebar_layout":"default_layout","_jetpack_memberships_contains_paid_content":false,"footnotes":""},"categories":[2,6],"tags":[86,87],"class_list":["post-9448","post","type-post","status-publish","format-standard","has-post-thumbnail","hentry","category-noticias","category-politica","tag-fernando-pessoa","tag-tuntum"],"magazineBlocksPostFeaturedMedia":{"thumbnail":false,"medium":false,"medium_large":false,"large":false,"1536x1536":false,"2048x2048":false,"colormag-highlighted-post":false,"colormag-featured-post-medium":false,"colormag-featured-post-small":false,"colormag-featured-image":false,"colormag-default-news":false,"colormag-featured-image-large":false},"magazineBlocksPostAuthor":{"name":"maranhaotv","avatar":"https:\/\/secure.gravatar.com\/avatar\/8fadbca458d4cb68b1dd399ae9a40618d747bb1af65ac9fad21c89220a143eb4?s=96&d=mm&r=g"},"magazineBlocksPostCommentsNumber":false,"magazineBlocksPostExcerpt":"A primeira Pesquisa Escutec\/O Estado realizada em Tuntum em 2020 revela que, se fosse hoje, a elei\u00e7\u00e3o para prefeito da","magazineBlocksPostCategories":["not\u00edcias","pol\u00edtica"],"magazineBlocksPostViewCount":166,"magazineBlocksPostReadTime":2,"magazine_blocks_featured_image_url":{"full":false,"medium":false,"thumbnail":false},"magazine_blocks_author":{"display_name":"maranhaotv","author_link":"https:\/\/maranhaotv.com.br\/index.php\/author\/maranhaotv\/"},"magazine_blocks_comment":0,"magazine_blocks_author_image":"https:\/\/secure.gravatar.com\/avatar\/8fadbca458d4cb68b1dd399ae9a40618d747bb1af65ac9fad21c89220a143eb4?s=96&d=mm&r=g","magazine_blocks_category":"<a href=\"#\" class=\"category-link category-link-2\">not\u00edcias<\/a> <a href=\"#\" class=\"category-link category-link-6\">pol\u00edtica<\/a>","yoast_head":"<!-- This site is optimized with the Yoast SEO plugin v27.4 - https:\/\/yoast.com\/product\/yoast-seo-wordpress\/ -->\n<title>Pesquisas apontam lideran\u00e7a de Fernando Pessoa em Tuntum - NOT\u00cdCIAS EM TEMPO REAL<\/title>\n<meta name=\"robots\" content=\"index, follow, max-snippet:-1, max-image-preview:large, max-video-preview:-1\" \/>\n<link rel=\"canonical\" href=\"https:\/\/maranhaotv.com.br\/index.php\/2020\/02\/10\/pesquisas-apontam-lideranca-de-fernando-pessoa-em-tuntum\/\" \/>\n<meta property=\"og:locale\" content=\"pt_BR\" \/>\n<meta property=\"og:type\" content=\"article\" \/>\n<meta property=\"og:title\" content=\"Pesquisas apontam lideran\u00e7a de Fernando Pessoa em Tuntum - NOT\u00cdCIAS EM TEMPO REAL\" \/>\n<meta property=\"og:description\" content=\"A primeira Pesquisa Escutec\/O Estado realizada em Tuntum em 2020 revela que, se fosse hoje, a elei\u00e7\u00e3o para prefeito da\" \/>\n<meta property=\"og:url\" content=\"https:\/\/maranhaotv.com.br\/index.php\/2020\/02\/10\/pesquisas-apontam-lideranca-de-fernando-pessoa-em-tuntum\/\" \/>\n<meta property=\"og:site_name\" content=\"NOT\u00cdCIAS EM TEMPO REAL\" \/>\n<meta property=\"article:publisher\" content=\"https:\/\/www.facebook.com\/maiobaotv\" \/>\n<meta property=\"article:published_time\" content=\"2020-02-10T20:06:28+00:00\" \/>\n<meta name=\"author\" content=\"maranhaotv\" \/>\n<meta name=\"twitter:card\" content=\"summary_large_image\" \/>\n<meta name=\"twitter:creator\" content=\"@sitemaranhaotv\" \/>\n<meta name=\"twitter:site\" content=\"@sitemaranhaotv\" \/>\n<meta name=\"twitter:label1\" content=\"Escrito por\" \/>\n\t<meta name=\"twitter:data1\" content=\"maranhaotv\" \/>\n\t<meta name=\"twitter:label2\" content=\"Est. tempo de leitura\" \/>\n\t<meta name=\"twitter:data2\" content=\"2 minutos\" \/>\n<script type=\"application\/ld+json\" class=\"yoast-schema-graph\">{\"@context\":\"https:\\\/\\\/schema.org\",\"@graph\":[{\"@type\":\"Article\",\"@id\":\"https:\\\/\\\/maranhaotv.com.br\\\/index.php\\\/2020\\\/02\\\/10\\\/pesquisas-apontam-lideranca-de-fernando-pessoa-em-tuntum\\\/#article\",\"isPartOf\":{\"@id\":\"https:\\\/\\\/maranhaotv.com.br\\\/index.php\\\/2020\\\/02\\\/10\\\/pesquisas-apontam-lideranca-de-fernando-pessoa-em-tuntum\\\/\"},\"author\":{\"name\":\"maranhaotv\",\"@id\":\"https:\\\/\\\/maranhaotv.com.br\\\/#\\\/schema\\\/person\\\/3d54238e86b20bb5c89ab2fdb8f8829a\"},\"headline\":\"Pesquisas apontam lideran\u00e7a de Fernando Pessoa em Tuntum\",\"datePublished\":\"2020-02-10T20:06:28+00:00\",\"mainEntityOfPage\":{\"@id\":\"https:\\\/\\\/maranhaotv.com.br\\\/index.php\\\/2020\\\/02\\\/10\\\/pesquisas-apontam-lideranca-de-fernando-pessoa-em-tuntum\\\/\"},\"wordCount\":364,\"publisher\":{\"@id\":\"https:\\\/\\\/maranhaotv.com.br\\\/#organization\"},\"image\":{\"@id\":\"https:\\\/\\\/maranhaotv.com.br\\\/index.php\\\/2020\\\/02\\\/10\\\/pesquisas-apontam-lideranca-de-fernando-pessoa-em-tuntum\\\/#primaryimage\"},\"thumbnailUrl\":\"\",\"keywords\":[\"Fernando Pessoa\",\"Tuntum\"],\"articleSection\":[\"not\u00edcias\",\"pol\u00edtica\"],\"inLanguage\":\"pt-BR\"},{\"@type\":\"WebPage\",\"@id\":\"https:\\\/\\\/maranhaotv.com.br\\\/index.php\\\/2020\\\/02\\\/10\\\/pesquisas-apontam-lideranca-de-fernando-pessoa-em-tuntum\\\/\",\"url\":\"https:\\\/\\\/maranhaotv.com.br\\\/index.php\\\/2020\\\/02\\\/10\\\/pesquisas-apontam-lideranca-de-fernando-pessoa-em-tuntum\\\/\",\"name\":\"Pesquisas apontam lideran\u00e7a de Fernando Pessoa em Tuntum - NOT\u00cdCIAS EM TEMPO REAL\",\"isPartOf\":{\"@id\":\"https:\\\/\\\/maranhaotv.com.br\\\/#website\"},\"primaryImageOfPage\":{\"@id\":\"https:\\\/\\\/maranhaotv.com.br\\\/index.php\\\/2020\\\/02\\\/10\\\/pesquisas-apontam-lideranca-de-fernando-pessoa-em-tuntum\\\/#primaryimage\"},\"image\":{\"@id\":\"https:\\\/\\\/maranhaotv.com.br\\\/index.php\\\/2020\\\/02\\\/10\\\/pesquisas-apontam-lideranca-de-fernando-pessoa-em-tuntum\\\/#primaryimage\"},\"thumbnailUrl\":\"\",\"datePublished\":\"2020-02-10T20:06:28+00:00\",\"breadcrumb\":{\"@id\":\"https:\\\/\\\/maranhaotv.com.br\\\/index.php\\\/2020\\\/02\\\/10\\\/pesquisas-apontam-lideranca-de-fernando-pessoa-em-tuntum\\\/#breadcrumb\"},\"inLanguage\":\"pt-BR\",\"potentialAction\":[{\"@type\":\"ReadAction\",\"target\":[\"https:\\\/\\\/maranhaotv.com.br\\\/index.php\\\/2020\\\/02\\\/10\\\/pesquisas-apontam-lideranca-de-fernando-pessoa-em-tuntum\\\/\"]}]},{\"@type\":\"ImageObject\",\"inLanguage\":\"pt-BR\",\"@id\":\"https:\\\/\\\/maranhaotv.com.br\\\/index.php\\\/2020\\\/02\\\/10\\\/pesquisas-apontam-lideranca-de-fernando-pessoa-em-tuntum\\\/#primaryimage\",\"url\":\"\",\"contentUrl\":\"\"},{\"@type\":\"BreadcrumbList\",\"@id\":\"https:\\\/\\\/maranhaotv.com.br\\\/index.php\\\/2020\\\/02\\\/10\\\/pesquisas-apontam-lideranca-de-fernando-pessoa-em-tuntum\\\/#breadcrumb\",\"itemListElement\":[{\"@type\":\"ListItem\",\"position\":1,\"name\":\"In\u00edcio\",\"item\":\"https:\\\/\\\/maranhaotv.com.br\\\/\"},{\"@type\":\"ListItem\",\"position\":2,\"name\":\"Pesquisas apontam lideran\u00e7a de Fernando Pessoa em Tuntum\"}]},{\"@type\":\"WebSite\",\"@id\":\"https:\\\/\\\/maranhaotv.com.br\\\/#website\",\"url\":\"https:\\\/\\\/maranhaotv.com.br\\\/\",\"name\":\"Maranh\u00e3oTV\",\"description\":\"\",\"publisher\":{\"@id\":\"https:\\\/\\\/maranhaotv.com.br\\\/#organization\"},\"potentialAction\":[{\"@type\":\"SearchAction\",\"target\":{\"@type\":\"EntryPoint\",\"urlTemplate\":\"https:\\\/\\\/maranhaotv.com.br\\\/?s={search_term_string}\"},\"query-input\":{\"@type\":\"PropertyValueSpecification\",\"valueRequired\":true,\"valueName\":\"search_term_string\"}}],\"inLanguage\":\"pt-BR\"},{\"@type\":\"Organization\",\"@id\":\"https:\\\/\\\/maranhaotv.com.br\\\/#organization\",\"name\":\"Portal de Not\u00edcias\",\"url\":\"https:\\\/\\\/maranhaotv.com.br\\\/\",\"logo\":{\"@type\":\"ImageObject\",\"inLanguage\":\"pt-BR\",\"@id\":\"https:\\\/\\\/maranhaotv.com.br\\\/#\\\/schema\\\/logo\\\/image\\\/\",\"url\":\"https:\\\/\\\/maranhaotv.com.br\\\/wp-content\\\/uploads\\\/2024\\\/05\\\/cropped-cropped-avatar-1.png\",\"contentUrl\":\"https:\\\/\\\/maranhaotv.com.br\\\/wp-content\\\/uploads\\\/2024\\\/05\\\/cropped-cropped-avatar-1.png\",\"width\":792,\"height\":428,\"caption\":\"Portal de Not\u00edcias\"},\"image\":{\"@id\":\"https:\\\/\\\/maranhaotv.com.br\\\/#\\\/schema\\\/logo\\\/image\\\/\"},\"sameAs\":[\"https:\\\/\\\/www.facebook.com\\\/maiobaotv\",\"https:\\\/\\\/x.com\\\/sitemaranhaotv\",\"https:\\\/\\\/www.instagram.com\\\/maranhao.tv\",\"https:\\\/\\\/www.threads.net\\\/@maranhao.tv\"]},{\"@type\":\"Person\",\"@id\":\"https:\\\/\\\/maranhaotv.com.br\\\/#\\\/schema\\\/person\\\/3d54238e86b20bb5c89ab2fdb8f8829a\",\"name\":\"maranhaotv\",\"image\":{\"@type\":\"ImageObject\",\"inLanguage\":\"pt-BR\",\"@id\":\"https:\\\/\\\/secure.gravatar.com\\\/avatar\\\/8fadbca458d4cb68b1dd399ae9a40618d747bb1af65ac9fad21c89220a143eb4?s=96&d=mm&r=g\",\"url\":\"https:\\\/\\\/secure.gravatar.com\\\/avatar\\\/8fadbca458d4cb68b1dd399ae9a40618d747bb1af65ac9fad21c89220a143eb4?s=96&d=mm&r=g\",\"contentUrl\":\"https:\\\/\\\/secure.gravatar.com\\\/avatar\\\/8fadbca458d4cb68b1dd399ae9a40618d747bb1af65ac9fad21c89220a143eb4?s=96&d=mm&r=g\",\"caption\":\"maranhaotv\"},\"sameAs\":[\"https:\\\/\\\/maranhaotv.com.br\\\/\"],\"url\":\"https:\\\/\\\/maranhaotv.com.br\\\/index.php\\\/author\\\/maranhaotv\\\/\"}]}<\/script>\n<!-- \/ Yoast SEO plugin. -->","yoast_head_json":{"title":"Pesquisas apontam lideran\u00e7a de Fernando Pessoa em Tuntum - NOT\u00cdCIAS EM TEMPO REAL","robots":{"index":"index","follow":"follow","max-snippet":"max-snippet:-1","max-image-preview":"max-image-preview:large","max-video-preview":"max-video-preview:-1"},"canonical":"https:\/\/maranhaotv.com.br\/index.php\/2020\/02\/10\/pesquisas-apontam-lideranca-de-fernando-pessoa-em-tuntum\/","og_locale":"pt_BR","og_type":"article","og_title":"Pesquisas apontam lideran\u00e7a de Fernando Pessoa em Tuntum - NOT\u00cdCIAS EM TEMPO REAL","og_description":"A primeira Pesquisa Escutec\/O Estado realizada em Tuntum em 2020 revela que, se fosse hoje, a elei\u00e7\u00e3o para prefeito da","og_url":"https:\/\/maranhaotv.com.br\/index.php\/2020\/02\/10\/pesquisas-apontam-lideranca-de-fernando-pessoa-em-tuntum\/","og_site_name":"NOT\u00cdCIAS EM TEMPO REAL","article_publisher":"https:\/\/www.facebook.com\/maiobaotv","article_published_time":"2020-02-10T20:06:28+00:00","author":"maranhaotv","twitter_card":"summary_large_image","twitter_creator":"@sitemaranhaotv","twitter_site":"@sitemaranhaotv","twitter_misc":{"Escrito por":"maranhaotv","Est. tempo de leitura":"2 minutos"},"schema":{"@context":"https:\/\/schema.org","@graph":[{"@type":"Article","@id":"https:\/\/maranhaotv.com.br\/index.php\/2020\/02\/10\/pesquisas-apontam-lideranca-de-fernando-pessoa-em-tuntum\/#article","isPartOf":{"@id":"https:\/\/maranhaotv.com.br\/index.php\/2020\/02\/10\/pesquisas-apontam-lideranca-de-fernando-pessoa-em-tuntum\/"},"author":{"name":"maranhaotv","@id":"https:\/\/maranhaotv.com.br\/#\/schema\/person\/3d54238e86b20bb5c89ab2fdb8f8829a"},"headline":"Pesquisas apontam lideran\u00e7a de Fernando Pessoa em Tuntum","datePublished":"2020-02-10T20:06:28+00:00","mainEntityOfPage":{"@id":"https:\/\/maranhaotv.com.br\/index.php\/2020\/02\/10\/pesquisas-apontam-lideranca-de-fernando-pessoa-em-tuntum\/"},"wordCount":364,"publisher":{"@id":"https:\/\/maranhaotv.com.br\/#organization"},"image":{"@id":"https:\/\/maranhaotv.com.br\/index.php\/2020\/02\/10\/pesquisas-apontam-lideranca-de-fernando-pessoa-em-tuntum\/#primaryimage"},"thumbnailUrl":"","keywords":["Fernando Pessoa","Tuntum"],"articleSection":["not\u00edcias","pol\u00edtica"],"inLanguage":"pt-BR"},{"@type":"WebPage","@id":"https:\/\/maranhaotv.com.br\/index.php\/2020\/02\/10\/pesquisas-apontam-lideranca-de-fernando-pessoa-em-tuntum\/","url":"https:\/\/maranhaotv.com.br\/index.php\/2020\/02\/10\/pesquisas-apontam-lideranca-de-fernando-pessoa-em-tuntum\/","name":"Pesquisas apontam lideran\u00e7a de Fernando Pessoa em Tuntum - NOT\u00cdCIAS EM TEMPO REAL","isPartOf":{"@id":"https:\/\/maranhaotv.com.br\/#website"},"primaryImageOfPage":{"@id":"https:\/\/maranhaotv.com.br\/index.php\/2020\/02\/10\/pesquisas-apontam-lideranca-de-fernando-pessoa-em-tuntum\/#primaryimage"},"image":{"@id":"https:\/\/maranhaotv.com.br\/index.php\/2020\/02\/10\/pesquisas-apontam-lideranca-de-fernando-pessoa-em-tuntum\/#primaryimage"},"thumbnailUrl":"","datePublished":"2020-02-10T20:06:28+00:00","breadcrumb":{"@id":"https:\/\/maranhaotv.com.br\/index.php\/2020\/02\/10\/pesquisas-apontam-lideranca-de-fernando-pessoa-em-tuntum\/#breadcrumb"},"inLanguage":"pt-BR","potentialAction":[{"@type":"ReadAction","target":["https:\/\/maranhaotv.com.br\/index.php\/2020\/02\/10\/pesquisas-apontam-lideranca-de-fernando-pessoa-em-tuntum\/"]}]},{"@type":"ImageObject","inLanguage":"pt-BR","@id":"https:\/\/maranhaotv.com.br\/index.php\/2020\/02\/10\/pesquisas-apontam-lideranca-de-fernando-pessoa-em-tuntum\/#primaryimage","url":"","contentUrl":""},{"@type":"BreadcrumbList","@id":"https:\/\/maranhaotv.com.br\/index.php\/2020\/02\/10\/pesquisas-apontam-lideranca-de-fernando-pessoa-em-tuntum\/#breadcrumb","itemListElement":[{"@type":"ListItem","position":1,"name":"In\u00edcio","item":"https:\/\/maranhaotv.com.br\/"},{"@type":"ListItem","position":2,"name":"Pesquisas apontam lideran\u00e7a de Fernando Pessoa em Tuntum"}]},{"@type":"WebSite","@id":"https:\/\/maranhaotv.com.br\/#website","url":"https:\/\/maranhaotv.com.br\/","name":"Maranh\u00e3oTV","description":"","publisher":{"@id":"https:\/\/maranhaotv.com.br\/#organization"},"potentialAction":[{"@type":"SearchAction","target":{"@type":"EntryPoint","urlTemplate":"https:\/\/maranhaotv.com.br\/?s={search_term_string}"},"query-input":{"@type":"PropertyValueSpecification","valueRequired":true,"valueName":"search_term_string"}}],"inLanguage":"pt-BR"},{"@type":"Organization","@id":"https:\/\/maranhaotv.com.br\/#organization","name":"Portal de Not\u00edcias","url":"https:\/\/maranhaotv.com.br\/","logo":{"@type":"ImageObject","inLanguage":"pt-BR","@id":"https:\/\/maranhaotv.com.br\/#\/schema\/logo\/image\/","url":"https:\/\/maranhaotv.com.br\/wp-content\/uploads\/2024\/05\/cropped-cropped-avatar-1.png","contentUrl":"https:\/\/maranhaotv.com.br\/wp-content\/uploads\/2024\/05\/cropped-cropped-avatar-1.png","width":792,"height":428,"caption":"Portal de Not\u00edcias"},"image":{"@id":"https:\/\/maranhaotv.com.br\/#\/schema\/logo\/image\/"},"sameAs":["https:\/\/www.facebook.com\/maiobaotv","https:\/\/x.com\/sitemaranhaotv","https:\/\/www.instagram.com\/maranhao.tv","https:\/\/www.threads.net\/@maranhao.tv"]},{"@type":"Person","@id":"https:\/\/maranhaotv.com.br\/#\/schema\/person\/3d54238e86b20bb5c89ab2fdb8f8829a","name":"maranhaotv","image":{"@type":"ImageObject","inLanguage":"pt-BR","@id":"https:\/\/secure.gravatar.com\/avatar\/8fadbca458d4cb68b1dd399ae9a40618d747bb1af65ac9fad21c89220a143eb4?s=96&d=mm&r=g","url":"https:\/\/secure.gravatar.com\/avatar\/8fadbca458d4cb68b1dd399ae9a40618d747bb1af65ac9fad21c89220a143eb4?s=96&d=mm&r=g","contentUrl":"https:\/\/secure.gravatar.com\/avatar\/8fadbca458d4cb68b1dd399ae9a40618d747bb1af65ac9fad21c89220a143eb4?s=96&d=mm&r=g","caption":"maranhaotv"},"sameAs":["https:\/\/maranhaotv.com.br\/"],"url":"https:\/\/maranhaotv.com.br\/index.php\/author\/maranhaotv\/"}]}},"jetpack_featured_media_url":"","jetpack_sharing_enabled":true,"_links":{"self":[{"href":"https:\/\/maranhaotv.com.br\/index.php\/wp-json\/wp\/v2\/posts\/9448","targetHints":{"allow":["GET"]}}],"collection":[{"href":"https:\/\/maranhaotv.com.br\/index.php\/wp-json\/wp\/v2\/posts"}],"about":[{"href":"https:\/\/maranhaotv.com.br\/index.php\/wp-json\/wp\/v2\/types\/post"}],"author":[{"embeddable":true,"href":"https:\/\/maranhaotv.com.br\/index.php\/wp-json\/wp\/v2\/users\/2"}],"replies":[{"embeddable":true,"href":"https:\/\/maranhaotv.com.br\/index.php\/wp-json\/wp\/v2\/comments?post=9448"}],"version-history":[{"count":0,"href":"https:\/\/maranhaotv.com.br\/index.php\/wp-json\/wp\/v2\/posts\/9448\/revisions"}],"wp:featuredmedia":[{"embeddable":true,"href":"https:\/\/maranhaotv.com.br\/index.php\/wp-json\/"}],"wp:attachment":[{"href":"https:\/\/maranhaotv.com.br\/index.php\/wp-json\/wp\/v2\/media?parent=9448"}],"wp:term":[{"taxonomy":"category","embeddable":true,"href":"https:\/\/maranhaotv.com.br\/index.php\/wp-json\/wp\/v2\/categories?post=9448"},{"taxonomy":"post_tag","embeddable":true,"href":"https:\/\/maranhaotv.com.br\/index.php\/wp-json\/wp\/v2\/tags?post=9448"}],"curies":[{"name":"wp","href":"https:\/\/api.w.org\/{rel}","templated":true}]}}