{"id":9484,"date":"2020-02-11T14:49:52","date_gmt":"2020-02-11T17:49:52","guid":{"rendered":"https:\/\/maiobaotv.com.br\/?p=9484"},"modified":"2020-02-11T14:49:52","modified_gmt":"2020-02-11T17:49:52","slug":"alo-mp-muniz-gasta-r-225-mil-reais-com-pintura-de-portas-e-janelas-da-camara-de-paco","status":"publish","type":"post","link":"https:\/\/maranhaotv.com.br\/index.php\/2020\/02\/11\/alo-mp-muniz-gasta-r-225-mil-reais-com-pintura-de-portas-e-janelas-da-camara-de-paco\/","title":{"rendered":"Al\u00f4 MP: Muniz gasta R$ 225 mil reais com pintura de portas e janelas da C\u00e2mara de Pa\u00e7o"},"content":{"rendered":"<p>Os gastos com a C\u00e2mara de Vereadores de Pa\u00e7o do do Lumiar quase que triplicaram na gest\u00e3o da mesa diretora presidida pelo vereador Fernando Muniz (PP).<\/p>\n<p>O site Maiob\u00e3o TV sempre vem denunciado atos da gest\u00e3o do presidente da C\u00e2mara Vereadores de Pa\u00e7o do Lumiar, folha de pagamento de comissionados, e esquema de rachadinha praticado por vereadores e desta vez o gasto exorbitante com a reforma da C\u00e2mara. Pelo valor, e quantidade de funcion\u00e1rios comissionados, esperava-se uma verdadeira amplia\u00e7\u00e3o do pr\u00e9dio.<\/p>\n<p>Fernando Muniz parece subestimar a cada dia o eleitor luminense, desse vez a C\u00e2mara de Vereadores lan\u00e7ou um v\u00eddeo institucional que exalta a &#8220;tal reforma&#8221; da Casa.<br \/>\nEntretanto, foram gastos exorbitantes R$ 224.193,70 para pintar portas, janelas e alguns reparos el\u00e9tricos e na constru\u00e7\u00e3o.<\/p>\n<p>Quem esteve na C\u00e2mara j\u00e1 percebeu que tem algo errado, j\u00e1 que n\u00e3o h\u00e1 nada novo, a n\u00e3o ser a tinta nas paredes e janelas, vale ressaltar que a C\u00e2mara j\u00e1 havia passado por uma reforma na gest\u00e3o do ex-presidente Marinho do Pa\u00e7o.<br \/>\nEm ano de elei\u00e7\u00e3o, o luminense vai ficar atento e realizar a verdadeira &#8220;reforma&#8221; nas urnas!<\/p>\n<div style=\"width: 640px;\" class=\"wp-video\"><video class=\"size-full\" id=\"video-9484-1\" width=\"640\" height=\"360\" preload=\"metadata\" controls=\"controls\"><source type=\"video\/mp4\" src=\"https:\/\/maiobaotv.com.br\/wp-content\/uploads\/2020\/02\/VID-20200211-WA0267.mp4?_=1\" \/><a href=\"https:\/\/maiobaotv.com.br\/wp-content\/uploads\/2020\/02\/VID-20200211-WA0267.mp4\">https:\/\/maiobaotv.com.br\/wp-content\/uploads\/2020\/02\/VID-20200211-WA0267.mp4<\/a><\/video><\/div>\n<p style=\"text-align:center;\"><em><em>No v\u00eddeo, claramente s\u00e3o pinturas de portas e janelas<\/em><\/em><em><\/em><\/p>\n<p><img loading=\"lazy\" decoding=\"async\" class=\"wp-image-9485 alignnone size-full\" src=\"https:\/\/maiobaotv.com.br\/wp-content\/uploads\/2020\/02\/IMG-20200211-WA0101.jpg\" width=\"960\" height=\"1280\"><em><\/em><\/p>\n<p style=\"text-align:center;\"><em>Placa exposta na frente da C\u00e2mara na \u00e9poca da reforma<\/em><\/p>\n<p><img loading=\"lazy\" decoding=\"async\" class=\"wp-image-9486 alignnone size-full\" src=\"https:\/\/maiobaotv.com.br\/wp-content\/uploads\/2020\/02\/IMG-20200211-WA0103.jpg\" width=\"1280\" height=\"960\"><\/p>\n<p style=\"text-align:center;\"><em>Fachada da construtora respons\u00e1vel pela obra, localizada na<\/em> Raposa<\/p>\n<p><img loading=\"lazy\" decoding=\"async\" class=\"wp-image-9487 alignnone size-full\" src=\"https:\/\/maiobaotv.com.br\/wp-content\/uploads\/2020\/02\/IMG-20200211-WA0102.jpg\" width=\"1280\" height=\"960\"><\/p>\n<p style=\"text-align:center;\"><em>Outdoor espalhados pela capital maranhense que diz que a C\u00e2mara \u00e9 transparente<\/em><\/p>\n","protected":false},"excerpt":{"rendered":"<p>Os gastos com a C\u00e2mara de Vereadores de Pa\u00e7o do do Lumiar quase que triplicaram na gest\u00e3o da mesa diretora<\/p>\n","protected":false},"author":2,"featured_media":9488,"comment_status":"closed","ping_status":"closed","sticky":false,"template":"","format":"standard","meta":{"colormag_page_container_layout":"default_layout","colormag_page_sidebar_layout":"default_layout","_jetpack_memberships_contains_paid_content":false,"footnotes":""},"categories":[2,6],"tags":[89,44,15],"class_list":["post-9484","post","type-post","status-publish","format-standard","has-post-thumbnail","hentry","category-noticias","category-politica","tag-camara-de-vereadores","tag-fernando-muniz","tag-paco-do-lumiar"],"magazineBlocksPostFeaturedMedia":{"thumbnail":false,"medium":false,"medium_large":false,"large":false,"1536x1536":false,"2048x2048":false,"colormag-highlighted-post":false,"colormag-featured-post-medium":false,"colormag-featured-post-small":false,"colormag-featured-image":false,"colormag-default-news":false,"colormag-featured-image-large":false},"magazineBlocksPostAuthor":{"name":"maranhaotv","avatar":"https:\/\/secure.gravatar.com\/avatar\/8fadbca458d4cb68b1dd399ae9a40618d747bb1af65ac9fad21c89220a143eb4?s=96&d=mm&r=g"},"magazineBlocksPostCommentsNumber":false,"magazineBlocksPostExcerpt":"Os gastos com a C\u00e2mara de Vereadores de Pa\u00e7o do do Lumiar quase que triplicaram na gest\u00e3o da mesa diretora","magazineBlocksPostCategories":["not\u00edcias","pol\u00edtica"],"magazineBlocksPostViewCount":161,"magazineBlocksPostReadTime":2,"magazine_blocks_featured_image_url":{"full":false,"medium":false,"thumbnail":false},"magazine_blocks_author":{"display_name":"maranhaotv","author_link":"https:\/\/maranhaotv.com.br\/index.php\/author\/maranhaotv\/"},"magazine_blocks_comment":0,"magazine_blocks_author_image":"https:\/\/secure.gravatar.com\/avatar\/8fadbca458d4cb68b1dd399ae9a40618d747bb1af65ac9fad21c89220a143eb4?s=96&d=mm&r=g","magazine_blocks_category":"<a href=\"#\" class=\"category-link category-link-2\">not\u00edcias<\/a> <a href=\"#\" class=\"category-link category-link-6\">pol\u00edtica<\/a>","yoast_head":"<!-- This site is optimized with the Yoast SEO plugin v27.4 - https:\/\/yoast.com\/product\/yoast-seo-wordpress\/ -->\n<title>Al\u00f4 MP: Muniz gasta R$ 225 mil reais com pintura de portas e janelas da C\u00e2mara de Pa\u00e7o - NOT\u00cdCIAS EM TEMPO REAL<\/title>\n<meta name=\"robots\" content=\"index, follow, max-snippet:-1, max-image-preview:large, max-video-preview:-1\" \/>\n<link rel=\"canonical\" href=\"https:\/\/maranhaotv.com.br\/index.php\/2020\/02\/11\/alo-mp-muniz-gasta-r-225-mil-reais-com-pintura-de-portas-e-janelas-da-camara-de-paco\/\" \/>\n<meta property=\"og:locale\" content=\"pt_BR\" \/>\n<meta property=\"og:type\" content=\"article\" \/>\n<meta property=\"og:title\" content=\"Al\u00f4 MP: Muniz gasta R$ 225 mil reais com pintura de portas e janelas da C\u00e2mara de Pa\u00e7o - NOT\u00cdCIAS EM TEMPO REAL\" \/>\n<meta property=\"og:description\" content=\"Os gastos com a C\u00e2mara de Vereadores de Pa\u00e7o do do Lumiar quase que triplicaram na gest\u00e3o da mesa diretora\" \/>\n<meta property=\"og:url\" content=\"https:\/\/maranhaotv.com.br\/index.php\/2020\/02\/11\/alo-mp-muniz-gasta-r-225-mil-reais-com-pintura-de-portas-e-janelas-da-camara-de-paco\/\" \/>\n<meta property=\"og:site_name\" content=\"NOT\u00cdCIAS EM TEMPO REAL\" \/>\n<meta property=\"article:publisher\" content=\"https:\/\/www.facebook.com\/maiobaotv\" \/>\n<meta property=\"article:published_time\" content=\"2020-02-11T17:49:52+00:00\" \/>\n<meta name=\"author\" content=\"maranhaotv\" \/>\n<meta name=\"twitter:card\" content=\"summary_large_image\" \/>\n<meta name=\"twitter:creator\" content=\"@sitemaranhaotv\" \/>\n<meta name=\"twitter:site\" content=\"@sitemaranhaotv\" \/>\n<meta name=\"twitter:label1\" content=\"Escrito por\" \/>\n\t<meta name=\"twitter:data1\" content=\"maranhaotv\" \/>\n\t<meta name=\"twitter:label2\" content=\"Est. tempo de leitura\" \/>\n\t<meta name=\"twitter:data2\" content=\"1 minuto\" \/>\n<script type=\"application\/ld+json\" class=\"yoast-schema-graph\">{\"@context\":\"https:\\\/\\\/schema.org\",\"@graph\":[{\"@type\":\"Article\",\"@id\":\"https:\\\/\\\/maranhaotv.com.br\\\/index.php\\\/2020\\\/02\\\/11\\\/alo-mp-muniz-gasta-r-225-mil-reais-com-pintura-de-portas-e-janelas-da-camara-de-paco\\\/#article\",\"isPartOf\":{\"@id\":\"https:\\\/\\\/maranhaotv.com.br\\\/index.php\\\/2020\\\/02\\\/11\\\/alo-mp-muniz-gasta-r-225-mil-reais-com-pintura-de-portas-e-janelas-da-camara-de-paco\\\/\"},\"author\":{\"name\":\"maranhaotv\",\"@id\":\"https:\\\/\\\/maranhaotv.com.br\\\/#\\\/schema\\\/person\\\/3d54238e86b20bb5c89ab2fdb8f8829a\"},\"headline\":\"Al\u00f4 MP: Muniz gasta R$ 225 mil reais com pintura de portas e janelas da C\u00e2mara de Pa\u00e7o\",\"datePublished\":\"2020-02-11T17:49:52+00:00\",\"mainEntityOfPage\":{\"@id\":\"https:\\\/\\\/maranhaotv.com.br\\\/index.php\\\/2020\\\/02\\\/11\\\/alo-mp-muniz-gasta-r-225-mil-reais-com-pintura-de-portas-e-janelas-da-camara-de-paco\\\/\"},\"wordCount\":282,\"publisher\":{\"@id\":\"https:\\\/\\\/maranhaotv.com.br\\\/#organization\"},\"image\":{\"@id\":\"https:\\\/\\\/maranhaotv.com.br\\\/index.php\\\/2020\\\/02\\\/11\\\/alo-mp-muniz-gasta-r-225-mil-reais-com-pintura-de-portas-e-janelas-da-camara-de-paco\\\/#primaryimage\"},\"thumbnailUrl\":\"\",\"keywords\":[\"C\u00e2mara de Vereadores\",\"Fernando Muniz\",\"Pa\u00e7o do Lumiar\"],\"articleSection\":[\"not\u00edcias\",\"pol\u00edtica\"],\"inLanguage\":\"pt-BR\"},{\"@type\":\"WebPage\",\"@id\":\"https:\\\/\\\/maranhaotv.com.br\\\/index.php\\\/2020\\\/02\\\/11\\\/alo-mp-muniz-gasta-r-225-mil-reais-com-pintura-de-portas-e-janelas-da-camara-de-paco\\\/\",\"url\":\"https:\\\/\\\/maranhaotv.com.br\\\/index.php\\\/2020\\\/02\\\/11\\\/alo-mp-muniz-gasta-r-225-mil-reais-com-pintura-de-portas-e-janelas-da-camara-de-paco\\\/\",\"name\":\"Al\u00f4 MP: Muniz gasta R$ 225 mil reais com pintura de portas e janelas da C\u00e2mara de Pa\u00e7o - NOT\u00cdCIAS EM TEMPO REAL\",\"isPartOf\":{\"@id\":\"https:\\\/\\\/maranhaotv.com.br\\\/#website\"},\"primaryImageOfPage\":{\"@id\":\"https:\\\/\\\/maranhaotv.com.br\\\/index.php\\\/2020\\\/02\\\/11\\\/alo-mp-muniz-gasta-r-225-mil-reais-com-pintura-de-portas-e-janelas-da-camara-de-paco\\\/#primaryimage\"},\"image\":{\"@id\":\"https:\\\/\\\/maranhaotv.com.br\\\/index.php\\\/2020\\\/02\\\/11\\\/alo-mp-muniz-gasta-r-225-mil-reais-com-pintura-de-portas-e-janelas-da-camara-de-paco\\\/#primaryimage\"},\"thumbnailUrl\":\"\",\"datePublished\":\"2020-02-11T17:49:52+00:00\",\"breadcrumb\":{\"@id\":\"https:\\\/\\\/maranhaotv.com.br\\\/index.php\\\/2020\\\/02\\\/11\\\/alo-mp-muniz-gasta-r-225-mil-reais-com-pintura-de-portas-e-janelas-da-camara-de-paco\\\/#breadcrumb\"},\"inLanguage\":\"pt-BR\",\"potentialAction\":[{\"@type\":\"ReadAction\",\"target\":[\"https:\\\/\\\/maranhaotv.com.br\\\/index.php\\\/2020\\\/02\\\/11\\\/alo-mp-muniz-gasta-r-225-mil-reais-com-pintura-de-portas-e-janelas-da-camara-de-paco\\\/\"]}]},{\"@type\":\"ImageObject\",\"inLanguage\":\"pt-BR\",\"@id\":\"https:\\\/\\\/maranhaotv.com.br\\\/index.php\\\/2020\\\/02\\\/11\\\/alo-mp-muniz-gasta-r-225-mil-reais-com-pintura-de-portas-e-janelas-da-camara-de-paco\\\/#primaryimage\",\"url\":\"\",\"contentUrl\":\"\"},{\"@type\":\"BreadcrumbList\",\"@id\":\"https:\\\/\\\/maranhaotv.com.br\\\/index.php\\\/2020\\\/02\\\/11\\\/alo-mp-muniz-gasta-r-225-mil-reais-com-pintura-de-portas-e-janelas-da-camara-de-paco\\\/#breadcrumb\",\"itemListElement\":[{\"@type\":\"ListItem\",\"position\":1,\"name\":\"In\u00edcio\",\"item\":\"https:\\\/\\\/maranhaotv.com.br\\\/\"},{\"@type\":\"ListItem\",\"position\":2,\"name\":\"Al\u00f4 MP: Muniz gasta R$ 225 mil reais com pintura de portas e janelas da C\u00e2mara de Pa\u00e7o\"}]},{\"@type\":\"WebSite\",\"@id\":\"https:\\\/\\\/maranhaotv.com.br\\\/#website\",\"url\":\"https:\\\/\\\/maranhaotv.com.br\\\/\",\"name\":\"Maranh\u00e3oTV\",\"description\":\"\",\"publisher\":{\"@id\":\"https:\\\/\\\/maranhaotv.com.br\\\/#organization\"},\"potentialAction\":[{\"@type\":\"SearchAction\",\"target\":{\"@type\":\"EntryPoint\",\"urlTemplate\":\"https:\\\/\\\/maranhaotv.com.br\\\/?s={search_term_string}\"},\"query-input\":{\"@type\":\"PropertyValueSpecification\",\"valueRequired\":true,\"valueName\":\"search_term_string\"}}],\"inLanguage\":\"pt-BR\"},{\"@type\":\"Organization\",\"@id\":\"https:\\\/\\\/maranhaotv.com.br\\\/#organization\",\"name\":\"Portal de Not\u00edcias\",\"url\":\"https:\\\/\\\/maranhaotv.com.br\\\/\",\"logo\":{\"@type\":\"ImageObject\",\"inLanguage\":\"pt-BR\",\"@id\":\"https:\\\/\\\/maranhaotv.com.br\\\/#\\\/schema\\\/logo\\\/image\\\/\",\"url\":\"https:\\\/\\\/maranhaotv.com.br\\\/wp-content\\\/uploads\\\/2024\\\/05\\\/cropped-cropped-avatar-1.png\",\"contentUrl\":\"https:\\\/\\\/maranhaotv.com.br\\\/wp-content\\\/uploads\\\/2024\\\/05\\\/cropped-cropped-avatar-1.png\",\"width\":792,\"height\":428,\"caption\":\"Portal de Not\u00edcias\"},\"image\":{\"@id\":\"https:\\\/\\\/maranhaotv.com.br\\\/#\\\/schema\\\/logo\\\/image\\\/\"},\"sameAs\":[\"https:\\\/\\\/www.facebook.com\\\/maiobaotv\",\"https:\\\/\\\/x.com\\\/sitemaranhaotv\",\"https:\\\/\\\/www.instagram.com\\\/maranhao.tv\",\"https:\\\/\\\/www.threads.net\\\/@maranhao.tv\"]},{\"@type\":\"Person\",\"@id\":\"https:\\\/\\\/maranhaotv.com.br\\\/#\\\/schema\\\/person\\\/3d54238e86b20bb5c89ab2fdb8f8829a\",\"name\":\"maranhaotv\",\"image\":{\"@type\":\"ImageObject\",\"inLanguage\":\"pt-BR\",\"@id\":\"https:\\\/\\\/secure.gravatar.com\\\/avatar\\\/8fadbca458d4cb68b1dd399ae9a40618d747bb1af65ac9fad21c89220a143eb4?s=96&d=mm&r=g\",\"url\":\"https:\\\/\\\/secure.gravatar.com\\\/avatar\\\/8fadbca458d4cb68b1dd399ae9a40618d747bb1af65ac9fad21c89220a143eb4?s=96&d=mm&r=g\",\"contentUrl\":\"https:\\\/\\\/secure.gravatar.com\\\/avatar\\\/8fadbca458d4cb68b1dd399ae9a40618d747bb1af65ac9fad21c89220a143eb4?s=96&d=mm&r=g\",\"caption\":\"maranhaotv\"},\"sameAs\":[\"https:\\\/\\\/maranhaotv.com.br\\\/\"],\"url\":\"https:\\\/\\\/maranhaotv.com.br\\\/index.php\\\/author\\\/maranhaotv\\\/\"}]}<\/script>\n<!-- \/ Yoast SEO plugin. -->","yoast_head_json":{"title":"Al\u00f4 MP: Muniz gasta R$ 225 mil reais com pintura de portas e janelas da C\u00e2mara de Pa\u00e7o - NOT\u00cdCIAS EM TEMPO REAL","robots":{"index":"index","follow":"follow","max-snippet":"max-snippet:-1","max-image-preview":"max-image-preview:large","max-video-preview":"max-video-preview:-1"},"canonical":"https:\/\/maranhaotv.com.br\/index.php\/2020\/02\/11\/alo-mp-muniz-gasta-r-225-mil-reais-com-pintura-de-portas-e-janelas-da-camara-de-paco\/","og_locale":"pt_BR","og_type":"article","og_title":"Al\u00f4 MP: Muniz gasta R$ 225 mil reais com pintura de portas e janelas da C\u00e2mara de Pa\u00e7o - NOT\u00cdCIAS EM TEMPO REAL","og_description":"Os gastos com a C\u00e2mara de Vereadores de Pa\u00e7o do do Lumiar quase que triplicaram na gest\u00e3o da mesa diretora","og_url":"https:\/\/maranhaotv.com.br\/index.php\/2020\/02\/11\/alo-mp-muniz-gasta-r-225-mil-reais-com-pintura-de-portas-e-janelas-da-camara-de-paco\/","og_site_name":"NOT\u00cdCIAS EM TEMPO REAL","article_publisher":"https:\/\/www.facebook.com\/maiobaotv","article_published_time":"2020-02-11T17:49:52+00:00","author":"maranhaotv","twitter_card":"summary_large_image","twitter_creator":"@sitemaranhaotv","twitter_site":"@sitemaranhaotv","twitter_misc":{"Escrito por":"maranhaotv","Est. tempo de leitura":"1 minuto"},"schema":{"@context":"https:\/\/schema.org","@graph":[{"@type":"Article","@id":"https:\/\/maranhaotv.com.br\/index.php\/2020\/02\/11\/alo-mp-muniz-gasta-r-225-mil-reais-com-pintura-de-portas-e-janelas-da-camara-de-paco\/#article","isPartOf":{"@id":"https:\/\/maranhaotv.com.br\/index.php\/2020\/02\/11\/alo-mp-muniz-gasta-r-225-mil-reais-com-pintura-de-portas-e-janelas-da-camara-de-paco\/"},"author":{"name":"maranhaotv","@id":"https:\/\/maranhaotv.com.br\/#\/schema\/person\/3d54238e86b20bb5c89ab2fdb8f8829a"},"headline":"Al\u00f4 MP: Muniz gasta R$ 225 mil reais com pintura de portas e janelas da C\u00e2mara de Pa\u00e7o","datePublished":"2020-02-11T17:49:52+00:00","mainEntityOfPage":{"@id":"https:\/\/maranhaotv.com.br\/index.php\/2020\/02\/11\/alo-mp-muniz-gasta-r-225-mil-reais-com-pintura-de-portas-e-janelas-da-camara-de-paco\/"},"wordCount":282,"publisher":{"@id":"https:\/\/maranhaotv.com.br\/#organization"},"image":{"@id":"https:\/\/maranhaotv.com.br\/index.php\/2020\/02\/11\/alo-mp-muniz-gasta-r-225-mil-reais-com-pintura-de-portas-e-janelas-da-camara-de-paco\/#primaryimage"},"thumbnailUrl":"","keywords":["C\u00e2mara de Vereadores","Fernando Muniz","Pa\u00e7o do Lumiar"],"articleSection":["not\u00edcias","pol\u00edtica"],"inLanguage":"pt-BR"},{"@type":"WebPage","@id":"https:\/\/maranhaotv.com.br\/index.php\/2020\/02\/11\/alo-mp-muniz-gasta-r-225-mil-reais-com-pintura-de-portas-e-janelas-da-camara-de-paco\/","url":"https:\/\/maranhaotv.com.br\/index.php\/2020\/02\/11\/alo-mp-muniz-gasta-r-225-mil-reais-com-pintura-de-portas-e-janelas-da-camara-de-paco\/","name":"Al\u00f4 MP: Muniz gasta R$ 225 mil reais com pintura de portas e janelas da C\u00e2mara de Pa\u00e7o - NOT\u00cdCIAS EM TEMPO REAL","isPartOf":{"@id":"https:\/\/maranhaotv.com.br\/#website"},"primaryImageOfPage":{"@id":"https:\/\/maranhaotv.com.br\/index.php\/2020\/02\/11\/alo-mp-muniz-gasta-r-225-mil-reais-com-pintura-de-portas-e-janelas-da-camara-de-paco\/#primaryimage"},"image":{"@id":"https:\/\/maranhaotv.com.br\/index.php\/2020\/02\/11\/alo-mp-muniz-gasta-r-225-mil-reais-com-pintura-de-portas-e-janelas-da-camara-de-paco\/#primaryimage"},"thumbnailUrl":"","datePublished":"2020-02-11T17:49:52+00:00","breadcrumb":{"@id":"https:\/\/maranhaotv.com.br\/index.php\/2020\/02\/11\/alo-mp-muniz-gasta-r-225-mil-reais-com-pintura-de-portas-e-janelas-da-camara-de-paco\/#breadcrumb"},"inLanguage":"pt-BR","potentialAction":[{"@type":"ReadAction","target":["https:\/\/maranhaotv.com.br\/index.php\/2020\/02\/11\/alo-mp-muniz-gasta-r-225-mil-reais-com-pintura-de-portas-e-janelas-da-camara-de-paco\/"]}]},{"@type":"ImageObject","inLanguage":"pt-BR","@id":"https:\/\/maranhaotv.com.br\/index.php\/2020\/02\/11\/alo-mp-muniz-gasta-r-225-mil-reais-com-pintura-de-portas-e-janelas-da-camara-de-paco\/#primaryimage","url":"","contentUrl":""},{"@type":"BreadcrumbList","@id":"https:\/\/maranhaotv.com.br\/index.php\/2020\/02\/11\/alo-mp-muniz-gasta-r-225-mil-reais-com-pintura-de-portas-e-janelas-da-camara-de-paco\/#breadcrumb","itemListElement":[{"@type":"ListItem","position":1,"name":"In\u00edcio","item":"https:\/\/maranhaotv.com.br\/"},{"@type":"ListItem","position":2,"name":"Al\u00f4 MP: Muniz gasta R$ 225 mil reais com pintura de portas e janelas da C\u00e2mara de Pa\u00e7o"}]},{"@type":"WebSite","@id":"https:\/\/maranhaotv.com.br\/#website","url":"https:\/\/maranhaotv.com.br\/","name":"Maranh\u00e3oTV","description":"","publisher":{"@id":"https:\/\/maranhaotv.com.br\/#organization"},"potentialAction":[{"@type":"SearchAction","target":{"@type":"EntryPoint","urlTemplate":"https:\/\/maranhaotv.com.br\/?s={search_term_string}"},"query-input":{"@type":"PropertyValueSpecification","valueRequired":true,"valueName":"search_term_string"}}],"inLanguage":"pt-BR"},{"@type":"Organization","@id":"https:\/\/maranhaotv.com.br\/#organization","name":"Portal de Not\u00edcias","url":"https:\/\/maranhaotv.com.br\/","logo":{"@type":"ImageObject","inLanguage":"pt-BR","@id":"https:\/\/maranhaotv.com.br\/#\/schema\/logo\/image\/","url":"https:\/\/maranhaotv.com.br\/wp-content\/uploads\/2024\/05\/cropped-cropped-avatar-1.png","contentUrl":"https:\/\/maranhaotv.com.br\/wp-content\/uploads\/2024\/05\/cropped-cropped-avatar-1.png","width":792,"height":428,"caption":"Portal de Not\u00edcias"},"image":{"@id":"https:\/\/maranhaotv.com.br\/#\/schema\/logo\/image\/"},"sameAs":["https:\/\/www.facebook.com\/maiobaotv","https:\/\/x.com\/sitemaranhaotv","https:\/\/www.instagram.com\/maranhao.tv","https:\/\/www.threads.net\/@maranhao.tv"]},{"@type":"Person","@id":"https:\/\/maranhaotv.com.br\/#\/schema\/person\/3d54238e86b20bb5c89ab2fdb8f8829a","name":"maranhaotv","image":{"@type":"ImageObject","inLanguage":"pt-BR","@id":"https:\/\/secure.gravatar.com\/avatar\/8fadbca458d4cb68b1dd399ae9a40618d747bb1af65ac9fad21c89220a143eb4?s=96&d=mm&r=g","url":"https:\/\/secure.gravatar.com\/avatar\/8fadbca458d4cb68b1dd399ae9a40618d747bb1af65ac9fad21c89220a143eb4?s=96&d=mm&r=g","contentUrl":"https:\/\/secure.gravatar.com\/avatar\/8fadbca458d4cb68b1dd399ae9a40618d747bb1af65ac9fad21c89220a143eb4?s=96&d=mm&r=g","caption":"maranhaotv"},"sameAs":["https:\/\/maranhaotv.com.br\/"],"url":"https:\/\/maranhaotv.com.br\/index.php\/author\/maranhaotv\/"}]}},"jetpack_featured_media_url":"","jetpack_sharing_enabled":true,"_links":{"self":[{"href":"https:\/\/maranhaotv.com.br\/index.php\/wp-json\/wp\/v2\/posts\/9484","targetHints":{"allow":["GET"]}}],"collection":[{"href":"https:\/\/maranhaotv.com.br\/index.php\/wp-json\/wp\/v2\/posts"}],"about":[{"href":"https:\/\/maranhaotv.com.br\/index.php\/wp-json\/wp\/v2\/types\/post"}],"author":[{"embeddable":true,"href":"https:\/\/maranhaotv.com.br\/index.php\/wp-json\/wp\/v2\/users\/2"}],"replies":[{"embeddable":true,"href":"https:\/\/maranhaotv.com.br\/index.php\/wp-json\/wp\/v2\/comments?post=9484"}],"version-history":[{"count":0,"href":"https:\/\/maranhaotv.com.br\/index.php\/wp-json\/wp\/v2\/posts\/9484\/revisions"}],"wp:featuredmedia":[{"embeddable":true,"href":"https:\/\/maranhaotv.com.br\/index.php\/wp-json\/"}],"wp:attachment":[{"href":"https:\/\/maranhaotv.com.br\/index.php\/wp-json\/wp\/v2\/media?parent=9484"}],"wp:term":[{"taxonomy":"category","embeddable":true,"href":"https:\/\/maranhaotv.com.br\/index.php\/wp-json\/wp\/v2\/categories?post=9484"},{"taxonomy":"post_tag","embeddable":true,"href":"https:\/\/maranhaotv.com.br\/index.php\/wp-json\/wp\/v2\/tags?post=9484"}],"curies":[{"name":"wp","href":"https:\/\/api.w.org\/{rel}","templated":true}]}}