{"id":9499,"date":"2020-02-12T08:16:30","date_gmt":"2020-02-12T11:16:30","guid":{"rendered":"https:\/\/maiobaotv.com.br\/?p=9499"},"modified":"2020-02-12T08:16:30","modified_gmt":"2020-02-12T11:16:30","slug":"viana-obras-da-avenida-luis-de-almeida-couto-estao-finalizando","status":"publish","type":"post","link":"https:\/\/maranhaotv.com.br\/index.php\/2020\/02\/12\/viana-obras-da-avenida-luis-de-almeida-couto-estao-finalizando\/","title":{"rendered":"Viana: Obras da Avenida Lu\u00eds de Almeida Couto est\u00e3o  finalizando"},"content":{"rendered":"<h5>Obras da Avenida Lu\u00eds de Almeida Couto est\u00e3o em fase de conclus\u00e3o; Via se tornar\u00e1 mais novo cart\u00e3o postal do munic\u00edpio<\/h5>\n<p>Enquanto opositores aproveitam-se do clima para tentar ofuscar a grandeza das obras que est\u00e3o sendo executadas pela Prefeitura de Viana, a popula\u00e7\u00e3o tem a certeza do resultado que est\u00e1 por vir.As obras da Avenida Lu\u00eds de Almeida Couto, principal via do munic\u00edpio, est\u00e3o em fase de conclus\u00e3o e demonstram a determina\u00e7\u00e3o do prefeito Magrado Barros (DEM), que diferente de antigos gestores teve a aud\u00e1cia de realizar uma obra grandiosa, que acabar\u00e1 de vez com os problemas de acumulo de \u00e1gua e buracos na via.A Avenida n\u00e3o est\u00e1 recebendo apenas reparos, como costumeiramente ocorria, uma completa reestrutura\u00e7\u00e3o do trecho est\u00e1 em andamento e se as chuvas colaborarem o benef\u00edcio estar\u00e1 totalmente conclu\u00eddo antes do carnaval, que diga-se, ser\u00e1 o maior do Maranh\u00e3o com 06 dias de festa (CONFIRA AQUI).Al\u00e9m da completa moderniza\u00e7\u00e3o de seu parque de ilumina\u00e7\u00e3o, com coloca\u00e7\u00e3o de novos postes e l\u00e2mpadas de LED, fase j\u00e1 conclu\u00edda, est\u00e3o sendo executadas obras de drenagem profunda, que garantir\u00e3o o devido escoamento da \u00e1gua da chuva, deixando os alagamentos e preju\u00edzos causados pela \u00e1gua no passado.<img loading=\"lazy\" decoding=\"async\" class=\"wp-image-9501 alignnone size-full\" src=\"https:\/\/maiobaotv.com.br\/wp-content\/uploads\/2020\/02\/IMG-20200212-WA0006.jpg\" width=\"1280\" height=\"853\">As \u00faltimas chuvas inundaram algumas das escava\u00e7\u00f5es necess\u00e1rias para a coloca\u00e7\u00e3o dos tubos, mas isso por\u00e9m, n\u00e3o trouxe maiores preju\u00edzos ao cronograma de execu\u00e7\u00e3o da obra, que prossegue em ritmo acelerado. O toque final ser\u00e1 a camada asf\u00e1lticas refor\u00e7ada.A popula\u00e7\u00e3o vianense pode ter certeza que buracos e alagamentos nesse trecho, nunca mais.E vale ressaltar que muito j\u00e1 foi feito e muitas obras est\u00e3o em andamento. Obras que garantir\u00e3o mais qualidade de vida aos moradores de Viana.No v\u00eddeo abaixo podemos conferir um pouco do trabalho que vem sendo executado pela Prefeitura, fazendo com que Viana seja cada vez mais uma Viana de Todos. Assista:<div style=\"width: 640px;\" class=\"wp-video\"><video class=\"size-full\" id=\"video-9499-1\" width=\"640\" height=\"360\" preload=\"metadata\" controls=\"controls\"><source type=\"video\/mp4\" src=\"https:\/\/maiobaotv.com.br\/wp-content\/uploads\/2020\/02\/VID-20200212-WA0011.mp4?_=1\" \/><a href=\"https:\/\/maiobaotv.com.br\/wp-content\/uploads\/2020\/02\/VID-20200212-WA0011.mp4\">https:\/\/maiobaotv.com.br\/wp-content\/uploads\/2020\/02\/VID-20200212-WA0011.mp4<\/a><\/video><\/div><img loading=\"lazy\" decoding=\"async\" class=\"wp-image-9502 alignnone size-full\" src=\"https:\/\/maiobaotv.com.br\/wp-content\/uploads\/2020\/02\/IMG-20200212-WA0007.jpg\" width=\"1280\" height=\"853\"><img decoding=\"async\" class=\"size-full\" data-wpid=\"1714\" src=\"https:\/\/maiobaotv.com.br\/wp-content\/uploads\/2020\/02\/IMG-20200212-WA0009.jpg\"><\/p>\n<p>Antenor Ferreira<\/p>\n","protected":false},"excerpt":{"rendered":"<p>Obras da Avenida Lu\u00eds de Almeida Couto est\u00e3o em fase de conclus\u00e3o; Via se tornar\u00e1 mais novo cart\u00e3o postal do<\/p>\n","protected":false},"author":2,"featured_media":9500,"comment_status":"closed","ping_status":"closed","sticky":false,"template":"","format":"standard","meta":{"colormag_page_container_layout":"default_layout","colormag_page_sidebar_layout":"default_layout","_jetpack_memberships_contains_paid_content":false,"footnotes":""},"categories":[2],"tags":[17,42,5],"class_list":["post-9499","post","type-post","status-publish","format-standard","has-post-thumbnail","hentry","category-noticias","tag-magrado-barros","tag-prefeitura-de-viana","tag-viana"],"magazineBlocksPostFeaturedMedia":{"thumbnail":false,"medium":false,"medium_large":false,"large":false,"1536x1536":false,"2048x2048":false,"colormag-highlighted-post":false,"colormag-featured-post-medium":false,"colormag-featured-post-small":false,"colormag-featured-image":false,"colormag-default-news":false,"colormag-featured-image-large":false},"magazineBlocksPostAuthor":{"name":"maranhaotv","avatar":"https:\/\/secure.gravatar.com\/avatar\/8fadbca458d4cb68b1dd399ae9a40618d747bb1af65ac9fad21c89220a143eb4?s=96&d=mm&r=g"},"magazineBlocksPostCommentsNumber":false,"magazineBlocksPostExcerpt":"Obras da Avenida Lu\u00eds de Almeida Couto est\u00e3o em fase de conclus\u00e3o; Via se tornar\u00e1 mais novo cart\u00e3o postal do","magazineBlocksPostCategories":["not\u00edcias"],"magazineBlocksPostViewCount":279,"magazineBlocksPostReadTime":2,"magazine_blocks_featured_image_url":{"full":false,"medium":false,"thumbnail":false},"magazine_blocks_author":{"display_name":"maranhaotv","author_link":"https:\/\/maranhaotv.com.br\/index.php\/author\/maranhaotv\/"},"magazine_blocks_comment":0,"magazine_blocks_author_image":"https:\/\/secure.gravatar.com\/avatar\/8fadbca458d4cb68b1dd399ae9a40618d747bb1af65ac9fad21c89220a143eb4?s=96&d=mm&r=g","magazine_blocks_category":"<a href=\"#\" class=\"category-link category-link-2\">not\u00edcias<\/a>","yoast_head":"<!-- This site is optimized with the Yoast SEO plugin v27.4 - https:\/\/yoast.com\/product\/yoast-seo-wordpress\/ -->\n<title>Viana: Obras da Avenida Lu\u00eds de Almeida Couto est\u00e3o finalizando - NOT\u00cdCIAS EM TEMPO REAL<\/title>\n<meta name=\"robots\" content=\"index, follow, max-snippet:-1, max-image-preview:large, max-video-preview:-1\" \/>\n<link rel=\"canonical\" href=\"https:\/\/maranhaotv.com.br\/index.php\/2020\/02\/12\/viana-obras-da-avenida-luis-de-almeida-couto-estao-finalizando\/\" \/>\n<meta property=\"og:locale\" content=\"pt_BR\" \/>\n<meta property=\"og:type\" content=\"article\" \/>\n<meta property=\"og:title\" content=\"Viana: Obras da Avenida Lu\u00eds de Almeida Couto est\u00e3o finalizando - NOT\u00cdCIAS EM TEMPO REAL\" \/>\n<meta property=\"og:description\" content=\"Obras da Avenida Lu\u00eds de Almeida Couto est\u00e3o em fase de conclus\u00e3o; Via se tornar\u00e1 mais novo cart\u00e3o postal do\" \/>\n<meta property=\"og:url\" content=\"https:\/\/maranhaotv.com.br\/index.php\/2020\/02\/12\/viana-obras-da-avenida-luis-de-almeida-couto-estao-finalizando\/\" \/>\n<meta property=\"og:site_name\" content=\"NOT\u00cdCIAS EM TEMPO REAL\" \/>\n<meta property=\"article:publisher\" content=\"https:\/\/www.facebook.com\/maiobaotv\" \/>\n<meta property=\"article:published_time\" content=\"2020-02-12T11:16:30+00:00\" \/>\n<meta name=\"author\" content=\"maranhaotv\" \/>\n<meta name=\"twitter:card\" content=\"summary_large_image\" \/>\n<meta name=\"twitter:creator\" content=\"@sitemaranhaotv\" \/>\n<meta name=\"twitter:site\" content=\"@sitemaranhaotv\" \/>\n<meta name=\"twitter:label1\" content=\"Escrito por\" \/>\n\t<meta name=\"twitter:data1\" content=\"maranhaotv\" \/>\n\t<meta name=\"twitter:label2\" content=\"Est. tempo de leitura\" \/>\n\t<meta name=\"twitter:data2\" content=\"2 minutos\" \/>\n<script type=\"application\/ld+json\" class=\"yoast-schema-graph\">{\"@context\":\"https:\\\/\\\/schema.org\",\"@graph\":[{\"@type\":\"Article\",\"@id\":\"https:\\\/\\\/maranhaotv.com.br\\\/index.php\\\/2020\\\/02\\\/12\\\/viana-obras-da-avenida-luis-de-almeida-couto-estao-finalizando\\\/#article\",\"isPartOf\":{\"@id\":\"https:\\\/\\\/maranhaotv.com.br\\\/index.php\\\/2020\\\/02\\\/12\\\/viana-obras-da-avenida-luis-de-almeida-couto-estao-finalizando\\\/\"},\"author\":{\"name\":\"maranhaotv\",\"@id\":\"https:\\\/\\\/maranhaotv.com.br\\\/#\\\/schema\\\/person\\\/3d54238e86b20bb5c89ab2fdb8f8829a\"},\"headline\":\"Viana: Obras da Avenida Lu\u00eds de Almeida Couto est\u00e3o finalizando\",\"datePublished\":\"2020-02-12T11:16:30+00:00\",\"mainEntityOfPage\":{\"@id\":\"https:\\\/\\\/maranhaotv.com.br\\\/index.php\\\/2020\\\/02\\\/12\\\/viana-obras-da-avenida-luis-de-almeida-couto-estao-finalizando\\\/\"},\"wordCount\":370,\"publisher\":{\"@id\":\"https:\\\/\\\/maranhaotv.com.br\\\/#organization\"},\"image\":{\"@id\":\"https:\\\/\\\/maranhaotv.com.br\\\/index.php\\\/2020\\\/02\\\/12\\\/viana-obras-da-avenida-luis-de-almeida-couto-estao-finalizando\\\/#primaryimage\"},\"thumbnailUrl\":\"\",\"keywords\":[\"Magrado Barros\",\"Prefeitura de Viana\",\"Viana\"],\"articleSection\":[\"not\u00edcias\"],\"inLanguage\":\"pt-BR\"},{\"@type\":\"WebPage\",\"@id\":\"https:\\\/\\\/maranhaotv.com.br\\\/index.php\\\/2020\\\/02\\\/12\\\/viana-obras-da-avenida-luis-de-almeida-couto-estao-finalizando\\\/\",\"url\":\"https:\\\/\\\/maranhaotv.com.br\\\/index.php\\\/2020\\\/02\\\/12\\\/viana-obras-da-avenida-luis-de-almeida-couto-estao-finalizando\\\/\",\"name\":\"Viana: Obras da Avenida Lu\u00eds de Almeida Couto est\u00e3o finalizando - NOT\u00cdCIAS EM TEMPO REAL\",\"isPartOf\":{\"@id\":\"https:\\\/\\\/maranhaotv.com.br\\\/#website\"},\"primaryImageOfPage\":{\"@id\":\"https:\\\/\\\/maranhaotv.com.br\\\/index.php\\\/2020\\\/02\\\/12\\\/viana-obras-da-avenida-luis-de-almeida-couto-estao-finalizando\\\/#primaryimage\"},\"image\":{\"@id\":\"https:\\\/\\\/maranhaotv.com.br\\\/index.php\\\/2020\\\/02\\\/12\\\/viana-obras-da-avenida-luis-de-almeida-couto-estao-finalizando\\\/#primaryimage\"},\"thumbnailUrl\":\"\",\"datePublished\":\"2020-02-12T11:16:30+00:00\",\"breadcrumb\":{\"@id\":\"https:\\\/\\\/maranhaotv.com.br\\\/index.php\\\/2020\\\/02\\\/12\\\/viana-obras-da-avenida-luis-de-almeida-couto-estao-finalizando\\\/#breadcrumb\"},\"inLanguage\":\"pt-BR\",\"potentialAction\":[{\"@type\":\"ReadAction\",\"target\":[\"https:\\\/\\\/maranhaotv.com.br\\\/index.php\\\/2020\\\/02\\\/12\\\/viana-obras-da-avenida-luis-de-almeida-couto-estao-finalizando\\\/\"]}]},{\"@type\":\"ImageObject\",\"inLanguage\":\"pt-BR\",\"@id\":\"https:\\\/\\\/maranhaotv.com.br\\\/index.php\\\/2020\\\/02\\\/12\\\/viana-obras-da-avenida-luis-de-almeida-couto-estao-finalizando\\\/#primaryimage\",\"url\":\"\",\"contentUrl\":\"\"},{\"@type\":\"BreadcrumbList\",\"@id\":\"https:\\\/\\\/maranhaotv.com.br\\\/index.php\\\/2020\\\/02\\\/12\\\/viana-obras-da-avenida-luis-de-almeida-couto-estao-finalizando\\\/#breadcrumb\",\"itemListElement\":[{\"@type\":\"ListItem\",\"position\":1,\"name\":\"In\u00edcio\",\"item\":\"https:\\\/\\\/maranhaotv.com.br\\\/\"},{\"@type\":\"ListItem\",\"position\":2,\"name\":\"Viana: Obras da Avenida Lu\u00eds de Almeida Couto est\u00e3o finalizando\"}]},{\"@type\":\"WebSite\",\"@id\":\"https:\\\/\\\/maranhaotv.com.br\\\/#website\",\"url\":\"https:\\\/\\\/maranhaotv.com.br\\\/\",\"name\":\"Maranh\u00e3oTV\",\"description\":\"\",\"publisher\":{\"@id\":\"https:\\\/\\\/maranhaotv.com.br\\\/#organization\"},\"potentialAction\":[{\"@type\":\"SearchAction\",\"target\":{\"@type\":\"EntryPoint\",\"urlTemplate\":\"https:\\\/\\\/maranhaotv.com.br\\\/?s={search_term_string}\"},\"query-input\":{\"@type\":\"PropertyValueSpecification\",\"valueRequired\":true,\"valueName\":\"search_term_string\"}}],\"inLanguage\":\"pt-BR\"},{\"@type\":\"Organization\",\"@id\":\"https:\\\/\\\/maranhaotv.com.br\\\/#organization\",\"name\":\"Portal de Not\u00edcias\",\"url\":\"https:\\\/\\\/maranhaotv.com.br\\\/\",\"logo\":{\"@type\":\"ImageObject\",\"inLanguage\":\"pt-BR\",\"@id\":\"https:\\\/\\\/maranhaotv.com.br\\\/#\\\/schema\\\/logo\\\/image\\\/\",\"url\":\"https:\\\/\\\/maranhaotv.com.br\\\/wp-content\\\/uploads\\\/2024\\\/05\\\/cropped-cropped-avatar-1.png\",\"contentUrl\":\"https:\\\/\\\/maranhaotv.com.br\\\/wp-content\\\/uploads\\\/2024\\\/05\\\/cropped-cropped-avatar-1.png\",\"width\":792,\"height\":428,\"caption\":\"Portal de Not\u00edcias\"},\"image\":{\"@id\":\"https:\\\/\\\/maranhaotv.com.br\\\/#\\\/schema\\\/logo\\\/image\\\/\"},\"sameAs\":[\"https:\\\/\\\/www.facebook.com\\\/maiobaotv\",\"https:\\\/\\\/x.com\\\/sitemaranhaotv\",\"https:\\\/\\\/www.instagram.com\\\/maranhao.tv\",\"https:\\\/\\\/www.threads.net\\\/@maranhao.tv\"]},{\"@type\":\"Person\",\"@id\":\"https:\\\/\\\/maranhaotv.com.br\\\/#\\\/schema\\\/person\\\/3d54238e86b20bb5c89ab2fdb8f8829a\",\"name\":\"maranhaotv\",\"image\":{\"@type\":\"ImageObject\",\"inLanguage\":\"pt-BR\",\"@id\":\"https:\\\/\\\/secure.gravatar.com\\\/avatar\\\/8fadbca458d4cb68b1dd399ae9a40618d747bb1af65ac9fad21c89220a143eb4?s=96&d=mm&r=g\",\"url\":\"https:\\\/\\\/secure.gravatar.com\\\/avatar\\\/8fadbca458d4cb68b1dd399ae9a40618d747bb1af65ac9fad21c89220a143eb4?s=96&d=mm&r=g\",\"contentUrl\":\"https:\\\/\\\/secure.gravatar.com\\\/avatar\\\/8fadbca458d4cb68b1dd399ae9a40618d747bb1af65ac9fad21c89220a143eb4?s=96&d=mm&r=g\",\"caption\":\"maranhaotv\"},\"sameAs\":[\"https:\\\/\\\/maranhaotv.com.br\\\/\"],\"url\":\"https:\\\/\\\/maranhaotv.com.br\\\/index.php\\\/author\\\/maranhaotv\\\/\"}]}<\/script>\n<!-- \/ Yoast SEO plugin. -->","yoast_head_json":{"title":"Viana: Obras da Avenida Lu\u00eds de Almeida Couto est\u00e3o finalizando - NOT\u00cdCIAS EM TEMPO REAL","robots":{"index":"index","follow":"follow","max-snippet":"max-snippet:-1","max-image-preview":"max-image-preview:large","max-video-preview":"max-video-preview:-1"},"canonical":"https:\/\/maranhaotv.com.br\/index.php\/2020\/02\/12\/viana-obras-da-avenida-luis-de-almeida-couto-estao-finalizando\/","og_locale":"pt_BR","og_type":"article","og_title":"Viana: Obras da Avenida Lu\u00eds de Almeida Couto est\u00e3o finalizando - NOT\u00cdCIAS EM TEMPO REAL","og_description":"Obras da Avenida Lu\u00eds de Almeida Couto est\u00e3o em fase de conclus\u00e3o; Via se tornar\u00e1 mais novo cart\u00e3o postal do","og_url":"https:\/\/maranhaotv.com.br\/index.php\/2020\/02\/12\/viana-obras-da-avenida-luis-de-almeida-couto-estao-finalizando\/","og_site_name":"NOT\u00cdCIAS EM TEMPO REAL","article_publisher":"https:\/\/www.facebook.com\/maiobaotv","article_published_time":"2020-02-12T11:16:30+00:00","author":"maranhaotv","twitter_card":"summary_large_image","twitter_creator":"@sitemaranhaotv","twitter_site":"@sitemaranhaotv","twitter_misc":{"Escrito por":"maranhaotv","Est. tempo de leitura":"2 minutos"},"schema":{"@context":"https:\/\/schema.org","@graph":[{"@type":"Article","@id":"https:\/\/maranhaotv.com.br\/index.php\/2020\/02\/12\/viana-obras-da-avenida-luis-de-almeida-couto-estao-finalizando\/#article","isPartOf":{"@id":"https:\/\/maranhaotv.com.br\/index.php\/2020\/02\/12\/viana-obras-da-avenida-luis-de-almeida-couto-estao-finalizando\/"},"author":{"name":"maranhaotv","@id":"https:\/\/maranhaotv.com.br\/#\/schema\/person\/3d54238e86b20bb5c89ab2fdb8f8829a"},"headline":"Viana: Obras da Avenida Lu\u00eds de Almeida Couto est\u00e3o finalizando","datePublished":"2020-02-12T11:16:30+00:00","mainEntityOfPage":{"@id":"https:\/\/maranhaotv.com.br\/index.php\/2020\/02\/12\/viana-obras-da-avenida-luis-de-almeida-couto-estao-finalizando\/"},"wordCount":370,"publisher":{"@id":"https:\/\/maranhaotv.com.br\/#organization"},"image":{"@id":"https:\/\/maranhaotv.com.br\/index.php\/2020\/02\/12\/viana-obras-da-avenida-luis-de-almeida-couto-estao-finalizando\/#primaryimage"},"thumbnailUrl":"","keywords":["Magrado Barros","Prefeitura de Viana","Viana"],"articleSection":["not\u00edcias"],"inLanguage":"pt-BR"},{"@type":"WebPage","@id":"https:\/\/maranhaotv.com.br\/index.php\/2020\/02\/12\/viana-obras-da-avenida-luis-de-almeida-couto-estao-finalizando\/","url":"https:\/\/maranhaotv.com.br\/index.php\/2020\/02\/12\/viana-obras-da-avenida-luis-de-almeida-couto-estao-finalizando\/","name":"Viana: Obras da Avenida Lu\u00eds de Almeida Couto est\u00e3o finalizando - NOT\u00cdCIAS EM TEMPO REAL","isPartOf":{"@id":"https:\/\/maranhaotv.com.br\/#website"},"primaryImageOfPage":{"@id":"https:\/\/maranhaotv.com.br\/index.php\/2020\/02\/12\/viana-obras-da-avenida-luis-de-almeida-couto-estao-finalizando\/#primaryimage"},"image":{"@id":"https:\/\/maranhaotv.com.br\/index.php\/2020\/02\/12\/viana-obras-da-avenida-luis-de-almeida-couto-estao-finalizando\/#primaryimage"},"thumbnailUrl":"","datePublished":"2020-02-12T11:16:30+00:00","breadcrumb":{"@id":"https:\/\/maranhaotv.com.br\/index.php\/2020\/02\/12\/viana-obras-da-avenida-luis-de-almeida-couto-estao-finalizando\/#breadcrumb"},"inLanguage":"pt-BR","potentialAction":[{"@type":"ReadAction","target":["https:\/\/maranhaotv.com.br\/index.php\/2020\/02\/12\/viana-obras-da-avenida-luis-de-almeida-couto-estao-finalizando\/"]}]},{"@type":"ImageObject","inLanguage":"pt-BR","@id":"https:\/\/maranhaotv.com.br\/index.php\/2020\/02\/12\/viana-obras-da-avenida-luis-de-almeida-couto-estao-finalizando\/#primaryimage","url":"","contentUrl":""},{"@type":"BreadcrumbList","@id":"https:\/\/maranhaotv.com.br\/index.php\/2020\/02\/12\/viana-obras-da-avenida-luis-de-almeida-couto-estao-finalizando\/#breadcrumb","itemListElement":[{"@type":"ListItem","position":1,"name":"In\u00edcio","item":"https:\/\/maranhaotv.com.br\/"},{"@type":"ListItem","position":2,"name":"Viana: Obras da Avenida Lu\u00eds de Almeida Couto est\u00e3o finalizando"}]},{"@type":"WebSite","@id":"https:\/\/maranhaotv.com.br\/#website","url":"https:\/\/maranhaotv.com.br\/","name":"Maranh\u00e3oTV","description":"","publisher":{"@id":"https:\/\/maranhaotv.com.br\/#organization"},"potentialAction":[{"@type":"SearchAction","target":{"@type":"EntryPoint","urlTemplate":"https:\/\/maranhaotv.com.br\/?s={search_term_string}"},"query-input":{"@type":"PropertyValueSpecification","valueRequired":true,"valueName":"search_term_string"}}],"inLanguage":"pt-BR"},{"@type":"Organization","@id":"https:\/\/maranhaotv.com.br\/#organization","name":"Portal de Not\u00edcias","url":"https:\/\/maranhaotv.com.br\/","logo":{"@type":"ImageObject","inLanguage":"pt-BR","@id":"https:\/\/maranhaotv.com.br\/#\/schema\/logo\/image\/","url":"https:\/\/maranhaotv.com.br\/wp-content\/uploads\/2024\/05\/cropped-cropped-avatar-1.png","contentUrl":"https:\/\/maranhaotv.com.br\/wp-content\/uploads\/2024\/05\/cropped-cropped-avatar-1.png","width":792,"height":428,"caption":"Portal de Not\u00edcias"},"image":{"@id":"https:\/\/maranhaotv.com.br\/#\/schema\/logo\/image\/"},"sameAs":["https:\/\/www.facebook.com\/maiobaotv","https:\/\/x.com\/sitemaranhaotv","https:\/\/www.instagram.com\/maranhao.tv","https:\/\/www.threads.net\/@maranhao.tv"]},{"@type":"Person","@id":"https:\/\/maranhaotv.com.br\/#\/schema\/person\/3d54238e86b20bb5c89ab2fdb8f8829a","name":"maranhaotv","image":{"@type":"ImageObject","inLanguage":"pt-BR","@id":"https:\/\/secure.gravatar.com\/avatar\/8fadbca458d4cb68b1dd399ae9a40618d747bb1af65ac9fad21c89220a143eb4?s=96&d=mm&r=g","url":"https:\/\/secure.gravatar.com\/avatar\/8fadbca458d4cb68b1dd399ae9a40618d747bb1af65ac9fad21c89220a143eb4?s=96&d=mm&r=g","contentUrl":"https:\/\/secure.gravatar.com\/avatar\/8fadbca458d4cb68b1dd399ae9a40618d747bb1af65ac9fad21c89220a143eb4?s=96&d=mm&r=g","caption":"maranhaotv"},"sameAs":["https:\/\/maranhaotv.com.br\/"],"url":"https:\/\/maranhaotv.com.br\/index.php\/author\/maranhaotv\/"}]}},"jetpack_featured_media_url":"","jetpack_sharing_enabled":true,"_links":{"self":[{"href":"https:\/\/maranhaotv.com.br\/index.php\/wp-json\/wp\/v2\/posts\/9499","targetHints":{"allow":["GET"]}}],"collection":[{"href":"https:\/\/maranhaotv.com.br\/index.php\/wp-json\/wp\/v2\/posts"}],"about":[{"href":"https:\/\/maranhaotv.com.br\/index.php\/wp-json\/wp\/v2\/types\/post"}],"author":[{"embeddable":true,"href":"https:\/\/maranhaotv.com.br\/index.php\/wp-json\/wp\/v2\/users\/2"}],"replies":[{"embeddable":true,"href":"https:\/\/maranhaotv.com.br\/index.php\/wp-json\/wp\/v2\/comments?post=9499"}],"version-history":[{"count":0,"href":"https:\/\/maranhaotv.com.br\/index.php\/wp-json\/wp\/v2\/posts\/9499\/revisions"}],"wp:featuredmedia":[{"embeddable":true,"href":"https:\/\/maranhaotv.com.br\/index.php\/wp-json\/"}],"wp:attachment":[{"href":"https:\/\/maranhaotv.com.br\/index.php\/wp-json\/wp\/v2\/media?parent=9499"}],"wp:term":[{"taxonomy":"category","embeddable":true,"href":"https:\/\/maranhaotv.com.br\/index.php\/wp-json\/wp\/v2\/categories?post=9499"},{"taxonomy":"post_tag","embeddable":true,"href":"https:\/\/maranhaotv.com.br\/index.php\/wp-json\/wp\/v2\/tags?post=9499"}],"curies":[{"name":"wp","href":"https:\/\/api.w.org\/{rel}","templated":true}]}}