{"id":9520,"date":"2020-02-12T15:54:46","date_gmt":"2020-02-12T18:54:46","guid":{"rendered":"https:\/\/maiobaotv.com.br\/?p=9520"},"modified":"2020-02-12T15:54:46","modified_gmt":"2020-02-12T18:54:46","slug":"urgente-tce-decide-investigar-gastos-de-fernando-muniz-na-camara-de-paco-do-lumiar","status":"publish","type":"post","link":"https:\/\/maranhaotv.com.br\/index.php\/2020\/02\/12\/urgente-tce-decide-investigar-gastos-de-fernando-muniz-na-camara-de-paco-do-lumiar\/","title":{"rendered":"Urgente: TCE decide investigar gastos de Fernando Muniz na C\u00e2mara de Pa\u00e7o do Lumiar"},"content":{"rendered":"<p>A C\u00e2mara Municipal de Pa\u00e7o do Lumiar ser\u00e1 alvo de auditoria para investiga\u00e7\u00e3o do surpreendente aumento de gasto com pessoal no curto espa\u00e7o de tempo de sete meses. A decis\u00e3o foi tomada nesta quarta-feira (12) pelo Pleno do Tribunal de Contas do Estado do Maranh\u00e3o (TCE-MA).<\/p>\n<p>Os membros da Corte de Contas aprovaram a fiscaliza\u00e7\u00e3o seguindo voto do conselheiro Edmar Cutrim. A C\u00e2mara e Pa\u00e7o do Lumiar, entre fevereiro a setembro do ano passado, aumentou de quase 500% as despesas com sal\u00e1rios de pessoal em cargos comissionados.<\/p>\n<p>Edmar Cutrim foi o relator da mat\u00e9ria e acolheu parecer do Minist\u00e9rio P\u00fablico de Contas (MPC), votando pela realiza\u00e7\u00e3o de uma auditoria. O voto foi seguido pelos conselheiros \u00c1lvaro C\u00e9sar Ferreira, Jorge Jinkings Pav\u00e3o, Jos\u00e9 Caldas Furtado, Raimundo Oliveira, Osm\u00e1rio Guimar\u00e3es (substituto), Melquizedeque Nava Neto (substituto) e Washington Oliveira, que presidiu a sess\u00e3o.<\/p>\n<p>Aumento \u2013 De acordo com den\u00fancia encaminhada ao TCE, no m\u00eas de fevereiro de 2019 a C\u00e2mara Municipal de Pa\u00e7o Lumiar tinha uma despesa de R$ 36,8 mil com a manuten\u00e7\u00e3o de 15 cargos em comiss\u00e3o. No m\u00eas seguinte, o n\u00famero de comissionados aumentou para 35 e a despesa pulou para R$ 104,9 mil.<\/p>\n<p>Nos meses seguintes, o n\u00famero de funcion\u00e1rios foi aumentando e a despesa se multiplicando mais ainda.<\/p>\n<p>Em abril, para 40 servidores, a despesa passou para R$ 125,9 mil; em maio, passaram a ser 54 e o custo, R$ 164,9 mil; em junho, eram 58 para R$ 174,5 mil de despesa; em julho, mesmo sem aumento de pessoal, a folha de pagamento pulou para R$ 181 mil e em agosto, j\u00e1 com 63 comissionados, a despesa passou para R$ 204,7 mil. Em setembro, j\u00e1 com 64 ocupantes de cargos comissionados, a c\u00e2mara passou a gastar R$ 209,9 mil, ou seja, um aumento de 470,3%.<\/p>\n<p>Em seu parecer, o procurador de Contas Jairo Cavalcanti Vieira classificou essa escalada nas despesas do legislativo municipal de Pa\u00e7o do Lumiar de \u201cassustador aumento\u201d, e recomendou uma fiscaliza\u00e7\u00e3o in loco a fim de verificar o que se passa no parlamento do munic\u00edpio, uma vez que n\u00e3o existem, no seu portal na internet, informa\u00e7\u00f5es que justifiquem o aumento de servidores e menos ainda embasamento para crescimento das despesas.<\/p>\n<p><img loading=\"lazy\" decoding=\"async\" class=\"wp-image-9519 alignnone size-full\" src=\"https:\/\/maiobaotv.com.br\/wp-content\/uploads\/2020\/02\/15-49-28-20200212_101534-1068x801.jpg\" width=\"1068\" height=\"801\"><\/p>\n<p>(Com informa\u00e7\u00f5es do TCE)<\/p>\n","protected":false},"excerpt":{"rendered":"<p>A C\u00e2mara Municipal de Pa\u00e7o do Lumiar ser\u00e1 alvo de auditoria para investiga\u00e7\u00e3o do surpreendente aumento de gasto com pessoal<\/p>\n","protected":false},"author":2,"featured_media":9521,"comment_status":"closed","ping_status":"closed","sticky":false,"template":"","format":"standard","meta":{"colormag_page_container_layout":"default_layout","colormag_page_sidebar_layout":"default_layout","_jetpack_memberships_contains_paid_content":false,"footnotes":""},"categories":[2,6],"tags":[76,44],"class_list":["post-9520","post","type-post","status-publish","format-standard","has-post-thumbnail","hentry","category-noticias","category-politica","tag-camara-de-vereadores-de-paco-do-lumiar","tag-fernando-muniz"],"magazineBlocksPostFeaturedMedia":{"thumbnail":false,"medium":false,"medium_large":false,"large":false,"1536x1536":false,"2048x2048":false,"colormag-highlighted-post":false,"colormag-featured-post-medium":false,"colormag-featured-post-small":false,"colormag-featured-image":false,"colormag-default-news":false,"colormag-featured-image-large":false},"magazineBlocksPostAuthor":{"name":"maranhaotv","avatar":"https:\/\/secure.gravatar.com\/avatar\/8fadbca458d4cb68b1dd399ae9a40618d747bb1af65ac9fad21c89220a143eb4?s=96&d=mm&r=g"},"magazineBlocksPostCommentsNumber":false,"magazineBlocksPostExcerpt":"A C\u00e2mara Municipal de Pa\u00e7o do Lumiar ser\u00e1 alvo de auditoria para investiga\u00e7\u00e3o do surpreendente aumento de gasto com pessoal","magazineBlocksPostCategories":["not\u00edcias","pol\u00edtica"],"magazineBlocksPostViewCount":250,"magazineBlocksPostReadTime":2,"magazine_blocks_featured_image_url":{"full":false,"medium":false,"thumbnail":false},"magazine_blocks_author":{"display_name":"maranhaotv","author_link":"https:\/\/maranhaotv.com.br\/index.php\/author\/maranhaotv\/"},"magazine_blocks_comment":0,"magazine_blocks_author_image":"https:\/\/secure.gravatar.com\/avatar\/8fadbca458d4cb68b1dd399ae9a40618d747bb1af65ac9fad21c89220a143eb4?s=96&d=mm&r=g","magazine_blocks_category":"<a href=\"#\" class=\"category-link category-link-2\">not\u00edcias<\/a> <a href=\"#\" class=\"category-link category-link-6\">pol\u00edtica<\/a>","yoast_head":"<!-- This site is optimized with the Yoast SEO plugin v27.4 - https:\/\/yoast.com\/product\/yoast-seo-wordpress\/ -->\n<title>Urgente: TCE decide investigar gastos de Fernando Muniz na C\u00e2mara de Pa\u00e7o do Lumiar - NOT\u00cdCIAS EM TEMPO REAL<\/title>\n<meta name=\"robots\" content=\"index, follow, max-snippet:-1, max-image-preview:large, max-video-preview:-1\" \/>\n<link rel=\"canonical\" href=\"https:\/\/maranhaotv.com.br\/index.php\/2020\/02\/12\/urgente-tce-decide-investigar-gastos-de-fernando-muniz-na-camara-de-paco-do-lumiar\/\" \/>\n<meta property=\"og:locale\" content=\"pt_BR\" \/>\n<meta property=\"og:type\" content=\"article\" \/>\n<meta property=\"og:title\" content=\"Urgente: TCE decide investigar gastos de Fernando Muniz na C\u00e2mara de Pa\u00e7o do Lumiar - NOT\u00cdCIAS EM TEMPO REAL\" \/>\n<meta property=\"og:description\" content=\"A C\u00e2mara Municipal de Pa\u00e7o do Lumiar ser\u00e1 alvo de auditoria para investiga\u00e7\u00e3o do surpreendente aumento de gasto com pessoal\" \/>\n<meta property=\"og:url\" content=\"https:\/\/maranhaotv.com.br\/index.php\/2020\/02\/12\/urgente-tce-decide-investigar-gastos-de-fernando-muniz-na-camara-de-paco-do-lumiar\/\" \/>\n<meta property=\"og:site_name\" content=\"NOT\u00cdCIAS EM TEMPO REAL\" \/>\n<meta property=\"article:publisher\" content=\"https:\/\/www.facebook.com\/maiobaotv\" \/>\n<meta property=\"article:published_time\" content=\"2020-02-12T18:54:46+00:00\" \/>\n<meta name=\"author\" content=\"maranhaotv\" \/>\n<meta name=\"twitter:card\" content=\"summary_large_image\" \/>\n<meta name=\"twitter:creator\" content=\"@sitemaranhaotv\" \/>\n<meta name=\"twitter:site\" content=\"@sitemaranhaotv\" \/>\n<meta name=\"twitter:label1\" content=\"Escrito por\" \/>\n\t<meta name=\"twitter:data1\" content=\"maranhaotv\" \/>\n\t<meta name=\"twitter:label2\" content=\"Est. tempo de leitura\" \/>\n\t<meta name=\"twitter:data2\" content=\"2 minutos\" \/>\n<script type=\"application\/ld+json\" class=\"yoast-schema-graph\">{\"@context\":\"https:\\\/\\\/schema.org\",\"@graph\":[{\"@type\":\"Article\",\"@id\":\"https:\\\/\\\/maranhaotv.com.br\\\/index.php\\\/2020\\\/02\\\/12\\\/urgente-tce-decide-investigar-gastos-de-fernando-muniz-na-camara-de-paco-do-lumiar\\\/#article\",\"isPartOf\":{\"@id\":\"https:\\\/\\\/maranhaotv.com.br\\\/index.php\\\/2020\\\/02\\\/12\\\/urgente-tce-decide-investigar-gastos-de-fernando-muniz-na-camara-de-paco-do-lumiar\\\/\"},\"author\":{\"name\":\"maranhaotv\",\"@id\":\"https:\\\/\\\/maranhaotv.com.br\\\/#\\\/schema\\\/person\\\/3d54238e86b20bb5c89ab2fdb8f8829a\"},\"headline\":\"Urgente: TCE decide investigar gastos de Fernando Muniz na C\u00e2mara de Pa\u00e7o do Lumiar\",\"datePublished\":\"2020-02-12T18:54:46+00:00\",\"mainEntityOfPage\":{\"@id\":\"https:\\\/\\\/maranhaotv.com.br\\\/index.php\\\/2020\\\/02\\\/12\\\/urgente-tce-decide-investigar-gastos-de-fernando-muniz-na-camara-de-paco-do-lumiar\\\/\"},\"wordCount\":401,\"publisher\":{\"@id\":\"https:\\\/\\\/maranhaotv.com.br\\\/#organization\"},\"image\":{\"@id\":\"https:\\\/\\\/maranhaotv.com.br\\\/index.php\\\/2020\\\/02\\\/12\\\/urgente-tce-decide-investigar-gastos-de-fernando-muniz-na-camara-de-paco-do-lumiar\\\/#primaryimage\"},\"thumbnailUrl\":\"\",\"keywords\":[\"C\u00e2mara de Vereadores de Pa\u00e7o do Lumiar\",\"Fernando Muniz\"],\"articleSection\":[\"not\u00edcias\",\"pol\u00edtica\"],\"inLanguage\":\"pt-BR\"},{\"@type\":\"WebPage\",\"@id\":\"https:\\\/\\\/maranhaotv.com.br\\\/index.php\\\/2020\\\/02\\\/12\\\/urgente-tce-decide-investigar-gastos-de-fernando-muniz-na-camara-de-paco-do-lumiar\\\/\",\"url\":\"https:\\\/\\\/maranhaotv.com.br\\\/index.php\\\/2020\\\/02\\\/12\\\/urgente-tce-decide-investigar-gastos-de-fernando-muniz-na-camara-de-paco-do-lumiar\\\/\",\"name\":\"Urgente: TCE decide investigar gastos de Fernando Muniz na C\u00e2mara de Pa\u00e7o do Lumiar - NOT\u00cdCIAS EM TEMPO REAL\",\"isPartOf\":{\"@id\":\"https:\\\/\\\/maranhaotv.com.br\\\/#website\"},\"primaryImageOfPage\":{\"@id\":\"https:\\\/\\\/maranhaotv.com.br\\\/index.php\\\/2020\\\/02\\\/12\\\/urgente-tce-decide-investigar-gastos-de-fernando-muniz-na-camara-de-paco-do-lumiar\\\/#primaryimage\"},\"image\":{\"@id\":\"https:\\\/\\\/maranhaotv.com.br\\\/index.php\\\/2020\\\/02\\\/12\\\/urgente-tce-decide-investigar-gastos-de-fernando-muniz-na-camara-de-paco-do-lumiar\\\/#primaryimage\"},\"thumbnailUrl\":\"\",\"datePublished\":\"2020-02-12T18:54:46+00:00\",\"breadcrumb\":{\"@id\":\"https:\\\/\\\/maranhaotv.com.br\\\/index.php\\\/2020\\\/02\\\/12\\\/urgente-tce-decide-investigar-gastos-de-fernando-muniz-na-camara-de-paco-do-lumiar\\\/#breadcrumb\"},\"inLanguage\":\"pt-BR\",\"potentialAction\":[{\"@type\":\"ReadAction\",\"target\":[\"https:\\\/\\\/maranhaotv.com.br\\\/index.php\\\/2020\\\/02\\\/12\\\/urgente-tce-decide-investigar-gastos-de-fernando-muniz-na-camara-de-paco-do-lumiar\\\/\"]}]},{\"@type\":\"ImageObject\",\"inLanguage\":\"pt-BR\",\"@id\":\"https:\\\/\\\/maranhaotv.com.br\\\/index.php\\\/2020\\\/02\\\/12\\\/urgente-tce-decide-investigar-gastos-de-fernando-muniz-na-camara-de-paco-do-lumiar\\\/#primaryimage\",\"url\":\"\",\"contentUrl\":\"\"},{\"@type\":\"BreadcrumbList\",\"@id\":\"https:\\\/\\\/maranhaotv.com.br\\\/index.php\\\/2020\\\/02\\\/12\\\/urgente-tce-decide-investigar-gastos-de-fernando-muniz-na-camara-de-paco-do-lumiar\\\/#breadcrumb\",\"itemListElement\":[{\"@type\":\"ListItem\",\"position\":1,\"name\":\"In\u00edcio\",\"item\":\"https:\\\/\\\/maranhaotv.com.br\\\/\"},{\"@type\":\"ListItem\",\"position\":2,\"name\":\"Urgente: TCE decide investigar gastos de Fernando Muniz na C\u00e2mara de Pa\u00e7o do Lumiar\"}]},{\"@type\":\"WebSite\",\"@id\":\"https:\\\/\\\/maranhaotv.com.br\\\/#website\",\"url\":\"https:\\\/\\\/maranhaotv.com.br\\\/\",\"name\":\"Maranh\u00e3oTV\",\"description\":\"\",\"publisher\":{\"@id\":\"https:\\\/\\\/maranhaotv.com.br\\\/#organization\"},\"potentialAction\":[{\"@type\":\"SearchAction\",\"target\":{\"@type\":\"EntryPoint\",\"urlTemplate\":\"https:\\\/\\\/maranhaotv.com.br\\\/?s={search_term_string}\"},\"query-input\":{\"@type\":\"PropertyValueSpecification\",\"valueRequired\":true,\"valueName\":\"search_term_string\"}}],\"inLanguage\":\"pt-BR\"},{\"@type\":\"Organization\",\"@id\":\"https:\\\/\\\/maranhaotv.com.br\\\/#organization\",\"name\":\"Portal de Not\u00edcias\",\"url\":\"https:\\\/\\\/maranhaotv.com.br\\\/\",\"logo\":{\"@type\":\"ImageObject\",\"inLanguage\":\"pt-BR\",\"@id\":\"https:\\\/\\\/maranhaotv.com.br\\\/#\\\/schema\\\/logo\\\/image\\\/\",\"url\":\"https:\\\/\\\/maranhaotv.com.br\\\/wp-content\\\/uploads\\\/2024\\\/05\\\/cropped-cropped-avatar-1.png\",\"contentUrl\":\"https:\\\/\\\/maranhaotv.com.br\\\/wp-content\\\/uploads\\\/2024\\\/05\\\/cropped-cropped-avatar-1.png\",\"width\":792,\"height\":428,\"caption\":\"Portal de Not\u00edcias\"},\"image\":{\"@id\":\"https:\\\/\\\/maranhaotv.com.br\\\/#\\\/schema\\\/logo\\\/image\\\/\"},\"sameAs\":[\"https:\\\/\\\/www.facebook.com\\\/maiobaotv\",\"https:\\\/\\\/x.com\\\/sitemaranhaotv\",\"https:\\\/\\\/www.instagram.com\\\/maranhao.tv\",\"https:\\\/\\\/www.threads.net\\\/@maranhao.tv\"]},{\"@type\":\"Person\",\"@id\":\"https:\\\/\\\/maranhaotv.com.br\\\/#\\\/schema\\\/person\\\/3d54238e86b20bb5c89ab2fdb8f8829a\",\"name\":\"maranhaotv\",\"image\":{\"@type\":\"ImageObject\",\"inLanguage\":\"pt-BR\",\"@id\":\"https:\\\/\\\/secure.gravatar.com\\\/avatar\\\/8fadbca458d4cb68b1dd399ae9a40618d747bb1af65ac9fad21c89220a143eb4?s=96&d=mm&r=g\",\"url\":\"https:\\\/\\\/secure.gravatar.com\\\/avatar\\\/8fadbca458d4cb68b1dd399ae9a40618d747bb1af65ac9fad21c89220a143eb4?s=96&d=mm&r=g\",\"contentUrl\":\"https:\\\/\\\/secure.gravatar.com\\\/avatar\\\/8fadbca458d4cb68b1dd399ae9a40618d747bb1af65ac9fad21c89220a143eb4?s=96&d=mm&r=g\",\"caption\":\"maranhaotv\"},\"sameAs\":[\"https:\\\/\\\/maranhaotv.com.br\\\/\"],\"url\":\"https:\\\/\\\/maranhaotv.com.br\\\/index.php\\\/author\\\/maranhaotv\\\/\"}]}<\/script>\n<!-- \/ Yoast SEO plugin. -->","yoast_head_json":{"title":"Urgente: TCE decide investigar gastos de Fernando Muniz na C\u00e2mara de Pa\u00e7o do Lumiar - NOT\u00cdCIAS EM TEMPO REAL","robots":{"index":"index","follow":"follow","max-snippet":"max-snippet:-1","max-image-preview":"max-image-preview:large","max-video-preview":"max-video-preview:-1"},"canonical":"https:\/\/maranhaotv.com.br\/index.php\/2020\/02\/12\/urgente-tce-decide-investigar-gastos-de-fernando-muniz-na-camara-de-paco-do-lumiar\/","og_locale":"pt_BR","og_type":"article","og_title":"Urgente: TCE decide investigar gastos de Fernando Muniz na C\u00e2mara de Pa\u00e7o do Lumiar - NOT\u00cdCIAS EM TEMPO REAL","og_description":"A C\u00e2mara Municipal de Pa\u00e7o do Lumiar ser\u00e1 alvo de auditoria para investiga\u00e7\u00e3o do surpreendente aumento de gasto com pessoal","og_url":"https:\/\/maranhaotv.com.br\/index.php\/2020\/02\/12\/urgente-tce-decide-investigar-gastos-de-fernando-muniz-na-camara-de-paco-do-lumiar\/","og_site_name":"NOT\u00cdCIAS EM TEMPO REAL","article_publisher":"https:\/\/www.facebook.com\/maiobaotv","article_published_time":"2020-02-12T18:54:46+00:00","author":"maranhaotv","twitter_card":"summary_large_image","twitter_creator":"@sitemaranhaotv","twitter_site":"@sitemaranhaotv","twitter_misc":{"Escrito por":"maranhaotv","Est. tempo de leitura":"2 minutos"},"schema":{"@context":"https:\/\/schema.org","@graph":[{"@type":"Article","@id":"https:\/\/maranhaotv.com.br\/index.php\/2020\/02\/12\/urgente-tce-decide-investigar-gastos-de-fernando-muniz-na-camara-de-paco-do-lumiar\/#article","isPartOf":{"@id":"https:\/\/maranhaotv.com.br\/index.php\/2020\/02\/12\/urgente-tce-decide-investigar-gastos-de-fernando-muniz-na-camara-de-paco-do-lumiar\/"},"author":{"name":"maranhaotv","@id":"https:\/\/maranhaotv.com.br\/#\/schema\/person\/3d54238e86b20bb5c89ab2fdb8f8829a"},"headline":"Urgente: TCE decide investigar gastos de Fernando Muniz na C\u00e2mara de Pa\u00e7o do Lumiar","datePublished":"2020-02-12T18:54:46+00:00","mainEntityOfPage":{"@id":"https:\/\/maranhaotv.com.br\/index.php\/2020\/02\/12\/urgente-tce-decide-investigar-gastos-de-fernando-muniz-na-camara-de-paco-do-lumiar\/"},"wordCount":401,"publisher":{"@id":"https:\/\/maranhaotv.com.br\/#organization"},"image":{"@id":"https:\/\/maranhaotv.com.br\/index.php\/2020\/02\/12\/urgente-tce-decide-investigar-gastos-de-fernando-muniz-na-camara-de-paco-do-lumiar\/#primaryimage"},"thumbnailUrl":"","keywords":["C\u00e2mara de Vereadores de Pa\u00e7o do Lumiar","Fernando Muniz"],"articleSection":["not\u00edcias","pol\u00edtica"],"inLanguage":"pt-BR"},{"@type":"WebPage","@id":"https:\/\/maranhaotv.com.br\/index.php\/2020\/02\/12\/urgente-tce-decide-investigar-gastos-de-fernando-muniz-na-camara-de-paco-do-lumiar\/","url":"https:\/\/maranhaotv.com.br\/index.php\/2020\/02\/12\/urgente-tce-decide-investigar-gastos-de-fernando-muniz-na-camara-de-paco-do-lumiar\/","name":"Urgente: TCE decide investigar gastos de Fernando Muniz na C\u00e2mara de Pa\u00e7o do Lumiar - NOT\u00cdCIAS EM TEMPO REAL","isPartOf":{"@id":"https:\/\/maranhaotv.com.br\/#website"},"primaryImageOfPage":{"@id":"https:\/\/maranhaotv.com.br\/index.php\/2020\/02\/12\/urgente-tce-decide-investigar-gastos-de-fernando-muniz-na-camara-de-paco-do-lumiar\/#primaryimage"},"image":{"@id":"https:\/\/maranhaotv.com.br\/index.php\/2020\/02\/12\/urgente-tce-decide-investigar-gastos-de-fernando-muniz-na-camara-de-paco-do-lumiar\/#primaryimage"},"thumbnailUrl":"","datePublished":"2020-02-12T18:54:46+00:00","breadcrumb":{"@id":"https:\/\/maranhaotv.com.br\/index.php\/2020\/02\/12\/urgente-tce-decide-investigar-gastos-de-fernando-muniz-na-camara-de-paco-do-lumiar\/#breadcrumb"},"inLanguage":"pt-BR","potentialAction":[{"@type":"ReadAction","target":["https:\/\/maranhaotv.com.br\/index.php\/2020\/02\/12\/urgente-tce-decide-investigar-gastos-de-fernando-muniz-na-camara-de-paco-do-lumiar\/"]}]},{"@type":"ImageObject","inLanguage":"pt-BR","@id":"https:\/\/maranhaotv.com.br\/index.php\/2020\/02\/12\/urgente-tce-decide-investigar-gastos-de-fernando-muniz-na-camara-de-paco-do-lumiar\/#primaryimage","url":"","contentUrl":""},{"@type":"BreadcrumbList","@id":"https:\/\/maranhaotv.com.br\/index.php\/2020\/02\/12\/urgente-tce-decide-investigar-gastos-de-fernando-muniz-na-camara-de-paco-do-lumiar\/#breadcrumb","itemListElement":[{"@type":"ListItem","position":1,"name":"In\u00edcio","item":"https:\/\/maranhaotv.com.br\/"},{"@type":"ListItem","position":2,"name":"Urgente: TCE decide investigar gastos de Fernando Muniz na C\u00e2mara de Pa\u00e7o do Lumiar"}]},{"@type":"WebSite","@id":"https:\/\/maranhaotv.com.br\/#website","url":"https:\/\/maranhaotv.com.br\/","name":"Maranh\u00e3oTV","description":"","publisher":{"@id":"https:\/\/maranhaotv.com.br\/#organization"},"potentialAction":[{"@type":"SearchAction","target":{"@type":"EntryPoint","urlTemplate":"https:\/\/maranhaotv.com.br\/?s={search_term_string}"},"query-input":{"@type":"PropertyValueSpecification","valueRequired":true,"valueName":"search_term_string"}}],"inLanguage":"pt-BR"},{"@type":"Organization","@id":"https:\/\/maranhaotv.com.br\/#organization","name":"Portal de Not\u00edcias","url":"https:\/\/maranhaotv.com.br\/","logo":{"@type":"ImageObject","inLanguage":"pt-BR","@id":"https:\/\/maranhaotv.com.br\/#\/schema\/logo\/image\/","url":"https:\/\/maranhaotv.com.br\/wp-content\/uploads\/2024\/05\/cropped-cropped-avatar-1.png","contentUrl":"https:\/\/maranhaotv.com.br\/wp-content\/uploads\/2024\/05\/cropped-cropped-avatar-1.png","width":792,"height":428,"caption":"Portal de Not\u00edcias"},"image":{"@id":"https:\/\/maranhaotv.com.br\/#\/schema\/logo\/image\/"},"sameAs":["https:\/\/www.facebook.com\/maiobaotv","https:\/\/x.com\/sitemaranhaotv","https:\/\/www.instagram.com\/maranhao.tv","https:\/\/www.threads.net\/@maranhao.tv"]},{"@type":"Person","@id":"https:\/\/maranhaotv.com.br\/#\/schema\/person\/3d54238e86b20bb5c89ab2fdb8f8829a","name":"maranhaotv","image":{"@type":"ImageObject","inLanguage":"pt-BR","@id":"https:\/\/secure.gravatar.com\/avatar\/8fadbca458d4cb68b1dd399ae9a40618d747bb1af65ac9fad21c89220a143eb4?s=96&d=mm&r=g","url":"https:\/\/secure.gravatar.com\/avatar\/8fadbca458d4cb68b1dd399ae9a40618d747bb1af65ac9fad21c89220a143eb4?s=96&d=mm&r=g","contentUrl":"https:\/\/secure.gravatar.com\/avatar\/8fadbca458d4cb68b1dd399ae9a40618d747bb1af65ac9fad21c89220a143eb4?s=96&d=mm&r=g","caption":"maranhaotv"},"sameAs":["https:\/\/maranhaotv.com.br\/"],"url":"https:\/\/maranhaotv.com.br\/index.php\/author\/maranhaotv\/"}]}},"jetpack_featured_media_url":"","jetpack_sharing_enabled":true,"_links":{"self":[{"href":"https:\/\/maranhaotv.com.br\/index.php\/wp-json\/wp\/v2\/posts\/9520","targetHints":{"allow":["GET"]}}],"collection":[{"href":"https:\/\/maranhaotv.com.br\/index.php\/wp-json\/wp\/v2\/posts"}],"about":[{"href":"https:\/\/maranhaotv.com.br\/index.php\/wp-json\/wp\/v2\/types\/post"}],"author":[{"embeddable":true,"href":"https:\/\/maranhaotv.com.br\/index.php\/wp-json\/wp\/v2\/users\/2"}],"replies":[{"embeddable":true,"href":"https:\/\/maranhaotv.com.br\/index.php\/wp-json\/wp\/v2\/comments?post=9520"}],"version-history":[{"count":0,"href":"https:\/\/maranhaotv.com.br\/index.php\/wp-json\/wp\/v2\/posts\/9520\/revisions"}],"wp:featuredmedia":[{"embeddable":true,"href":"https:\/\/maranhaotv.com.br\/index.php\/wp-json\/"}],"wp:attachment":[{"href":"https:\/\/maranhaotv.com.br\/index.php\/wp-json\/wp\/v2\/media?parent=9520"}],"wp:term":[{"taxonomy":"category","embeddable":true,"href":"https:\/\/maranhaotv.com.br\/index.php\/wp-json\/wp\/v2\/categories?post=9520"},{"taxonomy":"post_tag","embeddable":true,"href":"https:\/\/maranhaotv.com.br\/index.php\/wp-json\/wp\/v2\/tags?post=9520"}],"curies":[{"name":"wp","href":"https:\/\/api.w.org\/{rel}","templated":true}]}}