{"id":9576,"date":"2020-02-14T15:19:23","date_gmt":"2020-02-14T18:19:23","guid":{"rendered":"https:\/\/maiobaotv.com.br\/?p=9576"},"modified":"2020-02-14T15:19:23","modified_gmt":"2020-02-14T18:19:23","slug":"paco-do-lumiar-prefeitura-e-governo-do-estado-anunciam-que-upa-do-maiobao-vai-estar-funcionando-em-60-dias","status":"publish","type":"post","link":"https:\/\/maranhaotv.com.br\/index.php\/2020\/02\/14\/paco-do-lumiar-prefeitura-e-governo-do-estado-anunciam-que-upa-do-maiobao-vai-estar-funcionando-em-60-dias\/","title":{"rendered":"Pa\u00e7o do Lumiar: Prefeitura e Governo do Estado anunciam que UPA do Maiob\u00e3o vai estar funcionando em 60 dias."},"content":{"rendered":"<p>O an\u00fancio foi feito nesta sexta-feira (14), durante visita t\u00e9cnica na unidade. A Prefeitura em exerc\u00edcio, Paula Azevedo (SD), percorreu as instala\u00e7\u00f5es da UPA ao lado do Secret\u00e1rio de Sa\u00fade do Estado, Carlos Lula. Vereadores de Pa\u00e7o do Lumiar, secret\u00e1rios municipais, representantes do Governo do Estado e a comunidade tamb\u00e9m acompanharam a visita. A Unidade de Pronto Atendimento &#8211; UPA de Pa\u00e7o do Lumiar, vai estar pronta para atender a popula\u00e7\u00e3o em 60 dias.<\/p>\n<p>A UPA localizada na Avenida 8, bairro Maiob\u00e3o, tem 4.600 m\u00b2 de \u00e1rea, sendo 1.315 m\u00b2 de \u00e1rea constru\u00edda e cerca de 2.600 m\u00b2 de espa\u00e7o de grama e bloquetes para estacionamento. A estrutura da UPA do Maiob\u00e3o \u00e9 compar\u00e1vel aos hospitais de 20 leitos que o Governo do Estado tem constru\u00eddo em cidades do interior.<\/p>\n<p>Al\u00e9m da UPA, o Secret\u00e1rio Carlos Lula anunciou que a Unidade Mista de Pa\u00e7o do Lumiar tamb\u00e9m vai estar pronta para atender toda a popula\u00e7\u00e3o at\u00e9 o final do ano.<\/p>\n<p><img loading=\"lazy\" decoding=\"async\" src=\"https:\/\/maiobaotv.com.br\/wp-content\/uploads\/2020\/02\/IMG-20200214-WA0106.jpg\" class=\"wp-image-9575 alignnone size-full\" width=\"1280\" height=\"927\"><\/p>\n<p>\u201c\u00c9 um trabalho em conjunto. Vamos fazer uma mudan\u00e7a real na sa\u00fade do munic\u00edpio. Al\u00e9m da UPA, a gente assume tamb\u00e9m o compromisso de terminar a reforma da Unidade Mista inteira. Ent\u00e3o vamos ter aqui duas unidades. Aqui na UPA vamos oferecer v\u00e1rios exames de imagem como raio-x e tomografia, entre outros atendimentos. Em 60 dias estaremos aqui novamente para inaugurarmos essa UPA, beneficiando todo o povo de Pa\u00e7o do Lumiar\u201d, pontuou o secret\u00e1rio Carlos Lula.<\/p>\n<p>A Prefeita Paula Azevedo comemorou o novo momento da sa\u00fade em Pa\u00e7o do Lumiar.<\/p>\n<p>\u201cEu s\u00f3 tenho a agradecer o Governador Flavio Dino, o Secret\u00e1rio Carlos Lula, todos que comp\u00f5em o Governo do Estado e a C\u00e2mara Municipal de Pa\u00e7o do Lumiar. Quero aqui reafirmar nossa parceria e dizer que estamos juntos, buscando o bem comum do povo do nosso munic\u00edpio. Tenho certeza que com a ajuda do Governador Flavio Dino a nossa cidade s\u00f3 tem a desenvolver\u201d, finalizou Paula.<\/p>\n<p><img loading=\"lazy\" decoding=\"async\" src=\"https:\/\/maiobaotv.com.br\/wp-content\/uploads\/2020\/02\/IMG-20200214-WA0105.jpg\" class=\"wp-image-9577 alignnone size-full\" width=\"1280\" height=\"853\"><\/p>\n<p><img loading=\"lazy\" decoding=\"async\" src=\"https:\/\/maiobaotv.com.br\/wp-content\/uploads\/2020\/02\/IMG-20200214-WA0108.jpg\" class=\"wp-image-9578 alignnone size-full\" width=\"1280\" height=\"853\"><\/p>\n<p>Fotos: Julyane Galv\u00e3o<\/p>\n","protected":false},"excerpt":{"rendered":"<p>O an\u00fancio foi feito nesta sexta-feira (14), durante visita t\u00e9cnica na unidade. A Prefeitura em exerc\u00edcio, Paula Azevedo (SD), percorreu<\/p>\n","protected":false},"author":2,"featured_media":9579,"comment_status":"closed","ping_status":"closed","sticky":false,"template":"","format":"standard","meta":{"colormag_page_container_layout":"default_layout","colormag_page_sidebar_layout":"default_layout","_jetpack_memberships_contains_paid_content":false,"footnotes":""},"categories":[6],"tags":[],"class_list":["post-9576","post","type-post","status-publish","format-standard","has-post-thumbnail","hentry","category-politica"],"magazineBlocksPostFeaturedMedia":{"thumbnail":false,"medium":false,"medium_large":false,"large":false,"1536x1536":false,"2048x2048":false,"colormag-highlighted-post":false,"colormag-featured-post-medium":false,"colormag-featured-post-small":false,"colormag-featured-image":false,"colormag-default-news":false,"colormag-featured-image-large":false},"magazineBlocksPostAuthor":{"name":"maranhaotv","avatar":"https:\/\/secure.gravatar.com\/avatar\/8fadbca458d4cb68b1dd399ae9a40618d747bb1af65ac9fad21c89220a143eb4?s=96&d=mm&r=g"},"magazineBlocksPostCommentsNumber":false,"magazineBlocksPostExcerpt":"O an\u00fancio foi feito nesta sexta-feira (14), durante visita t\u00e9cnica na unidade. A Prefeitura em exerc\u00edcio, Paula Azevedo (SD), percorreu","magazineBlocksPostCategories":["pol\u00edtica"],"magazineBlocksPostViewCount":197,"magazineBlocksPostReadTime":2,"magazine_blocks_featured_image_url":{"full":false,"medium":false,"thumbnail":false},"magazine_blocks_author":{"display_name":"maranhaotv","author_link":"https:\/\/maranhaotv.com.br\/index.php\/author\/maranhaotv\/"},"magazine_blocks_comment":0,"magazine_blocks_author_image":"https:\/\/secure.gravatar.com\/avatar\/8fadbca458d4cb68b1dd399ae9a40618d747bb1af65ac9fad21c89220a143eb4?s=96&d=mm&r=g","magazine_blocks_category":"<a href=\"#\" class=\"category-link category-link-6\">pol\u00edtica<\/a>","yoast_head":"<!-- This site is optimized with the Yoast SEO plugin v27.4 - https:\/\/yoast.com\/product\/yoast-seo-wordpress\/ -->\n<title>Pa\u00e7o do Lumiar: Prefeitura e Governo do Estado anunciam que UPA do Maiob\u00e3o vai estar funcionando em 60 dias. - NOT\u00cdCIAS EM TEMPO REAL<\/title>\n<meta name=\"robots\" content=\"index, follow, max-snippet:-1, max-image-preview:large, max-video-preview:-1\" \/>\n<link rel=\"canonical\" href=\"https:\/\/maranhaotv.com.br\/index.php\/2020\/02\/14\/paco-do-lumiar-prefeitura-e-governo-do-estado-anunciam-que-upa-do-maiobao-vai-estar-funcionando-em-60-dias\/\" \/>\n<meta property=\"og:locale\" content=\"pt_BR\" \/>\n<meta property=\"og:type\" content=\"article\" \/>\n<meta property=\"og:title\" content=\"Pa\u00e7o do Lumiar: Prefeitura e Governo do Estado anunciam que UPA do Maiob\u00e3o vai estar funcionando em 60 dias. - NOT\u00cdCIAS EM TEMPO REAL\" \/>\n<meta property=\"og:description\" content=\"O an\u00fancio foi feito nesta sexta-feira (14), durante visita t\u00e9cnica na unidade. A Prefeitura em exerc\u00edcio, Paula Azevedo (SD), percorreu\" \/>\n<meta property=\"og:url\" content=\"https:\/\/maranhaotv.com.br\/index.php\/2020\/02\/14\/paco-do-lumiar-prefeitura-e-governo-do-estado-anunciam-que-upa-do-maiobao-vai-estar-funcionando-em-60-dias\/\" \/>\n<meta property=\"og:site_name\" content=\"NOT\u00cdCIAS EM TEMPO REAL\" \/>\n<meta property=\"article:publisher\" content=\"https:\/\/www.facebook.com\/maiobaotv\" \/>\n<meta property=\"article:published_time\" content=\"2020-02-14T18:19:23+00:00\" \/>\n<meta name=\"author\" content=\"maranhaotv\" \/>\n<meta name=\"twitter:card\" content=\"summary_large_image\" \/>\n<meta name=\"twitter:creator\" content=\"@sitemaranhaotv\" \/>\n<meta name=\"twitter:site\" content=\"@sitemaranhaotv\" \/>\n<meta name=\"twitter:label1\" content=\"Escrito por\" \/>\n\t<meta name=\"twitter:data1\" content=\"maranhaotv\" \/>\n\t<meta name=\"twitter:label2\" content=\"Est. tempo de leitura\" \/>\n\t<meta name=\"twitter:data2\" content=\"2 minutos\" \/>\n<script type=\"application\/ld+json\" class=\"yoast-schema-graph\">{\"@context\":\"https:\\\/\\\/schema.org\",\"@graph\":[{\"@type\":\"Article\",\"@id\":\"https:\\\/\\\/maranhaotv.com.br\\\/index.php\\\/2020\\\/02\\\/14\\\/paco-do-lumiar-prefeitura-e-governo-do-estado-anunciam-que-upa-do-maiobao-vai-estar-funcionando-em-60-dias\\\/#article\",\"isPartOf\":{\"@id\":\"https:\\\/\\\/maranhaotv.com.br\\\/index.php\\\/2020\\\/02\\\/14\\\/paco-do-lumiar-prefeitura-e-governo-do-estado-anunciam-que-upa-do-maiobao-vai-estar-funcionando-em-60-dias\\\/\"},\"author\":{\"name\":\"maranhaotv\",\"@id\":\"https:\\\/\\\/maranhaotv.com.br\\\/#\\\/schema\\\/person\\\/3d54238e86b20bb5c89ab2fdb8f8829a\"},\"headline\":\"Pa\u00e7o do Lumiar: Prefeitura e Governo do Estado anunciam que UPA do Maiob\u00e3o vai estar funcionando em 60 dias.\",\"datePublished\":\"2020-02-14T18:19:23+00:00\",\"mainEntityOfPage\":{\"@id\":\"https:\\\/\\\/maranhaotv.com.br\\\/index.php\\\/2020\\\/02\\\/14\\\/paco-do-lumiar-prefeitura-e-governo-do-estado-anunciam-que-upa-do-maiobao-vai-estar-funcionando-em-60-dias\\\/\"},\"wordCount\":368,\"publisher\":{\"@id\":\"https:\\\/\\\/maranhaotv.com.br\\\/#organization\"},\"image\":{\"@id\":\"https:\\\/\\\/maranhaotv.com.br\\\/index.php\\\/2020\\\/02\\\/14\\\/paco-do-lumiar-prefeitura-e-governo-do-estado-anunciam-que-upa-do-maiobao-vai-estar-funcionando-em-60-dias\\\/#primaryimage\"},\"thumbnailUrl\":\"\",\"articleSection\":[\"pol\u00edtica\"],\"inLanguage\":\"pt-BR\"},{\"@type\":\"WebPage\",\"@id\":\"https:\\\/\\\/maranhaotv.com.br\\\/index.php\\\/2020\\\/02\\\/14\\\/paco-do-lumiar-prefeitura-e-governo-do-estado-anunciam-que-upa-do-maiobao-vai-estar-funcionando-em-60-dias\\\/\",\"url\":\"https:\\\/\\\/maranhaotv.com.br\\\/index.php\\\/2020\\\/02\\\/14\\\/paco-do-lumiar-prefeitura-e-governo-do-estado-anunciam-que-upa-do-maiobao-vai-estar-funcionando-em-60-dias\\\/\",\"name\":\"Pa\u00e7o do Lumiar: Prefeitura e Governo do Estado anunciam que UPA do Maiob\u00e3o vai estar funcionando em 60 dias. - NOT\u00cdCIAS EM TEMPO REAL\",\"isPartOf\":{\"@id\":\"https:\\\/\\\/maranhaotv.com.br\\\/#website\"},\"primaryImageOfPage\":{\"@id\":\"https:\\\/\\\/maranhaotv.com.br\\\/index.php\\\/2020\\\/02\\\/14\\\/paco-do-lumiar-prefeitura-e-governo-do-estado-anunciam-que-upa-do-maiobao-vai-estar-funcionando-em-60-dias\\\/#primaryimage\"},\"image\":{\"@id\":\"https:\\\/\\\/maranhaotv.com.br\\\/index.php\\\/2020\\\/02\\\/14\\\/paco-do-lumiar-prefeitura-e-governo-do-estado-anunciam-que-upa-do-maiobao-vai-estar-funcionando-em-60-dias\\\/#primaryimage\"},\"thumbnailUrl\":\"\",\"datePublished\":\"2020-02-14T18:19:23+00:00\",\"breadcrumb\":{\"@id\":\"https:\\\/\\\/maranhaotv.com.br\\\/index.php\\\/2020\\\/02\\\/14\\\/paco-do-lumiar-prefeitura-e-governo-do-estado-anunciam-que-upa-do-maiobao-vai-estar-funcionando-em-60-dias\\\/#breadcrumb\"},\"inLanguage\":\"pt-BR\",\"potentialAction\":[{\"@type\":\"ReadAction\",\"target\":[\"https:\\\/\\\/maranhaotv.com.br\\\/index.php\\\/2020\\\/02\\\/14\\\/paco-do-lumiar-prefeitura-e-governo-do-estado-anunciam-que-upa-do-maiobao-vai-estar-funcionando-em-60-dias\\\/\"]}]},{\"@type\":\"ImageObject\",\"inLanguage\":\"pt-BR\",\"@id\":\"https:\\\/\\\/maranhaotv.com.br\\\/index.php\\\/2020\\\/02\\\/14\\\/paco-do-lumiar-prefeitura-e-governo-do-estado-anunciam-que-upa-do-maiobao-vai-estar-funcionando-em-60-dias\\\/#primaryimage\",\"url\":\"\",\"contentUrl\":\"\"},{\"@type\":\"BreadcrumbList\",\"@id\":\"https:\\\/\\\/maranhaotv.com.br\\\/index.php\\\/2020\\\/02\\\/14\\\/paco-do-lumiar-prefeitura-e-governo-do-estado-anunciam-que-upa-do-maiobao-vai-estar-funcionando-em-60-dias\\\/#breadcrumb\",\"itemListElement\":[{\"@type\":\"ListItem\",\"position\":1,\"name\":\"In\u00edcio\",\"item\":\"https:\\\/\\\/maranhaotv.com.br\\\/\"},{\"@type\":\"ListItem\",\"position\":2,\"name\":\"Pa\u00e7o do Lumiar: Prefeitura e Governo do Estado anunciam que UPA do Maiob\u00e3o vai estar funcionando em 60 dias.\"}]},{\"@type\":\"WebSite\",\"@id\":\"https:\\\/\\\/maranhaotv.com.br\\\/#website\",\"url\":\"https:\\\/\\\/maranhaotv.com.br\\\/\",\"name\":\"Maranh\u00e3oTV\",\"description\":\"\",\"publisher\":{\"@id\":\"https:\\\/\\\/maranhaotv.com.br\\\/#organization\"},\"potentialAction\":[{\"@type\":\"SearchAction\",\"target\":{\"@type\":\"EntryPoint\",\"urlTemplate\":\"https:\\\/\\\/maranhaotv.com.br\\\/?s={search_term_string}\"},\"query-input\":{\"@type\":\"PropertyValueSpecification\",\"valueRequired\":true,\"valueName\":\"search_term_string\"}}],\"inLanguage\":\"pt-BR\"},{\"@type\":\"Organization\",\"@id\":\"https:\\\/\\\/maranhaotv.com.br\\\/#organization\",\"name\":\"Portal de Not\u00edcias\",\"url\":\"https:\\\/\\\/maranhaotv.com.br\\\/\",\"logo\":{\"@type\":\"ImageObject\",\"inLanguage\":\"pt-BR\",\"@id\":\"https:\\\/\\\/maranhaotv.com.br\\\/#\\\/schema\\\/logo\\\/image\\\/\",\"url\":\"https:\\\/\\\/maranhaotv.com.br\\\/wp-content\\\/uploads\\\/2024\\\/05\\\/cropped-cropped-avatar-1.png\",\"contentUrl\":\"https:\\\/\\\/maranhaotv.com.br\\\/wp-content\\\/uploads\\\/2024\\\/05\\\/cropped-cropped-avatar-1.png\",\"width\":792,\"height\":428,\"caption\":\"Portal de Not\u00edcias\"},\"image\":{\"@id\":\"https:\\\/\\\/maranhaotv.com.br\\\/#\\\/schema\\\/logo\\\/image\\\/\"},\"sameAs\":[\"https:\\\/\\\/www.facebook.com\\\/maiobaotv\",\"https:\\\/\\\/x.com\\\/sitemaranhaotv\",\"https:\\\/\\\/www.instagram.com\\\/maranhao.tv\",\"https:\\\/\\\/www.threads.net\\\/@maranhao.tv\"]},{\"@type\":\"Person\",\"@id\":\"https:\\\/\\\/maranhaotv.com.br\\\/#\\\/schema\\\/person\\\/3d54238e86b20bb5c89ab2fdb8f8829a\",\"name\":\"maranhaotv\",\"image\":{\"@type\":\"ImageObject\",\"inLanguage\":\"pt-BR\",\"@id\":\"https:\\\/\\\/secure.gravatar.com\\\/avatar\\\/8fadbca458d4cb68b1dd399ae9a40618d747bb1af65ac9fad21c89220a143eb4?s=96&d=mm&r=g\",\"url\":\"https:\\\/\\\/secure.gravatar.com\\\/avatar\\\/8fadbca458d4cb68b1dd399ae9a40618d747bb1af65ac9fad21c89220a143eb4?s=96&d=mm&r=g\",\"contentUrl\":\"https:\\\/\\\/secure.gravatar.com\\\/avatar\\\/8fadbca458d4cb68b1dd399ae9a40618d747bb1af65ac9fad21c89220a143eb4?s=96&d=mm&r=g\",\"caption\":\"maranhaotv\"},\"sameAs\":[\"https:\\\/\\\/maranhaotv.com.br\\\/\"],\"url\":\"https:\\\/\\\/maranhaotv.com.br\\\/index.php\\\/author\\\/maranhaotv\\\/\"}]}<\/script>\n<!-- \/ Yoast SEO plugin. -->","yoast_head_json":{"title":"Pa\u00e7o do Lumiar: Prefeitura e Governo do Estado anunciam que UPA do Maiob\u00e3o vai estar funcionando em 60 dias. - NOT\u00cdCIAS EM TEMPO REAL","robots":{"index":"index","follow":"follow","max-snippet":"max-snippet:-1","max-image-preview":"max-image-preview:large","max-video-preview":"max-video-preview:-1"},"canonical":"https:\/\/maranhaotv.com.br\/index.php\/2020\/02\/14\/paco-do-lumiar-prefeitura-e-governo-do-estado-anunciam-que-upa-do-maiobao-vai-estar-funcionando-em-60-dias\/","og_locale":"pt_BR","og_type":"article","og_title":"Pa\u00e7o do Lumiar: Prefeitura e Governo do Estado anunciam que UPA do Maiob\u00e3o vai estar funcionando em 60 dias. - NOT\u00cdCIAS EM TEMPO REAL","og_description":"O an\u00fancio foi feito nesta sexta-feira (14), durante visita t\u00e9cnica na unidade. A Prefeitura em exerc\u00edcio, Paula Azevedo (SD), percorreu","og_url":"https:\/\/maranhaotv.com.br\/index.php\/2020\/02\/14\/paco-do-lumiar-prefeitura-e-governo-do-estado-anunciam-que-upa-do-maiobao-vai-estar-funcionando-em-60-dias\/","og_site_name":"NOT\u00cdCIAS EM TEMPO REAL","article_publisher":"https:\/\/www.facebook.com\/maiobaotv","article_published_time":"2020-02-14T18:19:23+00:00","author":"maranhaotv","twitter_card":"summary_large_image","twitter_creator":"@sitemaranhaotv","twitter_site":"@sitemaranhaotv","twitter_misc":{"Escrito por":"maranhaotv","Est. tempo de leitura":"2 minutos"},"schema":{"@context":"https:\/\/schema.org","@graph":[{"@type":"Article","@id":"https:\/\/maranhaotv.com.br\/index.php\/2020\/02\/14\/paco-do-lumiar-prefeitura-e-governo-do-estado-anunciam-que-upa-do-maiobao-vai-estar-funcionando-em-60-dias\/#article","isPartOf":{"@id":"https:\/\/maranhaotv.com.br\/index.php\/2020\/02\/14\/paco-do-lumiar-prefeitura-e-governo-do-estado-anunciam-que-upa-do-maiobao-vai-estar-funcionando-em-60-dias\/"},"author":{"name":"maranhaotv","@id":"https:\/\/maranhaotv.com.br\/#\/schema\/person\/3d54238e86b20bb5c89ab2fdb8f8829a"},"headline":"Pa\u00e7o do Lumiar: Prefeitura e Governo do Estado anunciam que UPA do Maiob\u00e3o vai estar funcionando em 60 dias.","datePublished":"2020-02-14T18:19:23+00:00","mainEntityOfPage":{"@id":"https:\/\/maranhaotv.com.br\/index.php\/2020\/02\/14\/paco-do-lumiar-prefeitura-e-governo-do-estado-anunciam-que-upa-do-maiobao-vai-estar-funcionando-em-60-dias\/"},"wordCount":368,"publisher":{"@id":"https:\/\/maranhaotv.com.br\/#organization"},"image":{"@id":"https:\/\/maranhaotv.com.br\/index.php\/2020\/02\/14\/paco-do-lumiar-prefeitura-e-governo-do-estado-anunciam-que-upa-do-maiobao-vai-estar-funcionando-em-60-dias\/#primaryimage"},"thumbnailUrl":"","articleSection":["pol\u00edtica"],"inLanguage":"pt-BR"},{"@type":"WebPage","@id":"https:\/\/maranhaotv.com.br\/index.php\/2020\/02\/14\/paco-do-lumiar-prefeitura-e-governo-do-estado-anunciam-que-upa-do-maiobao-vai-estar-funcionando-em-60-dias\/","url":"https:\/\/maranhaotv.com.br\/index.php\/2020\/02\/14\/paco-do-lumiar-prefeitura-e-governo-do-estado-anunciam-que-upa-do-maiobao-vai-estar-funcionando-em-60-dias\/","name":"Pa\u00e7o do Lumiar: Prefeitura e Governo do Estado anunciam que UPA do Maiob\u00e3o vai estar funcionando em 60 dias. - NOT\u00cdCIAS EM TEMPO REAL","isPartOf":{"@id":"https:\/\/maranhaotv.com.br\/#website"},"primaryImageOfPage":{"@id":"https:\/\/maranhaotv.com.br\/index.php\/2020\/02\/14\/paco-do-lumiar-prefeitura-e-governo-do-estado-anunciam-que-upa-do-maiobao-vai-estar-funcionando-em-60-dias\/#primaryimage"},"image":{"@id":"https:\/\/maranhaotv.com.br\/index.php\/2020\/02\/14\/paco-do-lumiar-prefeitura-e-governo-do-estado-anunciam-que-upa-do-maiobao-vai-estar-funcionando-em-60-dias\/#primaryimage"},"thumbnailUrl":"","datePublished":"2020-02-14T18:19:23+00:00","breadcrumb":{"@id":"https:\/\/maranhaotv.com.br\/index.php\/2020\/02\/14\/paco-do-lumiar-prefeitura-e-governo-do-estado-anunciam-que-upa-do-maiobao-vai-estar-funcionando-em-60-dias\/#breadcrumb"},"inLanguage":"pt-BR","potentialAction":[{"@type":"ReadAction","target":["https:\/\/maranhaotv.com.br\/index.php\/2020\/02\/14\/paco-do-lumiar-prefeitura-e-governo-do-estado-anunciam-que-upa-do-maiobao-vai-estar-funcionando-em-60-dias\/"]}]},{"@type":"ImageObject","inLanguage":"pt-BR","@id":"https:\/\/maranhaotv.com.br\/index.php\/2020\/02\/14\/paco-do-lumiar-prefeitura-e-governo-do-estado-anunciam-que-upa-do-maiobao-vai-estar-funcionando-em-60-dias\/#primaryimage","url":"","contentUrl":""},{"@type":"BreadcrumbList","@id":"https:\/\/maranhaotv.com.br\/index.php\/2020\/02\/14\/paco-do-lumiar-prefeitura-e-governo-do-estado-anunciam-que-upa-do-maiobao-vai-estar-funcionando-em-60-dias\/#breadcrumb","itemListElement":[{"@type":"ListItem","position":1,"name":"In\u00edcio","item":"https:\/\/maranhaotv.com.br\/"},{"@type":"ListItem","position":2,"name":"Pa\u00e7o do Lumiar: Prefeitura e Governo do Estado anunciam que UPA do Maiob\u00e3o vai estar funcionando em 60 dias."}]},{"@type":"WebSite","@id":"https:\/\/maranhaotv.com.br\/#website","url":"https:\/\/maranhaotv.com.br\/","name":"Maranh\u00e3oTV","description":"","publisher":{"@id":"https:\/\/maranhaotv.com.br\/#organization"},"potentialAction":[{"@type":"SearchAction","target":{"@type":"EntryPoint","urlTemplate":"https:\/\/maranhaotv.com.br\/?s={search_term_string}"},"query-input":{"@type":"PropertyValueSpecification","valueRequired":true,"valueName":"search_term_string"}}],"inLanguage":"pt-BR"},{"@type":"Organization","@id":"https:\/\/maranhaotv.com.br\/#organization","name":"Portal de Not\u00edcias","url":"https:\/\/maranhaotv.com.br\/","logo":{"@type":"ImageObject","inLanguage":"pt-BR","@id":"https:\/\/maranhaotv.com.br\/#\/schema\/logo\/image\/","url":"https:\/\/maranhaotv.com.br\/wp-content\/uploads\/2024\/05\/cropped-cropped-avatar-1.png","contentUrl":"https:\/\/maranhaotv.com.br\/wp-content\/uploads\/2024\/05\/cropped-cropped-avatar-1.png","width":792,"height":428,"caption":"Portal de Not\u00edcias"},"image":{"@id":"https:\/\/maranhaotv.com.br\/#\/schema\/logo\/image\/"},"sameAs":["https:\/\/www.facebook.com\/maiobaotv","https:\/\/x.com\/sitemaranhaotv","https:\/\/www.instagram.com\/maranhao.tv","https:\/\/www.threads.net\/@maranhao.tv"]},{"@type":"Person","@id":"https:\/\/maranhaotv.com.br\/#\/schema\/person\/3d54238e86b20bb5c89ab2fdb8f8829a","name":"maranhaotv","image":{"@type":"ImageObject","inLanguage":"pt-BR","@id":"https:\/\/secure.gravatar.com\/avatar\/8fadbca458d4cb68b1dd399ae9a40618d747bb1af65ac9fad21c89220a143eb4?s=96&d=mm&r=g","url":"https:\/\/secure.gravatar.com\/avatar\/8fadbca458d4cb68b1dd399ae9a40618d747bb1af65ac9fad21c89220a143eb4?s=96&d=mm&r=g","contentUrl":"https:\/\/secure.gravatar.com\/avatar\/8fadbca458d4cb68b1dd399ae9a40618d747bb1af65ac9fad21c89220a143eb4?s=96&d=mm&r=g","caption":"maranhaotv"},"sameAs":["https:\/\/maranhaotv.com.br\/"],"url":"https:\/\/maranhaotv.com.br\/index.php\/author\/maranhaotv\/"}]}},"jetpack_featured_media_url":"","jetpack_sharing_enabled":true,"_links":{"self":[{"href":"https:\/\/maranhaotv.com.br\/index.php\/wp-json\/wp\/v2\/posts\/9576","targetHints":{"allow":["GET"]}}],"collection":[{"href":"https:\/\/maranhaotv.com.br\/index.php\/wp-json\/wp\/v2\/posts"}],"about":[{"href":"https:\/\/maranhaotv.com.br\/index.php\/wp-json\/wp\/v2\/types\/post"}],"author":[{"embeddable":true,"href":"https:\/\/maranhaotv.com.br\/index.php\/wp-json\/wp\/v2\/users\/2"}],"replies":[{"embeddable":true,"href":"https:\/\/maranhaotv.com.br\/index.php\/wp-json\/wp\/v2\/comments?post=9576"}],"version-history":[{"count":0,"href":"https:\/\/maranhaotv.com.br\/index.php\/wp-json\/wp\/v2\/posts\/9576\/revisions"}],"wp:featuredmedia":[{"embeddable":true,"href":"https:\/\/maranhaotv.com.br\/index.php\/wp-json\/"}],"wp:attachment":[{"href":"https:\/\/maranhaotv.com.br\/index.php\/wp-json\/wp\/v2\/media?parent=9576"}],"wp:term":[{"taxonomy":"category","embeddable":true,"href":"https:\/\/maranhaotv.com.br\/index.php\/wp-json\/wp\/v2\/categories?post=9576"},{"taxonomy":"post_tag","embeddable":true,"href":"https:\/\/maranhaotv.com.br\/index.php\/wp-json\/wp\/v2\/tags?post=9576"}],"curies":[{"name":"wp","href":"https:\/\/api.w.org\/{rel}","templated":true}]}}