{"id":9581,"date":"2020-02-14T16:37:17","date_gmt":"2020-02-14T19:37:17","guid":{"rendered":"https:\/\/maiobaotv.com.br\/?p=9581"},"modified":"2020-02-14T16:37:17","modified_gmt":"2020-02-14T19:37:17","slug":"homem-se-revolta-e-toca-fogo-em-proprio-veiculo-em-pinheiro-ma","status":"publish","type":"post","link":"https:\/\/maranhaotv.com.br\/index.php\/2020\/02\/14\/homem-se-revolta-e-toca-fogo-em-proprio-veiculo-em-pinheiro-ma\/","title":{"rendered":"Homem se revolta e toca fogo em pr\u00f3prio ve\u00edculo em Pinheiro-MA"},"content":{"rendered":"<p>Ap\u00f3s ter ve\u00edculo apreendido por fiscaliza\u00e7\u00e3o, propriet\u00e1rio se revolta com a atitude, e p\u00f5e fogo no seu ve\u00edculo. O microonibus fazia transporte de passageiros no translado Pinheiro\/Presidente Sarney.<\/p>\n<p>De acordo com informa\u00e7\u00f5es, existe hoje em Pinheiro uma fiscaliza\u00e7\u00e3o ferrenha entre os propriet\u00e1rios de transporte alternativo de passageiros, onde acarreta cargas altas de impostos, fofa outras exig\u00eancias, motivo pelo qual causou a revolta em Silvino, propriet\u00e1rio do ve\u00edculo.<\/p>\n<p>O transporte coletivo de passageiros na cidade de Pinheiro \u00e9 prec\u00e1ria, sem falar das estradas, e ruas que est\u00e3o intrafeg\u00e1veis, em contrassenso Luciano Gen\u00e9sio (PP), prefeito candidato \u00e0 reelei\u00e7\u00e3o contrata um dos carnavais mais caros do Maranh\u00e3o.<\/p>\n<p><img loading=\"lazy\" decoding=\"async\" class=\"wp-image-9582 alignnone size-full\" src=\"https:\/\/maiobaotv.com.br\/wp-content\/uploads\/2020\/02\/IMG-20200214-WA0242.jpg\" width=\"1080\" height=\"811\"><\/p>\n<div class=\"jetpack-video-wrapper\"><iframe loading=\"lazy\" title=\"Homem ateia fogo em carro\" width=\"800\" height=\"450\" src=\"https:\/\/www.youtube.com\/embed\/8e03435lxJY?feature=oembed\" frameborder=\"0\" allow=\"accelerometer; autoplay; clipboard-write; encrypted-media; gyroscope; picture-in-picture; web-share\" referrerpolicy=\"strict-origin-when-cross-origin\" allowfullscreen><\/iframe><\/div>\n<p><img loading=\"lazy\" decoding=\"async\" class=\"wp-image-9583 alignnone size-full\" src=\"https:\/\/maiobaotv.com.br\/wp-content\/uploads\/2020\/02\/IMG-20200214-WA0243.jpg\" width=\"720\" height=\"641\"><\/p>\n<p style=\"text-align:center;\"><em>Luciano Gen\u00e9sio contrata carnaval a peso de ouro<\/em><\/p>\n<p><em><\/em><\/p>\n","protected":false},"excerpt":{"rendered":"<p>Ap\u00f3s ter ve\u00edculo apreendido por fiscaliza\u00e7\u00e3o, propriet\u00e1rio se revolta com a atitude, e p\u00f5e fogo no seu ve\u00edculo. O microonibus<\/p>\n","protected":false},"author":2,"featured_media":9587,"comment_status":"closed","ping_status":"closed","sticky":false,"template":"","format":"standard","meta":{"colormag_page_container_layout":"default_layout","colormag_page_sidebar_layout":"default_layout","_jetpack_memberships_contains_paid_content":false,"footnotes":""},"categories":[2],"tags":[27,28],"class_list":["post-9581","post","type-post","status-publish","format-standard","has-post-thumbnail","hentry","category-noticias","tag-luciano-genesio","tag-pinheiro"],"magazineBlocksPostFeaturedMedia":{"thumbnail":false,"medium":false,"medium_large":false,"large":false,"1536x1536":false,"2048x2048":false,"colormag-highlighted-post":false,"colormag-featured-post-medium":false,"colormag-featured-post-small":false,"colormag-featured-image":false,"colormag-default-news":false,"colormag-featured-image-large":false},"magazineBlocksPostAuthor":{"name":"maranhaotv","avatar":"https:\/\/secure.gravatar.com\/avatar\/8fadbca458d4cb68b1dd399ae9a40618d747bb1af65ac9fad21c89220a143eb4?s=96&d=mm&r=g"},"magazineBlocksPostCommentsNumber":false,"magazineBlocksPostExcerpt":"Ap\u00f3s ter ve\u00edculo apreendido por fiscaliza\u00e7\u00e3o, propriet\u00e1rio se revolta com a atitude, e p\u00f5e fogo no seu ve\u00edculo. O microonibus","magazineBlocksPostCategories":["not\u00edcias"],"magazineBlocksPostViewCount":293,"magazineBlocksPostReadTime":1,"magazine_blocks_featured_image_url":{"full":false,"medium":false,"thumbnail":false},"magazine_blocks_author":{"display_name":"maranhaotv","author_link":"https:\/\/maranhaotv.com.br\/index.php\/author\/maranhaotv\/"},"magazine_blocks_comment":0,"magazine_blocks_author_image":"https:\/\/secure.gravatar.com\/avatar\/8fadbca458d4cb68b1dd399ae9a40618d747bb1af65ac9fad21c89220a143eb4?s=96&d=mm&r=g","magazine_blocks_category":"<a href=\"#\" class=\"category-link category-link-2\">not\u00edcias<\/a>","yoast_head":"<!-- This site is optimized with the Yoast SEO plugin v27.4 - https:\/\/yoast.com\/product\/yoast-seo-wordpress\/ -->\n<title>Homem se revolta e toca fogo em pr\u00f3prio ve\u00edculo em Pinheiro-MA - NOT\u00cdCIAS EM TEMPO REAL<\/title>\n<meta name=\"robots\" content=\"index, follow, max-snippet:-1, max-image-preview:large, max-video-preview:-1\" \/>\n<link rel=\"canonical\" href=\"https:\/\/maranhaotv.com.br\/index.php\/2020\/02\/14\/homem-se-revolta-e-toca-fogo-em-proprio-veiculo-em-pinheiro-ma\/\" \/>\n<meta property=\"og:locale\" content=\"pt_BR\" \/>\n<meta property=\"og:type\" content=\"article\" \/>\n<meta property=\"og:title\" content=\"Homem se revolta e toca fogo em pr\u00f3prio ve\u00edculo em Pinheiro-MA - NOT\u00cdCIAS EM TEMPO REAL\" \/>\n<meta property=\"og:description\" content=\"Ap\u00f3s ter ve\u00edculo apreendido por fiscaliza\u00e7\u00e3o, propriet\u00e1rio se revolta com a atitude, e p\u00f5e fogo no seu ve\u00edculo. O microonibus\" \/>\n<meta property=\"og:url\" content=\"https:\/\/maranhaotv.com.br\/index.php\/2020\/02\/14\/homem-se-revolta-e-toca-fogo-em-proprio-veiculo-em-pinheiro-ma\/\" \/>\n<meta property=\"og:site_name\" content=\"NOT\u00cdCIAS EM TEMPO REAL\" \/>\n<meta property=\"article:publisher\" content=\"https:\/\/www.facebook.com\/maiobaotv\" \/>\n<meta property=\"article:published_time\" content=\"2020-02-14T19:37:17+00:00\" \/>\n<meta name=\"author\" content=\"maranhaotv\" \/>\n<meta name=\"twitter:card\" content=\"summary_large_image\" \/>\n<meta name=\"twitter:creator\" content=\"@sitemaranhaotv\" \/>\n<meta name=\"twitter:site\" content=\"@sitemaranhaotv\" \/>\n<meta name=\"twitter:label1\" content=\"Escrito por\" \/>\n\t<meta name=\"twitter:data1\" content=\"maranhaotv\" \/>\n\t<meta name=\"twitter:label2\" content=\"Est. tempo de leitura\" \/>\n\t<meta name=\"twitter:data2\" content=\"1 minuto\" \/>\n<script type=\"application\/ld+json\" class=\"yoast-schema-graph\">{\"@context\":\"https:\\\/\\\/schema.org\",\"@graph\":[{\"@type\":\"Article\",\"@id\":\"https:\\\/\\\/maranhaotv.com.br\\\/index.php\\\/2020\\\/02\\\/14\\\/homem-se-revolta-e-toca-fogo-em-proprio-veiculo-em-pinheiro-ma\\\/#article\",\"isPartOf\":{\"@id\":\"https:\\\/\\\/maranhaotv.com.br\\\/index.php\\\/2020\\\/02\\\/14\\\/homem-se-revolta-e-toca-fogo-em-proprio-veiculo-em-pinheiro-ma\\\/\"},\"author\":{\"name\":\"maranhaotv\",\"@id\":\"https:\\\/\\\/maranhaotv.com.br\\\/#\\\/schema\\\/person\\\/3d54238e86b20bb5c89ab2fdb8f8829a\"},\"headline\":\"Homem se revolta e toca fogo em pr\u00f3prio ve\u00edculo em Pinheiro-MA\",\"datePublished\":\"2020-02-14T19:37:17+00:00\",\"mainEntityOfPage\":{\"@id\":\"https:\\\/\\\/maranhaotv.com.br\\\/index.php\\\/2020\\\/02\\\/14\\\/homem-se-revolta-e-toca-fogo-em-proprio-veiculo-em-pinheiro-ma\\\/\"},\"wordCount\":148,\"publisher\":{\"@id\":\"https:\\\/\\\/maranhaotv.com.br\\\/#organization\"},\"image\":{\"@id\":\"https:\\\/\\\/maranhaotv.com.br\\\/index.php\\\/2020\\\/02\\\/14\\\/homem-se-revolta-e-toca-fogo-em-proprio-veiculo-em-pinheiro-ma\\\/#primaryimage\"},\"thumbnailUrl\":\"\",\"keywords\":[\"Luciano Gen\u00e9sio\",\"Pinheiro\"],\"articleSection\":[\"not\u00edcias\"],\"inLanguage\":\"pt-BR\"},{\"@type\":\"WebPage\",\"@id\":\"https:\\\/\\\/maranhaotv.com.br\\\/index.php\\\/2020\\\/02\\\/14\\\/homem-se-revolta-e-toca-fogo-em-proprio-veiculo-em-pinheiro-ma\\\/\",\"url\":\"https:\\\/\\\/maranhaotv.com.br\\\/index.php\\\/2020\\\/02\\\/14\\\/homem-se-revolta-e-toca-fogo-em-proprio-veiculo-em-pinheiro-ma\\\/\",\"name\":\"Homem se revolta e toca fogo em pr\u00f3prio ve\u00edculo em Pinheiro-MA - NOT\u00cdCIAS EM TEMPO REAL\",\"isPartOf\":{\"@id\":\"https:\\\/\\\/maranhaotv.com.br\\\/#website\"},\"primaryImageOfPage\":{\"@id\":\"https:\\\/\\\/maranhaotv.com.br\\\/index.php\\\/2020\\\/02\\\/14\\\/homem-se-revolta-e-toca-fogo-em-proprio-veiculo-em-pinheiro-ma\\\/#primaryimage\"},\"image\":{\"@id\":\"https:\\\/\\\/maranhaotv.com.br\\\/index.php\\\/2020\\\/02\\\/14\\\/homem-se-revolta-e-toca-fogo-em-proprio-veiculo-em-pinheiro-ma\\\/#primaryimage\"},\"thumbnailUrl\":\"\",\"datePublished\":\"2020-02-14T19:37:17+00:00\",\"breadcrumb\":{\"@id\":\"https:\\\/\\\/maranhaotv.com.br\\\/index.php\\\/2020\\\/02\\\/14\\\/homem-se-revolta-e-toca-fogo-em-proprio-veiculo-em-pinheiro-ma\\\/#breadcrumb\"},\"inLanguage\":\"pt-BR\",\"potentialAction\":[{\"@type\":\"ReadAction\",\"target\":[\"https:\\\/\\\/maranhaotv.com.br\\\/index.php\\\/2020\\\/02\\\/14\\\/homem-se-revolta-e-toca-fogo-em-proprio-veiculo-em-pinheiro-ma\\\/\"]}]},{\"@type\":\"ImageObject\",\"inLanguage\":\"pt-BR\",\"@id\":\"https:\\\/\\\/maranhaotv.com.br\\\/index.php\\\/2020\\\/02\\\/14\\\/homem-se-revolta-e-toca-fogo-em-proprio-veiculo-em-pinheiro-ma\\\/#primaryimage\",\"url\":\"\",\"contentUrl\":\"\"},{\"@type\":\"BreadcrumbList\",\"@id\":\"https:\\\/\\\/maranhaotv.com.br\\\/index.php\\\/2020\\\/02\\\/14\\\/homem-se-revolta-e-toca-fogo-em-proprio-veiculo-em-pinheiro-ma\\\/#breadcrumb\",\"itemListElement\":[{\"@type\":\"ListItem\",\"position\":1,\"name\":\"In\u00edcio\",\"item\":\"https:\\\/\\\/maranhaotv.com.br\\\/\"},{\"@type\":\"ListItem\",\"position\":2,\"name\":\"Homem se revolta e toca fogo em pr\u00f3prio ve\u00edculo em Pinheiro-MA\"}]},{\"@type\":\"WebSite\",\"@id\":\"https:\\\/\\\/maranhaotv.com.br\\\/#website\",\"url\":\"https:\\\/\\\/maranhaotv.com.br\\\/\",\"name\":\"Maranh\u00e3oTV\",\"description\":\"\",\"publisher\":{\"@id\":\"https:\\\/\\\/maranhaotv.com.br\\\/#organization\"},\"potentialAction\":[{\"@type\":\"SearchAction\",\"target\":{\"@type\":\"EntryPoint\",\"urlTemplate\":\"https:\\\/\\\/maranhaotv.com.br\\\/?s={search_term_string}\"},\"query-input\":{\"@type\":\"PropertyValueSpecification\",\"valueRequired\":true,\"valueName\":\"search_term_string\"}}],\"inLanguage\":\"pt-BR\"},{\"@type\":\"Organization\",\"@id\":\"https:\\\/\\\/maranhaotv.com.br\\\/#organization\",\"name\":\"Portal de Not\u00edcias\",\"url\":\"https:\\\/\\\/maranhaotv.com.br\\\/\",\"logo\":{\"@type\":\"ImageObject\",\"inLanguage\":\"pt-BR\",\"@id\":\"https:\\\/\\\/maranhaotv.com.br\\\/#\\\/schema\\\/logo\\\/image\\\/\",\"url\":\"https:\\\/\\\/maranhaotv.com.br\\\/wp-content\\\/uploads\\\/2024\\\/05\\\/cropped-cropped-avatar-1.png\",\"contentUrl\":\"https:\\\/\\\/maranhaotv.com.br\\\/wp-content\\\/uploads\\\/2024\\\/05\\\/cropped-cropped-avatar-1.png\",\"width\":792,\"height\":428,\"caption\":\"Portal de Not\u00edcias\"},\"image\":{\"@id\":\"https:\\\/\\\/maranhaotv.com.br\\\/#\\\/schema\\\/logo\\\/image\\\/\"},\"sameAs\":[\"https:\\\/\\\/www.facebook.com\\\/maiobaotv\",\"https:\\\/\\\/x.com\\\/sitemaranhaotv\",\"https:\\\/\\\/www.instagram.com\\\/maranhao.tv\",\"https:\\\/\\\/www.threads.net\\\/@maranhao.tv\"]},{\"@type\":\"Person\",\"@id\":\"https:\\\/\\\/maranhaotv.com.br\\\/#\\\/schema\\\/person\\\/3d54238e86b20bb5c89ab2fdb8f8829a\",\"name\":\"maranhaotv\",\"image\":{\"@type\":\"ImageObject\",\"inLanguage\":\"pt-BR\",\"@id\":\"https:\\\/\\\/secure.gravatar.com\\\/avatar\\\/8fadbca458d4cb68b1dd399ae9a40618d747bb1af65ac9fad21c89220a143eb4?s=96&d=mm&r=g\",\"url\":\"https:\\\/\\\/secure.gravatar.com\\\/avatar\\\/8fadbca458d4cb68b1dd399ae9a40618d747bb1af65ac9fad21c89220a143eb4?s=96&d=mm&r=g\",\"contentUrl\":\"https:\\\/\\\/secure.gravatar.com\\\/avatar\\\/8fadbca458d4cb68b1dd399ae9a40618d747bb1af65ac9fad21c89220a143eb4?s=96&d=mm&r=g\",\"caption\":\"maranhaotv\"},\"sameAs\":[\"https:\\\/\\\/maranhaotv.com.br\\\/\"],\"url\":\"https:\\\/\\\/maranhaotv.com.br\\\/index.php\\\/author\\\/maranhaotv\\\/\"}]}<\/script>\n<!-- \/ Yoast SEO plugin. -->","yoast_head_json":{"title":"Homem se revolta e toca fogo em pr\u00f3prio ve\u00edculo em Pinheiro-MA - NOT\u00cdCIAS EM TEMPO REAL","robots":{"index":"index","follow":"follow","max-snippet":"max-snippet:-1","max-image-preview":"max-image-preview:large","max-video-preview":"max-video-preview:-1"},"canonical":"https:\/\/maranhaotv.com.br\/index.php\/2020\/02\/14\/homem-se-revolta-e-toca-fogo-em-proprio-veiculo-em-pinheiro-ma\/","og_locale":"pt_BR","og_type":"article","og_title":"Homem se revolta e toca fogo em pr\u00f3prio ve\u00edculo em Pinheiro-MA - NOT\u00cdCIAS EM TEMPO REAL","og_description":"Ap\u00f3s ter ve\u00edculo apreendido por fiscaliza\u00e7\u00e3o, propriet\u00e1rio se revolta com a atitude, e p\u00f5e fogo no seu ve\u00edculo. O microonibus","og_url":"https:\/\/maranhaotv.com.br\/index.php\/2020\/02\/14\/homem-se-revolta-e-toca-fogo-em-proprio-veiculo-em-pinheiro-ma\/","og_site_name":"NOT\u00cdCIAS EM TEMPO REAL","article_publisher":"https:\/\/www.facebook.com\/maiobaotv","article_published_time":"2020-02-14T19:37:17+00:00","author":"maranhaotv","twitter_card":"summary_large_image","twitter_creator":"@sitemaranhaotv","twitter_site":"@sitemaranhaotv","twitter_misc":{"Escrito por":"maranhaotv","Est. tempo de leitura":"1 minuto"},"schema":{"@context":"https:\/\/schema.org","@graph":[{"@type":"Article","@id":"https:\/\/maranhaotv.com.br\/index.php\/2020\/02\/14\/homem-se-revolta-e-toca-fogo-em-proprio-veiculo-em-pinheiro-ma\/#article","isPartOf":{"@id":"https:\/\/maranhaotv.com.br\/index.php\/2020\/02\/14\/homem-se-revolta-e-toca-fogo-em-proprio-veiculo-em-pinheiro-ma\/"},"author":{"name":"maranhaotv","@id":"https:\/\/maranhaotv.com.br\/#\/schema\/person\/3d54238e86b20bb5c89ab2fdb8f8829a"},"headline":"Homem se revolta e toca fogo em pr\u00f3prio ve\u00edculo em Pinheiro-MA","datePublished":"2020-02-14T19:37:17+00:00","mainEntityOfPage":{"@id":"https:\/\/maranhaotv.com.br\/index.php\/2020\/02\/14\/homem-se-revolta-e-toca-fogo-em-proprio-veiculo-em-pinheiro-ma\/"},"wordCount":148,"publisher":{"@id":"https:\/\/maranhaotv.com.br\/#organization"},"image":{"@id":"https:\/\/maranhaotv.com.br\/index.php\/2020\/02\/14\/homem-se-revolta-e-toca-fogo-em-proprio-veiculo-em-pinheiro-ma\/#primaryimage"},"thumbnailUrl":"","keywords":["Luciano Gen\u00e9sio","Pinheiro"],"articleSection":["not\u00edcias"],"inLanguage":"pt-BR"},{"@type":"WebPage","@id":"https:\/\/maranhaotv.com.br\/index.php\/2020\/02\/14\/homem-se-revolta-e-toca-fogo-em-proprio-veiculo-em-pinheiro-ma\/","url":"https:\/\/maranhaotv.com.br\/index.php\/2020\/02\/14\/homem-se-revolta-e-toca-fogo-em-proprio-veiculo-em-pinheiro-ma\/","name":"Homem se revolta e toca fogo em pr\u00f3prio ve\u00edculo em Pinheiro-MA - NOT\u00cdCIAS EM TEMPO REAL","isPartOf":{"@id":"https:\/\/maranhaotv.com.br\/#website"},"primaryImageOfPage":{"@id":"https:\/\/maranhaotv.com.br\/index.php\/2020\/02\/14\/homem-se-revolta-e-toca-fogo-em-proprio-veiculo-em-pinheiro-ma\/#primaryimage"},"image":{"@id":"https:\/\/maranhaotv.com.br\/index.php\/2020\/02\/14\/homem-se-revolta-e-toca-fogo-em-proprio-veiculo-em-pinheiro-ma\/#primaryimage"},"thumbnailUrl":"","datePublished":"2020-02-14T19:37:17+00:00","breadcrumb":{"@id":"https:\/\/maranhaotv.com.br\/index.php\/2020\/02\/14\/homem-se-revolta-e-toca-fogo-em-proprio-veiculo-em-pinheiro-ma\/#breadcrumb"},"inLanguage":"pt-BR","potentialAction":[{"@type":"ReadAction","target":["https:\/\/maranhaotv.com.br\/index.php\/2020\/02\/14\/homem-se-revolta-e-toca-fogo-em-proprio-veiculo-em-pinheiro-ma\/"]}]},{"@type":"ImageObject","inLanguage":"pt-BR","@id":"https:\/\/maranhaotv.com.br\/index.php\/2020\/02\/14\/homem-se-revolta-e-toca-fogo-em-proprio-veiculo-em-pinheiro-ma\/#primaryimage","url":"","contentUrl":""},{"@type":"BreadcrumbList","@id":"https:\/\/maranhaotv.com.br\/index.php\/2020\/02\/14\/homem-se-revolta-e-toca-fogo-em-proprio-veiculo-em-pinheiro-ma\/#breadcrumb","itemListElement":[{"@type":"ListItem","position":1,"name":"In\u00edcio","item":"https:\/\/maranhaotv.com.br\/"},{"@type":"ListItem","position":2,"name":"Homem se revolta e toca fogo em pr\u00f3prio ve\u00edculo em Pinheiro-MA"}]},{"@type":"WebSite","@id":"https:\/\/maranhaotv.com.br\/#website","url":"https:\/\/maranhaotv.com.br\/","name":"Maranh\u00e3oTV","description":"","publisher":{"@id":"https:\/\/maranhaotv.com.br\/#organization"},"potentialAction":[{"@type":"SearchAction","target":{"@type":"EntryPoint","urlTemplate":"https:\/\/maranhaotv.com.br\/?s={search_term_string}"},"query-input":{"@type":"PropertyValueSpecification","valueRequired":true,"valueName":"search_term_string"}}],"inLanguage":"pt-BR"},{"@type":"Organization","@id":"https:\/\/maranhaotv.com.br\/#organization","name":"Portal de Not\u00edcias","url":"https:\/\/maranhaotv.com.br\/","logo":{"@type":"ImageObject","inLanguage":"pt-BR","@id":"https:\/\/maranhaotv.com.br\/#\/schema\/logo\/image\/","url":"https:\/\/maranhaotv.com.br\/wp-content\/uploads\/2024\/05\/cropped-cropped-avatar-1.png","contentUrl":"https:\/\/maranhaotv.com.br\/wp-content\/uploads\/2024\/05\/cropped-cropped-avatar-1.png","width":792,"height":428,"caption":"Portal de Not\u00edcias"},"image":{"@id":"https:\/\/maranhaotv.com.br\/#\/schema\/logo\/image\/"},"sameAs":["https:\/\/www.facebook.com\/maiobaotv","https:\/\/x.com\/sitemaranhaotv","https:\/\/www.instagram.com\/maranhao.tv","https:\/\/www.threads.net\/@maranhao.tv"]},{"@type":"Person","@id":"https:\/\/maranhaotv.com.br\/#\/schema\/person\/3d54238e86b20bb5c89ab2fdb8f8829a","name":"maranhaotv","image":{"@type":"ImageObject","inLanguage":"pt-BR","@id":"https:\/\/secure.gravatar.com\/avatar\/8fadbca458d4cb68b1dd399ae9a40618d747bb1af65ac9fad21c89220a143eb4?s=96&d=mm&r=g","url":"https:\/\/secure.gravatar.com\/avatar\/8fadbca458d4cb68b1dd399ae9a40618d747bb1af65ac9fad21c89220a143eb4?s=96&d=mm&r=g","contentUrl":"https:\/\/secure.gravatar.com\/avatar\/8fadbca458d4cb68b1dd399ae9a40618d747bb1af65ac9fad21c89220a143eb4?s=96&d=mm&r=g","caption":"maranhaotv"},"sameAs":["https:\/\/maranhaotv.com.br\/"],"url":"https:\/\/maranhaotv.com.br\/index.php\/author\/maranhaotv\/"}]}},"jetpack_featured_media_url":"","jetpack_sharing_enabled":true,"_links":{"self":[{"href":"https:\/\/maranhaotv.com.br\/index.php\/wp-json\/wp\/v2\/posts\/9581","targetHints":{"allow":["GET"]}}],"collection":[{"href":"https:\/\/maranhaotv.com.br\/index.php\/wp-json\/wp\/v2\/posts"}],"about":[{"href":"https:\/\/maranhaotv.com.br\/index.php\/wp-json\/wp\/v2\/types\/post"}],"author":[{"embeddable":true,"href":"https:\/\/maranhaotv.com.br\/index.php\/wp-json\/wp\/v2\/users\/2"}],"replies":[{"embeddable":true,"href":"https:\/\/maranhaotv.com.br\/index.php\/wp-json\/wp\/v2\/comments?post=9581"}],"version-history":[{"count":0,"href":"https:\/\/maranhaotv.com.br\/index.php\/wp-json\/wp\/v2\/posts\/9581\/revisions"}],"wp:featuredmedia":[{"embeddable":true,"href":"https:\/\/maranhaotv.com.br\/index.php\/wp-json\/"}],"wp:attachment":[{"href":"https:\/\/maranhaotv.com.br\/index.php\/wp-json\/wp\/v2\/media?parent=9581"}],"wp:term":[{"taxonomy":"category","embeddable":true,"href":"https:\/\/maranhaotv.com.br\/index.php\/wp-json\/wp\/v2\/categories?post=9581"},{"taxonomy":"post_tag","embeddable":true,"href":"https:\/\/maranhaotv.com.br\/index.php\/wp-json\/wp\/v2\/tags?post=9581"}],"curies":[{"name":"wp","href":"https:\/\/api.w.org\/{rel}","templated":true}]}}