{"id":9822,"date":"2020-02-21T16:49:55","date_gmt":"2020-02-21T19:49:55","guid":{"rendered":"https:\/\/maiobaotv.com.br\/?p=9822"},"modified":"2020-02-21T16:49:55","modified_gmt":"2020-02-21T19:49:55","slug":"prefeitura-de-viana-entrega-kits-de-fardamento-para-guarda-civil-e-agentes-de-transito","status":"publish","type":"post","link":"https:\/\/maranhaotv.com.br\/index.php\/2020\/02\/21\/prefeitura-de-viana-entrega-kits-de-fardamento-para-guarda-civil-e-agentes-de-transito\/","title":{"rendered":"Prefeitura de Viana entrega kits de fardamento para Guarda Civil e Agentes de Tr\u00e2nsito"},"content":{"rendered":"<p>O Prefeito Magrado Barros entregou nesta sexta-feira, 21, os novos kits de fardamento para a Guarda Civil e para os Agentes de Tr\u00e2nsito. O material ser\u00e1 utilizado pelos profissionais da corpora\u00e7\u00e3o a partir deste m\u00eas.<\/p>\n<p>No total foram 18 kits para a Guarda Civil e 15 kits para os Agentes de Tr\u00e2nsito. Cada profissional receber\u00e1 02 kits completos, tanto com gandola manga curta e gandola manga longa.<\/p>\n<blockquote><p>\u201c\u00c9 importante que os Guardas Municipais e Agentes de Tr\u00e2nsito estejam bem trajados para que sejam identificados facilmente pela popula\u00e7\u00e3o e trabalhem de forma confort\u00e1vel, eficiente e digna\u201d, explicou Magrado Barros.<\/p><\/blockquote>\n<p>Na ocasi\u00e3o os kits foram entregues para o Comandante da Guarda Municipal, Richardson J\u00fanior e para o Superintendente de Tr\u00e2nsito Pedro Martires.<\/p>\n<p>A Guarda Municipal atua no munic\u00edpio desde o ano de 2008, no patrulhamento e na preserva\u00e7\u00e3o da seguran\u00e7a de moradores e visitantes e oferece orienta\u00e7\u00e3o aos turistas que est\u00e3o de passagem pela cidade. Tem ainda como fun\u00e7\u00e3o auxiliar as pol\u00edcias Civil e Militar.<\/p>\n<p>O trabalho da Guarda e das for\u00e7as policiais \u00e9 feito em conjunto, o que garante mais efetividade e maior abrang\u00eancia no trabalho de prote\u00e7\u00e3o da comunidade.<\/p>\n<p>J\u00e1 a Superintend\u00eancia de Tr\u00e2nsito atua em Viana desde o ano de 2001, fiscalizando o tr\u00e1fego de ve\u00edculos, afim de evitar acidentes e engarrafamentos nas vias das cidades. Al\u00e9m disso s\u00e3o respons\u00e1veis por orientar os pedestres nas vias urbanas.<\/p>\n<p>Os agentes mantem a ordem, emitem notifica\u00e7\u00f5es, participam de a\u00e7\u00f5es educativas conscientizando os motoristas e pedestres. Eles s\u00e3o o elo entre o poder p\u00fablico e a sociedade nas mudan\u00e7as efetivas do tr\u00e2nsito no nosso pa\u00eds.<\/p>\n<p><img loading=\"lazy\" decoding=\"async\" class=\"wp-image-9821 alignnone size-full\" src=\"https:\/\/maiobaotv.com.br\/wp-content\/uploads\/2020\/02\/IMG-20200221-WA0307.jpg\" width=\"1280\" height=\"853\"><\/p>\n<p><img loading=\"lazy\" decoding=\"async\" class=\"alignnone size-full wp-image-9823\" src=\"https:\/\/maiobaotv.com.br\/wp-content\/uploads\/2020\/02\/IMG-20200221-WA0309.jpg\" width=\"1280\" height=\"853\"><\/p>\n<p><img loading=\"lazy\" decoding=\"async\" class=\"alignnone size-full wp-image-9824\" src=\"https:\/\/maiobaotv.com.br\/wp-content\/uploads\/2020\/02\/IMG-20200221-WA0310.jpg\" width=\"1280\" height=\"853\"><\/p>\n<p><img loading=\"lazy\" decoding=\"async\" class=\"wp-image-9826 failed alignnone size-full\" src=\"https:\/\/maiobaotv.com.br\/wp-content\/uploads\/2020\/02\/IMG_20200221_162907-1.jpg\" width=\"4032\" height=\"3024\" data-temp-aztec-id=\"35418567-3f5d-4b65-b8a6-30e85e1a1c00\"><\/p>\n<p>Fotos: Jos\u00e9 Ferreira<\/p>\n","protected":false},"excerpt":{"rendered":"<p>O Prefeito Magrado Barros entregou nesta sexta-feira, 21, os novos kits de fardamento para a Guarda Civil e para os<\/p>\n","protected":false},"author":2,"featured_media":9827,"comment_status":"closed","ping_status":"closed","sticky":false,"template":"","format":"standard","meta":{"colormag_page_container_layout":"default_layout","colormag_page_sidebar_layout":"default_layout","_jetpack_memberships_contains_paid_content":false,"footnotes":""},"categories":[2,6],"tags":[107,108,17,5],"class_list":["post-9822","post","type-post","status-publish","format-standard","has-post-thumbnail","hentry","category-noticias","category-politica","tag-agente-de-transito","tag-guarda-municipal","tag-magrado-barros","tag-viana"],"magazineBlocksPostFeaturedMedia":{"thumbnail":false,"medium":false,"medium_large":false,"large":false,"1536x1536":false,"2048x2048":false,"colormag-highlighted-post":false,"colormag-featured-post-medium":false,"colormag-featured-post-small":false,"colormag-featured-image":false,"colormag-default-news":false,"colormag-featured-image-large":false},"magazineBlocksPostAuthor":{"name":"maranhaotv","avatar":"https:\/\/secure.gravatar.com\/avatar\/8fadbca458d4cb68b1dd399ae9a40618d747bb1af65ac9fad21c89220a143eb4?s=96&d=mm&r=g"},"magazineBlocksPostCommentsNumber":false,"magazineBlocksPostExcerpt":"O Prefeito Magrado Barros entregou nesta sexta-feira, 21, os novos kits de fardamento para a Guarda Civil e para os","magazineBlocksPostCategories":["not\u00edcias","pol\u00edtica"],"magazineBlocksPostViewCount":227,"magazineBlocksPostReadTime":2,"magazine_blocks_featured_image_url":{"full":false,"medium":false,"thumbnail":false},"magazine_blocks_author":{"display_name":"maranhaotv","author_link":"https:\/\/maranhaotv.com.br\/index.php\/author\/maranhaotv\/"},"magazine_blocks_comment":0,"magazine_blocks_author_image":"https:\/\/secure.gravatar.com\/avatar\/8fadbca458d4cb68b1dd399ae9a40618d747bb1af65ac9fad21c89220a143eb4?s=96&d=mm&r=g","magazine_blocks_category":"<a href=\"#\" class=\"category-link category-link-2\">not\u00edcias<\/a> <a href=\"#\" class=\"category-link category-link-6\">pol\u00edtica<\/a>","yoast_head":"<!-- This site is optimized with the Yoast SEO plugin v27.4 - https:\/\/yoast.com\/product\/yoast-seo-wordpress\/ -->\n<title>Prefeitura de Viana entrega kits de fardamento para Guarda Civil e Agentes de Tr\u00e2nsito - NOT\u00cdCIAS EM TEMPO REAL<\/title>\n<meta name=\"robots\" content=\"index, follow, max-snippet:-1, max-image-preview:large, max-video-preview:-1\" \/>\n<link rel=\"canonical\" href=\"https:\/\/maranhaotv.com.br\/index.php\/2020\/02\/21\/prefeitura-de-viana-entrega-kits-de-fardamento-para-guarda-civil-e-agentes-de-transito\/\" \/>\n<meta property=\"og:locale\" content=\"pt_BR\" \/>\n<meta property=\"og:type\" content=\"article\" \/>\n<meta property=\"og:title\" content=\"Prefeitura de Viana entrega kits de fardamento para Guarda Civil e Agentes de Tr\u00e2nsito - NOT\u00cdCIAS EM TEMPO REAL\" \/>\n<meta property=\"og:description\" content=\"O Prefeito Magrado Barros entregou nesta sexta-feira, 21, os novos kits de fardamento para a Guarda Civil e para os\" \/>\n<meta property=\"og:url\" content=\"https:\/\/maranhaotv.com.br\/index.php\/2020\/02\/21\/prefeitura-de-viana-entrega-kits-de-fardamento-para-guarda-civil-e-agentes-de-transito\/\" \/>\n<meta property=\"og:site_name\" content=\"NOT\u00cdCIAS EM TEMPO REAL\" \/>\n<meta property=\"article:publisher\" content=\"https:\/\/www.facebook.com\/maiobaotv\" \/>\n<meta property=\"article:published_time\" content=\"2020-02-21T19:49:55+00:00\" \/>\n<meta name=\"author\" content=\"maranhaotv\" \/>\n<meta name=\"twitter:card\" content=\"summary_large_image\" \/>\n<meta name=\"twitter:creator\" content=\"@sitemaranhaotv\" \/>\n<meta name=\"twitter:site\" content=\"@sitemaranhaotv\" \/>\n<meta name=\"twitter:label1\" content=\"Escrito por\" \/>\n\t<meta name=\"twitter:data1\" content=\"maranhaotv\" \/>\n\t<meta name=\"twitter:label2\" content=\"Est. tempo de leitura\" \/>\n\t<meta name=\"twitter:data2\" content=\"1 minuto\" \/>\n<script type=\"application\/ld+json\" class=\"yoast-schema-graph\">{\"@context\":\"https:\\\/\\\/schema.org\",\"@graph\":[{\"@type\":\"Article\",\"@id\":\"https:\\\/\\\/maranhaotv.com.br\\\/index.php\\\/2020\\\/02\\\/21\\\/prefeitura-de-viana-entrega-kits-de-fardamento-para-guarda-civil-e-agentes-de-transito\\\/#article\",\"isPartOf\":{\"@id\":\"https:\\\/\\\/maranhaotv.com.br\\\/index.php\\\/2020\\\/02\\\/21\\\/prefeitura-de-viana-entrega-kits-de-fardamento-para-guarda-civil-e-agentes-de-transito\\\/\"},\"author\":{\"name\":\"maranhaotv\",\"@id\":\"https:\\\/\\\/maranhaotv.com.br\\\/#\\\/schema\\\/person\\\/3d54238e86b20bb5c89ab2fdb8f8829a\"},\"headline\":\"Prefeitura de Viana entrega kits de fardamento para Guarda Civil e Agentes de Tr\u00e2nsito\",\"datePublished\":\"2020-02-21T19:49:55+00:00\",\"mainEntityOfPage\":{\"@id\":\"https:\\\/\\\/maranhaotv.com.br\\\/index.php\\\/2020\\\/02\\\/21\\\/prefeitura-de-viana-entrega-kits-de-fardamento-para-guarda-civil-e-agentes-de-transito\\\/\"},\"wordCount\":307,\"publisher\":{\"@id\":\"https:\\\/\\\/maranhaotv.com.br\\\/#organization\"},\"image\":{\"@id\":\"https:\\\/\\\/maranhaotv.com.br\\\/index.php\\\/2020\\\/02\\\/21\\\/prefeitura-de-viana-entrega-kits-de-fardamento-para-guarda-civil-e-agentes-de-transito\\\/#primaryimage\"},\"thumbnailUrl\":\"\",\"keywords\":[\"Agente de Tr\u00e2nsito\",\"Guarda Municipal\",\"Magrado Barros\",\"Viana\"],\"articleSection\":[\"not\u00edcias\",\"pol\u00edtica\"],\"inLanguage\":\"pt-BR\"},{\"@type\":\"WebPage\",\"@id\":\"https:\\\/\\\/maranhaotv.com.br\\\/index.php\\\/2020\\\/02\\\/21\\\/prefeitura-de-viana-entrega-kits-de-fardamento-para-guarda-civil-e-agentes-de-transito\\\/\",\"url\":\"https:\\\/\\\/maranhaotv.com.br\\\/index.php\\\/2020\\\/02\\\/21\\\/prefeitura-de-viana-entrega-kits-de-fardamento-para-guarda-civil-e-agentes-de-transito\\\/\",\"name\":\"Prefeitura de Viana entrega kits de fardamento para Guarda Civil e Agentes de Tr\u00e2nsito - NOT\u00cdCIAS EM TEMPO REAL\",\"isPartOf\":{\"@id\":\"https:\\\/\\\/maranhaotv.com.br\\\/#website\"},\"primaryImageOfPage\":{\"@id\":\"https:\\\/\\\/maranhaotv.com.br\\\/index.php\\\/2020\\\/02\\\/21\\\/prefeitura-de-viana-entrega-kits-de-fardamento-para-guarda-civil-e-agentes-de-transito\\\/#primaryimage\"},\"image\":{\"@id\":\"https:\\\/\\\/maranhaotv.com.br\\\/index.php\\\/2020\\\/02\\\/21\\\/prefeitura-de-viana-entrega-kits-de-fardamento-para-guarda-civil-e-agentes-de-transito\\\/#primaryimage\"},\"thumbnailUrl\":\"\",\"datePublished\":\"2020-02-21T19:49:55+00:00\",\"breadcrumb\":{\"@id\":\"https:\\\/\\\/maranhaotv.com.br\\\/index.php\\\/2020\\\/02\\\/21\\\/prefeitura-de-viana-entrega-kits-de-fardamento-para-guarda-civil-e-agentes-de-transito\\\/#breadcrumb\"},\"inLanguage\":\"pt-BR\",\"potentialAction\":[{\"@type\":\"ReadAction\",\"target\":[\"https:\\\/\\\/maranhaotv.com.br\\\/index.php\\\/2020\\\/02\\\/21\\\/prefeitura-de-viana-entrega-kits-de-fardamento-para-guarda-civil-e-agentes-de-transito\\\/\"]}]},{\"@type\":\"ImageObject\",\"inLanguage\":\"pt-BR\",\"@id\":\"https:\\\/\\\/maranhaotv.com.br\\\/index.php\\\/2020\\\/02\\\/21\\\/prefeitura-de-viana-entrega-kits-de-fardamento-para-guarda-civil-e-agentes-de-transito\\\/#primaryimage\",\"url\":\"\",\"contentUrl\":\"\"},{\"@type\":\"BreadcrumbList\",\"@id\":\"https:\\\/\\\/maranhaotv.com.br\\\/index.php\\\/2020\\\/02\\\/21\\\/prefeitura-de-viana-entrega-kits-de-fardamento-para-guarda-civil-e-agentes-de-transito\\\/#breadcrumb\",\"itemListElement\":[{\"@type\":\"ListItem\",\"position\":1,\"name\":\"In\u00edcio\",\"item\":\"https:\\\/\\\/maranhaotv.com.br\\\/\"},{\"@type\":\"ListItem\",\"position\":2,\"name\":\"Prefeitura de Viana entrega kits de fardamento para Guarda Civil e Agentes de Tr\u00e2nsito\"}]},{\"@type\":\"WebSite\",\"@id\":\"https:\\\/\\\/maranhaotv.com.br\\\/#website\",\"url\":\"https:\\\/\\\/maranhaotv.com.br\\\/\",\"name\":\"Maranh\u00e3oTV\",\"description\":\"\",\"publisher\":{\"@id\":\"https:\\\/\\\/maranhaotv.com.br\\\/#organization\"},\"potentialAction\":[{\"@type\":\"SearchAction\",\"target\":{\"@type\":\"EntryPoint\",\"urlTemplate\":\"https:\\\/\\\/maranhaotv.com.br\\\/?s={search_term_string}\"},\"query-input\":{\"@type\":\"PropertyValueSpecification\",\"valueRequired\":true,\"valueName\":\"search_term_string\"}}],\"inLanguage\":\"pt-BR\"},{\"@type\":\"Organization\",\"@id\":\"https:\\\/\\\/maranhaotv.com.br\\\/#organization\",\"name\":\"Portal de Not\u00edcias\",\"url\":\"https:\\\/\\\/maranhaotv.com.br\\\/\",\"logo\":{\"@type\":\"ImageObject\",\"inLanguage\":\"pt-BR\",\"@id\":\"https:\\\/\\\/maranhaotv.com.br\\\/#\\\/schema\\\/logo\\\/image\\\/\",\"url\":\"https:\\\/\\\/maranhaotv.com.br\\\/wp-content\\\/uploads\\\/2024\\\/05\\\/cropped-cropped-avatar-1.png\",\"contentUrl\":\"https:\\\/\\\/maranhaotv.com.br\\\/wp-content\\\/uploads\\\/2024\\\/05\\\/cropped-cropped-avatar-1.png\",\"width\":792,\"height\":428,\"caption\":\"Portal de Not\u00edcias\"},\"image\":{\"@id\":\"https:\\\/\\\/maranhaotv.com.br\\\/#\\\/schema\\\/logo\\\/image\\\/\"},\"sameAs\":[\"https:\\\/\\\/www.facebook.com\\\/maiobaotv\",\"https:\\\/\\\/x.com\\\/sitemaranhaotv\",\"https:\\\/\\\/www.instagram.com\\\/maranhao.tv\",\"https:\\\/\\\/www.threads.net\\\/@maranhao.tv\"]},{\"@type\":\"Person\",\"@id\":\"https:\\\/\\\/maranhaotv.com.br\\\/#\\\/schema\\\/person\\\/3d54238e86b20bb5c89ab2fdb8f8829a\",\"name\":\"maranhaotv\",\"image\":{\"@type\":\"ImageObject\",\"inLanguage\":\"pt-BR\",\"@id\":\"https:\\\/\\\/secure.gravatar.com\\\/avatar\\\/8fadbca458d4cb68b1dd399ae9a40618d747bb1af65ac9fad21c89220a143eb4?s=96&d=mm&r=g\",\"url\":\"https:\\\/\\\/secure.gravatar.com\\\/avatar\\\/8fadbca458d4cb68b1dd399ae9a40618d747bb1af65ac9fad21c89220a143eb4?s=96&d=mm&r=g\",\"contentUrl\":\"https:\\\/\\\/secure.gravatar.com\\\/avatar\\\/8fadbca458d4cb68b1dd399ae9a40618d747bb1af65ac9fad21c89220a143eb4?s=96&d=mm&r=g\",\"caption\":\"maranhaotv\"},\"sameAs\":[\"https:\\\/\\\/maranhaotv.com.br\\\/\"],\"url\":\"https:\\\/\\\/maranhaotv.com.br\\\/index.php\\\/author\\\/maranhaotv\\\/\"}]}<\/script>\n<!-- \/ Yoast SEO plugin. -->","yoast_head_json":{"title":"Prefeitura de Viana entrega kits de fardamento para Guarda Civil e Agentes de Tr\u00e2nsito - NOT\u00cdCIAS EM TEMPO REAL","robots":{"index":"index","follow":"follow","max-snippet":"max-snippet:-1","max-image-preview":"max-image-preview:large","max-video-preview":"max-video-preview:-1"},"canonical":"https:\/\/maranhaotv.com.br\/index.php\/2020\/02\/21\/prefeitura-de-viana-entrega-kits-de-fardamento-para-guarda-civil-e-agentes-de-transito\/","og_locale":"pt_BR","og_type":"article","og_title":"Prefeitura de Viana entrega kits de fardamento para Guarda Civil e Agentes de Tr\u00e2nsito - NOT\u00cdCIAS EM TEMPO REAL","og_description":"O Prefeito Magrado Barros entregou nesta sexta-feira, 21, os novos kits de fardamento para a Guarda Civil e para os","og_url":"https:\/\/maranhaotv.com.br\/index.php\/2020\/02\/21\/prefeitura-de-viana-entrega-kits-de-fardamento-para-guarda-civil-e-agentes-de-transito\/","og_site_name":"NOT\u00cdCIAS EM TEMPO REAL","article_publisher":"https:\/\/www.facebook.com\/maiobaotv","article_published_time":"2020-02-21T19:49:55+00:00","author":"maranhaotv","twitter_card":"summary_large_image","twitter_creator":"@sitemaranhaotv","twitter_site":"@sitemaranhaotv","twitter_misc":{"Escrito por":"maranhaotv","Est. tempo de leitura":"1 minuto"},"schema":{"@context":"https:\/\/schema.org","@graph":[{"@type":"Article","@id":"https:\/\/maranhaotv.com.br\/index.php\/2020\/02\/21\/prefeitura-de-viana-entrega-kits-de-fardamento-para-guarda-civil-e-agentes-de-transito\/#article","isPartOf":{"@id":"https:\/\/maranhaotv.com.br\/index.php\/2020\/02\/21\/prefeitura-de-viana-entrega-kits-de-fardamento-para-guarda-civil-e-agentes-de-transito\/"},"author":{"name":"maranhaotv","@id":"https:\/\/maranhaotv.com.br\/#\/schema\/person\/3d54238e86b20bb5c89ab2fdb8f8829a"},"headline":"Prefeitura de Viana entrega kits de fardamento para Guarda Civil e Agentes de Tr\u00e2nsito","datePublished":"2020-02-21T19:49:55+00:00","mainEntityOfPage":{"@id":"https:\/\/maranhaotv.com.br\/index.php\/2020\/02\/21\/prefeitura-de-viana-entrega-kits-de-fardamento-para-guarda-civil-e-agentes-de-transito\/"},"wordCount":307,"publisher":{"@id":"https:\/\/maranhaotv.com.br\/#organization"},"image":{"@id":"https:\/\/maranhaotv.com.br\/index.php\/2020\/02\/21\/prefeitura-de-viana-entrega-kits-de-fardamento-para-guarda-civil-e-agentes-de-transito\/#primaryimage"},"thumbnailUrl":"","keywords":["Agente de Tr\u00e2nsito","Guarda Municipal","Magrado Barros","Viana"],"articleSection":["not\u00edcias","pol\u00edtica"],"inLanguage":"pt-BR"},{"@type":"WebPage","@id":"https:\/\/maranhaotv.com.br\/index.php\/2020\/02\/21\/prefeitura-de-viana-entrega-kits-de-fardamento-para-guarda-civil-e-agentes-de-transito\/","url":"https:\/\/maranhaotv.com.br\/index.php\/2020\/02\/21\/prefeitura-de-viana-entrega-kits-de-fardamento-para-guarda-civil-e-agentes-de-transito\/","name":"Prefeitura de Viana entrega kits de fardamento para Guarda Civil e Agentes de Tr\u00e2nsito - NOT\u00cdCIAS EM TEMPO REAL","isPartOf":{"@id":"https:\/\/maranhaotv.com.br\/#website"},"primaryImageOfPage":{"@id":"https:\/\/maranhaotv.com.br\/index.php\/2020\/02\/21\/prefeitura-de-viana-entrega-kits-de-fardamento-para-guarda-civil-e-agentes-de-transito\/#primaryimage"},"image":{"@id":"https:\/\/maranhaotv.com.br\/index.php\/2020\/02\/21\/prefeitura-de-viana-entrega-kits-de-fardamento-para-guarda-civil-e-agentes-de-transito\/#primaryimage"},"thumbnailUrl":"","datePublished":"2020-02-21T19:49:55+00:00","breadcrumb":{"@id":"https:\/\/maranhaotv.com.br\/index.php\/2020\/02\/21\/prefeitura-de-viana-entrega-kits-de-fardamento-para-guarda-civil-e-agentes-de-transito\/#breadcrumb"},"inLanguage":"pt-BR","potentialAction":[{"@type":"ReadAction","target":["https:\/\/maranhaotv.com.br\/index.php\/2020\/02\/21\/prefeitura-de-viana-entrega-kits-de-fardamento-para-guarda-civil-e-agentes-de-transito\/"]}]},{"@type":"ImageObject","inLanguage":"pt-BR","@id":"https:\/\/maranhaotv.com.br\/index.php\/2020\/02\/21\/prefeitura-de-viana-entrega-kits-de-fardamento-para-guarda-civil-e-agentes-de-transito\/#primaryimage","url":"","contentUrl":""},{"@type":"BreadcrumbList","@id":"https:\/\/maranhaotv.com.br\/index.php\/2020\/02\/21\/prefeitura-de-viana-entrega-kits-de-fardamento-para-guarda-civil-e-agentes-de-transito\/#breadcrumb","itemListElement":[{"@type":"ListItem","position":1,"name":"In\u00edcio","item":"https:\/\/maranhaotv.com.br\/"},{"@type":"ListItem","position":2,"name":"Prefeitura de Viana entrega kits de fardamento para Guarda Civil e Agentes de Tr\u00e2nsito"}]},{"@type":"WebSite","@id":"https:\/\/maranhaotv.com.br\/#website","url":"https:\/\/maranhaotv.com.br\/","name":"Maranh\u00e3oTV","description":"","publisher":{"@id":"https:\/\/maranhaotv.com.br\/#organization"},"potentialAction":[{"@type":"SearchAction","target":{"@type":"EntryPoint","urlTemplate":"https:\/\/maranhaotv.com.br\/?s={search_term_string}"},"query-input":{"@type":"PropertyValueSpecification","valueRequired":true,"valueName":"search_term_string"}}],"inLanguage":"pt-BR"},{"@type":"Organization","@id":"https:\/\/maranhaotv.com.br\/#organization","name":"Portal de Not\u00edcias","url":"https:\/\/maranhaotv.com.br\/","logo":{"@type":"ImageObject","inLanguage":"pt-BR","@id":"https:\/\/maranhaotv.com.br\/#\/schema\/logo\/image\/","url":"https:\/\/maranhaotv.com.br\/wp-content\/uploads\/2024\/05\/cropped-cropped-avatar-1.png","contentUrl":"https:\/\/maranhaotv.com.br\/wp-content\/uploads\/2024\/05\/cropped-cropped-avatar-1.png","width":792,"height":428,"caption":"Portal de Not\u00edcias"},"image":{"@id":"https:\/\/maranhaotv.com.br\/#\/schema\/logo\/image\/"},"sameAs":["https:\/\/www.facebook.com\/maiobaotv","https:\/\/x.com\/sitemaranhaotv","https:\/\/www.instagram.com\/maranhao.tv","https:\/\/www.threads.net\/@maranhao.tv"]},{"@type":"Person","@id":"https:\/\/maranhaotv.com.br\/#\/schema\/person\/3d54238e86b20bb5c89ab2fdb8f8829a","name":"maranhaotv","image":{"@type":"ImageObject","inLanguage":"pt-BR","@id":"https:\/\/secure.gravatar.com\/avatar\/8fadbca458d4cb68b1dd399ae9a40618d747bb1af65ac9fad21c89220a143eb4?s=96&d=mm&r=g","url":"https:\/\/secure.gravatar.com\/avatar\/8fadbca458d4cb68b1dd399ae9a40618d747bb1af65ac9fad21c89220a143eb4?s=96&d=mm&r=g","contentUrl":"https:\/\/secure.gravatar.com\/avatar\/8fadbca458d4cb68b1dd399ae9a40618d747bb1af65ac9fad21c89220a143eb4?s=96&d=mm&r=g","caption":"maranhaotv"},"sameAs":["https:\/\/maranhaotv.com.br\/"],"url":"https:\/\/maranhaotv.com.br\/index.php\/author\/maranhaotv\/"}]}},"jetpack_featured_media_url":"","jetpack_sharing_enabled":true,"_links":{"self":[{"href":"https:\/\/maranhaotv.com.br\/index.php\/wp-json\/wp\/v2\/posts\/9822","targetHints":{"allow":["GET"]}}],"collection":[{"href":"https:\/\/maranhaotv.com.br\/index.php\/wp-json\/wp\/v2\/posts"}],"about":[{"href":"https:\/\/maranhaotv.com.br\/index.php\/wp-json\/wp\/v2\/types\/post"}],"author":[{"embeddable":true,"href":"https:\/\/maranhaotv.com.br\/index.php\/wp-json\/wp\/v2\/users\/2"}],"replies":[{"embeddable":true,"href":"https:\/\/maranhaotv.com.br\/index.php\/wp-json\/wp\/v2\/comments?post=9822"}],"version-history":[{"count":0,"href":"https:\/\/maranhaotv.com.br\/index.php\/wp-json\/wp\/v2\/posts\/9822\/revisions"}],"wp:featuredmedia":[{"embeddable":true,"href":"https:\/\/maranhaotv.com.br\/index.php\/wp-json\/"}],"wp:attachment":[{"href":"https:\/\/maranhaotv.com.br\/index.php\/wp-json\/wp\/v2\/media?parent=9822"}],"wp:term":[{"taxonomy":"category","embeddable":true,"href":"https:\/\/maranhaotv.com.br\/index.php\/wp-json\/wp\/v2\/categories?post=9822"},{"taxonomy":"post_tag","embeddable":true,"href":"https:\/\/maranhaotv.com.br\/index.php\/wp-json\/wp\/v2\/tags?post=9822"}],"curies":[{"name":"wp","href":"https:\/\/api.w.org\/{rel}","templated":true}]}}