{"id":9915,"date":"2020-02-27T16:01:49","date_gmt":"2020-02-27T19:01:49","guid":{"rendered":"https:\/\/maiobaotv.com.br\/?p=9915"},"modified":"2020-02-27T16:01:49","modified_gmt":"2020-02-27T19:01:49","slug":"paco-do-lumiar-fernando-muniz-curte-carnaval-no-rio-de-janeiro-na-sapucai","status":"publish","type":"post","link":"https:\/\/maranhaotv.com.br\/index.php\/2020\/02\/27\/paco-do-lumiar-fernando-muniz-curte-carnaval-no-rio-de-janeiro-na-sapucai\/","title":{"rendered":"Pa\u00e7o do Lumiar: Fernando Muniz curte carnaval no Rio de Janeiro, na Sapuca\u00ed"},"content":{"rendered":"<p>Presidente da C\u00e2mara de vereadores de Pa\u00e7o do Lumiar, Fernando Muniz (PP), preferiu cair na folia bem distante de seus eleitores, nos camarotes da Marqu\u00eas de Sapuca\u00ed no Rio de Janeiro.<\/p>\n<p>Mesmo com tantos esc\u00e2ndalos que assombram a administra\u00e7\u00e3o do Legislativo Luminense, o Presidente da Casa n\u00e3o deixou a peteca cair, e, fingindo estar numa boa, caiu na folia de momo em alto padr\u00e3o.<\/p>\n<p>Em tempo, outros pol\u00edticos luminenses participam, e apoiam alguns blocos e bailes nas comunidades. Muniz sempre preferiu viver o contr\u00e1rio, em sua gest\u00e3o perante a C\u00e2mara, a casa do povo j\u00e1 foi palco do t\u00e3o comentado &#8220;Arraial V.I.P&#8221;, onde a popula\u00e7\u00e3o da sede de Pa\u00e7o do Lumiar prestigiou brincadeiras juninas por tr\u00e1s das grades, e distante dos seus representantes.<\/p>\n<p><img loading=\"lazy\" decoding=\"async\" src=\"https:\/\/maiobaotv.com.br\/wp-content\/uploads\/2020\/02\/IMG-20200227-WA0164.jpg\" class=\"wp-image-9914 alignnone size-full\" width=\"310\" height=\"310\"><\/p>\n","protected":false},"excerpt":{"rendered":"<p>Presidente da C\u00e2mara de vereadores de Pa\u00e7o do Lumiar, Fernando Muniz (PP), preferiu cair na folia bem distante de seus<\/p>\n","protected":false},"author":2,"featured_media":9916,"comment_status":"closed","ping_status":"closed","sticky":false,"template":"","format":"standard","meta":{"colormag_page_container_layout":"default_layout","colormag_page_sidebar_layout":"default_layout","_jetpack_memberships_contains_paid_content":false,"footnotes":""},"categories":[2],"tags":[44,15],"class_list":["post-9915","post","type-post","status-publish","format-standard","has-post-thumbnail","hentry","category-noticias","tag-fernando-muniz","tag-paco-do-lumiar"],"magazineBlocksPostFeaturedMedia":{"thumbnail":false,"medium":false,"medium_large":false,"large":false,"1536x1536":false,"2048x2048":false,"colormag-highlighted-post":false,"colormag-featured-post-medium":false,"colormag-featured-post-small":false,"colormag-featured-image":false,"colormag-default-news":false,"colormag-featured-image-large":false},"magazineBlocksPostAuthor":{"name":"maranhaotv","avatar":"https:\/\/secure.gravatar.com\/avatar\/8fadbca458d4cb68b1dd399ae9a40618d747bb1af65ac9fad21c89220a143eb4?s=96&d=mm&r=g"},"magazineBlocksPostCommentsNumber":false,"magazineBlocksPostExcerpt":"Presidente da C\u00e2mara de vereadores de Pa\u00e7o do Lumiar, Fernando Muniz (PP), preferiu cair na folia bem distante de seus","magazineBlocksPostCategories":["not\u00edcias"],"magazineBlocksPostViewCount":229,"magazineBlocksPostReadTime":1,"magazine_blocks_featured_image_url":{"full":false,"medium":false,"thumbnail":false},"magazine_blocks_author":{"display_name":"maranhaotv","author_link":"https:\/\/maranhaotv.com.br\/index.php\/author\/maranhaotv\/"},"magazine_blocks_comment":0,"magazine_blocks_author_image":"https:\/\/secure.gravatar.com\/avatar\/8fadbca458d4cb68b1dd399ae9a40618d747bb1af65ac9fad21c89220a143eb4?s=96&d=mm&r=g","magazine_blocks_category":"<a href=\"#\" class=\"category-link category-link-2\">not\u00edcias<\/a>","yoast_head":"<!-- This site is optimized with the Yoast SEO plugin v27.4 - https:\/\/yoast.com\/product\/yoast-seo-wordpress\/ -->\n<title>Pa\u00e7o do Lumiar: Fernando Muniz curte carnaval no Rio de Janeiro, na Sapuca\u00ed - NOT\u00cdCIAS EM TEMPO REAL<\/title>\n<meta name=\"robots\" content=\"index, follow, max-snippet:-1, max-image-preview:large, max-video-preview:-1\" \/>\n<link rel=\"canonical\" href=\"https:\/\/maranhaotv.com.br\/index.php\/2020\/02\/27\/paco-do-lumiar-fernando-muniz-curte-carnaval-no-rio-de-janeiro-na-sapucai\/\" \/>\n<meta property=\"og:locale\" content=\"pt_BR\" \/>\n<meta property=\"og:type\" content=\"article\" \/>\n<meta property=\"og:title\" content=\"Pa\u00e7o do Lumiar: Fernando Muniz curte carnaval no Rio de Janeiro, na Sapuca\u00ed - NOT\u00cdCIAS EM TEMPO REAL\" \/>\n<meta property=\"og:description\" content=\"Presidente da C\u00e2mara de vereadores de Pa\u00e7o do Lumiar, Fernando Muniz (PP), preferiu cair na folia bem distante de seus\" \/>\n<meta property=\"og:url\" content=\"https:\/\/maranhaotv.com.br\/index.php\/2020\/02\/27\/paco-do-lumiar-fernando-muniz-curte-carnaval-no-rio-de-janeiro-na-sapucai\/\" \/>\n<meta property=\"og:site_name\" content=\"NOT\u00cdCIAS EM TEMPO REAL\" \/>\n<meta property=\"article:publisher\" content=\"https:\/\/www.facebook.com\/maiobaotv\" \/>\n<meta property=\"article:published_time\" content=\"2020-02-27T19:01:49+00:00\" \/>\n<meta name=\"author\" content=\"maranhaotv\" \/>\n<meta name=\"twitter:card\" content=\"summary_large_image\" \/>\n<meta name=\"twitter:creator\" content=\"@sitemaranhaotv\" \/>\n<meta name=\"twitter:site\" content=\"@sitemaranhaotv\" \/>\n<meta name=\"twitter:label1\" content=\"Escrito por\" \/>\n\t<meta name=\"twitter:data1\" content=\"maranhaotv\" \/>\n\t<meta name=\"twitter:label2\" content=\"Est. tempo de leitura\" \/>\n\t<meta name=\"twitter:data2\" content=\"1 minuto\" \/>\n<script type=\"application\/ld+json\" class=\"yoast-schema-graph\">{\"@context\":\"https:\\\/\\\/schema.org\",\"@graph\":[{\"@type\":\"Article\",\"@id\":\"https:\\\/\\\/maranhaotv.com.br\\\/index.php\\\/2020\\\/02\\\/27\\\/paco-do-lumiar-fernando-muniz-curte-carnaval-no-rio-de-janeiro-na-sapucai\\\/#article\",\"isPartOf\":{\"@id\":\"https:\\\/\\\/maranhaotv.com.br\\\/index.php\\\/2020\\\/02\\\/27\\\/paco-do-lumiar-fernando-muniz-curte-carnaval-no-rio-de-janeiro-na-sapucai\\\/\"},\"author\":{\"name\":\"maranhaotv\",\"@id\":\"https:\\\/\\\/maranhaotv.com.br\\\/#\\\/schema\\\/person\\\/3d54238e86b20bb5c89ab2fdb8f8829a\"},\"headline\":\"Pa\u00e7o do Lumiar: Fernando Muniz curte carnaval no Rio de Janeiro, na Sapuca\u00ed\",\"datePublished\":\"2020-02-27T19:01:49+00:00\",\"mainEntityOfPage\":{\"@id\":\"https:\\\/\\\/maranhaotv.com.br\\\/index.php\\\/2020\\\/02\\\/27\\\/paco-do-lumiar-fernando-muniz-curte-carnaval-no-rio-de-janeiro-na-sapucai\\\/\"},\"wordCount\":154,\"publisher\":{\"@id\":\"https:\\\/\\\/maranhaotv.com.br\\\/#organization\"},\"image\":{\"@id\":\"https:\\\/\\\/maranhaotv.com.br\\\/index.php\\\/2020\\\/02\\\/27\\\/paco-do-lumiar-fernando-muniz-curte-carnaval-no-rio-de-janeiro-na-sapucai\\\/#primaryimage\"},\"thumbnailUrl\":\"\",\"keywords\":[\"Fernando Muniz\",\"Pa\u00e7o do Lumiar\"],\"articleSection\":[\"not\u00edcias\"],\"inLanguage\":\"pt-BR\"},{\"@type\":\"WebPage\",\"@id\":\"https:\\\/\\\/maranhaotv.com.br\\\/index.php\\\/2020\\\/02\\\/27\\\/paco-do-lumiar-fernando-muniz-curte-carnaval-no-rio-de-janeiro-na-sapucai\\\/\",\"url\":\"https:\\\/\\\/maranhaotv.com.br\\\/index.php\\\/2020\\\/02\\\/27\\\/paco-do-lumiar-fernando-muniz-curte-carnaval-no-rio-de-janeiro-na-sapucai\\\/\",\"name\":\"Pa\u00e7o do Lumiar: Fernando Muniz curte carnaval no Rio de Janeiro, na Sapuca\u00ed - NOT\u00cdCIAS EM TEMPO REAL\",\"isPartOf\":{\"@id\":\"https:\\\/\\\/maranhaotv.com.br\\\/#website\"},\"primaryImageOfPage\":{\"@id\":\"https:\\\/\\\/maranhaotv.com.br\\\/index.php\\\/2020\\\/02\\\/27\\\/paco-do-lumiar-fernando-muniz-curte-carnaval-no-rio-de-janeiro-na-sapucai\\\/#primaryimage\"},\"image\":{\"@id\":\"https:\\\/\\\/maranhaotv.com.br\\\/index.php\\\/2020\\\/02\\\/27\\\/paco-do-lumiar-fernando-muniz-curte-carnaval-no-rio-de-janeiro-na-sapucai\\\/#primaryimage\"},\"thumbnailUrl\":\"\",\"datePublished\":\"2020-02-27T19:01:49+00:00\",\"breadcrumb\":{\"@id\":\"https:\\\/\\\/maranhaotv.com.br\\\/index.php\\\/2020\\\/02\\\/27\\\/paco-do-lumiar-fernando-muniz-curte-carnaval-no-rio-de-janeiro-na-sapucai\\\/#breadcrumb\"},\"inLanguage\":\"pt-BR\",\"potentialAction\":[{\"@type\":\"ReadAction\",\"target\":[\"https:\\\/\\\/maranhaotv.com.br\\\/index.php\\\/2020\\\/02\\\/27\\\/paco-do-lumiar-fernando-muniz-curte-carnaval-no-rio-de-janeiro-na-sapucai\\\/\"]}]},{\"@type\":\"ImageObject\",\"inLanguage\":\"pt-BR\",\"@id\":\"https:\\\/\\\/maranhaotv.com.br\\\/index.php\\\/2020\\\/02\\\/27\\\/paco-do-lumiar-fernando-muniz-curte-carnaval-no-rio-de-janeiro-na-sapucai\\\/#primaryimage\",\"url\":\"\",\"contentUrl\":\"\"},{\"@type\":\"BreadcrumbList\",\"@id\":\"https:\\\/\\\/maranhaotv.com.br\\\/index.php\\\/2020\\\/02\\\/27\\\/paco-do-lumiar-fernando-muniz-curte-carnaval-no-rio-de-janeiro-na-sapucai\\\/#breadcrumb\",\"itemListElement\":[{\"@type\":\"ListItem\",\"position\":1,\"name\":\"In\u00edcio\",\"item\":\"https:\\\/\\\/maranhaotv.com.br\\\/\"},{\"@type\":\"ListItem\",\"position\":2,\"name\":\"Pa\u00e7o do Lumiar: Fernando Muniz curte carnaval no Rio de Janeiro, na Sapuca\u00ed\"}]},{\"@type\":\"WebSite\",\"@id\":\"https:\\\/\\\/maranhaotv.com.br\\\/#website\",\"url\":\"https:\\\/\\\/maranhaotv.com.br\\\/\",\"name\":\"Maranh\u00e3oTV\",\"description\":\"\",\"publisher\":{\"@id\":\"https:\\\/\\\/maranhaotv.com.br\\\/#organization\"},\"potentialAction\":[{\"@type\":\"SearchAction\",\"target\":{\"@type\":\"EntryPoint\",\"urlTemplate\":\"https:\\\/\\\/maranhaotv.com.br\\\/?s={search_term_string}\"},\"query-input\":{\"@type\":\"PropertyValueSpecification\",\"valueRequired\":true,\"valueName\":\"search_term_string\"}}],\"inLanguage\":\"pt-BR\"},{\"@type\":\"Organization\",\"@id\":\"https:\\\/\\\/maranhaotv.com.br\\\/#organization\",\"name\":\"Portal de Not\u00edcias\",\"url\":\"https:\\\/\\\/maranhaotv.com.br\\\/\",\"logo\":{\"@type\":\"ImageObject\",\"inLanguage\":\"pt-BR\",\"@id\":\"https:\\\/\\\/maranhaotv.com.br\\\/#\\\/schema\\\/logo\\\/image\\\/\",\"url\":\"https:\\\/\\\/maranhaotv.com.br\\\/wp-content\\\/uploads\\\/2024\\\/05\\\/cropped-cropped-avatar-1.png\",\"contentUrl\":\"https:\\\/\\\/maranhaotv.com.br\\\/wp-content\\\/uploads\\\/2024\\\/05\\\/cropped-cropped-avatar-1.png\",\"width\":792,\"height\":428,\"caption\":\"Portal de Not\u00edcias\"},\"image\":{\"@id\":\"https:\\\/\\\/maranhaotv.com.br\\\/#\\\/schema\\\/logo\\\/image\\\/\"},\"sameAs\":[\"https:\\\/\\\/www.facebook.com\\\/maiobaotv\",\"https:\\\/\\\/x.com\\\/sitemaranhaotv\",\"https:\\\/\\\/www.instagram.com\\\/maranhao.tv\",\"https:\\\/\\\/www.threads.net\\\/@maranhao.tv\"]},{\"@type\":\"Person\",\"@id\":\"https:\\\/\\\/maranhaotv.com.br\\\/#\\\/schema\\\/person\\\/3d54238e86b20bb5c89ab2fdb8f8829a\",\"name\":\"maranhaotv\",\"image\":{\"@type\":\"ImageObject\",\"inLanguage\":\"pt-BR\",\"@id\":\"https:\\\/\\\/secure.gravatar.com\\\/avatar\\\/8fadbca458d4cb68b1dd399ae9a40618d747bb1af65ac9fad21c89220a143eb4?s=96&d=mm&r=g\",\"url\":\"https:\\\/\\\/secure.gravatar.com\\\/avatar\\\/8fadbca458d4cb68b1dd399ae9a40618d747bb1af65ac9fad21c89220a143eb4?s=96&d=mm&r=g\",\"contentUrl\":\"https:\\\/\\\/secure.gravatar.com\\\/avatar\\\/8fadbca458d4cb68b1dd399ae9a40618d747bb1af65ac9fad21c89220a143eb4?s=96&d=mm&r=g\",\"caption\":\"maranhaotv\"},\"sameAs\":[\"https:\\\/\\\/maranhaotv.com.br\\\/\"],\"url\":\"https:\\\/\\\/maranhaotv.com.br\\\/index.php\\\/author\\\/maranhaotv\\\/\"}]}<\/script>\n<!-- \/ Yoast SEO plugin. -->","yoast_head_json":{"title":"Pa\u00e7o do Lumiar: Fernando Muniz curte carnaval no Rio de Janeiro, na Sapuca\u00ed - NOT\u00cdCIAS EM TEMPO REAL","robots":{"index":"index","follow":"follow","max-snippet":"max-snippet:-1","max-image-preview":"max-image-preview:large","max-video-preview":"max-video-preview:-1"},"canonical":"https:\/\/maranhaotv.com.br\/index.php\/2020\/02\/27\/paco-do-lumiar-fernando-muniz-curte-carnaval-no-rio-de-janeiro-na-sapucai\/","og_locale":"pt_BR","og_type":"article","og_title":"Pa\u00e7o do Lumiar: Fernando Muniz curte carnaval no Rio de Janeiro, na Sapuca\u00ed - NOT\u00cdCIAS EM TEMPO REAL","og_description":"Presidente da C\u00e2mara de vereadores de Pa\u00e7o do Lumiar, Fernando Muniz (PP), preferiu cair na folia bem distante de seus","og_url":"https:\/\/maranhaotv.com.br\/index.php\/2020\/02\/27\/paco-do-lumiar-fernando-muniz-curte-carnaval-no-rio-de-janeiro-na-sapucai\/","og_site_name":"NOT\u00cdCIAS EM TEMPO REAL","article_publisher":"https:\/\/www.facebook.com\/maiobaotv","article_published_time":"2020-02-27T19:01:49+00:00","author":"maranhaotv","twitter_card":"summary_large_image","twitter_creator":"@sitemaranhaotv","twitter_site":"@sitemaranhaotv","twitter_misc":{"Escrito por":"maranhaotv","Est. tempo de leitura":"1 minuto"},"schema":{"@context":"https:\/\/schema.org","@graph":[{"@type":"Article","@id":"https:\/\/maranhaotv.com.br\/index.php\/2020\/02\/27\/paco-do-lumiar-fernando-muniz-curte-carnaval-no-rio-de-janeiro-na-sapucai\/#article","isPartOf":{"@id":"https:\/\/maranhaotv.com.br\/index.php\/2020\/02\/27\/paco-do-lumiar-fernando-muniz-curte-carnaval-no-rio-de-janeiro-na-sapucai\/"},"author":{"name":"maranhaotv","@id":"https:\/\/maranhaotv.com.br\/#\/schema\/person\/3d54238e86b20bb5c89ab2fdb8f8829a"},"headline":"Pa\u00e7o do Lumiar: Fernando Muniz curte carnaval no Rio de Janeiro, na Sapuca\u00ed","datePublished":"2020-02-27T19:01:49+00:00","mainEntityOfPage":{"@id":"https:\/\/maranhaotv.com.br\/index.php\/2020\/02\/27\/paco-do-lumiar-fernando-muniz-curte-carnaval-no-rio-de-janeiro-na-sapucai\/"},"wordCount":154,"publisher":{"@id":"https:\/\/maranhaotv.com.br\/#organization"},"image":{"@id":"https:\/\/maranhaotv.com.br\/index.php\/2020\/02\/27\/paco-do-lumiar-fernando-muniz-curte-carnaval-no-rio-de-janeiro-na-sapucai\/#primaryimage"},"thumbnailUrl":"","keywords":["Fernando Muniz","Pa\u00e7o do Lumiar"],"articleSection":["not\u00edcias"],"inLanguage":"pt-BR"},{"@type":"WebPage","@id":"https:\/\/maranhaotv.com.br\/index.php\/2020\/02\/27\/paco-do-lumiar-fernando-muniz-curte-carnaval-no-rio-de-janeiro-na-sapucai\/","url":"https:\/\/maranhaotv.com.br\/index.php\/2020\/02\/27\/paco-do-lumiar-fernando-muniz-curte-carnaval-no-rio-de-janeiro-na-sapucai\/","name":"Pa\u00e7o do Lumiar: Fernando Muniz curte carnaval no Rio de Janeiro, na Sapuca\u00ed - NOT\u00cdCIAS EM TEMPO REAL","isPartOf":{"@id":"https:\/\/maranhaotv.com.br\/#website"},"primaryImageOfPage":{"@id":"https:\/\/maranhaotv.com.br\/index.php\/2020\/02\/27\/paco-do-lumiar-fernando-muniz-curte-carnaval-no-rio-de-janeiro-na-sapucai\/#primaryimage"},"image":{"@id":"https:\/\/maranhaotv.com.br\/index.php\/2020\/02\/27\/paco-do-lumiar-fernando-muniz-curte-carnaval-no-rio-de-janeiro-na-sapucai\/#primaryimage"},"thumbnailUrl":"","datePublished":"2020-02-27T19:01:49+00:00","breadcrumb":{"@id":"https:\/\/maranhaotv.com.br\/index.php\/2020\/02\/27\/paco-do-lumiar-fernando-muniz-curte-carnaval-no-rio-de-janeiro-na-sapucai\/#breadcrumb"},"inLanguage":"pt-BR","potentialAction":[{"@type":"ReadAction","target":["https:\/\/maranhaotv.com.br\/index.php\/2020\/02\/27\/paco-do-lumiar-fernando-muniz-curte-carnaval-no-rio-de-janeiro-na-sapucai\/"]}]},{"@type":"ImageObject","inLanguage":"pt-BR","@id":"https:\/\/maranhaotv.com.br\/index.php\/2020\/02\/27\/paco-do-lumiar-fernando-muniz-curte-carnaval-no-rio-de-janeiro-na-sapucai\/#primaryimage","url":"","contentUrl":""},{"@type":"BreadcrumbList","@id":"https:\/\/maranhaotv.com.br\/index.php\/2020\/02\/27\/paco-do-lumiar-fernando-muniz-curte-carnaval-no-rio-de-janeiro-na-sapucai\/#breadcrumb","itemListElement":[{"@type":"ListItem","position":1,"name":"In\u00edcio","item":"https:\/\/maranhaotv.com.br\/"},{"@type":"ListItem","position":2,"name":"Pa\u00e7o do Lumiar: Fernando Muniz curte carnaval no Rio de Janeiro, na Sapuca\u00ed"}]},{"@type":"WebSite","@id":"https:\/\/maranhaotv.com.br\/#website","url":"https:\/\/maranhaotv.com.br\/","name":"Maranh\u00e3oTV","description":"","publisher":{"@id":"https:\/\/maranhaotv.com.br\/#organization"},"potentialAction":[{"@type":"SearchAction","target":{"@type":"EntryPoint","urlTemplate":"https:\/\/maranhaotv.com.br\/?s={search_term_string}"},"query-input":{"@type":"PropertyValueSpecification","valueRequired":true,"valueName":"search_term_string"}}],"inLanguage":"pt-BR"},{"@type":"Organization","@id":"https:\/\/maranhaotv.com.br\/#organization","name":"Portal de Not\u00edcias","url":"https:\/\/maranhaotv.com.br\/","logo":{"@type":"ImageObject","inLanguage":"pt-BR","@id":"https:\/\/maranhaotv.com.br\/#\/schema\/logo\/image\/","url":"https:\/\/maranhaotv.com.br\/wp-content\/uploads\/2024\/05\/cropped-cropped-avatar-1.png","contentUrl":"https:\/\/maranhaotv.com.br\/wp-content\/uploads\/2024\/05\/cropped-cropped-avatar-1.png","width":792,"height":428,"caption":"Portal de Not\u00edcias"},"image":{"@id":"https:\/\/maranhaotv.com.br\/#\/schema\/logo\/image\/"},"sameAs":["https:\/\/www.facebook.com\/maiobaotv","https:\/\/x.com\/sitemaranhaotv","https:\/\/www.instagram.com\/maranhao.tv","https:\/\/www.threads.net\/@maranhao.tv"]},{"@type":"Person","@id":"https:\/\/maranhaotv.com.br\/#\/schema\/person\/3d54238e86b20bb5c89ab2fdb8f8829a","name":"maranhaotv","image":{"@type":"ImageObject","inLanguage":"pt-BR","@id":"https:\/\/secure.gravatar.com\/avatar\/8fadbca458d4cb68b1dd399ae9a40618d747bb1af65ac9fad21c89220a143eb4?s=96&d=mm&r=g","url":"https:\/\/secure.gravatar.com\/avatar\/8fadbca458d4cb68b1dd399ae9a40618d747bb1af65ac9fad21c89220a143eb4?s=96&d=mm&r=g","contentUrl":"https:\/\/secure.gravatar.com\/avatar\/8fadbca458d4cb68b1dd399ae9a40618d747bb1af65ac9fad21c89220a143eb4?s=96&d=mm&r=g","caption":"maranhaotv"},"sameAs":["https:\/\/maranhaotv.com.br\/"],"url":"https:\/\/maranhaotv.com.br\/index.php\/author\/maranhaotv\/"}]}},"jetpack_featured_media_url":"","jetpack_sharing_enabled":true,"_links":{"self":[{"href":"https:\/\/maranhaotv.com.br\/index.php\/wp-json\/wp\/v2\/posts\/9915","targetHints":{"allow":["GET"]}}],"collection":[{"href":"https:\/\/maranhaotv.com.br\/index.php\/wp-json\/wp\/v2\/posts"}],"about":[{"href":"https:\/\/maranhaotv.com.br\/index.php\/wp-json\/wp\/v2\/types\/post"}],"author":[{"embeddable":true,"href":"https:\/\/maranhaotv.com.br\/index.php\/wp-json\/wp\/v2\/users\/2"}],"replies":[{"embeddable":true,"href":"https:\/\/maranhaotv.com.br\/index.php\/wp-json\/wp\/v2\/comments?post=9915"}],"version-history":[{"count":0,"href":"https:\/\/maranhaotv.com.br\/index.php\/wp-json\/wp\/v2\/posts\/9915\/revisions"}],"wp:featuredmedia":[{"embeddable":true,"href":"https:\/\/maranhaotv.com.br\/index.php\/wp-json\/"}],"wp:attachment":[{"href":"https:\/\/maranhaotv.com.br\/index.php\/wp-json\/wp\/v2\/media?parent=9915"}],"wp:term":[{"taxonomy":"category","embeddable":true,"href":"https:\/\/maranhaotv.com.br\/index.php\/wp-json\/wp\/v2\/categories?post=9915"},{"taxonomy":"post_tag","embeddable":true,"href":"https:\/\/maranhaotv.com.br\/index.php\/wp-json\/wp\/v2\/tags?post=9915"}],"curies":[{"name":"wp","href":"https:\/\/api.w.org\/{rel}","templated":true}]}}