{"id":9951,"date":"2020-02-28T16:04:07","date_gmt":"2020-02-28T19:04:07","guid":{"rendered":"https:\/\/maiobaotv.com.br\/?p=9951"},"modified":"2020-02-28T16:04:07","modified_gmt":"2020-02-28T19:04:07","slug":"partido-progressista-garante-apoio-a-pre-candidatura-de-rubens-junior","status":"publish","type":"post","link":"https:\/\/maranhaotv.com.br\/index.php\/2020\/02\/28\/partido-progressista-garante-apoio-a-pre-candidatura-de-rubens-junior\/","title":{"rendered":"Partido Progressista garante apoio \u00e0 pr\u00e9-candidatura de Rubens J\u00fanior"},"content":{"rendered":"<p>Andr\u00e9 Fufuca, deputado federal e presidente do Progressistas no Maranh\u00e3o, afirmou que seu partido optou pelo nome que considera o melhor<\/p>\n<p>O terceiro maior partido do pa\u00eds, o Progressistas (PP) anunciou nesta sexta-feira (28), apoio \u00e0 pr\u00e9-candidatura do deputado federal licenciado e secret\u00e1rio de Cidades, Rubens Pereira J\u00fanior (PCdoB).<\/p>\n<p>Andr\u00e9 Fufuca, deputado federal e presidente do Progressistas no Maranh\u00e3o, fez quest\u00e3o de destacar que o partido foi procurado por in\u00fameros outros pr\u00e9-candidatos, mas optou por um nome que considera o melhor.<\/p>\n<p>\u201cEu tenho que ser imparcial e fazer justi\u00e7a. V\u00e1rios pr\u00e9-candidatos nos procuraram, alguns para serem candidatos pelo Progressistas, outros solicitando o nosso apoio. N\u00f3s optamos por Rubens porque n\u00e3o temos d\u00favidas de que ele \u00e9 o melhor para S\u00e3o Lu\u00eds, destacou.<\/p>\n<p>Rubens Jr. fez quest\u00e3o de destacar que a alian\u00e7a vem num momento em que a sua pr\u00e9-candidatura foi oficializada pelo partido.<\/p>\n<p>\u201cO PCdoB formalizou nossa pr\u00e9-candidatura a apenas 15 dias e de l\u00e1 para c\u00e1 n\u00f3s j\u00e1 nos reunimos com amigos, com pr\u00e9-candidatos \u00e0 vereador, com as pessoas, agora recebemos esse apoio dos Progressistas que \u00e9, acima de tudo uma parceria por S\u00e3o Lu\u00eds\u201d, enfatizou.<\/p>\n<p>Para o presidente do PCdoB do Maranh\u00e3o, M\u00e1rcio Jerry, o apoio do Progressistas \u00e9 parte da grande alian\u00e7a entre for\u00e7as pol\u00edticas que d\u00e3o sustenta\u00e7\u00e3o ao governo de mudan\u00e7a do governador Fl\u00e1vio Dino.<\/p>\n<p>\u201cSobre a import\u00e2ncia dessa uni\u00e3o dos progressistas com PCdoB em S\u00e3o Lu\u00eds, ressalto que n\u00e3o \u00e9 uma alian\u00e7a inaugural, que come\u00e7a agora. Ela j\u00e1 vem desde antes. Estivemos juntos em 2018, quando fomos vencedores e hoje o Progressistas integra o governo Flavio Dino\u201d.<\/p>\n<p>Vice<\/p>\n<p>Durante a conversa de consolida\u00e7\u00e3o da alian\u00e7a, Rubens J\u00fanior explicou que a consolida\u00e7\u00e3o para integra\u00e7\u00e3o de um eventual nome de vice para compor a chapa, deve ser definida com a amplia\u00e7\u00e3o dos arcos de alian\u00e7a com outras legendas, mas n\u00e3o descartou a composi\u00e7\u00e3o com o PP.<\/p>\n<blockquote><p>\u201cPara mim ser\u00e1 uma honra se o PP integrar a nossa chapa, pela relev\u00e2ncia, tamanho e musculatura, mas \u00e9 muito prematuro fazer defini\u00e7\u00e3o de chapa ainda em fevereiro. Vamos ampliar nosso leque de alian\u00e7as e defini\u00e7\u00f5es sobre chapas, teremos a partir do final do m\u00eas de junho\u201d, esclareceu.<\/p><\/blockquote>\n<p><img loading=\"lazy\" decoding=\"async\" src=\"https:\/\/maiobaotv.com.br\/wp-content\/uploads\/2020\/02\/IMG-20200228-WA0220.jpg\" class=\"wp-image-9950 alignnone size-full\" width=\"801\" height=\"532\"><\/p>\n","protected":false},"excerpt":{"rendered":"<p>Andr\u00e9 Fufuca, deputado federal e presidente do Progressistas no Maranh\u00e3o, afirmou que seu partido optou pelo nome que considera o<\/p>\n","protected":false},"author":2,"featured_media":9952,"comment_status":"closed","ping_status":"closed","sticky":false,"template":"","format":"standard","meta":{"colormag_page_container_layout":"default_layout","colormag_page_sidebar_layout":"default_layout","_jetpack_memberships_contains_paid_content":false,"footnotes":""},"categories":[2],"tags":[],"class_list":["post-9951","post","type-post","status-publish","format-standard","has-post-thumbnail","hentry","category-noticias"],"magazineBlocksPostFeaturedMedia":{"thumbnail":false,"medium":false,"medium_large":false,"large":false,"1536x1536":false,"2048x2048":false,"colormag-highlighted-post":false,"colormag-featured-post-medium":false,"colormag-featured-post-small":false,"colormag-featured-image":false,"colormag-default-news":false,"colormag-featured-image-large":false},"magazineBlocksPostAuthor":{"name":"maranhaotv","avatar":"https:\/\/secure.gravatar.com\/avatar\/8fadbca458d4cb68b1dd399ae9a40618d747bb1af65ac9fad21c89220a143eb4?s=96&d=mm&r=g"},"magazineBlocksPostCommentsNumber":false,"magazineBlocksPostExcerpt":"Andr\u00e9 Fufuca, deputado federal e presidente do Progressistas no Maranh\u00e3o, afirmou que seu partido optou pelo nome que considera o","magazineBlocksPostCategories":["not\u00edcias"],"magazineBlocksPostViewCount":176,"magazineBlocksPostReadTime":3,"magazine_blocks_featured_image_url":{"full":false,"medium":false,"thumbnail":false},"magazine_blocks_author":{"display_name":"maranhaotv","author_link":"https:\/\/maranhaotv.com.br\/index.php\/author\/maranhaotv\/"},"magazine_blocks_comment":0,"magazine_blocks_author_image":"https:\/\/secure.gravatar.com\/avatar\/8fadbca458d4cb68b1dd399ae9a40618d747bb1af65ac9fad21c89220a143eb4?s=96&d=mm&r=g","magazine_blocks_category":"<a href=\"#\" class=\"category-link category-link-2\">not\u00edcias<\/a>","yoast_head":"<!-- This site is optimized with the Yoast SEO plugin v27.4 - https:\/\/yoast.com\/product\/yoast-seo-wordpress\/ -->\n<title>Partido Progressista garante apoio \u00e0 pr\u00e9-candidatura de Rubens J\u00fanior - NOT\u00cdCIAS EM TEMPO REAL<\/title>\n<meta name=\"robots\" content=\"index, follow, max-snippet:-1, max-image-preview:large, max-video-preview:-1\" \/>\n<link rel=\"canonical\" href=\"https:\/\/maranhaotv.com.br\/index.php\/2020\/02\/28\/partido-progressista-garante-apoio-a-pre-candidatura-de-rubens-junior\/\" \/>\n<meta property=\"og:locale\" content=\"pt_BR\" \/>\n<meta property=\"og:type\" content=\"article\" \/>\n<meta property=\"og:title\" content=\"Partido Progressista garante apoio \u00e0 pr\u00e9-candidatura de Rubens J\u00fanior - NOT\u00cdCIAS EM TEMPO REAL\" \/>\n<meta property=\"og:description\" content=\"Andr\u00e9 Fufuca, deputado federal e presidente do Progressistas no Maranh\u00e3o, afirmou que seu partido optou pelo nome que considera o\" \/>\n<meta property=\"og:url\" content=\"https:\/\/maranhaotv.com.br\/index.php\/2020\/02\/28\/partido-progressista-garante-apoio-a-pre-candidatura-de-rubens-junior\/\" \/>\n<meta property=\"og:site_name\" content=\"NOT\u00cdCIAS EM TEMPO REAL\" \/>\n<meta property=\"article:publisher\" content=\"https:\/\/www.facebook.com\/maiobaotv\" \/>\n<meta property=\"article:published_time\" content=\"2020-02-28T19:04:07+00:00\" \/>\n<meta name=\"author\" content=\"maranhaotv\" \/>\n<meta name=\"twitter:card\" content=\"summary_large_image\" \/>\n<meta name=\"twitter:creator\" content=\"@sitemaranhaotv\" \/>\n<meta name=\"twitter:site\" content=\"@sitemaranhaotv\" \/>\n<meta name=\"twitter:label1\" content=\"Escrito por\" \/>\n\t<meta name=\"twitter:data1\" content=\"maranhaotv\" \/>\n\t<meta name=\"twitter:label2\" content=\"Est. tempo de leitura\" \/>\n\t<meta name=\"twitter:data2\" content=\"2 minutos\" \/>\n<script type=\"application\/ld+json\" class=\"yoast-schema-graph\">{\"@context\":\"https:\\\/\\\/schema.org\",\"@graph\":[{\"@type\":\"Article\",\"@id\":\"https:\\\/\\\/maranhaotv.com.br\\\/index.php\\\/2020\\\/02\\\/28\\\/partido-progressista-garante-apoio-a-pre-candidatura-de-rubens-junior\\\/#article\",\"isPartOf\":{\"@id\":\"https:\\\/\\\/maranhaotv.com.br\\\/index.php\\\/2020\\\/02\\\/28\\\/partido-progressista-garante-apoio-a-pre-candidatura-de-rubens-junior\\\/\"},\"author\":{\"name\":\"maranhaotv\",\"@id\":\"https:\\\/\\\/maranhaotv.com.br\\\/#\\\/schema\\\/person\\\/3d54238e86b20bb5c89ab2fdb8f8829a\"},\"headline\":\"Partido Progressista garante apoio \u00e0 pr\u00e9-candidatura de Rubens J\u00fanior\",\"datePublished\":\"2020-02-28T19:04:07+00:00\",\"mainEntityOfPage\":{\"@id\":\"https:\\\/\\\/maranhaotv.com.br\\\/index.php\\\/2020\\\/02\\\/28\\\/partido-progressista-garante-apoio-a-pre-candidatura-de-rubens-junior\\\/\"},\"wordCount\":412,\"publisher\":{\"@id\":\"https:\\\/\\\/maranhaotv.com.br\\\/#organization\"},\"image\":{\"@id\":\"https:\\\/\\\/maranhaotv.com.br\\\/index.php\\\/2020\\\/02\\\/28\\\/partido-progressista-garante-apoio-a-pre-candidatura-de-rubens-junior\\\/#primaryimage\"},\"thumbnailUrl\":\"\",\"articleSection\":[\"not\u00edcias\"],\"inLanguage\":\"pt-BR\"},{\"@type\":\"WebPage\",\"@id\":\"https:\\\/\\\/maranhaotv.com.br\\\/index.php\\\/2020\\\/02\\\/28\\\/partido-progressista-garante-apoio-a-pre-candidatura-de-rubens-junior\\\/\",\"url\":\"https:\\\/\\\/maranhaotv.com.br\\\/index.php\\\/2020\\\/02\\\/28\\\/partido-progressista-garante-apoio-a-pre-candidatura-de-rubens-junior\\\/\",\"name\":\"Partido Progressista garante apoio \u00e0 pr\u00e9-candidatura de Rubens J\u00fanior - NOT\u00cdCIAS EM TEMPO REAL\",\"isPartOf\":{\"@id\":\"https:\\\/\\\/maranhaotv.com.br\\\/#website\"},\"primaryImageOfPage\":{\"@id\":\"https:\\\/\\\/maranhaotv.com.br\\\/index.php\\\/2020\\\/02\\\/28\\\/partido-progressista-garante-apoio-a-pre-candidatura-de-rubens-junior\\\/#primaryimage\"},\"image\":{\"@id\":\"https:\\\/\\\/maranhaotv.com.br\\\/index.php\\\/2020\\\/02\\\/28\\\/partido-progressista-garante-apoio-a-pre-candidatura-de-rubens-junior\\\/#primaryimage\"},\"thumbnailUrl\":\"\",\"datePublished\":\"2020-02-28T19:04:07+00:00\",\"breadcrumb\":{\"@id\":\"https:\\\/\\\/maranhaotv.com.br\\\/index.php\\\/2020\\\/02\\\/28\\\/partido-progressista-garante-apoio-a-pre-candidatura-de-rubens-junior\\\/#breadcrumb\"},\"inLanguage\":\"pt-BR\",\"potentialAction\":[{\"@type\":\"ReadAction\",\"target\":[\"https:\\\/\\\/maranhaotv.com.br\\\/index.php\\\/2020\\\/02\\\/28\\\/partido-progressista-garante-apoio-a-pre-candidatura-de-rubens-junior\\\/\"]}]},{\"@type\":\"ImageObject\",\"inLanguage\":\"pt-BR\",\"@id\":\"https:\\\/\\\/maranhaotv.com.br\\\/index.php\\\/2020\\\/02\\\/28\\\/partido-progressista-garante-apoio-a-pre-candidatura-de-rubens-junior\\\/#primaryimage\",\"url\":\"\",\"contentUrl\":\"\"},{\"@type\":\"BreadcrumbList\",\"@id\":\"https:\\\/\\\/maranhaotv.com.br\\\/index.php\\\/2020\\\/02\\\/28\\\/partido-progressista-garante-apoio-a-pre-candidatura-de-rubens-junior\\\/#breadcrumb\",\"itemListElement\":[{\"@type\":\"ListItem\",\"position\":1,\"name\":\"In\u00edcio\",\"item\":\"https:\\\/\\\/maranhaotv.com.br\\\/\"},{\"@type\":\"ListItem\",\"position\":2,\"name\":\"Partido Progressista garante apoio \u00e0 pr\u00e9-candidatura de Rubens J\u00fanior\"}]},{\"@type\":\"WebSite\",\"@id\":\"https:\\\/\\\/maranhaotv.com.br\\\/#website\",\"url\":\"https:\\\/\\\/maranhaotv.com.br\\\/\",\"name\":\"Maranh\u00e3oTV\",\"description\":\"\",\"publisher\":{\"@id\":\"https:\\\/\\\/maranhaotv.com.br\\\/#organization\"},\"potentialAction\":[{\"@type\":\"SearchAction\",\"target\":{\"@type\":\"EntryPoint\",\"urlTemplate\":\"https:\\\/\\\/maranhaotv.com.br\\\/?s={search_term_string}\"},\"query-input\":{\"@type\":\"PropertyValueSpecification\",\"valueRequired\":true,\"valueName\":\"search_term_string\"}}],\"inLanguage\":\"pt-BR\"},{\"@type\":\"Organization\",\"@id\":\"https:\\\/\\\/maranhaotv.com.br\\\/#organization\",\"name\":\"Portal de Not\u00edcias\",\"url\":\"https:\\\/\\\/maranhaotv.com.br\\\/\",\"logo\":{\"@type\":\"ImageObject\",\"inLanguage\":\"pt-BR\",\"@id\":\"https:\\\/\\\/maranhaotv.com.br\\\/#\\\/schema\\\/logo\\\/image\\\/\",\"url\":\"https:\\\/\\\/maranhaotv.com.br\\\/wp-content\\\/uploads\\\/2024\\\/05\\\/cropped-cropped-avatar-1.png\",\"contentUrl\":\"https:\\\/\\\/maranhaotv.com.br\\\/wp-content\\\/uploads\\\/2024\\\/05\\\/cropped-cropped-avatar-1.png\",\"width\":792,\"height\":428,\"caption\":\"Portal de Not\u00edcias\"},\"image\":{\"@id\":\"https:\\\/\\\/maranhaotv.com.br\\\/#\\\/schema\\\/logo\\\/image\\\/\"},\"sameAs\":[\"https:\\\/\\\/www.facebook.com\\\/maiobaotv\",\"https:\\\/\\\/x.com\\\/sitemaranhaotv\",\"https:\\\/\\\/www.instagram.com\\\/maranhao.tv\",\"https:\\\/\\\/www.threads.net\\\/@maranhao.tv\"]},{\"@type\":\"Person\",\"@id\":\"https:\\\/\\\/maranhaotv.com.br\\\/#\\\/schema\\\/person\\\/3d54238e86b20bb5c89ab2fdb8f8829a\",\"name\":\"maranhaotv\",\"image\":{\"@type\":\"ImageObject\",\"inLanguage\":\"pt-BR\",\"@id\":\"https:\\\/\\\/secure.gravatar.com\\\/avatar\\\/8fadbca458d4cb68b1dd399ae9a40618d747bb1af65ac9fad21c89220a143eb4?s=96&d=mm&r=g\",\"url\":\"https:\\\/\\\/secure.gravatar.com\\\/avatar\\\/8fadbca458d4cb68b1dd399ae9a40618d747bb1af65ac9fad21c89220a143eb4?s=96&d=mm&r=g\",\"contentUrl\":\"https:\\\/\\\/secure.gravatar.com\\\/avatar\\\/8fadbca458d4cb68b1dd399ae9a40618d747bb1af65ac9fad21c89220a143eb4?s=96&d=mm&r=g\",\"caption\":\"maranhaotv\"},\"sameAs\":[\"https:\\\/\\\/maranhaotv.com.br\\\/\"],\"url\":\"https:\\\/\\\/maranhaotv.com.br\\\/index.php\\\/author\\\/maranhaotv\\\/\"}]}<\/script>\n<!-- \/ Yoast SEO plugin. -->","yoast_head_json":{"title":"Partido Progressista garante apoio \u00e0 pr\u00e9-candidatura de Rubens J\u00fanior - NOT\u00cdCIAS EM TEMPO REAL","robots":{"index":"index","follow":"follow","max-snippet":"max-snippet:-1","max-image-preview":"max-image-preview:large","max-video-preview":"max-video-preview:-1"},"canonical":"https:\/\/maranhaotv.com.br\/index.php\/2020\/02\/28\/partido-progressista-garante-apoio-a-pre-candidatura-de-rubens-junior\/","og_locale":"pt_BR","og_type":"article","og_title":"Partido Progressista garante apoio \u00e0 pr\u00e9-candidatura de Rubens J\u00fanior - NOT\u00cdCIAS EM TEMPO REAL","og_description":"Andr\u00e9 Fufuca, deputado federal e presidente do Progressistas no Maranh\u00e3o, afirmou que seu partido optou pelo nome que considera o","og_url":"https:\/\/maranhaotv.com.br\/index.php\/2020\/02\/28\/partido-progressista-garante-apoio-a-pre-candidatura-de-rubens-junior\/","og_site_name":"NOT\u00cdCIAS EM TEMPO REAL","article_publisher":"https:\/\/www.facebook.com\/maiobaotv","article_published_time":"2020-02-28T19:04:07+00:00","author":"maranhaotv","twitter_card":"summary_large_image","twitter_creator":"@sitemaranhaotv","twitter_site":"@sitemaranhaotv","twitter_misc":{"Escrito por":"maranhaotv","Est. tempo de leitura":"2 minutos"},"schema":{"@context":"https:\/\/schema.org","@graph":[{"@type":"Article","@id":"https:\/\/maranhaotv.com.br\/index.php\/2020\/02\/28\/partido-progressista-garante-apoio-a-pre-candidatura-de-rubens-junior\/#article","isPartOf":{"@id":"https:\/\/maranhaotv.com.br\/index.php\/2020\/02\/28\/partido-progressista-garante-apoio-a-pre-candidatura-de-rubens-junior\/"},"author":{"name":"maranhaotv","@id":"https:\/\/maranhaotv.com.br\/#\/schema\/person\/3d54238e86b20bb5c89ab2fdb8f8829a"},"headline":"Partido Progressista garante apoio \u00e0 pr\u00e9-candidatura de Rubens J\u00fanior","datePublished":"2020-02-28T19:04:07+00:00","mainEntityOfPage":{"@id":"https:\/\/maranhaotv.com.br\/index.php\/2020\/02\/28\/partido-progressista-garante-apoio-a-pre-candidatura-de-rubens-junior\/"},"wordCount":412,"publisher":{"@id":"https:\/\/maranhaotv.com.br\/#organization"},"image":{"@id":"https:\/\/maranhaotv.com.br\/index.php\/2020\/02\/28\/partido-progressista-garante-apoio-a-pre-candidatura-de-rubens-junior\/#primaryimage"},"thumbnailUrl":"","articleSection":["not\u00edcias"],"inLanguage":"pt-BR"},{"@type":"WebPage","@id":"https:\/\/maranhaotv.com.br\/index.php\/2020\/02\/28\/partido-progressista-garante-apoio-a-pre-candidatura-de-rubens-junior\/","url":"https:\/\/maranhaotv.com.br\/index.php\/2020\/02\/28\/partido-progressista-garante-apoio-a-pre-candidatura-de-rubens-junior\/","name":"Partido Progressista garante apoio \u00e0 pr\u00e9-candidatura de Rubens J\u00fanior - NOT\u00cdCIAS EM TEMPO REAL","isPartOf":{"@id":"https:\/\/maranhaotv.com.br\/#website"},"primaryImageOfPage":{"@id":"https:\/\/maranhaotv.com.br\/index.php\/2020\/02\/28\/partido-progressista-garante-apoio-a-pre-candidatura-de-rubens-junior\/#primaryimage"},"image":{"@id":"https:\/\/maranhaotv.com.br\/index.php\/2020\/02\/28\/partido-progressista-garante-apoio-a-pre-candidatura-de-rubens-junior\/#primaryimage"},"thumbnailUrl":"","datePublished":"2020-02-28T19:04:07+00:00","breadcrumb":{"@id":"https:\/\/maranhaotv.com.br\/index.php\/2020\/02\/28\/partido-progressista-garante-apoio-a-pre-candidatura-de-rubens-junior\/#breadcrumb"},"inLanguage":"pt-BR","potentialAction":[{"@type":"ReadAction","target":["https:\/\/maranhaotv.com.br\/index.php\/2020\/02\/28\/partido-progressista-garante-apoio-a-pre-candidatura-de-rubens-junior\/"]}]},{"@type":"ImageObject","inLanguage":"pt-BR","@id":"https:\/\/maranhaotv.com.br\/index.php\/2020\/02\/28\/partido-progressista-garante-apoio-a-pre-candidatura-de-rubens-junior\/#primaryimage","url":"","contentUrl":""},{"@type":"BreadcrumbList","@id":"https:\/\/maranhaotv.com.br\/index.php\/2020\/02\/28\/partido-progressista-garante-apoio-a-pre-candidatura-de-rubens-junior\/#breadcrumb","itemListElement":[{"@type":"ListItem","position":1,"name":"In\u00edcio","item":"https:\/\/maranhaotv.com.br\/"},{"@type":"ListItem","position":2,"name":"Partido Progressista garante apoio \u00e0 pr\u00e9-candidatura de Rubens J\u00fanior"}]},{"@type":"WebSite","@id":"https:\/\/maranhaotv.com.br\/#website","url":"https:\/\/maranhaotv.com.br\/","name":"Maranh\u00e3oTV","description":"","publisher":{"@id":"https:\/\/maranhaotv.com.br\/#organization"},"potentialAction":[{"@type":"SearchAction","target":{"@type":"EntryPoint","urlTemplate":"https:\/\/maranhaotv.com.br\/?s={search_term_string}"},"query-input":{"@type":"PropertyValueSpecification","valueRequired":true,"valueName":"search_term_string"}}],"inLanguage":"pt-BR"},{"@type":"Organization","@id":"https:\/\/maranhaotv.com.br\/#organization","name":"Portal de Not\u00edcias","url":"https:\/\/maranhaotv.com.br\/","logo":{"@type":"ImageObject","inLanguage":"pt-BR","@id":"https:\/\/maranhaotv.com.br\/#\/schema\/logo\/image\/","url":"https:\/\/maranhaotv.com.br\/wp-content\/uploads\/2024\/05\/cropped-cropped-avatar-1.png","contentUrl":"https:\/\/maranhaotv.com.br\/wp-content\/uploads\/2024\/05\/cropped-cropped-avatar-1.png","width":792,"height":428,"caption":"Portal de Not\u00edcias"},"image":{"@id":"https:\/\/maranhaotv.com.br\/#\/schema\/logo\/image\/"},"sameAs":["https:\/\/www.facebook.com\/maiobaotv","https:\/\/x.com\/sitemaranhaotv","https:\/\/www.instagram.com\/maranhao.tv","https:\/\/www.threads.net\/@maranhao.tv"]},{"@type":"Person","@id":"https:\/\/maranhaotv.com.br\/#\/schema\/person\/3d54238e86b20bb5c89ab2fdb8f8829a","name":"maranhaotv","image":{"@type":"ImageObject","inLanguage":"pt-BR","@id":"https:\/\/secure.gravatar.com\/avatar\/8fadbca458d4cb68b1dd399ae9a40618d747bb1af65ac9fad21c89220a143eb4?s=96&d=mm&r=g","url":"https:\/\/secure.gravatar.com\/avatar\/8fadbca458d4cb68b1dd399ae9a40618d747bb1af65ac9fad21c89220a143eb4?s=96&d=mm&r=g","contentUrl":"https:\/\/secure.gravatar.com\/avatar\/8fadbca458d4cb68b1dd399ae9a40618d747bb1af65ac9fad21c89220a143eb4?s=96&d=mm&r=g","caption":"maranhaotv"},"sameAs":["https:\/\/maranhaotv.com.br\/"],"url":"https:\/\/maranhaotv.com.br\/index.php\/author\/maranhaotv\/"}]}},"jetpack_featured_media_url":"","jetpack_sharing_enabled":true,"_links":{"self":[{"href":"https:\/\/maranhaotv.com.br\/index.php\/wp-json\/wp\/v2\/posts\/9951","targetHints":{"allow":["GET"]}}],"collection":[{"href":"https:\/\/maranhaotv.com.br\/index.php\/wp-json\/wp\/v2\/posts"}],"about":[{"href":"https:\/\/maranhaotv.com.br\/index.php\/wp-json\/wp\/v2\/types\/post"}],"author":[{"embeddable":true,"href":"https:\/\/maranhaotv.com.br\/index.php\/wp-json\/wp\/v2\/users\/2"}],"replies":[{"embeddable":true,"href":"https:\/\/maranhaotv.com.br\/index.php\/wp-json\/wp\/v2\/comments?post=9951"}],"version-history":[{"count":0,"href":"https:\/\/maranhaotv.com.br\/index.php\/wp-json\/wp\/v2\/posts\/9951\/revisions"}],"wp:featuredmedia":[{"embeddable":true,"href":"https:\/\/maranhaotv.com.br\/index.php\/wp-json\/"}],"wp:attachment":[{"href":"https:\/\/maranhaotv.com.br\/index.php\/wp-json\/wp\/v2\/media?parent=9951"}],"wp:term":[{"taxonomy":"category","embeddable":true,"href":"https:\/\/maranhaotv.com.br\/index.php\/wp-json\/wp\/v2\/categories?post=9951"},{"taxonomy":"post_tag","embeddable":true,"href":"https:\/\/maranhaotv.com.br\/index.php\/wp-json\/wp\/v2\/tags?post=9951"}],"curies":[{"name":"wp","href":"https:\/\/api.w.org\/{rel}","templated":true}]}}