{"id":9955,"date":"2020-02-28T16:41:21","date_gmt":"2020-02-28T19:41:21","guid":{"rendered":"https:\/\/maiobaotv.com.br\/?p=9955"},"modified":"2020-02-28T16:41:21","modified_gmt":"2020-02-28T19:41:21","slug":"paco-do-lumiar-prefeita-paula-azevedo-fecha-parceria-com-o-governo-do-estado-para-construcao-da-ponte-do-itatuaba","status":"publish","type":"post","link":"https:\/\/maranhaotv.com.br\/index.php\/2020\/02\/28\/paco-do-lumiar-prefeita-paula-azevedo-fecha-parceria-com-o-governo-do-estado-para-construcao-da-ponte-do-itatuaba\/","title":{"rendered":"Pa\u00e7o do Lumiar: Prefeita Paula Azevedo fecha parceria com o Governo do Estado para constru\u00e7\u00e3o da Ponte do Itatuaba"},"content":{"rendered":"<p>Na tarde desta quinta-feira (27), a Prefeita em exerc\u00edcio de Pa\u00e7o do Lumiar, Paula Azevedo, esteve na comunidade Igua\u00edba, vistoriando as \u00e1reas atingidas pelas fortes chuvas no munic\u00edpio. A gestora estava acompanhada pelo Presidente da Ag\u00eancia Executiva Metropolitana (AGEM), L\u00edvio Correa, e pelo Secret\u00e1rio Municipal de Infraestrutura e Urbanismo (SEMIU), Walburg Neto. Durante a visita, foi firmada parceria para constru\u00e7\u00e3o da nova ponte do Itatuaba.<\/p>\n<p>A ponte ser\u00e1 constru\u00edda em concreto armado, com cinco a seis metros de largura, al\u00e9m de oito a nove metros de v\u00e3o livre. A obra deve come\u00e7ar nos pr\u00f3ximos meses.<\/p>\n<p>\u201cO pr\u00f3ximo passo agora \u00e9 encaminhar o projeto para a licita\u00e7\u00e3o e, logo ap\u00f3s, daremos in\u00edcio \u00e0 constru\u00e7\u00e3o da ponte. \u00c9 uma obra importante, que sem d\u00favidas vai beneficiar muito a popula\u00e7\u00e3o de Pa\u00e7o do Lumiar\u201d, pontuou o Presidente da AGEM, L\u00edvio Corr\u00eaa.<\/p>\n<p>Antonia que \u00e9 moradora do Igua\u00edba, comemorou a not\u00edcia da constru\u00e7\u00e3o da nova ponte. \u201cVai ser \u00f3timo pra gente que passa por aqui todos os dias. Hoje, atravessar o Rio Grande e chegar ao outro lado, na Rua das Flores, t\u00e1 bem dif\u00edcil. Mas agora a gente fica mais tranquilo, porque sabemos que com essa parceria a ponte vai sair e vai melhorar tudo pra gente. Agrade\u00e7o demais a prefeita Paula, por estar olhando para n\u00f3s, da zona rural\u201d, comentou a lavradora.<\/p>\n<p>A Prefeita Paula Azevedo reiterou que a parceria com o Governo do Estado tem ajudado a realizar melhorias no munic\u00edpio. &#8220;Nossa parceria com o governo segue firme e forte. Hoje, viemos olhar a gravidade da situa\u00e7\u00e3o e buscar solu\u00e7\u00f5es. Estamos em um per\u00edodo delicado, as chuvas t\u00eam castigado nosso munic\u00edpio, mas estamos com uma for\u00e7a tarefa atuando para amenizar os problemas e levar mais dignidade aos moradores\u201d, finalizou a Prefeita.<\/p>\n<p><img loading=\"lazy\" decoding=\"async\" src=\"https:\/\/maiobaotv.com.br\/wp-content\/uploads\/2020\/02\/IMG-20200228-WA0147.jpg\" class=\"wp-image-9954 alignnone size-full\" width=\"1280\" height=\"853\"><\/p>\n<p>Fotos: Diego Chaves<\/p>\n","protected":false},"excerpt":{"rendered":"<p>Na tarde desta quinta-feira (27), a Prefeita em exerc\u00edcio de Pa\u00e7o do Lumiar, Paula Azevedo, esteve na comunidade Igua\u00edba, vistoriando<\/p>\n","protected":false},"author":2,"featured_media":9956,"comment_status":"closed","ping_status":"closed","sticky":false,"template":"","format":"standard","meta":{"colormag_page_container_layout":"default_layout","colormag_page_sidebar_layout":"default_layout","_jetpack_memberships_contains_paid_content":false,"footnotes":""},"categories":[8],"tags":[],"class_list":["post-9955","post","type-post","status-publish","format-standard","has-post-thumbnail","hentry","category-servicos"],"magazineBlocksPostFeaturedMedia":{"thumbnail":false,"medium":false,"medium_large":false,"large":false,"1536x1536":false,"2048x2048":false,"colormag-highlighted-post":false,"colormag-featured-post-medium":false,"colormag-featured-post-small":false,"colormag-featured-image":false,"colormag-default-news":false,"colormag-featured-image-large":false},"magazineBlocksPostAuthor":{"name":"maranhaotv","avatar":"https:\/\/secure.gravatar.com\/avatar\/8fadbca458d4cb68b1dd399ae9a40618d747bb1af65ac9fad21c89220a143eb4?s=96&d=mm&r=g"},"magazineBlocksPostCommentsNumber":false,"magazineBlocksPostExcerpt":"Na tarde desta quinta-feira (27), a Prefeita em exerc\u00edcio de Pa\u00e7o do Lumiar, Paula Azevedo, esteve na comunidade Igua\u00edba, vistoriando","magazineBlocksPostCategories":["servi\u00e7os"],"magazineBlocksPostViewCount":150,"magazineBlocksPostReadTime":2,"magazine_blocks_featured_image_url":{"full":false,"medium":false,"thumbnail":false},"magazine_blocks_author":{"display_name":"maranhaotv","author_link":"https:\/\/maranhaotv.com.br\/index.php\/author\/maranhaotv\/"},"magazine_blocks_comment":0,"magazine_blocks_author_image":"https:\/\/secure.gravatar.com\/avatar\/8fadbca458d4cb68b1dd399ae9a40618d747bb1af65ac9fad21c89220a143eb4?s=96&d=mm&r=g","magazine_blocks_category":"<a href=\"#\" class=\"category-link category-link-8\">servi\u00e7os<\/a>","yoast_head":"<!-- This site is optimized with the Yoast SEO plugin v27.4 - https:\/\/yoast.com\/product\/yoast-seo-wordpress\/ -->\n<title>Pa\u00e7o do Lumiar: Prefeita Paula Azevedo fecha parceria com o Governo do Estado para constru\u00e7\u00e3o da Ponte do Itatuaba - NOT\u00cdCIAS EM TEMPO REAL<\/title>\n<meta name=\"robots\" content=\"index, follow, max-snippet:-1, max-image-preview:large, max-video-preview:-1\" \/>\n<link rel=\"canonical\" href=\"https:\/\/maranhaotv.com.br\/index.php\/2020\/02\/28\/paco-do-lumiar-prefeita-paula-azevedo-fecha-parceria-com-o-governo-do-estado-para-construcao-da-ponte-do-itatuaba\/\" \/>\n<meta property=\"og:locale\" content=\"pt_BR\" \/>\n<meta property=\"og:type\" content=\"article\" \/>\n<meta property=\"og:title\" content=\"Pa\u00e7o do Lumiar: Prefeita Paula Azevedo fecha parceria com o Governo do Estado para constru\u00e7\u00e3o da Ponte do Itatuaba - NOT\u00cdCIAS EM TEMPO REAL\" \/>\n<meta property=\"og:description\" content=\"Na tarde desta quinta-feira (27), a Prefeita em exerc\u00edcio de Pa\u00e7o do Lumiar, Paula Azevedo, esteve na comunidade Igua\u00edba, vistoriando\" \/>\n<meta property=\"og:url\" content=\"https:\/\/maranhaotv.com.br\/index.php\/2020\/02\/28\/paco-do-lumiar-prefeita-paula-azevedo-fecha-parceria-com-o-governo-do-estado-para-construcao-da-ponte-do-itatuaba\/\" \/>\n<meta property=\"og:site_name\" content=\"NOT\u00cdCIAS EM TEMPO REAL\" \/>\n<meta property=\"article:publisher\" content=\"https:\/\/www.facebook.com\/maiobaotv\" \/>\n<meta property=\"article:published_time\" content=\"2020-02-28T19:41:21+00:00\" \/>\n<meta name=\"author\" content=\"maranhaotv\" \/>\n<meta name=\"twitter:card\" content=\"summary_large_image\" \/>\n<meta name=\"twitter:creator\" content=\"@sitemaranhaotv\" \/>\n<meta name=\"twitter:site\" content=\"@sitemaranhaotv\" \/>\n<meta name=\"twitter:label1\" content=\"Escrito por\" \/>\n\t<meta name=\"twitter:data1\" content=\"maranhaotv\" \/>\n\t<meta name=\"twitter:label2\" content=\"Est. tempo de leitura\" \/>\n\t<meta name=\"twitter:data2\" content=\"2 minutos\" \/>\n<script type=\"application\/ld+json\" class=\"yoast-schema-graph\">{\"@context\":\"https:\\\/\\\/schema.org\",\"@graph\":[{\"@type\":\"Article\",\"@id\":\"https:\\\/\\\/maranhaotv.com.br\\\/index.php\\\/2020\\\/02\\\/28\\\/paco-do-lumiar-prefeita-paula-azevedo-fecha-parceria-com-o-governo-do-estado-para-construcao-da-ponte-do-itatuaba\\\/#article\",\"isPartOf\":{\"@id\":\"https:\\\/\\\/maranhaotv.com.br\\\/index.php\\\/2020\\\/02\\\/28\\\/paco-do-lumiar-prefeita-paula-azevedo-fecha-parceria-com-o-governo-do-estado-para-construcao-da-ponte-do-itatuaba\\\/\"},\"author\":{\"name\":\"maranhaotv\",\"@id\":\"https:\\\/\\\/maranhaotv.com.br\\\/#\\\/schema\\\/person\\\/3d54238e86b20bb5c89ab2fdb8f8829a\"},\"headline\":\"Pa\u00e7o do Lumiar: Prefeita Paula Azevedo fecha parceria com o Governo do Estado para constru\u00e7\u00e3o da Ponte do Itatuaba\",\"datePublished\":\"2020-02-28T19:41:21+00:00\",\"mainEntityOfPage\":{\"@id\":\"https:\\\/\\\/maranhaotv.com.br\\\/index.php\\\/2020\\\/02\\\/28\\\/paco-do-lumiar-prefeita-paula-azevedo-fecha-parceria-com-o-governo-do-estado-para-construcao-da-ponte-do-itatuaba\\\/\"},\"wordCount\":345,\"publisher\":{\"@id\":\"https:\\\/\\\/maranhaotv.com.br\\\/#organization\"},\"image\":{\"@id\":\"https:\\\/\\\/maranhaotv.com.br\\\/index.php\\\/2020\\\/02\\\/28\\\/paco-do-lumiar-prefeita-paula-azevedo-fecha-parceria-com-o-governo-do-estado-para-construcao-da-ponte-do-itatuaba\\\/#primaryimage\"},\"thumbnailUrl\":\"\",\"articleSection\":[\"servi\u00e7os\"],\"inLanguage\":\"pt-BR\"},{\"@type\":\"WebPage\",\"@id\":\"https:\\\/\\\/maranhaotv.com.br\\\/index.php\\\/2020\\\/02\\\/28\\\/paco-do-lumiar-prefeita-paula-azevedo-fecha-parceria-com-o-governo-do-estado-para-construcao-da-ponte-do-itatuaba\\\/\",\"url\":\"https:\\\/\\\/maranhaotv.com.br\\\/index.php\\\/2020\\\/02\\\/28\\\/paco-do-lumiar-prefeita-paula-azevedo-fecha-parceria-com-o-governo-do-estado-para-construcao-da-ponte-do-itatuaba\\\/\",\"name\":\"Pa\u00e7o do Lumiar: Prefeita Paula Azevedo fecha parceria com o Governo do Estado para constru\u00e7\u00e3o da Ponte do Itatuaba - NOT\u00cdCIAS EM TEMPO REAL\",\"isPartOf\":{\"@id\":\"https:\\\/\\\/maranhaotv.com.br\\\/#website\"},\"primaryImageOfPage\":{\"@id\":\"https:\\\/\\\/maranhaotv.com.br\\\/index.php\\\/2020\\\/02\\\/28\\\/paco-do-lumiar-prefeita-paula-azevedo-fecha-parceria-com-o-governo-do-estado-para-construcao-da-ponte-do-itatuaba\\\/#primaryimage\"},\"image\":{\"@id\":\"https:\\\/\\\/maranhaotv.com.br\\\/index.php\\\/2020\\\/02\\\/28\\\/paco-do-lumiar-prefeita-paula-azevedo-fecha-parceria-com-o-governo-do-estado-para-construcao-da-ponte-do-itatuaba\\\/#primaryimage\"},\"thumbnailUrl\":\"\",\"datePublished\":\"2020-02-28T19:41:21+00:00\",\"breadcrumb\":{\"@id\":\"https:\\\/\\\/maranhaotv.com.br\\\/index.php\\\/2020\\\/02\\\/28\\\/paco-do-lumiar-prefeita-paula-azevedo-fecha-parceria-com-o-governo-do-estado-para-construcao-da-ponte-do-itatuaba\\\/#breadcrumb\"},\"inLanguage\":\"pt-BR\",\"potentialAction\":[{\"@type\":\"ReadAction\",\"target\":[\"https:\\\/\\\/maranhaotv.com.br\\\/index.php\\\/2020\\\/02\\\/28\\\/paco-do-lumiar-prefeita-paula-azevedo-fecha-parceria-com-o-governo-do-estado-para-construcao-da-ponte-do-itatuaba\\\/\"]}]},{\"@type\":\"ImageObject\",\"inLanguage\":\"pt-BR\",\"@id\":\"https:\\\/\\\/maranhaotv.com.br\\\/index.php\\\/2020\\\/02\\\/28\\\/paco-do-lumiar-prefeita-paula-azevedo-fecha-parceria-com-o-governo-do-estado-para-construcao-da-ponte-do-itatuaba\\\/#primaryimage\",\"url\":\"\",\"contentUrl\":\"\"},{\"@type\":\"BreadcrumbList\",\"@id\":\"https:\\\/\\\/maranhaotv.com.br\\\/index.php\\\/2020\\\/02\\\/28\\\/paco-do-lumiar-prefeita-paula-azevedo-fecha-parceria-com-o-governo-do-estado-para-construcao-da-ponte-do-itatuaba\\\/#breadcrumb\",\"itemListElement\":[{\"@type\":\"ListItem\",\"position\":1,\"name\":\"In\u00edcio\",\"item\":\"https:\\\/\\\/maranhaotv.com.br\\\/\"},{\"@type\":\"ListItem\",\"position\":2,\"name\":\"Pa\u00e7o do Lumiar: Prefeita Paula Azevedo fecha parceria com o Governo do Estado para constru\u00e7\u00e3o da Ponte do Itatuaba\"}]},{\"@type\":\"WebSite\",\"@id\":\"https:\\\/\\\/maranhaotv.com.br\\\/#website\",\"url\":\"https:\\\/\\\/maranhaotv.com.br\\\/\",\"name\":\"Maranh\u00e3oTV\",\"description\":\"\",\"publisher\":{\"@id\":\"https:\\\/\\\/maranhaotv.com.br\\\/#organization\"},\"potentialAction\":[{\"@type\":\"SearchAction\",\"target\":{\"@type\":\"EntryPoint\",\"urlTemplate\":\"https:\\\/\\\/maranhaotv.com.br\\\/?s={search_term_string}\"},\"query-input\":{\"@type\":\"PropertyValueSpecification\",\"valueRequired\":true,\"valueName\":\"search_term_string\"}}],\"inLanguage\":\"pt-BR\"},{\"@type\":\"Organization\",\"@id\":\"https:\\\/\\\/maranhaotv.com.br\\\/#organization\",\"name\":\"Portal de Not\u00edcias\",\"url\":\"https:\\\/\\\/maranhaotv.com.br\\\/\",\"logo\":{\"@type\":\"ImageObject\",\"inLanguage\":\"pt-BR\",\"@id\":\"https:\\\/\\\/maranhaotv.com.br\\\/#\\\/schema\\\/logo\\\/image\\\/\",\"url\":\"https:\\\/\\\/maranhaotv.com.br\\\/wp-content\\\/uploads\\\/2024\\\/05\\\/cropped-cropped-avatar-1.png\",\"contentUrl\":\"https:\\\/\\\/maranhaotv.com.br\\\/wp-content\\\/uploads\\\/2024\\\/05\\\/cropped-cropped-avatar-1.png\",\"width\":792,\"height\":428,\"caption\":\"Portal de Not\u00edcias\"},\"image\":{\"@id\":\"https:\\\/\\\/maranhaotv.com.br\\\/#\\\/schema\\\/logo\\\/image\\\/\"},\"sameAs\":[\"https:\\\/\\\/www.facebook.com\\\/maiobaotv\",\"https:\\\/\\\/x.com\\\/sitemaranhaotv\",\"https:\\\/\\\/www.instagram.com\\\/maranhao.tv\",\"https:\\\/\\\/www.threads.net\\\/@maranhao.tv\"]},{\"@type\":\"Person\",\"@id\":\"https:\\\/\\\/maranhaotv.com.br\\\/#\\\/schema\\\/person\\\/3d54238e86b20bb5c89ab2fdb8f8829a\",\"name\":\"maranhaotv\",\"image\":{\"@type\":\"ImageObject\",\"inLanguage\":\"pt-BR\",\"@id\":\"https:\\\/\\\/secure.gravatar.com\\\/avatar\\\/8fadbca458d4cb68b1dd399ae9a40618d747bb1af65ac9fad21c89220a143eb4?s=96&d=mm&r=g\",\"url\":\"https:\\\/\\\/secure.gravatar.com\\\/avatar\\\/8fadbca458d4cb68b1dd399ae9a40618d747bb1af65ac9fad21c89220a143eb4?s=96&d=mm&r=g\",\"contentUrl\":\"https:\\\/\\\/secure.gravatar.com\\\/avatar\\\/8fadbca458d4cb68b1dd399ae9a40618d747bb1af65ac9fad21c89220a143eb4?s=96&d=mm&r=g\",\"caption\":\"maranhaotv\"},\"sameAs\":[\"https:\\\/\\\/maranhaotv.com.br\\\/\"],\"url\":\"https:\\\/\\\/maranhaotv.com.br\\\/index.php\\\/author\\\/maranhaotv\\\/\"}]}<\/script>\n<!-- \/ Yoast SEO plugin. -->","yoast_head_json":{"title":"Pa\u00e7o do Lumiar: Prefeita Paula Azevedo fecha parceria com o Governo do Estado para constru\u00e7\u00e3o da Ponte do Itatuaba - NOT\u00cdCIAS EM TEMPO REAL","robots":{"index":"index","follow":"follow","max-snippet":"max-snippet:-1","max-image-preview":"max-image-preview:large","max-video-preview":"max-video-preview:-1"},"canonical":"https:\/\/maranhaotv.com.br\/index.php\/2020\/02\/28\/paco-do-lumiar-prefeita-paula-azevedo-fecha-parceria-com-o-governo-do-estado-para-construcao-da-ponte-do-itatuaba\/","og_locale":"pt_BR","og_type":"article","og_title":"Pa\u00e7o do Lumiar: Prefeita Paula Azevedo fecha parceria com o Governo do Estado para constru\u00e7\u00e3o da Ponte do Itatuaba - NOT\u00cdCIAS EM TEMPO REAL","og_description":"Na tarde desta quinta-feira (27), a Prefeita em exerc\u00edcio de Pa\u00e7o do Lumiar, Paula Azevedo, esteve na comunidade Igua\u00edba, vistoriando","og_url":"https:\/\/maranhaotv.com.br\/index.php\/2020\/02\/28\/paco-do-lumiar-prefeita-paula-azevedo-fecha-parceria-com-o-governo-do-estado-para-construcao-da-ponte-do-itatuaba\/","og_site_name":"NOT\u00cdCIAS EM TEMPO REAL","article_publisher":"https:\/\/www.facebook.com\/maiobaotv","article_published_time":"2020-02-28T19:41:21+00:00","author":"maranhaotv","twitter_card":"summary_large_image","twitter_creator":"@sitemaranhaotv","twitter_site":"@sitemaranhaotv","twitter_misc":{"Escrito por":"maranhaotv","Est. tempo de leitura":"2 minutos"},"schema":{"@context":"https:\/\/schema.org","@graph":[{"@type":"Article","@id":"https:\/\/maranhaotv.com.br\/index.php\/2020\/02\/28\/paco-do-lumiar-prefeita-paula-azevedo-fecha-parceria-com-o-governo-do-estado-para-construcao-da-ponte-do-itatuaba\/#article","isPartOf":{"@id":"https:\/\/maranhaotv.com.br\/index.php\/2020\/02\/28\/paco-do-lumiar-prefeita-paula-azevedo-fecha-parceria-com-o-governo-do-estado-para-construcao-da-ponte-do-itatuaba\/"},"author":{"name":"maranhaotv","@id":"https:\/\/maranhaotv.com.br\/#\/schema\/person\/3d54238e86b20bb5c89ab2fdb8f8829a"},"headline":"Pa\u00e7o do Lumiar: Prefeita Paula Azevedo fecha parceria com o Governo do Estado para constru\u00e7\u00e3o da Ponte do Itatuaba","datePublished":"2020-02-28T19:41:21+00:00","mainEntityOfPage":{"@id":"https:\/\/maranhaotv.com.br\/index.php\/2020\/02\/28\/paco-do-lumiar-prefeita-paula-azevedo-fecha-parceria-com-o-governo-do-estado-para-construcao-da-ponte-do-itatuaba\/"},"wordCount":345,"publisher":{"@id":"https:\/\/maranhaotv.com.br\/#organization"},"image":{"@id":"https:\/\/maranhaotv.com.br\/index.php\/2020\/02\/28\/paco-do-lumiar-prefeita-paula-azevedo-fecha-parceria-com-o-governo-do-estado-para-construcao-da-ponte-do-itatuaba\/#primaryimage"},"thumbnailUrl":"","articleSection":["servi\u00e7os"],"inLanguage":"pt-BR"},{"@type":"WebPage","@id":"https:\/\/maranhaotv.com.br\/index.php\/2020\/02\/28\/paco-do-lumiar-prefeita-paula-azevedo-fecha-parceria-com-o-governo-do-estado-para-construcao-da-ponte-do-itatuaba\/","url":"https:\/\/maranhaotv.com.br\/index.php\/2020\/02\/28\/paco-do-lumiar-prefeita-paula-azevedo-fecha-parceria-com-o-governo-do-estado-para-construcao-da-ponte-do-itatuaba\/","name":"Pa\u00e7o do Lumiar: Prefeita Paula Azevedo fecha parceria com o Governo do Estado para constru\u00e7\u00e3o da Ponte do Itatuaba - NOT\u00cdCIAS EM TEMPO REAL","isPartOf":{"@id":"https:\/\/maranhaotv.com.br\/#website"},"primaryImageOfPage":{"@id":"https:\/\/maranhaotv.com.br\/index.php\/2020\/02\/28\/paco-do-lumiar-prefeita-paula-azevedo-fecha-parceria-com-o-governo-do-estado-para-construcao-da-ponte-do-itatuaba\/#primaryimage"},"image":{"@id":"https:\/\/maranhaotv.com.br\/index.php\/2020\/02\/28\/paco-do-lumiar-prefeita-paula-azevedo-fecha-parceria-com-o-governo-do-estado-para-construcao-da-ponte-do-itatuaba\/#primaryimage"},"thumbnailUrl":"","datePublished":"2020-02-28T19:41:21+00:00","breadcrumb":{"@id":"https:\/\/maranhaotv.com.br\/index.php\/2020\/02\/28\/paco-do-lumiar-prefeita-paula-azevedo-fecha-parceria-com-o-governo-do-estado-para-construcao-da-ponte-do-itatuaba\/#breadcrumb"},"inLanguage":"pt-BR","potentialAction":[{"@type":"ReadAction","target":["https:\/\/maranhaotv.com.br\/index.php\/2020\/02\/28\/paco-do-lumiar-prefeita-paula-azevedo-fecha-parceria-com-o-governo-do-estado-para-construcao-da-ponte-do-itatuaba\/"]}]},{"@type":"ImageObject","inLanguage":"pt-BR","@id":"https:\/\/maranhaotv.com.br\/index.php\/2020\/02\/28\/paco-do-lumiar-prefeita-paula-azevedo-fecha-parceria-com-o-governo-do-estado-para-construcao-da-ponte-do-itatuaba\/#primaryimage","url":"","contentUrl":""},{"@type":"BreadcrumbList","@id":"https:\/\/maranhaotv.com.br\/index.php\/2020\/02\/28\/paco-do-lumiar-prefeita-paula-azevedo-fecha-parceria-com-o-governo-do-estado-para-construcao-da-ponte-do-itatuaba\/#breadcrumb","itemListElement":[{"@type":"ListItem","position":1,"name":"In\u00edcio","item":"https:\/\/maranhaotv.com.br\/"},{"@type":"ListItem","position":2,"name":"Pa\u00e7o do Lumiar: Prefeita Paula Azevedo fecha parceria com o Governo do Estado para constru\u00e7\u00e3o da Ponte do Itatuaba"}]},{"@type":"WebSite","@id":"https:\/\/maranhaotv.com.br\/#website","url":"https:\/\/maranhaotv.com.br\/","name":"Maranh\u00e3oTV","description":"","publisher":{"@id":"https:\/\/maranhaotv.com.br\/#organization"},"potentialAction":[{"@type":"SearchAction","target":{"@type":"EntryPoint","urlTemplate":"https:\/\/maranhaotv.com.br\/?s={search_term_string}"},"query-input":{"@type":"PropertyValueSpecification","valueRequired":true,"valueName":"search_term_string"}}],"inLanguage":"pt-BR"},{"@type":"Organization","@id":"https:\/\/maranhaotv.com.br\/#organization","name":"Portal de Not\u00edcias","url":"https:\/\/maranhaotv.com.br\/","logo":{"@type":"ImageObject","inLanguage":"pt-BR","@id":"https:\/\/maranhaotv.com.br\/#\/schema\/logo\/image\/","url":"https:\/\/maranhaotv.com.br\/wp-content\/uploads\/2024\/05\/cropped-cropped-avatar-1.png","contentUrl":"https:\/\/maranhaotv.com.br\/wp-content\/uploads\/2024\/05\/cropped-cropped-avatar-1.png","width":792,"height":428,"caption":"Portal de Not\u00edcias"},"image":{"@id":"https:\/\/maranhaotv.com.br\/#\/schema\/logo\/image\/"},"sameAs":["https:\/\/www.facebook.com\/maiobaotv","https:\/\/x.com\/sitemaranhaotv","https:\/\/www.instagram.com\/maranhao.tv","https:\/\/www.threads.net\/@maranhao.tv"]},{"@type":"Person","@id":"https:\/\/maranhaotv.com.br\/#\/schema\/person\/3d54238e86b20bb5c89ab2fdb8f8829a","name":"maranhaotv","image":{"@type":"ImageObject","inLanguage":"pt-BR","@id":"https:\/\/secure.gravatar.com\/avatar\/8fadbca458d4cb68b1dd399ae9a40618d747bb1af65ac9fad21c89220a143eb4?s=96&d=mm&r=g","url":"https:\/\/secure.gravatar.com\/avatar\/8fadbca458d4cb68b1dd399ae9a40618d747bb1af65ac9fad21c89220a143eb4?s=96&d=mm&r=g","contentUrl":"https:\/\/secure.gravatar.com\/avatar\/8fadbca458d4cb68b1dd399ae9a40618d747bb1af65ac9fad21c89220a143eb4?s=96&d=mm&r=g","caption":"maranhaotv"},"sameAs":["https:\/\/maranhaotv.com.br\/"],"url":"https:\/\/maranhaotv.com.br\/index.php\/author\/maranhaotv\/"}]}},"jetpack_featured_media_url":"","jetpack_sharing_enabled":true,"_links":{"self":[{"href":"https:\/\/maranhaotv.com.br\/index.php\/wp-json\/wp\/v2\/posts\/9955","targetHints":{"allow":["GET"]}}],"collection":[{"href":"https:\/\/maranhaotv.com.br\/index.php\/wp-json\/wp\/v2\/posts"}],"about":[{"href":"https:\/\/maranhaotv.com.br\/index.php\/wp-json\/wp\/v2\/types\/post"}],"author":[{"embeddable":true,"href":"https:\/\/maranhaotv.com.br\/index.php\/wp-json\/wp\/v2\/users\/2"}],"replies":[{"embeddable":true,"href":"https:\/\/maranhaotv.com.br\/index.php\/wp-json\/wp\/v2\/comments?post=9955"}],"version-history":[{"count":0,"href":"https:\/\/maranhaotv.com.br\/index.php\/wp-json\/wp\/v2\/posts\/9955\/revisions"}],"wp:featuredmedia":[{"embeddable":true,"href":"https:\/\/maranhaotv.com.br\/index.php\/wp-json\/"}],"wp:attachment":[{"href":"https:\/\/maranhaotv.com.br\/index.php\/wp-json\/wp\/v2\/media?parent=9955"}],"wp:term":[{"taxonomy":"category","embeddable":true,"href":"https:\/\/maranhaotv.com.br\/index.php\/wp-json\/wp\/v2\/categories?post=9955"},{"taxonomy":"post_tag","embeddable":true,"href":"https:\/\/maranhaotv.com.br\/index.php\/wp-json\/wp\/v2\/tags?post=9955"}],"curies":[{"name":"wp","href":"https:\/\/api.w.org\/{rel}","templated":true}]}}